{"id":43156,"date":"2021-11-28T14:51:11","date_gmt":"2021-11-28T13:51:11","guid":{"rendered":"https:\/\/exaudi.wpengine.com\/fallece-justo-aznar-fundador-del-observatorio-de-bioetica-de-la-ucv\/"},"modified":"2022-01-03T16:00:38","modified_gmt":"2022-01-03T15:00:38","slug":"fallece-justo-aznar-fundador-del-observatorio-de-bioetica-de-la-ucv","status":"publish","type":"post","link":"https:\/\/exaudi.org\/es\/fallece-justo-aznar-fundador-del-observatorio-de-bioetica-de-la-ucv\/","title":{"rendered":"Fallece Justo Aznar, fundador del Observatorio de Bio\u00e9tica de la UCV"},"content":{"rendered":"<p>Fallece <a href=\"https:\/\/exaudi.org\/es\/author\/justoaznar\/\" target=\"_blank\" rel=\"noopener\">Justo Aznar Lucea<\/a>, director del Observatorio de Bio\u00e9tica, colaborador de Exaudi, y fundador del Instituto de Ciencias de la Vida de la <a href=\"https:\/\/www.ucv.es\/\" target=\"_blank\" rel=\"noopener\">Universidad Cat\u00f3lica de Valencia (UCV)<\/a>, en Valencia, Espa\u00f1a, a los 84 a\u00f1os. El equipo de Exaudi agradece su valioso y constante apoyo y acompa\u00f1a en el sentimiento a su familia y allegados, DEP.<\/p>\n<p>A continuaci\u00f3n sigue la nota difundida hoy, 28 de noviembre de 2021, por la Universidad Cat\u00f3lica de Valencia (UCV).<\/p>\n<p>***<\/p>\n<p>Justo Aznar Lucea, director del Observatorio de Bio\u00e9tica y fundador del Instituto de Ciencias de la Vida de la Universidad Cat\u00f3lica de Valencia (UCV), ha fallecido en Valencia a los 84 a\u00f1os. Doctor en Medicina con Premio Extraordinario por la Universidad de Navarra, ha ocupado el primer sill\u00f3n de Bio\u00e9tica de la Comunidad Valenciana, creado por la Real Academia de Medicina.<\/p>\n<p>Su labor cient\u00edfica e investigadora ha sido reconocida con la concesi\u00f3n de distintos premios como el \u201cAlberto Sols\u201d, a la mejor labor de investigaci\u00f3n en Ciencias de la Salud en 1998, el premio \u201cSantiago Grisol\u00eda\u201d, a la mejor labor de investigaci\u00f3n, en junio de 2006 el premio \u201cSalud y Sociedad\u201d a la mejor \u201cTrayectoria Profesional\u201d de la Comunidad Valenciana otorgado por la Conselleria de Sanidad de la Generalitat de esa Comunidad Aut\u00f3noma o el premio a la \u201cTrayectoria Profesional\u201d concedido por el Colegio de M\u00e9dicos de Valencia en 2013.<\/p>\n<p>Aznar ha sido jefe del Departamento de Biopatolog\u00eda Cl\u00ednica del Hospital Universitario La Fe de Valencia desde 1974 hasta su jubilaci\u00f3n en julio de 2006. Ha publicado m\u00e1s de 500 trabajos de investigaci\u00f3n en el \u00e1rea biom\u00e9dica, de ellos alrededor de 300 en revistas de alto nivel cient\u00edfico. En esta misma \u00e1rea ha dirigido 20 tesis doctorales y publicado 30 cap\u00edtulos de libros. En la disciplina bio\u00e9tica ha publicado 58 trabajos de investigaci\u00f3n y 4 tesis bio\u00e9ticas.<\/p>\n<p>Tras su jubilaci\u00f3n puso en marcha el Observatorio de Bio\u00e9tica, dentro del Instituto Ciencias de la Vida, que cre\u00f3 y dirigi\u00f3 desde los inicios de la UCV, y que se ha convertido en centro bio\u00e9tico de investigaci\u00f3n y difusi\u00f3n cient\u00edfica en el entorno de las ciencias de la vida.<\/p>\n<h4><strong style=\"font-style: inherit\">Humanismo cristiano y excelencia cient\u00edfica<\/strong><\/h4>\n<p>El doctor Aznar es tambi\u00e9n muy reconocido tambi\u00e9n por su incansable defensa de la vida, impulsando y presidiendo algunas iniciativas para tal fin, como la Federaci\u00f3n Espa\u00f1ola de Asociaciones Provida -de la que fue presidente durante 21 a\u00f1os, desde 1977 hasta 1998- o la Asociaci\u00f3n Valenciana para la Defensa de la Vida, que tambi\u00e9n dirigi\u00f3 durante 33 a\u00f1os, desde 1979 hasta 2012. Adem\u00e1s, ha sido miembro de la subcomisi\u00f3n de Familia y Vida de la Conferencia Episcopal Espa\u00f1ola y desde 2005 es miembro correspondiente de la Pontificia Academia para la Vida.<\/p>\n<p>En una \u00e9poca en la que se est\u00e1n dando tantos avances en la medicina y en ciencias afines, pero en la que se plantean sucesivos y grav\u00edsimos problemas \u00e9ticos como las c\u00e9lulas madre, la maternidad subrogada, la congelaci\u00f3n de ovocitos o la eutanasia, Aznar ha puesto su rigor y excelencia cient\u00edfica al servicio de la verdad y la dignidad del hombre. Sin duda, su inigualable trayectoria es un baluarte, un faro para tantos investigadores que constata los frutos que dan la fe y la raz\u00f3n caminando juntas.<\/p>\n<p>La Universidad Cat\u00f3lica de Valencia manifiesta su profundo dolor y condolencias a su familia y un profundo agradecimiento a Justo Aznar, referente en su b\u00fasqueda constante de la verdad con una calidad humana extraordinaria, que deja un vac\u00edo en la comunidad universitaria.<\/p>\n<p>El funeral por su eterno descanso ser\u00e1 ma\u00f1ana lunes 29 de noviembre a las 12:00 horas en la parroquia de San Jos\u00e9 Mar\u00eda (San Clemente,14. Valencia).<\/p>\n","protected":false},"excerpt":{"rendered":"<p>Prestigioso m\u00e9dico, referente de la biopatolog\u00eda cl\u00ednica y la bio\u00e9tica<\/p>\n","protected":false},"author":87,"featured_media":43157,"comment_status":"open","ping_status":"open","sticky":false,"template":"","format":"standard","meta":{"_acf_changed":false,"_crdt_document":"","inline_featured_image":false,"footnotes":""},"categories":[74,98,298],"tags":[734,630],"class_list":["post-43156","post","type-post","status-publish","format-standard","has-post-thumbnail","hentry","category-iglesia-y-mundo","category-testimonios","category-ultimas-noticias","tag-doctor-justo-aznar","tag-observatorio-de-bioetica-de-la-universidad-catolica-de-valencia"],"acf":[],"yoast_head":"<!-- This site is optimized with the Yoast SEO plugin v27.4 - https:\/\/yoast.com\/product\/yoast-seo-wordpress\/ -->\n<title>Fallece Justo Aznar, fundador del Observatorio de Bio\u00e9tica de la UCV &#8211; Exaudi<\/title>\n<meta name=\"description\" content=\"Fallece Justo Aznar Lucea, director del Observatorio de Bio\u00e9tica, colaborador de Exaudi, en Valencia, Espa\u00f1a, a los 84 a\u00f1os\" \/>\n<meta name=\"robots\" content=\"index, follow, max-snippet:-1, max-image-preview:large, max-video-preview:-1\" \/>\n<link rel=\"canonical\" href=\"https:\/\/exaudi.org\/es\/fallece-justo-aznar-fundador-del-observatorio-de-bioetica-de-la-ucv\/\" \/>\n<meta property=\"og:locale\" content=\"es_ES\" \/>\n<meta property=\"og:type\" content=\"article\" \/>\n<meta property=\"og:title\" content=\"Fallece Justo Aznar, fundador del Observatorio de Bio\u00e9tica de la UCV &#8211; Exaudi\" \/>\n<meta property=\"og:description\" content=\"Fallece Justo Aznar Lucea, director del Observatorio de Bio\u00e9tica, colaborador de Exaudi, en Valencia, Espa\u00f1a, a los 84 a\u00f1os\" \/>\n<meta property=\"og:url\" content=\"https:\/\/exaudi.org\/es\/fallece-justo-aznar-fundador-del-observatorio-de-bioetica-de-la-ucv\/\" \/>\n<meta property=\"og:site_name\" content=\"Exaudi\" \/>\n<meta property=\"article:publisher\" content=\"https:\/\/www.facebook.com\/ExaudiNews\" \/>\n<meta property=\"article:author\" content=\"https:\/\/www.facebook.com\/observatoriodebioetica\/\" \/>\n<meta property=\"article:published_time\" content=\"2021-11-28T13:51:11+00:00\" \/>\n<meta property=\"article:modified_time\" content=\"2022-01-03T15:00:38+00:00\" \/>\n<meta property=\"og:image\" content=\"https:\/\/exaudi.org\/wp-content\/uploads\/2021\/11\/Justo-Aznar-Universidad-Catolica-de-Valencia.jpg\" \/>\n\t<meta property=\"og:image:width\" content=\"700\" \/>\n\t<meta property=\"og:image:height\" content=\"450\" \/>\n\t<meta property=\"og:image:type\" content=\"image\/jpeg\" \/>\n<meta name=\"author\" content=\"Observatorio de Bio\u00e9tica UCV\" \/>\n<meta name=\"twitter:card\" content=\"summary_large_image\" \/>\n<meta name=\"twitter:creator\" content=\"@obioetica\" \/>\n<meta name=\"twitter:site\" content=\"@Exaudi_News\" \/>\n<meta name=\"twitter:label1\" content=\"Escrito por\" \/>\n\t<meta name=\"twitter:data1\" content=\"Observatorio de Bio\u00e9tica UCV\" \/>\n\t<meta name=\"twitter:label2\" content=\"Tiempo de lectura\" \/>\n\t<meta name=\"twitter:data2\" content=\"3 minutos\" \/>\n<script type=\"application\/ld+json\" class=\"yoast-schema-graph\">{\"@context\":\"https:\\\/\\\/schema.org\",\"@graph\":[{\"@type\":\"Article\",\"@id\":\"https:\\\/\\\/exaudi.org\\\/es\\\/fallece-justo-aznar-fundador-del-observatorio-de-bioetica-de-la-ucv\\\/#article\",\"isPartOf\":{\"@id\":\"https:\\\/\\\/exaudi.org\\\/es\\\/fallece-justo-aznar-fundador-del-observatorio-de-bioetica-de-la-ucv\\\/\"},\"author\":{\"name\":\"Observatorio de Bio\u00e9tica UCV\",\"@id\":\"https:\\\/\\\/exaudi.org\\\/#\\\/schema\\\/person\\\/05d1c06e56ecb5490e9bff0d27026595\"},\"headline\":\"Fallece Justo Aznar, fundador del Observatorio de Bio\u00e9tica de la UCV\",\"datePublished\":\"2021-11-28T13:51:11+00:00\",\"dateModified\":\"2022-01-03T15:00:38+00:00\",\"mainEntityOfPage\":{\"@id\":\"https:\\\/\\\/exaudi.org\\\/es\\\/fallece-justo-aznar-fundador-del-observatorio-de-bioetica-de-la-ucv\\\/\"},\"wordCount\":650,\"commentCount\":0,\"image\":{\"@id\":\"https:\\\/\\\/exaudi.org\\\/es\\\/fallece-justo-aznar-fundador-del-observatorio-de-bioetica-de-la-ucv\\\/#primaryimage\"},\"thumbnailUrl\":\"https:\\\/\\\/exaudi.org\\\/wp-content\\\/uploads\\\/2021\\\/11\\\/Justo-Aznar-Universidad-Catolica-de-Valencia.jpg\",\"keywords\":[\"Doctor Justo Aznar\",\"Observatorio de Bio\u00e9tica de la Universidad Cat\u00f3lica de Valencia\"],\"articleSection\":[\"Iglesia y Mundo\",\"Testimonios\",\"\u00daltimas noticias\"],\"inLanguage\":\"es\",\"potentialAction\":[{\"@type\":\"CommentAction\",\"name\":\"Comment\",\"target\":[\"https:\\\/\\\/exaudi.org\\\/es\\\/fallece-justo-aznar-fundador-del-observatorio-de-bioetica-de-la-ucv\\\/#respond\"]}]},{\"@type\":\"WebPage\",\"@id\":\"https:\\\/\\\/exaudi.org\\\/es\\\/fallece-justo-aznar-fundador-del-observatorio-de-bioetica-de-la-ucv\\\/\",\"url\":\"https:\\\/\\\/exaudi.org\\\/es\\\/fallece-justo-aznar-fundador-del-observatorio-de-bioetica-de-la-ucv\\\/\",\"name\":\"Fallece Justo Aznar, fundador del Observatorio de Bio\u00e9tica de la UCV &#8211; Exaudi\",\"isPartOf\":{\"@id\":\"https:\\\/\\\/exaudi.org\\\/#website\"},\"primaryImageOfPage\":{\"@id\":\"https:\\\/\\\/exaudi.org\\\/es\\\/fallece-justo-aznar-fundador-del-observatorio-de-bioetica-de-la-ucv\\\/#primaryimage\"},\"image\":{\"@id\":\"https:\\\/\\\/exaudi.org\\\/es\\\/fallece-justo-aznar-fundador-del-observatorio-de-bioetica-de-la-ucv\\\/#primaryimage\"},\"thumbnailUrl\":\"https:\\\/\\\/exaudi.org\\\/wp-content\\\/uploads\\\/2021\\\/11\\\/Justo-Aznar-Universidad-Catolica-de-Valencia.jpg\",\"datePublished\":\"2021-11-28T13:51:11+00:00\",\"dateModified\":\"2022-01-03T15:00:38+00:00\",\"author\":{\"@id\":\"https:\\\/\\\/exaudi.org\\\/#\\\/schema\\\/person\\\/05d1c06e56ecb5490e9bff0d27026595\"},\"description\":\"Fallece Justo Aznar Lucea, director del Observatorio de Bio\u00e9tica, colaborador de Exaudi, en Valencia, Espa\u00f1a, a los 84 a\u00f1os\",\"breadcrumb\":{\"@id\":\"https:\\\/\\\/exaudi.org\\\/es\\\/fallece-justo-aznar-fundador-del-observatorio-de-bioetica-de-la-ucv\\\/#breadcrumb\"},\"inLanguage\":\"es\",\"potentialAction\":[{\"@type\":\"ReadAction\",\"target\":[\"https:\\\/\\\/exaudi.org\\\/es\\\/fallece-justo-aznar-fundador-del-observatorio-de-bioetica-de-la-ucv\\\/\"]}]},{\"@type\":\"ImageObject\",\"inLanguage\":\"es\",\"@id\":\"https:\\\/\\\/exaudi.org\\\/es\\\/fallece-justo-aznar-fundador-del-observatorio-de-bioetica-de-la-ucv\\\/#primaryimage\",\"url\":\"https:\\\/\\\/exaudi.org\\\/wp-content\\\/uploads\\\/2021\\\/11\\\/Justo-Aznar-Universidad-Catolica-de-Valencia.jpg\",\"contentUrl\":\"https:\\\/\\\/exaudi.org\\\/wp-content\\\/uploads\\\/2021\\\/11\\\/Justo-Aznar-Universidad-Catolica-de-Valencia.jpg\",\"width\":700,\"height\":450,\"caption\":\"Justo Aznar \u00a9 Universidad Cat\u00f3lica de Valencia\"},{\"@type\":\"BreadcrumbList\",\"@id\":\"https:\\\/\\\/exaudi.org\\\/es\\\/fallece-justo-aznar-fundador-del-observatorio-de-bioetica-de-la-ucv\\\/#breadcrumb\",\"itemListElement\":[{\"@type\":\"ListItem\",\"position\":1,\"name\":\"Portada\",\"item\":\"https:\\\/\\\/exaudi.org\\\/es\\\/\"},{\"@type\":\"ListItem\",\"position\":2,\"name\":\"Fallece Justo Aznar, fundador del Observatorio de Bio\u00e9tica de la UCV\"}]},{\"@type\":\"WebSite\",\"@id\":\"https:\\\/\\\/exaudi.org\\\/#website\",\"url\":\"https:\\\/\\\/exaudi.org\\\/\",\"name\":\"Exaudi\",\"description\":\"News\",\"potentialAction\":[{\"@type\":\"SearchAction\",\"target\":{\"@type\":\"EntryPoint\",\"urlTemplate\":\"https:\\\/\\\/exaudi.org\\\/?s={search_term_string}\"},\"query-input\":{\"@type\":\"PropertyValueSpecification\",\"valueRequired\":true,\"valueName\":\"search_term_string\"}}],\"inLanguage\":\"es\"},{\"@type\":\"Person\",\"@id\":\"https:\\\/\\\/exaudi.org\\\/#\\\/schema\\\/person\\\/05d1c06e56ecb5490e9bff0d27026595\",\"name\":\"Observatorio de Bio\u00e9tica UCV\",\"image\":{\"@type\":\"ImageObject\",\"inLanguage\":\"es\",\"@id\":\"https:\\\/\\\/secure.gravatar.com\\\/avatar\\\/086563f59595a89fb0851de25d712a03657b1cdfa8af3c9cd0a1ee122fc5d596?s=96&d=mm&r=g\",\"url\":\"https:\\\/\\\/secure.gravatar.com\\\/avatar\\\/086563f59595a89fb0851de25d712a03657b1cdfa8af3c9cd0a1ee122fc5d596?s=96&d=mm&r=g\",\"contentUrl\":\"https:\\\/\\\/secure.gravatar.com\\\/avatar\\\/086563f59595a89fb0851de25d712a03657b1cdfa8af3c9cd0a1ee122fc5d596?s=96&d=mm&r=g\",\"caption\":\"Observatorio de Bio\u00e9tica UCV\"},\"description\":\"El Observatorio de Bio\u00e9tica se encuentra dentro del Instituto Ciencias de la vida de la Universidad Cat\u00f3lica de Valencia \u201cSan Vicente M\u00e1rtir\u201d . En el trasfondo de sus publicaciones, se defiende la vida humana desde la fecundaci\u00f3n a la muerte natural y la dignidad de la persona, teniendo como objetivo aunar esfuerzos para difundir la cultura de la vida como la define la Evangelium Vitae.\",\"sameAs\":[\"https:\\\/\\\/www.observatoriobioetica.org\\\/\",\"https:\\\/\\\/www.facebook.com\\\/observatoriodebioetica\\\/\",\"https:\\\/\\\/x.com\\\/obioetica\",\"https:\\\/\\\/www.youtube.com\\\/channel\\\/UC_Tr4WS5-TXoNo5e1MdQc7w\"],\"url\":\"https:\\\/\\\/exaudi.org\\\/es\\\/author\\\/observatoriodebioeticaucv\\\/\"}]}<\/script>\n<!-- \/ Yoast SEO plugin. -->","yoast_head_json":{"title":"Fallece Justo Aznar, fundador del Observatorio de Bio\u00e9tica de la UCV &#8211; Exaudi","description":"Fallece Justo Aznar Lucea, director del Observatorio de Bio\u00e9tica, colaborador de Exaudi, en Valencia, Espa\u00f1a, a los 84 a\u00f1os","robots":{"index":"index","follow":"follow","max-snippet":"max-snippet:-1","max-image-preview":"max-image-preview:large","max-video-preview":"max-video-preview:-1"},"canonical":"https:\/\/exaudi.org\/es\/fallece-justo-aznar-fundador-del-observatorio-de-bioetica-de-la-ucv\/","og_locale":"es_ES","og_type":"article","og_title":"Fallece Justo Aznar, fundador del Observatorio de Bio\u00e9tica de la UCV &#8211; Exaudi","og_description":"Fallece Justo Aznar Lucea, director del Observatorio de Bio\u00e9tica, colaborador de Exaudi, en Valencia, Espa\u00f1a, a los 84 a\u00f1os","og_url":"https:\/\/exaudi.org\/es\/fallece-justo-aznar-fundador-del-observatorio-de-bioetica-de-la-ucv\/","og_site_name":"Exaudi","article_publisher":"https:\/\/www.facebook.com\/ExaudiNews","article_author":"https:\/\/www.facebook.com\/observatoriodebioetica\/","article_published_time":"2021-11-28T13:51:11+00:00","article_modified_time":"2022-01-03T15:00:38+00:00","og_image":[{"width":700,"height":450,"url":"https:\/\/exaudi.org\/wp-content\/uploads\/2021\/11\/Justo-Aznar-Universidad-Catolica-de-Valencia.jpg","type":"image\/jpeg"}],"author":"Observatorio de Bio\u00e9tica UCV","twitter_card":"summary_large_image","twitter_creator":"@obioetica","twitter_site":"@Exaudi_News","twitter_misc":{"Escrito por":"Observatorio de Bio\u00e9tica UCV","Tiempo de lectura":"3 minutos"},"schema":{"@context":"https:\/\/schema.org","@graph":[{"@type":"Article","@id":"https:\/\/exaudi.org\/es\/fallece-justo-aznar-fundador-del-observatorio-de-bioetica-de-la-ucv\/#article","isPartOf":{"@id":"https:\/\/exaudi.org\/es\/fallece-justo-aznar-fundador-del-observatorio-de-bioetica-de-la-ucv\/"},"author":{"name":"Observatorio de Bio\u00e9tica UCV","@id":"https:\/\/exaudi.org\/#\/schema\/person\/05d1c06e56ecb5490e9bff0d27026595"},"headline":"Fallece Justo Aznar, fundador del Observatorio de Bio\u00e9tica de la UCV","datePublished":"2021-11-28T13:51:11+00:00","dateModified":"2022-01-03T15:00:38+00:00","mainEntityOfPage":{"@id":"https:\/\/exaudi.org\/es\/fallece-justo-aznar-fundador-del-observatorio-de-bioetica-de-la-ucv\/"},"wordCount":650,"commentCount":0,"image":{"@id":"https:\/\/exaudi.org\/es\/fallece-justo-aznar-fundador-del-observatorio-de-bioetica-de-la-ucv\/#primaryimage"},"thumbnailUrl":"https:\/\/exaudi.org\/wp-content\/uploads\/2021\/11\/Justo-Aznar-Universidad-Catolica-de-Valencia.jpg","keywords":["Doctor Justo Aznar","Observatorio de Bio\u00e9tica de la Universidad Cat\u00f3lica de Valencia"],"articleSection":["Iglesia y Mundo","Testimonios","\u00daltimas noticias"],"inLanguage":"es","potentialAction":[{"@type":"CommentAction","name":"Comment","target":["https:\/\/exaudi.org\/es\/fallece-justo-aznar-fundador-del-observatorio-de-bioetica-de-la-ucv\/#respond"]}]},{"@type":"WebPage","@id":"https:\/\/exaudi.org\/es\/fallece-justo-aznar-fundador-del-observatorio-de-bioetica-de-la-ucv\/","url":"https:\/\/exaudi.org\/es\/fallece-justo-aznar-fundador-del-observatorio-de-bioetica-de-la-ucv\/","name":"Fallece Justo Aznar, fundador del Observatorio de Bio\u00e9tica de la UCV &#8211; Exaudi","isPartOf":{"@id":"https:\/\/exaudi.org\/#website"},"primaryImageOfPage":{"@id":"https:\/\/exaudi.org\/es\/fallece-justo-aznar-fundador-del-observatorio-de-bioetica-de-la-ucv\/#primaryimage"},"image":{"@id":"https:\/\/exaudi.org\/es\/fallece-justo-aznar-fundador-del-observatorio-de-bioetica-de-la-ucv\/#primaryimage"},"thumbnailUrl":"https:\/\/exaudi.org\/wp-content\/uploads\/2021\/11\/Justo-Aznar-Universidad-Catolica-de-Valencia.jpg","datePublished":"2021-11-28T13:51:11+00:00","dateModified":"2022-01-03T15:00:38+00:00","author":{"@id":"https:\/\/exaudi.org\/#\/schema\/person\/05d1c06e56ecb5490e9bff0d27026595"},"description":"Fallece Justo Aznar Lucea, director del Observatorio de Bio\u00e9tica, colaborador de Exaudi, en Valencia, Espa\u00f1a, a los 84 a\u00f1os","breadcrumb":{"@id":"https:\/\/exaudi.org\/es\/fallece-justo-aznar-fundador-del-observatorio-de-bioetica-de-la-ucv\/#breadcrumb"},"inLanguage":"es","potentialAction":[{"@type":"ReadAction","target":["https:\/\/exaudi.org\/es\/fallece-justo-aznar-fundador-del-observatorio-de-bioetica-de-la-ucv\/"]}]},{"@type":"ImageObject","inLanguage":"es","@id":"https:\/\/exaudi.org\/es\/fallece-justo-aznar-fundador-del-observatorio-de-bioetica-de-la-ucv\/#primaryimage","url":"https:\/\/exaudi.org\/wp-content\/uploads\/2021\/11\/Justo-Aznar-Universidad-Catolica-de-Valencia.jpg","contentUrl":"https:\/\/exaudi.org\/wp-content\/uploads\/2021\/11\/Justo-Aznar-Universidad-Catolica-de-Valencia.jpg","width":700,"height":450,"caption":"Justo Aznar \u00a9 Universidad Cat\u00f3lica de Valencia"},{"@type":"BreadcrumbList","@id":"https:\/\/exaudi.org\/es\/fallece-justo-aznar-fundador-del-observatorio-de-bioetica-de-la-ucv\/#breadcrumb","itemListElement":[{"@type":"ListItem","position":1,"name":"Portada","item":"https:\/\/exaudi.org\/es\/"},{"@type":"ListItem","position":2,"name":"Fallece Justo Aznar, fundador del Observatorio de Bio\u00e9tica de la UCV"}]},{"@type":"WebSite","@id":"https:\/\/exaudi.org\/#website","url":"https:\/\/exaudi.org\/","name":"Exaudi","description":"News","potentialAction":[{"@type":"SearchAction","target":{"@type":"EntryPoint","urlTemplate":"https:\/\/exaudi.org\/?s={search_term_string}"},"query-input":{"@type":"PropertyValueSpecification","valueRequired":true,"valueName":"search_term_string"}}],"inLanguage":"es"},{"@type":"Person","@id":"https:\/\/exaudi.org\/#\/schema\/person\/05d1c06e56ecb5490e9bff0d27026595","name":"Observatorio de Bio\u00e9tica UCV","image":{"@type":"ImageObject","inLanguage":"es","@id":"https:\/\/secure.gravatar.com\/avatar\/086563f59595a89fb0851de25d712a03657b1cdfa8af3c9cd0a1ee122fc5d596?s=96&d=mm&r=g","url":"https:\/\/secure.gravatar.com\/avatar\/086563f59595a89fb0851de25d712a03657b1cdfa8af3c9cd0a1ee122fc5d596?s=96&d=mm&r=g","contentUrl":"https:\/\/secure.gravatar.com\/avatar\/086563f59595a89fb0851de25d712a03657b1cdfa8af3c9cd0a1ee122fc5d596?s=96&d=mm&r=g","caption":"Observatorio de Bio\u00e9tica UCV"},"description":"El Observatorio de Bio\u00e9tica se encuentra dentro del Instituto Ciencias de la vida de la Universidad Cat\u00f3lica de Valencia \u201cSan Vicente M\u00e1rtir\u201d . En el trasfondo de sus publicaciones, se defiende la vida humana desde la fecundaci\u00f3n a la muerte natural y la dignidad de la persona, teniendo como objetivo aunar esfuerzos para difundir la cultura de la vida como la define la Evangelium Vitae.","sameAs":["https:\/\/www.observatoriobioetica.org\/","https:\/\/www.facebook.com\/observatoriodebioetica\/","https:\/\/x.com\/obioetica","https:\/\/www.youtube.com\/channel\/UC_Tr4WS5-TXoNo5e1MdQc7w"],"url":"https:\/\/exaudi.org\/es\/author\/observatoriodebioeticaucv\/"}]}},"jetpack_featured_media_url":"https:\/\/exaudi.org\/wp-content\/uploads\/2021\/11\/Justo-Aznar-Universidad-Catolica-de-Valencia.jpg","jetpack_shortlink":"https:\/\/wp.me\/pgKjF2-be4","_links":{"self":[{"href":"https:\/\/exaudi.org\/es\/wp-json\/wp\/v2\/posts\/43156","targetHints":{"allow":["GET"]}}],"collection":[{"href":"https:\/\/exaudi.org\/es\/wp-json\/wp\/v2\/posts"}],"about":[{"href":"https:\/\/exaudi.org\/es\/wp-json\/wp\/v2\/types\/post"}],"author":[{"embeddable":true,"href":"https:\/\/exaudi.org\/es\/wp-json\/wp\/v2\/users\/87"}],"replies":[{"embeddable":true,"href":"https:\/\/exaudi.org\/es\/wp-json\/wp\/v2\/comments?post=43156"}],"version-history":[{"count":0,"href":"https:\/\/exaudi.org\/es\/wp-json\/wp\/v2\/posts\/43156\/revisions"}],"wp:featuredmedia":[{"embeddable":true,"href":"https:\/\/exaudi.org\/es\/wp-json\/wp\/v2\/media\/43157"}],"wp:attachment":[{"href":"https:\/\/exaudi.org\/es\/wp-json\/wp\/v2\/media?parent=43156"}],"wp:term":[{"taxonomy":"category","embeddable":true,"href":"https:\/\/exaudi.org\/es\/wp-json\/wp\/v2\/categories?post=43156"},{"taxonomy":"post_tag","embeddable":true,"href":"https:\/\/exaudi.org\/es\/wp-json\/wp\/v2\/tags?post=43156"}],"curies":[{"name":"wp","href":"https:\/\/api.w.org\/{rel}","templated":true}]}}