{"id":43144,"date":"2021-11-28T11:02:55","date_gmt":"2021-11-28T10:02:55","guid":{"rendered":"https:\/\/exaudi.wpengine.com\/mensaje-del-papa-por-la-95a-reunion-de-las-semanas-sociales-de-francia\/"},"modified":"2021-11-28T11:02:55","modified_gmt":"2021-11-28T10:02:55","slug":"mensaje-del-papa-por-la-95a-reunion-de-las-semanas-sociales-de-francia","status":"publish","type":"post","link":"https:\/\/exaudi.org\/es\/mensaje-del-papa-por-la-95a-reunion-de-las-semanas-sociales-de-francia\/","title":{"rendered":"Mensaje del Papa por la 95\u00aa reuni\u00f3n de las \u201cSemanas Sociales de Francia\u201d"},"content":{"rendered":"<p>Mensaje del Santo Padre Francisco &#8211; firmado por el Cardenal Pietro Parolin, Secretario de Estado &#8211; con motivo de la 95\u00aa reuni\u00f3n de las \u201cSemanas Sociales de Francia\u201d, que tendr\u00e1 lugar en Versalles del 26 al 28 de noviembre de 2021, con el tema: <em>Atr\u00e9vete a so\u00f1ar con el futuro. Cuida a las personas y la tierra:<\/em><\/p>\n<p>***<\/p>\n<h4><strong>Mensaje del Papa<\/strong><\/h4>\n<p><em>Sra. Dominique Quinio:<\/em><\/p>\n<p>Al inaugurar hoy su reuni\u00f3n anual de las Semanas Sociales de 2021, Su Santidad el Papa Francisco se complace en unirse a usted en pensamiento y oraci\u00f3n, as\u00ed como a todos los participantes que se unir\u00e1n a las reflexiones y debates que tendr\u00e1n lugar en los pr\u00f3ximos tres d\u00edas.<\/p>\n<p>Este a\u00f1o has elegido el tema:\u00a0\u00a0<em>Atr\u00e9vete a so\u00f1ar con el futuro.\u00a0Cuida a las personas y la tierra<\/em>.\u00a0A los so\u00f1adores a veces se les critica por no afrontar el grosor de lo real, y de hecho es un riesgo del que debemos tener cuidado.<\/p>\n<p>Pero no debemos tener miedo de so\u00f1ar, especialmente si este sue\u00f1o se comparte y se lleva a cabo juntos.\u00a0Como muy bien lo expres\u00f3 Dom Helder Camara, \u201ccuando uno sue\u00f1a solo, es s\u00f3lo un sue\u00f1o;\u00a0pero cuando so\u00f1amos juntos, es el comienzo de una nueva realidad\u201d.<\/p>\n<p>Perm\u00edtanme, por tanto, compartir con ustedes los sue\u00f1os que el Santo Padre expres\u00f3 en su Exhortaci\u00f3n Apost\u00f3lica <a href=\"https:\/\/www.vatican.va\/content\/francesco\/es\/apost_exhortations\/documents\/papa-francesco_esortazione-ap_20200202_querida-amazonia.html\" target=\"_blank\" rel=\"noopener\"><em>Querida amazonia<\/em><\/a>, y que se aplican igualmente bien al contexto de su encuentro anual. Debemos so\u00f1ar con una sociedad que \u201cluche por los derechos de los m\u00e1s pobres, (\u2026) donde se escuche su voz y se promueva su dignidad\u201d; so\u00f1ar con una sociedad \u201cque conserva esta riqueza cultural que la distingue, donde la belleza humana brilla de diversas formas\u201d; so\u00f1ar con una sociedad que \u201cconserva celosamente la irresistible belleza natural que la decora, la vida desbordante que llena sus r\u00edos y sus bosques\u201d (<em>QA<\/em> 7);\u00a0so\u00f1ar finalmente con una sociedad que acoja el mensaje del Evangelio, es decir, \u201cel anuncio de un Dios que ama infinitamente a cada ser humano, que manifest\u00f3 plenamente este amor en Cristo crucificado por nosotros y resucitado en nuestras vidas\u201d (<em>QA<\/em> 64) .\u00a0Estos sue\u00f1os solo pueden hacerse realidad si se comparten.\u00a0Asimismo, el Santo Padre est\u00e1 encantado con los intercambios que van a vivir durante estos d\u00edas, ya que participan de esta \u201ccultura del encuentro\u201d, que \u00e9l pide.<\/p>\n<p>La pandemia, de alguna manera, ha acelerado la comprensi\u00f3n de que nuestros estilos de vida deben cambiar. Es urgente pensar en un futuro que inspire deseo, que d\u00e9 vida a la esperanza. Como cristianos, es esta hermosa virtud de la esperanza la que podemos llevar al mundo en estos tiempos decisivos para el futuro. Es \u201cuna sed, una aspiraci\u00f3n, un deseo de plenitud, de una vida exitosa, una voluntad de tocar lo que es grande, lo que llena el coraz\u00f3n y eleva la mente hacia grandes cosas, como la verdad, la bondad y la belleza, la justicia y amor. [\u2026] La esperanza es atrevida, sabe mirar m\u00e1s all\u00e1 de la comodidad personal, las peque\u00f1as seguridades y compensaciones que estrechan el horizonte, para abrirse a grandes ideales que hacen la vida m\u00e1s bella y m\u00e1s digna\u201c (<a href=\"https:\/\/www.vatican.va\/content\/francesco\/es\/encyclicals\/documents\/papa-francesco_20201003_enciclica-fratelli-tutti.html\" target=\"_blank\" rel=\"noopener\"><em>Fratelli tutti<\/em><\/a> 55).<\/p>\n<p>El Santo Padre pide al Se\u00f1or que abra sus corazones, ilumine sus mentes e inspire sus intercambios, para que puedan formular los caminos de esperanza que tanto necesita nuestro mundo;\u00a0que sus obras apoyen, defiendan y promuevan el cuidado de la creaci\u00f3n, de las personas m\u00e1s fr\u00e1giles, y el desarrollo integral de cada una, incluso en su dimensi\u00f3n espiritual fundamental.\u00a0El Papa Francisco conf\u00eda la fecundidad de su encuentro anual a la intercesi\u00f3n de la Virgen Mar\u00eda y le concede, se\u00f1ora Presidenta, y a todos los participantes, su bendici\u00f3n y la seguridad de su oraci\u00f3n.<\/p>\n<p>Cardenal Pietro Parolin<br \/>\n<em>Secretario de Estado de Su Santidad<\/em><\/p>\n<p><strong>\u00a9 Librer\u00eda Editora Vaticana<\/strong><\/p>\n","protected":false},"excerpt":{"rendered":"<p>\u201cAtr\u00e9vete a so\u00f1ar con el futuro. Cuida a las personas y la tierra\u201d<\/p>\n","protected":false},"author":15,"featured_media":43145,"comment_status":"open","ping_status":"open","sticky":false,"template":"","format":"standard","meta":{"_acf_changed":false,"_crdt_document":"","inline_featured_image":false,"footnotes":""},"categories":[68,118],"tags":[5040,5041,5042],"class_list":["post-43144","post","type-post","status-publish","format-standard","has-post-thumbnail","hentry","category-leon-xiv","category-mensajes","tag-atrevete-a-sonar-con-el-futuro","tag-cuida-a-las-personas-y-la-tierra","tag-semanas-sociales-francia"],"acf":[],"yoast_head":"<!-- This site is optimized with the Yoast SEO plugin v27.5 - https:\/\/yoast.com\/product\/yoast-seo-wordpress\/ -->\n<title>Mensaje del Papa por la 95\u00aa reuni\u00f3n de las \u201cSemanas Sociales de Francia\u201d &#8211; Exaudi<\/title>\n<meta name=\"robots\" content=\"index, follow, max-snippet:-1, max-image-preview:large, max-video-preview:-1\" \/>\n<link rel=\"canonical\" href=\"https:\/\/exaudi.org\/es\/mensaje-del-papa-por-la-95a-reunion-de-las-semanas-sociales-de-francia\/\" \/>\n<meta property=\"og:locale\" content=\"es_ES\" \/>\n<meta property=\"og:type\" content=\"article\" \/>\n<meta property=\"og:title\" content=\"Mensaje del Papa por la 95\u00aa reuni\u00f3n de las \u201cSemanas Sociales de Francia\u201d &#8211; Exaudi\" \/>\n<meta property=\"og:description\" content=\"\u201cAtr\u00e9vete a so\u00f1ar con el futuro. Cuida a las personas y la tierra\u201d\" \/>\n<meta property=\"og:url\" content=\"https:\/\/exaudi.org\/es\/mensaje-del-papa-por-la-95a-reunion-de-las-semanas-sociales-de-francia\/\" \/>\n<meta property=\"og:site_name\" content=\"Exaudi\" \/>\n<meta property=\"article:publisher\" content=\"https:\/\/www.facebook.com\/ExaudiNews\" \/>\n<meta property=\"article:author\" content=\"https:\/\/www.facebook.com\/ExaudiNoticias\/\" \/>\n<meta property=\"article:published_time\" content=\"2021-11-28T10:02:55+00:00\" \/>\n<meta property=\"og:image\" content=\"https:\/\/exaudi.org\/wp-content\/uploads\/2021\/11\/Semanas-Sociales-Francia.jpeg\" \/>\n\t<meta property=\"og:image:width\" content=\"1000\" \/>\n\t<meta property=\"og:image:height\" content=\"563\" \/>\n\t<meta property=\"og:image:type\" content=\"image\/jpeg\" \/>\n<meta name=\"author\" content=\"Exaudi Redacci\u00f3n\" \/>\n<meta name=\"twitter:card\" content=\"summary_large_image\" \/>\n<meta name=\"twitter:creator\" content=\"@Exaudi_noticias\" \/>\n<meta name=\"twitter:site\" content=\"@Exaudi_News\" \/>\n<meta name=\"twitter:label1\" content=\"Escrito por\" \/>\n\t<meta name=\"twitter:data1\" content=\"Exaudi Redacci\u00f3n\" \/>\n\t<meta name=\"twitter:label2\" content=\"Tiempo de lectura\" \/>\n\t<meta name=\"twitter:data2\" content=\"3 minutos\" \/>\n<script type=\"application\/ld+json\" class=\"yoast-schema-graph\">{\"@context\":\"https:\\\/\\\/schema.org\",\"@graph\":[{\"@type\":\"Article\",\"@id\":\"https:\\\/\\\/exaudi.org\\\/es\\\/mensaje-del-papa-por-la-95a-reunion-de-las-semanas-sociales-de-francia\\\/#article\",\"isPartOf\":{\"@id\":\"https:\\\/\\\/exaudi.org\\\/es\\\/mensaje-del-papa-por-la-95a-reunion-de-las-semanas-sociales-de-francia\\\/\"},\"author\":{\"name\":\"Exaudi Redacci\u00f3n\",\"@id\":\"https:\\\/\\\/exaudi.org\\\/#\\\/schema\\\/person\\\/f5fc8f063065e38742da7afe15f25df7\"},\"headline\":\"Mensaje del Papa por la 95\u00aa reuni\u00f3n de las \u201cSemanas Sociales de Francia\u201d\",\"datePublished\":\"2021-11-28T10:02:55+00:00\",\"mainEntityOfPage\":{\"@id\":\"https:\\\/\\\/exaudi.org\\\/es\\\/mensaje-del-papa-por-la-95a-reunion-de-las-semanas-sociales-de-francia\\\/\"},\"wordCount\":682,\"commentCount\":0,\"image\":{\"@id\":\"https:\\\/\\\/exaudi.org\\\/es\\\/mensaje-del-papa-por-la-95a-reunion-de-las-semanas-sociales-de-francia\\\/#primaryimage\"},\"thumbnailUrl\":\"https:\\\/\\\/exaudi.org\\\/wp-content\\\/uploads\\\/2021\\\/11\\\/Semanas-Sociales-Francia.jpeg\",\"keywords\":[\"Atr\u00e9vete a so\u00f1ar con el futuro\",\"Cuida a las personas y la tierra\",\"Semanas sociales Francia\"],\"articleSection\":[\"Le\u00f3n XIV\",\"Mensajes\"],\"inLanguage\":\"es\",\"potentialAction\":[{\"@type\":\"CommentAction\",\"name\":\"Comment\",\"target\":[\"https:\\\/\\\/exaudi.org\\\/es\\\/mensaje-del-papa-por-la-95a-reunion-de-las-semanas-sociales-de-francia\\\/#respond\"]}]},{\"@type\":\"WebPage\",\"@id\":\"https:\\\/\\\/exaudi.org\\\/es\\\/mensaje-del-papa-por-la-95a-reunion-de-las-semanas-sociales-de-francia\\\/\",\"url\":\"https:\\\/\\\/exaudi.org\\\/es\\\/mensaje-del-papa-por-la-95a-reunion-de-las-semanas-sociales-de-francia\\\/\",\"name\":\"Mensaje del Papa por la 95\u00aa reuni\u00f3n de las \u201cSemanas Sociales de Francia\u201d &#8211; Exaudi\",\"isPartOf\":{\"@id\":\"https:\\\/\\\/exaudi.org\\\/#website\"},\"primaryImageOfPage\":{\"@id\":\"https:\\\/\\\/exaudi.org\\\/es\\\/mensaje-del-papa-por-la-95a-reunion-de-las-semanas-sociales-de-francia\\\/#primaryimage\"},\"image\":{\"@id\":\"https:\\\/\\\/exaudi.org\\\/es\\\/mensaje-del-papa-por-la-95a-reunion-de-las-semanas-sociales-de-francia\\\/#primaryimage\"},\"thumbnailUrl\":\"https:\\\/\\\/exaudi.org\\\/wp-content\\\/uploads\\\/2021\\\/11\\\/Semanas-Sociales-Francia.jpeg\",\"datePublished\":\"2021-11-28T10:02:55+00:00\",\"author\":{\"@id\":\"https:\\\/\\\/exaudi.org\\\/#\\\/schema\\\/person\\\/f5fc8f063065e38742da7afe15f25df7\"},\"breadcrumb\":{\"@id\":\"https:\\\/\\\/exaudi.org\\\/es\\\/mensaje-del-papa-por-la-95a-reunion-de-las-semanas-sociales-de-francia\\\/#breadcrumb\"},\"inLanguage\":\"es\",\"potentialAction\":[{\"@type\":\"ReadAction\",\"target\":[\"https:\\\/\\\/exaudi.org\\\/es\\\/mensaje-del-papa-por-la-95a-reunion-de-las-semanas-sociales-de-francia\\\/\"]}]},{\"@type\":\"ImageObject\",\"inLanguage\":\"es\",\"@id\":\"https:\\\/\\\/exaudi.org\\\/es\\\/mensaje-del-papa-por-la-95a-reunion-de-las-semanas-sociales-de-francia\\\/#primaryimage\",\"url\":\"https:\\\/\\\/exaudi.org\\\/wp-content\\\/uploads\\\/2021\\\/11\\\/Semanas-Sociales-Francia.jpeg\",\"contentUrl\":\"https:\\\/\\\/exaudi.org\\\/wp-content\\\/uploads\\\/2021\\\/11\\\/Semanas-Sociales-Francia.jpeg\",\"width\":1000,\"height\":563,\"caption\":\"Semanas Sociales Francia \u00a9 Vatican Media\"},{\"@type\":\"BreadcrumbList\",\"@id\":\"https:\\\/\\\/exaudi.org\\\/es\\\/mensaje-del-papa-por-la-95a-reunion-de-las-semanas-sociales-de-francia\\\/#breadcrumb\",\"itemListElement\":[{\"@type\":\"ListItem\",\"position\":1,\"name\":\"Portada\",\"item\":\"https:\\\/\\\/exaudi.org\\\/es\\\/\"},{\"@type\":\"ListItem\",\"position\":2,\"name\":\"Mensaje del Papa por la 95\u00aa reuni\u00f3n de las \u201cSemanas Sociales de Francia\u201d\"}]},{\"@type\":\"WebSite\",\"@id\":\"https:\\\/\\\/exaudi.org\\\/#website\",\"url\":\"https:\\\/\\\/exaudi.org\\\/\",\"name\":\"Exaudi\",\"description\":\"News\",\"potentialAction\":[{\"@type\":\"SearchAction\",\"target\":{\"@type\":\"EntryPoint\",\"urlTemplate\":\"https:\\\/\\\/exaudi.org\\\/?s={search_term_string}\"},\"query-input\":{\"@type\":\"PropertyValueSpecification\",\"valueRequired\":true,\"valueName\":\"search_term_string\"}}],\"inLanguage\":\"es\"},{\"@type\":\"Person\",\"@id\":\"https:\\\/\\\/exaudi.org\\\/#\\\/schema\\\/person\\\/f5fc8f063065e38742da7afe15f25df7\",\"name\":\"Exaudi Redacci\u00f3n\",\"image\":{\"@type\":\"ImageObject\",\"inLanguage\":\"es\",\"@id\":\"https:\\\/\\\/secure.gravatar.com\\\/avatar\\\/fe0f6a059fb68d9b3e11bc5850dd4899b1c7492091a3cb6dd9b01b56ad828be2?s=96&d=mm&r=g\",\"url\":\"https:\\\/\\\/secure.gravatar.com\\\/avatar\\\/fe0f6a059fb68d9b3e11bc5850dd4899b1c7492091a3cb6dd9b01b56ad828be2?s=96&d=mm&r=g\",\"contentUrl\":\"https:\\\/\\\/secure.gravatar.com\\\/avatar\\\/fe0f6a059fb68d9b3e11bc5850dd4899b1c7492091a3cb6dd9b01b56ad828be2?s=96&d=mm&r=g\",\"caption\":\"Exaudi Redacci\u00f3n\"},\"description\":\"\u00bfQu\u00e9 es Exaudi News? Exaudi News es un medio de comunicaci\u00f3n cat\u00f3lico internacional que informa, forma y transforma, diariamente en espa\u00f1ol, ingl\u00e9s e italiano. A trav\u00e9s de noticias, art\u00edculos de an\u00e1lisis y transmisiones en directo de los eventos del Papa, Exaudi busca fortalecer la unidad de los cristianos y contribuir a la evangelizaci\u00f3n del mundo, siempre guiados por la doctrina social de la Iglesia. Trabajamos para acercar la verdad y los valores cristianos a cada rinc\u00f3n del planeta. \u00a1Ay\u00fadanos a transformar el mundo con Exaudi! En Exaudi creemos que la evangelizaci\u00f3n y la informaci\u00f3n de calidad pueden cambiar vidas. Para continuar con nuestra misi\u00f3n y expandir nuestro alcance, necesitamos tu ayuda. Adem\u00e1s, buscamos personas comprometidas que deseen unirse a nuestro equipo. Con tu apoyo, lograremos llegar a m\u00e1s personas, difundir el mensaje de Cristo y reforzar la unidad de los cristianos. \u00bfTe unes a nuestra misi\u00f3n? Para m\u00e1s informaci\u00f3n sobre c\u00f3mo colaborar, visita Exaudi.org\\\/es o cont\u00e1ctanos directamente: info@exaudi.org Exaudi: Informa, forma y transforma.\",\"sameAs\":[\"https:\\\/\\\/www.facebook.com\\\/ExaudiNoticias\\\/\",\"https:\\\/\\\/www.instagram.com\\\/exaudi_noticias\\\/\",\"https:\\\/\\\/x.com\\\/Exaudi_noticias\",\"https:\\\/\\\/www.youtube.com\\\/@exaudicatholicnews\"],\"url\":\"https:\\\/\\\/exaudi.org\\\/es\\\/author\\\/redaccionexaudi\\\/\"}]}<\/script>\n<!-- \/ Yoast SEO plugin. -->","yoast_head_json":{"title":"Mensaje del Papa por la 95\u00aa reuni\u00f3n de las \u201cSemanas Sociales de Francia\u201d &#8211; Exaudi","robots":{"index":"index","follow":"follow","max-snippet":"max-snippet:-1","max-image-preview":"max-image-preview:large","max-video-preview":"max-video-preview:-1"},"canonical":"https:\/\/exaudi.org\/es\/mensaje-del-papa-por-la-95a-reunion-de-las-semanas-sociales-de-francia\/","og_locale":"es_ES","og_type":"article","og_title":"Mensaje del Papa por la 95\u00aa reuni\u00f3n de las \u201cSemanas Sociales de Francia\u201d &#8211; Exaudi","og_description":"\u201cAtr\u00e9vete a so\u00f1ar con el futuro. Cuida a las personas y la tierra\u201d","og_url":"https:\/\/exaudi.org\/es\/mensaje-del-papa-por-la-95a-reunion-de-las-semanas-sociales-de-francia\/","og_site_name":"Exaudi","article_publisher":"https:\/\/www.facebook.com\/ExaudiNews","article_author":"https:\/\/www.facebook.com\/ExaudiNoticias\/","article_published_time":"2021-11-28T10:02:55+00:00","og_image":[{"width":1000,"height":563,"url":"https:\/\/exaudi.org\/wp-content\/uploads\/2021\/11\/Semanas-Sociales-Francia.jpeg","type":"image\/jpeg"}],"author":"Exaudi Redacci\u00f3n","twitter_card":"summary_large_image","twitter_creator":"@Exaudi_noticias","twitter_site":"@Exaudi_News","twitter_misc":{"Escrito por":"Exaudi Redacci\u00f3n","Tiempo de lectura":"3 minutos"},"schema":{"@context":"https:\/\/schema.org","@graph":[{"@type":"Article","@id":"https:\/\/exaudi.org\/es\/mensaje-del-papa-por-la-95a-reunion-de-las-semanas-sociales-de-francia\/#article","isPartOf":{"@id":"https:\/\/exaudi.org\/es\/mensaje-del-papa-por-la-95a-reunion-de-las-semanas-sociales-de-francia\/"},"author":{"name":"Exaudi Redacci\u00f3n","@id":"https:\/\/exaudi.org\/#\/schema\/person\/f5fc8f063065e38742da7afe15f25df7"},"headline":"Mensaje del Papa por la 95\u00aa reuni\u00f3n de las \u201cSemanas Sociales de Francia\u201d","datePublished":"2021-11-28T10:02:55+00:00","mainEntityOfPage":{"@id":"https:\/\/exaudi.org\/es\/mensaje-del-papa-por-la-95a-reunion-de-las-semanas-sociales-de-francia\/"},"wordCount":682,"commentCount":0,"image":{"@id":"https:\/\/exaudi.org\/es\/mensaje-del-papa-por-la-95a-reunion-de-las-semanas-sociales-de-francia\/#primaryimage"},"thumbnailUrl":"https:\/\/exaudi.org\/wp-content\/uploads\/2021\/11\/Semanas-Sociales-Francia.jpeg","keywords":["Atr\u00e9vete a so\u00f1ar con el futuro","Cuida a las personas y la tierra","Semanas sociales Francia"],"articleSection":["Le\u00f3n XIV","Mensajes"],"inLanguage":"es","potentialAction":[{"@type":"CommentAction","name":"Comment","target":["https:\/\/exaudi.org\/es\/mensaje-del-papa-por-la-95a-reunion-de-las-semanas-sociales-de-francia\/#respond"]}]},{"@type":"WebPage","@id":"https:\/\/exaudi.org\/es\/mensaje-del-papa-por-la-95a-reunion-de-las-semanas-sociales-de-francia\/","url":"https:\/\/exaudi.org\/es\/mensaje-del-papa-por-la-95a-reunion-de-las-semanas-sociales-de-francia\/","name":"Mensaje del Papa por la 95\u00aa reuni\u00f3n de las \u201cSemanas Sociales de Francia\u201d &#8211; Exaudi","isPartOf":{"@id":"https:\/\/exaudi.org\/#website"},"primaryImageOfPage":{"@id":"https:\/\/exaudi.org\/es\/mensaje-del-papa-por-la-95a-reunion-de-las-semanas-sociales-de-francia\/#primaryimage"},"image":{"@id":"https:\/\/exaudi.org\/es\/mensaje-del-papa-por-la-95a-reunion-de-las-semanas-sociales-de-francia\/#primaryimage"},"thumbnailUrl":"https:\/\/exaudi.org\/wp-content\/uploads\/2021\/11\/Semanas-Sociales-Francia.jpeg","datePublished":"2021-11-28T10:02:55+00:00","author":{"@id":"https:\/\/exaudi.org\/#\/schema\/person\/f5fc8f063065e38742da7afe15f25df7"},"breadcrumb":{"@id":"https:\/\/exaudi.org\/es\/mensaje-del-papa-por-la-95a-reunion-de-las-semanas-sociales-de-francia\/#breadcrumb"},"inLanguage":"es","potentialAction":[{"@type":"ReadAction","target":["https:\/\/exaudi.org\/es\/mensaje-del-papa-por-la-95a-reunion-de-las-semanas-sociales-de-francia\/"]}]},{"@type":"ImageObject","inLanguage":"es","@id":"https:\/\/exaudi.org\/es\/mensaje-del-papa-por-la-95a-reunion-de-las-semanas-sociales-de-francia\/#primaryimage","url":"https:\/\/exaudi.org\/wp-content\/uploads\/2021\/11\/Semanas-Sociales-Francia.jpeg","contentUrl":"https:\/\/exaudi.org\/wp-content\/uploads\/2021\/11\/Semanas-Sociales-Francia.jpeg","width":1000,"height":563,"caption":"Semanas Sociales Francia \u00a9 Vatican Media"},{"@type":"BreadcrumbList","@id":"https:\/\/exaudi.org\/es\/mensaje-del-papa-por-la-95a-reunion-de-las-semanas-sociales-de-francia\/#breadcrumb","itemListElement":[{"@type":"ListItem","position":1,"name":"Portada","item":"https:\/\/exaudi.org\/es\/"},{"@type":"ListItem","position":2,"name":"Mensaje del Papa por la 95\u00aa reuni\u00f3n de las \u201cSemanas Sociales de Francia\u201d"}]},{"@type":"WebSite","@id":"https:\/\/exaudi.org\/#website","url":"https:\/\/exaudi.org\/","name":"Exaudi","description":"News","potentialAction":[{"@type":"SearchAction","target":{"@type":"EntryPoint","urlTemplate":"https:\/\/exaudi.org\/?s={search_term_string}"},"query-input":{"@type":"PropertyValueSpecification","valueRequired":true,"valueName":"search_term_string"}}],"inLanguage":"es"},{"@type":"Person","@id":"https:\/\/exaudi.org\/#\/schema\/person\/f5fc8f063065e38742da7afe15f25df7","name":"Exaudi Redacci\u00f3n","image":{"@type":"ImageObject","inLanguage":"es","@id":"https:\/\/secure.gravatar.com\/avatar\/fe0f6a059fb68d9b3e11bc5850dd4899b1c7492091a3cb6dd9b01b56ad828be2?s=96&d=mm&r=g","url":"https:\/\/secure.gravatar.com\/avatar\/fe0f6a059fb68d9b3e11bc5850dd4899b1c7492091a3cb6dd9b01b56ad828be2?s=96&d=mm&r=g","contentUrl":"https:\/\/secure.gravatar.com\/avatar\/fe0f6a059fb68d9b3e11bc5850dd4899b1c7492091a3cb6dd9b01b56ad828be2?s=96&d=mm&r=g","caption":"Exaudi Redacci\u00f3n"},"description":"\u00bfQu\u00e9 es Exaudi News? Exaudi News es un medio de comunicaci\u00f3n cat\u00f3lico internacional que informa, forma y transforma, diariamente en espa\u00f1ol, ingl\u00e9s e italiano. A trav\u00e9s de noticias, art\u00edculos de an\u00e1lisis y transmisiones en directo de los eventos del Papa, Exaudi busca fortalecer la unidad de los cristianos y contribuir a la evangelizaci\u00f3n del mundo, siempre guiados por la doctrina social de la Iglesia. Trabajamos para acercar la verdad y los valores cristianos a cada rinc\u00f3n del planeta. \u00a1Ay\u00fadanos a transformar el mundo con Exaudi! En Exaudi creemos que la evangelizaci\u00f3n y la informaci\u00f3n de calidad pueden cambiar vidas. Para continuar con nuestra misi\u00f3n y expandir nuestro alcance, necesitamos tu ayuda. Adem\u00e1s, buscamos personas comprometidas que deseen unirse a nuestro equipo. Con tu apoyo, lograremos llegar a m\u00e1s personas, difundir el mensaje de Cristo y reforzar la unidad de los cristianos. \u00bfTe unes a nuestra misi\u00f3n? Para m\u00e1s informaci\u00f3n sobre c\u00f3mo colaborar, visita Exaudi.org\/es o cont\u00e1ctanos directamente: info@exaudi.org Exaudi: Informa, forma y transforma.","sameAs":["https:\/\/www.facebook.com\/ExaudiNoticias\/","https:\/\/www.instagram.com\/exaudi_noticias\/","https:\/\/x.com\/Exaudi_noticias","https:\/\/www.youtube.com\/@exaudicatholicnews"],"url":"https:\/\/exaudi.org\/es\/author\/redaccionexaudi\/"}]}},"jetpack_featured_media_url":"https:\/\/exaudi.org\/wp-content\/uploads\/2021\/11\/Semanas-Sociales-Francia.jpeg","jetpack_shortlink":"https:\/\/wp.me\/pgKjF2-bdS","_links":{"self":[{"href":"https:\/\/exaudi.org\/es\/wp-json\/wp\/v2\/posts\/43144","targetHints":{"allow":["GET"]}}],"collection":[{"href":"https:\/\/exaudi.org\/es\/wp-json\/wp\/v2\/posts"}],"about":[{"href":"https:\/\/exaudi.org\/es\/wp-json\/wp\/v2\/types\/post"}],"author":[{"embeddable":true,"href":"https:\/\/exaudi.org\/es\/wp-json\/wp\/v2\/users\/15"}],"replies":[{"embeddable":true,"href":"https:\/\/exaudi.org\/es\/wp-json\/wp\/v2\/comments?post=43144"}],"version-history":[{"count":0,"href":"https:\/\/exaudi.org\/es\/wp-json\/wp\/v2\/posts\/43144\/revisions"}],"wp:featuredmedia":[{"embeddable":true,"href":"https:\/\/exaudi.org\/es\/wp-json\/wp\/v2\/media\/43145"}],"wp:attachment":[{"href":"https:\/\/exaudi.org\/es\/wp-json\/wp\/v2\/media?parent=43144"}],"wp:term":[{"taxonomy":"category","embeddable":true,"href":"https:\/\/exaudi.org\/es\/wp-json\/wp\/v2\/categories?post=43144"},{"taxonomy":"post_tag","embeddable":true,"href":"https:\/\/exaudi.org\/es\/wp-json\/wp\/v2\/tags?post=43144"}],"curies":[{"name":"wp","href":"https:\/\/api.w.org\/{rel}","templated":true}]}}