{"id":43139,"date":"2021-11-27T17:31:48","date_gmt":"2021-11-27T16:31:48","guid":{"rendered":"https:\/\/exaudi.wpengine.com\/asamblea-eclesial-de-america-latina-12-desafios-pastorales\/"},"modified":"2022-02-07T11:35:59","modified_gmt":"2022-02-07T10:35:59","slug":"asamblea-eclesial-de-america-latina-12-desafios-pastorales","status":"publish","type":"post","link":"https:\/\/exaudi.org\/es\/asamblea-eclesial-de-america-latina-12-desafios-pastorales\/","title":{"rendered":"Asamblea Eclesial de Am\u00e9rica Latina: 12 desaf\u00edos pastorales"},"content":{"rendered":"<p>Estos son los 12 desaf\u00edos pastorales de la <a href=\"https:\/\/exaudi.org\/es\/asamblea-eclesial-de-america-latina-y-el-caribe-mensaje-final\/\" target=\"_blank\" rel=\"noopener\">Iglesia de Am\u00e9rica Latina y el Caribe<\/a>, como conclusi\u00f3n de la <a href=\"https:\/\/asambleaeclesial.lat\/\" target=\"_blank\" rel=\"noopener\">I Asamblea Eclesial de Am\u00e9rica Latina y el Caribe<\/a>, en curso desde el 21 hasta el 28 de noviembre de 2021.<\/p>\n<p>***<\/p>\n<ol>\n<li>Reconocer y valorar el protagonismo de los j\u00f3venes en la comunidad eclesial y en la sociedad como agentes de transformaci\u00f3n.<\/li>\n<li>Acompa\u00f1ar a las v\u00edctimas de las injusticias sociales y eclesiales con procesos de reconocimiento y reparaci\u00f3n.<\/li>\n<li>Impulsar la participaci\u00f3n activa de las mujeres en los ministerios, las instancias de gobierno, de discernimiento y decisi\u00f3n eclesial.<\/li>\n<li>Promover y defender la dignidad de la vida y de la persona humana desde su concepci\u00f3n hasta la muerte natural.<\/li>\n<li>Incrementar la formaci\u00f3n en la sinodalidad para erradicar el clericalismo.<\/li>\n<li>Promover la participaci\u00f3n de los laicos en espacios de transformaci\u00f3n cultural, pol\u00edtico, social y eclesial.<\/li>\n<li>Escuchar el clamor de los pobres, excluidos y descartados.<\/li>\n<li>Reformar los itinerarios\u00a0 formativos\u00a0 de\u00a0 los\u00a0 seminarios\u00a0 incluyendo tem\u00e1ticas como ecolog\u00eda integral, pueblos originarios, inculturaci\u00f3n e interculturalidad y pensamiento social de la Iglesia.<\/li>\n<li>Renovar, a la luz de la Palabra de Dios y el Vaticano II, nuestro concepto y experiencia de Iglesia Pueblo de Dios, en comuni\u00f3n con la riqueza de su ministerialidad, que evite el clericalismo y favorezca la conversi\u00f3n pastoral.<\/li>\n<li>Reafirmar y\u00a0 dar\u00a0 prioridad\u00a0 a\u00a0 una\u00a0 ecolog\u00eda\u00a0 integral\u00a0 en\u00a0 nuestras comunidades, a partir de los cuatro sue\u00f1os de Querida Amazon\u00eda.<\/li>\n<li>Propiciar el encuentro personal con Jesucristo encarnado en la realidad del continente.<\/li>\n<li>Acompa\u00f1ar a los pueblos originarios y afrodescendientes en la defensa de la vida, la tierra y las culturas.<\/li>\n<\/ol>\n","protected":false},"excerpt":{"rendered":"<p>Como conclusi\u00f3n de este evento in\u00e9dito<\/p>\n","protected":false},"author":15,"featured_media":43140,"comment_status":"open","ping_status":"open","sticky":false,"template":"","format":"standard","meta":{"_acf_changed":false,"_crdt_document":"","inline_featured_image":false,"footnotes":""},"categories":[84,86,74],"tags":[5039,252,2419],"class_list":["post-43139","post","type-post","status-publish","format-standard","has-post-thumbnail","hentry","category-eventos-internacionales","category-iglesia-local","category-iglesia-y-mundo","tag-12-desafios","tag-asamblea-eclesial-de-america-latina-y-el-caribe","tag-featured"],"acf":[],"yoast_head":"<!-- This site is optimized with the Yoast SEO plugin v27.5 - https:\/\/yoast.com\/product\/yoast-seo-wordpress\/ -->\n<title>Asamblea Eclesial de Am\u00e9rica Latina: 12 desaf\u00edos pastorales &#8211; Exaudi<\/title>\n<meta name=\"description\" content=\"Estos son los 12 desaf\u00edos pastorales de la Iglesia de Am\u00e9rica Latina y el Caribe, como conclusi\u00f3n de la I Asamblea Eclesial en la regi\u00f3n\" \/>\n<meta name=\"robots\" content=\"index, follow, max-snippet:-1, max-image-preview:large, max-video-preview:-1\" \/>\n<link rel=\"canonical\" href=\"https:\/\/exaudi.org\/es\/asamblea-eclesial-de-america-latina-12-desafios-pastorales\/\" \/>\n<meta property=\"og:locale\" content=\"es_ES\" \/>\n<meta property=\"og:type\" content=\"article\" \/>\n<meta property=\"og:title\" content=\"Asamblea Eclesial de Am\u00e9rica Latina: 12 desaf\u00edos pastorales &#8211; Exaudi\" \/>\n<meta property=\"og:description\" content=\"Estos son los 12 desaf\u00edos pastorales de la Iglesia de Am\u00e9rica Latina y el Caribe, como conclusi\u00f3n de la I Asamblea Eclesial en la regi\u00f3n\" \/>\n<meta property=\"og:url\" content=\"https:\/\/exaudi.org\/es\/asamblea-eclesial-de-america-latina-12-desafios-pastorales\/\" \/>\n<meta property=\"og:site_name\" content=\"Exaudi\" \/>\n<meta property=\"article:publisher\" content=\"https:\/\/www.facebook.com\/ExaudiNews\" \/>\n<meta property=\"article:author\" content=\"https:\/\/www.facebook.com\/ExaudiNoticias\/\" \/>\n<meta property=\"article:published_time\" content=\"2021-11-27T16:31:48+00:00\" \/>\n<meta property=\"article:modified_time\" content=\"2022-02-07T10:35:59+00:00\" \/>\n<meta property=\"og:image\" content=\"https:\/\/exaudi.org\/wp-content\/uploads\/2021\/11\/Asamblea-Eclesial-de-America-Latina-y-El-Caribe-2.jpg\" \/>\n\t<meta property=\"og:image:width\" content=\"2048\" \/>\n\t<meta property=\"og:image:height\" content=\"1365\" \/>\n\t<meta property=\"og:image:type\" content=\"image\/jpeg\" \/>\n<meta name=\"author\" content=\"Exaudi Redacci\u00f3n\" \/>\n<meta name=\"twitter:card\" content=\"summary_large_image\" \/>\n<meta name=\"twitter:creator\" content=\"@Exaudi_noticias\" \/>\n<meta name=\"twitter:site\" content=\"@Exaudi_News\" \/>\n<meta name=\"twitter:label1\" content=\"Escrito por\" \/>\n\t<meta name=\"twitter:data1\" content=\"Exaudi Redacci\u00f3n\" \/>\n\t<meta name=\"twitter:label2\" content=\"Tiempo de lectura\" \/>\n\t<meta name=\"twitter:data2\" content=\"2 minutos\" \/>\n<script type=\"application\/ld+json\" class=\"yoast-schema-graph\">{\"@context\":\"https:\\\/\\\/schema.org\",\"@graph\":[{\"@type\":\"Article\",\"@id\":\"https:\\\/\\\/exaudi.org\\\/es\\\/asamblea-eclesial-de-america-latina-12-desafios-pastorales\\\/#article\",\"isPartOf\":{\"@id\":\"https:\\\/\\\/exaudi.org\\\/es\\\/asamblea-eclesial-de-america-latina-12-desafios-pastorales\\\/\"},\"author\":{\"name\":\"Exaudi Redacci\u00f3n\",\"@id\":\"https:\\\/\\\/exaudi.org\\\/#\\\/schema\\\/person\\\/f5fc8f063065e38742da7afe15f25df7\"},\"headline\":\"Asamblea Eclesial de Am\u00e9rica Latina: 12 desaf\u00edos pastorales\",\"datePublished\":\"2021-11-27T16:31:48+00:00\",\"dateModified\":\"2022-02-07T10:35:59+00:00\",\"mainEntityOfPage\":{\"@id\":\"https:\\\/\\\/exaudi.org\\\/es\\\/asamblea-eclesial-de-america-latina-12-desafios-pastorales\\\/\"},\"wordCount\":291,\"commentCount\":1,\"image\":{\"@id\":\"https:\\\/\\\/exaudi.org\\\/es\\\/asamblea-eclesial-de-america-latina-12-desafios-pastorales\\\/#primaryimage\"},\"thumbnailUrl\":\"https:\\\/\\\/exaudi.org\\\/wp-content\\\/uploads\\\/2021\\\/11\\\/Asamblea-Eclesial-de-America-Latina-y-El-Caribe-2.jpg\",\"keywords\":[\"12 desaf\u00edos\",\"Asamblea Eclesial de Am\u00e9rica Latina y el Caribe\",\"Featured\"],\"articleSection\":[\"Eventos internacionales\",\"Iglesia Local\",\"Iglesia y Mundo\"],\"inLanguage\":\"es\",\"potentialAction\":[{\"@type\":\"CommentAction\",\"name\":\"Comment\",\"target\":[\"https:\\\/\\\/exaudi.org\\\/es\\\/asamblea-eclesial-de-america-latina-12-desafios-pastorales\\\/#respond\"]}]},{\"@type\":\"WebPage\",\"@id\":\"https:\\\/\\\/exaudi.org\\\/es\\\/asamblea-eclesial-de-america-latina-12-desafios-pastorales\\\/\",\"url\":\"https:\\\/\\\/exaudi.org\\\/es\\\/asamblea-eclesial-de-america-latina-12-desafios-pastorales\\\/\",\"name\":\"Asamblea Eclesial de Am\u00e9rica Latina: 12 desaf\u00edos pastorales &#8211; Exaudi\",\"isPartOf\":{\"@id\":\"https:\\\/\\\/exaudi.org\\\/#website\"},\"primaryImageOfPage\":{\"@id\":\"https:\\\/\\\/exaudi.org\\\/es\\\/asamblea-eclesial-de-america-latina-12-desafios-pastorales\\\/#primaryimage\"},\"image\":{\"@id\":\"https:\\\/\\\/exaudi.org\\\/es\\\/asamblea-eclesial-de-america-latina-12-desafios-pastorales\\\/#primaryimage\"},\"thumbnailUrl\":\"https:\\\/\\\/exaudi.org\\\/wp-content\\\/uploads\\\/2021\\\/11\\\/Asamblea-Eclesial-de-America-Latina-y-El-Caribe-2.jpg\",\"datePublished\":\"2021-11-27T16:31:48+00:00\",\"dateModified\":\"2022-02-07T10:35:59+00:00\",\"author\":{\"@id\":\"https:\\\/\\\/exaudi.org\\\/#\\\/schema\\\/person\\\/f5fc8f063065e38742da7afe15f25df7\"},\"description\":\"Estos son los 12 desaf\u00edos pastorales de la Iglesia de Am\u00e9rica Latina y el Caribe, como conclusi\u00f3n de la I Asamblea Eclesial en la regi\u00f3n\",\"breadcrumb\":{\"@id\":\"https:\\\/\\\/exaudi.org\\\/es\\\/asamblea-eclesial-de-america-latina-12-desafios-pastorales\\\/#breadcrumb\"},\"inLanguage\":\"es\",\"potentialAction\":[{\"@type\":\"ReadAction\",\"target\":[\"https:\\\/\\\/exaudi.org\\\/es\\\/asamblea-eclesial-de-america-latina-12-desafios-pastorales\\\/\"]}]},{\"@type\":\"ImageObject\",\"inLanguage\":\"es\",\"@id\":\"https:\\\/\\\/exaudi.org\\\/es\\\/asamblea-eclesial-de-america-latina-12-desafios-pastorales\\\/#primaryimage\",\"url\":\"https:\\\/\\\/exaudi.org\\\/wp-content\\\/uploads\\\/2021\\\/11\\\/Asamblea-Eclesial-de-America-Latina-y-El-Caribe-2.jpg\",\"contentUrl\":\"https:\\\/\\\/exaudi.org\\\/wp-content\\\/uploads\\\/2021\\\/11\\\/Asamblea-Eclesial-de-America-Latina-y-El-Caribe-2.jpg\",\"width\":2048,\"height\":1365,\"caption\":\"\u00a9 Asamblea Eclesial de Am\u00e9rica Latina y El Caribe\"},{\"@type\":\"BreadcrumbList\",\"@id\":\"https:\\\/\\\/exaudi.org\\\/es\\\/asamblea-eclesial-de-america-latina-12-desafios-pastorales\\\/#breadcrumb\",\"itemListElement\":[{\"@type\":\"ListItem\",\"position\":1,\"name\":\"Portada\",\"item\":\"https:\\\/\\\/exaudi.org\\\/es\\\/\"},{\"@type\":\"ListItem\",\"position\":2,\"name\":\"Asamblea Eclesial de Am\u00e9rica Latina: 12 desaf\u00edos pastorales\"}]},{\"@type\":\"WebSite\",\"@id\":\"https:\\\/\\\/exaudi.org\\\/#website\",\"url\":\"https:\\\/\\\/exaudi.org\\\/\",\"name\":\"Exaudi\",\"description\":\"News\",\"potentialAction\":[{\"@type\":\"SearchAction\",\"target\":{\"@type\":\"EntryPoint\",\"urlTemplate\":\"https:\\\/\\\/exaudi.org\\\/?s={search_term_string}\"},\"query-input\":{\"@type\":\"PropertyValueSpecification\",\"valueRequired\":true,\"valueName\":\"search_term_string\"}}],\"inLanguage\":\"es\"},{\"@type\":\"Person\",\"@id\":\"https:\\\/\\\/exaudi.org\\\/#\\\/schema\\\/person\\\/f5fc8f063065e38742da7afe15f25df7\",\"name\":\"Exaudi Redacci\u00f3n\",\"image\":{\"@type\":\"ImageObject\",\"inLanguage\":\"es\",\"@id\":\"https:\\\/\\\/secure.gravatar.com\\\/avatar\\\/fe0f6a059fb68d9b3e11bc5850dd4899b1c7492091a3cb6dd9b01b56ad828be2?s=96&d=mm&r=g\",\"url\":\"https:\\\/\\\/secure.gravatar.com\\\/avatar\\\/fe0f6a059fb68d9b3e11bc5850dd4899b1c7492091a3cb6dd9b01b56ad828be2?s=96&d=mm&r=g\",\"contentUrl\":\"https:\\\/\\\/secure.gravatar.com\\\/avatar\\\/fe0f6a059fb68d9b3e11bc5850dd4899b1c7492091a3cb6dd9b01b56ad828be2?s=96&d=mm&r=g\",\"caption\":\"Exaudi Redacci\u00f3n\"},\"description\":\"\u00bfQu\u00e9 es Exaudi News? Exaudi News es un medio de comunicaci\u00f3n cat\u00f3lico internacional que informa, forma y transforma, diariamente en espa\u00f1ol, ingl\u00e9s e italiano. A trav\u00e9s de noticias, art\u00edculos de an\u00e1lisis y transmisiones en directo de los eventos del Papa, Exaudi busca fortalecer la unidad de los cristianos y contribuir a la evangelizaci\u00f3n del mundo, siempre guiados por la doctrina social de la Iglesia. Trabajamos para acercar la verdad y los valores cristianos a cada rinc\u00f3n del planeta. \u00a1Ay\u00fadanos a transformar el mundo con Exaudi! En Exaudi creemos que la evangelizaci\u00f3n y la informaci\u00f3n de calidad pueden cambiar vidas. Para continuar con nuestra misi\u00f3n y expandir nuestro alcance, necesitamos tu ayuda. Adem\u00e1s, buscamos personas comprometidas que deseen unirse a nuestro equipo. Con tu apoyo, lograremos llegar a m\u00e1s personas, difundir el mensaje de Cristo y reforzar la unidad de los cristianos. \u00bfTe unes a nuestra misi\u00f3n? Para m\u00e1s informaci\u00f3n sobre c\u00f3mo colaborar, visita Exaudi.org\\\/es o cont\u00e1ctanos directamente: info@exaudi.org Exaudi: Informa, forma y transforma.\",\"sameAs\":[\"https:\\\/\\\/www.facebook.com\\\/ExaudiNoticias\\\/\",\"https:\\\/\\\/www.instagram.com\\\/exaudi_noticias\\\/\",\"https:\\\/\\\/x.com\\\/Exaudi_noticias\",\"https:\\\/\\\/www.youtube.com\\\/@exaudicatholicnews\"],\"url\":\"https:\\\/\\\/exaudi.org\\\/es\\\/author\\\/redaccionexaudi\\\/\"}]}<\/script>\n<!-- \/ Yoast SEO plugin. -->","yoast_head_json":{"title":"Asamblea Eclesial de Am\u00e9rica Latina: 12 desaf\u00edos pastorales &#8211; Exaudi","description":"Estos son los 12 desaf\u00edos pastorales de la Iglesia de Am\u00e9rica Latina y el Caribe, como conclusi\u00f3n de la I Asamblea Eclesial en la regi\u00f3n","robots":{"index":"index","follow":"follow","max-snippet":"max-snippet:-1","max-image-preview":"max-image-preview:large","max-video-preview":"max-video-preview:-1"},"canonical":"https:\/\/exaudi.org\/es\/asamblea-eclesial-de-america-latina-12-desafios-pastorales\/","og_locale":"es_ES","og_type":"article","og_title":"Asamblea Eclesial de Am\u00e9rica Latina: 12 desaf\u00edos pastorales &#8211; Exaudi","og_description":"Estos son los 12 desaf\u00edos pastorales de la Iglesia de Am\u00e9rica Latina y el Caribe, como conclusi\u00f3n de la I Asamblea Eclesial en la regi\u00f3n","og_url":"https:\/\/exaudi.org\/es\/asamblea-eclesial-de-america-latina-12-desafios-pastorales\/","og_site_name":"Exaudi","article_publisher":"https:\/\/www.facebook.com\/ExaudiNews","article_author":"https:\/\/www.facebook.com\/ExaudiNoticias\/","article_published_time":"2021-11-27T16:31:48+00:00","article_modified_time":"2022-02-07T10:35:59+00:00","og_image":[{"width":2048,"height":1365,"url":"https:\/\/exaudi.org\/wp-content\/uploads\/2021\/11\/Asamblea-Eclesial-de-America-Latina-y-El-Caribe-2.jpg","type":"image\/jpeg"}],"author":"Exaudi Redacci\u00f3n","twitter_card":"summary_large_image","twitter_creator":"@Exaudi_noticias","twitter_site":"@Exaudi_News","twitter_misc":{"Escrito por":"Exaudi Redacci\u00f3n","Tiempo de lectura":"2 minutos"},"schema":{"@context":"https:\/\/schema.org","@graph":[{"@type":"Article","@id":"https:\/\/exaudi.org\/es\/asamblea-eclesial-de-america-latina-12-desafios-pastorales\/#article","isPartOf":{"@id":"https:\/\/exaudi.org\/es\/asamblea-eclesial-de-america-latina-12-desafios-pastorales\/"},"author":{"name":"Exaudi Redacci\u00f3n","@id":"https:\/\/exaudi.org\/#\/schema\/person\/f5fc8f063065e38742da7afe15f25df7"},"headline":"Asamblea Eclesial de Am\u00e9rica Latina: 12 desaf\u00edos pastorales","datePublished":"2021-11-27T16:31:48+00:00","dateModified":"2022-02-07T10:35:59+00:00","mainEntityOfPage":{"@id":"https:\/\/exaudi.org\/es\/asamblea-eclesial-de-america-latina-12-desafios-pastorales\/"},"wordCount":291,"commentCount":1,"image":{"@id":"https:\/\/exaudi.org\/es\/asamblea-eclesial-de-america-latina-12-desafios-pastorales\/#primaryimage"},"thumbnailUrl":"https:\/\/exaudi.org\/wp-content\/uploads\/2021\/11\/Asamblea-Eclesial-de-America-Latina-y-El-Caribe-2.jpg","keywords":["12 desaf\u00edos","Asamblea Eclesial de Am\u00e9rica Latina y el Caribe","Featured"],"articleSection":["Eventos internacionales","Iglesia Local","Iglesia y Mundo"],"inLanguage":"es","potentialAction":[{"@type":"CommentAction","name":"Comment","target":["https:\/\/exaudi.org\/es\/asamblea-eclesial-de-america-latina-12-desafios-pastorales\/#respond"]}]},{"@type":"WebPage","@id":"https:\/\/exaudi.org\/es\/asamblea-eclesial-de-america-latina-12-desafios-pastorales\/","url":"https:\/\/exaudi.org\/es\/asamblea-eclesial-de-america-latina-12-desafios-pastorales\/","name":"Asamblea Eclesial de Am\u00e9rica Latina: 12 desaf\u00edos pastorales &#8211; Exaudi","isPartOf":{"@id":"https:\/\/exaudi.org\/#website"},"primaryImageOfPage":{"@id":"https:\/\/exaudi.org\/es\/asamblea-eclesial-de-america-latina-12-desafios-pastorales\/#primaryimage"},"image":{"@id":"https:\/\/exaudi.org\/es\/asamblea-eclesial-de-america-latina-12-desafios-pastorales\/#primaryimage"},"thumbnailUrl":"https:\/\/exaudi.org\/wp-content\/uploads\/2021\/11\/Asamblea-Eclesial-de-America-Latina-y-El-Caribe-2.jpg","datePublished":"2021-11-27T16:31:48+00:00","dateModified":"2022-02-07T10:35:59+00:00","author":{"@id":"https:\/\/exaudi.org\/#\/schema\/person\/f5fc8f063065e38742da7afe15f25df7"},"description":"Estos son los 12 desaf\u00edos pastorales de la Iglesia de Am\u00e9rica Latina y el Caribe, como conclusi\u00f3n de la I Asamblea Eclesial en la regi\u00f3n","breadcrumb":{"@id":"https:\/\/exaudi.org\/es\/asamblea-eclesial-de-america-latina-12-desafios-pastorales\/#breadcrumb"},"inLanguage":"es","potentialAction":[{"@type":"ReadAction","target":["https:\/\/exaudi.org\/es\/asamblea-eclesial-de-america-latina-12-desafios-pastorales\/"]}]},{"@type":"ImageObject","inLanguage":"es","@id":"https:\/\/exaudi.org\/es\/asamblea-eclesial-de-america-latina-12-desafios-pastorales\/#primaryimage","url":"https:\/\/exaudi.org\/wp-content\/uploads\/2021\/11\/Asamblea-Eclesial-de-America-Latina-y-El-Caribe-2.jpg","contentUrl":"https:\/\/exaudi.org\/wp-content\/uploads\/2021\/11\/Asamblea-Eclesial-de-America-Latina-y-El-Caribe-2.jpg","width":2048,"height":1365,"caption":"\u00a9 Asamblea Eclesial de Am\u00e9rica Latina y El Caribe"},{"@type":"BreadcrumbList","@id":"https:\/\/exaudi.org\/es\/asamblea-eclesial-de-america-latina-12-desafios-pastorales\/#breadcrumb","itemListElement":[{"@type":"ListItem","position":1,"name":"Portada","item":"https:\/\/exaudi.org\/es\/"},{"@type":"ListItem","position":2,"name":"Asamblea Eclesial de Am\u00e9rica Latina: 12 desaf\u00edos pastorales"}]},{"@type":"WebSite","@id":"https:\/\/exaudi.org\/#website","url":"https:\/\/exaudi.org\/","name":"Exaudi","description":"News","potentialAction":[{"@type":"SearchAction","target":{"@type":"EntryPoint","urlTemplate":"https:\/\/exaudi.org\/?s={search_term_string}"},"query-input":{"@type":"PropertyValueSpecification","valueRequired":true,"valueName":"search_term_string"}}],"inLanguage":"es"},{"@type":"Person","@id":"https:\/\/exaudi.org\/#\/schema\/person\/f5fc8f063065e38742da7afe15f25df7","name":"Exaudi Redacci\u00f3n","image":{"@type":"ImageObject","inLanguage":"es","@id":"https:\/\/secure.gravatar.com\/avatar\/fe0f6a059fb68d9b3e11bc5850dd4899b1c7492091a3cb6dd9b01b56ad828be2?s=96&d=mm&r=g","url":"https:\/\/secure.gravatar.com\/avatar\/fe0f6a059fb68d9b3e11bc5850dd4899b1c7492091a3cb6dd9b01b56ad828be2?s=96&d=mm&r=g","contentUrl":"https:\/\/secure.gravatar.com\/avatar\/fe0f6a059fb68d9b3e11bc5850dd4899b1c7492091a3cb6dd9b01b56ad828be2?s=96&d=mm&r=g","caption":"Exaudi Redacci\u00f3n"},"description":"\u00bfQu\u00e9 es Exaudi News? Exaudi News es un medio de comunicaci\u00f3n cat\u00f3lico internacional que informa, forma y transforma, diariamente en espa\u00f1ol, ingl\u00e9s e italiano. A trav\u00e9s de noticias, art\u00edculos de an\u00e1lisis y transmisiones en directo de los eventos del Papa, Exaudi busca fortalecer la unidad de los cristianos y contribuir a la evangelizaci\u00f3n del mundo, siempre guiados por la doctrina social de la Iglesia. Trabajamos para acercar la verdad y los valores cristianos a cada rinc\u00f3n del planeta. \u00a1Ay\u00fadanos a transformar el mundo con Exaudi! En Exaudi creemos que la evangelizaci\u00f3n y la informaci\u00f3n de calidad pueden cambiar vidas. Para continuar con nuestra misi\u00f3n y expandir nuestro alcance, necesitamos tu ayuda. Adem\u00e1s, buscamos personas comprometidas que deseen unirse a nuestro equipo. Con tu apoyo, lograremos llegar a m\u00e1s personas, difundir el mensaje de Cristo y reforzar la unidad de los cristianos. \u00bfTe unes a nuestra misi\u00f3n? Para m\u00e1s informaci\u00f3n sobre c\u00f3mo colaborar, visita Exaudi.org\/es o cont\u00e1ctanos directamente: info@exaudi.org Exaudi: Informa, forma y transforma.","sameAs":["https:\/\/www.facebook.com\/ExaudiNoticias\/","https:\/\/www.instagram.com\/exaudi_noticias\/","https:\/\/x.com\/Exaudi_noticias","https:\/\/www.youtube.com\/@exaudicatholicnews"],"url":"https:\/\/exaudi.org\/es\/author\/redaccionexaudi\/"}]}},"jetpack_featured_media_url":"https:\/\/exaudi.org\/wp-content\/uploads\/2021\/11\/Asamblea-Eclesial-de-America-Latina-y-El-Caribe-2.jpg","jetpack_shortlink":"https:\/\/wp.me\/pgKjF2-bdN","_links":{"self":[{"href":"https:\/\/exaudi.org\/es\/wp-json\/wp\/v2\/posts\/43139","targetHints":{"allow":["GET"]}}],"collection":[{"href":"https:\/\/exaudi.org\/es\/wp-json\/wp\/v2\/posts"}],"about":[{"href":"https:\/\/exaudi.org\/es\/wp-json\/wp\/v2\/types\/post"}],"author":[{"embeddable":true,"href":"https:\/\/exaudi.org\/es\/wp-json\/wp\/v2\/users\/15"}],"replies":[{"embeddable":true,"href":"https:\/\/exaudi.org\/es\/wp-json\/wp\/v2\/comments?post=43139"}],"version-history":[{"count":0,"href":"https:\/\/exaudi.org\/es\/wp-json\/wp\/v2\/posts\/43139\/revisions"}],"wp:featuredmedia":[{"embeddable":true,"href":"https:\/\/exaudi.org\/es\/wp-json\/wp\/v2\/media\/43140"}],"wp:attachment":[{"href":"https:\/\/exaudi.org\/es\/wp-json\/wp\/v2\/media?parent=43139"}],"wp:term":[{"taxonomy":"category","embeddable":true,"href":"https:\/\/exaudi.org\/es\/wp-json\/wp\/v2\/categories?post=43139"},{"taxonomy":"post_tag","embeddable":true,"href":"https:\/\/exaudi.org\/es\/wp-json\/wp\/v2\/tags?post=43139"}],"curies":[{"name":"wp","href":"https:\/\/api.w.org\/{rel}","templated":true}]}}