{"id":43089,"date":"2021-11-28T09:00:17","date_gmt":"2021-11-28T08:00:17","guid":{"rendered":"https:\/\/exaudi.wpengine.com\/vivir-el-adviento-primer-domingo\/"},"modified":"2021-12-02T13:37:57","modified_gmt":"2021-12-02T12:37:57","slug":"vivir-el-adviento-primer-domingo","status":"publish","type":"post","link":"https:\/\/exaudi.org\/es\/vivir-el-adviento-primer-domingo\/","title":{"rendered":"Vivir el Adviento: Primer domingo"},"content":{"rendered":"<p>El <a href=\"https:\/\/exaudi.org\/es\/author\/hgsalvador\/\" target=\"_blank\" rel=\"noopener\">padre H\u00e9ctor Giovanni Sandoval Moreno<\/a>, delegado para la Pastoral Lit\u00fargica en la <a href=\"https:\/\/notasamablesalapalabra.blogspot.com\/\" target=\"_blank\" rel=\"noopener\">arquidi\u00f3cesis de Ibagu\u00e9<\/a>, Colombia, ofrece esta monici\u00f3n lit\u00fargica y oraci\u00f3n universal para vivir mejor el primer Domingo de Adviento.<\/p>\n<p>***<\/p>\n<h4><strong>Primer Domingo de adviento, 28 de noviembre de 2021<\/strong><\/h4>\n<p><strong>Entrada:<\/strong> Hoy con el Adviento, tambi\u00e9n comenzamos el nuevo a\u00f1o lit\u00fargico. El Adviento es tiempo de espera gozosa. Modelo de la larga traves\u00eda de la humanidad por el mundo. Las lecturas de hoy nos recuerdan la segunda venida de Cristo. Pero sin olvidar que \u00c9l viene diariamente a nosotros, cuando comulgamos y en especial cuando estamos reunidos en comunidad para celebrar la Eucarist\u00eda. Es Adviento: levant\u00e9monos y estemos despiertos porque llega el Se\u00f1or.<\/p>\n<p><strong>Corona de Adviento:<\/strong> Ahora encenderemos el primer cirio de la \u201cCorona de Adviento\u201d, en nuestro camino hacia la Navidad. Encendemos, Se\u00f1or, esta luz, como aqu\u00e9l que permanece vigilando, en vela, esperando para salir el encuentro del Se\u00f1or que viene. Muchas sombras nos envuelven. Muchos halagos nos adormecen. En esta primera semana de Adviento, queremos estar atentos y preparados, como Mar\u00eda, para acoger al mensajero que nos trae la mejor noticia, la m\u00e1s profunda y la alegr\u00eda m\u00e1s verdadera. \u00a1Ven, Se\u00f1or Jes\u00fas! \u00a1Ven, Se\u00f1or Jes\u00fas!<\/p>\n<p><strong>Lecturas:<\/strong> Las <a href=\"https:\/\/exaudi.org\/es\/i-domingo-de-adviento-reflexion-de-mons-enrique-diaz\/\" target=\"_blank\" rel=\"noopener\">lecturas<\/a> de este primer domingo de Adviento nos exhortan a estar atentos, con nuestra cabeza levantada y orando en todo tiempo. Para que seamos testigos de la venida del Se\u00f1or. Escuchemos con atenci\u00f3n.<\/p>\n<p><strong>Ofrendas:<\/strong> Sobre el altar vamos a poner no solo el pan y el vino para el sacrificio, sino nuestra vida llena de sinsabores, enfermedades y dificultades.<\/p>\n<p><strong>Comuni\u00f3n:<\/strong> Nuestra fe crece mucho m\u00e1s, cuando nos hacemos part\u00edcipes del pan eucar\u00edstico. As\u00ed, nuestras tristezas se cambian en alegr\u00edas. Comulguemos con fe.<\/p>\n<h4>\u00a0<strong>Oraci\u00f3n universal<\/strong><\/h4>\n<p>Queridos hermanos: En la espera del Redentor, dirijamos nuestras s\u00faplicas al Padre que est\u00e1 en cielo, para que salga al encuentro de nuestras necesidades y de las de todos los hombres, oremos diciendo: \u201cVisita a tu pueblo, Se\u00f1or\u201d.<\/p>\n<ol>\n<li>Por la Iglesia, nuestra Madre, para que siempre est\u00e9 atenta cuando el Se\u00f1or viene diariamente a nosotros. Roguemos al Se\u00f1or.<\/li>\n<li>Por nuestros gobernantes para que dirijan los destinos de sus pueblos con justicia y equidad y promuevan as\u00ed, un pa\u00eds mejor. Roguemos al Se\u00f1or.<\/li>\n<li>Por nuestros hogares para que renazca en ellos la esperanza y el amor y as\u00ed vivamos la alegr\u00eda del nacimiento de Cristo. Roguemos al Se\u00f1or.<\/li>\n<li>Por los que no creen en Dios, para que ellos reciban la luz de la fe durante este Adviento. Roguemos al Se\u00f1or.<\/li>\n<li>Por nosotros, los aqu\u00ed reunidos en comunidad, para que este Adviento sea tiempo de alegr\u00eda y esperanza y superemos la rutina y la pereza. Roguemos al Se\u00f1or.<\/li>\n<\/ol>\n<p>T\u00fa nos revelas, Oh Padre, que cuanto m\u00e1s intensa es nuestra espera, tanto m\u00e1s rico ser\u00e1 el don; acoge nuestros ruegos y aumenta nuestra esperanza en la venida de tu Hijo, Jesucristo nuestro Se\u00f1or. Que vive y reina por los siglos de los siglos.<\/p>\n","protected":false},"excerpt":{"rendered":"<p>Monici\u00f3n lit\u00fargica y oraci\u00f3n universal<\/p>\n","protected":false},"author":83,"featured_media":43090,"comment_status":"open","ping_status":"open","sticky":false,"template":"","format":"standard","meta":{"_acf_changed":false,"_crdt_document":"","inline_featured_image":false,"footnotes":""},"categories":[96,74,298],"tags":[5024],"class_list":["post-43089","post","type-post","status-publish","format-standard","has-post-thumbnail","hentry","category-espiritualidad","category-iglesia-y-mundo","category-ultimas-noticias","tag-adviento"],"acf":[],"yoast_head":"<!-- This site is optimized with the Yoast SEO plugin v27.5 - https:\/\/yoast.com\/product\/yoast-seo-wordpress\/ -->\n<title>Vivir el Adviento: Primer domingo &#8211; Exaudi<\/title>\n<meta name=\"description\" content=\"El padre H\u00e9ctor Giovanni Sandoval ofrece esta monici\u00f3n lit\u00fargica y oraci\u00f3n universal para vivir mejor el primer Domingo de Adviento.\" \/>\n<meta name=\"robots\" content=\"index, follow, max-snippet:-1, max-image-preview:large, max-video-preview:-1\" \/>\n<link rel=\"canonical\" href=\"https:\/\/exaudi.org\/es\/vivir-el-adviento-primer-domingo\/\" \/>\n<meta property=\"og:locale\" content=\"es_ES\" \/>\n<meta property=\"og:type\" content=\"article\" \/>\n<meta property=\"og:title\" content=\"Vivir el Adviento: Primer domingo &#8211; Exaudi\" \/>\n<meta property=\"og:description\" content=\"El padre H\u00e9ctor Giovanni Sandoval ofrece esta monici\u00f3n lit\u00fargica y oraci\u00f3n universal para vivir mejor el primer Domingo de Adviento.\" \/>\n<meta property=\"og:url\" content=\"https:\/\/exaudi.org\/es\/vivir-el-adviento-primer-domingo\/\" \/>\n<meta property=\"og:site_name\" content=\"Exaudi\" \/>\n<meta property=\"article:publisher\" content=\"https:\/\/www.facebook.com\/ExaudiNews\" \/>\n<meta property=\"article:published_time\" content=\"2021-11-28T08:00:17+00:00\" \/>\n<meta property=\"article:modified_time\" content=\"2021-12-02T12:37:57+00:00\" \/>\n<meta property=\"og:image\" content=\"https:\/\/exaudi.org\/wp-content\/uploads\/2021\/11\/cathopic_1543775488732626-scaled-1.jpg\" \/>\n\t<meta property=\"og:image:width\" content=\"2560\" \/>\n\t<meta property=\"og:image:height\" content=\"1707\" \/>\n\t<meta property=\"og:image:type\" content=\"image\/jpeg\" \/>\n<meta name=\"author\" content=\"H\u00e9ctor G. Sandoval\" \/>\n<meta name=\"twitter:card\" content=\"summary_large_image\" \/>\n<meta name=\"twitter:creator\" content=\"@Exaudi_News\" \/>\n<meta name=\"twitter:site\" content=\"@Exaudi_News\" \/>\n<meta name=\"twitter:label1\" content=\"Escrito por\" \/>\n\t<meta name=\"twitter:data1\" content=\"H\u00e9ctor G. Sandoval\" \/>\n\t<meta name=\"twitter:label2\" content=\"Tiempo de lectura\" \/>\n\t<meta name=\"twitter:data2\" content=\"3 minutos\" \/>\n<script type=\"application\/ld+json\" class=\"yoast-schema-graph\">{\"@context\":\"https:\\\/\\\/schema.org\",\"@graph\":[{\"@type\":\"Article\",\"@id\":\"https:\\\/\\\/exaudi.org\\\/es\\\/vivir-el-adviento-primer-domingo\\\/#article\",\"isPartOf\":{\"@id\":\"https:\\\/\\\/exaudi.org\\\/es\\\/vivir-el-adviento-primer-domingo\\\/\"},\"author\":{\"name\":\"H\u00e9ctor G. Sandoval\",\"@id\":\"https:\\\/\\\/exaudi.org\\\/#\\\/schema\\\/person\\\/088103143197f1b0067dd59ca589cc46\"},\"headline\":\"Vivir el Adviento: Primer domingo\",\"datePublished\":\"2021-11-28T08:00:17+00:00\",\"dateModified\":\"2021-12-02T12:37:57+00:00\",\"mainEntityOfPage\":{\"@id\":\"https:\\\/\\\/exaudi.org\\\/es\\\/vivir-el-adviento-primer-domingo\\\/\"},\"wordCount\":533,\"commentCount\":0,\"image\":{\"@id\":\"https:\\\/\\\/exaudi.org\\\/es\\\/vivir-el-adviento-primer-domingo\\\/#primaryimage\"},\"thumbnailUrl\":\"https:\\\/\\\/exaudi.org\\\/wp-content\\\/uploads\\\/2021\\\/11\\\/cathopic_1543775488732626-scaled-1.jpg\",\"keywords\":[\"Adviento\"],\"articleSection\":[\"Espiritualidad\",\"Iglesia y Mundo\",\"\u00daltimas noticias\"],\"inLanguage\":\"es\",\"potentialAction\":[{\"@type\":\"CommentAction\",\"name\":\"Comment\",\"target\":[\"https:\\\/\\\/exaudi.org\\\/es\\\/vivir-el-adviento-primer-domingo\\\/#respond\"]}]},{\"@type\":\"WebPage\",\"@id\":\"https:\\\/\\\/exaudi.org\\\/es\\\/vivir-el-adviento-primer-domingo\\\/\",\"url\":\"https:\\\/\\\/exaudi.org\\\/es\\\/vivir-el-adviento-primer-domingo\\\/\",\"name\":\"Vivir el Adviento: Primer domingo &#8211; Exaudi\",\"isPartOf\":{\"@id\":\"https:\\\/\\\/exaudi.org\\\/#website\"},\"primaryImageOfPage\":{\"@id\":\"https:\\\/\\\/exaudi.org\\\/es\\\/vivir-el-adviento-primer-domingo\\\/#primaryimage\"},\"image\":{\"@id\":\"https:\\\/\\\/exaudi.org\\\/es\\\/vivir-el-adviento-primer-domingo\\\/#primaryimage\"},\"thumbnailUrl\":\"https:\\\/\\\/exaudi.org\\\/wp-content\\\/uploads\\\/2021\\\/11\\\/cathopic_1543775488732626-scaled-1.jpg\",\"datePublished\":\"2021-11-28T08:00:17+00:00\",\"dateModified\":\"2021-12-02T12:37:57+00:00\",\"author\":{\"@id\":\"https:\\\/\\\/exaudi.org\\\/#\\\/schema\\\/person\\\/088103143197f1b0067dd59ca589cc46\"},\"description\":\"El padre H\u00e9ctor Giovanni Sandoval ofrece esta monici\u00f3n lit\u00fargica y oraci\u00f3n universal para vivir mejor el primer Domingo de Adviento.\",\"breadcrumb\":{\"@id\":\"https:\\\/\\\/exaudi.org\\\/es\\\/vivir-el-adviento-primer-domingo\\\/#breadcrumb\"},\"inLanguage\":\"es\",\"potentialAction\":[{\"@type\":\"ReadAction\",\"target\":[\"https:\\\/\\\/exaudi.org\\\/es\\\/vivir-el-adviento-primer-domingo\\\/\"]}]},{\"@type\":\"ImageObject\",\"inLanguage\":\"es\",\"@id\":\"https:\\\/\\\/exaudi.org\\\/es\\\/vivir-el-adviento-primer-domingo\\\/#primaryimage\",\"url\":\"https:\\\/\\\/exaudi.org\\\/wp-content\\\/uploads\\\/2021\\\/11\\\/cathopic_1543775488732626-scaled-1.jpg\",\"contentUrl\":\"https:\\\/\\\/exaudi.org\\\/wp-content\\\/uploads\\\/2021\\\/11\\\/cathopic_1543775488732626-scaled-1.jpg\",\"width\":2560,\"height\":1707,\"caption\":\"Primer domingo de Adviento \u00a9 Cathopic. Barcenas\"},{\"@type\":\"BreadcrumbList\",\"@id\":\"https:\\\/\\\/exaudi.org\\\/es\\\/vivir-el-adviento-primer-domingo\\\/#breadcrumb\",\"itemListElement\":[{\"@type\":\"ListItem\",\"position\":1,\"name\":\"Portada\",\"item\":\"https:\\\/\\\/exaudi.org\\\/es\\\/\"},{\"@type\":\"ListItem\",\"position\":2,\"name\":\"Vivir el Adviento: Primer domingo\"}]},{\"@type\":\"WebSite\",\"@id\":\"https:\\\/\\\/exaudi.org\\\/#website\",\"url\":\"https:\\\/\\\/exaudi.org\\\/\",\"name\":\"Exaudi\",\"description\":\"News\",\"potentialAction\":[{\"@type\":\"SearchAction\",\"target\":{\"@type\":\"EntryPoint\",\"urlTemplate\":\"https:\\\/\\\/exaudi.org\\\/?s={search_term_string}\"},\"query-input\":{\"@type\":\"PropertyValueSpecification\",\"valueRequired\":true,\"valueName\":\"search_term_string\"}}],\"inLanguage\":\"es\"},{\"@type\":\"Person\",\"@id\":\"https:\\\/\\\/exaudi.org\\\/#\\\/schema\\\/person\\\/088103143197f1b0067dd59ca589cc46\",\"name\":\"H\u00e9ctor G. Sandoval\",\"image\":{\"@type\":\"ImageObject\",\"inLanguage\":\"es\",\"@id\":\"https:\\\/\\\/secure.gravatar.com\\\/avatar\\\/0a3d9f80a7043c01adfa386bf3c0b31b8c9d34a69105b4ac1b228a53489308fa?s=96&d=mm&r=g\",\"url\":\"https:\\\/\\\/secure.gravatar.com\\\/avatar\\\/0a3d9f80a7043c01adfa386bf3c0b31b8c9d34a69105b4ac1b228a53489308fa?s=96&d=mm&r=g\",\"contentUrl\":\"https:\\\/\\\/secure.gravatar.com\\\/avatar\\\/0a3d9f80a7043c01adfa386bf3c0b31b8c9d34a69105b4ac1b228a53489308fa?s=96&d=mm&r=g\",\"caption\":\"H\u00e9ctor G. Sandoval\"},\"description\":\"Ordenado sacerdote en Iglesia Catedral Metropolitana de Ibagu\u00e9, Colombia, el 13 de septiembre 1997. Licenciado en Filosof\u00eda y Ciencias Religiosas (Universidad Cat\u00f3lica de Oriente) y licenciado en Teolog\u00eda con \u00e9nfasis en Liturgia (Universidad de Catalu\u00f1a, Espa\u00f1a). Delegado episcopal para la Pastoral Lit\u00fargica. Desde el 2020 es p\u00e1rroco de San Antonio Mar\u00eda Claret\",\"url\":\"https:\\\/\\\/exaudi.org\\\/es\\\/author\\\/hgsalvador\\\/\"}]}<\/script>\n<!-- \/ Yoast SEO plugin. -->","yoast_head_json":{"title":"Vivir el Adviento: Primer domingo &#8211; Exaudi","description":"El padre H\u00e9ctor Giovanni Sandoval ofrece esta monici\u00f3n lit\u00fargica y oraci\u00f3n universal para vivir mejor el primer Domingo de Adviento.","robots":{"index":"index","follow":"follow","max-snippet":"max-snippet:-1","max-image-preview":"max-image-preview:large","max-video-preview":"max-video-preview:-1"},"canonical":"https:\/\/exaudi.org\/es\/vivir-el-adviento-primer-domingo\/","og_locale":"es_ES","og_type":"article","og_title":"Vivir el Adviento: Primer domingo &#8211; Exaudi","og_description":"El padre H\u00e9ctor Giovanni Sandoval ofrece esta monici\u00f3n lit\u00fargica y oraci\u00f3n universal para vivir mejor el primer Domingo de Adviento.","og_url":"https:\/\/exaudi.org\/es\/vivir-el-adviento-primer-domingo\/","og_site_name":"Exaudi","article_publisher":"https:\/\/www.facebook.com\/ExaudiNews","article_published_time":"2021-11-28T08:00:17+00:00","article_modified_time":"2021-12-02T12:37:57+00:00","og_image":[{"width":2560,"height":1707,"url":"https:\/\/exaudi.org\/wp-content\/uploads\/2021\/11\/cathopic_1543775488732626-scaled-1.jpg","type":"image\/jpeg"}],"author":"H\u00e9ctor G. Sandoval","twitter_card":"summary_large_image","twitter_creator":"@Exaudi_News","twitter_site":"@Exaudi_News","twitter_misc":{"Escrito por":"H\u00e9ctor G. Sandoval","Tiempo de lectura":"3 minutos"},"schema":{"@context":"https:\/\/schema.org","@graph":[{"@type":"Article","@id":"https:\/\/exaudi.org\/es\/vivir-el-adviento-primer-domingo\/#article","isPartOf":{"@id":"https:\/\/exaudi.org\/es\/vivir-el-adviento-primer-domingo\/"},"author":{"name":"H\u00e9ctor G. Sandoval","@id":"https:\/\/exaudi.org\/#\/schema\/person\/088103143197f1b0067dd59ca589cc46"},"headline":"Vivir el Adviento: Primer domingo","datePublished":"2021-11-28T08:00:17+00:00","dateModified":"2021-12-02T12:37:57+00:00","mainEntityOfPage":{"@id":"https:\/\/exaudi.org\/es\/vivir-el-adviento-primer-domingo\/"},"wordCount":533,"commentCount":0,"image":{"@id":"https:\/\/exaudi.org\/es\/vivir-el-adviento-primer-domingo\/#primaryimage"},"thumbnailUrl":"https:\/\/exaudi.org\/wp-content\/uploads\/2021\/11\/cathopic_1543775488732626-scaled-1.jpg","keywords":["Adviento"],"articleSection":["Espiritualidad","Iglesia y Mundo","\u00daltimas noticias"],"inLanguage":"es","potentialAction":[{"@type":"CommentAction","name":"Comment","target":["https:\/\/exaudi.org\/es\/vivir-el-adviento-primer-domingo\/#respond"]}]},{"@type":"WebPage","@id":"https:\/\/exaudi.org\/es\/vivir-el-adviento-primer-domingo\/","url":"https:\/\/exaudi.org\/es\/vivir-el-adviento-primer-domingo\/","name":"Vivir el Adviento: Primer domingo &#8211; Exaudi","isPartOf":{"@id":"https:\/\/exaudi.org\/#website"},"primaryImageOfPage":{"@id":"https:\/\/exaudi.org\/es\/vivir-el-adviento-primer-domingo\/#primaryimage"},"image":{"@id":"https:\/\/exaudi.org\/es\/vivir-el-adviento-primer-domingo\/#primaryimage"},"thumbnailUrl":"https:\/\/exaudi.org\/wp-content\/uploads\/2021\/11\/cathopic_1543775488732626-scaled-1.jpg","datePublished":"2021-11-28T08:00:17+00:00","dateModified":"2021-12-02T12:37:57+00:00","author":{"@id":"https:\/\/exaudi.org\/#\/schema\/person\/088103143197f1b0067dd59ca589cc46"},"description":"El padre H\u00e9ctor Giovanni Sandoval ofrece esta monici\u00f3n lit\u00fargica y oraci\u00f3n universal para vivir mejor el primer Domingo de Adviento.","breadcrumb":{"@id":"https:\/\/exaudi.org\/es\/vivir-el-adviento-primer-domingo\/#breadcrumb"},"inLanguage":"es","potentialAction":[{"@type":"ReadAction","target":["https:\/\/exaudi.org\/es\/vivir-el-adviento-primer-domingo\/"]}]},{"@type":"ImageObject","inLanguage":"es","@id":"https:\/\/exaudi.org\/es\/vivir-el-adviento-primer-domingo\/#primaryimage","url":"https:\/\/exaudi.org\/wp-content\/uploads\/2021\/11\/cathopic_1543775488732626-scaled-1.jpg","contentUrl":"https:\/\/exaudi.org\/wp-content\/uploads\/2021\/11\/cathopic_1543775488732626-scaled-1.jpg","width":2560,"height":1707,"caption":"Primer domingo de Adviento \u00a9 Cathopic. Barcenas"},{"@type":"BreadcrumbList","@id":"https:\/\/exaudi.org\/es\/vivir-el-adviento-primer-domingo\/#breadcrumb","itemListElement":[{"@type":"ListItem","position":1,"name":"Portada","item":"https:\/\/exaudi.org\/es\/"},{"@type":"ListItem","position":2,"name":"Vivir el Adviento: Primer domingo"}]},{"@type":"WebSite","@id":"https:\/\/exaudi.org\/#website","url":"https:\/\/exaudi.org\/","name":"Exaudi","description":"News","potentialAction":[{"@type":"SearchAction","target":{"@type":"EntryPoint","urlTemplate":"https:\/\/exaudi.org\/?s={search_term_string}"},"query-input":{"@type":"PropertyValueSpecification","valueRequired":true,"valueName":"search_term_string"}}],"inLanguage":"es"},{"@type":"Person","@id":"https:\/\/exaudi.org\/#\/schema\/person\/088103143197f1b0067dd59ca589cc46","name":"H\u00e9ctor G. Sandoval","image":{"@type":"ImageObject","inLanguage":"es","@id":"https:\/\/secure.gravatar.com\/avatar\/0a3d9f80a7043c01adfa386bf3c0b31b8c9d34a69105b4ac1b228a53489308fa?s=96&d=mm&r=g","url":"https:\/\/secure.gravatar.com\/avatar\/0a3d9f80a7043c01adfa386bf3c0b31b8c9d34a69105b4ac1b228a53489308fa?s=96&d=mm&r=g","contentUrl":"https:\/\/secure.gravatar.com\/avatar\/0a3d9f80a7043c01adfa386bf3c0b31b8c9d34a69105b4ac1b228a53489308fa?s=96&d=mm&r=g","caption":"H\u00e9ctor G. Sandoval"},"description":"Ordenado sacerdote en Iglesia Catedral Metropolitana de Ibagu\u00e9, Colombia, el 13 de septiembre 1997. Licenciado en Filosof\u00eda y Ciencias Religiosas (Universidad Cat\u00f3lica de Oriente) y licenciado en Teolog\u00eda con \u00e9nfasis en Liturgia (Universidad de Catalu\u00f1a, Espa\u00f1a). Delegado episcopal para la Pastoral Lit\u00fargica. Desde el 2020 es p\u00e1rroco de San Antonio Mar\u00eda Claret","url":"https:\/\/exaudi.org\/es\/author\/hgsalvador\/"}]}},"jetpack_featured_media_url":"https:\/\/exaudi.org\/wp-content\/uploads\/2021\/11\/cathopic_1543775488732626-scaled-1.jpg","jetpack_shortlink":"https:\/\/wp.me\/pgKjF2-bcZ","_links":{"self":[{"href":"https:\/\/exaudi.org\/es\/wp-json\/wp\/v2\/posts\/43089","targetHints":{"allow":["GET"]}}],"collection":[{"href":"https:\/\/exaudi.org\/es\/wp-json\/wp\/v2\/posts"}],"about":[{"href":"https:\/\/exaudi.org\/es\/wp-json\/wp\/v2\/types\/post"}],"author":[{"embeddable":true,"href":"https:\/\/exaudi.org\/es\/wp-json\/wp\/v2\/users\/83"}],"replies":[{"embeddable":true,"href":"https:\/\/exaudi.org\/es\/wp-json\/wp\/v2\/comments?post=43089"}],"version-history":[{"count":0,"href":"https:\/\/exaudi.org\/es\/wp-json\/wp\/v2\/posts\/43089\/revisions"}],"wp:featuredmedia":[{"embeddable":true,"href":"https:\/\/exaudi.org\/es\/wp-json\/wp\/v2\/media\/43090"}],"wp:attachment":[{"href":"https:\/\/exaudi.org\/es\/wp-json\/wp\/v2\/media?parent=43089"}],"wp:term":[{"taxonomy":"category","embeddable":true,"href":"https:\/\/exaudi.org\/es\/wp-json\/wp\/v2\/categories?post=43089"},{"taxonomy":"post_tag","embeddable":true,"href":"https:\/\/exaudi.org\/es\/wp-json\/wp\/v2\/tags?post=43089"}],"curies":[{"name":"wp","href":"https:\/\/api.w.org\/{rel}","templated":true}]}}