{"id":43041,"date":"2021-11-26T07:38:48","date_gmt":"2021-11-26T06:38:48","guid":{"rendered":"https:\/\/exaudi.wpengine.com\/asamblea-eclesial-de-america-latina-4o-dia-de-trabajos\/"},"modified":"2022-01-03T16:15:07","modified_gmt":"2022-01-03T15:15:07","slug":"asamblea-eclesial-de-america-latina-4o-dia-de-trabajos","status":"publish","type":"post","link":"https:\/\/exaudi.org\/es\/asamblea-eclesial-de-america-latina-4o-dia-de-trabajos\/","title":{"rendered":"Asamblea Eclesial de Am\u00e9rica Latina: 4\u00ba d\u00eda de trabajos"},"content":{"rendered":"<p>La <a href=\"https:\/\/asambleaeclesial.lat\/\" target=\"_blank\" rel=\"noopener\">Asamblea Eclesial de Am\u00e9rica Latina y el Caribe<\/a> invit\u00f3 en su 4\u00ba d\u00eda de trabajos, 25 de noviembre de 2021, a depurar las invitaciones que hace el Se\u00f1or para su misi\u00f3n como Iglesia en la regi\u00f3n, informa una nota de ADN CELAM, sistema informativo del <a href=\"https:\/\/www.celam.org\/\" target=\"_blank\" rel=\"noopener\">Consejo Episcopal Latinoamericano (CELAM)<\/a>.<\/p>\n<h4><strong>Sinodalidad no es marketing religioso<\/strong><\/h4>\n<p>La sinodalidad se va afianzando como apuesta decidida de la Asamblea Eclesial, fundamentada en la escucha, que \u201cno tiene la finalidad de un marketing religioso\u201d, sino que \u201cimplica entrar con los pies descalzos en los corazones que se abren y se expresan\u201d, asegur\u00f3 Monse\u00f1or Jorge Eduardo Lozano, secretario General del CELAM en su saludo a los participantes de la Asamblea Eclesial de Am\u00e9rica Latina y el Caribe al inicio de los trabajos.<\/p>\n<p>Es momento para pensar en lo que va a pasar despu\u00e9s del pr\u00f3ximo domingo en que ser\u00e1 clausurada la Asamblea, en c\u00f3mo lograr que los p\u00e1rrocos se motiven con la Asamblea Eclesial y el camino sinodal que propone Francisco.<\/p>\n<p>Para ayudar a dar pasos, los cardenales Marc Ouellet, prefecto de la Congregaci\u00f3n para los Obispos y presidente de la Pontificia Comisi\u00f3n para Am\u00e9rica Latina; y Mario Grech, secretario General del S\u00ednodo de los Obispos; la hermana Liliana Franco, Presidenta de la Confederaci\u00f3n Caribe\u00f1a y Latinoamericana de Religiosas y Religiosos (CLAR); y <a href=\"https:\/\/exaudi.org\/es\/asamblea-eclesial-refleja-el-coraje-de-intuir-una-llamada-de-dios\/\" target=\"_blank\" rel=\"noopener\">Mauricio L\u00f3pez<\/a>, coordinador del Centro de Redes y Acci\u00f3n Pastoral del CELA, han reflexionado sobre el camino sinodal, en el que se avanza en la medida en que se vive y practica. Una sinodalidad que no se puede separar de la misi\u00f3n, como recordaba el cardenal Grech, que advert\u00eda sobre \u201caquellos grupos y sectas cristianas que promueven una comprensi\u00f3n individualista e intimista de la fe\u201d.<\/p>\n<h4><strong>Iglesia sinodal, Iglesia caminante en la fe<\/strong><\/h4>\n<p>El sue\u00f1o de una Iglesia sinodal nace del hecho de que \u201cel Papa cree en el Esp\u00edritu Santo y quiere que aprendamos a escucharlo mejor en todos los niveles de la Iglesia\u201d, afirm\u00f3 <a href=\"https:\/\/exaudi.org\/es\/asamblea-eclesial-que-el-espiritu-nos-ayude-a-discernir\/\" target=\"_blank\" rel=\"noopener\">el cardenal Ouellet<\/a>, que se\u00f1alaba que \u201cuna Iglesia sinodal es una Iglesia caminante en la fe\u201d. Una sinodalidad que es \u201cun proceso, un itinerario de encuentro y conversi\u00f3n\u201d, en el que es necesario \u201cubicarnos en el lugar de la humildad, reconocer nuestro pecado\u201d, en palabras de la hermana Liliana Franco. No podemos olvidar que \u201cla sinodalidad es inherente al ser de la Iglesia\u201d, en palabras de Mauricio L\u00f3pez, algo que \u201cno depende de nosotros, es una experiencia de gracia\u201d.<\/p>\n<p>Una vez m\u00e1s, la rueda de prensa, en la que este jueves participaban el cardenal Mario Grech, Emilce Cuda, jefa de Oficina de la Comisi\u00f3n Pontificia para Am\u00e9rica Latina, la hermana Birgit Weiler y el padre Juan Luis Negr\u00f3n, con la presencia de decenas de periodistas, la mayor\u00eda en modo virtual, como viene siendo la norma cada uno de los d\u00edas, ayud\u00f3 a reflexionar sobre la realidad, en este d\u00eda marcada por\u00a0D\u00eda Internacional de la Eliminaci\u00f3n de la Violencia contra la Mujer, una tem\u00e1tica ya presente desde la oraci\u00f3n de la ma\u00f1ana.<\/p>\n<h4><strong>Corresponsabilidad, sentirse escuchados<\/strong><\/h4>\n<p>Tambi\u00e9n fueron abordadas cuestiones relacionadas con el trabajo, el clericalismo, la participaci\u00f3n de los laicos en la vida de la Iglesia, el cuidado de la casa com\u00fan y, evidentemente sobre la sinodalidad, dada la presencia del secretario del S\u00ednodo para los Obispos. La capacidad de organizaci\u00f3n de los pueblos del continente, algo nacido de la fe y desde la periferia, fue uno de los elementos abordados por Emilce Cuda. El abuso de poder, algo que nace del clericalismo, es algo que no ayuda en\u00a0el camino sinodal, que crece cuando se fomenta la corresponsabilidad, la sensaci\u00f3n de que todos son escuchados.<\/p>\n<p>En Am\u00e9rica Latina, algo repetido a lo largo de los \u00faltimos d\u00edas por algunos de los invitados, se percibe \u201cel sue\u00f1o de una Iglesia m\u00e1s sinodal, pero tambi\u00e9n de una praxis m\u00e1s sinodal\u201d, como reconoc\u00eda el cardenal Grech, que llamaba a entender y asumir que \u201cen el Pueblo de Dios todos debemos aprender, y cada uno comienza su camino en un punto diferente\u201d. Para esa sinodalidad el padre Juan Luis Negr\u00f3n afirm\u00f3 la necesidad de humildad, pues \u201cno se puede estar en una experiencia sinodal si no es con una humildad aut\u00e9ntica, sincera, honesta, consigo mismo, con el pueblo y con Dios\u201d.<\/p>\n<h4><strong>Defender la casa com\u00fan como opci\u00f3n de fe<\/strong><\/h4>\n<p>Al abordar la cuesti\u00f3n ecol\u00f3gica, Emilce Cuda afirmaba que \u201cdefender la casa com\u00fan no es una opci\u00f3n ni econ\u00f3mica, ni pol\u00edtica, es una opci\u00f3n de fe, de quienes se toman en serio el llamado a cuidar de la Creaci\u00f3n\u201d. Se trata de llevar la reflexi\u00f3n a la vida, pues \u201cno se quieren m\u00e1s documentos, sino llevar a la pr\u00e1ctica\u201d, seg\u00fan Birgit Weiler.<\/p>\n<p>Entre los testimonios de los asamble\u00edstas, destaca la voz de los j\u00f3venes, que piden de la Iglesia\u00a0un lenguaje que se adapte m\u00e1s a sus necesidades, m\u00e1s pr\u00e1ctico que te\u00f3rico, que poco o nada les dice a unos j\u00f3venes que lo ven muchas veces como un sistema de algoritmos.<\/p>\n<h4><strong>Poder humano y poder de Dios<\/strong><\/h4>\n<p>Un Dios vivo y que permanece para siempre, cuyo Reino no ser\u00e1 destruido, es la ense\u00f1anza que descubr\u00eda en la Palabra de este d\u00eda el cardenal \u00c1lvaro Ramazzini. El purpurado lo comparaba con el poder del rey que tiene amarradas las manos por sus propias leyes.\u00a0Un poder humano y limitado frente al poder de Dios, que es el vencedor.\u00a0Ante ello se preguntaba por el sentido verdadero de la historia.<\/p>\n<p>En unos d\u00edas en que el lenguaje apocal\u00edptico est\u00e1 presente en la liturgia, el obispo de Huehuetenango llam\u00f3 a reflexionar sobre realidades desconocidas, como es la pandemia. Se pregunt\u00f3 por el\u00a0sentido verdadero de la historia en relaci\u00f3n con los dem\u00e1s, colocando el discernimiento espiritual, al que llama el Documento de Aparecida donde \u201csomos llamados a discernir los signos de los tiempos\u201d, un esp\u00edritu presente en esta Asamblea, que debe ser descubrir lo que Dios nos pide en cada una de las realidades que cada uno vive.<\/p>\n<h4><strong>Signos de esperanza<\/strong><\/h4>\n<p>Estos\u00a0signos de los tiempos\u00a0se hacen presentes en el cambio clim\u00e1tico, en la violencia contra la mujer, en los migrantes, fen\u00f3menos que deben llevarnos a preguntarnos lo que nos dicen. Como disc\u00edpulos de Jesucristo tenemos que sentirnos interpelados, llamados a la conversi\u00f3n pastoral, a la escucha, a luchar por la justicia y la verdad en relaci\u00f3n con Dios, destacando la importancia de la caridad, del amor, pues ser\u00e1 la prueba en el juicio al final de nuestras vidas.<\/p>\n<p>A veces\u00a0los gestos nos ayudan a vislumbrar im\u00e1genes de aquello que esperamos. En ese sentido fue significativo, todav\u00eda m\u00e1s en esta Asamblea que pretende avanzar en el camino de la sinodalidad, ver como las mujeres bendec\u00edan a los obispos y cardenales al final de la celebraci\u00f3n, pidiendo la bendici\u00f3n de Dios y su misericordia para los pastores de Am\u00e9rica Latina y el Caribe. Que \u00c9l les mire con ternura femenina llena de vida. Y que les conceda la paz, la fraternidad y la alegr\u00eda de la sinodalidad misionera.<\/p>\n","protected":false},"excerpt":{"rendered":"<p>Depurando las invitaciones del Se\u00f1or para asumir la sinodalidad<\/p>\n","protected":false},"author":93,"featured_media":43042,"comment_status":"open","ping_status":"open","sticky":false,"template":"","format":"standard","meta":{"_acf_changed":false,"_crdt_document":"","inline_featured_image":false,"footnotes":""},"categories":[84,86,74,2158,298],"tags":[252,1494],"class_list":["post-43041","post","type-post","status-publish","format-standard","has-post-thumbnail","hentry","category-eventos-internacionales","category-iglesia-local","category-iglesia-y-mundo","category-top-ultimas-noticias","category-ultimas-noticias","tag-asamblea-eclesial-de-america-latina-y-el-caribe","tag-consejo-episcopal-latinoamericano-celam"],"acf":[],"yoast_head":"<!-- This site is optimized with the Yoast SEO plugin v27.5 - https:\/\/yoast.com\/product\/yoast-seo-wordpress\/ -->\n<title>Asamblea Eclesial de Am\u00e9rica Latina: 4\u00ba d\u00eda de trabajos &#8211; Exaudi<\/title>\n<meta name=\"description\" content=\"Asamblea Eclesial de Am\u00e9rica Latina invit\u00f3 en su 4\u00ba d\u00eda de trabajos a depurar las invitaciones que hace el Se\u00f1or para su misi\u00f3n como Iglesia\" \/>\n<meta name=\"robots\" content=\"index, follow, max-snippet:-1, max-image-preview:large, max-video-preview:-1\" \/>\n<link rel=\"canonical\" href=\"https:\/\/exaudi.org\/es\/asamblea-eclesial-de-america-latina-4o-dia-de-trabajos\/\" \/>\n<meta property=\"og:locale\" content=\"es_ES\" \/>\n<meta property=\"og:type\" content=\"article\" \/>\n<meta property=\"og:title\" content=\"Asamblea Eclesial de Am\u00e9rica Latina: 4\u00ba d\u00eda de trabajos &#8211; Exaudi\" \/>\n<meta property=\"og:description\" content=\"Asamblea Eclesial de Am\u00e9rica Latina invit\u00f3 en su 4\u00ba d\u00eda de trabajos a depurar las invitaciones que hace el Se\u00f1or para su misi\u00f3n como Iglesia\" \/>\n<meta property=\"og:url\" content=\"https:\/\/exaudi.org\/es\/asamblea-eclesial-de-america-latina-4o-dia-de-trabajos\/\" \/>\n<meta property=\"og:site_name\" content=\"Exaudi\" \/>\n<meta property=\"article:publisher\" content=\"https:\/\/www.facebook.com\/ExaudiNews\" \/>\n<meta property=\"article:published_time\" content=\"2021-11-26T06:38:48+00:00\" \/>\n<meta property=\"article:modified_time\" content=\"2022-01-03T15:15:07+00:00\" \/>\n<meta property=\"og:image\" content=\"https:\/\/exaudi.org\/wp-content\/uploads\/2021\/11\/Asamblea-Eclesial-de-America-Latina-y-el-Caribe.jpg\" \/>\n\t<meta property=\"og:image:width\" content=\"1598\" \/>\n\t<meta property=\"og:image:height\" content=\"899\" \/>\n\t<meta property=\"og:image:type\" content=\"image\/jpeg\" \/>\n<meta name=\"author\" content=\"ADN CELAM\" \/>\n<meta name=\"twitter:card\" content=\"summary_large_image\" \/>\n<meta name=\"twitter:creator\" content=\"@Exaudi_News\" \/>\n<meta name=\"twitter:site\" content=\"@Exaudi_News\" \/>\n<meta name=\"twitter:label1\" content=\"Escrito por\" \/>\n\t<meta name=\"twitter:data1\" content=\"ADN CELAM\" \/>\n\t<meta name=\"twitter:label2\" content=\"Tiempo de lectura\" \/>\n\t<meta name=\"twitter:data2\" content=\"6 minutos\" \/>\n<script type=\"application\/ld+json\" class=\"yoast-schema-graph\">{\"@context\":\"https:\\\/\\\/schema.org\",\"@graph\":[{\"@type\":\"Article\",\"@id\":\"https:\\\/\\\/exaudi.org\\\/es\\\/asamblea-eclesial-de-america-latina-4o-dia-de-trabajos\\\/#article\",\"isPartOf\":{\"@id\":\"https:\\\/\\\/exaudi.org\\\/es\\\/asamblea-eclesial-de-america-latina-4o-dia-de-trabajos\\\/\"},\"author\":{\"name\":\"ADN CELAM\",\"@id\":\"https:\\\/\\\/exaudi.org\\\/#\\\/schema\\\/person\\\/fbc491ba5ee575299c5e9bc1b11ccc1f\"},\"headline\":\"Asamblea Eclesial de Am\u00e9rica Latina: 4\u00ba d\u00eda de trabajos\",\"datePublished\":\"2021-11-26T06:38:48+00:00\",\"dateModified\":\"2022-01-03T15:15:07+00:00\",\"mainEntityOfPage\":{\"@id\":\"https:\\\/\\\/exaudi.org\\\/es\\\/asamblea-eclesial-de-america-latina-4o-dia-de-trabajos\\\/\"},\"wordCount\":1258,\"commentCount\":0,\"image\":{\"@id\":\"https:\\\/\\\/exaudi.org\\\/es\\\/asamblea-eclesial-de-america-latina-4o-dia-de-trabajos\\\/#primaryimage\"},\"thumbnailUrl\":\"https:\\\/\\\/exaudi.org\\\/wp-content\\\/uploads\\\/2021\\\/11\\\/Asamblea-Eclesial-de-America-Latina-y-el-Caribe.jpg\",\"keywords\":[\"Asamblea Eclesial de Am\u00e9rica Latina y el Caribe\",\"Consejo Episcopal Latinoamericano (CELAM)\"],\"articleSection\":[\"Eventos internacionales\",\"Iglesia Local\",\"Iglesia y Mundo\",\"Top Ultimas Noticias\",\"\u00daltimas noticias\"],\"inLanguage\":\"es\",\"potentialAction\":[{\"@type\":\"CommentAction\",\"name\":\"Comment\",\"target\":[\"https:\\\/\\\/exaudi.org\\\/es\\\/asamblea-eclesial-de-america-latina-4o-dia-de-trabajos\\\/#respond\"]}]},{\"@type\":\"WebPage\",\"@id\":\"https:\\\/\\\/exaudi.org\\\/es\\\/asamblea-eclesial-de-america-latina-4o-dia-de-trabajos\\\/\",\"url\":\"https:\\\/\\\/exaudi.org\\\/es\\\/asamblea-eclesial-de-america-latina-4o-dia-de-trabajos\\\/\",\"name\":\"Asamblea Eclesial de Am\u00e9rica Latina: 4\u00ba d\u00eda de trabajos &#8211; Exaudi\",\"isPartOf\":{\"@id\":\"https:\\\/\\\/exaudi.org\\\/#website\"},\"primaryImageOfPage\":{\"@id\":\"https:\\\/\\\/exaudi.org\\\/es\\\/asamblea-eclesial-de-america-latina-4o-dia-de-trabajos\\\/#primaryimage\"},\"image\":{\"@id\":\"https:\\\/\\\/exaudi.org\\\/es\\\/asamblea-eclesial-de-america-latina-4o-dia-de-trabajos\\\/#primaryimage\"},\"thumbnailUrl\":\"https:\\\/\\\/exaudi.org\\\/wp-content\\\/uploads\\\/2021\\\/11\\\/Asamblea-Eclesial-de-America-Latina-y-el-Caribe.jpg\",\"datePublished\":\"2021-11-26T06:38:48+00:00\",\"dateModified\":\"2022-01-03T15:15:07+00:00\",\"author\":{\"@id\":\"https:\\\/\\\/exaudi.org\\\/#\\\/schema\\\/person\\\/fbc491ba5ee575299c5e9bc1b11ccc1f\"},\"description\":\"Asamblea Eclesial de Am\u00e9rica Latina invit\u00f3 en su 4\u00ba d\u00eda de trabajos a depurar las invitaciones que hace el Se\u00f1or para su misi\u00f3n como Iglesia\",\"breadcrumb\":{\"@id\":\"https:\\\/\\\/exaudi.org\\\/es\\\/asamblea-eclesial-de-america-latina-4o-dia-de-trabajos\\\/#breadcrumb\"},\"inLanguage\":\"es\",\"potentialAction\":[{\"@type\":\"ReadAction\",\"target\":[\"https:\\\/\\\/exaudi.org\\\/es\\\/asamblea-eclesial-de-america-latina-4o-dia-de-trabajos\\\/\"]}]},{\"@type\":\"ImageObject\",\"inLanguage\":\"es\",\"@id\":\"https:\\\/\\\/exaudi.org\\\/es\\\/asamblea-eclesial-de-america-latina-4o-dia-de-trabajos\\\/#primaryimage\",\"url\":\"https:\\\/\\\/exaudi.org\\\/wp-content\\\/uploads\\\/2021\\\/11\\\/Asamblea-Eclesial-de-America-Latina-y-el-Caribe.jpg\",\"contentUrl\":\"https:\\\/\\\/exaudi.org\\\/wp-content\\\/uploads\\\/2021\\\/11\\\/Asamblea-Eclesial-de-America-Latina-y-el-Caribe.jpg\",\"width\":1598,\"height\":899,\"caption\":\"Trabajos \u00a9 Asamblea Eclesial de Am\u00e9rica Latina y el Caribe\"},{\"@type\":\"BreadcrumbList\",\"@id\":\"https:\\\/\\\/exaudi.org\\\/es\\\/asamblea-eclesial-de-america-latina-4o-dia-de-trabajos\\\/#breadcrumb\",\"itemListElement\":[{\"@type\":\"ListItem\",\"position\":1,\"name\":\"Portada\",\"item\":\"https:\\\/\\\/exaudi.org\\\/es\\\/\"},{\"@type\":\"ListItem\",\"position\":2,\"name\":\"Asamblea Eclesial de Am\u00e9rica Latina: 4\u00ba d\u00eda de trabajos\"}]},{\"@type\":\"WebSite\",\"@id\":\"https:\\\/\\\/exaudi.org\\\/#website\",\"url\":\"https:\\\/\\\/exaudi.org\\\/\",\"name\":\"Exaudi\",\"description\":\"News\",\"potentialAction\":[{\"@type\":\"SearchAction\",\"target\":{\"@type\":\"EntryPoint\",\"urlTemplate\":\"https:\\\/\\\/exaudi.org\\\/?s={search_term_string}\"},\"query-input\":{\"@type\":\"PropertyValueSpecification\",\"valueRequired\":true,\"valueName\":\"search_term_string\"}}],\"inLanguage\":\"es\"},{\"@type\":\"Person\",\"@id\":\"https:\\\/\\\/exaudi.org\\\/#\\\/schema\\\/person\\\/fbc491ba5ee575299c5e9bc1b11ccc1f\",\"name\":\"ADN CELAM\",\"image\":{\"@type\":\"ImageObject\",\"inLanguage\":\"es\",\"@id\":\"https:\\\/\\\/secure.gravatar.com\\\/avatar\\\/9f35251df285dd73b5052c2ea71d63aa960ac375813315353fd23ad8daf7a7ae?s=96&d=mm&r=g\",\"url\":\"https:\\\/\\\/secure.gravatar.com\\\/avatar\\\/9f35251df285dd73b5052c2ea71d63aa960ac375813315353fd23ad8daf7a7ae?s=96&d=mm&r=g\",\"contentUrl\":\"https:\\\/\\\/secure.gravatar.com\\\/avatar\\\/9f35251df285dd73b5052c2ea71d63aa960ac375813315353fd23ad8daf7a7ae?s=96&d=mm&r=g\",\"caption\":\"ADN CELAM\"},\"description\":\"Sistema informativo del Consejo Episcopal Latinoamericano (CELAM)\",\"url\":\"https:\\\/\\\/exaudi.org\\\/es\\\/author\\\/adncelam\\\/\"}]}<\/script>\n<!-- \/ Yoast SEO plugin. -->","yoast_head_json":{"title":"Asamblea Eclesial de Am\u00e9rica Latina: 4\u00ba d\u00eda de trabajos &#8211; Exaudi","description":"Asamblea Eclesial de Am\u00e9rica Latina invit\u00f3 en su 4\u00ba d\u00eda de trabajos a depurar las invitaciones que hace el Se\u00f1or para su misi\u00f3n como Iglesia","robots":{"index":"index","follow":"follow","max-snippet":"max-snippet:-1","max-image-preview":"max-image-preview:large","max-video-preview":"max-video-preview:-1"},"canonical":"https:\/\/exaudi.org\/es\/asamblea-eclesial-de-america-latina-4o-dia-de-trabajos\/","og_locale":"es_ES","og_type":"article","og_title":"Asamblea Eclesial de Am\u00e9rica Latina: 4\u00ba d\u00eda de trabajos &#8211; Exaudi","og_description":"Asamblea Eclesial de Am\u00e9rica Latina invit\u00f3 en su 4\u00ba d\u00eda de trabajos a depurar las invitaciones que hace el Se\u00f1or para su misi\u00f3n como Iglesia","og_url":"https:\/\/exaudi.org\/es\/asamblea-eclesial-de-america-latina-4o-dia-de-trabajos\/","og_site_name":"Exaudi","article_publisher":"https:\/\/www.facebook.com\/ExaudiNews","article_published_time":"2021-11-26T06:38:48+00:00","article_modified_time":"2022-01-03T15:15:07+00:00","og_image":[{"width":1598,"height":899,"url":"https:\/\/exaudi.org\/wp-content\/uploads\/2021\/11\/Asamblea-Eclesial-de-America-Latina-y-el-Caribe.jpg","type":"image\/jpeg"}],"author":"ADN CELAM","twitter_card":"summary_large_image","twitter_creator":"@Exaudi_News","twitter_site":"@Exaudi_News","twitter_misc":{"Escrito por":"ADN CELAM","Tiempo de lectura":"6 minutos"},"schema":{"@context":"https:\/\/schema.org","@graph":[{"@type":"Article","@id":"https:\/\/exaudi.org\/es\/asamblea-eclesial-de-america-latina-4o-dia-de-trabajos\/#article","isPartOf":{"@id":"https:\/\/exaudi.org\/es\/asamblea-eclesial-de-america-latina-4o-dia-de-trabajos\/"},"author":{"name":"ADN CELAM","@id":"https:\/\/exaudi.org\/#\/schema\/person\/fbc491ba5ee575299c5e9bc1b11ccc1f"},"headline":"Asamblea Eclesial de Am\u00e9rica Latina: 4\u00ba d\u00eda de trabajos","datePublished":"2021-11-26T06:38:48+00:00","dateModified":"2022-01-03T15:15:07+00:00","mainEntityOfPage":{"@id":"https:\/\/exaudi.org\/es\/asamblea-eclesial-de-america-latina-4o-dia-de-trabajos\/"},"wordCount":1258,"commentCount":0,"image":{"@id":"https:\/\/exaudi.org\/es\/asamblea-eclesial-de-america-latina-4o-dia-de-trabajos\/#primaryimage"},"thumbnailUrl":"https:\/\/exaudi.org\/wp-content\/uploads\/2021\/11\/Asamblea-Eclesial-de-America-Latina-y-el-Caribe.jpg","keywords":["Asamblea Eclesial de Am\u00e9rica Latina y el Caribe","Consejo Episcopal Latinoamericano (CELAM)"],"articleSection":["Eventos internacionales","Iglesia Local","Iglesia y Mundo","Top Ultimas Noticias","\u00daltimas noticias"],"inLanguage":"es","potentialAction":[{"@type":"CommentAction","name":"Comment","target":["https:\/\/exaudi.org\/es\/asamblea-eclesial-de-america-latina-4o-dia-de-trabajos\/#respond"]}]},{"@type":"WebPage","@id":"https:\/\/exaudi.org\/es\/asamblea-eclesial-de-america-latina-4o-dia-de-trabajos\/","url":"https:\/\/exaudi.org\/es\/asamblea-eclesial-de-america-latina-4o-dia-de-trabajos\/","name":"Asamblea Eclesial de Am\u00e9rica Latina: 4\u00ba d\u00eda de trabajos &#8211; Exaudi","isPartOf":{"@id":"https:\/\/exaudi.org\/#website"},"primaryImageOfPage":{"@id":"https:\/\/exaudi.org\/es\/asamblea-eclesial-de-america-latina-4o-dia-de-trabajos\/#primaryimage"},"image":{"@id":"https:\/\/exaudi.org\/es\/asamblea-eclesial-de-america-latina-4o-dia-de-trabajos\/#primaryimage"},"thumbnailUrl":"https:\/\/exaudi.org\/wp-content\/uploads\/2021\/11\/Asamblea-Eclesial-de-America-Latina-y-el-Caribe.jpg","datePublished":"2021-11-26T06:38:48+00:00","dateModified":"2022-01-03T15:15:07+00:00","author":{"@id":"https:\/\/exaudi.org\/#\/schema\/person\/fbc491ba5ee575299c5e9bc1b11ccc1f"},"description":"Asamblea Eclesial de Am\u00e9rica Latina invit\u00f3 en su 4\u00ba d\u00eda de trabajos a depurar las invitaciones que hace el Se\u00f1or para su misi\u00f3n como Iglesia","breadcrumb":{"@id":"https:\/\/exaudi.org\/es\/asamblea-eclesial-de-america-latina-4o-dia-de-trabajos\/#breadcrumb"},"inLanguage":"es","potentialAction":[{"@type":"ReadAction","target":["https:\/\/exaudi.org\/es\/asamblea-eclesial-de-america-latina-4o-dia-de-trabajos\/"]}]},{"@type":"ImageObject","inLanguage":"es","@id":"https:\/\/exaudi.org\/es\/asamblea-eclesial-de-america-latina-4o-dia-de-trabajos\/#primaryimage","url":"https:\/\/exaudi.org\/wp-content\/uploads\/2021\/11\/Asamblea-Eclesial-de-America-Latina-y-el-Caribe.jpg","contentUrl":"https:\/\/exaudi.org\/wp-content\/uploads\/2021\/11\/Asamblea-Eclesial-de-America-Latina-y-el-Caribe.jpg","width":1598,"height":899,"caption":"Trabajos \u00a9 Asamblea Eclesial de Am\u00e9rica Latina y el Caribe"},{"@type":"BreadcrumbList","@id":"https:\/\/exaudi.org\/es\/asamblea-eclesial-de-america-latina-4o-dia-de-trabajos\/#breadcrumb","itemListElement":[{"@type":"ListItem","position":1,"name":"Portada","item":"https:\/\/exaudi.org\/es\/"},{"@type":"ListItem","position":2,"name":"Asamblea Eclesial de Am\u00e9rica Latina: 4\u00ba d\u00eda de trabajos"}]},{"@type":"WebSite","@id":"https:\/\/exaudi.org\/#website","url":"https:\/\/exaudi.org\/","name":"Exaudi","description":"News","potentialAction":[{"@type":"SearchAction","target":{"@type":"EntryPoint","urlTemplate":"https:\/\/exaudi.org\/?s={search_term_string}"},"query-input":{"@type":"PropertyValueSpecification","valueRequired":true,"valueName":"search_term_string"}}],"inLanguage":"es"},{"@type":"Person","@id":"https:\/\/exaudi.org\/#\/schema\/person\/fbc491ba5ee575299c5e9bc1b11ccc1f","name":"ADN CELAM","image":{"@type":"ImageObject","inLanguage":"es","@id":"https:\/\/secure.gravatar.com\/avatar\/9f35251df285dd73b5052c2ea71d63aa960ac375813315353fd23ad8daf7a7ae?s=96&d=mm&r=g","url":"https:\/\/secure.gravatar.com\/avatar\/9f35251df285dd73b5052c2ea71d63aa960ac375813315353fd23ad8daf7a7ae?s=96&d=mm&r=g","contentUrl":"https:\/\/secure.gravatar.com\/avatar\/9f35251df285dd73b5052c2ea71d63aa960ac375813315353fd23ad8daf7a7ae?s=96&d=mm&r=g","caption":"ADN CELAM"},"description":"Sistema informativo del Consejo Episcopal Latinoamericano (CELAM)","url":"https:\/\/exaudi.org\/es\/author\/adncelam\/"}]}},"jetpack_featured_media_url":"https:\/\/exaudi.org\/wp-content\/uploads\/2021\/11\/Asamblea-Eclesial-de-America-Latina-y-el-Caribe.jpg","jetpack_shortlink":"https:\/\/wp.me\/pgKjF2-bcd","_links":{"self":[{"href":"https:\/\/exaudi.org\/es\/wp-json\/wp\/v2\/posts\/43041","targetHints":{"allow":["GET"]}}],"collection":[{"href":"https:\/\/exaudi.org\/es\/wp-json\/wp\/v2\/posts"}],"about":[{"href":"https:\/\/exaudi.org\/es\/wp-json\/wp\/v2\/types\/post"}],"author":[{"embeddable":true,"href":"https:\/\/exaudi.org\/es\/wp-json\/wp\/v2\/users\/93"}],"replies":[{"embeddable":true,"href":"https:\/\/exaudi.org\/es\/wp-json\/wp\/v2\/comments?post=43041"}],"version-history":[{"count":0,"href":"https:\/\/exaudi.org\/es\/wp-json\/wp\/v2\/posts\/43041\/revisions"}],"wp:featuredmedia":[{"embeddable":true,"href":"https:\/\/exaudi.org\/es\/wp-json\/wp\/v2\/media\/43042"}],"wp:attachment":[{"href":"https:\/\/exaudi.org\/es\/wp-json\/wp\/v2\/media?parent=43041"}],"wp:term":[{"taxonomy":"category","embeddable":true,"href":"https:\/\/exaudi.org\/es\/wp-json\/wp\/v2\/categories?post=43041"},{"taxonomy":"post_tag","embeddable":true,"href":"https:\/\/exaudi.org\/es\/wp-json\/wp\/v2\/tags?post=43041"}],"curies":[{"name":"wp","href":"https:\/\/api.w.org\/{rel}","templated":true}]}}