{"id":4301,"date":"2021-03-06T17:56:05","date_gmt":"2021-03-06T16:56:05","guid":{"rendered":"https:\/\/exaudi.org\/?p=4301"},"modified":"2021-03-08T09:31:29","modified_gmt":"2021-03-08T08:31:29","slug":"irak-homilia-del-papa-en-bagdad","status":"publish","type":"post","link":"https:\/\/exaudi.org\/es\/irak-homilia-del-papa-en-bagdad\/","title":{"rendered":"Viaje a Irak: Homil\u00eda del Papa en Bagdad"},"content":{"rendered":"<p>En su homil\u00eda de la <a href=\"https:\/\/exaudi.org\/es\/irak-papa-preside-misa-en-la-catedral-caldea\/\" target=\"_blank\" rel=\"noopener noreferrer\">primera Misa en Bagdad<\/a>, Irak, el Papa Francisco ha se\u00f1alado que la Palabra de Dios de hoy (Sap 6, 1-11; 1Cor 12, 31-13, 8 ; <a href=\"http:\/\/www.vatican.va\/archive\/ESL0506\/_PUF.HTM\" target=\"_blank\" rel=\"noopener noreferrer\">Mt 5, 1-10<\/a>) habla de \u201csabidur\u00eda, testimonio y promesas\u201d.<\/p>\n<p><img loading=\"lazy\" decoding=\"async\" class=\"size-medium wp-image-4339 alignleft\" src=\"https:\/\/exaudi.org\/wp-content\/uploads\/2021\/03\/DSC88732593-1-300x200.jpg\" alt=\"\" width=\"300\" height=\"200\" srcset=\"https:\/\/exaudi.org\/wp-content\/uploads\/2021\/03\/DSC88732593-1-300x200.jpg 300w, https:\/\/exaudi.org\/wp-content\/uploads\/2021\/03\/DSC88732593-1-1024x683.jpg 1024w, https:\/\/exaudi.org\/wp-content\/uploads\/2021\/03\/DSC88732593-1-768x512.jpg 768w, https:\/\/exaudi.org\/wp-content\/uploads\/2021\/03\/DSC88732593-1-1536x1024.jpg 1536w, https:\/\/exaudi.org\/wp-content\/uploads\/2021\/03\/DSC88732593-1-2048x1365.jpg 2048w, https:\/\/exaudi.org\/wp-content\/uploads\/2021\/03\/DSC88732593-1-150x100.jpg 150w, https:\/\/exaudi.org\/wp-content\/uploads\/2021\/03\/DSC88732593-1-696x464.jpg 696w, https:\/\/exaudi.org\/wp-content\/uploads\/2021\/03\/DSC88732593-1-1068x712.jpg 1068w, https:\/\/exaudi.org\/wp-content\/uploads\/2021\/03\/DSC88732593-1-1920x1280.jpg 1920w, https:\/\/exaudi.org\/wp-content\/uploads\/2021\/03\/DSC88732593-1-630x420.jpg 630w\" sizes=\"auto, (max-width: 300px) 100vw, 300px\" \/>Hoy, 6 de marzo de 2020, en este segundo d\u00eda de su viaje apost\u00f3lico a Irak, el Santo Padre ha presidido la Eucarist\u00eda en la catedral caldea de San Jos\u00e9, a las 18 horas en Bagdad, las 16 en Roma. El rito escogido para la celebraci\u00f3n eucar\u00edstica ha sido el caldeo.<\/p>\n<h4><strong>Sabidur\u00eda<\/strong><\/h4>\n<p>La sabidur\u00eda, explica Francisco en su homil\u00eda, \u201cha sido cultivada en estas tierras desde la antig\u00fcedad\u201d. Su b\u00fasqueda \u201cha fascinado al hombre desde siempre\u201d, aunque \u201ca menudo quien posee m\u00e1s medios puede adquirir m\u00e1s conocimientos y tener m\u00e1s oportunidades, mientras que el que tiene menos queda relegado\u201d.<\/p>\n<p>No obstante, el Libro de la Sabidur\u00eda \u201csorprende\u201d cambiando esta perspectiva, pues \u201cdice que el que es peque\u00f1o ser\u00e1 perdonado por misericordia, pero los poderosos ser\u00e1n examinados con rigor\u201d\u2019 (<em>Sb<\/em> 6,6)\u201d. Para el mundo, matiza el Papa, \u201cquien posee poco es descartado y quien tiene m\u00e1s es privilegiado. Pero para Dios, no; quien tiene m\u00e1s poder es sometido a un examen riguroso, mientras que los \u00faltimos son los privilegiados de Dios\u201d.<\/p>\n<p>Jes\u00fas, \u201cla Sabidur\u00eda en persona, completa este vuelco en el Evangelio\u201d con las Bienaventuranzas, apunt\u00f3. Y \u201cla propuesta de Jes\u00fas es sabia porque el amor, que es el coraz\u00f3n de las bienaventuranzas, aunque parezca d\u00e9bil a los ojos del mundo, en realidad vence\u201d. En la cruz \u201cdemostr\u00f3 ser m\u00e1s fuerte que el pecado, en el sepulcro venci\u00f3 a la muerte. Es el mismo amor que hizo que los m\u00e1rtires salieran victoriosos de las pruebas, \u00a1y cu\u00e1ntos hubo en el \u00faltimo siglo, m\u00e1s que en los anteriores!\u201d.<\/p>\n<h4><strong>Testimonio<\/strong><\/h4>\n<p><img loading=\"lazy\" decoding=\"async\" class=\"size-medium wp-image-4314 alignright\" src=\"https:\/\/exaudi.org\/wp-content\/uploads\/2021\/03\/DSC52432597-1-300x200.jpg\" alt=\"\" width=\"300\" height=\"200\" srcset=\"https:\/\/exaudi.org\/wp-content\/uploads\/2021\/03\/DSC52432597-1-300x200.jpg 300w, https:\/\/exaudi.org\/wp-content\/uploads\/2021\/03\/DSC52432597-1-1024x683.jpg 1024w, https:\/\/exaudi.org\/wp-content\/uploads\/2021\/03\/DSC52432597-1-768x512.jpg 768w, https:\/\/exaudi.org\/wp-content\/uploads\/2021\/03\/DSC52432597-1-1536x1024.jpg 1536w, https:\/\/exaudi.org\/wp-content\/uploads\/2021\/03\/DSC52432597-1-2048x1365.jpg 2048w, https:\/\/exaudi.org\/wp-content\/uploads\/2021\/03\/DSC52432597-1-150x100.jpg 150w, https:\/\/exaudi.org\/wp-content\/uploads\/2021\/03\/DSC52432597-1-696x464.jpg 696w, https:\/\/exaudi.org\/wp-content\/uploads\/2021\/03\/DSC52432597-1-1068x712.jpg 1068w, https:\/\/exaudi.org\/wp-content\/uploads\/2021\/03\/DSC52432597-1-1920x1280.jpg 1920w, https:\/\/exaudi.org\/wp-content\/uploads\/2021\/03\/DSC52432597-1-630x420.jpg 630w\" sizes=\"auto, (max-width: 300px) 100vw, 300px\" \/>Para practicar las bienaventuranzas, el Pont\u00edfice sostiene que no es necesario hacer \u201ccosas extraordinarias\u201d, sino que exige \u201cun testimonio cotidiano\u201d. Para convertirse en bienaventurado \u201cno es necesario ser un h\u00e9roe de vez en cuando, sino un testigo todos los d\u00edas. El testimonio es el camino para encarnar la sabidur\u00eda de Jes\u00fas. As\u00ed es como se cambia el mundo, no con el poder o con la fuerza, sino con las bienaventuranzas\u201d.<\/p>\n<p>Se trata, prosigui\u00f3, \u201cde dar testimonio del amor de Jes\u00fas, aquella misma caridad que san Pablo describe de manera tan hermosa en la segunda lectura de hoy\u201d. El amor \u201cparece sin\u00f3nimo de bondad, de generosidad, de buenas obras, pero Pablo dice que la caridad es ante todo magn\u00e1nima\u201d, una palabra que, \u201cen la Biblia, habla de la paciencia de Dios\u201d, expuso el Obispo de Roma.<\/p>\n<p>Quien ama, resalt\u00f3, \u201cno se encierra en s\u00ed mismo cuando las cosas van mal, sino que responde al mal con el bien, recordando la sabidur\u00eda victoriosa de la cruz. El testigo de Dios act\u00faa as\u00ed, no es pasivo, ni fatalista, no vive a merced de las circunstancias, del instinto y del momento, sino que est\u00e1 siempre esperanzado, porque est\u00e1 cimentado en el amor que \u2018siempre disculpa y conf\u00eda, siempre espera y soporta\u2019\u201d.<\/p>\n<h4><strong>Promesas<\/strong><\/h4>\n<p>Despu\u00e9s, el Papa Francisco plante\u00f3 \u201c\u00bfY yo c\u00f3mo reacciono ante las situaciones que no van bien?\u201d y se refiri\u00f3 a dos tentaciones: la huida y reaccionar con rabia, \u201ccomo los disc\u00edpulos en Getseman\u00ed\u201d. Jes\u00fas, en contraposici\u00f3n, \u201ccambi\u00f3 la historia. \u00bfC\u00f3mo? Con la humilde fuerza del amor, con su testimonio paciente. Esto es lo que estamos llamados a hacer; es as\u00ed como Dios cumple sus promesas\u201d.<\/p>\n<p>La sabidur\u00eda de Jes\u00fas encarnada en las bienaventuranzas, subray\u00f3, \u201cexige el testimonio y ofrece la recompensa, contenida en las promesas divinas. De hecho, vemos que a cada bienaventuranza sigue una promesa\u201d. Las promesas de Dios \u201cgarantizan una alegr\u00eda sin igual y no defraudan\u201d y son cumplidas \u201ca trav\u00e9s de nuestras debilidades. Dios hace bienaventurados a los que recorren el camino de su pobreza interior hasta el final\u201d.<\/p>\n<p><img loading=\"lazy\" decoding=\"async\" class=\"size-medium wp-image-4323 alignleft\" src=\"https:\/\/exaudi.org\/wp-content\/uploads\/2021\/03\/SFO24252600-300x200.jpg\" alt=\"\" width=\"300\" height=\"200\" srcset=\"https:\/\/exaudi.org\/wp-content\/uploads\/2021\/03\/SFO24252600-300x200.jpg 300w, https:\/\/exaudi.org\/wp-content\/uploads\/2021\/03\/SFO24252600-1024x683.jpg 1024w, https:\/\/exaudi.org\/wp-content\/uploads\/2021\/03\/SFO24252600-768x512.jpg 768w, https:\/\/exaudi.org\/wp-content\/uploads\/2021\/03\/SFO24252600-1536x1024.jpg 1536w, https:\/\/exaudi.org\/wp-content\/uploads\/2021\/03\/SFO24252600-2048x1365.jpg 2048w, https:\/\/exaudi.org\/wp-content\/uploads\/2021\/03\/SFO24252600-150x100.jpg 150w, https:\/\/exaudi.org\/wp-content\/uploads\/2021\/03\/SFO24252600-696x464.jpg 696w, https:\/\/exaudi.org\/wp-content\/uploads\/2021\/03\/SFO24252600-1068x712.jpg 1068w, https:\/\/exaudi.org\/wp-content\/uploads\/2021\/03\/SFO24252600-1920x1280.jpg 1920w, https:\/\/exaudi.org\/wp-content\/uploads\/2021\/03\/SFO24252600-630x420.jpg 630w\" sizes=\"auto, (max-width: 300px) 100vw, 300px\" \/>Finalmente, el Sucesor de Pedro record\u00f3 que \u201clas bienaventuranzas son para ti, para ti que est\u00e1s afligido, hambriento y sediento de justicia, perseguido. El Se\u00f1or te promete que tu nombre est\u00e1 escrito en su coraz\u00f3n, en el cielo\u201d.<\/p>\n<p>\u201cY hoy le doy gracias con ustedes y por ustedes, porque aqu\u00ed, donde en tiempos remotos surgi\u00f3 la sabidur\u00eda, en los tiempos actuales han aparecido muchos testigos, que las cr\u00f3nicas a menudo pasan por alto, y que sin embargo son preciosos a los ojos de Dios; testigos que, viviendo las bienaventuranzas, ayudan a Dios a cumplir sus promesas de paz\u201d, concluy\u00f3.<\/p>\n<p>A continuaci\u00f3n, sigue el texto completo de la homil\u00eda del Santo Padre.<\/p>\n<p>***<\/p>\n<h4><strong>Homil\u00eda del Papa Francisco<\/strong><\/h4>\n<p>La Palabra de Dios nos habla hoy de <em>sabidur\u00eda<\/em>, <em>testimonio<\/em> y <em>promesas<\/em>.<\/p>\n<p>La <em>sabidur\u00eda<\/em> ha sido cultivada en estas tierras desde la antig\u00fcedad. Su b\u00fasqueda ha fascinado al hombre desde siempre; sin embargo, a menudo quien posee m\u00e1s medios puede adquirir m\u00e1s conocimientos y tener m\u00e1s oportunidades, mientras que el que tiene menos queda relegado. Se trata de una desigualdad inaceptable, que hoy se ha ampliado. Pero el Libro de la Sabidur\u00eda nos sorprende cambiando la perspectiva. Dice que \u201cel que es peque\u00f1o ser\u00e1 perdonado por misericordia, pero los poderosos ser\u00e1n examinados con rigor\u201d (<em>Sb<\/em> 6,6). Para el mundo, quien posee poco es descartado y quien tiene m\u00e1s es privilegiado. Pero para Dios, no; quien tiene m\u00e1s poder es sometido a un examen riguroso, mientras que los \u00faltimos son los privilegiados de Dios.<\/p>\n<p>Jes\u00fas, la Sabidur\u00eda en persona, completa este vuelco en el Evangelio, no en cualquier momento, sino al principio del primer discurso, con las Bienaventuranzas. El cambio es total. Los pobres, los que lloran, los perseguidos son llamados bienaventurados. \u00bfC\u00f3mo es posible? Bienaventurados, para el mundo, son los ricos, los poderosos, los famosos. Vale quien tiene, quien puede y quien cuenta. Pero no para Dios. Para \u00c9l no es m\u00e1s grande el que tiene m\u00e1s, sino el que es pobre de esp\u00edritu; no el que domina a los dem\u00e1s, sino el que es manso con todos; no el que es aclamado por las multitudes, sino el que es misericordioso con su hermano. A este punto nos puede venir la duda: Si vivo como pide Jes\u00fas, \u00bfqu\u00e9 gano? \u00bfNo corro el riesgo de que los dem\u00e1s me pisoteen? \u00bfVale la pena la propuesta de Jes\u00fas? \u00bfO es un perdedor? No es perdedor sino sabio.<\/p>\n<p>La propuesta de Jes\u00fas es sabia porque el amor, que es el coraz\u00f3n de las bienaventuranzas, aunque parezca d\u00e9bil a los ojos del mundo, en realidad vence. En la cruz demostr\u00f3 ser m\u00e1s fuerte que el pecado, en el sepulcro venci\u00f3 a la muerte. Es el mismo amor que hizo que los m\u00e1rtires salieran victoriosos de las pruebas, \u00a1y cu\u00e1ntos hubo en el \u00faltimo siglo, m\u00e1s que en los anteriores! El amor es nuestra fuerza, la fuerza de tantos hermanos y hermanas que aqu\u00ed tambi\u00e9n han sufrido prejuicios y ofensas, maltratos y persecuciones por el nombre de Jes\u00fas. Pero mientras el poder, la gloria y la vanidad del mundo pasan, el amor permanece, como nos dijo el ap\u00f3stol Pablo, \u201cno pasa nunca\u201d (<em>1<\/em> <em>Co <\/em>13,8). Vivir las bienaventuranzas, pues, es hacer eterno lo que pasa. Es traer el cielo a la tierra.<\/p>\n<p>Pero, \u00bfc\u00f3mo practicamos las bienaventuranzas? Estas no nos piden que hagamos cosas extraordinarias, que realicemos acciones que est\u00e1n por encima de nuestras capacidades. Nos piden un <em>testimonio <\/em>cotidiano. Bienaventurado es el que vive con mansedumbre, el que practica la misericordia all\u00ed donde se encuentra, el que mantiene puro su coraz\u00f3n all\u00ed donde vive. Para convertirse en bienaventurado no es necesario ser un h\u00e9roe de vez en cuando, sino un <em>testigo<\/em> todos los d\u00edas. El testimonio es el camino para encarnar la sabidur\u00eda de Jes\u00fas. As\u00ed es como se cambia el mundo, no con el poder o con la fuerza, sino con las bienaventuranzas. Porque as\u00ed lo hizo Jes\u00fas, viviendo hasta el final lo que hab\u00eda dicho al principio. Se trata de dar testimonio del amor de Jes\u00fas, aquella misma caridad que san Pablo describe de manera tan hermosa en la segunda lectura de hoy. Veamos c\u00f3mo la presenta.<\/p>\n<p>Primero dice que la caridad \u201ces magn\u00e1nima\u201d (v. 4). No nos esper\u00e1bamos este adjetivo. El amor parece sin\u00f3nimo de bondad, de generosidad, de buenas obras, pero Pablo dice que la caridad es ante todo <em>magn\u00e1nima<\/em>. Es una palabra que, en la Biblia, habla de <em>la paciencia de Dios<\/em>. A lo largo de la historia el hombre ha seguido traicionando la alianza con \u00c9l, cayendo en los pecados de siempre y el Se\u00f1or, en lugar de cansarse y marcharse, siempre ha permanecido fiel, ha perdonado, ha comenzado de nuevo. La paciencia para comenzar de nuevo es la primera caracter\u00edstica del amor, porque el amor no se indigna, sino que siempre vuelve a empezar. No se entristece, sino que da nuevas fuerzas; no se desanima, sino que sigue siendo creativo. Ante el mal no se rinde, no se resigna. Quien ama no se encierra en s\u00ed mismo cuando las cosas van mal, sino que responde al mal con el bien, recordando la sabidur\u00eda victoriosa de la cruz. El testigo de Dios act\u00faa as\u00ed, no es pasivo, ni fatalista, no vive a merced de las circunstancias, del instinto y del momento, sino que est\u00e1 siempre esperanzado, porque est\u00e1 cimentado en el amor que \u201csiempre disculpa y conf\u00eda, siempre espera y soporta\u201d (v. 7).<\/p>\n<p>Podemos preguntarnos: \u00bfY yo c\u00f3mo reacciono ante las situaciones que no van bien? Ante la adversidad hay siempre dos tentaciones. La primera es la huida. Escapar, dar la espalda, no querer saber m\u00e1s. La segunda es reaccionar con rabia, con la fuerza. Es lo que les ocurri\u00f3 a los disc\u00edpulos en Getseman\u00ed; en su desconcierto, muchos huyeron y Pedro tom\u00f3 la espada. Pero ni la huida ni la espada resolvieron nada. Jes\u00fas, en cambio, cambi\u00f3 la historia. \u00bfC\u00f3mo? Con la humilde fuerza del amor, con su testimonio paciente. Esto es lo que estamos llamados a hacer; es as\u00ed como Dios cumple sus promesas.<\/p>\n<p><em>Promesas<\/em>. La sabidur\u00eda de Jes\u00fas, que se encarna en las bienaventuranzas, exige el testimonio y ofrece la recompensa, contenida en las promesas divinas. De hecho, vemos que a cada bienaventuranza sigue una promesa. Quien la vive poseer\u00e1 el reino de los cielos, ser\u00e1 consolado, ser\u00e1 saciado, ver\u00e1 a Dios (cf. <em>Mt<\/em> 5,3-12). Las promesas de Dios garantizan una alegr\u00eda sin igual y no defraudan. Pero, \u00bfc\u00f3mo se cumplen? <em>A trav\u00e9s de nuestras debilidades<\/em>. Dios hace bienaventurados a los que recorren el camino de su pobreza interior hasta el final. Este es el camino, no hay otro. Fij\u00e9monos en el patriarca Abraham. Dios le promete una gran descendencia, pero \u00e9l y Sara son ancianos y no tienen hijos. Y es precisamente en su vejez paciente y confiada cuando Dios obra maravillas y les da un hijo. Veamos a Mois\u00e9s. Dios le promete que liberar\u00e1 al pueblo de la esclavitud y por eso le pide que hable con el fara\u00f3n. Mois\u00e9s le dice que no es capaz de hablar, porque es tartamudo; sin embargo, Dios cumplir\u00e1 la promesa a trav\u00e9s de sus palabras. Fij\u00e9monos en la Virgen que, seg\u00fan lo establecido en la ley, no puede tener hijos, y es llamada a ser madre. Y veamos a Pedro, que niega al Se\u00f1or, y Jes\u00fas lo llama para que confirme a sus hermanos. Queridos hermanos y hermanas, a veces podemos sentirnos incapaces, in\u00fatiles. Pero no hagamos caso, porque Dios quiere hacer maravillas precisamente a trav\u00e9s de nuestras debilidades.<\/p>\n<p>A \u00c9l le encanta comportarse as\u00ed, y esta tarde, ocho veces nos ha dicho <em>\u0163\u016bb&#8217;\u0101<\/em> [bienaventurados], para hacernos entender que con \u00c9l lo somos realmente. Claro, pasamos por pruebas, caemos a menudo, pero no debemos olvidar que, con Jes\u00fas, somos bienaventurados. Todo lo que el mundo nos quita no es nada comparado con el amor tierno y paciente con que el Se\u00f1or cumple sus promesas.<\/p>\n<p>Querida hermana, querido hermano: Tal vez miras tus manos y te parecen vac\u00edas, quiz\u00e1s la desconfianza se insin\u00faa en tu coraz\u00f3n y no te sientes recompensado por la vida. Si te sientes as\u00ed, no temas; las bienaventuranzas son para ti, para ti que est\u00e1s afligido, hambriento y sediento de justicia, perseguido. El Se\u00f1or te promete que tu nombre est\u00e1 escrito en su coraz\u00f3n, en el cielo. Y hoy le doy gracias con ustedes y por ustedes, porque aqu\u00ed, donde en tiempos remotos surgi\u00f3 la <em>sabidur\u00eda<\/em>, en los tiempos actuales han aparecido muchos <em>testigos<\/em>, que las cr\u00f3nicas a menudo pasan por alto, y que sin embargo son preciosos a los ojos de Dios; testigos que, viviendo las bienaventuranzas, ayudan a Dios a cumplir sus promesas de paz.<\/p>\n<p><strong>\u00a9 Librer\u00eda Editora Vaticana<\/strong><\/p>\n","protected":false},"excerpt":{"rendered":"<p>Sabidur\u00eda, testimonio, promesas<\/p>\n","protected":false},"author":5,"featured_media":4317,"comment_status":"closed","ping_status":"closed","sticky":false,"template":"","format":"standard","meta":{"_acf_changed":false,"_crdt_document":"","inline_featured_image":false,"footnotes":""},"categories":[114,120],"tags":[635,681,173,177,158,547],"class_list":["post-4301","post","type-post","status-publish","format-standard","has-post-thumbnail","hentry","category-homilias","category-viajes","tag-bagdad","tag-catedral-de-san-jose-de-los-caldeos","tag-homilia","tag-misa","tag-papa-francisco","tag-viaje-del-papa-francisco-a-irak"],"acf":[],"yoast_head":"<!-- This site is optimized with the Yoast SEO plugin v27.4 - https:\/\/yoast.com\/product\/yoast-seo-wordpress\/ -->\n<title>Viaje a Irak: Homil\u00eda del Papa en Bagdad &#8211; Exaudi<\/title>\n<meta name=\"description\" content=\"En su homil\u00eda de la Misa en Bagdad, Irak, el Papa ha se\u00f1alado que la Palabra de Dios de hoy habla de \u201csabidur\u00eda, testimonio y promesas\u201d.\" \/>\n<meta name=\"robots\" content=\"index, follow, max-snippet:-1, max-image-preview:large, max-video-preview:-1\" \/>\n<link rel=\"canonical\" href=\"https:\/\/exaudi.org\/es\/irak-homilia-del-papa-en-bagdad\/\" \/>\n<meta property=\"og:locale\" content=\"es_ES\" \/>\n<meta property=\"og:type\" content=\"article\" \/>\n<meta property=\"og:title\" content=\"Viaje a Irak: Homil\u00eda del Papa en Bagdad &#8211; Exaudi\" \/>\n<meta property=\"og:description\" content=\"En su homil\u00eda de la Misa en Bagdad, Irak, el Papa ha se\u00f1alado que la Palabra de Dios de hoy habla de \u201csabidur\u00eda, testimonio y promesas\u201d.\" \/>\n<meta property=\"og:url\" content=\"https:\/\/exaudi.org\/es\/irak-homilia-del-papa-en-bagdad\/\" \/>\n<meta property=\"og:site_name\" content=\"Exaudi\" \/>\n<meta property=\"article:publisher\" content=\"https:\/\/www.facebook.com\/ExaudiNews\" \/>\n<meta property=\"article:published_time\" content=\"2021-03-06T16:56:05+00:00\" \/>\n<meta property=\"article:modified_time\" content=\"2021-03-08T08:31:29+00:00\" \/>\n<meta property=\"og:image\" content=\"https:\/\/exaudi.org\/wp-content\/uploads\/2021\/03\/DSC52002595-scaled.jpg\" \/>\n\t<meta property=\"og:image:width\" content=\"2560\" \/>\n\t<meta property=\"og:image:height\" content=\"1705\" \/>\n\t<meta property=\"og:image:type\" content=\"image\/jpeg\" \/>\n<meta name=\"author\" content=\"Larissa I. L\u00f3pez\" \/>\n<meta name=\"twitter:card\" content=\"summary_large_image\" \/>\n<meta name=\"twitter:creator\" content=\"@Exaudi_News\" \/>\n<meta name=\"twitter:site\" content=\"@Exaudi_News\" \/>\n<meta name=\"twitter:label1\" content=\"Escrito por\" \/>\n\t<meta name=\"twitter:data1\" content=\"Larissa I. L\u00f3pez\" \/>\n\t<meta name=\"twitter:label2\" content=\"Tiempo de lectura\" \/>\n\t<meta name=\"twitter:data2\" content=\"10 minutos\" \/>\n<script type=\"application\/ld+json\" class=\"yoast-schema-graph\">{\"@context\":\"https:\\\/\\\/schema.org\",\"@graph\":[{\"@type\":\"Article\",\"@id\":\"https:\\\/\\\/exaudi.org\\\/es\\\/irak-homilia-del-papa-en-bagdad\\\/#article\",\"isPartOf\":{\"@id\":\"https:\\\/\\\/exaudi.org\\\/es\\\/irak-homilia-del-papa-en-bagdad\\\/\"},\"author\":{\"name\":\"Larissa I. L\u00f3pez\",\"@id\":\"https:\\\/\\\/exaudi.org\\\/#\\\/schema\\\/person\\\/7d2f77db033c2c0929edfab6dbe8c588\"},\"headline\":\"Viaje a Irak: Homil\u00eda del Papa en Bagdad\",\"datePublished\":\"2021-03-06T16:56:05+00:00\",\"dateModified\":\"2021-03-08T08:31:29+00:00\",\"mainEntityOfPage\":{\"@id\":\"https:\\\/\\\/exaudi.org\\\/es\\\/irak-homilia-del-papa-en-bagdad\\\/\"},\"wordCount\":2216,\"image\":{\"@id\":\"https:\\\/\\\/exaudi.org\\\/es\\\/irak-homilia-del-papa-en-bagdad\\\/#primaryimage\"},\"thumbnailUrl\":\"https:\\\/\\\/exaudi.org\\\/wp-content\\\/uploads\\\/2021\\\/03\\\/DSC52002595-scaled.jpg\",\"keywords\":[\"Bagdad\",\"Catedral de San Jos\u00e9 de los caldeos\",\"homil\u00eda\",\"misa\",\"papa francisco\",\"Viaje del Papa Francisco a Irak\"],\"articleSection\":[\"Homilias\",\"Viajes\"],\"inLanguage\":\"es\"},{\"@type\":\"WebPage\",\"@id\":\"https:\\\/\\\/exaudi.org\\\/es\\\/irak-homilia-del-papa-en-bagdad\\\/\",\"url\":\"https:\\\/\\\/exaudi.org\\\/es\\\/irak-homilia-del-papa-en-bagdad\\\/\",\"name\":\"Viaje a Irak: Homil\u00eda del Papa en Bagdad &#8211; Exaudi\",\"isPartOf\":{\"@id\":\"https:\\\/\\\/exaudi.org\\\/#website\"},\"primaryImageOfPage\":{\"@id\":\"https:\\\/\\\/exaudi.org\\\/es\\\/irak-homilia-del-papa-en-bagdad\\\/#primaryimage\"},\"image\":{\"@id\":\"https:\\\/\\\/exaudi.org\\\/es\\\/irak-homilia-del-papa-en-bagdad\\\/#primaryimage\"},\"thumbnailUrl\":\"https:\\\/\\\/exaudi.org\\\/wp-content\\\/uploads\\\/2021\\\/03\\\/DSC52002595-scaled.jpg\",\"datePublished\":\"2021-03-06T16:56:05+00:00\",\"dateModified\":\"2021-03-08T08:31:29+00:00\",\"author\":{\"@id\":\"https:\\\/\\\/exaudi.org\\\/#\\\/schema\\\/person\\\/7d2f77db033c2c0929edfab6dbe8c588\"},\"description\":\"En su homil\u00eda de la Misa en Bagdad, Irak, el Papa ha se\u00f1alado que la Palabra de Dios de hoy habla de \u201csabidur\u00eda, testimonio y promesas\u201d.\",\"breadcrumb\":{\"@id\":\"https:\\\/\\\/exaudi.org\\\/es\\\/irak-homilia-del-papa-en-bagdad\\\/#breadcrumb\"},\"inLanguage\":\"es\",\"potentialAction\":[{\"@type\":\"ReadAction\",\"target\":[\"https:\\\/\\\/exaudi.org\\\/es\\\/irak-homilia-del-papa-en-bagdad\\\/\"]}]},{\"@type\":\"ImageObject\",\"inLanguage\":\"es\",\"@id\":\"https:\\\/\\\/exaudi.org\\\/es\\\/irak-homilia-del-papa-en-bagdad\\\/#primaryimage\",\"url\":\"https:\\\/\\\/exaudi.org\\\/wp-content\\\/uploads\\\/2021\\\/03\\\/DSC52002595-scaled.jpg\",\"contentUrl\":\"https:\\\/\\\/exaudi.org\\\/wp-content\\\/uploads\\\/2021\\\/03\\\/DSC52002595-scaled.jpg\",\"width\":2560,\"height\":1705,\"caption\":\"Misa en la catedral de San Jos\u00e9 de los caldeos, Bagdad, Irak \u00a9 Vatican Media\"},{\"@type\":\"BreadcrumbList\",\"@id\":\"https:\\\/\\\/exaudi.org\\\/es\\\/irak-homilia-del-papa-en-bagdad\\\/#breadcrumb\",\"itemListElement\":[{\"@type\":\"ListItem\",\"position\":1,\"name\":\"Portada\",\"item\":\"https:\\\/\\\/exaudi.org\\\/es\\\/\"},{\"@type\":\"ListItem\",\"position\":2,\"name\":\"Viaje a Irak: Homil\u00eda del Papa en Bagdad\"}]},{\"@type\":\"WebSite\",\"@id\":\"https:\\\/\\\/exaudi.org\\\/#website\",\"url\":\"https:\\\/\\\/exaudi.org\\\/\",\"name\":\"Exaudi\",\"description\":\"News\",\"potentialAction\":[{\"@type\":\"SearchAction\",\"target\":{\"@type\":\"EntryPoint\",\"urlTemplate\":\"https:\\\/\\\/exaudi.org\\\/?s={search_term_string}\"},\"query-input\":{\"@type\":\"PropertyValueSpecification\",\"valueRequired\":true,\"valueName\":\"search_term_string\"}}],\"inLanguage\":\"es\"},{\"@type\":\"Person\",\"@id\":\"https:\\\/\\\/exaudi.org\\\/#\\\/schema\\\/person\\\/7d2f77db033c2c0929edfab6dbe8c588\",\"name\":\"Larissa I. L\u00f3pez\",\"image\":{\"@type\":\"ImageObject\",\"inLanguage\":\"es\",\"@id\":\"https:\\\/\\\/secure.gravatar.com\\\/avatar\\\/db3ef399ff343d0bb9d25dc5198bc8ece5ac6d621eca79876697a354dabc1e3f?s=96&d=mm&r=g\",\"url\":\"https:\\\/\\\/secure.gravatar.com\\\/avatar\\\/db3ef399ff343d0bb9d25dc5198bc8ece5ac6d621eca79876697a354dabc1e3f?s=96&d=mm&r=g\",\"contentUrl\":\"https:\\\/\\\/secure.gravatar.com\\\/avatar\\\/db3ef399ff343d0bb9d25dc5198bc8ece5ac6d621eca79876697a354dabc1e3f?s=96&d=mm&r=g\",\"caption\":\"Larissa I. L\u00f3pez\"},\"description\":\"Doctora en Comunicaci\u00f3n. Mi trayectoria profesional ha transcurrido entre el \u00e1mbito de la comunicaci\u00f3n y el de la docencia. En los \u00faltimos a\u00f1os, he trabajado como coordinadora y redactora de la edici\u00f3n de ZENIT en espa\u00f1ol. Como profesora, he impartido clases en la universidad y en centros de FP y bachillerato. Cordobesa de nacimiento, tambi\u00e9n he vivido en Sevilla, Madrid y Roma\",\"url\":\"https:\\\/\\\/exaudi.org\\\/es\\\/author\\\/llopezexaudi-org\\\/\"}]}<\/script>\n<!-- \/ Yoast SEO plugin. -->","yoast_head_json":{"title":"Viaje a Irak: Homil\u00eda del Papa en Bagdad &#8211; Exaudi","description":"En su homil\u00eda de la Misa en Bagdad, Irak, el Papa ha se\u00f1alado que la Palabra de Dios de hoy habla de \u201csabidur\u00eda, testimonio y promesas\u201d.","robots":{"index":"index","follow":"follow","max-snippet":"max-snippet:-1","max-image-preview":"max-image-preview:large","max-video-preview":"max-video-preview:-1"},"canonical":"https:\/\/exaudi.org\/es\/irak-homilia-del-papa-en-bagdad\/","og_locale":"es_ES","og_type":"article","og_title":"Viaje a Irak: Homil\u00eda del Papa en Bagdad &#8211; Exaudi","og_description":"En su homil\u00eda de la Misa en Bagdad, Irak, el Papa ha se\u00f1alado que la Palabra de Dios de hoy habla de \u201csabidur\u00eda, testimonio y promesas\u201d.","og_url":"https:\/\/exaudi.org\/es\/irak-homilia-del-papa-en-bagdad\/","og_site_name":"Exaudi","article_publisher":"https:\/\/www.facebook.com\/ExaudiNews","article_published_time":"2021-03-06T16:56:05+00:00","article_modified_time":"2021-03-08T08:31:29+00:00","og_image":[{"width":2560,"height":1705,"url":"https:\/\/exaudi.org\/wp-content\/uploads\/2021\/03\/DSC52002595-scaled.jpg","type":"image\/jpeg"}],"author":"Larissa I. L\u00f3pez","twitter_card":"summary_large_image","twitter_creator":"@Exaudi_News","twitter_site":"@Exaudi_News","twitter_misc":{"Escrito por":"Larissa I. L\u00f3pez","Tiempo de lectura":"10 minutos"},"schema":{"@context":"https:\/\/schema.org","@graph":[{"@type":"Article","@id":"https:\/\/exaudi.org\/es\/irak-homilia-del-papa-en-bagdad\/#article","isPartOf":{"@id":"https:\/\/exaudi.org\/es\/irak-homilia-del-papa-en-bagdad\/"},"author":{"name":"Larissa I. L\u00f3pez","@id":"https:\/\/exaudi.org\/#\/schema\/person\/7d2f77db033c2c0929edfab6dbe8c588"},"headline":"Viaje a Irak: Homil\u00eda del Papa en Bagdad","datePublished":"2021-03-06T16:56:05+00:00","dateModified":"2021-03-08T08:31:29+00:00","mainEntityOfPage":{"@id":"https:\/\/exaudi.org\/es\/irak-homilia-del-papa-en-bagdad\/"},"wordCount":2216,"image":{"@id":"https:\/\/exaudi.org\/es\/irak-homilia-del-papa-en-bagdad\/#primaryimage"},"thumbnailUrl":"https:\/\/exaudi.org\/wp-content\/uploads\/2021\/03\/DSC52002595-scaled.jpg","keywords":["Bagdad","Catedral de San Jos\u00e9 de los caldeos","homil\u00eda","misa","papa francisco","Viaje del Papa Francisco a Irak"],"articleSection":["Homilias","Viajes"],"inLanguage":"es"},{"@type":"WebPage","@id":"https:\/\/exaudi.org\/es\/irak-homilia-del-papa-en-bagdad\/","url":"https:\/\/exaudi.org\/es\/irak-homilia-del-papa-en-bagdad\/","name":"Viaje a Irak: Homil\u00eda del Papa en Bagdad &#8211; Exaudi","isPartOf":{"@id":"https:\/\/exaudi.org\/#website"},"primaryImageOfPage":{"@id":"https:\/\/exaudi.org\/es\/irak-homilia-del-papa-en-bagdad\/#primaryimage"},"image":{"@id":"https:\/\/exaudi.org\/es\/irak-homilia-del-papa-en-bagdad\/#primaryimage"},"thumbnailUrl":"https:\/\/exaudi.org\/wp-content\/uploads\/2021\/03\/DSC52002595-scaled.jpg","datePublished":"2021-03-06T16:56:05+00:00","dateModified":"2021-03-08T08:31:29+00:00","author":{"@id":"https:\/\/exaudi.org\/#\/schema\/person\/7d2f77db033c2c0929edfab6dbe8c588"},"description":"En su homil\u00eda de la Misa en Bagdad, Irak, el Papa ha se\u00f1alado que la Palabra de Dios de hoy habla de \u201csabidur\u00eda, testimonio y promesas\u201d.","breadcrumb":{"@id":"https:\/\/exaudi.org\/es\/irak-homilia-del-papa-en-bagdad\/#breadcrumb"},"inLanguage":"es","potentialAction":[{"@type":"ReadAction","target":["https:\/\/exaudi.org\/es\/irak-homilia-del-papa-en-bagdad\/"]}]},{"@type":"ImageObject","inLanguage":"es","@id":"https:\/\/exaudi.org\/es\/irak-homilia-del-papa-en-bagdad\/#primaryimage","url":"https:\/\/exaudi.org\/wp-content\/uploads\/2021\/03\/DSC52002595-scaled.jpg","contentUrl":"https:\/\/exaudi.org\/wp-content\/uploads\/2021\/03\/DSC52002595-scaled.jpg","width":2560,"height":1705,"caption":"Misa en la catedral de San Jos\u00e9 de los caldeos, Bagdad, Irak \u00a9 Vatican Media"},{"@type":"BreadcrumbList","@id":"https:\/\/exaudi.org\/es\/irak-homilia-del-papa-en-bagdad\/#breadcrumb","itemListElement":[{"@type":"ListItem","position":1,"name":"Portada","item":"https:\/\/exaudi.org\/es\/"},{"@type":"ListItem","position":2,"name":"Viaje a Irak: Homil\u00eda del Papa en Bagdad"}]},{"@type":"WebSite","@id":"https:\/\/exaudi.org\/#website","url":"https:\/\/exaudi.org\/","name":"Exaudi","description":"News","potentialAction":[{"@type":"SearchAction","target":{"@type":"EntryPoint","urlTemplate":"https:\/\/exaudi.org\/?s={search_term_string}"},"query-input":{"@type":"PropertyValueSpecification","valueRequired":true,"valueName":"search_term_string"}}],"inLanguage":"es"},{"@type":"Person","@id":"https:\/\/exaudi.org\/#\/schema\/person\/7d2f77db033c2c0929edfab6dbe8c588","name":"Larissa I. L\u00f3pez","image":{"@type":"ImageObject","inLanguage":"es","@id":"https:\/\/secure.gravatar.com\/avatar\/db3ef399ff343d0bb9d25dc5198bc8ece5ac6d621eca79876697a354dabc1e3f?s=96&d=mm&r=g","url":"https:\/\/secure.gravatar.com\/avatar\/db3ef399ff343d0bb9d25dc5198bc8ece5ac6d621eca79876697a354dabc1e3f?s=96&d=mm&r=g","contentUrl":"https:\/\/secure.gravatar.com\/avatar\/db3ef399ff343d0bb9d25dc5198bc8ece5ac6d621eca79876697a354dabc1e3f?s=96&d=mm&r=g","caption":"Larissa I. L\u00f3pez"},"description":"Doctora en Comunicaci\u00f3n. Mi trayectoria profesional ha transcurrido entre el \u00e1mbito de la comunicaci\u00f3n y el de la docencia. En los \u00faltimos a\u00f1os, he trabajado como coordinadora y redactora de la edici\u00f3n de ZENIT en espa\u00f1ol. Como profesora, he impartido clases en la universidad y en centros de FP y bachillerato. Cordobesa de nacimiento, tambi\u00e9n he vivido en Sevilla, Madrid y Roma","url":"https:\/\/exaudi.org\/es\/author\/llopezexaudi-org\/"}]}},"jetpack_featured_media_url":"https:\/\/exaudi.org\/wp-content\/uploads\/2021\/03\/DSC52002595-scaled.jpg","jetpack_shortlink":"https:\/\/wp.me\/pgKjF2-17n","_links":{"self":[{"href":"https:\/\/exaudi.org\/es\/wp-json\/wp\/v2\/posts\/4301","targetHints":{"allow":["GET"]}}],"collection":[{"href":"https:\/\/exaudi.org\/es\/wp-json\/wp\/v2\/posts"}],"about":[{"href":"https:\/\/exaudi.org\/es\/wp-json\/wp\/v2\/types\/post"}],"author":[{"embeddable":true,"href":"https:\/\/exaudi.org\/es\/wp-json\/wp\/v2\/users\/5"}],"replies":[{"embeddable":true,"href":"https:\/\/exaudi.org\/es\/wp-json\/wp\/v2\/comments?post=4301"}],"version-history":[{"count":0,"href":"https:\/\/exaudi.org\/es\/wp-json\/wp\/v2\/posts\/4301\/revisions"}],"wp:featuredmedia":[{"embeddable":true,"href":"https:\/\/exaudi.org\/es\/wp-json\/wp\/v2\/media\/4317"}],"wp:attachment":[{"href":"https:\/\/exaudi.org\/es\/wp-json\/wp\/v2\/media?parent=4301"}],"wp:term":[{"taxonomy":"category","embeddable":true,"href":"https:\/\/exaudi.org\/es\/wp-json\/wp\/v2\/categories?post=4301"},{"taxonomy":"post_tag","embeddable":true,"href":"https:\/\/exaudi.org\/es\/wp-json\/wp\/v2\/tags?post=4301"}],"curies":[{"name":"wp","href":"https:\/\/api.w.org\/{rel}","templated":true}]}}