{"id":42952,"date":"2021-11-25T08:30:30","date_gmt":"2021-11-25T07:30:30","guid":{"rendered":"https:\/\/exaudi.wpengine.com\/vaticano-santo-rosario-en-honor-a-la-virgen-de-guadalupe\/"},"modified":"2021-11-25T08:30:30","modified_gmt":"2021-11-25T07:30:30","slug":"vaticano-santo-rosario-en-honor-a-la-virgen-de-guadalupe","status":"publish","type":"post","link":"https:\/\/exaudi.org\/es\/vaticano-santo-rosario-en-honor-a-la-virgen-de-guadalupe\/","title":{"rendered":"Vaticano: Rosario en honor a la Virgen de Guadalupe"},"content":{"rendered":"<p>El Vaticano celebrar\u00e1 el rezo del Santo Rosario en honor a la <a href=\"https:\/\/exaudi.org\/es\/celam-virgen-guadalupe-renovacion-y-asamblea-eclesial\/\" target=\"_blank\" rel=\"noopener\">Virgen de Guadalupe<\/a> en la plaza de San Pedro, el pr\u00f3ximo domingo 12 de diciembre de 2021, a las 10 de la ma\u00f1ana, luego, a las 12 se participar\u00e1 en la oraci\u00f3n mariana del \u00c1ngelus con el Papa Francisco. As\u00ed ha informado la <a href=\"http:\/\/www.americalatina.va\/content\/americalatina\/es.html\" target=\"_blank\" rel=\"noopener\">Pontificia Comisi\u00f3n para Am\u00e9rica Latina<\/a> (PCAL).<\/p>\n<p>A trav\u00e9s de un comunicado de prensa, la Pontificia Comisi\u00f3n para Am\u00e9rica Latina (CAL) ha expresado: \u201cCon gozo evang\u00e9lico, caminando con toda la Iglesia, les compartimos que el Papa Francisco acogi\u00f3 la propuesta de la Pontificia Comisi\u00f3n para Am\u00e9rica Latina de celebrar la festividad de Nuestra Se\u00f1ora de Guadalupe, patrona de toda Am\u00e9rica y las Filipinas, el domingo 12 de diciembre en la plaza de San Pedro\u201d.<\/p>\n<p>Asimismo, la CAL ha explicado \u201cque movidos por la fe, el amor y la esperanza, como Iglesia, un nosotros grande como toda la familia humana, expresamos nuestro amor a la madre de todos, la Beata Virgen Mar\u00eda de Guadalupe, en cercan\u00eda y fidelidad al Sucesor de Pedro, el Papa Francisco\u201d.<\/p>\n<h4><strong>Representantes de distintos pueblos y culturas<\/strong><\/h4>\n<p>De este modo, convocados y reunidos \u201cdesde un sentir latinoamericano, rezaremos el Santo Rosario en un signo de \u2018unidad en la diferencia\u2019, donde cada decena ser\u00e1 entonada por representantes de distintos pueblos y culturas, expresando nuestras intenciones por toda la Iglesia Cat\u00f3lica en el mundo; atentos a los clamores de los descartados a las periferias existenciales, conmovidos por las v\u00edctimas de las pandemias que profundiz\u00f3 el COVID-19, ante la mirada firme y viva que nos acoge dici\u00e9ndonos: \u201cOye, ten entendido, hijo m\u00edo el m\u00e1s peque\u00f1o, que es nada lo que te asusta y aflige. No se turbe tu coraz\u00f3n, no temas esa ni ninguna otra enfermedad o angustia. \u00bfAcaso no estoy yo aqu\u00ed que soy tu madre?, \u00bfNo est\u00e1s bajo mi sombra?, \u00bfNo soy tu salud? \u00bfNo est\u00e1s por ventura en mi regazo?\u201d.<\/p>\n<h4><strong>\u00c1ngelus con el Papa Francisco<\/strong><\/h4>\n<p>Por \u00faltimo, la CAL apunta de que el momento de oraci\u00f3n, animaci\u00f3n y canto \u201cculminar\u00e1 con una oraci\u00f3n presidida por el cardenal <a href=\"https:\/\/exaudi.org\/es\/asamblea-eclesial-que-el-espiritu-nos-ayude-a-discernir\/\" target=\"_blank\" rel=\"noopener\">Marc Ouellet<\/a>, prefecto de la Congregaci\u00f3n para los Obispos y presidente de la Pontificia Comisi\u00f3n para Am\u00e9rica Latina, en armoniosa sinton\u00eda con todos los fieles presentes, disponi\u00e9ndonos a participar del rezo del \u00c1ngelus con el Santo Padre al mediod\u00eda\u201d.<\/p>\n<p>Asimismo, el comunicado se\u00f1ala el seguimiento de las indicaciones de prudencia sanitaria \u201cgarantizando fraternalmente\u201d el ingreso y la circulaci\u00f3n de los participantes a la plaza, a participar de esta celebraci\u00f3n guadalupana: \u201ccomo Pueblo de Dios, como comunidad latinoamericana y filipina presentes en Roma, residentes y peregrinos, religiosos y religiosas, cardenales y obispos, miembros del Cuerpo Diplom\u00e1tico y de la Curia Romana, todos\u201d.<\/p>\n","protected":false},"excerpt":{"rendered":"<p>En la plaza de San Pedro, el pr\u00f3ximo domingo 12 de diciembre<\/p>\n","protected":false},"author":81,"featured_media":42146,"comment_status":"open","ping_status":"open","sticky":false,"template":"","format":"standard","meta":{"_acf_changed":false,"_crdt_document":"","inline_featured_image":false,"footnotes":""},"categories":[298,132],"tags":[1862,266,589],"class_list":["post-42952","post","type-post","status-publish","format-standard","has-post-thumbnail","hentry","category-ultimas-noticias","category-vaticano-es","tag-rosario","tag-vaticano","tag-virgen-de-guadalupe"],"acf":[],"yoast_head":"<!-- This site is optimized with the Yoast SEO plugin v27.5 - https:\/\/yoast.com\/product\/yoast-seo-wordpress\/ -->\n<title>Vaticano: Rosario en honor a la Virgen de Guadalupe &#8211; Exaudi<\/title>\n<meta name=\"description\" content=\"El Vaticano celebrar\u00e1 el rezo del Santo Rosario en honor a la Virgen de Guadalupe en la Plaza de San Pedro.\" \/>\n<meta name=\"robots\" content=\"index, follow, max-snippet:-1, max-image-preview:large, max-video-preview:-1\" \/>\n<link rel=\"canonical\" href=\"https:\/\/exaudi.org\/es\/vaticano-santo-rosario-en-honor-a-la-virgen-de-guadalupe\/\" \/>\n<meta property=\"og:locale\" content=\"es_ES\" \/>\n<meta property=\"og:type\" content=\"article\" \/>\n<meta property=\"og:title\" content=\"Vaticano: Rosario en honor a la Virgen de Guadalupe &#8211; Exaudi\" \/>\n<meta property=\"og:description\" content=\"El Vaticano celebrar\u00e1 el rezo del Santo Rosario en honor a la Virgen de Guadalupe en la Plaza de San Pedro.\" \/>\n<meta property=\"og:url\" content=\"https:\/\/exaudi.org\/es\/vaticano-santo-rosario-en-honor-a-la-virgen-de-guadalupe\/\" \/>\n<meta property=\"og:site_name\" content=\"Exaudi\" \/>\n<meta property=\"article:publisher\" content=\"https:\/\/www.facebook.com\/ExaudiNews\" \/>\n<meta property=\"article:published_time\" content=\"2021-11-25T07:30:30+00:00\" \/>\n<meta property=\"og:image\" content=\"https:\/\/exaudi.org\/wp-content\/uploads\/2021\/11\/cq5dam.thumbnail.cropped.1000.563-11.jpeg\" \/>\n\t<meta property=\"og:image:width\" content=\"1000\" \/>\n\t<meta property=\"og:image:height\" content=\"563\" \/>\n\t<meta property=\"og:image:type\" content=\"image\/jpeg\" \/>\n<meta name=\"author\" content=\"Alba Montalvo\" \/>\n<meta name=\"twitter:card\" content=\"summary_large_image\" \/>\n<meta name=\"twitter:creator\" content=\"@Exaudi_News\" \/>\n<meta name=\"twitter:site\" content=\"@Exaudi_News\" \/>\n<meta name=\"twitter:label1\" content=\"Escrito por\" \/>\n\t<meta name=\"twitter:data1\" content=\"Alba Montalvo\" \/>\n\t<meta name=\"twitter:label2\" content=\"Tiempo de lectura\" \/>\n\t<meta name=\"twitter:data2\" content=\"2 minutos\" \/>\n<script type=\"application\/ld+json\" class=\"yoast-schema-graph\">{\"@context\":\"https:\\\/\\\/schema.org\",\"@graph\":[{\"@type\":\"Article\",\"@id\":\"https:\\\/\\\/exaudi.org\\\/es\\\/vaticano-santo-rosario-en-honor-a-la-virgen-de-guadalupe\\\/#article\",\"isPartOf\":{\"@id\":\"https:\\\/\\\/exaudi.org\\\/es\\\/vaticano-santo-rosario-en-honor-a-la-virgen-de-guadalupe\\\/\"},\"author\":{\"name\":\"Alba Montalvo\",\"@id\":\"https:\\\/\\\/exaudi.org\\\/#\\\/schema\\\/person\\\/fc7b3cbb6f4d66ebcb53bf601d7b7eb1\"},\"headline\":\"Vaticano: Rosario en honor a la Virgen de Guadalupe\",\"datePublished\":\"2021-11-25T07:30:30+00:00\",\"mainEntityOfPage\":{\"@id\":\"https:\\\/\\\/exaudi.org\\\/es\\\/vaticano-santo-rosario-en-honor-a-la-virgen-de-guadalupe\\\/\"},\"wordCount\":486,\"commentCount\":0,\"image\":{\"@id\":\"https:\\\/\\\/exaudi.org\\\/es\\\/vaticano-santo-rosario-en-honor-a-la-virgen-de-guadalupe\\\/#primaryimage\"},\"thumbnailUrl\":\"https:\\\/\\\/exaudi.org\\\/wp-content\\\/uploads\\\/2021\\\/11\\\/cq5dam.thumbnail.cropped.1000.563-11.jpeg\",\"keywords\":[\"Rosario\",\"Vaticano\",\"Virgen de Guadalupe\"],\"articleSection\":[\"\u00daltimas noticias\",\"Vaticano\"],\"inLanguage\":\"es\",\"potentialAction\":[{\"@type\":\"CommentAction\",\"name\":\"Comment\",\"target\":[\"https:\\\/\\\/exaudi.org\\\/es\\\/vaticano-santo-rosario-en-honor-a-la-virgen-de-guadalupe\\\/#respond\"]}]},{\"@type\":\"WebPage\",\"@id\":\"https:\\\/\\\/exaudi.org\\\/es\\\/vaticano-santo-rosario-en-honor-a-la-virgen-de-guadalupe\\\/\",\"url\":\"https:\\\/\\\/exaudi.org\\\/es\\\/vaticano-santo-rosario-en-honor-a-la-virgen-de-guadalupe\\\/\",\"name\":\"Vaticano: Rosario en honor a la Virgen de Guadalupe &#8211; Exaudi\",\"isPartOf\":{\"@id\":\"https:\\\/\\\/exaudi.org\\\/#website\"},\"primaryImageOfPage\":{\"@id\":\"https:\\\/\\\/exaudi.org\\\/es\\\/vaticano-santo-rosario-en-honor-a-la-virgen-de-guadalupe\\\/#primaryimage\"},\"image\":{\"@id\":\"https:\\\/\\\/exaudi.org\\\/es\\\/vaticano-santo-rosario-en-honor-a-la-virgen-de-guadalupe\\\/#primaryimage\"},\"thumbnailUrl\":\"https:\\\/\\\/exaudi.org\\\/wp-content\\\/uploads\\\/2021\\\/11\\\/cq5dam.thumbnail.cropped.1000.563-11.jpeg\",\"datePublished\":\"2021-11-25T07:30:30+00:00\",\"author\":{\"@id\":\"https:\\\/\\\/exaudi.org\\\/#\\\/schema\\\/person\\\/fc7b3cbb6f4d66ebcb53bf601d7b7eb1\"},\"description\":\"El Vaticano celebrar\u00e1 el rezo del Santo Rosario en honor a la Virgen de Guadalupe en la Plaza de San Pedro.\",\"breadcrumb\":{\"@id\":\"https:\\\/\\\/exaudi.org\\\/es\\\/vaticano-santo-rosario-en-honor-a-la-virgen-de-guadalupe\\\/#breadcrumb\"},\"inLanguage\":\"es\",\"potentialAction\":[{\"@type\":\"ReadAction\",\"target\":[\"https:\\\/\\\/exaudi.org\\\/es\\\/vaticano-santo-rosario-en-honor-a-la-virgen-de-guadalupe\\\/\"]}]},{\"@type\":\"ImageObject\",\"inLanguage\":\"es\",\"@id\":\"https:\\\/\\\/exaudi.org\\\/es\\\/vaticano-santo-rosario-en-honor-a-la-virgen-de-guadalupe\\\/#primaryimage\",\"url\":\"https:\\\/\\\/exaudi.org\\\/wp-content\\\/uploads\\\/2021\\\/11\\\/cq5dam.thumbnail.cropped.1000.563-11.jpeg\",\"contentUrl\":\"https:\\\/\\\/exaudi.org\\\/wp-content\\\/uploads\\\/2021\\\/11\\\/cq5dam.thumbnail.cropped.1000.563-11.jpeg\",\"width\":1000,\"height\":563,\"caption\":\"\u00a9 Vatican Media\"},{\"@type\":\"BreadcrumbList\",\"@id\":\"https:\\\/\\\/exaudi.org\\\/es\\\/vaticano-santo-rosario-en-honor-a-la-virgen-de-guadalupe\\\/#breadcrumb\",\"itemListElement\":[{\"@type\":\"ListItem\",\"position\":1,\"name\":\"Portada\",\"item\":\"https:\\\/\\\/exaudi.org\\\/es\\\/\"},{\"@type\":\"ListItem\",\"position\":2,\"name\":\"Vaticano: Rosario en honor a la Virgen de Guadalupe\"}]},{\"@type\":\"WebSite\",\"@id\":\"https:\\\/\\\/exaudi.org\\\/#website\",\"url\":\"https:\\\/\\\/exaudi.org\\\/\",\"name\":\"Exaudi\",\"description\":\"News\",\"potentialAction\":[{\"@type\":\"SearchAction\",\"target\":{\"@type\":\"EntryPoint\",\"urlTemplate\":\"https:\\\/\\\/exaudi.org\\\/?s={search_term_string}\"},\"query-input\":{\"@type\":\"PropertyValueSpecification\",\"valueRequired\":true,\"valueName\":\"search_term_string\"}}],\"inLanguage\":\"es\"},{\"@type\":\"Person\",\"@id\":\"https:\\\/\\\/exaudi.org\\\/#\\\/schema\\\/person\\\/fc7b3cbb6f4d66ebcb53bf601d7b7eb1\",\"name\":\"Alba Montalvo\",\"image\":{\"@type\":\"ImageObject\",\"inLanguage\":\"es\",\"@id\":\"https:\\\/\\\/secure.gravatar.com\\\/avatar\\\/1e8c522219a5df52d143b7baf13997ffd4f1814ca862efe7af11a13849275021?s=96&d=mm&r=g\",\"url\":\"https:\\\/\\\/secure.gravatar.com\\\/avatar\\\/1e8c522219a5df52d143b7baf13997ffd4f1814ca862efe7af11a13849275021?s=96&d=mm&r=g\",\"contentUrl\":\"https:\\\/\\\/secure.gravatar.com\\\/avatar\\\/1e8c522219a5df52d143b7baf13997ffd4f1814ca862efe7af11a13849275021?s=96&d=mm&r=g\",\"caption\":\"Alba Montalvo\"},\"description\":\"Licenciada en Periodismo y M\u00e1ster en Periodismo Social. Mi trayectoria profesional ha estado siempre vinculada al \u00e1mbito de la comunicaci\u00f3n en el entorno digital. He trabajado como productora, gestora de contenidos estrat\u00e9gicos para redes y entrevistadora en la Fundaci\u00f3n Mater Mundi TV. Madrile\u00f1a de nacimiento, actualmente vivo en M\u00e1laga.\",\"url\":\"https:\\\/\\\/exaudi.org\\\/es\\\/author\\\/amontalvoexaudi-org\\\/\"}]}<\/script>\n<!-- \/ Yoast SEO plugin. -->","yoast_head_json":{"title":"Vaticano: Rosario en honor a la Virgen de Guadalupe &#8211; Exaudi","description":"El Vaticano celebrar\u00e1 el rezo del Santo Rosario en honor a la Virgen de Guadalupe en la Plaza de San Pedro.","robots":{"index":"index","follow":"follow","max-snippet":"max-snippet:-1","max-image-preview":"max-image-preview:large","max-video-preview":"max-video-preview:-1"},"canonical":"https:\/\/exaudi.org\/es\/vaticano-santo-rosario-en-honor-a-la-virgen-de-guadalupe\/","og_locale":"es_ES","og_type":"article","og_title":"Vaticano: Rosario en honor a la Virgen de Guadalupe &#8211; Exaudi","og_description":"El Vaticano celebrar\u00e1 el rezo del Santo Rosario en honor a la Virgen de Guadalupe en la Plaza de San Pedro.","og_url":"https:\/\/exaudi.org\/es\/vaticano-santo-rosario-en-honor-a-la-virgen-de-guadalupe\/","og_site_name":"Exaudi","article_publisher":"https:\/\/www.facebook.com\/ExaudiNews","article_published_time":"2021-11-25T07:30:30+00:00","og_image":[{"width":1000,"height":563,"url":"https:\/\/exaudi.org\/wp-content\/uploads\/2021\/11\/cq5dam.thumbnail.cropped.1000.563-11.jpeg","type":"image\/jpeg"}],"author":"Alba Montalvo","twitter_card":"summary_large_image","twitter_creator":"@Exaudi_News","twitter_site":"@Exaudi_News","twitter_misc":{"Escrito por":"Alba Montalvo","Tiempo de lectura":"2 minutos"},"schema":{"@context":"https:\/\/schema.org","@graph":[{"@type":"Article","@id":"https:\/\/exaudi.org\/es\/vaticano-santo-rosario-en-honor-a-la-virgen-de-guadalupe\/#article","isPartOf":{"@id":"https:\/\/exaudi.org\/es\/vaticano-santo-rosario-en-honor-a-la-virgen-de-guadalupe\/"},"author":{"name":"Alba Montalvo","@id":"https:\/\/exaudi.org\/#\/schema\/person\/fc7b3cbb6f4d66ebcb53bf601d7b7eb1"},"headline":"Vaticano: Rosario en honor a la Virgen de Guadalupe","datePublished":"2021-11-25T07:30:30+00:00","mainEntityOfPage":{"@id":"https:\/\/exaudi.org\/es\/vaticano-santo-rosario-en-honor-a-la-virgen-de-guadalupe\/"},"wordCount":486,"commentCount":0,"image":{"@id":"https:\/\/exaudi.org\/es\/vaticano-santo-rosario-en-honor-a-la-virgen-de-guadalupe\/#primaryimage"},"thumbnailUrl":"https:\/\/exaudi.org\/wp-content\/uploads\/2021\/11\/cq5dam.thumbnail.cropped.1000.563-11.jpeg","keywords":["Rosario","Vaticano","Virgen de Guadalupe"],"articleSection":["\u00daltimas noticias","Vaticano"],"inLanguage":"es","potentialAction":[{"@type":"CommentAction","name":"Comment","target":["https:\/\/exaudi.org\/es\/vaticano-santo-rosario-en-honor-a-la-virgen-de-guadalupe\/#respond"]}]},{"@type":"WebPage","@id":"https:\/\/exaudi.org\/es\/vaticano-santo-rosario-en-honor-a-la-virgen-de-guadalupe\/","url":"https:\/\/exaudi.org\/es\/vaticano-santo-rosario-en-honor-a-la-virgen-de-guadalupe\/","name":"Vaticano: Rosario en honor a la Virgen de Guadalupe &#8211; Exaudi","isPartOf":{"@id":"https:\/\/exaudi.org\/#website"},"primaryImageOfPage":{"@id":"https:\/\/exaudi.org\/es\/vaticano-santo-rosario-en-honor-a-la-virgen-de-guadalupe\/#primaryimage"},"image":{"@id":"https:\/\/exaudi.org\/es\/vaticano-santo-rosario-en-honor-a-la-virgen-de-guadalupe\/#primaryimage"},"thumbnailUrl":"https:\/\/exaudi.org\/wp-content\/uploads\/2021\/11\/cq5dam.thumbnail.cropped.1000.563-11.jpeg","datePublished":"2021-11-25T07:30:30+00:00","author":{"@id":"https:\/\/exaudi.org\/#\/schema\/person\/fc7b3cbb6f4d66ebcb53bf601d7b7eb1"},"description":"El Vaticano celebrar\u00e1 el rezo del Santo Rosario en honor a la Virgen de Guadalupe en la Plaza de San Pedro.","breadcrumb":{"@id":"https:\/\/exaudi.org\/es\/vaticano-santo-rosario-en-honor-a-la-virgen-de-guadalupe\/#breadcrumb"},"inLanguage":"es","potentialAction":[{"@type":"ReadAction","target":["https:\/\/exaudi.org\/es\/vaticano-santo-rosario-en-honor-a-la-virgen-de-guadalupe\/"]}]},{"@type":"ImageObject","inLanguage":"es","@id":"https:\/\/exaudi.org\/es\/vaticano-santo-rosario-en-honor-a-la-virgen-de-guadalupe\/#primaryimage","url":"https:\/\/exaudi.org\/wp-content\/uploads\/2021\/11\/cq5dam.thumbnail.cropped.1000.563-11.jpeg","contentUrl":"https:\/\/exaudi.org\/wp-content\/uploads\/2021\/11\/cq5dam.thumbnail.cropped.1000.563-11.jpeg","width":1000,"height":563,"caption":"\u00a9 Vatican Media"},{"@type":"BreadcrumbList","@id":"https:\/\/exaudi.org\/es\/vaticano-santo-rosario-en-honor-a-la-virgen-de-guadalupe\/#breadcrumb","itemListElement":[{"@type":"ListItem","position":1,"name":"Portada","item":"https:\/\/exaudi.org\/es\/"},{"@type":"ListItem","position":2,"name":"Vaticano: Rosario en honor a la Virgen de Guadalupe"}]},{"@type":"WebSite","@id":"https:\/\/exaudi.org\/#website","url":"https:\/\/exaudi.org\/","name":"Exaudi","description":"News","potentialAction":[{"@type":"SearchAction","target":{"@type":"EntryPoint","urlTemplate":"https:\/\/exaudi.org\/?s={search_term_string}"},"query-input":{"@type":"PropertyValueSpecification","valueRequired":true,"valueName":"search_term_string"}}],"inLanguage":"es"},{"@type":"Person","@id":"https:\/\/exaudi.org\/#\/schema\/person\/fc7b3cbb6f4d66ebcb53bf601d7b7eb1","name":"Alba Montalvo","image":{"@type":"ImageObject","inLanguage":"es","@id":"https:\/\/secure.gravatar.com\/avatar\/1e8c522219a5df52d143b7baf13997ffd4f1814ca862efe7af11a13849275021?s=96&d=mm&r=g","url":"https:\/\/secure.gravatar.com\/avatar\/1e8c522219a5df52d143b7baf13997ffd4f1814ca862efe7af11a13849275021?s=96&d=mm&r=g","contentUrl":"https:\/\/secure.gravatar.com\/avatar\/1e8c522219a5df52d143b7baf13997ffd4f1814ca862efe7af11a13849275021?s=96&d=mm&r=g","caption":"Alba Montalvo"},"description":"Licenciada en Periodismo y M\u00e1ster en Periodismo Social. Mi trayectoria profesional ha estado siempre vinculada al \u00e1mbito de la comunicaci\u00f3n en el entorno digital. He trabajado como productora, gestora de contenidos estrat\u00e9gicos para redes y entrevistadora en la Fundaci\u00f3n Mater Mundi TV. Madrile\u00f1a de nacimiento, actualmente vivo en M\u00e1laga.","url":"https:\/\/exaudi.org\/es\/author\/amontalvoexaudi-org\/"}]}},"jetpack_featured_media_url":"https:\/\/exaudi.org\/wp-content\/uploads\/2021\/11\/cq5dam.thumbnail.cropped.1000.563-11.jpeg","jetpack_shortlink":"https:\/\/wp.me\/pgKjF2-baM","_links":{"self":[{"href":"https:\/\/exaudi.org\/es\/wp-json\/wp\/v2\/posts\/42952","targetHints":{"allow":["GET"]}}],"collection":[{"href":"https:\/\/exaudi.org\/es\/wp-json\/wp\/v2\/posts"}],"about":[{"href":"https:\/\/exaudi.org\/es\/wp-json\/wp\/v2\/types\/post"}],"author":[{"embeddable":true,"href":"https:\/\/exaudi.org\/es\/wp-json\/wp\/v2\/users\/81"}],"replies":[{"embeddable":true,"href":"https:\/\/exaudi.org\/es\/wp-json\/wp\/v2\/comments?post=42952"}],"version-history":[{"count":0,"href":"https:\/\/exaudi.org\/es\/wp-json\/wp\/v2\/posts\/42952\/revisions"}],"wp:featuredmedia":[{"embeddable":true,"href":"https:\/\/exaudi.org\/es\/wp-json\/wp\/v2\/media\/42146"}],"wp:attachment":[{"href":"https:\/\/exaudi.org\/es\/wp-json\/wp\/v2\/media?parent=42952"}],"wp:term":[{"taxonomy":"category","embeddable":true,"href":"https:\/\/exaudi.org\/es\/wp-json\/wp\/v2\/categories?post=42952"},{"taxonomy":"post_tag","embeddable":true,"href":"https:\/\/exaudi.org\/es\/wp-json\/wp\/v2\/tags?post=42952"}],"curies":[{"name":"wp","href":"https:\/\/api.w.org\/{rel}","templated":true}]}}