{"id":42650,"date":"2021-11-19T12:26:12","date_gmt":"2021-11-19T11:26:12","guid":{"rendered":"https:\/\/exaudi.wpengine.com\/antillas-una-iglesia-misionera-y-de-vocacion-bautismal\/"},"modified":"2022-01-03T16:16:21","modified_gmt":"2022-01-03T15:16:21","slug":"antillas-una-iglesia-misionera-y-de-vocacion-bautismal","status":"publish","type":"post","link":"https:\/\/exaudi.org\/es\/antillas-una-iglesia-misionera-y-de-vocacion-bautismal\/","title":{"rendered":"Antillas: Una Iglesia misionera y de vocaci\u00f3n bautismal"},"content":{"rendered":"<p>En una regi\u00f3n de gran diversidad como son las Antillas, el presidente de la <a href=\"http:\/\/aecbishops.org\/\" target=\"_blank\" rel=\"noopener\">Conferencia Episcopal de las Antillas<\/a>, Monse\u00f1or Gabriel Malzaire, hace ver la necesidad de ser una \u201cIglesia misionera, que nace de nuestra vocaci\u00f3n bautismal\u201d, as\u00ed ha informado el episcopado en una nota.<\/p>\n<p>El obispo de Roseau y presidente de la Conferencia Episcopal de las Antillas llama a vivir la misi\u00f3n \u201cen los propios ambientes y realidades\u201d. Al hablar sobre sinodalidad, en una entrevista con ADN CELAM, sistema informativo del Consejo Episcopal Latinoamericano (CELAM), monse\u00f1or Malzaire lo ve como \u201cuna invitaci\u00f3n del <a href=\"https:\/\/exaudi.org\/es\/oracion-del-papa-francisco-a-san-jose\/\" target=\"_blank\" rel=\"noopener\">Santo Padre<\/a>, enumerando algunos retos en ese camino sinodal, como es el llegar a pocas soluciones y acciones pastorales. Junto con eso la posible p\u00e9rdida de poder de la jerarqu\u00eda y el miedo al futuro de la Iglesia\u201d.<\/p>\n<h4><strong>Diversidad y vocaci\u00f3n bautismal<\/strong><\/h4>\n<p>Teniendo en cuenta su diversidad geogr\u00e1fica, religiosa, idiom\u00e1tica y cultural, \u00bfC\u00f3mo vive la Iglesia de Antillas el llamado del Papa a ser una Iglesia misionera y en salida? En este aspecto, las Antillas es una regi\u00f3n diversa en t\u00e9rminos de geograf\u00eda, religi\u00f3n, lenguas y cultura. Est\u00e1n conformadas por un archipi\u00e9lago de islas separadas por agua y tres territorios en el continente sudamericano, Guyana, Guyana Francesa y Surinam.<\/p>\n<p>De este modo, la influencia de los primeros colonizadores europeos se refleja en la diversidad ling\u00fc\u00edstica regional y las pr\u00e1cticas culturales. Esta diversidad se expandi\u00f3 por la mezcla con las personas con ascendencia africana, asi\u00e1tica e ind\u00edgenas, siendo estos \u00faltimos m\u00e1s presentes en los territorios peninsulares principales y un poco en la Isla de Dominica.<\/p>\n<p>Cabe resaltar, c\u00f3mo en los \u00faltimos quinientos a\u00f1os, la regi\u00f3n de las Antillas ha sido tierra de misi\u00f3n, principalmente con misioneros europeos, los cuales vinieron a ministrar en este territorio. Hoy en d\u00eda, el Santo Padre Francisco hace el llamado a toda la Iglesia, \u201cincluy\u00e9ndonos a nosotros, a ser misioneros. B\u00e1sicamente, \u00e9l nos llama a reconocer con m\u00e1s profundidad nuestra vocaci\u00f3n bautismal\u201d.<\/p>\n<p>Asimismo, \u201cya que fuimos evangelizados o ministrados por otros, ahora nuestro deber es evangelizar. Sin embargo, esta evangelizaci\u00f3n debe ser vista desde un espectro m\u00e1s amplio que antiguamente. Con eso, adem\u00e1s de ser aptos para compartir el mensaje con personas de culturas distintas, estamos convocados a ser disc\u00edpulos misioneros dentro de nuestra regi\u00f3n y cultura, es decir, con nuestras familias, en nuestras escuelas, dentro de nuestras estructuras pol\u00edticas y sociales. En resumen, con todos y cada uno de los sectores en contacto con nuestra existencia social y religiosa\u201d.<\/p>\n<h4><strong>El cansancio sinodal como riesgo<\/strong><\/h4>\n<p>\u00bfCu\u00e1les son los principales desaf\u00edos que tiene la Iglesia en Antillas para vivir la sinodalidad? Sobre esta cuesti\u00f3n, el Santo Padre tambi\u00e9n \u201cnos invita a percibirnos a nosotros mismos y a la misi\u00f3n de nuestra Iglesia en el mundo de una manera nueva. Nos llama a adoptar el m\u00e9todo conocido como sinodalidad. Es una Iglesia en camino, juntos, a todos los niveles del ministerio\u201d.\u00a0 As\u00ed, la Iglesia en Antillas, queriendo acoger este m\u00e9todo, se enfrenta a algunos retos principales, los cuales son: \u201cuno, el sentimiento de cansancio sinodal, como yo lo llamo, el cual hemos sentido S\u00ednodo tras S\u00ednodo, con pocas soluciones. Dos, el sentimiento de que el proceso entero podr\u00eda ser otro <em>\u2018talk shop\u2019<\/em>, una sesi\u00f3n de trabajo apasionante para los laicos, pero con muy pocas acciones pastorales\u201d.<\/p>\n<p>El tercero de los retos que resalta, es la probabilidad de que \u201calgunas personas perciban esta nueva perspectiva como una p\u00e9rdida de poder de la jerarqu\u00eda clerical en la toma de decisiones por parte de la Iglesia\u201d. Por \u00faltimo, un cuarto reto es \u201cun miedo b\u00e1sico en cuanto al futuro de la Iglesia en general, debido a una falta de control\u201d, concluye.<\/p>\n<p><iframe loading=\"lazy\" title=\"#ADNCelam Entrevista - Monse\u00f1or Gabriel Malzaire\" width=\"500\" height=\"281\" src=\"https:\/\/www.youtube.com\/embed\/8ggr70vDTL0?feature=oembed\" frameborder=\"0\" allow=\"accelerometer; autoplay; clipboard-write; encrypted-media; gyroscope; picture-in-picture; web-share\" referrerpolicy=\"strict-origin-when-cross-origin\" allowfullscreen><\/iframe><\/p>\n","protected":false},"excerpt":{"rendered":"<p>Llama a vivir la misi\u00f3n \u201cen los propios ambientes y realidades\u201d<\/p>\n","protected":false},"author":93,"featured_media":42651,"comment_status":"open","ping_status":"open","sticky":false,"template":"","format":"standard","meta":{"_acf_changed":false,"_crdt_document":"","inline_featured_image":false,"footnotes":""},"categories":[86,74,298],"tags":[5006],"class_list":["post-42650","post","type-post","status-publish","format-standard","has-post-thumbnail","hentry","category-iglesia-local","category-iglesia-y-mundo","category-ultimas-noticias","tag-conferencia-episcopal-de-las-antillas"],"acf":[],"yoast_head":"<!-- This site is optimized with the Yoast SEO plugin v27.5 - https:\/\/yoast.com\/product\/yoast-seo-wordpress\/ -->\n<title>Antillas: Una Iglesia misionera y de vocaci\u00f3n bautismal &#8211; Exaudi<\/title>\n<meta name=\"description\" content=\"Monse\u00f1or Gabriel Malzaire, ve la necesidad de ser una \u201cIglesia misionera, que nace de nuestra vocaci\u00f3n bautismal\u201d.\" \/>\n<meta name=\"robots\" content=\"index, follow, max-snippet:-1, max-image-preview:large, max-video-preview:-1\" \/>\n<link rel=\"canonical\" href=\"https:\/\/exaudi.org\/es\/antillas-una-iglesia-misionera-y-de-vocacion-bautismal\/\" \/>\n<meta property=\"og:locale\" content=\"es_ES\" \/>\n<meta property=\"og:type\" content=\"article\" \/>\n<meta property=\"og:title\" content=\"Antillas: Una Iglesia misionera y de vocaci\u00f3n bautismal &#8211; Exaudi\" \/>\n<meta property=\"og:description\" content=\"Monse\u00f1or Gabriel Malzaire, ve la necesidad de ser una \u201cIglesia misionera, que nace de nuestra vocaci\u00f3n bautismal\u201d.\" \/>\n<meta property=\"og:url\" content=\"https:\/\/exaudi.org\/es\/antillas-una-iglesia-misionera-y-de-vocacion-bautismal\/\" \/>\n<meta property=\"og:site_name\" content=\"Exaudi\" \/>\n<meta property=\"article:publisher\" content=\"https:\/\/www.facebook.com\/ExaudiNews\" \/>\n<meta property=\"article:published_time\" content=\"2021-11-19T11:26:12+00:00\" \/>\n<meta property=\"article:modified_time\" content=\"2022-01-03T15:16:21+00:00\" \/>\n<meta property=\"og:image\" content=\"https:\/\/exaudi.org\/wp-content\/uploads\/2021\/11\/antillas2-800x445-1.jpeg\" \/>\n\t<meta property=\"og:image:width\" content=\"800\" \/>\n\t<meta property=\"og:image:height\" content=\"445\" \/>\n\t<meta property=\"og:image:type\" content=\"image\/jpeg\" \/>\n<meta name=\"author\" content=\"ADN CELAM\" \/>\n<meta name=\"twitter:card\" content=\"summary_large_image\" \/>\n<meta name=\"twitter:creator\" content=\"@Exaudi_News\" \/>\n<meta name=\"twitter:site\" content=\"@Exaudi_News\" \/>\n<meta name=\"twitter:label1\" content=\"Escrito por\" \/>\n\t<meta name=\"twitter:data1\" content=\"ADN CELAM\" \/>\n\t<meta name=\"twitter:label2\" content=\"Tiempo de lectura\" \/>\n\t<meta name=\"twitter:data2\" content=\"3 minutos\" \/>\n<script type=\"application\/ld+json\" class=\"yoast-schema-graph\">{\"@context\":\"https:\\\/\\\/schema.org\",\"@graph\":[{\"@type\":\"Article\",\"@id\":\"https:\\\/\\\/exaudi.org\\\/es\\\/antillas-una-iglesia-misionera-y-de-vocacion-bautismal\\\/#article\",\"isPartOf\":{\"@id\":\"https:\\\/\\\/exaudi.org\\\/es\\\/antillas-una-iglesia-misionera-y-de-vocacion-bautismal\\\/\"},\"author\":{\"name\":\"ADN CELAM\",\"@id\":\"https:\\\/\\\/exaudi.org\\\/#\\\/schema\\\/person\\\/fbc491ba5ee575299c5e9bc1b11ccc1f\"},\"headline\":\"Antillas: Una Iglesia misionera y de vocaci\u00f3n bautismal\",\"datePublished\":\"2021-11-19T11:26:12+00:00\",\"dateModified\":\"2022-01-03T15:16:21+00:00\",\"mainEntityOfPage\":{\"@id\":\"https:\\\/\\\/exaudi.org\\\/es\\\/antillas-una-iglesia-misionera-y-de-vocacion-bautismal\\\/\"},\"wordCount\":670,\"commentCount\":0,\"image\":{\"@id\":\"https:\\\/\\\/exaudi.org\\\/es\\\/antillas-una-iglesia-misionera-y-de-vocacion-bautismal\\\/#primaryimage\"},\"thumbnailUrl\":\"https:\\\/\\\/exaudi.org\\\/wp-content\\\/uploads\\\/2021\\\/11\\\/antillas2-800x445-1.jpeg\",\"keywords\":[\"Conferencia Episcopal de las Antillas\"],\"articleSection\":[\"Iglesia Local\",\"Iglesia y Mundo\",\"\u00daltimas noticias\"],\"inLanguage\":\"es\",\"potentialAction\":[{\"@type\":\"CommentAction\",\"name\":\"Comment\",\"target\":[\"https:\\\/\\\/exaudi.org\\\/es\\\/antillas-una-iglesia-misionera-y-de-vocacion-bautismal\\\/#respond\"]}]},{\"@type\":\"WebPage\",\"@id\":\"https:\\\/\\\/exaudi.org\\\/es\\\/antillas-una-iglesia-misionera-y-de-vocacion-bautismal\\\/\",\"url\":\"https:\\\/\\\/exaudi.org\\\/es\\\/antillas-una-iglesia-misionera-y-de-vocacion-bautismal\\\/\",\"name\":\"Antillas: Una Iglesia misionera y de vocaci\u00f3n bautismal &#8211; Exaudi\",\"isPartOf\":{\"@id\":\"https:\\\/\\\/exaudi.org\\\/#website\"},\"primaryImageOfPage\":{\"@id\":\"https:\\\/\\\/exaudi.org\\\/es\\\/antillas-una-iglesia-misionera-y-de-vocacion-bautismal\\\/#primaryimage\"},\"image\":{\"@id\":\"https:\\\/\\\/exaudi.org\\\/es\\\/antillas-una-iglesia-misionera-y-de-vocacion-bautismal\\\/#primaryimage\"},\"thumbnailUrl\":\"https:\\\/\\\/exaudi.org\\\/wp-content\\\/uploads\\\/2021\\\/11\\\/antillas2-800x445-1.jpeg\",\"datePublished\":\"2021-11-19T11:26:12+00:00\",\"dateModified\":\"2022-01-03T15:16:21+00:00\",\"author\":{\"@id\":\"https:\\\/\\\/exaudi.org\\\/#\\\/schema\\\/person\\\/fbc491ba5ee575299c5e9bc1b11ccc1f\"},\"description\":\"Monse\u00f1or Gabriel Malzaire, ve la necesidad de ser una \u201cIglesia misionera, que nace de nuestra vocaci\u00f3n bautismal\u201d.\",\"breadcrumb\":{\"@id\":\"https:\\\/\\\/exaudi.org\\\/es\\\/antillas-una-iglesia-misionera-y-de-vocacion-bautismal\\\/#breadcrumb\"},\"inLanguage\":\"es\",\"potentialAction\":[{\"@type\":\"ReadAction\",\"target\":[\"https:\\\/\\\/exaudi.org\\\/es\\\/antillas-una-iglesia-misionera-y-de-vocacion-bautismal\\\/\"]}]},{\"@type\":\"ImageObject\",\"inLanguage\":\"es\",\"@id\":\"https:\\\/\\\/exaudi.org\\\/es\\\/antillas-una-iglesia-misionera-y-de-vocacion-bautismal\\\/#primaryimage\",\"url\":\"https:\\\/\\\/exaudi.org\\\/wp-content\\\/uploads\\\/2021\\\/11\\\/antillas2-800x445-1.jpeg\",\"contentUrl\":\"https:\\\/\\\/exaudi.org\\\/wp-content\\\/uploads\\\/2021\\\/11\\\/antillas2-800x445-1.jpeg\",\"width\":800,\"height\":445,\"caption\":\"Obispos de las Antillas \u00a9 Conferencia Episcopal de las Antillas\"},{\"@type\":\"BreadcrumbList\",\"@id\":\"https:\\\/\\\/exaudi.org\\\/es\\\/antillas-una-iglesia-misionera-y-de-vocacion-bautismal\\\/#breadcrumb\",\"itemListElement\":[{\"@type\":\"ListItem\",\"position\":1,\"name\":\"Portada\",\"item\":\"https:\\\/\\\/exaudi.org\\\/es\\\/\"},{\"@type\":\"ListItem\",\"position\":2,\"name\":\"Antillas: Una Iglesia misionera y de vocaci\u00f3n bautismal\"}]},{\"@type\":\"WebSite\",\"@id\":\"https:\\\/\\\/exaudi.org\\\/#website\",\"url\":\"https:\\\/\\\/exaudi.org\\\/\",\"name\":\"Exaudi\",\"description\":\"News\",\"potentialAction\":[{\"@type\":\"SearchAction\",\"target\":{\"@type\":\"EntryPoint\",\"urlTemplate\":\"https:\\\/\\\/exaudi.org\\\/?s={search_term_string}\"},\"query-input\":{\"@type\":\"PropertyValueSpecification\",\"valueRequired\":true,\"valueName\":\"search_term_string\"}}],\"inLanguage\":\"es\"},{\"@type\":\"Person\",\"@id\":\"https:\\\/\\\/exaudi.org\\\/#\\\/schema\\\/person\\\/fbc491ba5ee575299c5e9bc1b11ccc1f\",\"name\":\"ADN CELAM\",\"image\":{\"@type\":\"ImageObject\",\"inLanguage\":\"es\",\"@id\":\"https:\\\/\\\/secure.gravatar.com\\\/avatar\\\/9f35251df285dd73b5052c2ea71d63aa960ac375813315353fd23ad8daf7a7ae?s=96&d=mm&r=g\",\"url\":\"https:\\\/\\\/secure.gravatar.com\\\/avatar\\\/9f35251df285dd73b5052c2ea71d63aa960ac375813315353fd23ad8daf7a7ae?s=96&d=mm&r=g\",\"contentUrl\":\"https:\\\/\\\/secure.gravatar.com\\\/avatar\\\/9f35251df285dd73b5052c2ea71d63aa960ac375813315353fd23ad8daf7a7ae?s=96&d=mm&r=g\",\"caption\":\"ADN CELAM\"},\"description\":\"Sistema informativo del Consejo Episcopal Latinoamericano (CELAM)\",\"url\":\"https:\\\/\\\/exaudi.org\\\/es\\\/author\\\/adncelam\\\/\"}]}<\/script>\n<!-- \/ Yoast SEO plugin. -->","yoast_head_json":{"title":"Antillas: Una Iglesia misionera y de vocaci\u00f3n bautismal &#8211; Exaudi","description":"Monse\u00f1or Gabriel Malzaire, ve la necesidad de ser una \u201cIglesia misionera, que nace de nuestra vocaci\u00f3n bautismal\u201d.","robots":{"index":"index","follow":"follow","max-snippet":"max-snippet:-1","max-image-preview":"max-image-preview:large","max-video-preview":"max-video-preview:-1"},"canonical":"https:\/\/exaudi.org\/es\/antillas-una-iglesia-misionera-y-de-vocacion-bautismal\/","og_locale":"es_ES","og_type":"article","og_title":"Antillas: Una Iglesia misionera y de vocaci\u00f3n bautismal &#8211; Exaudi","og_description":"Monse\u00f1or Gabriel Malzaire, ve la necesidad de ser una \u201cIglesia misionera, que nace de nuestra vocaci\u00f3n bautismal\u201d.","og_url":"https:\/\/exaudi.org\/es\/antillas-una-iglesia-misionera-y-de-vocacion-bautismal\/","og_site_name":"Exaudi","article_publisher":"https:\/\/www.facebook.com\/ExaudiNews","article_published_time":"2021-11-19T11:26:12+00:00","article_modified_time":"2022-01-03T15:16:21+00:00","og_image":[{"width":800,"height":445,"url":"https:\/\/exaudi.org\/wp-content\/uploads\/2021\/11\/antillas2-800x445-1.jpeg","type":"image\/jpeg"}],"author":"ADN CELAM","twitter_card":"summary_large_image","twitter_creator":"@Exaudi_News","twitter_site":"@Exaudi_News","twitter_misc":{"Escrito por":"ADN CELAM","Tiempo de lectura":"3 minutos"},"schema":{"@context":"https:\/\/schema.org","@graph":[{"@type":"Article","@id":"https:\/\/exaudi.org\/es\/antillas-una-iglesia-misionera-y-de-vocacion-bautismal\/#article","isPartOf":{"@id":"https:\/\/exaudi.org\/es\/antillas-una-iglesia-misionera-y-de-vocacion-bautismal\/"},"author":{"name":"ADN CELAM","@id":"https:\/\/exaudi.org\/#\/schema\/person\/fbc491ba5ee575299c5e9bc1b11ccc1f"},"headline":"Antillas: Una Iglesia misionera y de vocaci\u00f3n bautismal","datePublished":"2021-11-19T11:26:12+00:00","dateModified":"2022-01-03T15:16:21+00:00","mainEntityOfPage":{"@id":"https:\/\/exaudi.org\/es\/antillas-una-iglesia-misionera-y-de-vocacion-bautismal\/"},"wordCount":670,"commentCount":0,"image":{"@id":"https:\/\/exaudi.org\/es\/antillas-una-iglesia-misionera-y-de-vocacion-bautismal\/#primaryimage"},"thumbnailUrl":"https:\/\/exaudi.org\/wp-content\/uploads\/2021\/11\/antillas2-800x445-1.jpeg","keywords":["Conferencia Episcopal de las Antillas"],"articleSection":["Iglesia Local","Iglesia y Mundo","\u00daltimas noticias"],"inLanguage":"es","potentialAction":[{"@type":"CommentAction","name":"Comment","target":["https:\/\/exaudi.org\/es\/antillas-una-iglesia-misionera-y-de-vocacion-bautismal\/#respond"]}]},{"@type":"WebPage","@id":"https:\/\/exaudi.org\/es\/antillas-una-iglesia-misionera-y-de-vocacion-bautismal\/","url":"https:\/\/exaudi.org\/es\/antillas-una-iglesia-misionera-y-de-vocacion-bautismal\/","name":"Antillas: Una Iglesia misionera y de vocaci\u00f3n bautismal &#8211; Exaudi","isPartOf":{"@id":"https:\/\/exaudi.org\/#website"},"primaryImageOfPage":{"@id":"https:\/\/exaudi.org\/es\/antillas-una-iglesia-misionera-y-de-vocacion-bautismal\/#primaryimage"},"image":{"@id":"https:\/\/exaudi.org\/es\/antillas-una-iglesia-misionera-y-de-vocacion-bautismal\/#primaryimage"},"thumbnailUrl":"https:\/\/exaudi.org\/wp-content\/uploads\/2021\/11\/antillas2-800x445-1.jpeg","datePublished":"2021-11-19T11:26:12+00:00","dateModified":"2022-01-03T15:16:21+00:00","author":{"@id":"https:\/\/exaudi.org\/#\/schema\/person\/fbc491ba5ee575299c5e9bc1b11ccc1f"},"description":"Monse\u00f1or Gabriel Malzaire, ve la necesidad de ser una \u201cIglesia misionera, que nace de nuestra vocaci\u00f3n bautismal\u201d.","breadcrumb":{"@id":"https:\/\/exaudi.org\/es\/antillas-una-iglesia-misionera-y-de-vocacion-bautismal\/#breadcrumb"},"inLanguage":"es","potentialAction":[{"@type":"ReadAction","target":["https:\/\/exaudi.org\/es\/antillas-una-iglesia-misionera-y-de-vocacion-bautismal\/"]}]},{"@type":"ImageObject","inLanguage":"es","@id":"https:\/\/exaudi.org\/es\/antillas-una-iglesia-misionera-y-de-vocacion-bautismal\/#primaryimage","url":"https:\/\/exaudi.org\/wp-content\/uploads\/2021\/11\/antillas2-800x445-1.jpeg","contentUrl":"https:\/\/exaudi.org\/wp-content\/uploads\/2021\/11\/antillas2-800x445-1.jpeg","width":800,"height":445,"caption":"Obispos de las Antillas \u00a9 Conferencia Episcopal de las Antillas"},{"@type":"BreadcrumbList","@id":"https:\/\/exaudi.org\/es\/antillas-una-iglesia-misionera-y-de-vocacion-bautismal\/#breadcrumb","itemListElement":[{"@type":"ListItem","position":1,"name":"Portada","item":"https:\/\/exaudi.org\/es\/"},{"@type":"ListItem","position":2,"name":"Antillas: Una Iglesia misionera y de vocaci\u00f3n bautismal"}]},{"@type":"WebSite","@id":"https:\/\/exaudi.org\/#website","url":"https:\/\/exaudi.org\/","name":"Exaudi","description":"News","potentialAction":[{"@type":"SearchAction","target":{"@type":"EntryPoint","urlTemplate":"https:\/\/exaudi.org\/?s={search_term_string}"},"query-input":{"@type":"PropertyValueSpecification","valueRequired":true,"valueName":"search_term_string"}}],"inLanguage":"es"},{"@type":"Person","@id":"https:\/\/exaudi.org\/#\/schema\/person\/fbc491ba5ee575299c5e9bc1b11ccc1f","name":"ADN CELAM","image":{"@type":"ImageObject","inLanguage":"es","@id":"https:\/\/secure.gravatar.com\/avatar\/9f35251df285dd73b5052c2ea71d63aa960ac375813315353fd23ad8daf7a7ae?s=96&d=mm&r=g","url":"https:\/\/secure.gravatar.com\/avatar\/9f35251df285dd73b5052c2ea71d63aa960ac375813315353fd23ad8daf7a7ae?s=96&d=mm&r=g","contentUrl":"https:\/\/secure.gravatar.com\/avatar\/9f35251df285dd73b5052c2ea71d63aa960ac375813315353fd23ad8daf7a7ae?s=96&d=mm&r=g","caption":"ADN CELAM"},"description":"Sistema informativo del Consejo Episcopal Latinoamericano (CELAM)","url":"https:\/\/exaudi.org\/es\/author\/adncelam\/"}]}},"jetpack_featured_media_url":"https:\/\/exaudi.org\/wp-content\/uploads\/2021\/11\/antillas2-800x445-1.jpeg","jetpack_shortlink":"https:\/\/wp.me\/pgKjF2-b5U","_links":{"self":[{"href":"https:\/\/exaudi.org\/es\/wp-json\/wp\/v2\/posts\/42650","targetHints":{"allow":["GET"]}}],"collection":[{"href":"https:\/\/exaudi.org\/es\/wp-json\/wp\/v2\/posts"}],"about":[{"href":"https:\/\/exaudi.org\/es\/wp-json\/wp\/v2\/types\/post"}],"author":[{"embeddable":true,"href":"https:\/\/exaudi.org\/es\/wp-json\/wp\/v2\/users\/93"}],"replies":[{"embeddable":true,"href":"https:\/\/exaudi.org\/es\/wp-json\/wp\/v2\/comments?post=42650"}],"version-history":[{"count":0,"href":"https:\/\/exaudi.org\/es\/wp-json\/wp\/v2\/posts\/42650\/revisions"}],"wp:featuredmedia":[{"embeddable":true,"href":"https:\/\/exaudi.org\/es\/wp-json\/wp\/v2\/media\/42651"}],"wp:attachment":[{"href":"https:\/\/exaudi.org\/es\/wp-json\/wp\/v2\/media?parent=42650"}],"wp:term":[{"taxonomy":"category","embeddable":true,"href":"https:\/\/exaudi.org\/es\/wp-json\/wp\/v2\/categories?post=42650"},{"taxonomy":"post_tag","embeddable":true,"href":"https:\/\/exaudi.org\/es\/wp-json\/wp\/v2\/tags?post=42650"}],"curies":[{"name":"wp","href":"https:\/\/api.w.org\/{rel}","templated":true}]}}