{"id":42628,"date":"2021-11-19T10:02:01","date_gmt":"2021-11-19T09:02:01","guid":{"rendered":"https:\/\/exaudi.wpengine.com\/cuales-son-tus-miedos-y-por-que-tenemos-miedo\/"},"modified":"2021-11-19T10:02:01","modified_gmt":"2021-11-19T09:02:01","slug":"cuales-son-tus-miedos-y-por-que-tenemos-miedo","status":"publish","type":"post","link":"https:\/\/exaudi.org\/es\/cuales-son-tus-miedos-y-por-que-tenemos-miedo\/","title":{"rendered":"\u00a1Fuera miedos! C\u00f3mo barrerlos todos"},"content":{"rendered":"<p>Ofrecemos a los lectores el v\u00eddeo semanal del canal de evangelizaci\u00f3n cat\u00f3lico <a href=\"https:\/\/exaudi.org\/es\/author\/sebuscanrebeldes\/\" target=\"_blank\" rel=\"noopener\">Se buscan Rebeldes<\/a>, hoy la religiosa carmelita samaritana del Coraz\u00f3n de Jes\u00fas, la hermana M. Olga Mar\u00eda del Redentor, plantea <a href=\"https:\/\/www.youtube.com\/watch?v=_A3TI7jj5Xo\" target=\"_blank\" rel=\"noopener\">\u00bfCu\u00e1les son tus miedos? <\/a>Y, \u00bfpor qu\u00e9 tenemos miedo? para responder a estas preguntas que nos asaltan a todos en alg\u00fan momento de nuestra vida buscando las ra\u00edces de nuestros miedos para encontrar la manera de superarlos.<\/p>\n<p>***<\/p>\n<h4><strong>El miedo, algo muy humano<\/strong><\/h4>\n<p>El miedo no es algo extra\u00f1o, ni casual, ni gratuito, ni gen\u00e9tico\u2026 ni nada de eso; el miedo es algo muy muy muy humano, que en principio no es bueno ni malo\u2026 pero que puede convertirse en algo fatal cuando se constituye en tu due\u00f1o, en el motor de tu vida\u2026<\/p>\n<p>Para ser exactos hay que decir que, si el miedo es tu motor, directamente no funcionas. El miedo es humano y no nos tiene que asustar, pero no podemos dejar que se convierta en un dictador. La dictadura del miedo es de lo m\u00e1s alienante y despersonalizante. En el plano natural no nos deja crecer, ni desarrollarnos, ni ser felices\u2026 y en el plano sobrenatural el descalabro es much\u00edsimo mayor: Dios nos ha destinado a volar y el miedo hace que no seamos capaces de levantarnos ni un cent\u00edmetro del suelo. Por eso creo que es importante hablar de ello y mirar a nuestros miedos de frente: para intentar comprenderlos y combatirlos. Tenemos que luchar sin rendirnos para erradicarlos de nuestra vida.<\/p>\n<p>Si leemos en el Evangelio el pasaje de la tempestad calmada, que es uno de los relatos en que vemos una escena de miedo y el comportamiento de Jes\u00fas ante nuestro miedo, escuchamos que una de sus preguntas es esta: \u00bfPor qu\u00e9 tem\u00e9is? (Mc 4, 40), no \u201ca qu\u00e9\u201d, si no \u201cpor qu\u00e9\u201d. No a qu\u00e9 ten\u00e9is miedo, sino la causa de vuestro miedo.<\/p>\n<p>Y a continuaci\u00f3n sigue preguntando: \u00bfPor qu\u00e9 no ten\u00e9is fe? (Mc 4, 40) \u00bfPor qu\u00e9 raz\u00f3n formula las dos preguntas seguidas?<\/p>\n<p>Mirad: en el Evangelio ninguna palabra est\u00e1 de m\u00e1s, ni de adorno, ni para embellecer el texto; todas las palabras que est\u00e1n en el Evangelio y en la Biblia en general, son Palabra de Dios y est\u00e1n llenas de contenido, no hay ninguna palabra que est\u00e9 ah\u00ed para ocupar sitio, todas tienen su raz\u00f3n de ser. Otra cosa es que lleguemos a comprender -o no- el sentido profundo de cada palabra de la Sagrada Escritura. Pero ninguna palabra, ni el modo en que han sido redactadas o presentadas, son casuales, ni menos a\u00fan con fines ret\u00f3ricos o estil\u00edsticos. Por eso cuando Jes\u00fas pregunta primero: \u00bfPor qu\u00e9 ten\u00e9is miedo? Y a continuaci\u00f3n: \u00bfA\u00fan no ten\u00e9is fe?, eso ya -de entrada- nos est\u00e1 diciendo que la fe y el miedo, esas dos cuestiones, est\u00e1n ligadas.<\/p>\n<h4><strong>Miedo y fe<\/strong><\/h4>\n<p>Miedo y fe son los dos contrarios que est\u00e1n continuamente presentes en el coraz\u00f3n humano. Muchas veces creemos que el antagonismo del miedo, lo contrario del miedo, es la valent\u00eda, el valor\u2026 \u00a1pues es mentira!, lo contrario del miedo es la fe, la confianza. El miedo no se vence a fuerza de valor, sino a fuerza de fe, de confianza que es el grado m\u00e1s elevado de la fe.<\/p>\n<p>La Palabra de Dios, la Biblia, desde el principio hasta el final, nos interpela, nos zarandea y nos habla repitiendo much\u00edsimas veces: \u00a1NO TEMAIS!, \u00a1NO TENGAIS MIEDO! (Mt 14, 27) La Virgen en la Anunciaci\u00f3n recibe ese consejo: \u00a1NO TEMAS, MARIA! (Lc 1, 30)<\/p>\n<p>Luego el miedo es algo que no es ni bueno ni malo; es m\u00e1s malo que bueno, pero m\u00e1s que calificarlo como malo o bueno\u2026 deber\u00edamos simplemente afirmar que es parte de la realidad humana, y que generalmente nos hace mal y nos lleva al mal.<\/p>\n<p>A veces creemos que el miedo tiene que ver con la debilidad, que es consecuencia de la fragilidad\u2026 Ese es otro gran error que cometemos \u00a1no! el miedo Como os digo es parte de la naturaleza humana. El mismo Jes\u00fas sinti\u00f3 miedo, hasta sudar sangre, pero no se dej\u00f3 paralizar por sus miedos, sino que los super\u00f3 con la confianza en el Padre.<\/p>\n<p>En la Anunciaci\u00f3n, cuando a la Virgen le dicen: \u201cNo temas, Mar\u00eda\u201d, es porque en Ella, en quien no hab\u00eda pecado, sino plenitud de gracia, el miedo pod\u00eda estar presente y lo primero que hace el \u00e1ngel es tranquilizarla: \u201cNo temas, Mar\u00eda\u201d.<\/p>\n<p>El miedo no es algo mal\u00edsimo o contrario a la naturaleza humana, es parte de nuestro modo de ser y por eso Dios nos lo repite muchas veces, porque cuenta con ello: \u00a1NO TEMAIS! \u00a1NO TENGAIS MIEDO! (Mt 14, 27)<\/p>\n<h4><strong>Los motivos de nuestros miedos<\/strong><\/h4>\n<p>Los motivos de nuestros miedos son muchos: tenemos miedos variados, como el miedo del ni\u00f1o, del enfermo, del pobre, del que es agredido, del moribundo, del perseguido\u2026 por citar algunos de los miedos m\u00e1s frecuentes y habituales, aunque el elenco es ampl\u00edsimo. Hoy puedes tener miedo a perder el amor de tu vida, a no llegar a fin de mes, miedo a una persona o a una situaci\u00f3n que te supera, miedo a sufrir y no ser capaz de llevarlo\u2026<\/p>\n<p>Pero la causa, el por qu\u00e9 profundo, del miedo se remonta al principio de la Escritura, m\u00e1s concretamente al jard\u00edn del Ed\u00e9n, al G\u00e9nesis, al comienzo\u2026 y dice el relato: \u201cAd\u00e1n y Eva oyeron los pasos del se\u00f1or Dios y se escondieron de su vista entre los \u00e1rboles del jard\u00edn, pero, el se\u00f1or Dios los llam\u00f3. Llam\u00f3 al hombre y le dijo: \u00bfD\u00f3nde est\u00e1s? Y \u00e9l respondi\u00f3: \u201cO\u00ed tus pasos en el jard\u00edn, me entr\u00f3 miedo porque estaba desnudo y me escond\u00ed\u201d. (Gn. 3, 8-10)<\/p>\n<p>El miedo entra en ese momento en el mundo y no va a desaparecer ya jam\u00e1s, pero no como hijo de la desnudez, como pretende hacernos creer Ad\u00e1n, sino que el miedo es hijo de otro padre. El hombre y la mujer no se esconden por pudor, en realidad se esconden porque tienen miedo de Dios.<\/p>\n<p>Han pecado y la primera consecuencia de ese pecado es que imaginan a Dios no como es en realidad: todo amor, bondad y misericordia. Ellos imaginan a Dios, como le hemos imaginado muchas veces: dentro de una l\u00f3gica culpa-castigo, pecado-penitencia, que no es real, pero\u2026 El miedo nos viene, la mayor\u00eda de las veces, de no estar en la realidad de Dios.<\/p>\n<p>Ad\u00e1n y Eva ni siquiera son capaces de imaginar por un momento la posibilidad de la misericordia. Entonces\u2026 nuestro mal, nuestro pecado, sin la posibilidad de la misericordia, nos lleva al MIEDO DE DIOS, a tener miedo de las represalias que pueda tomar Dios contra nosotros por haber obrado mal.<\/p>\n<p>El miedo viene de una deformaci\u00f3n del Rostro de Dios. Nadie nos lo dice, pero es la ra\u00edz profunda de todo miedo. Desconocemos a Dios, imaginamos a Dios de una manera que no es real, porque Dios no es as\u00ed y\u2026 \u00bfqu\u00e9 nos pasa? \u00bfqu\u00e9 les pasa a nuestros primeros padres? Como no son capaces de imaginar la posibilidad de la misericordia frente a lo que han hecho mal, reaccionan de una manera muy normal, muy l\u00f3gica y muy natural: huyendo y escondi\u00e9ndose para evitar un castigo.<\/p>\n<p>Ellos no son capaces de concebir la posibilidad de la misericordia de Dios, con lo cual son incapaces de dialogar con Dios y lo \u00fanico que hacen es esconderse o\u2026 la otra cosa que se hace cuando uno est\u00e1 con miedo es ara\u00f1ar y agredir para defenderse.<\/p>\n<p>Si pens\u00e1ramos en la posibilidad de la misericordia y la tuvi\u00e9ramos presente, nuestras reacciones ser\u00edan totalmente diferentes. Por lo tanto\u2026 podemos afirmar que el temor no es hijo de la desnudez, sino hijo de la falta de confianza, as\u00ed de sencillo.<\/p>\n<p>Generalmente, cuando pensamos en el pecado original, pensamos en una transgresi\u00f3n, en una prohibici\u00f3n, en una desobediencia. Consideramos que la desobediencia de Ad\u00e1n es el primer pecado y de ah\u00ed derivan todos los males. Esto es cierto, pero solo en parte; mirar el primer pecado de esa manera, es enfocar el pecado de una manera muy superficial, porque la realidad es otra: el primer pecado viene de una deformaci\u00f3n del Rostro de Dios. Vamos a verlo.<\/p>\n<p>\u00bfCu\u00e1l fue la tentaci\u00f3n del demonio? \u201cMirad, es verdad que Dios os ha dado mil \u00e1rboles para disfrutarlos, pero, no os ha dado el mejor. El mejor se lo ha reservado para S\u00ed \u00bfPor qu\u00e9? Porque Dios tiene miedo de vosotros, est\u00e1 celoso, y os ha prohibido lo mejor, os ha ocultado lo m\u00e1s importante. No os fieis de Dios, Dios no es bueno, Dios os est\u00e1 enga\u00f1ando\u2026\u201d esa es la tentaci\u00f3n.<\/p>\n<p>Y ellos se creen que de verdad Dios es mentiroso, que les est\u00e1 enga\u00f1ando y -en definitiva- que no es bueno. Porque\u2026\u00a0 realmente Dios act\u00faa de esa manera, que nos da mil \u00e1rboles, pero se guarda para S\u00ed el mejor\u2026 entonces es verdad que no es bueno. Y ah\u00ed tenemos el principio de la tentaci\u00f3n: el no confiar en la bondad de Dios; y cuando no confiamos en la bondad de Dios y en que Dios nos ama ilimitadamente y nos da siempre lo mejor, aunque no le entendamos, cuando empezamos a dudar y a desconfiar\u2026 r\u00e1pidamente, f\u00e1cilmente, se peca.<\/p>\n<p>\u00bfPor qu\u00e9? Porque si empezamos a dudar de Dios, de \u00c9l y de su bondad, lo primero que llega a nuestro coraz\u00f3n es la turbaci\u00f3n, el desasosiego, la falta de paz, la desconfianza\u2026 y si nos creemos que Dios no es bueno, pero al mismo tiempo veo que es muy superior a mi\u2026\u00a0 me angustio y empiezo a sentir miedo.<\/p>\n<p>L\u00f3gicamente, ante un poder muy superior a m\u00ed -y sabiendo que no es bueno- empiezo a sentir temor\u2026 y empiezo a desobedecer, me escondo, intento \u201cenga\u00f1arle\u201d\u2026 en definitiva me alejo de El y ese es el pecado: huir de El y alejarme, movida por el miedo, buscando protegerme. Con eso \u201cjustifico\u201d mis mentiras, el ego\u00edsmo y la muerte en todas sus manifestaciones.<\/p>\n<p>Por lo tanto, la argucia m\u00e1s grande del demonio \u00bfcu\u00e1l fue? Inducirles a la desobediencia, s\u00ed. Pero \u00bfc\u00f3mo pudo inducirles a la desobediencia? Deformando el rostro de Dios y llev\u00e1ndoles al miedo y a la desconfianza.<\/p>\n<p>Y\u2026 \u00bfCu\u00e1l es la respuesta de Dios a nuestro recelo, a nuestro miedo y nuestra desconfianza? Pues nada m\u00e1s y nada menos que la Encarnaci\u00f3n. \u00a1\u00a1TOMA YA!! Esta fue su \u201cs\u00faper-idea\u201d: hacerse uno de nosotros, darnos a su Hijo y justamente Jes\u00fas viene a mostrarnos el verdadero Rostro del Padre. Y\u2026 solamente el modo que tiene El de venir, que es bajo la apariencia m\u00e1s sencilla y m\u00e1s fr\u00e1gil, la de un ni\u00f1o reci\u00e9n nacido, es lo que desmonta y fulmina el concepto de un Dios temible, porque Jes\u00fas nos muestra un Dios tierno, amable y en quien se puede confiar.<\/p>\n<p>Ad\u00e1n y Eva se creen la imagen de Dios que la serpiente les ofrece: un Dios que quita y no un Dios que da, un Dios que roba la libertad, un Dios a quien le importa m\u00e1s su ley que la felicidad de sus hijos, un Dios con una mirada justiciera del que se ha de huir en lugar de salir a su encuentro\u2026 y -en definitiva- un Dios de quien no podemos fiarnos. Y si se nos quita la confianza en Dios\u2026 somos los seres m\u00e1s fr\u00e1giles y vulnerables: nos caemos con todo el equipo a la primera de cambio y sobre la marcha.<\/p>\n<h4><strong>La confianza en Dios<\/strong><\/h4>\n<p>Si no tenemos confianza en Dios nos ahogamos, no podemos vivir, no podemos respirar y ese es el gran drama de la humanidad: que no nos creemos que Dios es bueno. Ese es el drama m\u00e1s grande mundo actual, que se han empe\u00f1ado en decirnos que Dios no es bueno, y esa mentira pervers\u00edsima est\u00e1 conduciendo al mundo al caos y a una infelicidad similar a la que reinaba antes de la Redenci\u00f3n: no hay esperanza y no hay alegr\u00eda. Nos sentimos absolutamente solos, desprotegidos y abandonados a un destino cruel e incierto. Esto es mentira, pero es a la conclusi\u00f3n a la que se llega cuando se pierde la confianza en la bondad y el amor de Dios.<\/p>\n<p>Aqu\u00ed llegamos cuando nos creemos que Dios no existe y si existe\u2026 ser\u00eda mejor que no existiera porque es un desalmado a quien no le importamos en absoluto\u2026 A partir de ah\u00ed la vida humana pierde el sentido e inevitablemente sobreviene el pecado y con \u00e9l la muerte que el pecado conlleva. Lo peor que nos puede suceder es equivocarnos sobre Dios, porque despu\u00e9s nos equivocaremos sobre todo: sobre la historia, sobre la humanidad, sobre nosotros mismos, sobre el bien y el mal, sobre la vida\u2026 Si no encontramos el rostro bondadoso de Dios, nunca veremos el mundo tal y como es, como lo ve Dios.<\/p>\n<p>As\u00ed que\u2026 que nos quede claro que el primer pecado, es un pecado que va contra la fe, contra la confianza, y viene del miedo. El coraz\u00f3n lleno de miedo de Ad\u00e1n, es la consecuencia de un rostro de Dios que es temible y Jes\u00fas viene al mundo para iluminarnos y mostrarnos el verdadero rostro de Dios.<\/p>\n<p>Est\u00e1bamos diciendo que la respuesta de Dios a nuestra desconfianza, es entregarnos un beb\u00e9 para nosotros y\u2026 cuando cada uno de nosotros recibamos ese Beb\u00e9, a ese Peque\u00f1ito -porque as\u00ed hemos de recibirle- tendr\u00e1 que plantearse qu\u00e9 va a hacer con El: \u00bfLo va a acariciar, lo va a cuidar, lo va a observar para aprender de El, lo va a adorar, lo va a poner en el centro de su vida y va a dejar que la llene por completo porque va a ser lo m\u00e1s importante? O\u2026 \u00bflo va a maltratar, lo va a orillar, lo va a ignorar? Esta es una decisi\u00f3n libre y personal de cada uno y -hagamos lo que hagamos- Dios no va a cambiar su plan, que es seguir fi\u00e1ndose de nosotros, aunque nosotros no confiemos en El.<\/p>\n<p>Pero si no logramos fiarnos plenamente de Dios, contemplando a Jes\u00fas reci\u00e9n nacido, con todas las circunstancias que rodearon su nacimiento, y tampoco logramos fiarnos de El contemplando a Jes\u00fas en el Calvario, moribundo, con todas las circunstancias que rodearon su muerte\u2026 yo creo que nunca vamos a conseguir fiarnos de Dios.<\/p>\n<p>Si mirando a Jes\u00fas no logramos confiar ciegamente en El\u2026 a m\u00ed me parece que Dios no puede \u201cinventar\u201d nada m\u00e1s grande para demostrarnos su amor y suscitar nuestra confianza, que entregarnos a su Hijo la manera que nos lo ha entregado.<\/p>\n<p>Dios no hace otra cosa que tenernos presentes a cada uno de nosotros como si fu\u00e9ramos \u00fanicos y no existiera nadie m\u00e1s: es una solicitud continua e ilimitada. Est\u00e1 atento a mi pesta\u00f1eo, a los cabellos de mi cabeza, a mi respiraci\u00f3n y a todo lo que yo soy, porque estoy continuamente en su Presencia y est\u00e1 atento a m\u00ed, y cuid\u00e1ndome a m\u00ed como si nadie m\u00e1s existiera.<\/p>\n<p>Soy para \u00e9l lo m\u00e1s importante -cada uno de nosotros puede decir eso- soy para Dios lo \u00fanico y lo m\u00e1s importante, y no tenemos ning\u00fan derecho a dudarlo. Otra cosa es que considerarlo as\u00ed no es f\u00e1cil, y perdemos esa perspectiva, pero\u2026 es la verdad. Dios considera a cada persona m\u00e1s importante que a S\u00ed mismo y esto es verdad.<\/p>\n<p>Si nos crey\u00e9ramos esto de verdad\u2026 el miedo desaparecer\u00eda para siempre de nuestra vida. El problema es que somos muy cortitos, muy limitaditos, y se nos olvida a cada paso y hay que estar continuamente resitu\u00e1ndose -o necesitamos que alguien nos resit\u00fae- coloc\u00e1ndonos continuamente en la perspectiva correcta y verdadera de las cosas. Aunque tambi\u00e9n Dios cuenta con que se nos olvida, y entonces\u2026 lleno de paciencia -que para eso es Padre- espera, deja que nos aclaremos, y vuelve a esperar a que nos resituemos\u2026 \u00a1pero esta es la verdad!<\/p>\n<p>Si realmente lo tuvi\u00e9ramos guardado en la cabeza, en la mente y en el coraz\u00f3n y nos lo crey\u00e9ramos de verdad, el miedo desaparecer\u00eda para siempre de nuestra vida.<\/p>\n<p>Los miedos, las inseguridades, todo eso que a veces nos tortura\u2026 es porque se me olvida que yo estoy ante Dios, continuamente cuidada como si no existiera ning\u00fan otro ser m\u00e1s en el universo. Y a esto me tengo que aferrar para poder ser como Jes\u00fas y dormirme en plena tempestad, porque\u2026 donde no hay temor ni duda\u2026 \u00bfa m\u00ed que me importa si las olas miden cinco metros? \u00a1\u00a1Como si miden veinticinco!! si mi padre es el capit\u00e1n del barco, \u00e9l es el que me cuida y no tengo miedo.<\/p>\n<p>Me da igual lo que pase por fuera, mi barco no se va a hundir\u2026 y en esta seguridad descanso.<\/p>\n<p>Lo que pasa es que querr\u00edamos vernos libres de la lucha, querr\u00edamos vernos libres del hurac\u00e1n, de las altas olas y querr\u00eda, sobre todo, tener un cielo sereno, una luz clara, una ruta trazada para saber por d\u00f3nde tiene que ir mi barca para llegar sin percances a la otra orilla\u2026 y como no tenemos eso nos cuesta confiar y nos desconcertamos. Y a veces nos mosqueamos y nos enfadamos con Dios\u2026 queremos controlarlo todo y suplantar al mismo Dios.<\/p>\n<p>El papa Benedicto XVI, en su libro Jes\u00fas de Nazaret, explica que tenemos tanta luz como necesitamos para dar el siguiente paso y as\u00ed sucesivamente: ahora tenemos luz para dar el siguiente paso, no el que haya que dar ma\u00f1ana, ni dentro de un mes. No necesitamos m\u00e1s luz que la precisa para vivir este presente.<\/p>\n<p>Exigir luces sobre el futuro y que nuestro porvenir est\u00e9 iluminado con seguridades&#8230; es ir contra la confianza. Pretendemos seguridades que nos tranquilicen y Dios nos da la m\u00e1s importante certeza en la que ha de ir fundamentada toda nuestra vida: que El nos ama.<\/p>\n<p>Esta certeza es nuestra seguridad, la que nos da paz y en la que podemos descansar.<\/p>\n<h4><strong>El miedo se vence con fe y confianza<\/strong><\/h4>\n<p>Jes\u00fas nos ense\u00f1a una cosa muy importante, que hay un solo modo de vencer el miedo y ese modo es la fe y la confianza; no la religi\u00f3n, sino la fe. Una cosa es ser un cat\u00f3lico ejemplar, que de esos hay un mont\u00f3n, y otra tener fe y confianza en el coraz\u00f3n. No vale ser una persona muy religiosa, hay que ser una persona de fe profunda.<\/p>\n<p>Esto que digo\u2026 s\u00e9 que puede sonar muy escandalizante, pero me da igual, porque es la verdad: como no tengas fe profunda en el coraz\u00f3n, todo lo dem\u00e1s se queda en el exterior y se torna vano y vac\u00edo.<\/p>\n<p>Religi\u00f3n y fe son dos t\u00e9rminos que confundimos y -en un vistazo superficial- parece que hacen referencia a la misma realidad y ese es un error de bulto, pero muy muy frecuente. La religi\u00f3n, cuando la vives como un mero cumplir cosas, es cuando t\u00fa haces a Dios a tu medida y lo usas para lo que te conviene o necesitas, y la fe es cuando te haces a ti mismo a la medida de Dios y \u00e9l te usa, te lleva, te trae\u2026 esa es la diferencia.<\/p>\n<h4><strong>Conclusi\u00f3n<\/strong><\/h4>\n<p>Por eso, si tienes miedo\u2026. Si sientes que tus miedos te paralizan\u2026no te preocupes. Eso quiere decir que tienes coraz\u00f3n y sientes, pero si quieres superar tus miedos, mira a Jes\u00fas y descubre el verdadero rostro de nuestro Padre Dios, que nos quiere con locura, que es rico en misericordia (Ef 2, 4), y que est\u00e1s continuamente en su presencia\u2026 Entonces podr\u00e1s descubrir que el miedo no se vence con tu sola fortaleza personal, a base de esfuerzo y empujones\u2026 sino que el medio para vencer al miedo es la fe y la confianza en Dios. As\u00ed podr\u00e1s encontrar la alegr\u00eda profunda en medio de las tempestades de tu vida, y podr\u00e1s decir: \u00abJes\u00fas, yo conf\u00edo en ti\u00bb.<\/p>\n<p>Y no lo olvides. Dios te quiere\u2026 y te quiere feliz.<\/p>\n<p><iframe loading=\"lazy\" title=\"\u00bfC\u00f3mo vencer el miedo?\" width=\"500\" height=\"281\" src=\"https:\/\/www.youtube.com\/embed\/_A3TI7jj5Xo?start=1&#038;feature=oembed\" frameborder=\"0\" allow=\"accelerometer; autoplay; clipboard-write; encrypted-media; gyroscope; picture-in-picture; web-share\" referrerpolicy=\"strict-origin-when-cross-origin\" allowfullscreen><\/iframe><\/p>\n","protected":false},"excerpt":{"rendered":"<p>V\u00eddeo semanal de Se Buscan Rebeldes<\/p>\n","protected":false},"author":73,"featured_media":42629,"comment_status":"open","ping_status":"open","sticky":false,"template":"","format":"standard","meta":{"_acf_changed":false,"_crdt_document":"","inline_featured_image":false,"footnotes":""},"categories":[72],"tags":[5004,4364],"class_list":["post-42628","post","type-post","status-publish","format-standard","has-post-thumbnail","hentry","category-analisis","tag-miedos","tag-se-buscan-rebeldes"],"acf":[],"yoast_head":"<!-- This site is optimized with the Yoast SEO plugin v27.5 - https:\/\/yoast.com\/product\/yoast-seo-wordpress\/ -->\n<title>\u00a1Fuera miedos! C\u00f3mo barrerlos todos &#8211; Exaudi<\/title>\n<meta name=\"description\" content=\"\u00bfCu\u00e1les son tus miedos? Y \u00bfPor qu\u00e9 tenemos miedo? en el v\u00eddeo de la serie &quot;Se buscan Rebeldes&quot; el Sacerdote Ignacio Amor\u00f3s responde.\" \/>\n<meta name=\"robots\" content=\"index, follow, max-snippet:-1, max-image-preview:large, max-video-preview:-1\" \/>\n<link rel=\"canonical\" href=\"https:\/\/exaudi.org\/es\/cuales-son-tus-miedos-y-por-que-tenemos-miedo\/\" \/>\n<meta property=\"og:locale\" content=\"es_ES\" \/>\n<meta property=\"og:type\" content=\"article\" \/>\n<meta property=\"og:title\" content=\"\u00a1Fuera miedos! C\u00f3mo barrerlos todos &#8211; Exaudi\" \/>\n<meta property=\"og:description\" content=\"\u00bfCu\u00e1les son tus miedos? Y \u00bfPor qu\u00e9 tenemos miedo? en el v\u00eddeo de la serie &quot;Se buscan Rebeldes&quot; el Sacerdote Ignacio Amor\u00f3s responde.\" \/>\n<meta property=\"og:url\" content=\"https:\/\/exaudi.org\/es\/cuales-son-tus-miedos-y-por-que-tenemos-miedo\/\" \/>\n<meta property=\"og:site_name\" content=\"Exaudi\" \/>\n<meta property=\"article:publisher\" content=\"https:\/\/www.facebook.com\/ExaudiNews\" \/>\n<meta property=\"article:author\" content=\"https:\/\/www.facebook.com\/sebuscanrebeldes\/\" \/>\n<meta property=\"article:published_time\" content=\"2021-11-19T09:02:01+00:00\" \/>\n<meta property=\"og:image\" content=\"https:\/\/exaudi.org\/wp-content\/uploads\/2021\/11\/Tener-miedo.jpg\" \/>\n\t<meta property=\"og:image:width\" content=\"771\" \/>\n\t<meta property=\"og:image:height\" content=\"585\" \/>\n\t<meta property=\"og:image:type\" content=\"image\/jpeg\" \/>\n<meta name=\"author\" content=\"Se Buscan Rebeldes\" \/>\n<meta name=\"twitter:card\" content=\"summary_large_image\" \/>\n<meta name=\"twitter:creator\" content=\"@Exaudi_News\" \/>\n<meta name=\"twitter:site\" content=\"@Exaudi_News\" \/>\n<meta name=\"twitter:label1\" content=\"Escrito por\" \/>\n\t<meta name=\"twitter:data1\" content=\"Se Buscan Rebeldes\" \/>\n\t<meta name=\"twitter:label2\" content=\"Tiempo de lectura\" \/>\n\t<meta name=\"twitter:data2\" content=\"15 minutos\" \/>\n<script type=\"application\/ld+json\" class=\"yoast-schema-graph\">{\"@context\":\"https:\\\/\\\/schema.org\",\"@graph\":[{\"@type\":\"Article\",\"@id\":\"https:\\\/\\\/exaudi.org\\\/es\\\/cuales-son-tus-miedos-y-por-que-tenemos-miedo\\\/#article\",\"isPartOf\":{\"@id\":\"https:\\\/\\\/exaudi.org\\\/es\\\/cuales-son-tus-miedos-y-por-que-tenemos-miedo\\\/\"},\"author\":{\"name\":\"Se Buscan Rebeldes\",\"@id\":\"https:\\\/\\\/exaudi.org\\\/#\\\/schema\\\/person\\\/b06a9faebc21255c5a2167f40523341a\"},\"headline\":\"\u00a1Fuera miedos! C\u00f3mo barrerlos todos\",\"datePublished\":\"2021-11-19T09:02:01+00:00\",\"mainEntityOfPage\":{\"@id\":\"https:\\\/\\\/exaudi.org\\\/es\\\/cuales-son-tus-miedos-y-por-que-tenemos-miedo\\\/\"},\"wordCount\":3502,\"commentCount\":0,\"image\":{\"@id\":\"https:\\\/\\\/exaudi.org\\\/es\\\/cuales-son-tus-miedos-y-por-que-tenemos-miedo\\\/#primaryimage\"},\"thumbnailUrl\":\"https:\\\/\\\/exaudi.org\\\/wp-content\\\/uploads\\\/2021\\\/11\\\/Tener-miedo.jpg\",\"keywords\":[\"miedos\",\"Se Buscan Rebeldes\"],\"articleSection\":[\"An\u00e1lisis\"],\"inLanguage\":\"es\",\"potentialAction\":[{\"@type\":\"CommentAction\",\"name\":\"Comment\",\"target\":[\"https:\\\/\\\/exaudi.org\\\/es\\\/cuales-son-tus-miedos-y-por-que-tenemos-miedo\\\/#respond\"]}]},{\"@type\":\"WebPage\",\"@id\":\"https:\\\/\\\/exaudi.org\\\/es\\\/cuales-son-tus-miedos-y-por-que-tenemos-miedo\\\/\",\"url\":\"https:\\\/\\\/exaudi.org\\\/es\\\/cuales-son-tus-miedos-y-por-que-tenemos-miedo\\\/\",\"name\":\"\u00a1Fuera miedos! C\u00f3mo barrerlos todos &#8211; Exaudi\",\"isPartOf\":{\"@id\":\"https:\\\/\\\/exaudi.org\\\/#website\"},\"primaryImageOfPage\":{\"@id\":\"https:\\\/\\\/exaudi.org\\\/es\\\/cuales-son-tus-miedos-y-por-que-tenemos-miedo\\\/#primaryimage\"},\"image\":{\"@id\":\"https:\\\/\\\/exaudi.org\\\/es\\\/cuales-son-tus-miedos-y-por-que-tenemos-miedo\\\/#primaryimage\"},\"thumbnailUrl\":\"https:\\\/\\\/exaudi.org\\\/wp-content\\\/uploads\\\/2021\\\/11\\\/Tener-miedo.jpg\",\"datePublished\":\"2021-11-19T09:02:01+00:00\",\"author\":{\"@id\":\"https:\\\/\\\/exaudi.org\\\/#\\\/schema\\\/person\\\/b06a9faebc21255c5a2167f40523341a\"},\"description\":\"\u00bfCu\u00e1les son tus miedos? Y \u00bfPor qu\u00e9 tenemos miedo? en el v\u00eddeo de la serie \\\"Se buscan Rebeldes\\\" el Sacerdote Ignacio Amor\u00f3s responde.\",\"breadcrumb\":{\"@id\":\"https:\\\/\\\/exaudi.org\\\/es\\\/cuales-son-tus-miedos-y-por-que-tenemos-miedo\\\/#breadcrumb\"},\"inLanguage\":\"es\",\"potentialAction\":[{\"@type\":\"ReadAction\",\"target\":[\"https:\\\/\\\/exaudi.org\\\/es\\\/cuales-son-tus-miedos-y-por-que-tenemos-miedo\\\/\"]}]},{\"@type\":\"ImageObject\",\"inLanguage\":\"es\",\"@id\":\"https:\\\/\\\/exaudi.org\\\/es\\\/cuales-son-tus-miedos-y-por-que-tenemos-miedo\\\/#primaryimage\",\"url\":\"https:\\\/\\\/exaudi.org\\\/wp-content\\\/uploads\\\/2021\\\/11\\\/Tener-miedo.jpg\",\"contentUrl\":\"https:\\\/\\\/exaudi.org\\\/wp-content\\\/uploads\\\/2021\\\/11\\\/Tener-miedo.jpg\",\"width\":771,\"height\":585,\"caption\":\"Tener miedo \u00a9 Alba Montalvo\"},{\"@type\":\"BreadcrumbList\",\"@id\":\"https:\\\/\\\/exaudi.org\\\/es\\\/cuales-son-tus-miedos-y-por-que-tenemos-miedo\\\/#breadcrumb\",\"itemListElement\":[{\"@type\":\"ListItem\",\"position\":1,\"name\":\"Portada\",\"item\":\"https:\\\/\\\/exaudi.org\\\/es\\\/\"},{\"@type\":\"ListItem\",\"position\":2,\"name\":\"\u00a1Fuera miedos! C\u00f3mo barrerlos todos\"}]},{\"@type\":\"WebSite\",\"@id\":\"https:\\\/\\\/exaudi.org\\\/#website\",\"url\":\"https:\\\/\\\/exaudi.org\\\/\",\"name\":\"Exaudi\",\"description\":\"News\",\"potentialAction\":[{\"@type\":\"SearchAction\",\"target\":{\"@type\":\"EntryPoint\",\"urlTemplate\":\"https:\\\/\\\/exaudi.org\\\/?s={search_term_string}\"},\"query-input\":{\"@type\":\"PropertyValueSpecification\",\"valueRequired\":true,\"valueName\":\"search_term_string\"}}],\"inLanguage\":\"es\"},{\"@type\":\"Person\",\"@id\":\"https:\\\/\\\/exaudi.org\\\/#\\\/schema\\\/person\\\/b06a9faebc21255c5a2167f40523341a\",\"name\":\"Se Buscan Rebeldes\",\"image\":{\"@type\":\"ImageObject\",\"inLanguage\":\"es\",\"@id\":\"https:\\\/\\\/secure.gravatar.com\\\/avatar\\\/929b85b2d54ed639396fbba53a4ba8b8eecfc3faea92b7770fa6baa4846cc2ea?s=96&d=mm&r=g\",\"url\":\"https:\\\/\\\/secure.gravatar.com\\\/avatar\\\/929b85b2d54ed639396fbba53a4ba8b8eecfc3faea92b7770fa6baa4846cc2ea?s=96&d=mm&r=g\",\"contentUrl\":\"https:\\\/\\\/secure.gravatar.com\\\/avatar\\\/929b85b2d54ed639396fbba53a4ba8b8eecfc3faea92b7770fa6baa4846cc2ea?s=96&d=mm&r=g\",\"caption\":\"Se Buscan Rebeldes\"},\"description\":\"\u201cSe Buscan Rebeldes\u201d es un canal de evangelizaci\u00f3n cat\u00f3lico que busca saciar la sed que tienes de felicidad y responder a tus preguntas con el poder transformador del amor de Dios revelado en Jesucristo.\",\"sameAs\":[\"https:\\\/\\\/fundacionicomem.es\\\/\",\"https:\\\/\\\/www.facebook.com\\\/sebuscanrebeldes\\\/\",\"https:\\\/\\\/www.instagram.com\\\/fundacionicomem\\\/\",\"@SeBuscanRebeldes\"],\"url\":\"https:\\\/\\\/exaudi.org\\\/es\\\/author\\\/sebuscanrebeldes\\\/\"}]}<\/script>\n<!-- \/ Yoast SEO plugin. -->","yoast_head_json":{"title":"\u00a1Fuera miedos! C\u00f3mo barrerlos todos &#8211; Exaudi","description":"\u00bfCu\u00e1les son tus miedos? Y \u00bfPor qu\u00e9 tenemos miedo? en el v\u00eddeo de la serie \"Se buscan Rebeldes\" el Sacerdote Ignacio Amor\u00f3s responde.","robots":{"index":"index","follow":"follow","max-snippet":"max-snippet:-1","max-image-preview":"max-image-preview:large","max-video-preview":"max-video-preview:-1"},"canonical":"https:\/\/exaudi.org\/es\/cuales-son-tus-miedos-y-por-que-tenemos-miedo\/","og_locale":"es_ES","og_type":"article","og_title":"\u00a1Fuera miedos! C\u00f3mo barrerlos todos &#8211; Exaudi","og_description":"\u00bfCu\u00e1les son tus miedos? Y \u00bfPor qu\u00e9 tenemos miedo? en el v\u00eddeo de la serie \"Se buscan Rebeldes\" el Sacerdote Ignacio Amor\u00f3s responde.","og_url":"https:\/\/exaudi.org\/es\/cuales-son-tus-miedos-y-por-que-tenemos-miedo\/","og_site_name":"Exaudi","article_publisher":"https:\/\/www.facebook.com\/ExaudiNews","article_author":"https:\/\/www.facebook.com\/sebuscanrebeldes\/","article_published_time":"2021-11-19T09:02:01+00:00","og_image":[{"width":771,"height":585,"url":"https:\/\/exaudi.org\/wp-content\/uploads\/2021\/11\/Tener-miedo.jpg","type":"image\/jpeg"}],"author":"Se Buscan Rebeldes","twitter_card":"summary_large_image","twitter_creator":"@Exaudi_News","twitter_site":"@Exaudi_News","twitter_misc":{"Escrito por":"Se Buscan Rebeldes","Tiempo de lectura":"15 minutos"},"schema":{"@context":"https:\/\/schema.org","@graph":[{"@type":"Article","@id":"https:\/\/exaudi.org\/es\/cuales-son-tus-miedos-y-por-que-tenemos-miedo\/#article","isPartOf":{"@id":"https:\/\/exaudi.org\/es\/cuales-son-tus-miedos-y-por-que-tenemos-miedo\/"},"author":{"name":"Se Buscan Rebeldes","@id":"https:\/\/exaudi.org\/#\/schema\/person\/b06a9faebc21255c5a2167f40523341a"},"headline":"\u00a1Fuera miedos! C\u00f3mo barrerlos todos","datePublished":"2021-11-19T09:02:01+00:00","mainEntityOfPage":{"@id":"https:\/\/exaudi.org\/es\/cuales-son-tus-miedos-y-por-que-tenemos-miedo\/"},"wordCount":3502,"commentCount":0,"image":{"@id":"https:\/\/exaudi.org\/es\/cuales-son-tus-miedos-y-por-que-tenemos-miedo\/#primaryimage"},"thumbnailUrl":"https:\/\/exaudi.org\/wp-content\/uploads\/2021\/11\/Tener-miedo.jpg","keywords":["miedos","Se Buscan Rebeldes"],"articleSection":["An\u00e1lisis"],"inLanguage":"es","potentialAction":[{"@type":"CommentAction","name":"Comment","target":["https:\/\/exaudi.org\/es\/cuales-son-tus-miedos-y-por-que-tenemos-miedo\/#respond"]}]},{"@type":"WebPage","@id":"https:\/\/exaudi.org\/es\/cuales-son-tus-miedos-y-por-que-tenemos-miedo\/","url":"https:\/\/exaudi.org\/es\/cuales-son-tus-miedos-y-por-que-tenemos-miedo\/","name":"\u00a1Fuera miedos! C\u00f3mo barrerlos todos &#8211; Exaudi","isPartOf":{"@id":"https:\/\/exaudi.org\/#website"},"primaryImageOfPage":{"@id":"https:\/\/exaudi.org\/es\/cuales-son-tus-miedos-y-por-que-tenemos-miedo\/#primaryimage"},"image":{"@id":"https:\/\/exaudi.org\/es\/cuales-son-tus-miedos-y-por-que-tenemos-miedo\/#primaryimage"},"thumbnailUrl":"https:\/\/exaudi.org\/wp-content\/uploads\/2021\/11\/Tener-miedo.jpg","datePublished":"2021-11-19T09:02:01+00:00","author":{"@id":"https:\/\/exaudi.org\/#\/schema\/person\/b06a9faebc21255c5a2167f40523341a"},"description":"\u00bfCu\u00e1les son tus miedos? Y \u00bfPor qu\u00e9 tenemos miedo? en el v\u00eddeo de la serie \"Se buscan Rebeldes\" el Sacerdote Ignacio Amor\u00f3s responde.","breadcrumb":{"@id":"https:\/\/exaudi.org\/es\/cuales-son-tus-miedos-y-por-que-tenemos-miedo\/#breadcrumb"},"inLanguage":"es","potentialAction":[{"@type":"ReadAction","target":["https:\/\/exaudi.org\/es\/cuales-son-tus-miedos-y-por-que-tenemos-miedo\/"]}]},{"@type":"ImageObject","inLanguage":"es","@id":"https:\/\/exaudi.org\/es\/cuales-son-tus-miedos-y-por-que-tenemos-miedo\/#primaryimage","url":"https:\/\/exaudi.org\/wp-content\/uploads\/2021\/11\/Tener-miedo.jpg","contentUrl":"https:\/\/exaudi.org\/wp-content\/uploads\/2021\/11\/Tener-miedo.jpg","width":771,"height":585,"caption":"Tener miedo \u00a9 Alba Montalvo"},{"@type":"BreadcrumbList","@id":"https:\/\/exaudi.org\/es\/cuales-son-tus-miedos-y-por-que-tenemos-miedo\/#breadcrumb","itemListElement":[{"@type":"ListItem","position":1,"name":"Portada","item":"https:\/\/exaudi.org\/es\/"},{"@type":"ListItem","position":2,"name":"\u00a1Fuera miedos! C\u00f3mo barrerlos todos"}]},{"@type":"WebSite","@id":"https:\/\/exaudi.org\/#website","url":"https:\/\/exaudi.org\/","name":"Exaudi","description":"News","potentialAction":[{"@type":"SearchAction","target":{"@type":"EntryPoint","urlTemplate":"https:\/\/exaudi.org\/?s={search_term_string}"},"query-input":{"@type":"PropertyValueSpecification","valueRequired":true,"valueName":"search_term_string"}}],"inLanguage":"es"},{"@type":"Person","@id":"https:\/\/exaudi.org\/#\/schema\/person\/b06a9faebc21255c5a2167f40523341a","name":"Se Buscan Rebeldes","image":{"@type":"ImageObject","inLanguage":"es","@id":"https:\/\/secure.gravatar.com\/avatar\/929b85b2d54ed639396fbba53a4ba8b8eecfc3faea92b7770fa6baa4846cc2ea?s=96&d=mm&r=g","url":"https:\/\/secure.gravatar.com\/avatar\/929b85b2d54ed639396fbba53a4ba8b8eecfc3faea92b7770fa6baa4846cc2ea?s=96&d=mm&r=g","contentUrl":"https:\/\/secure.gravatar.com\/avatar\/929b85b2d54ed639396fbba53a4ba8b8eecfc3faea92b7770fa6baa4846cc2ea?s=96&d=mm&r=g","caption":"Se Buscan Rebeldes"},"description":"\u201cSe Buscan Rebeldes\u201d es un canal de evangelizaci\u00f3n cat\u00f3lico que busca saciar la sed que tienes de felicidad y responder a tus preguntas con el poder transformador del amor de Dios revelado en Jesucristo.","sameAs":["https:\/\/fundacionicomem.es\/","https:\/\/www.facebook.com\/sebuscanrebeldes\/","https:\/\/www.instagram.com\/fundacionicomem\/","@SeBuscanRebeldes"],"url":"https:\/\/exaudi.org\/es\/author\/sebuscanrebeldes\/"}]}},"jetpack_featured_media_url":"https:\/\/exaudi.org\/wp-content\/uploads\/2021\/11\/Tener-miedo.jpg","jetpack_shortlink":"https:\/\/wp.me\/pgKjF2-b5y","_links":{"self":[{"href":"https:\/\/exaudi.org\/es\/wp-json\/wp\/v2\/posts\/42628","targetHints":{"allow":["GET"]}}],"collection":[{"href":"https:\/\/exaudi.org\/es\/wp-json\/wp\/v2\/posts"}],"about":[{"href":"https:\/\/exaudi.org\/es\/wp-json\/wp\/v2\/types\/post"}],"author":[{"embeddable":true,"href":"https:\/\/exaudi.org\/es\/wp-json\/wp\/v2\/users\/73"}],"replies":[{"embeddable":true,"href":"https:\/\/exaudi.org\/es\/wp-json\/wp\/v2\/comments?post=42628"}],"version-history":[{"count":0,"href":"https:\/\/exaudi.org\/es\/wp-json\/wp\/v2\/posts\/42628\/revisions"}],"wp:featuredmedia":[{"embeddable":true,"href":"https:\/\/exaudi.org\/es\/wp-json\/wp\/v2\/media\/42629"}],"wp:attachment":[{"href":"https:\/\/exaudi.org\/es\/wp-json\/wp\/v2\/media?parent=42628"}],"wp:term":[{"taxonomy":"category","embeddable":true,"href":"https:\/\/exaudi.org\/es\/wp-json\/wp\/v2\/categories?post=42628"},{"taxonomy":"post_tag","embeddable":true,"href":"https:\/\/exaudi.org\/es\/wp-json\/wp\/v2\/tags?post=42628"}],"curies":[{"name":"wp","href":"https:\/\/api.w.org\/{rel}","templated":true}]}}