{"id":42609,"date":"2021-11-19T08:15:35","date_gmt":"2021-11-19T07:15:35","guid":{"rendered":"https:\/\/exaudi.wpengine.com\/cardenal-omalley-habla-de-la-dimension-mundial-de-los-abusos-2\/"},"modified":"2021-11-19T08:15:35","modified_gmt":"2021-11-19T07:15:35","slug":"cardenal-omalley-habla-de-la-dimension-mundial-de-los-abusos-2","status":"publish","type":"post","link":"https:\/\/exaudi.org\/es\/cardenal-omalley-habla-de-la-dimension-mundial-de-los-abusos-2\/","title":{"rendered":"Cardenal O&#8217;Malley habla de la dimensi\u00f3n mundial de los abusos"},"content":{"rendered":"<p>\u201cNo podemos reparar lo que no reconocemos\u201d, dijo el presidente de la <a href=\"https:\/\/www.tutelaminorum.org\/\" target=\"_blank\" rel=\"noopener\">Comisi\u00f3n Pontificia para la Protecci\u00f3n de los Menores- <em>Tutela Minorum<\/em><\/a>. \u201cNo podemos restaurar una confianza rota si no abordamos el coraz\u00f3n del asunto. Esto requiere una investigaci\u00f3n honesta, una indagaci\u00f3n independiente y una acci\u00f3n informada\u201d.<\/p>\n<p>Los comentarios del cardenal O&#8217;Malley se produjeron en el D\u00eda Europeo de la Protecci\u00f3n de los Ni\u00f1os contra la Explotaci\u00f3n y el <a href=\"https:\/\/exaudi.org\/es\/italia-el-papa-se-une-a-jornada-por-victimas-de-abusos\/\" target=\"_blank\" rel=\"noopener\">Abuso Sexual<\/a>, el 18 de noviembre, en un mensaje dirigido al profesor Ernesto Caffo, miembro de <em>Tutela Minorum<\/em> y presidente de la l\u00ednea telef\u00f3nica italiana para ni\u00f1os<em><a href=\"https:\/\/azzurro.it\/\" target=\"_blank\" rel=\"noopener\"> Telefono Azzurro<\/a><\/em>, que organiz\u00f3 un Simposio Internacional titulado: \u2018El derecho a la confianza\u2019. El reto de asegurar la relaci\u00f3n de los ni\u00f1os y adolescentes con los adultos de confianza.<\/p>\n<p>\u201cSabemos que el <a href=\"https:\/\/exaudi.org\/es\/francia-obispos-piden-ayuda-al-papa-para-luchar-contra-abusos\/\" target=\"_blank\" rel=\"noopener\">abuso sexual<\/a> infantil es un problema humano global\u201d, dijo el cardenal. \u201cLa Organizaci\u00f3n Mundial de la Salud que una de cada cinco mujeres y uno de cada trece hombres dicen haber sufrido abusos sexuales antes de cumplir los 18 a\u00f1os; y que al menos el sesenta por ciento de las v\u00edctimas\/sobrevivientes de abusos sexuales a menores nunca revelan sus abusos\u201d.<\/p>\n<p>El cardenal O&#8217;Malley se\u00f1al\u00f3 que las estad\u00edsticas de la Iglesia cat\u00f3lica tambi\u00e9n son preocupantes. Se\u00f1al\u00f3 el reciente informe franc\u00e9s seg\u00fan el cual 216.000 ni\u00f1os sufrieron abusos en la Iglesia desde 1950 hasta 2020. Un estudio realizado en Australia mostr\u00f3 que el 40% de los abusos a menores en ese pa\u00eds se produjeron en la Iglesia.<\/p>\n<p>\u201cSon estad\u00edsticas asombrosas. Pero no podemos permitir que nuestra reacci\u00f3n a ellas oscurezca su prop\u00f3sito: Evaluar las medidas tomadas por la Iglesia para tratar este flagelo, y hacer todas las recomendaciones \u00fatiles para la transformaci\u00f3n de un sistema fallido, bas\u00e1ndose en un nivel cuantitativo y cualitativo.\u201d<\/p>\n<p>A continuaci\u00f3n, el texto de su mensaje.<\/p>\n<p>***<\/p>\n<p>\u201cEn nombre de la Comisi\u00f3n Pontificia para la Protecci\u00f3n de los Menores, env\u00edo mi saludo al profesor Ernesto Caffo, presidente de Telefono Azzurro, y a los invitados de honor y participantes que se han reunido hoy en persona y en l\u00ednea para conmemorar la Jornada Europea sobre la Protecci\u00f3n de los Ni\u00f1os contra la Explotaci\u00f3n y el Abuso Sexual, que este a\u00f1o se centra en \u201cHacer que el c\u00edrculo de confianza sea realmente seguro para los ni\u00f1os\u201d.<\/p>\n<p>Desde su creaci\u00f3n en 2015, la iniciativa del Consejo de Europa ha proporcionado un foro para reunir a la sociedad civil y a los gobiernos con el fin de concentrar y alinear mejor los recursos vitales y aumentar la concienciaci\u00f3n sobre el problema de la explotaci\u00f3n y el abuso sexual infantil (ESAI).<\/p>\n<p>Sabemos que el abuso sexual infantil es un problema humano global. La Organizaci\u00f3n Mundial de la Salud afirma que una de cada cinco mujeres y uno de cada trece hombres han sufrido abusos sexuales antes de cumplir los 18 a\u00f1os; y que al menos el sesenta por ciento de las v\u00edctimas\/sobrevivientes de abusos sexuales a menores nunca revelan sus abusos.<\/p>\n<p>Los datos m\u00e1s recientes que hemos recibido sobre el alcance de los abusos sexuales a menores en la Iglesia cat\u00f3lica, no son menos sombr\u00edos. En Francia, la <a href=\"https:\/\/exaudi.org\/es\/francia-el-papa-recibe-con-dolor-informe-de-abusos-sexuales\/\" target=\"_blank\" rel=\"noopener\">Comisi\u00f3n Independiente sobre Abusos Sexuales en la Iglesia Cat\u00f3lica (CIASE)<\/a> estim\u00f3 que 216.000 ni\u00f1os sufrieron abusos sexuales en la Iglesia en el per\u00edodo comprendido entre 1950 y 2020. En Australia, el 40% de los abusos sexuales a menores que se produjeron en el periodo examinado por la Comisi\u00f3n Real de Investigaci\u00f3n se produjeron en un \u00e1mbito relacionado con la Iglesia cat\u00f3lica.<\/p>\n<p>Son estad\u00edsticas asombrosas. Pero no podemos permitir que nuestra reacci\u00f3n ante ellas oscurezca su prop\u00f3sito: Evaluar las medidas tomadas por la Iglesia para tratar esta lacra, y hacer todas las recomendaciones \u00fatiles para la transformaci\u00f3n de un sistema fallido en el plano cuantitativo y cualitativo.<\/p>\n<p>No podemos reparar lo que no reconocemos. No podemos restaurar una confianza rota si no abordamos el n\u00facleo del asunto. Esto requiere una investigaci\u00f3n honesta, una indagaci\u00f3n independiente y una acci\u00f3n informada.<\/p>\n<p>Como Iglesia, debemos estar abiertos a aprender de los avances de la sociedad civil y del mundo acad\u00e9mico en t\u00e9rminos de modelos cient\u00edficos de investigaci\u00f3n para un enfoque m\u00e1s informado de nuestras estrategias de prevenci\u00f3n y pol\u00edticas de protecci\u00f3n, sobre el terreno y en l\u00ednea.<\/p>\n<p>Aprendiendo los unos de los otros, podemos convertirnos en una Iglesia y una sociedad que sit\u00fae la protecci\u00f3n de los ni\u00f1os entre las m\u00e1s altas prioridades. Esto requiere invertir en la creaci\u00f3n de relaciones de confianza y apoyo interinstitucional.<\/p>\n<p>El Santo Padre y nuestra Comisi\u00f3n est\u00e1n convencidos de que las v\u00edctimas y los supervivientes de los abusos sexuales a menores son la clave para ayudarnos a aplicar pol\u00edticas y procedimientos significativos y eficaces. En su carta al Pueblo de Dios en 2018, el Papa Francisco se\u00f1al\u00f3 que \u201ccon el paso del tiempo, hemos llegado a conocer el dolor de muchas de las v\u00edctimas\u201d y que las heridas que llevan \u201cnunca desaparecen.\u201d<\/p>\n<p>Este 18 de noviembre, la Iglesia en Italia ha instituido la <a href=\"https:\/\/exaudi.org\/es\/italia-el-papa-se-une-a-jornada-por-victimas-de-abusos\/\" target=\"_blank\" rel=\"noopener\">1\u00aa Jornada Nacional de Oraci\u00f3n por las V\u00edctimas y Supervivientes<\/a>. La Jornada fue establecida por el Papa Francisco a trav\u00e9s del compromiso de la Comisi\u00f3n Pontificia para la Protecci\u00f3n de los Menores como un reconocimiento p\u00fablico y visible de las v\u00edctimas de los abusos sexuales del clero y para promover la concienciaci\u00f3n de todos los fieles bautizados, y de los no creyentes como desea el Santo Padre en su Carta al Pueblo de Dios (2018)3.<\/p>\n<p>En solidaridad con la iniciativa del Santo Padre, el 18 de noviembre en Baltimore, caminar\u00e9 en comuni\u00f3n silenciosa de oraci\u00f3n con adultos sobrevivientes de abuso sexual infantil, sus defensores, hermanos obispos, l\u00edderes religiosos de muchas denominaciones y representantes de la sociedad civil.<\/p>\n<p>Mientras el sol se eleva sobre el paseo mar\u00edtimo de la ciudad, nos reuniremos como un colectivo global en reconocimiento de nuestro compromiso -religiones y sociedad civil- de caminar con los supervivientes en un viaje de curaci\u00f3n de por vida para todos nosotros.<\/p>\n<p>Con la seguridad de mis continuas oraciones,<\/p>\n<p>Card. Se\u00e1n O&#8217; Malley OFM Cap.<\/p>\n<p>Presidente<\/p>\n","protected":false},"excerpt":{"rendered":"<p>\u201cNo podemos reparar lo que no reconocemos\u201d<\/p>\n","protected":false},"author":4,"featured_media":41274,"comment_status":"open","ping_status":"open","sticky":false,"template":"","format":"standard","meta":{"_acf_changed":false,"_crdt_document":"","inline_featured_image":false,"footnotes":""},"categories":[298,132],"tags":[4421,4917,4918],"class_list":["post-42609","post","type-post","status-publish","format-standard","has-post-thumbnail","hentry","category-ultimas-noticias","category-vaticano-es","tag-abusos-sexuales","tag-cardenal-omalley","tag-proteccion-de-los-menores"],"acf":[],"yoast_head":"<!-- This site is optimized with the Yoast SEO plugin v27.5 - https:\/\/yoast.com\/product\/yoast-seo-wordpress\/ -->\n<title>Cardenal O&#039;Malley habla de la dimensi\u00f3n mundial de los abusos &#8211;<\/title>\n<meta name=\"description\" content=\"Cardenal O&#039;Malley habla de la dimensi\u00f3n mundial de los abusos y explica que esto requiere una \u201cinvestigaci\u00f3n honesta\u201d.\" \/>\n<meta name=\"robots\" content=\"index, follow, max-snippet:-1, max-image-preview:large, max-video-preview:-1\" \/>\n<link rel=\"canonical\" href=\"https:\/\/exaudi.org\/es\/cardenal-omalley-habla-de-la-dimension-mundial-de-los-abusos-2\/\" \/>\n<meta property=\"og:locale\" content=\"es_ES\" \/>\n<meta property=\"og:type\" content=\"article\" \/>\n<meta property=\"og:title\" content=\"Cardenal O&#039;Malley habla de la dimensi\u00f3n mundial de los abusos &#8211;\" \/>\n<meta property=\"og:description\" content=\"Cardenal O&#039;Malley habla de la dimensi\u00f3n mundial de los abusos y explica que esto requiere una \u201cinvestigaci\u00f3n honesta\u201d.\" \/>\n<meta property=\"og:url\" content=\"https:\/\/exaudi.org\/es\/cardenal-omalley-habla-de-la-dimension-mundial-de-los-abusos-2\/\" \/>\n<meta property=\"og:site_name\" content=\"Exaudi\" \/>\n<meta property=\"article:publisher\" content=\"https:\/\/www.facebook.com\/ExaudiNews\" \/>\n<meta property=\"article:published_time\" content=\"2021-11-19T07:15:35+00:00\" \/>\n<meta property=\"og:image\" content=\"https:\/\/exaudi.org\/wp-content\/uploads\/2021\/11\/El-Papa-Francisco-saluda-al-cardenal-OMalley.jpeg\" \/>\n\t<meta property=\"og:image:width\" content=\"750\" \/>\n\t<meta property=\"og:image:height\" content=\"422\" \/>\n\t<meta property=\"og:image:type\" content=\"image\/jpeg\" \/>\n<meta name=\"author\" content=\"Jim Fair\" \/>\n<meta name=\"twitter:card\" content=\"summary_large_image\" \/>\n<meta name=\"twitter:creator\" content=\"@Exaudi_News\" \/>\n<meta name=\"twitter:site\" content=\"@Exaudi_News\" \/>\n<meta name=\"twitter:label1\" content=\"Escrito por\" \/>\n\t<meta name=\"twitter:data1\" content=\"Jim Fair\" \/>\n\t<meta name=\"twitter:label2\" content=\"Tiempo de lectura\" \/>\n\t<meta name=\"twitter:data2\" content=\"5 minutos\" \/>\n<script type=\"application\/ld+json\" class=\"yoast-schema-graph\">{\"@context\":\"https:\\\/\\\/schema.org\",\"@graph\":[{\"@type\":\"Article\",\"@id\":\"https:\\\/\\\/exaudi.org\\\/es\\\/cardenal-omalley-habla-de-la-dimension-mundial-de-los-abusos-2\\\/#article\",\"isPartOf\":{\"@id\":\"https:\\\/\\\/exaudi.org\\\/es\\\/cardenal-omalley-habla-de-la-dimension-mundial-de-los-abusos-2\\\/\"},\"author\":{\"name\":\"Jim Fair\",\"@id\":\"https:\\\/\\\/exaudi.org\\\/#\\\/schema\\\/person\\\/010bdf0d65f801cd06f263d9b37ae0f4\"},\"headline\":\"Cardenal O&#8217;Malley habla de la dimensi\u00f3n mundial de los abusos\",\"datePublished\":\"2021-11-19T07:15:35+00:00\",\"mainEntityOfPage\":{\"@id\":\"https:\\\/\\\/exaudi.org\\\/es\\\/cardenal-omalley-habla-de-la-dimension-mundial-de-los-abusos-2\\\/\"},\"wordCount\":1091,\"commentCount\":0,\"image\":{\"@id\":\"https:\\\/\\\/exaudi.org\\\/es\\\/cardenal-omalley-habla-de-la-dimension-mundial-de-los-abusos-2\\\/#primaryimage\"},\"thumbnailUrl\":\"https:\\\/\\\/exaudi.org\\\/wp-content\\\/uploads\\\/2021\\\/11\\\/El-Papa-Francisco-saluda-al-cardenal-OMalley.jpeg\",\"keywords\":[\"Abusos sexuales\",\"Cardenal O'Malley\",\"Protecci\u00f3n de los Menores\"],\"articleSection\":[\"\u00daltimas noticias\",\"Vaticano\"],\"inLanguage\":\"es\",\"potentialAction\":[{\"@type\":\"CommentAction\",\"name\":\"Comment\",\"target\":[\"https:\\\/\\\/exaudi.org\\\/es\\\/cardenal-omalley-habla-de-la-dimension-mundial-de-los-abusos-2\\\/#respond\"]}]},{\"@type\":\"WebPage\",\"@id\":\"https:\\\/\\\/exaudi.org\\\/es\\\/cardenal-omalley-habla-de-la-dimension-mundial-de-los-abusos-2\\\/\",\"url\":\"https:\\\/\\\/exaudi.org\\\/es\\\/cardenal-omalley-habla-de-la-dimension-mundial-de-los-abusos-2\\\/\",\"name\":\"Cardenal O'Malley habla de la dimensi\u00f3n mundial de los abusos &#8211;\",\"isPartOf\":{\"@id\":\"https:\\\/\\\/exaudi.org\\\/#website\"},\"primaryImageOfPage\":{\"@id\":\"https:\\\/\\\/exaudi.org\\\/es\\\/cardenal-omalley-habla-de-la-dimension-mundial-de-los-abusos-2\\\/#primaryimage\"},\"image\":{\"@id\":\"https:\\\/\\\/exaudi.org\\\/es\\\/cardenal-omalley-habla-de-la-dimension-mundial-de-los-abusos-2\\\/#primaryimage\"},\"thumbnailUrl\":\"https:\\\/\\\/exaudi.org\\\/wp-content\\\/uploads\\\/2021\\\/11\\\/El-Papa-Francisco-saluda-al-cardenal-OMalley.jpeg\",\"datePublished\":\"2021-11-19T07:15:35+00:00\",\"author\":{\"@id\":\"https:\\\/\\\/exaudi.org\\\/#\\\/schema\\\/person\\\/010bdf0d65f801cd06f263d9b37ae0f4\"},\"description\":\"Cardenal O'Malley habla de la dimensi\u00f3n mundial de los abusos y explica que esto requiere una \u201cinvestigaci\u00f3n honesta\u201d.\",\"breadcrumb\":{\"@id\":\"https:\\\/\\\/exaudi.org\\\/es\\\/cardenal-omalley-habla-de-la-dimension-mundial-de-los-abusos-2\\\/#breadcrumb\"},\"inLanguage\":\"es\",\"potentialAction\":[{\"@type\":\"ReadAction\",\"target\":[\"https:\\\/\\\/exaudi.org\\\/es\\\/cardenal-omalley-habla-de-la-dimension-mundial-de-los-abusos-2\\\/\"]}]},{\"@type\":\"ImageObject\",\"inLanguage\":\"es\",\"@id\":\"https:\\\/\\\/exaudi.org\\\/es\\\/cardenal-omalley-habla-de-la-dimension-mundial-de-los-abusos-2\\\/#primaryimage\",\"url\":\"https:\\\/\\\/exaudi.org\\\/wp-content\\\/uploads\\\/2021\\\/11\\\/El-Papa-Francisco-saluda-al-cardenal-OMalley.jpeg\",\"contentUrl\":\"https:\\\/\\\/exaudi.org\\\/wp-content\\\/uploads\\\/2021\\\/11\\\/El-Papa-Francisco-saluda-al-cardenal-OMalley.jpeg\",\"width\":750,\"height\":422,\"caption\":\"El Papa Francisco saluda al cardenal O'Malley \u00a9 Vatican Media\"},{\"@type\":\"BreadcrumbList\",\"@id\":\"https:\\\/\\\/exaudi.org\\\/es\\\/cardenal-omalley-habla-de-la-dimension-mundial-de-los-abusos-2\\\/#breadcrumb\",\"itemListElement\":[{\"@type\":\"ListItem\",\"position\":1,\"name\":\"Portada\",\"item\":\"https:\\\/\\\/exaudi.org\\\/es\\\/\"},{\"@type\":\"ListItem\",\"position\":2,\"name\":\"Cardenal O&#8217;Malley habla de la dimensi\u00f3n mundial de los abusos\"}]},{\"@type\":\"WebSite\",\"@id\":\"https:\\\/\\\/exaudi.org\\\/#website\",\"url\":\"https:\\\/\\\/exaudi.org\\\/\",\"name\":\"Exaudi\",\"description\":\"News\",\"potentialAction\":[{\"@type\":\"SearchAction\",\"target\":{\"@type\":\"EntryPoint\",\"urlTemplate\":\"https:\\\/\\\/exaudi.org\\\/?s={search_term_string}\"},\"query-input\":{\"@type\":\"PropertyValueSpecification\",\"valueRequired\":true,\"valueName\":\"search_term_string\"}}],\"inLanguage\":\"es\"},{\"@type\":\"Person\",\"@id\":\"https:\\\/\\\/exaudi.org\\\/#\\\/schema\\\/person\\\/010bdf0d65f801cd06f263d9b37ae0f4\",\"name\":\"Jim Fair\",\"image\":{\"@type\":\"ImageObject\",\"inLanguage\":\"es\",\"@id\":\"https:\\\/\\\/secure.gravatar.com\\\/avatar\\\/d9e9a2d31abad3e51c5d8f0279fc9b21b66199b8a85886455445ed562fd46934?s=96&d=mm&r=g\",\"url\":\"https:\\\/\\\/secure.gravatar.com\\\/avatar\\\/d9e9a2d31abad3e51c5d8f0279fc9b21b66199b8a85886455445ed562fd46934?s=96&d=mm&r=g\",\"contentUrl\":\"https:\\\/\\\/secure.gravatar.com\\\/avatar\\\/d9e9a2d31abad3e51c5d8f0279fc9b21b66199b8a85886455445ed562fd46934?s=96&d=mm&r=g\",\"caption\":\"Jim Fair\"},\"description\":\"Jim Fair has spent the past two decades as a communicator for Catholic organizations. He is a convert to the Catholic faith and is grateful to his wife, Charmaine, for her continuing efforts to save his soul. They have a son and daughter, both happily married, and four grandchildren. Before devoting his life full-time to things Catholic, Jim enjoyed a 23-year career in various communications roles for large corporations. Before that, he worked as a newspaper reporter, photographer, and editor. He has served as president of the Chicago Public Relations Forum, chairman of the American Petroleum Institute General Committee on Communications, and a fellow of Greater Leadership Chicago. He was a member of the founding committee of the chemical industry\u2019s Responsible Care Program. Jim is an active member of St. John Vianney Parish in Northlake, Illinois, where he chairs the finance council.\",\"url\":\"https:\\\/\\\/exaudi.org\\\/es\\\/author\\\/jfairexaudi-org\\\/\"}]}<\/script>\n<!-- \/ Yoast SEO plugin. -->","yoast_head_json":{"title":"Cardenal O'Malley habla de la dimensi\u00f3n mundial de los abusos &#8211;","description":"Cardenal O'Malley habla de la dimensi\u00f3n mundial de los abusos y explica que esto requiere una \u201cinvestigaci\u00f3n honesta\u201d.","robots":{"index":"index","follow":"follow","max-snippet":"max-snippet:-1","max-image-preview":"max-image-preview:large","max-video-preview":"max-video-preview:-1"},"canonical":"https:\/\/exaudi.org\/es\/cardenal-omalley-habla-de-la-dimension-mundial-de-los-abusos-2\/","og_locale":"es_ES","og_type":"article","og_title":"Cardenal O'Malley habla de la dimensi\u00f3n mundial de los abusos &#8211;","og_description":"Cardenal O'Malley habla de la dimensi\u00f3n mundial de los abusos y explica que esto requiere una \u201cinvestigaci\u00f3n honesta\u201d.","og_url":"https:\/\/exaudi.org\/es\/cardenal-omalley-habla-de-la-dimension-mundial-de-los-abusos-2\/","og_site_name":"Exaudi","article_publisher":"https:\/\/www.facebook.com\/ExaudiNews","article_published_time":"2021-11-19T07:15:35+00:00","og_image":[{"width":750,"height":422,"url":"https:\/\/exaudi.org\/wp-content\/uploads\/2021\/11\/El-Papa-Francisco-saluda-al-cardenal-OMalley.jpeg","type":"image\/jpeg"}],"author":"Jim Fair","twitter_card":"summary_large_image","twitter_creator":"@Exaudi_News","twitter_site":"@Exaudi_News","twitter_misc":{"Escrito por":"Jim Fair","Tiempo de lectura":"5 minutos"},"schema":{"@context":"https:\/\/schema.org","@graph":[{"@type":"Article","@id":"https:\/\/exaudi.org\/es\/cardenal-omalley-habla-de-la-dimension-mundial-de-los-abusos-2\/#article","isPartOf":{"@id":"https:\/\/exaudi.org\/es\/cardenal-omalley-habla-de-la-dimension-mundial-de-los-abusos-2\/"},"author":{"name":"Jim Fair","@id":"https:\/\/exaudi.org\/#\/schema\/person\/010bdf0d65f801cd06f263d9b37ae0f4"},"headline":"Cardenal O&#8217;Malley habla de la dimensi\u00f3n mundial de los abusos","datePublished":"2021-11-19T07:15:35+00:00","mainEntityOfPage":{"@id":"https:\/\/exaudi.org\/es\/cardenal-omalley-habla-de-la-dimension-mundial-de-los-abusos-2\/"},"wordCount":1091,"commentCount":0,"image":{"@id":"https:\/\/exaudi.org\/es\/cardenal-omalley-habla-de-la-dimension-mundial-de-los-abusos-2\/#primaryimage"},"thumbnailUrl":"https:\/\/exaudi.org\/wp-content\/uploads\/2021\/11\/El-Papa-Francisco-saluda-al-cardenal-OMalley.jpeg","keywords":["Abusos sexuales","Cardenal O'Malley","Protecci\u00f3n de los Menores"],"articleSection":["\u00daltimas noticias","Vaticano"],"inLanguage":"es","potentialAction":[{"@type":"CommentAction","name":"Comment","target":["https:\/\/exaudi.org\/es\/cardenal-omalley-habla-de-la-dimension-mundial-de-los-abusos-2\/#respond"]}]},{"@type":"WebPage","@id":"https:\/\/exaudi.org\/es\/cardenal-omalley-habla-de-la-dimension-mundial-de-los-abusos-2\/","url":"https:\/\/exaudi.org\/es\/cardenal-omalley-habla-de-la-dimension-mundial-de-los-abusos-2\/","name":"Cardenal O'Malley habla de la dimensi\u00f3n mundial de los abusos &#8211;","isPartOf":{"@id":"https:\/\/exaudi.org\/#website"},"primaryImageOfPage":{"@id":"https:\/\/exaudi.org\/es\/cardenal-omalley-habla-de-la-dimension-mundial-de-los-abusos-2\/#primaryimage"},"image":{"@id":"https:\/\/exaudi.org\/es\/cardenal-omalley-habla-de-la-dimension-mundial-de-los-abusos-2\/#primaryimage"},"thumbnailUrl":"https:\/\/exaudi.org\/wp-content\/uploads\/2021\/11\/El-Papa-Francisco-saluda-al-cardenal-OMalley.jpeg","datePublished":"2021-11-19T07:15:35+00:00","author":{"@id":"https:\/\/exaudi.org\/#\/schema\/person\/010bdf0d65f801cd06f263d9b37ae0f4"},"description":"Cardenal O'Malley habla de la dimensi\u00f3n mundial de los abusos y explica que esto requiere una \u201cinvestigaci\u00f3n honesta\u201d.","breadcrumb":{"@id":"https:\/\/exaudi.org\/es\/cardenal-omalley-habla-de-la-dimension-mundial-de-los-abusos-2\/#breadcrumb"},"inLanguage":"es","potentialAction":[{"@type":"ReadAction","target":["https:\/\/exaudi.org\/es\/cardenal-omalley-habla-de-la-dimension-mundial-de-los-abusos-2\/"]}]},{"@type":"ImageObject","inLanguage":"es","@id":"https:\/\/exaudi.org\/es\/cardenal-omalley-habla-de-la-dimension-mundial-de-los-abusos-2\/#primaryimage","url":"https:\/\/exaudi.org\/wp-content\/uploads\/2021\/11\/El-Papa-Francisco-saluda-al-cardenal-OMalley.jpeg","contentUrl":"https:\/\/exaudi.org\/wp-content\/uploads\/2021\/11\/El-Papa-Francisco-saluda-al-cardenal-OMalley.jpeg","width":750,"height":422,"caption":"El Papa Francisco saluda al cardenal O'Malley \u00a9 Vatican Media"},{"@type":"BreadcrumbList","@id":"https:\/\/exaudi.org\/es\/cardenal-omalley-habla-de-la-dimension-mundial-de-los-abusos-2\/#breadcrumb","itemListElement":[{"@type":"ListItem","position":1,"name":"Portada","item":"https:\/\/exaudi.org\/es\/"},{"@type":"ListItem","position":2,"name":"Cardenal O&#8217;Malley habla de la dimensi\u00f3n mundial de los abusos"}]},{"@type":"WebSite","@id":"https:\/\/exaudi.org\/#website","url":"https:\/\/exaudi.org\/","name":"Exaudi","description":"News","potentialAction":[{"@type":"SearchAction","target":{"@type":"EntryPoint","urlTemplate":"https:\/\/exaudi.org\/?s={search_term_string}"},"query-input":{"@type":"PropertyValueSpecification","valueRequired":true,"valueName":"search_term_string"}}],"inLanguage":"es"},{"@type":"Person","@id":"https:\/\/exaudi.org\/#\/schema\/person\/010bdf0d65f801cd06f263d9b37ae0f4","name":"Jim Fair","image":{"@type":"ImageObject","inLanguage":"es","@id":"https:\/\/secure.gravatar.com\/avatar\/d9e9a2d31abad3e51c5d8f0279fc9b21b66199b8a85886455445ed562fd46934?s=96&d=mm&r=g","url":"https:\/\/secure.gravatar.com\/avatar\/d9e9a2d31abad3e51c5d8f0279fc9b21b66199b8a85886455445ed562fd46934?s=96&d=mm&r=g","contentUrl":"https:\/\/secure.gravatar.com\/avatar\/d9e9a2d31abad3e51c5d8f0279fc9b21b66199b8a85886455445ed562fd46934?s=96&d=mm&r=g","caption":"Jim Fair"},"description":"Jim Fair has spent the past two decades as a communicator for Catholic organizations. He is a convert to the Catholic faith and is grateful to his wife, Charmaine, for her continuing efforts to save his soul. They have a son and daughter, both happily married, and four grandchildren. Before devoting his life full-time to things Catholic, Jim enjoyed a 23-year career in various communications roles for large corporations. Before that, he worked as a newspaper reporter, photographer, and editor. He has served as president of the Chicago Public Relations Forum, chairman of the American Petroleum Institute General Committee on Communications, and a fellow of Greater Leadership Chicago. He was a member of the founding committee of the chemical industry\u2019s Responsible Care Program. Jim is an active member of St. John Vianney Parish in Northlake, Illinois, where he chairs the finance council.","url":"https:\/\/exaudi.org\/es\/author\/jfairexaudi-org\/"}]}},"jetpack_featured_media_url":"https:\/\/exaudi.org\/wp-content\/uploads\/2021\/11\/El-Papa-Francisco-saluda-al-cardenal-OMalley.jpeg","jetpack_shortlink":"https:\/\/wp.me\/pgKjF2-b5f","_links":{"self":[{"href":"https:\/\/exaudi.org\/es\/wp-json\/wp\/v2\/posts\/42609","targetHints":{"allow":["GET"]}}],"collection":[{"href":"https:\/\/exaudi.org\/es\/wp-json\/wp\/v2\/posts"}],"about":[{"href":"https:\/\/exaudi.org\/es\/wp-json\/wp\/v2\/types\/post"}],"author":[{"embeddable":true,"href":"https:\/\/exaudi.org\/es\/wp-json\/wp\/v2\/users\/4"}],"replies":[{"embeddable":true,"href":"https:\/\/exaudi.org\/es\/wp-json\/wp\/v2\/comments?post=42609"}],"version-history":[{"count":0,"href":"https:\/\/exaudi.org\/es\/wp-json\/wp\/v2\/posts\/42609\/revisions"}],"wp:featuredmedia":[{"embeddable":true,"href":"https:\/\/exaudi.org\/es\/wp-json\/wp\/v2\/media\/41274"}],"wp:attachment":[{"href":"https:\/\/exaudi.org\/es\/wp-json\/wp\/v2\/media?parent=42609"}],"wp:term":[{"taxonomy":"category","embeddable":true,"href":"https:\/\/exaudi.org\/es\/wp-json\/wp\/v2\/categories?post=42609"},{"taxonomy":"post_tag","embeddable":true,"href":"https:\/\/exaudi.org\/es\/wp-json\/wp\/v2\/tags?post=42609"}],"curies":[{"name":"wp","href":"https:\/\/api.w.org\/{rel}","templated":true}]}}