{"id":42588,"date":"2021-11-19T11:00:18","date_gmt":"2021-11-19T10:00:18","guid":{"rendered":"https:\/\/exaudi.wpengine.com\/torreciudad-un-arbol-de-navidad-solidario-con-la-palma-2\/"},"modified":"2021-11-19T11:00:18","modified_gmt":"2021-11-19T10:00:18","slug":"torreciudad-un-arbol-de-navidad-solidario-con-la-palma-2","status":"publish","type":"post","link":"https:\/\/exaudi.org\/es\/torreciudad-un-arbol-de-navidad-solidario-con-la-palma-2\/","title":{"rendered":"Espa\u00f1a: \u00c1rbol de Navidad solidario con La Palma en Torreciudad"},"content":{"rendered":"<p>La decoraci\u00f3n del \u00e1rbol de Navidad de Torreciudad volver\u00e1 a ser solidario, por segundo a\u00f1o consecutivo, ayudando a los damnificados por la erupci\u00f3n del volc\u00e1n en <a href=\"https:\/\/exaudi.org\/es\/espana-santuario-palma-dona-bienes-erupcion\/\" target=\"_blank\" rel=\"noopener\">La Palma<\/a> seg\u00fan ha informado una nota del Santuario mariano.<\/p>\n<p>Al participar en esta campa\u00f1a, muchas personas estar\u00e1n simb\u00f3licamente presentes ante la Virgen de Torreciudad durante todo el tiempo de Navidad y ayudando as\u00ed a todas aquellas personas afectadas por el volc\u00e1n de la Palma.<\/p>\n<p>De acuerdo con la informaci\u00f3n del santuario, la decoraci\u00f3n consiste en unas bolas navide\u00f1as transparentes que mostrar\u00e1n en su interior los textos personalizados que deseen enviar los que las adquieran. El precio de cada bola es de 5 \u20ac y buena parte de la recaudaci\u00f3n obtenida con su venta se destinar\u00e1 a paliar las consecuencias que ha provocado la erupci\u00f3n en los m\u00e1s vulnerables. Para encauzar esta ayuda, el santuario cuenta con la colaboraci\u00f3n de C\u00e1ritas de la di\u00f3cesis de Tenerife (islas de La Palma, La Gomera, El Hierro y Tenerife), que ser\u00e1 la entidad que recibir\u00e1 esta aportaci\u00f3n econ\u00f3mica.<\/p>\n<h4><strong>Superar las 800 bolas<\/strong><\/h4>\n<p>M\u00e1s all\u00e1 de esta cuesti\u00f3n, se ha explicado, que el \u00e1rbol de Navidad de Torreciudad se elabora con ramas de poda de pino, que adoptan la forma de un gran abeto, hasta alcanzar los 12 metros de altura. Adem\u00e1s cuenta con una iluminaci\u00f3n nocturna c\u00e1lida y lo corona una estrella con luz blanca, s\u00edmbolo de la Virgen Mar\u00eda y recuerdo de la que guio a los Reyes Magos en su camino hacia Bel\u00e9n.<\/p>\n<p>Por \u00faltimo, se ha indicado, que colocaci\u00f3n de las bolas se realizar\u00e1 a comienzos de diciembre, con la ilusi\u00f3n de superar las m\u00e1s de 800 que fueron puestas el a\u00f1o pasado, en aquella ocasi\u00f3n en beneficio de las personas m\u00e1s afectadas por la pandemia y atendidas por C\u00e1ritas Diocesana de Barbastro-Monz\u00f3n.<\/p>\n<p>En la p\u00e1gina web de Torreciudad (<a href=\"http:\/\/www.torreciudad.org\">www.torreciudad.org<\/a>) se pueden adquirir estas bolas navide\u00f1as solidarias hasta el viernes 26 de noviembre.<\/p>\n","protected":false},"excerpt":{"rendered":"<p>Muchas personas estar\u00e1n simb\u00f3licamente ante la Virgen de Torreciudad, en Espa\u00f1a<\/p>\n","protected":false},"author":15,"featured_media":41247,"comment_status":"open","ping_status":"open","sticky":false,"template":"","format":"standard","meta":{"_acf_changed":false,"_crdt_document":"","inline_featured_image":false,"footnotes":""},"categories":[86,74,298],"tags":[4915,4916],"class_list":["post-42588","post","type-post","status-publish","format-standard","has-post-thumbnail","hentry","category-iglesia-local","category-iglesia-y-mundo","category-ultimas-noticias","tag-torreciudad","tag-volcan-de-la-palma"],"acf":[],"yoast_head":"<!-- This site is optimized with the Yoast SEO plugin v27.5 - https:\/\/yoast.com\/product\/yoast-seo-wordpress\/ -->\n<title>Espa\u00f1a: \u00c1rbol de Navidad solidario con La Palma en Torreciudad &#8211;<\/title>\n<meta name=\"description\" content=\"La decoraci\u00f3n del \u00e1rbol de Navidad de Torreciudad volver\u00e1 a ser solidario y ayudar\u00e1 a los damnificados del volc\u00e1n en La Palma.\" \/>\n<meta name=\"robots\" content=\"index, follow, max-snippet:-1, max-image-preview:large, max-video-preview:-1\" \/>\n<link rel=\"canonical\" href=\"https:\/\/exaudi.org\/es\/torreciudad-un-arbol-de-navidad-solidario-con-la-palma-2\/\" \/>\n<meta property=\"og:locale\" content=\"es_ES\" \/>\n<meta property=\"og:type\" content=\"article\" \/>\n<meta property=\"og:title\" content=\"Espa\u00f1a: \u00c1rbol de Navidad solidario con La Palma en Torreciudad &#8211;\" \/>\n<meta property=\"og:description\" content=\"La decoraci\u00f3n del \u00e1rbol de Navidad de Torreciudad volver\u00e1 a ser solidario y ayudar\u00e1 a los damnificados del volc\u00e1n en La Palma.\" \/>\n<meta property=\"og:url\" content=\"https:\/\/exaudi.org\/es\/torreciudad-un-arbol-de-navidad-solidario-con-la-palma-2\/\" \/>\n<meta property=\"og:site_name\" content=\"Exaudi\" \/>\n<meta property=\"article:publisher\" content=\"https:\/\/www.facebook.com\/ExaudiNews\" \/>\n<meta property=\"article:author\" content=\"https:\/\/www.facebook.com\/ExaudiNoticias\/\" \/>\n<meta property=\"article:published_time\" content=\"2021-11-19T10:00:18+00:00\" \/>\n<meta property=\"og:image\" content=\"https:\/\/exaudi.org\/wp-content\/uploads\/2021\/11\/A\u0301rbol-solidario-de-Navidad-en-Torreciudad.jpg\" \/>\n\t<meta property=\"og:image:width\" content=\"1464\" \/>\n\t<meta property=\"og:image:height\" content=\"975\" \/>\n\t<meta property=\"og:image:type\" content=\"image\/jpeg\" \/>\n<meta name=\"author\" content=\"Exaudi Redacci\u00f3n\" \/>\n<meta name=\"twitter:card\" content=\"summary_large_image\" \/>\n<meta name=\"twitter:creator\" content=\"@Exaudi_noticias\" \/>\n<meta name=\"twitter:site\" content=\"@Exaudi_News\" \/>\n<meta name=\"twitter:label1\" content=\"Escrito por\" \/>\n\t<meta name=\"twitter:data1\" content=\"Exaudi Redacci\u00f3n\" \/>\n\t<meta name=\"twitter:label2\" content=\"Tiempo de lectura\" \/>\n\t<meta name=\"twitter:data2\" content=\"2 minutos\" \/>\n<script type=\"application\/ld+json\" class=\"yoast-schema-graph\">{\"@context\":\"https:\\\/\\\/schema.org\",\"@graph\":[{\"@type\":\"Article\",\"@id\":\"https:\\\/\\\/exaudi.org\\\/es\\\/torreciudad-un-arbol-de-navidad-solidario-con-la-palma-2\\\/#article\",\"isPartOf\":{\"@id\":\"https:\\\/\\\/exaudi.org\\\/es\\\/torreciudad-un-arbol-de-navidad-solidario-con-la-palma-2\\\/\"},\"author\":{\"name\":\"Exaudi Redacci\u00f3n\",\"@id\":\"https:\\\/\\\/exaudi.org\\\/#\\\/schema\\\/person\\\/f5fc8f063065e38742da7afe15f25df7\"},\"headline\":\"Espa\u00f1a: \u00c1rbol de Navidad solidario con La Palma en Torreciudad\",\"datePublished\":\"2021-11-19T10:00:18+00:00\",\"mainEntityOfPage\":{\"@id\":\"https:\\\/\\\/exaudi.org\\\/es\\\/torreciudad-un-arbol-de-navidad-solidario-con-la-palma-2\\\/\"},\"wordCount\":365,\"commentCount\":0,\"image\":{\"@id\":\"https:\\\/\\\/exaudi.org\\\/es\\\/torreciudad-un-arbol-de-navidad-solidario-con-la-palma-2\\\/#primaryimage\"},\"thumbnailUrl\":\"https:\\\/\\\/exaudi.org\\\/wp-content\\\/uploads\\\/2021\\\/11\\\/A\u0301rbol-solidario-de-Navidad-en-Torreciudad.jpg\",\"keywords\":[\"Torreciudad\",\"volc\u00e1n de la Palma\"],\"articleSection\":[\"Iglesia Local\",\"Iglesia y Mundo\",\"\u00daltimas noticias\"],\"inLanguage\":\"es\",\"potentialAction\":[{\"@type\":\"CommentAction\",\"name\":\"Comment\",\"target\":[\"https:\\\/\\\/exaudi.org\\\/es\\\/torreciudad-un-arbol-de-navidad-solidario-con-la-palma-2\\\/#respond\"]}]},{\"@type\":\"WebPage\",\"@id\":\"https:\\\/\\\/exaudi.org\\\/es\\\/torreciudad-un-arbol-de-navidad-solidario-con-la-palma-2\\\/\",\"url\":\"https:\\\/\\\/exaudi.org\\\/es\\\/torreciudad-un-arbol-de-navidad-solidario-con-la-palma-2\\\/\",\"name\":\"Espa\u00f1a: \u00c1rbol de Navidad solidario con La Palma en Torreciudad &#8211;\",\"isPartOf\":{\"@id\":\"https:\\\/\\\/exaudi.org\\\/#website\"},\"primaryImageOfPage\":{\"@id\":\"https:\\\/\\\/exaudi.org\\\/es\\\/torreciudad-un-arbol-de-navidad-solidario-con-la-palma-2\\\/#primaryimage\"},\"image\":{\"@id\":\"https:\\\/\\\/exaudi.org\\\/es\\\/torreciudad-un-arbol-de-navidad-solidario-con-la-palma-2\\\/#primaryimage\"},\"thumbnailUrl\":\"https:\\\/\\\/exaudi.org\\\/wp-content\\\/uploads\\\/2021\\\/11\\\/A\u0301rbol-solidario-de-Navidad-en-Torreciudad.jpg\",\"datePublished\":\"2021-11-19T10:00:18+00:00\",\"author\":{\"@id\":\"https:\\\/\\\/exaudi.org\\\/#\\\/schema\\\/person\\\/f5fc8f063065e38742da7afe15f25df7\"},\"description\":\"La decoraci\u00f3n del \u00e1rbol de Navidad de Torreciudad volver\u00e1 a ser solidario y ayudar\u00e1 a los damnificados del volc\u00e1n en La Palma.\",\"breadcrumb\":{\"@id\":\"https:\\\/\\\/exaudi.org\\\/es\\\/torreciudad-un-arbol-de-navidad-solidario-con-la-palma-2\\\/#breadcrumb\"},\"inLanguage\":\"es\",\"potentialAction\":[{\"@type\":\"ReadAction\",\"target\":[\"https:\\\/\\\/exaudi.org\\\/es\\\/torreciudad-un-arbol-de-navidad-solidario-con-la-palma-2\\\/\"]}]},{\"@type\":\"ImageObject\",\"inLanguage\":\"es\",\"@id\":\"https:\\\/\\\/exaudi.org\\\/es\\\/torreciudad-un-arbol-de-navidad-solidario-con-la-palma-2\\\/#primaryimage\",\"url\":\"https:\\\/\\\/exaudi.org\\\/wp-content\\\/uploads\\\/2021\\\/11\\\/A\u0301rbol-solidario-de-Navidad-en-Torreciudad.jpg\",\"contentUrl\":\"https:\\\/\\\/exaudi.org\\\/wp-content\\\/uploads\\\/2021\\\/11\\\/A\u0301rbol-solidario-de-Navidad-en-Torreciudad.jpg\",\"width\":1464,\"height\":975,\"caption\":\"Arbol de navidad solidario \u00a9 Santuario de Torreciudad\"},{\"@type\":\"BreadcrumbList\",\"@id\":\"https:\\\/\\\/exaudi.org\\\/es\\\/torreciudad-un-arbol-de-navidad-solidario-con-la-palma-2\\\/#breadcrumb\",\"itemListElement\":[{\"@type\":\"ListItem\",\"position\":1,\"name\":\"Portada\",\"item\":\"https:\\\/\\\/exaudi.org\\\/es\\\/\"},{\"@type\":\"ListItem\",\"position\":2,\"name\":\"Espa\u00f1a: \u00c1rbol de Navidad solidario con La Palma en Torreciudad\"}]},{\"@type\":\"WebSite\",\"@id\":\"https:\\\/\\\/exaudi.org\\\/#website\",\"url\":\"https:\\\/\\\/exaudi.org\\\/\",\"name\":\"Exaudi\",\"description\":\"News\",\"potentialAction\":[{\"@type\":\"SearchAction\",\"target\":{\"@type\":\"EntryPoint\",\"urlTemplate\":\"https:\\\/\\\/exaudi.org\\\/?s={search_term_string}\"},\"query-input\":{\"@type\":\"PropertyValueSpecification\",\"valueRequired\":true,\"valueName\":\"search_term_string\"}}],\"inLanguage\":\"es\"},{\"@type\":\"Person\",\"@id\":\"https:\\\/\\\/exaudi.org\\\/#\\\/schema\\\/person\\\/f5fc8f063065e38742da7afe15f25df7\",\"name\":\"Exaudi Redacci\u00f3n\",\"image\":{\"@type\":\"ImageObject\",\"inLanguage\":\"es\",\"@id\":\"https:\\\/\\\/secure.gravatar.com\\\/avatar\\\/fe0f6a059fb68d9b3e11bc5850dd4899b1c7492091a3cb6dd9b01b56ad828be2?s=96&d=mm&r=g\",\"url\":\"https:\\\/\\\/secure.gravatar.com\\\/avatar\\\/fe0f6a059fb68d9b3e11bc5850dd4899b1c7492091a3cb6dd9b01b56ad828be2?s=96&d=mm&r=g\",\"contentUrl\":\"https:\\\/\\\/secure.gravatar.com\\\/avatar\\\/fe0f6a059fb68d9b3e11bc5850dd4899b1c7492091a3cb6dd9b01b56ad828be2?s=96&d=mm&r=g\",\"caption\":\"Exaudi Redacci\u00f3n\"},\"description\":\"\u00bfQu\u00e9 es Exaudi News? Exaudi News es un medio de comunicaci\u00f3n cat\u00f3lico internacional que informa, forma y transforma, diariamente en espa\u00f1ol, ingl\u00e9s e italiano. A trav\u00e9s de noticias, art\u00edculos de an\u00e1lisis y transmisiones en directo de los eventos del Papa, Exaudi busca fortalecer la unidad de los cristianos y contribuir a la evangelizaci\u00f3n del mundo, siempre guiados por la doctrina social de la Iglesia. Trabajamos para acercar la verdad y los valores cristianos a cada rinc\u00f3n del planeta. \u00a1Ay\u00fadanos a transformar el mundo con Exaudi! En Exaudi creemos que la evangelizaci\u00f3n y la informaci\u00f3n de calidad pueden cambiar vidas. Para continuar con nuestra misi\u00f3n y expandir nuestro alcance, necesitamos tu ayuda. Adem\u00e1s, buscamos personas comprometidas que deseen unirse a nuestro equipo. Con tu apoyo, lograremos llegar a m\u00e1s personas, difundir el mensaje de Cristo y reforzar la unidad de los cristianos. \u00bfTe unes a nuestra misi\u00f3n? Para m\u00e1s informaci\u00f3n sobre c\u00f3mo colaborar, visita Exaudi.org\\\/es o cont\u00e1ctanos directamente: info@exaudi.org Exaudi: Informa, forma y transforma.\",\"sameAs\":[\"https:\\\/\\\/www.facebook.com\\\/ExaudiNoticias\\\/\",\"https:\\\/\\\/www.instagram.com\\\/exaudi_noticias\\\/\",\"https:\\\/\\\/x.com\\\/Exaudi_noticias\",\"https:\\\/\\\/www.youtube.com\\\/@exaudicatholicnews\"],\"url\":\"https:\\\/\\\/exaudi.org\\\/es\\\/author\\\/redaccionexaudi\\\/\"}]}<\/script>\n<!-- \/ Yoast SEO plugin. -->","yoast_head_json":{"title":"Espa\u00f1a: \u00c1rbol de Navidad solidario con La Palma en Torreciudad &#8211;","description":"La decoraci\u00f3n del \u00e1rbol de Navidad de Torreciudad volver\u00e1 a ser solidario y ayudar\u00e1 a los damnificados del volc\u00e1n en La Palma.","robots":{"index":"index","follow":"follow","max-snippet":"max-snippet:-1","max-image-preview":"max-image-preview:large","max-video-preview":"max-video-preview:-1"},"canonical":"https:\/\/exaudi.org\/es\/torreciudad-un-arbol-de-navidad-solidario-con-la-palma-2\/","og_locale":"es_ES","og_type":"article","og_title":"Espa\u00f1a: \u00c1rbol de Navidad solidario con La Palma en Torreciudad &#8211;","og_description":"La decoraci\u00f3n del \u00e1rbol de Navidad de Torreciudad volver\u00e1 a ser solidario y ayudar\u00e1 a los damnificados del volc\u00e1n en La Palma.","og_url":"https:\/\/exaudi.org\/es\/torreciudad-un-arbol-de-navidad-solidario-con-la-palma-2\/","og_site_name":"Exaudi","article_publisher":"https:\/\/www.facebook.com\/ExaudiNews","article_author":"https:\/\/www.facebook.com\/ExaudiNoticias\/","article_published_time":"2021-11-19T10:00:18+00:00","og_image":[{"width":1464,"height":975,"url":"https:\/\/exaudi.org\/wp-content\/uploads\/2021\/11\/A\u0301rbol-solidario-de-Navidad-en-Torreciudad.jpg","type":"image\/jpeg"}],"author":"Exaudi Redacci\u00f3n","twitter_card":"summary_large_image","twitter_creator":"@Exaudi_noticias","twitter_site":"@Exaudi_News","twitter_misc":{"Escrito por":"Exaudi Redacci\u00f3n","Tiempo de lectura":"2 minutos"},"schema":{"@context":"https:\/\/schema.org","@graph":[{"@type":"Article","@id":"https:\/\/exaudi.org\/es\/torreciudad-un-arbol-de-navidad-solidario-con-la-palma-2\/#article","isPartOf":{"@id":"https:\/\/exaudi.org\/es\/torreciudad-un-arbol-de-navidad-solidario-con-la-palma-2\/"},"author":{"name":"Exaudi Redacci\u00f3n","@id":"https:\/\/exaudi.org\/#\/schema\/person\/f5fc8f063065e38742da7afe15f25df7"},"headline":"Espa\u00f1a: \u00c1rbol de Navidad solidario con La Palma en Torreciudad","datePublished":"2021-11-19T10:00:18+00:00","mainEntityOfPage":{"@id":"https:\/\/exaudi.org\/es\/torreciudad-un-arbol-de-navidad-solidario-con-la-palma-2\/"},"wordCount":365,"commentCount":0,"image":{"@id":"https:\/\/exaudi.org\/es\/torreciudad-un-arbol-de-navidad-solidario-con-la-palma-2\/#primaryimage"},"thumbnailUrl":"https:\/\/exaudi.org\/wp-content\/uploads\/2021\/11\/A\u0301rbol-solidario-de-Navidad-en-Torreciudad.jpg","keywords":["Torreciudad","volc\u00e1n de la Palma"],"articleSection":["Iglesia Local","Iglesia y Mundo","\u00daltimas noticias"],"inLanguage":"es","potentialAction":[{"@type":"CommentAction","name":"Comment","target":["https:\/\/exaudi.org\/es\/torreciudad-un-arbol-de-navidad-solidario-con-la-palma-2\/#respond"]}]},{"@type":"WebPage","@id":"https:\/\/exaudi.org\/es\/torreciudad-un-arbol-de-navidad-solidario-con-la-palma-2\/","url":"https:\/\/exaudi.org\/es\/torreciudad-un-arbol-de-navidad-solidario-con-la-palma-2\/","name":"Espa\u00f1a: \u00c1rbol de Navidad solidario con La Palma en Torreciudad &#8211;","isPartOf":{"@id":"https:\/\/exaudi.org\/#website"},"primaryImageOfPage":{"@id":"https:\/\/exaudi.org\/es\/torreciudad-un-arbol-de-navidad-solidario-con-la-palma-2\/#primaryimage"},"image":{"@id":"https:\/\/exaudi.org\/es\/torreciudad-un-arbol-de-navidad-solidario-con-la-palma-2\/#primaryimage"},"thumbnailUrl":"https:\/\/exaudi.org\/wp-content\/uploads\/2021\/11\/A\u0301rbol-solidario-de-Navidad-en-Torreciudad.jpg","datePublished":"2021-11-19T10:00:18+00:00","author":{"@id":"https:\/\/exaudi.org\/#\/schema\/person\/f5fc8f063065e38742da7afe15f25df7"},"description":"La decoraci\u00f3n del \u00e1rbol de Navidad de Torreciudad volver\u00e1 a ser solidario y ayudar\u00e1 a los damnificados del volc\u00e1n en La Palma.","breadcrumb":{"@id":"https:\/\/exaudi.org\/es\/torreciudad-un-arbol-de-navidad-solidario-con-la-palma-2\/#breadcrumb"},"inLanguage":"es","potentialAction":[{"@type":"ReadAction","target":["https:\/\/exaudi.org\/es\/torreciudad-un-arbol-de-navidad-solidario-con-la-palma-2\/"]}]},{"@type":"ImageObject","inLanguage":"es","@id":"https:\/\/exaudi.org\/es\/torreciudad-un-arbol-de-navidad-solidario-con-la-palma-2\/#primaryimage","url":"https:\/\/exaudi.org\/wp-content\/uploads\/2021\/11\/A\u0301rbol-solidario-de-Navidad-en-Torreciudad.jpg","contentUrl":"https:\/\/exaudi.org\/wp-content\/uploads\/2021\/11\/A\u0301rbol-solidario-de-Navidad-en-Torreciudad.jpg","width":1464,"height":975,"caption":"Arbol de navidad solidario \u00a9 Santuario de Torreciudad"},{"@type":"BreadcrumbList","@id":"https:\/\/exaudi.org\/es\/torreciudad-un-arbol-de-navidad-solidario-con-la-palma-2\/#breadcrumb","itemListElement":[{"@type":"ListItem","position":1,"name":"Portada","item":"https:\/\/exaudi.org\/es\/"},{"@type":"ListItem","position":2,"name":"Espa\u00f1a: \u00c1rbol de Navidad solidario con La Palma en Torreciudad"}]},{"@type":"WebSite","@id":"https:\/\/exaudi.org\/#website","url":"https:\/\/exaudi.org\/","name":"Exaudi","description":"News","potentialAction":[{"@type":"SearchAction","target":{"@type":"EntryPoint","urlTemplate":"https:\/\/exaudi.org\/?s={search_term_string}"},"query-input":{"@type":"PropertyValueSpecification","valueRequired":true,"valueName":"search_term_string"}}],"inLanguage":"es"},{"@type":"Person","@id":"https:\/\/exaudi.org\/#\/schema\/person\/f5fc8f063065e38742da7afe15f25df7","name":"Exaudi Redacci\u00f3n","image":{"@type":"ImageObject","inLanguage":"es","@id":"https:\/\/secure.gravatar.com\/avatar\/fe0f6a059fb68d9b3e11bc5850dd4899b1c7492091a3cb6dd9b01b56ad828be2?s=96&d=mm&r=g","url":"https:\/\/secure.gravatar.com\/avatar\/fe0f6a059fb68d9b3e11bc5850dd4899b1c7492091a3cb6dd9b01b56ad828be2?s=96&d=mm&r=g","contentUrl":"https:\/\/secure.gravatar.com\/avatar\/fe0f6a059fb68d9b3e11bc5850dd4899b1c7492091a3cb6dd9b01b56ad828be2?s=96&d=mm&r=g","caption":"Exaudi Redacci\u00f3n"},"description":"\u00bfQu\u00e9 es Exaudi News? Exaudi News es un medio de comunicaci\u00f3n cat\u00f3lico internacional que informa, forma y transforma, diariamente en espa\u00f1ol, ingl\u00e9s e italiano. A trav\u00e9s de noticias, art\u00edculos de an\u00e1lisis y transmisiones en directo de los eventos del Papa, Exaudi busca fortalecer la unidad de los cristianos y contribuir a la evangelizaci\u00f3n del mundo, siempre guiados por la doctrina social de la Iglesia. Trabajamos para acercar la verdad y los valores cristianos a cada rinc\u00f3n del planeta. \u00a1Ay\u00fadanos a transformar el mundo con Exaudi! En Exaudi creemos que la evangelizaci\u00f3n y la informaci\u00f3n de calidad pueden cambiar vidas. Para continuar con nuestra misi\u00f3n y expandir nuestro alcance, necesitamos tu ayuda. Adem\u00e1s, buscamos personas comprometidas que deseen unirse a nuestro equipo. Con tu apoyo, lograremos llegar a m\u00e1s personas, difundir el mensaje de Cristo y reforzar la unidad de los cristianos. \u00bfTe unes a nuestra misi\u00f3n? Para m\u00e1s informaci\u00f3n sobre c\u00f3mo colaborar, visita Exaudi.org\/es o cont\u00e1ctanos directamente: info@exaudi.org Exaudi: Informa, forma y transforma.","sameAs":["https:\/\/www.facebook.com\/ExaudiNoticias\/","https:\/\/www.instagram.com\/exaudi_noticias\/","https:\/\/x.com\/Exaudi_noticias","https:\/\/www.youtube.com\/@exaudicatholicnews"],"url":"https:\/\/exaudi.org\/es\/author\/redaccionexaudi\/"}]}},"jetpack_featured_media_url":"https:\/\/exaudi.org\/wp-content\/uploads\/2021\/11\/A\u0301rbol-solidario-de-Navidad-en-Torreciudad.jpg","jetpack_shortlink":"https:\/\/wp.me\/pgKjF2-b4U","_links":{"self":[{"href":"https:\/\/exaudi.org\/es\/wp-json\/wp\/v2\/posts\/42588","targetHints":{"allow":["GET"]}}],"collection":[{"href":"https:\/\/exaudi.org\/es\/wp-json\/wp\/v2\/posts"}],"about":[{"href":"https:\/\/exaudi.org\/es\/wp-json\/wp\/v2\/types\/post"}],"author":[{"embeddable":true,"href":"https:\/\/exaudi.org\/es\/wp-json\/wp\/v2\/users\/15"}],"replies":[{"embeddable":true,"href":"https:\/\/exaudi.org\/es\/wp-json\/wp\/v2\/comments?post=42588"}],"version-history":[{"count":0,"href":"https:\/\/exaudi.org\/es\/wp-json\/wp\/v2\/posts\/42588\/revisions"}],"wp:featuredmedia":[{"embeddable":true,"href":"https:\/\/exaudi.org\/es\/wp-json\/wp\/v2\/media\/41247"}],"wp:attachment":[{"href":"https:\/\/exaudi.org\/es\/wp-json\/wp\/v2\/media?parent=42588"}],"wp:term":[{"taxonomy":"category","embeddable":true,"href":"https:\/\/exaudi.org\/es\/wp-json\/wp\/v2\/categories?post=42588"},{"taxonomy":"post_tag","embeddable":true,"href":"https:\/\/exaudi.org\/es\/wp-json\/wp\/v2\/tags?post=42588"}],"curies":[{"name":"wp","href":"https:\/\/api.w.org\/{rel}","templated":true}]}}