{"id":42552,"date":"2025-11-29T07:30:01","date_gmt":"2025-11-29T06:30:01","guid":{"rendered":"https:\/\/exaudi.wpengine.com\/beato-bernardo-francisco-hoyos-29-de-noviembre-2\/"},"modified":"2025-10-20T11:19:51","modified_gmt":"2025-10-20T09:19:51","slug":"beato-bernardo-francisco-hoyos-29-de-noviembre","status":"publish","type":"post","link":"https:\/\/exaudi.org\/es\/beato-bernardo-francisco-hoyos-29-de-noviembre\/","title":{"rendered":"Beato Bernardo Francisco Hoyos, 29 de noviembre"},"content":{"rendered":"<p>Este m\u00edstico naci\u00f3 el 20 de agosto de 1711 en Torrelobat\u00f3n, Valladolid. Y en esta regi\u00f3n espa\u00f1ola situada en el coraz\u00f3n de Castilla discurri\u00f3 su breve existencia. Cuando el jesuita Juan de Loyola public\u00f3 su biograf\u00eda en 1735, emergi\u00f3 con luz propia la intens\u00edsima experiencia de amor al Sagrado Coraz\u00f3n de Jes\u00fas que hab\u00eda jalonado su vida. No obstante, en esa fecha ya era sobradamente conocido por haber extendido esta devoci\u00f3n en Espa\u00f1a y en Am\u00e9rica, secundando en esta acci\u00f3n a la que ven\u00edan realizando en Francia los santos Margarita Mar\u00eda de Alacoque, y su director espiritual, Claudio de la Colombi\u00e8re.<\/p>\n<p><iframe title=\"Spotify Embed: Beato Bernardo Francisco Hoyos, 29 de noviembre\" style=\"border-radius: 12px\" width=\"100%\" height=\"152\" frameborder=\"0\" allowfullscreen allow=\"autoplay; clipboard-write; encrypted-media; fullscreen; picture-in-picture\" loading=\"lazy\" src=\"https:\/\/open.spotify.com\/embed\/episode\/2g1gzBWShxm1YknYXPjPSc?si=a7acc3e72a4c4615&#038;utm_source=oembed\"><\/iframe><\/p>\n<p>Tuvo la fortuna de contar con unos padres piadosos que le legaron el preciado patrimonio de su fe, le pusieron bajo el amparo de san Francisco Javier y le alentaron en su vocaci\u00f3n religiosa. Desde los 9 a\u00f1os y hasta su temprana muerte siempre estuvo con los jesuitas. Con ellos estudi\u00f3 en varias localidades vallisoletanas y se integr\u00f3 en la Compa\u00f1\u00eda a los 14 a\u00f1os, \u00e9poca en la que ya experimentaba favores celestiales. Este fue uno de los rasgos preponderantes de su existencia, agraciada con una profunda y singular vida interior que recuerda a la de los grandes m\u00edsticos como Teresa de Jes\u00fas y Juan de la Cruz. Una de esas personas cuyo acontecer no parece encerrar grandes misterios, sencilla, inocente, devota de la Virgen Mar\u00eda, diligente en la obediencia, d\u00f3cil a las indicaciones recibidas, con los brazos tendidos siempre a Dios en esp\u00edritu de ofrenda, guiado por el santo temor que le precav\u00eda de cualquier falta que pudiera ofenderle. Un ap\u00f3stol que se aflig\u00eda por las almas que viv\u00edan alejadas del amor divino y por las que estaba dispuesto a entregarse: \u201cSe me parte el coraz\u00f3n de dolor, cuando considero hay quien ofenda a mi Dios; y diera mil vidas para sacar una alma del pecado\u201d.<\/p>\n<p>El maligno intent\u00f3 por distintas v\u00edas socavar su bondad, y al joven no le faltaron sus zarpazos externos e internos. Atentados contra su vida espiritual a mansalva y agresiones f\u00edsicas. Quer\u00eda sembrar en su \u00e1nimo la duda haci\u00e9ndole creer en su impiedad: \u201c\u00bfD\u00f3nde va el deshonesto, el soberbio, el blasfemo? Ap\u00e1rtese, que, si llega, ser\u00e1 luego confundido en lo profundo del infierno\u201d. Confiaba a su director espiritual el inmenso sufrimiento en el que viv\u00eda: \u201cEsta carta va regada con l\u00e1grimas que brotan de mis ojos; y me parece que soy la criatura m\u00e1s infeliz que de mujeres ha nacido\u201d. Pero era un elegido de Dios y, con su gracia, lo super\u00f3 todo. Ten\u00eda muy presente esta m\u00e1xima de Santa Teresa: \u201cSolo se puede seguir o que Dios sea alabado o yo despreciado: de todo me consuelo\u201d.<\/p>\n<p>En su biograf\u00eda hallamos claramente expresado el instante concreto que marc\u00f3 lo que iba a ser su misi\u00f3n en honor del Sagrado Coraz\u00f3n de Jes\u00fas. No cabe tomar como coincidencia, sino como algo providencial lo que le sucedi\u00f3 a los 21 a\u00f1os mientras cursaba teolog\u00eda en Valladolid. Y as\u00ed lo reconoci\u00f3 \u00e9l mismo m\u00e1s tarde. Un amigo sacerdote y profesor, algo mayor que \u00e9l, le pidi\u00f3 el favor de que tomase de la biblioteca el texto De cultu Sacratissimi Cordis Iesu, escrito por el padre Jos\u00e9 de Gallifet, y copiase algunos fragmentos que precisaba para preparar un serm\u00f3n que ten\u00eda encomendado. La lectura de esta obra dedicada a la devoci\u00f3n al Sagrado Coraz\u00f3n de Jes\u00fas, y de la que Bernardo no ten\u00eda noci\u00f3n alguna, le produjo una conmoci\u00f3n interior inenarrable. En ese mismo momento hizo ofrenda de su vida ante el Sagrario prometiendo que se dedicar\u00eda por entero a extender este culto. Al d\u00eda siguiente a trav\u00e9s de una locuci\u00f3n divina supo que era elegido para esta misi\u00f3n: \u201cYo, envuelto en confusi\u00f3n renov\u00e9 la oferta del d\u00eda antes, aunque qued\u00e9 algo turbado, viendo la improporci\u00f3n del instrumento y no ver medio para ello\u201d. Esa misma jornada durante la oraci\u00f3n vivi\u00f3 otro hecho singular. Se le mostr\u00f3 el Sagrado Coraz\u00f3n \u201ctodo abrasado en amor, y condolido de lo poco que se le ama. Repiti\u00f3me la elecci\u00f3n que hab\u00eda hecho de este su indigno siervo para adelantar su culto, y soseg\u00f3 aquel generillo de turbaci\u00f3n que dije, d\u00e1ndome a entender que yo dejase obrar a su Providencia, que ella me guiar\u00eda\u2026\u201d. En otra visi\u00f3n el arc\u00e1ngel san Miguel le asegur\u00f3 su asistencia para llevar a cabo esta misi\u00f3n.<\/p>\n<p>Hacia los 19 a\u00f1os su ascenso espiritual hab\u00eda sido coronado con el \u201cdesposorio m\u00edstico\u201d. Los favores sobrenaturales se suced\u00edan unidos a la experiencia de la purificaci\u00f3n. En ella se inclu\u00eda la aludida insidia del maligno, y sus mezquinos intentos de enga\u00f1arle mediante falsas locuciones y apariciones. Entre tanto, promov\u00eda una intensa cruzada a favor del Sagrado Coraz\u00f3n de Jes\u00fas en la que implic\u00f3 a religiosos, comenzando por su propia comunidad. Dirigi\u00f3 cartas a prelados y miembros de la realeza, imprimi\u00f3 estampas, y logr\u00f3 que el pont\u00edfice se\u00f1alara esta fiesta para Espa\u00f1a. En una de las locuciones Cristo le hab\u00eda asegurado que reinar\u00eda en \u201cEspa\u00f1a, y con m\u00e1s veneraci\u00f3n que en otras muchas partes\u201d. Hay que decir que el arzobispo de Burgos le apoy\u00f3 en esta misi\u00f3n desde un primer momento, y ello propici\u00f3 el florecimiento de congregaciones del Coraz\u00f3n de Jes\u00fas y la realizaci\u00f3n de numerosas novenas que acrecentaban la veneraci\u00f3n de las gentes.<\/p>\n<p>A trav\u00e9s de los jesuitas que se hallaban en Am\u00e9rica tambi\u00e9n all\u00ed llegaron los ecos de esta cruzada emprendida por Bernardo y de la que \u00fanicamente pudo apartarle su muerte. Esta se produjo en Valladolid el 29 de noviembre de 1735 como consecuencia del tifus. Ten\u00eda 24 a\u00f1os y hab\u00eda sido ordenado sacerdote en enero de ese mismo a\u00f1o. Fue beatificado en Valladolid el 18 de abril de 2010.<\/p>\n<p><img loading=\"lazy\" decoding=\"async\" class=\"size-full wp-image-140983 alignnone\" src=\"https:\/\/exaudi.org\/wp-content\/uploads\/2024\/11\/486204261_1073465164819506_5762494472083309456_n.jpg\" alt=\"\" width=\"1080\" height=\"1080\" srcset=\"https:\/\/exaudi.org\/wp-content\/uploads\/2024\/11\/486204261_1073465164819506_5762494472083309456_n.jpg 1080w, https:\/\/exaudi.org\/wp-content\/uploads\/2024\/11\/486204261_1073465164819506_5762494472083309456_n-300x300.jpg 300w, https:\/\/exaudi.org\/wp-content\/uploads\/2024\/11\/486204261_1073465164819506_5762494472083309456_n-1024x1024.jpg 1024w, https:\/\/exaudi.org\/wp-content\/uploads\/2024\/11\/486204261_1073465164819506_5762494472083309456_n-100x100.jpg?crop=1 100w, https:\/\/exaudi.org\/wp-content\/uploads\/2024\/11\/486204261_1073465164819506_5762494472083309456_n-770x770.jpg 770w, https:\/\/exaudi.org\/wp-content\/uploads\/2024\/11\/486204261_1073465164819506_5762494472083309456_n-500x500.jpg 500w\" sizes=\"auto, (max-width: 1080px) 100vw, 1080px\" \/><\/p>\n<h6><em>\u00a9 <a href=\"https:\/\/exaudi.org\/es\/author\/isabelorellana\/\" target=\"_blank\" rel=\"noopener noreferrer\">Isabel Orellana Vilches<\/a>, 2018<\/em><\/h6>\n<h6><em>Autora vinculada a<\/em><\/h6>\n<h6><img loading=\"lazy\" decoding=\"async\" class=\"alignnone size-full wp-image-41949\" src=\"https:\/\/exaudi.wpengine.com\/wp-content\/uploads\/2021\/11\/logo-cedro-v01-843x295-1-e1603384654546.png\" alt=\"\" width=\"80\" height=\"28\" \/><br \/>\nObra protegida por derechos de autor.<br \/>\nInscrita en el Registro de la Propiedad Intelectual el 24 de noviembre de 2014.<br \/>\n________________<br \/>\nDerechos de edici\u00f3n reservados:<br \/>\n<a href=\"https:\/\/rielo.com\/\" target=\"_blank\" rel=\"noopener noreferrer\">Fundaci\u00f3n Fernando Rielo<\/a><br \/>\nGoya 20, 4.\u00ba izq. int. 28001 Madrid<br \/>\nTlf.: (34) 91 575 40 91<br \/>\nCorreo electr\u00f3nico: fundacion@rielo.com<\/h6>\n<div class=\"page\" title=\"Page 4\">\n<div class=\"layoutArea\">\n<div class=\"column\">\n<h6>Dep\u00f3sito legal: M-18664-2020<br \/>\nISBN: 978-84-946646-6-3<\/h6>\n<\/div>\n<\/div>\n<\/div>\n","protected":false},"excerpt":{"rendered":"<p>Principal ap\u00f3stol en Espa\u00f1a de la devoci\u00f3n al Sagrado Coraz\u00f3n de Jes\u00fas<\/p>\n","protected":false},"author":23,"featured_media":40820,"comment_status":"open","ping_status":"open","sticky":false,"template":"","format":"standard","meta":{"_acf_changed":false,"_crdt_document":"","inline_featured_image":false,"footnotes":""},"categories":[74,2772],"tags":[4886,388,58880],"class_list":["post-42552","post","type-post","status-publish","format-standard","has-post-thumbnail","hentry","category-iglesia-y-mundo","category-santoral","tag-beato-bernardo-francisco-hoyos","tag-isabel-orellana-vilches","tag-trending-es-151"],"acf":[],"yoast_head":"<!-- This site is optimized with the Yoast SEO plugin v27.5 - https:\/\/yoast.com\/product\/yoast-seo-wordpress\/ -->\n<title>Beato Bernardo Francisco Hoyos, 29 de noviembre &#8211; Exaudi<\/title>\n<meta name=\"description\" content=\"El beato Bernardo Francisco de Hoyos fue un presb\u00edtero jesuita y ap\u00f3stol en Espa\u00f1a de la devoci\u00f3n al Sagrado Coraz\u00f3n de Jes\u00fas.\" \/>\n<meta name=\"robots\" content=\"index, follow, max-snippet:-1, max-image-preview:large, max-video-preview:-1\" \/>\n<link rel=\"canonical\" href=\"https:\/\/exaudi.org\/es\/beato-bernardo-francisco-hoyos-29-de-noviembre\/\" \/>\n<meta property=\"og:locale\" content=\"es_ES\" \/>\n<meta property=\"og:type\" content=\"article\" \/>\n<meta property=\"og:title\" content=\"Beato Bernardo Francisco Hoyos, 29 de noviembre &#8211; Exaudi\" \/>\n<meta property=\"og:description\" content=\"El beato Bernardo Francisco de Hoyos fue un presb\u00edtero jesuita y ap\u00f3stol en Espa\u00f1a de la devoci\u00f3n al Sagrado Coraz\u00f3n de Jes\u00fas.\" \/>\n<meta property=\"og:url\" content=\"https:\/\/exaudi.org\/es\/beato-bernardo-francisco-hoyos-29-de-noviembre\/\" \/>\n<meta property=\"og:site_name\" content=\"Exaudi\" \/>\n<meta property=\"article:publisher\" content=\"https:\/\/www.facebook.com\/ExaudiNews\" \/>\n<meta property=\"article:published_time\" content=\"2025-11-29T06:30:01+00:00\" \/>\n<meta property=\"og:image\" content=\"https:\/\/exaudi.org\/wp-content\/uploads\/2021\/11\/Disen\u0303o-sin-ti\u0301tulo-16.jpg\" \/>\n\t<meta property=\"og:image:width\" content=\"551\" \/>\n\t<meta property=\"og:image:height\" content=\"385\" \/>\n\t<meta property=\"og:image:type\" content=\"image\/jpeg\" \/>\n<meta name=\"author\" content=\"Isabel Orellana\" \/>\n<meta name=\"twitter:card\" content=\"summary_large_image\" \/>\n<meta name=\"twitter:creator\" content=\"@Exaudi_News\" \/>\n<meta name=\"twitter:site\" content=\"@Exaudi_News\" \/>\n<meta name=\"twitter:label1\" content=\"Escrito por\" \/>\n\t<meta name=\"twitter:data1\" content=\"Isabel Orellana\" \/>\n\t<meta name=\"twitter:label2\" content=\"Tiempo de lectura\" \/>\n\t<meta name=\"twitter:data2\" content=\"5 minutos\" \/>\n<script type=\"application\/ld+json\" class=\"yoast-schema-graph\">{\"@context\":\"https:\\\/\\\/schema.org\",\"@graph\":[{\"@type\":\"Article\",\"@id\":\"https:\\\/\\\/exaudi.org\\\/es\\\/beato-bernardo-francisco-hoyos-29-de-noviembre\\\/#article\",\"isPartOf\":{\"@id\":\"https:\\\/\\\/exaudi.org\\\/es\\\/beato-bernardo-francisco-hoyos-29-de-noviembre\\\/\"},\"author\":{\"name\":\"Isabel Orellana\",\"@id\":\"https:\\\/\\\/exaudi.org\\\/#\\\/schema\\\/person\\\/64e18b96fd6118559a9217b5b3375fdc\"},\"headline\":\"Beato Bernardo Francisco Hoyos, 29 de noviembre\",\"datePublished\":\"2025-11-29T06:30:01+00:00\",\"mainEntityOfPage\":{\"@id\":\"https:\\\/\\\/exaudi.org\\\/es\\\/beato-bernardo-francisco-hoyos-29-de-noviembre\\\/\"},\"wordCount\":1111,\"commentCount\":0,\"image\":{\"@id\":\"https:\\\/\\\/exaudi.org\\\/es\\\/beato-bernardo-francisco-hoyos-29-de-noviembre\\\/#primaryimage\"},\"thumbnailUrl\":\"https:\\\/\\\/exaudi.org\\\/wp-content\\\/uploads\\\/2021\\\/11\\\/Disen\u0303o-sin-ti\u0301tulo-16.jpg\",\"keywords\":[\"Beato Bernardo Francisco Hoyos\",\"Isabel Orellana Vilches\",\"Trending\"],\"articleSection\":[\"Iglesia y Mundo\",\"Santoral\"],\"inLanguage\":\"es\",\"potentialAction\":[{\"@type\":\"CommentAction\",\"name\":\"Comment\",\"target\":[\"https:\\\/\\\/exaudi.org\\\/es\\\/beato-bernardo-francisco-hoyos-29-de-noviembre\\\/#respond\"]}]},{\"@type\":\"WebPage\",\"@id\":\"https:\\\/\\\/exaudi.org\\\/es\\\/beato-bernardo-francisco-hoyos-29-de-noviembre\\\/\",\"url\":\"https:\\\/\\\/exaudi.org\\\/es\\\/beato-bernardo-francisco-hoyos-29-de-noviembre\\\/\",\"name\":\"Beato Bernardo Francisco Hoyos, 29 de noviembre &#8211; Exaudi\",\"isPartOf\":{\"@id\":\"https:\\\/\\\/exaudi.org\\\/#website\"},\"primaryImageOfPage\":{\"@id\":\"https:\\\/\\\/exaudi.org\\\/es\\\/beato-bernardo-francisco-hoyos-29-de-noviembre\\\/#primaryimage\"},\"image\":{\"@id\":\"https:\\\/\\\/exaudi.org\\\/es\\\/beato-bernardo-francisco-hoyos-29-de-noviembre\\\/#primaryimage\"},\"thumbnailUrl\":\"https:\\\/\\\/exaudi.org\\\/wp-content\\\/uploads\\\/2021\\\/11\\\/Disen\u0303o-sin-ti\u0301tulo-16.jpg\",\"datePublished\":\"2025-11-29T06:30:01+00:00\",\"author\":{\"@id\":\"https:\\\/\\\/exaudi.org\\\/#\\\/schema\\\/person\\\/64e18b96fd6118559a9217b5b3375fdc\"},\"description\":\"El beato Bernardo Francisco de Hoyos fue un presb\u00edtero jesuita y ap\u00f3stol en Espa\u00f1a de la devoci\u00f3n al Sagrado Coraz\u00f3n de Jes\u00fas.\",\"breadcrumb\":{\"@id\":\"https:\\\/\\\/exaudi.org\\\/es\\\/beato-bernardo-francisco-hoyos-29-de-noviembre\\\/#breadcrumb\"},\"inLanguage\":\"es\",\"potentialAction\":[{\"@type\":\"ReadAction\",\"target\":[\"https:\\\/\\\/exaudi.org\\\/es\\\/beato-bernardo-francisco-hoyos-29-de-noviembre\\\/\"]}]},{\"@type\":\"ImageObject\",\"inLanguage\":\"es\",\"@id\":\"https:\\\/\\\/exaudi.org\\\/es\\\/beato-bernardo-francisco-hoyos-29-de-noviembre\\\/#primaryimage\",\"url\":\"https:\\\/\\\/exaudi.org\\\/wp-content\\\/uploads\\\/2021\\\/11\\\/Disen\u0303o-sin-ti\u0301tulo-16.jpg\",\"contentUrl\":\"https:\\\/\\\/exaudi.org\\\/wp-content\\\/uploads\\\/2021\\\/11\\\/Disen\u0303o-sin-ti\u0301tulo-16.jpg\",\"width\":551,\"height\":385,\"caption\":\"Beato Bernardo Francisco Hoyos \u00a9Archivalladolid\"},{\"@type\":\"BreadcrumbList\",\"@id\":\"https:\\\/\\\/exaudi.org\\\/es\\\/beato-bernardo-francisco-hoyos-29-de-noviembre\\\/#breadcrumb\",\"itemListElement\":[{\"@type\":\"ListItem\",\"position\":1,\"name\":\"Portada\",\"item\":\"https:\\\/\\\/exaudi.org\\\/es\\\/\"},{\"@type\":\"ListItem\",\"position\":2,\"name\":\"Beato Bernardo Francisco Hoyos, 29 de noviembre\"}]},{\"@type\":\"WebSite\",\"@id\":\"https:\\\/\\\/exaudi.org\\\/#website\",\"url\":\"https:\\\/\\\/exaudi.org\\\/\",\"name\":\"Exaudi\",\"description\":\"News\",\"potentialAction\":[{\"@type\":\"SearchAction\",\"target\":{\"@type\":\"EntryPoint\",\"urlTemplate\":\"https:\\\/\\\/exaudi.org\\\/?s={search_term_string}\"},\"query-input\":{\"@type\":\"PropertyValueSpecification\",\"valueRequired\":true,\"valueName\":\"search_term_string\"}}],\"inLanguage\":\"es\"},{\"@type\":\"Person\",\"@id\":\"https:\\\/\\\/exaudi.org\\\/#\\\/schema\\\/person\\\/64e18b96fd6118559a9217b5b3375fdc\",\"name\":\"Isabel Orellana\",\"image\":{\"@type\":\"ImageObject\",\"inLanguage\":\"es\",\"@id\":\"https:\\\/\\\/secure.gravatar.com\\\/avatar\\\/51968380bbb6b22ae85c605634860366fd9a2a611c6341125115bca32cd6c171?s=96&d=mm&r=g\",\"url\":\"https:\\\/\\\/secure.gravatar.com\\\/avatar\\\/51968380bbb6b22ae85c605634860366fd9a2a611c6341125115bca32cd6c171?s=96&d=mm&r=g\",\"contentUrl\":\"https:\\\/\\\/secure.gravatar.com\\\/avatar\\\/51968380bbb6b22ae85c605634860366fd9a2a611c6341125115bca32cd6c171?s=96&d=mm&r=g\",\"caption\":\"Isabel Orellana\"},\"description\":\"Isabel Orellana Vilches Misionera idente. Doctora en Filosof\u00eda por la Universidad Aut\u00f3noma de Barcelona con la tesis Realismo y progreso cient\u00edfico en la epistemolog\u00eda popperiana. Ha cursado estudios de teolog\u00eda en la Universidad Pontificia de Salamanca. Con amplia actividad docente desde 1986, ha publicado libros como: Realismo y progreso cient\u00edfico en la epistemolog\u00eda popperiana, Universitat Aut\u00f2noma de Barcelona, 1993; El evangelio habla a los j\u00f3venes, Atenas, Madrid, 1997; Qu\u00e9 es... LA TOLERANCIA, Paulinas, Madrid, 1999; Pedagog\u00eda del dolor. Ensayo antropol\u00f3gico, Palabra, Madrid, 1999; En colaboraci\u00f3n con Enrique Rivera de Ventosa (\u2020) OFM. Cap. San Francisco de As\u00eds y Fernando Rielo: Convergencias. Respuestas desde la fe a los interrogantes del hombre de hoy, Universidad Pontificia, Salamanca, 2001; La \\\"mirada\\\" del cine. Recursos did\u00e1cticos del s\u00e9ptimo arte. Librer\u00eda Cervantes, Salamanca, 2001; Paradojas de la convivencia, San Pablo, Madrid, 2002; En la Universidad T\u00e9cnica Particular de Loja, Ecuador, ha publicado: La confianza. El arte de amar, 2002; Educar para la responsabilidad, 2003; Apuntes de \u00e9tica en Karl R. Popper, 2003; De soledades y comunicaci\u00f3n, 2005; Yo educo; t\u00fa respondes, 2008; Humanismo y fe en un crisol de culturas, 2008; Repensar lo cotidiano, 2008; Convivir: un constante desaf\u00edo, 2009; La l\u00f3gica del amor, 2010; El dolor del amor. Apuntes sobre la enfermedad y el dolor en relaci\u00f3n con la virtud heroica, el martirio y la vida santa. Seminario Diocesano de M\u00e1laga, 2006 y Universidad T\u00e9cnica Particular de Loja, Ecuador (2007). Cuenta con numerosas colaboraciones en obras colectivas, as\u00ed como relatos, cuentos, f\u00e1bula y novela juvenil, adem\u00e1s de art\u00edculos de tem\u00e1tica cient\u00edfica, pedag\u00f3gica y espiritual, que viene publicando en distintas revistas nacionales e internacionales. En 2012 culmin\u00f3 el santoral Llamados a ser santos y poco m\u00e1s tarde Epopeyas de amor prologado por mons. Fernando Sebasti\u00e1n. Es la bi\u00f3grafa oficial del fundador de su familia espiritual, autora de Fernando Rielo Pardal. Fundador de los Misioneros Identes, Descl\u00e9e de Brouwer, Bilbao, 2009. Culmina la biograf\u00eda completa. Encargada del santoral de ZENIT desde 2012 a 2020 y ahora en Exaudi\",\"url\":\"https:\\\/\\\/exaudi.org\\\/es\\\/author\\\/isabelorellana\\\/\"}]}<\/script>\n<!-- \/ Yoast SEO plugin. -->","yoast_head_json":{"title":"Beato Bernardo Francisco Hoyos, 29 de noviembre &#8211; Exaudi","description":"El beato Bernardo Francisco de Hoyos fue un presb\u00edtero jesuita y ap\u00f3stol en Espa\u00f1a de la devoci\u00f3n al Sagrado Coraz\u00f3n de Jes\u00fas.","robots":{"index":"index","follow":"follow","max-snippet":"max-snippet:-1","max-image-preview":"max-image-preview:large","max-video-preview":"max-video-preview:-1"},"canonical":"https:\/\/exaudi.org\/es\/beato-bernardo-francisco-hoyos-29-de-noviembre\/","og_locale":"es_ES","og_type":"article","og_title":"Beato Bernardo Francisco Hoyos, 29 de noviembre &#8211; Exaudi","og_description":"El beato Bernardo Francisco de Hoyos fue un presb\u00edtero jesuita y ap\u00f3stol en Espa\u00f1a de la devoci\u00f3n al Sagrado Coraz\u00f3n de Jes\u00fas.","og_url":"https:\/\/exaudi.org\/es\/beato-bernardo-francisco-hoyos-29-de-noviembre\/","og_site_name":"Exaudi","article_publisher":"https:\/\/www.facebook.com\/ExaudiNews","article_published_time":"2025-11-29T06:30:01+00:00","og_image":[{"width":551,"height":385,"url":"https:\/\/exaudi.org\/wp-content\/uploads\/2021\/11\/Disen\u0303o-sin-ti\u0301tulo-16.jpg","type":"image\/jpeg"}],"author":"Isabel Orellana","twitter_card":"summary_large_image","twitter_creator":"@Exaudi_News","twitter_site":"@Exaudi_News","twitter_misc":{"Escrito por":"Isabel Orellana","Tiempo de lectura":"5 minutos"},"schema":{"@context":"https:\/\/schema.org","@graph":[{"@type":"Article","@id":"https:\/\/exaudi.org\/es\/beato-bernardo-francisco-hoyos-29-de-noviembre\/#article","isPartOf":{"@id":"https:\/\/exaudi.org\/es\/beato-bernardo-francisco-hoyos-29-de-noviembre\/"},"author":{"name":"Isabel Orellana","@id":"https:\/\/exaudi.org\/#\/schema\/person\/64e18b96fd6118559a9217b5b3375fdc"},"headline":"Beato Bernardo Francisco Hoyos, 29 de noviembre","datePublished":"2025-11-29T06:30:01+00:00","mainEntityOfPage":{"@id":"https:\/\/exaudi.org\/es\/beato-bernardo-francisco-hoyos-29-de-noviembre\/"},"wordCount":1111,"commentCount":0,"image":{"@id":"https:\/\/exaudi.org\/es\/beato-bernardo-francisco-hoyos-29-de-noviembre\/#primaryimage"},"thumbnailUrl":"https:\/\/exaudi.org\/wp-content\/uploads\/2021\/11\/Disen\u0303o-sin-ti\u0301tulo-16.jpg","keywords":["Beato Bernardo Francisco Hoyos","Isabel Orellana Vilches","Trending"],"articleSection":["Iglesia y Mundo","Santoral"],"inLanguage":"es","potentialAction":[{"@type":"CommentAction","name":"Comment","target":["https:\/\/exaudi.org\/es\/beato-bernardo-francisco-hoyos-29-de-noviembre\/#respond"]}]},{"@type":"WebPage","@id":"https:\/\/exaudi.org\/es\/beato-bernardo-francisco-hoyos-29-de-noviembre\/","url":"https:\/\/exaudi.org\/es\/beato-bernardo-francisco-hoyos-29-de-noviembre\/","name":"Beato Bernardo Francisco Hoyos, 29 de noviembre &#8211; Exaudi","isPartOf":{"@id":"https:\/\/exaudi.org\/#website"},"primaryImageOfPage":{"@id":"https:\/\/exaudi.org\/es\/beato-bernardo-francisco-hoyos-29-de-noviembre\/#primaryimage"},"image":{"@id":"https:\/\/exaudi.org\/es\/beato-bernardo-francisco-hoyos-29-de-noviembre\/#primaryimage"},"thumbnailUrl":"https:\/\/exaudi.org\/wp-content\/uploads\/2021\/11\/Disen\u0303o-sin-ti\u0301tulo-16.jpg","datePublished":"2025-11-29T06:30:01+00:00","author":{"@id":"https:\/\/exaudi.org\/#\/schema\/person\/64e18b96fd6118559a9217b5b3375fdc"},"description":"El beato Bernardo Francisco de Hoyos fue un presb\u00edtero jesuita y ap\u00f3stol en Espa\u00f1a de la devoci\u00f3n al Sagrado Coraz\u00f3n de Jes\u00fas.","breadcrumb":{"@id":"https:\/\/exaudi.org\/es\/beato-bernardo-francisco-hoyos-29-de-noviembre\/#breadcrumb"},"inLanguage":"es","potentialAction":[{"@type":"ReadAction","target":["https:\/\/exaudi.org\/es\/beato-bernardo-francisco-hoyos-29-de-noviembre\/"]}]},{"@type":"ImageObject","inLanguage":"es","@id":"https:\/\/exaudi.org\/es\/beato-bernardo-francisco-hoyos-29-de-noviembre\/#primaryimage","url":"https:\/\/exaudi.org\/wp-content\/uploads\/2021\/11\/Disen\u0303o-sin-ti\u0301tulo-16.jpg","contentUrl":"https:\/\/exaudi.org\/wp-content\/uploads\/2021\/11\/Disen\u0303o-sin-ti\u0301tulo-16.jpg","width":551,"height":385,"caption":"Beato Bernardo Francisco Hoyos \u00a9Archivalladolid"},{"@type":"BreadcrumbList","@id":"https:\/\/exaudi.org\/es\/beato-bernardo-francisco-hoyos-29-de-noviembre\/#breadcrumb","itemListElement":[{"@type":"ListItem","position":1,"name":"Portada","item":"https:\/\/exaudi.org\/es\/"},{"@type":"ListItem","position":2,"name":"Beato Bernardo Francisco Hoyos, 29 de noviembre"}]},{"@type":"WebSite","@id":"https:\/\/exaudi.org\/#website","url":"https:\/\/exaudi.org\/","name":"Exaudi","description":"News","potentialAction":[{"@type":"SearchAction","target":{"@type":"EntryPoint","urlTemplate":"https:\/\/exaudi.org\/?s={search_term_string}"},"query-input":{"@type":"PropertyValueSpecification","valueRequired":true,"valueName":"search_term_string"}}],"inLanguage":"es"},{"@type":"Person","@id":"https:\/\/exaudi.org\/#\/schema\/person\/64e18b96fd6118559a9217b5b3375fdc","name":"Isabel Orellana","image":{"@type":"ImageObject","inLanguage":"es","@id":"https:\/\/secure.gravatar.com\/avatar\/51968380bbb6b22ae85c605634860366fd9a2a611c6341125115bca32cd6c171?s=96&d=mm&r=g","url":"https:\/\/secure.gravatar.com\/avatar\/51968380bbb6b22ae85c605634860366fd9a2a611c6341125115bca32cd6c171?s=96&d=mm&r=g","contentUrl":"https:\/\/secure.gravatar.com\/avatar\/51968380bbb6b22ae85c605634860366fd9a2a611c6341125115bca32cd6c171?s=96&d=mm&r=g","caption":"Isabel Orellana"},"description":"Isabel Orellana Vilches Misionera idente. Doctora en Filosof\u00eda por la Universidad Aut\u00f3noma de Barcelona con la tesis Realismo y progreso cient\u00edfico en la epistemolog\u00eda popperiana. Ha cursado estudios de teolog\u00eda en la Universidad Pontificia de Salamanca. Con amplia actividad docente desde 1986, ha publicado libros como: Realismo y progreso cient\u00edfico en la epistemolog\u00eda popperiana, Universitat Aut\u00f2noma de Barcelona, 1993; El evangelio habla a los j\u00f3venes, Atenas, Madrid, 1997; Qu\u00e9 es... LA TOLERANCIA, Paulinas, Madrid, 1999; Pedagog\u00eda del dolor. Ensayo antropol\u00f3gico, Palabra, Madrid, 1999; En colaboraci\u00f3n con Enrique Rivera de Ventosa (\u2020) OFM. Cap. San Francisco de As\u00eds y Fernando Rielo: Convergencias. Respuestas desde la fe a los interrogantes del hombre de hoy, Universidad Pontificia, Salamanca, 2001; La \"mirada\" del cine. Recursos did\u00e1cticos del s\u00e9ptimo arte. Librer\u00eda Cervantes, Salamanca, 2001; Paradojas de la convivencia, San Pablo, Madrid, 2002; En la Universidad T\u00e9cnica Particular de Loja, Ecuador, ha publicado: La confianza. El arte de amar, 2002; Educar para la responsabilidad, 2003; Apuntes de \u00e9tica en Karl R. Popper, 2003; De soledades y comunicaci\u00f3n, 2005; Yo educo; t\u00fa respondes, 2008; Humanismo y fe en un crisol de culturas, 2008; Repensar lo cotidiano, 2008; Convivir: un constante desaf\u00edo, 2009; La l\u00f3gica del amor, 2010; El dolor del amor. Apuntes sobre la enfermedad y el dolor en relaci\u00f3n con la virtud heroica, el martirio y la vida santa. Seminario Diocesano de M\u00e1laga, 2006 y Universidad T\u00e9cnica Particular de Loja, Ecuador (2007). Cuenta con numerosas colaboraciones en obras colectivas, as\u00ed como relatos, cuentos, f\u00e1bula y novela juvenil, adem\u00e1s de art\u00edculos de tem\u00e1tica cient\u00edfica, pedag\u00f3gica y espiritual, que viene publicando en distintas revistas nacionales e internacionales. En 2012 culmin\u00f3 el santoral Llamados a ser santos y poco m\u00e1s tarde Epopeyas de amor prologado por mons. Fernando Sebasti\u00e1n. Es la bi\u00f3grafa oficial del fundador de su familia espiritual, autora de Fernando Rielo Pardal. Fundador de los Misioneros Identes, Descl\u00e9e de Brouwer, Bilbao, 2009. Culmina la biograf\u00eda completa. Encargada del santoral de ZENIT desde 2012 a 2020 y ahora en Exaudi","url":"https:\/\/exaudi.org\/es\/author\/isabelorellana\/"}]}},"jetpack_featured_media_url":"https:\/\/exaudi.org\/wp-content\/uploads\/2021\/11\/Disen\u0303o-sin-ti\u0301tulo-16.jpg","jetpack_shortlink":"https:\/\/wp.me\/pgKjF2-b4k","_links":{"self":[{"href":"https:\/\/exaudi.org\/es\/wp-json\/wp\/v2\/posts\/42552","targetHints":{"allow":["GET"]}}],"collection":[{"href":"https:\/\/exaudi.org\/es\/wp-json\/wp\/v2\/posts"}],"about":[{"href":"https:\/\/exaudi.org\/es\/wp-json\/wp\/v2\/types\/post"}],"author":[{"embeddable":true,"href":"https:\/\/exaudi.org\/es\/wp-json\/wp\/v2\/users\/23"}],"replies":[{"embeddable":true,"href":"https:\/\/exaudi.org\/es\/wp-json\/wp\/v2\/comments?post=42552"}],"version-history":[{"count":2,"href":"https:\/\/exaudi.org\/es\/wp-json\/wp\/v2\/posts\/42552\/revisions"}],"predecessor-version":[{"id":140986,"href":"https:\/\/exaudi.org\/es\/wp-json\/wp\/v2\/posts\/42552\/revisions\/140986"}],"wp:featuredmedia":[{"embeddable":true,"href":"https:\/\/exaudi.org\/es\/wp-json\/wp\/v2\/media\/40820"}],"wp:attachment":[{"href":"https:\/\/exaudi.org\/es\/wp-json\/wp\/v2\/media?parent=42552"}],"wp:term":[{"taxonomy":"category","embeddable":true,"href":"https:\/\/exaudi.org\/es\/wp-json\/wp\/v2\/categories?post=42552"},{"taxonomy":"post_tag","embeddable":true,"href":"https:\/\/exaudi.org\/es\/wp-json\/wp\/v2\/tags?post=42552"}],"curies":[{"name":"wp","href":"https:\/\/api.w.org\/{rel}","templated":true}]}}