{"id":41214,"date":"2024-11-27T09:00:27","date_gmt":"2024-11-27T08:00:27","guid":{"rendered":"https:\/\/exaudi.wpengine.com\/por-que-la-iglesia-es-catolica\/"},"modified":"2024-11-27T12:38:21","modified_gmt":"2024-11-27T11:38:21","slug":"por-que-la-iglesia-es-catolica","status":"publish","type":"post","link":"https:\/\/exaudi.org\/es\/por-que-la-iglesia-es-catolica\/","title":{"rendered":"\u00bfPor qu\u00e9 la Iglesia es \u201cCat\u00f3lica\u201d?"},"content":{"rendered":"<p>\u00bfPor qu\u00e9 la Iglesia es \u201cCat\u00f3lica\u201d?, el\u00a0<a href=\"https:\/\/exaudi.org\/es\/author\/jyate\/\">padre Jairo Yate<\/a>, sacerdote y juez instructor en la\u00a0<a href=\"https:\/\/notasamablesalapalabra.blogspot.com\/\">di\u00f3cesis de Ibagu\u00e9<\/a>, Colombia, responde a esta cuesti\u00f3n seg\u00fan el magisterio de la propia Iglesia.<\/p>\n<p><iframe title=\"Spotify Embed: \u00bfPor qu\u00e9 la Iglesia es \u201cCat\u00f3lica\u201d?\" style=\"border-radius: 12px\" width=\"100%\" height=\"152\" frameborder=\"0\" allowfullscreen allow=\"autoplay; clipboard-write; encrypted-media; fullscreen; picture-in-picture\" loading=\"lazy\" src=\"https:\/\/open.spotify.com\/embed\/episode\/2kwiwqADpznu2N5mgBJOQU?si=302973ea9c0846e5&#038;utm_source=oembed\"><\/iframe><\/p>\n<h3><strong>\u00bfQu\u00e9 significa la palabra \u201cCat\u00f3lica\u201d?<\/strong><\/h3>\n<p>Significa \u201cuniversal\u201d en el sentido de \u201cseg\u00fan la totalidad\u201d o \u201cseg\u00fan la integridad\u201d. La Iglesia es cat\u00f3lica en un doble sentido.<\/p>\n<h3><strong>\u00bfPor qu\u00e9 es as\u00ed?<\/strong><\/h3>\n<p>El <a href=\"https:\/\/www.vatican.va\/archive\/catechism_sp\/index_sp.html\">Catecismo de la Iglesia Cat\u00f3lica<\/a> ense\u00f1a que: <strong>\u201c<\/strong>Es cat\u00f3lica porque Cristo est\u00e1 presente en ella. \u2018All\u00ed donde est\u00e1 Cristo Jes\u00fas, est\u00e1 la Iglesia Cat\u00f3lica\u2019 (San Ignacio de Antioqu\u00eda, Epistula ad Smyrnaeos 8, 2). En ella subsiste la plenitud del Cuerpo de Cristo unido a su Cabeza (cf. Efesios 1, 22-23), lo que implica que ella recibe de \u00c9l \u2018la plenitud de los medios de salvaci\u00f3n\u2019 (AG 6) que \u00c9l ha querido: confesi\u00f3n de fe recta y completa, vida sacramental \u00edntegra y ministerio ordenado en la sucesi\u00f3n apost\u00f3lica. La Iglesia, en este sentido fundamental, era cat\u00f3lica el d\u00eda de Pentecost\u00e9s (cf. Ad Gentes 4) y lo ser\u00e1 siempre hasta el d\u00eda de la Parus\u00eda (final de los tiempos, ndr) \u201c(830).<\/p>\n<p>\u201cEs cat\u00f3lica porque ha sido enviada por Cristo en misi\u00f3n a la totalidad del g\u00e9nero humano (cf. Mateo 28, 19)\u201d (831).<\/p>\n<h3><strong>\u00bfQu\u00e9 ense\u00f1a la Iglesia Cat\u00f3lica?<\/strong><\/h3>\n<p>Contenidos esenciales y fundamentales de la doctrina cat\u00f3lica tanto sobre la fe como sobre la moral, a la luz del Concilio Vaticano II y del conjunto de la Tradici\u00f3n de la Iglesia.<\/p>\n<h3><strong>\u00bfEn qu\u00e9 se basa la Iglesia Cat\u00f3lica para ense\u00f1ar a sus fieles?<\/strong><\/h3>\n<p>Sus fuentes principales son la Sagrada Escritura, los Santos Padres, la Liturgia y el Magisterio de la Iglesia. Est\u00e1 destinado a servir \u201ccomo un punto de referencia para los catecismos o compendios que sean compuestos en los diversos pa\u00edses\u201d. (Catecismo 11)<\/p>\n<h3><strong>\u00bfCu\u00e1l es la fe de la Iglesia Cat\u00f3lica?<\/strong><\/h3>\n<p>\u201cLa fe cat\u00f3lica esta: que veneremos un Dios en la Trinidad y la Trinidad en la unidad, no confundiendo las personas, ni separando las substancias; una es la persona del Padre, otra la del Hijo, otra la del Esp\u00edritu Santo; pero del Padre y del Hijo y del Esp\u00edritu Santo una es la divinidad, igual la gloria, coeterna la majestad\u201d (Catecismo 266)<\/p>\n<h3><strong>\u00bfLa Iglesia Cat\u00f3lica cree en la Virgen Mar\u00eda? <\/strong><\/h3>\n<p>Lo que la fe cat\u00f3lica cree acerca de Mar\u00eda se funda en lo que cree acerca de Cristo, pero lo que ense\u00f1a sobre Mar\u00eda ilumina a su vez la fe en Cristo. (Catecismo 487).<\/p>\n<h3><strong>\u00bfQui\u00e9n gobierna en la Iglesia Cat\u00f3lica?<\/strong><\/h3>\n<p>\u201cLa Iglesia Cat\u00f3lica, gobernada por el sucesor de Pedro y por los obispos en comuni\u00f3n con \u00e9l\u201d (<em><a href=\"https:\/\/www.vatican.va\/archive\/hist_councils\/ii_vatican_council\/documents\/vat-ii_const_19641121_lumen-gentium_sp.html\">Lumen Gentium<\/a><\/em> 8).<\/p>\n<h3><strong>\u00bfQu\u00e9 es una Iglesia particular?<\/strong><\/h3>\n<p>Se entiende por Iglesia particular, que es en primer lugar la di\u00f3cesis (o la eparqu\u00eda), esto es, una comunidad de fieles cristianos en comuni\u00f3n en la fe y en los sacramentos con su obispo ordenado en la sucesi\u00f3n apost\u00f3lica. Estas Iglesias particulares est\u00e1n \u201cformadas a imagen de la Iglesia Universal. En ellas y a partir de ellas existe la Iglesia cat\u00f3lica, una y \u00fanica\u201d (<em>Lumen Gentium <\/em>23).<\/p>\n<p>Las Iglesias particulares son plenamente cat\u00f3licas gracias a la comuni\u00f3n con una de ellas: la Iglesia de Roma \u201cque preside en la caridad\u201d (San Ignacio de Antioqu\u00eda).<\/p>\n<h3><strong>\u00bfQui\u00e9n pertenece a la Iglesia Cat\u00f3lica?<\/strong><\/h3>\n<p>\u201cTodos los hombres, por tanto, est\u00e1n invitados a esta unidad cat\u00f3lica del Pueblo de Dios&#8230; A esta unidad pertenecen de diversas maneras o a ella est\u00e1n destinados los cat\u00f3licos, los dem\u00e1s cristianos e incluso todos los hombres en general llamados a la salvaci\u00f3n por la gracia de Dios\u201d (<em>Lumen Gentium<\/em> 13).<\/p>\n<h3><strong>\u00bfLa Iglesia Cat\u00f3lica ofrece medios para la salvaci\u00f3n?<\/strong><\/h3>\n<p>La Iglesia Cat\u00f3lica anuncia la totalidad de la fe; lleva en s\u00ed y administra la plenitud de los medios de salvaci\u00f3n; es enviada a todos los pueblos; se dirige a todos los hombres; abarca todos los tiempos; \u201ces, por su propia naturaleza, misionera\u201d (<em><a href=\"https:\/\/www.vatican.va\/archive\/hist_councils\/ii_vatican_council\/documents\/vat-ii_decree_19651207_ad-gentes_sp.html\">Ad Gentes<\/a><\/em> 2).<\/p>\n<h3><strong>\u00bfC\u00f3mo entender la presencia de im\u00e1genes en la Iglesia Cat\u00f3lica? <\/strong><\/h3>\n<p><strong>\u201c<\/strong>La belleza y el color de las im\u00e1genes estimulan mi oraci\u00f3n. Es una fiesta para mis ojos, del mismo modo que el espect\u00e1culo del campo estimula mi coraz\u00f3n para dar gloria a Dios\u201d (S. Juan Damasceno).<\/p>\n<p>\u201cLa contemplaci\u00f3n de las sagradas im\u00e1genes, unida a la meditaci\u00f3n de la Palabra de Dios y al canto de los himnos lit\u00fargicos, forma parte de la armon\u00eda de los signos de la celebraci\u00f3n para que el misterio celebrado se grabe en la memoria del coraz\u00f3n y se exprese luego en la vida nueva de los fieles\u201d (Catecismo 1162).<\/p>\n<h3><strong>\u00bfEs verdad que el Bautismo es fuente de comuni\u00f3n en la Iglesia Cat\u00f3lica?<\/strong><\/h3>\n<p>\u201cEl Bautismo constituye el fundamento de la comuni\u00f3n entre todos los cristianos, e incluso con los que todav\u00eda no est\u00e1n en plena comuni\u00f3n con la Iglesia cat\u00f3lica: \u00abLos que creen en Cristo y han recibido v\u00e1lidamente el Bautismo est\u00e1n en una cierta comuni\u00f3n, aunque no perfecta, con la Iglesia cat\u00f3lica [&#8230;]. Justificados por la fe en el Bautismo, se han incorporado a Cristo; por tanto, con todo derecho se honran con el nombre de cristianos y son reconocidos con raz\u00f3n por los hijos de la Iglesia cat\u00f3lica como hermanos del Se\u00f1or (<a href=\"https:\/\/www.vatican.va\/archive\/hist_councils\/ii_vatican_council\/documents\/vat-ii_decree_19641121_unitatis-redintegratio_sp.html\">UR<\/a>\u00a03)\u201d(Catecismo 1271).<\/p>\n<h3><strong>\u00bfQu\u00e9 son los sacramentales en la Iglesia Cat\u00f3lica?<\/strong><\/h3>\n<p>\u201cHan sido instituidos por la Iglesia en orden a la santificaci\u00f3n de ciertos ministerios eclesiales, de ciertos estados de vida, de circunstancias muy variadas de la vida cristiana, as\u00ed como del uso de cosas \u00fatiles al hombre.\u00a0 Comprenden siempre una oraci\u00f3n, con frecuencia acompa\u00f1ada de un signo determinado, como la imposici\u00f3n de la mano, la se\u00f1al de la cruz, la aspersi\u00f3n con agua bendita (que recuerda el Bautismo)\u201d (Catecismo 1668).<\/p>\n<h3><strong>\u00bfCu\u00e1les son los sacramentos de la Iglesia Cat\u00f3lica?<\/strong><\/h3>\n<p>Son Gracia de Dios, vienen de Dios, instituidos por Cristo, para el bien de nosotros Los sacramentos de la Nueva Ley fueron instituidos por Cristo y son siete: Bautismo, Confirmaci\u00f3n, Eucarist\u00eda, Penitencia, Unci\u00f3n de los enfermos, Orden Sacerdotal y Matrimonio.<\/p>\n<h3><strong>\u00bfQu\u00e9 quiere el Papa Francisco de la Iglesia Cat\u00f3lica? <\/strong><\/h3>\n<p>Su preferencia por la Iglesia que crece en el silencio, en lo escondido. \u201cla Iglesia crece en la simplicidad, en el silencio, en la alabanza, en el sacrificio eucar\u00edstico, en la comunidad fraterna, donde todos se aman y no se pelean\u201d. \u201cLa Iglesia se manifiesta en la Eucarist\u00eda y en las buenas obras, incluso cuando aparentemente no son noticia\u201d. \u201cLa esposa de Cristo tiene un temperamento silencioso, genera frutos sin ruido, sin hacer sonar trompetas, como hacen los fariseos\u201d.\u00a0 \u201cLa Iglesia crece por medio del testimonio, de la oraci\u00f3n, de la atracci\u00f3n del Esp\u00edritu\u201d (Homil\u00eda 15 Noviembre 2018).<\/p>\n<ol>\n<li><a href=\"https:\/\/exaudi.org\/es\/por-que-la-iglesia-catolica-es-una\/\" target=\"_blank\" rel=\"noopener\">\u00bfPor qu\u00e9 la Iglesia Cat\u00f3lica es \u201cuna\u201d?<\/a><\/li>\n<li><a href=\"https:\/\/exaudi.org\/es\/por-que-la-iglesia-es-catolica\/\" target=\"_blank\" rel=\"noopener\">\u00bfPor qu\u00e9 la Iglesia es \u201cCat\u00f3lica\u201d?<\/a><\/li>\n<li><a href=\"https:\/\/exaudi.org\/es\/por-que-la-iglesia-es-apostolica\/\" target=\"_blank\" rel=\"noopener\">\u00bfPor qu\u00e9 la Iglesia es \u201capost\u00f3lica\u201d?<\/a><\/li>\n<li><a href=\"https:\/\/exaudi.org\/es\/por-que-la-iglesia-catolica-es-santa\/\" target=\"_blank\" rel=\"noopener\">\u00bfPor qu\u00e9 la Iglesia Cat\u00f3lica es \u201csanta\u201d?<\/a><\/li>\n<li><a href=\"https:\/\/exaudi.org\/es\/por-que-la-iglesia-es-romana\/\" target=\"_blank\" rel=\"noopener\">\u00bfPor qu\u00e9 la Iglesia es \u201cromana\u201d?<\/a><\/li>\n<\/ol>\n","protected":false},"excerpt":{"rendered":"<p>Preguntas y respuestas<\/p>\n","protected":false},"author":75,"featured_media":41215,"comment_status":"open","ping_status":"open","sticky":false,"template":"","format":"standard","meta":{"_acf_changed":false,"_crdt_document":"","inline_featured_image":false,"footnotes":""},"categories":[72],"tags":[2913,4001,4913,20332,10838,4683,3179,21608,2002,15371,17563,33780,449,33781,33784,12133,8154,33783,6479,158,33782,9719,5198,9686,33779,17429,4953,33778,1119],"class_list":["post-41214","post","type-post","status-publish","format-standard","has-post-thumbnail","hentry","category-analisis","tag-bautismo","tag-catecismo-de-la-iglesia-catolica","tag-catolica","tag-comunidad-cristiana","tag-comunion","tag-cristo-es","tag-diocesis","tag-ensenanza-catolica","tag-eucaristia-es","tag-fe-catolica","tag-fe-cristiana","tag-gobierno-de-la-iglesia","tag-iglesia-catolica","tag-imagenes-en-la-iglesia","tag-jairo-yate","tag-lumen-gentium","tag-magisterio","tag-medios-de-salvacion","tag-mision-de-la-iglesia","tag-papa-francisco","tag-sacramentales","tag-sacramentos","tag-sagrada-escritura","tag-salvacion","tag-significado-de-catolica","tag-tradicion-catolica","tag-trending-es","tag-universal","tag-virgen-maria"],"acf":[],"yoast_head":"<!-- This site is optimized with the Yoast SEO plugin v27.5 - https:\/\/yoast.com\/product\/yoast-seo-wordpress\/ -->\n<title>\u00bfPor qu\u00e9 la Iglesia es \u201cCat\u00f3lica\u201d? &#8211; Exaudi<\/title>\n<meta name=\"description\" content=\"\u00bfPor qu\u00e9 la Iglesia es \u201cCat\u00f3lica\u201d?, el\u00a0padre Jairo Yate responde a esta cuesti\u00f3n seg\u00fan el magisterio de la propia Iglesia.\" \/>\n<meta name=\"robots\" content=\"index, follow, max-snippet:-1, max-image-preview:large, max-video-preview:-1\" \/>\n<link rel=\"canonical\" href=\"https:\/\/exaudi.org\/es\/por-que-la-iglesia-es-catolica\/\" \/>\n<meta property=\"og:locale\" content=\"es_ES\" \/>\n<meta property=\"og:type\" content=\"article\" \/>\n<meta property=\"og:title\" content=\"\u00bfPor qu\u00e9 la Iglesia es \u201cCat\u00f3lica\u201d? &#8211; Exaudi\" \/>\n<meta property=\"og:description\" content=\"\u00bfPor qu\u00e9 la Iglesia es \u201cCat\u00f3lica\u201d?, el\u00a0padre Jairo Yate responde a esta cuesti\u00f3n seg\u00fan el magisterio de la propia Iglesia.\" \/>\n<meta property=\"og:url\" content=\"https:\/\/exaudi.org\/es\/por-que-la-iglesia-es-catolica\/\" \/>\n<meta property=\"og:site_name\" content=\"Exaudi\" \/>\n<meta property=\"article:publisher\" content=\"https:\/\/www.facebook.com\/ExaudiNews\" \/>\n<meta property=\"article:published_time\" content=\"2024-11-27T08:00:27+00:00\" \/>\n<meta property=\"article:modified_time\" content=\"2024-11-27T11:38:21+00:00\" \/>\n<meta property=\"og:image\" content=\"https:\/\/exaudi.org\/wp-content\/uploads\/2021\/11\/cathopic_1486130356596435-scaled-1.jpg\" \/>\n\t<meta property=\"og:image:width\" content=\"2560\" \/>\n\t<meta property=\"og:image:height\" content=\"1707\" \/>\n\t<meta property=\"og:image:type\" content=\"image\/jpeg\" \/>\n<meta name=\"author\" content=\"Jairo Yate\" \/>\n<meta name=\"twitter:card\" content=\"summary_large_image\" \/>\n<meta name=\"twitter:creator\" content=\"@Exaudi_News\" \/>\n<meta name=\"twitter:site\" content=\"@Exaudi_News\" \/>\n<meta name=\"twitter:label1\" content=\"Escrito por\" \/>\n\t<meta name=\"twitter:data1\" content=\"Jairo Yate\" \/>\n\t<meta name=\"twitter:label2\" content=\"Tiempo de lectura\" \/>\n\t<meta name=\"twitter:data2\" content=\"6 minutos\" \/>\n<script type=\"application\/ld+json\" class=\"yoast-schema-graph\">{\"@context\":\"https:\\\/\\\/schema.org\",\"@graph\":[{\"@type\":\"Article\",\"@id\":\"https:\\\/\\\/exaudi.org\\\/es\\\/por-que-la-iglesia-es-catolica\\\/#article\",\"isPartOf\":{\"@id\":\"https:\\\/\\\/exaudi.org\\\/es\\\/por-que-la-iglesia-es-catolica\\\/\"},\"author\":{\"name\":\"Jairo Yate\",\"@id\":\"https:\\\/\\\/exaudi.org\\\/#\\\/schema\\\/person\\\/0a445e18eeda8a4169db2546dec04b44\"},\"headline\":\"\u00bfPor qu\u00e9 la Iglesia es \u201cCat\u00f3lica\u201d?\",\"datePublished\":\"2024-11-27T08:00:27+00:00\",\"dateModified\":\"2024-11-27T11:38:21+00:00\",\"mainEntityOfPage\":{\"@id\":\"https:\\\/\\\/exaudi.org\\\/es\\\/por-que-la-iglesia-es-catolica\\\/\"},\"wordCount\":1234,\"commentCount\":0,\"image\":{\"@id\":\"https:\\\/\\\/exaudi.org\\\/es\\\/por-que-la-iglesia-es-catolica\\\/#primaryimage\"},\"thumbnailUrl\":\"https:\\\/\\\/exaudi.org\\\/wp-content\\\/uploads\\\/2021\\\/11\\\/cathopic_1486130356596435-scaled-1.jpg\",\"keywords\":[\"Bautismo\",\"Catecismo de la Iglesia Cat\u00f3lica\",\"Cat\u00f3lica\",\"comunidad cristiana\",\"Comuni\u00f3n\",\"Cristo\",\"Di\u00f3cesis\",\"ense\u00f1anza cat\u00f3lica\",\"Eucaristia\",\"Fe cat\u00f3lica\",\"Fe cristiana\",\"gobierno de la Iglesia\",\"Iglesia cat\u00f3lica\",\"im\u00e1genes en la Iglesia\",\"Jairo Yate\",\"Lumen Gentium\",\"MAGISTERIO\",\"medios de salvaci\u00f3n\",\"Misi\u00f3n de la Iglesia\",\"papa francisco\",\"sacramentales\",\"SACRAMENTOS\",\"Sagrada Escritura\",\"Salvaci\u00f3n\",\"significado de cat\u00f3lica\",\"tradici\u00f3n cat\u00f3lica\",\"Trending\",\"universal\",\"Virgen Mar\u00eda\"],\"articleSection\":[\"An\u00e1lisis\"],\"inLanguage\":\"es\",\"potentialAction\":[{\"@type\":\"CommentAction\",\"name\":\"Comment\",\"target\":[\"https:\\\/\\\/exaudi.org\\\/es\\\/por-que-la-iglesia-es-catolica\\\/#respond\"]}]},{\"@type\":\"WebPage\",\"@id\":\"https:\\\/\\\/exaudi.org\\\/es\\\/por-que-la-iglesia-es-catolica\\\/\",\"url\":\"https:\\\/\\\/exaudi.org\\\/es\\\/por-que-la-iglesia-es-catolica\\\/\",\"name\":\"\u00bfPor qu\u00e9 la Iglesia es \u201cCat\u00f3lica\u201d? &#8211; Exaudi\",\"isPartOf\":{\"@id\":\"https:\\\/\\\/exaudi.org\\\/#website\"},\"primaryImageOfPage\":{\"@id\":\"https:\\\/\\\/exaudi.org\\\/es\\\/por-que-la-iglesia-es-catolica\\\/#primaryimage\"},\"image\":{\"@id\":\"https:\\\/\\\/exaudi.org\\\/es\\\/por-que-la-iglesia-es-catolica\\\/#primaryimage\"},\"thumbnailUrl\":\"https:\\\/\\\/exaudi.org\\\/wp-content\\\/uploads\\\/2021\\\/11\\\/cathopic_1486130356596435-scaled-1.jpg\",\"datePublished\":\"2024-11-27T08:00:27+00:00\",\"dateModified\":\"2024-11-27T11:38:21+00:00\",\"author\":{\"@id\":\"https:\\\/\\\/exaudi.org\\\/#\\\/schema\\\/person\\\/0a445e18eeda8a4169db2546dec04b44\"},\"description\":\"\u00bfPor qu\u00e9 la Iglesia es \u201cCat\u00f3lica\u201d?, el\u00a0padre Jairo Yate responde a esta cuesti\u00f3n seg\u00fan el magisterio de la propia Iglesia.\",\"breadcrumb\":{\"@id\":\"https:\\\/\\\/exaudi.org\\\/es\\\/por-que-la-iglesia-es-catolica\\\/#breadcrumb\"},\"inLanguage\":\"es\",\"potentialAction\":[{\"@type\":\"ReadAction\",\"target\":[\"https:\\\/\\\/exaudi.org\\\/es\\\/por-que-la-iglesia-es-catolica\\\/\"]}]},{\"@type\":\"ImageObject\",\"inLanguage\":\"es\",\"@id\":\"https:\\\/\\\/exaudi.org\\\/es\\\/por-que-la-iglesia-es-catolica\\\/#primaryimage\",\"url\":\"https:\\\/\\\/exaudi.org\\\/wp-content\\\/uploads\\\/2021\\\/11\\\/cathopic_1486130356596435-scaled-1.jpg\",\"contentUrl\":\"https:\\\/\\\/exaudi.org\\\/wp-content\\\/uploads\\\/2021\\\/11\\\/cathopic_1486130356596435-scaled-1.jpg\",\"width\":2560,\"height\":1707,\"caption\":\"Baptismal font \u00a9 Cathopic.Melina\"},{\"@type\":\"BreadcrumbList\",\"@id\":\"https:\\\/\\\/exaudi.org\\\/es\\\/por-que-la-iglesia-es-catolica\\\/#breadcrumb\",\"itemListElement\":[{\"@type\":\"ListItem\",\"position\":1,\"name\":\"Portada\",\"item\":\"https:\\\/\\\/exaudi.org\\\/es\\\/\"},{\"@type\":\"ListItem\",\"position\":2,\"name\":\"\u00bfPor qu\u00e9 la Iglesia es \u201cCat\u00f3lica\u201d?\"}]},{\"@type\":\"WebSite\",\"@id\":\"https:\\\/\\\/exaudi.org\\\/#website\",\"url\":\"https:\\\/\\\/exaudi.org\\\/\",\"name\":\"Exaudi\",\"description\":\"News\",\"potentialAction\":[{\"@type\":\"SearchAction\",\"target\":{\"@type\":\"EntryPoint\",\"urlTemplate\":\"https:\\\/\\\/exaudi.org\\\/?s={search_term_string}\"},\"query-input\":{\"@type\":\"PropertyValueSpecification\",\"valueRequired\":true,\"valueName\":\"search_term_string\"}}],\"inLanguage\":\"es\"},{\"@type\":\"Person\",\"@id\":\"https:\\\/\\\/exaudi.org\\\/#\\\/schema\\\/person\\\/0a445e18eeda8a4169db2546dec04b44\",\"name\":\"Jairo Yate\",\"image\":{\"@type\":\"ImageObject\",\"inLanguage\":\"es\",\"@id\":\"https:\\\/\\\/secure.gravatar.com\\\/avatar\\\/ebf148b228fd57b990e025e8ebec5910efc8cda0a662cd217e736dd113fd728f?s=96&d=mm&r=g\",\"url\":\"https:\\\/\\\/secure.gravatar.com\\\/avatar\\\/ebf148b228fd57b990e025e8ebec5910efc8cda0a662cd217e736dd113fd728f?s=96&d=mm&r=g\",\"contentUrl\":\"https:\\\/\\\/secure.gravatar.com\\\/avatar\\\/ebf148b228fd57b990e025e8ebec5910efc8cda0a662cd217e736dd113fd728f?s=96&d=mm&r=g\",\"caption\":\"Jairo Yate\"},\"description\":\"El padre Jairo Yate Ram\u00edrez fue ordenado sacerdote el 23 de Noviembre 1985, incardinado a la arquidi\u00f3cesis de Ibagu\u00e9, Colombia. Licenciado en Teolog\u00eda Moral por Universidad Santa Croce, Roma, Italia. Diplomado en Derecho Can\u00f3nico. Juez Instructor Tribunal Eclesi\u00e1stico y Notario, arquidi\u00f3cesis de Ibagu\u00e9\",\"url\":\"https:\\\/\\\/exaudi.org\\\/es\\\/author\\\/jyate\\\/\"}]}<\/script>\n<!-- \/ Yoast SEO plugin. -->","yoast_head_json":{"title":"\u00bfPor qu\u00e9 la Iglesia es \u201cCat\u00f3lica\u201d? &#8211; Exaudi","description":"\u00bfPor qu\u00e9 la Iglesia es \u201cCat\u00f3lica\u201d?, el\u00a0padre Jairo Yate responde a esta cuesti\u00f3n seg\u00fan el magisterio de la propia Iglesia.","robots":{"index":"index","follow":"follow","max-snippet":"max-snippet:-1","max-image-preview":"max-image-preview:large","max-video-preview":"max-video-preview:-1"},"canonical":"https:\/\/exaudi.org\/es\/por-que-la-iglesia-es-catolica\/","og_locale":"es_ES","og_type":"article","og_title":"\u00bfPor qu\u00e9 la Iglesia es \u201cCat\u00f3lica\u201d? &#8211; Exaudi","og_description":"\u00bfPor qu\u00e9 la Iglesia es \u201cCat\u00f3lica\u201d?, el\u00a0padre Jairo Yate responde a esta cuesti\u00f3n seg\u00fan el magisterio de la propia Iglesia.","og_url":"https:\/\/exaudi.org\/es\/por-que-la-iglesia-es-catolica\/","og_site_name":"Exaudi","article_publisher":"https:\/\/www.facebook.com\/ExaudiNews","article_published_time":"2024-11-27T08:00:27+00:00","article_modified_time":"2024-11-27T11:38:21+00:00","og_image":[{"width":2560,"height":1707,"url":"https:\/\/exaudi.org\/wp-content\/uploads\/2021\/11\/cathopic_1486130356596435-scaled-1.jpg","type":"image\/jpeg"}],"author":"Jairo Yate","twitter_card":"summary_large_image","twitter_creator":"@Exaudi_News","twitter_site":"@Exaudi_News","twitter_misc":{"Escrito por":"Jairo Yate","Tiempo de lectura":"6 minutos"},"schema":{"@context":"https:\/\/schema.org","@graph":[{"@type":"Article","@id":"https:\/\/exaudi.org\/es\/por-que-la-iglesia-es-catolica\/#article","isPartOf":{"@id":"https:\/\/exaudi.org\/es\/por-que-la-iglesia-es-catolica\/"},"author":{"name":"Jairo Yate","@id":"https:\/\/exaudi.org\/#\/schema\/person\/0a445e18eeda8a4169db2546dec04b44"},"headline":"\u00bfPor qu\u00e9 la Iglesia es \u201cCat\u00f3lica\u201d?","datePublished":"2024-11-27T08:00:27+00:00","dateModified":"2024-11-27T11:38:21+00:00","mainEntityOfPage":{"@id":"https:\/\/exaudi.org\/es\/por-que-la-iglesia-es-catolica\/"},"wordCount":1234,"commentCount":0,"image":{"@id":"https:\/\/exaudi.org\/es\/por-que-la-iglesia-es-catolica\/#primaryimage"},"thumbnailUrl":"https:\/\/exaudi.org\/wp-content\/uploads\/2021\/11\/cathopic_1486130356596435-scaled-1.jpg","keywords":["Bautismo","Catecismo de la Iglesia Cat\u00f3lica","Cat\u00f3lica","comunidad cristiana","Comuni\u00f3n","Cristo","Di\u00f3cesis","ense\u00f1anza cat\u00f3lica","Eucaristia","Fe cat\u00f3lica","Fe cristiana","gobierno de la Iglesia","Iglesia cat\u00f3lica","im\u00e1genes en la Iglesia","Jairo Yate","Lumen Gentium","MAGISTERIO","medios de salvaci\u00f3n","Misi\u00f3n de la Iglesia","papa francisco","sacramentales","SACRAMENTOS","Sagrada Escritura","Salvaci\u00f3n","significado de cat\u00f3lica","tradici\u00f3n cat\u00f3lica","Trending","universal","Virgen Mar\u00eda"],"articleSection":["An\u00e1lisis"],"inLanguage":"es","potentialAction":[{"@type":"CommentAction","name":"Comment","target":["https:\/\/exaudi.org\/es\/por-que-la-iglesia-es-catolica\/#respond"]}]},{"@type":"WebPage","@id":"https:\/\/exaudi.org\/es\/por-que-la-iglesia-es-catolica\/","url":"https:\/\/exaudi.org\/es\/por-que-la-iglesia-es-catolica\/","name":"\u00bfPor qu\u00e9 la Iglesia es \u201cCat\u00f3lica\u201d? &#8211; Exaudi","isPartOf":{"@id":"https:\/\/exaudi.org\/#website"},"primaryImageOfPage":{"@id":"https:\/\/exaudi.org\/es\/por-que-la-iglesia-es-catolica\/#primaryimage"},"image":{"@id":"https:\/\/exaudi.org\/es\/por-que-la-iglesia-es-catolica\/#primaryimage"},"thumbnailUrl":"https:\/\/exaudi.org\/wp-content\/uploads\/2021\/11\/cathopic_1486130356596435-scaled-1.jpg","datePublished":"2024-11-27T08:00:27+00:00","dateModified":"2024-11-27T11:38:21+00:00","author":{"@id":"https:\/\/exaudi.org\/#\/schema\/person\/0a445e18eeda8a4169db2546dec04b44"},"description":"\u00bfPor qu\u00e9 la Iglesia es \u201cCat\u00f3lica\u201d?, el\u00a0padre Jairo Yate responde a esta cuesti\u00f3n seg\u00fan el magisterio de la propia Iglesia.","breadcrumb":{"@id":"https:\/\/exaudi.org\/es\/por-que-la-iglesia-es-catolica\/#breadcrumb"},"inLanguage":"es","potentialAction":[{"@type":"ReadAction","target":["https:\/\/exaudi.org\/es\/por-que-la-iglesia-es-catolica\/"]}]},{"@type":"ImageObject","inLanguage":"es","@id":"https:\/\/exaudi.org\/es\/por-que-la-iglesia-es-catolica\/#primaryimage","url":"https:\/\/exaudi.org\/wp-content\/uploads\/2021\/11\/cathopic_1486130356596435-scaled-1.jpg","contentUrl":"https:\/\/exaudi.org\/wp-content\/uploads\/2021\/11\/cathopic_1486130356596435-scaled-1.jpg","width":2560,"height":1707,"caption":"Baptismal font \u00a9 Cathopic.Melina"},{"@type":"BreadcrumbList","@id":"https:\/\/exaudi.org\/es\/por-que-la-iglesia-es-catolica\/#breadcrumb","itemListElement":[{"@type":"ListItem","position":1,"name":"Portada","item":"https:\/\/exaudi.org\/es\/"},{"@type":"ListItem","position":2,"name":"\u00bfPor qu\u00e9 la Iglesia es \u201cCat\u00f3lica\u201d?"}]},{"@type":"WebSite","@id":"https:\/\/exaudi.org\/#website","url":"https:\/\/exaudi.org\/","name":"Exaudi","description":"News","potentialAction":[{"@type":"SearchAction","target":{"@type":"EntryPoint","urlTemplate":"https:\/\/exaudi.org\/?s={search_term_string}"},"query-input":{"@type":"PropertyValueSpecification","valueRequired":true,"valueName":"search_term_string"}}],"inLanguage":"es"},{"@type":"Person","@id":"https:\/\/exaudi.org\/#\/schema\/person\/0a445e18eeda8a4169db2546dec04b44","name":"Jairo Yate","image":{"@type":"ImageObject","inLanguage":"es","@id":"https:\/\/secure.gravatar.com\/avatar\/ebf148b228fd57b990e025e8ebec5910efc8cda0a662cd217e736dd113fd728f?s=96&d=mm&r=g","url":"https:\/\/secure.gravatar.com\/avatar\/ebf148b228fd57b990e025e8ebec5910efc8cda0a662cd217e736dd113fd728f?s=96&d=mm&r=g","contentUrl":"https:\/\/secure.gravatar.com\/avatar\/ebf148b228fd57b990e025e8ebec5910efc8cda0a662cd217e736dd113fd728f?s=96&d=mm&r=g","caption":"Jairo Yate"},"description":"El padre Jairo Yate Ram\u00edrez fue ordenado sacerdote el 23 de Noviembre 1985, incardinado a la arquidi\u00f3cesis de Ibagu\u00e9, Colombia. Licenciado en Teolog\u00eda Moral por Universidad Santa Croce, Roma, Italia. Diplomado en Derecho Can\u00f3nico. Juez Instructor Tribunal Eclesi\u00e1stico y Notario, arquidi\u00f3cesis de Ibagu\u00e9","url":"https:\/\/exaudi.org\/es\/author\/jyate\/"}]}},"jetpack_featured_media_url":"https:\/\/exaudi.org\/wp-content\/uploads\/2021\/11\/cathopic_1486130356596435-scaled-1.jpg","jetpack_shortlink":"https:\/\/wp.me\/pgKjF2-aIK","_links":{"self":[{"href":"https:\/\/exaudi.org\/es\/wp-json\/wp\/v2\/posts\/41214","targetHints":{"allow":["GET"]}}],"collection":[{"href":"https:\/\/exaudi.org\/es\/wp-json\/wp\/v2\/posts"}],"about":[{"href":"https:\/\/exaudi.org\/es\/wp-json\/wp\/v2\/types\/post"}],"author":[{"embeddable":true,"href":"https:\/\/exaudi.org\/es\/wp-json\/wp\/v2\/users\/75"}],"replies":[{"embeddable":true,"href":"https:\/\/exaudi.org\/es\/wp-json\/wp\/v2\/comments?post=41214"}],"version-history":[{"count":0,"href":"https:\/\/exaudi.org\/es\/wp-json\/wp\/v2\/posts\/41214\/revisions"}],"wp:featuredmedia":[{"embeddable":true,"href":"https:\/\/exaudi.org\/es\/wp-json\/wp\/v2\/media\/41215"}],"wp:attachment":[{"href":"https:\/\/exaudi.org\/es\/wp-json\/wp\/v2\/media?parent=41214"}],"wp:term":[{"taxonomy":"category","embeddable":true,"href":"https:\/\/exaudi.org\/es\/wp-json\/wp\/v2\/categories?post=41214"},{"taxonomy":"post_tag","embeddable":true,"href":"https:\/\/exaudi.org\/es\/wp-json\/wp\/v2\/tags?post=41214"}],"curies":[{"name":"wp","href":"https:\/\/api.w.org\/{rel}","templated":true}]}}