{"id":41075,"date":"2021-11-17T13:22:23","date_gmt":"2021-11-17T12:22:23","guid":{"rendered":"https:\/\/exaudi.wpengine.com\/senor-conoce-periferias-de-nuestro-corazon\/"},"modified":"2021-11-17T13:22:23","modified_gmt":"2021-11-17T12:22:23","slug":"senor-conoce-periferias-de-nuestro-corazon","status":"publish","type":"post","link":"https:\/\/exaudi.org\/es\/senor-conoce-periferias-de-nuestro-corazon\/","title":{"rendered":"\u201cEl Se\u00f1or conoce las periferias de nuestro coraz\u00f3n\u201d"},"content":{"rendered":"<p>\u201cSiempre Jes\u00fas va hacia las periferias\u201d, dice el Papa Franicsco, \u201cy esto nos debe dar mucha confianza, porque el Se\u00f1or conoce las periferias de nuestro coraz\u00f3n, las periferias de nuestra alma, las periferias de nuestra sociedad, de nuestra ciudad, de nuestra familia, es decir, esa parte un poco oscura que no dejamos ver, tal vez por verg\u00fcenza\u201d.<\/p>\n<p><img loading=\"lazy\" decoding=\"async\" class=\"alignleft wp-image-40355 size-medium\" src=\"https:\/\/exaudi.wpengine.com\/wp-content\/uploads\/2021\/11\/cq5dam.web_.800.800-2-2-300x200.jpeg\" alt=\"Se\u00f1or periferias coraz\u00f3n\" width=\"300\" height=\"200\" \/>En la <a href=\"https:\/\/exaudi.org\/es\/papa-francisco-san-jose-un-hombre-de-fe\/\" target=\"_blank\" rel=\"noopener\">audiencia general<\/a> de hoy, mi\u00e9rcoles 17 de noviembre de 2021, celebrada en el Aula Pablo VI del Vaticano, el Santo Padre ha iniciado un nuevo ciclo de catequesis, centrando su meditaci\u00f3n en san Jos\u00e9, sobre el tema: \u201cSan Jos\u00e9 y el entorno en el que vivi\u00f3\u201d (cf. Lectura: Mi 5,1.2-3.4).<\/p>\n<h4><strong>San Jos\u00e9: apoyo, consuelo y gu\u00eda<\/strong><\/h4>\n<p>Francisco introduce su discurso haciendo referencia a la Carta Apost\u00f3lica\u00a0<em><a href=\"https:\/\/exaudi.org\/es\/san-jose-carta-papa-francisco\/\" target=\"_blank\" rel=\"noopener\">Patris corde<\/a>,<\/em> en la que recoge algunas reflexiones sobre la figura de san Jos\u00e9. \u201cNunca antes como hoy, en este tiempo marcado por una crisis global con diferentes componentes, puede servirnos de apoyo, consuelo y gu\u00eda. Por eso he decidido dedicarle una serie de catequesis, que espero nos ayuden a dejarnos iluminar por su ejemplo y su testimonio\u201d, indic\u00f3.<\/p>\n<p><img loading=\"lazy\" decoding=\"async\" class=\"size-medium wp-image-40367 alignright\" src=\"https:\/\/exaudi.wpengine.com\/wp-content\/uploads\/2021\/11\/cq5dam.web_.800.800-17-300x200.jpeg\" alt=\"periferia marginalidad predilectas Dios\" width=\"300\" height=\"200\" \/>El Papa resalta c\u00f3mo en la Biblia \u201chay m\u00e1s de diez personajes que llevan el nombre de Jos\u00e9. El m\u00e1s importante de ellos es el hijo de Jacob y Raquel, que, a trav\u00e9s de diversas peripecias, pas\u00f3 de ser un esclavo a convertirse en la segunda persona m\u00e1s importante de Egipto despu\u00e9s del fara\u00f3n\u201d. De Jos\u00e9, Francisco hace referencia al significado de su nombre que en \u201chebreo significa \u2018que Dios acreciente\u2019. Que Dios haga crecer\u201d.<\/p>\n<h4><strong>\u00a0<\/strong><strong>San Jos\u00e9, un hombre de fe<\/strong><\/h4>\n<p>En este sentido, el Pont\u00edfice explica que este nombre nos revela \u201cun aspecto esencial de la personalidad de Jos\u00e9 de Nazaret. \u00c9l es un hombre lleno de fe en su providencia: cree en la providencia de Dios, tiene fe en la providencia de Dios\u201d. Por eso, a\u00f1ade, \u201ccada una de sus acciones, tal como se relata en el Evangelio, est\u00e1 dictada por la certeza de que Dios \u2018hace crecer\u2019, que Dios \u2018aumenta\u2019, que Dios \u2018a\u00f1ade\u2019, es decir, que Dios &#8216;dispone la continuaci\u00f3n de su plan de salvaci\u00f3n. Y en esto, Jos\u00e9 de Nazaret se parece mucho a Jos\u00e9 de Egipto\u201d.<\/p>\n<p><img loading=\"lazy\" decoding=\"async\" class=\"size-medium wp-image-40396 alignleft\" src=\"https:\/\/exaudi.wpengine.com\/wp-content\/uploads\/2021\/11\/cq5dam.web_.800.800-18-1-300x200.jpeg\" alt=\"\" width=\"300\" height=\"200\" \/>En segundo lugar, el Obispo de Roma explica las principales referencias geogr\u00e1ficas que se refieren a Jos\u00e9, \u201cBel\u00e9n y Nazaret, asumen un papel importante en la comprensi\u00f3n de su figura. De hecho, no es casualidad que, \u201ccuando naci\u00f3 Jes\u00fas, los pastores fueran los primeros testigos del acontecimiento\u201d.<\/p>\n<h4><strong>Jes\u00fas y Jos\u00e9: nacidos en la \u2018periferia\u2019<\/strong><\/h4>\n<p><img loading=\"lazy\" decoding=\"async\" class=\"alignright wp-image-40373 size-medium\" src=\"https:\/\/exaudi.wpengine.com\/wp-content\/uploads\/2021\/11\/cq5dam.web_.800.800-18-300x200.jpeg\" alt=\"Se\u00f1or periferias coraz\u00f3n\" width=\"300\" height=\"200\" \/>En este sentido, el Papa remarca que el Hijo de Dios \u201cno eligi\u00f3 Jerusal\u00e9n como lugar de su encarnaci\u00f3n, sino Bel\u00e9n y Nazaret, dos pueblos perif\u00e9ricos, alejados del clamor de las noticias y del poder del tiempo\u201d. Sobre esto, Francisco explica que la elecci\u00f3n de estas dos ciudades transmite que \u201cla periferia y la marginalidad son predilectas de Dios\u201d. Por eso, \u201cJes\u00fas no nace en Jerusal\u00e9n con toda la corte, nace en una periferia\u201d, donde pas\u00f3 su vida, hasta los 30 a\u00f1os, trabajando \u201ccomo carpintero, como Jos\u00e9\u201d.<\/p>\n<p>Por tanto, para Jes\u00fas, \u201clas periferias y las marginalidades son predilectas\u201d y \u201cno tomar en serio esta realidad equivale a no tomar en serio el Evangelio y la obra de Dios, que sigue manifest\u00e1ndose en las periferias geogr\u00e1ficas y existenciales\u201d. El Se\u00f1or \u201ccontin\u00faa manifest\u00e1ndose en las periferias, tanto en las geogr\u00e1ficas, como en las existenciales\u201d, en particular, \u201cJes\u00fas va en busca de los pecadores, entra en sus casas, les habla, los llama a la conversi\u00f3n\u201d.<\/p>\n<h4><strong>\u201cEl Se\u00f1or conoce las periferias de nuestro coraz\u00f3n\u201d<\/strong><\/h4>\n<p>\u201cSiempre Jes\u00fas va hacia las periferias\u201d, insiste el Pont\u00edfice, \u201cy esto nos debe dar mucha confianza, porque el Se\u00f1or conoce las periferias de nuestro coraz\u00f3n, las periferias de nuestra alma, las periferias de nuestra sociedad, de nuestra ciudad, de nuestra familia, es decir, esa parte un poco oscura que no dejamos ver, tal vez por verg\u00fcenza\u201d.<\/p>\n<p><img loading=\"lazy\" decoding=\"async\" class=\"alignleft wp-image-40358 size-medium\" src=\"https:\/\/exaudi.wpengine.com\/wp-content\/uploads\/2021\/11\/cq5dam.web_.800.800-5-4-300x200.jpeg\" alt=\"\" width=\"300\" height=\"200\" \/>Para finalizar, Francisco, hace referencia a que la sociedad de aquella \u00e9poca \u201cno es muy diferente de la nuestra\u201d y sostiene que hoy tambi\u00e9n \u201chay un centro y una periferia\u201d. Por eso la Iglesia sabe que est\u00e1 llamada a \u201canunciar la buena nueva a partir de las periferias\u201d.<\/p>\n<p>Hoy, Jos\u00e9, nos ense\u00f1a: \u201ca no mirar tanto a las cosas que el mundo alaba, a mirar los \u00e1ngulos, a mirar las sombras, a mirar las periferias, lo que el mundo no quiere\u201d y nos recuerda a cada uno de nosotros que \u201cdebemos dar importancia a lo que otros descartan\u201d. En este sentido, San Jos\u00e9, \u201ces un verdadero maestro de lo esencial: nos recuerda que lo realmente valioso no llama nuestra atenci\u00f3n, sino que requiere un paciente discernimiento para ser descubierto y valorado. Descubrir lo que vale\u201d, concluye.<\/p>\n<p>Antes de terminar, el Papa Francisco envi\u00f3 un mensaje \u201ca todos los hombres y mujeres que viven en las periferias geogr\u00e1ficas m\u00e1s olvidadas del mundo o que viven situaciones de marginalidad existencial\u201d: \u201cQue puedan encontrar en san Jos\u00e9 el testigo y el protector al que mirar\u201d, proponiendo rezar una oraci\u00f3n (ofrecida al final de este art\u00edculo) \u201c\u2019hecha en casa\u2019, pero que ha salido del coraz\u00f3n\u201d.<\/p>\n<p>A continuaci\u00f3n, sigue la catequesis completa del Santo Padre ofrecida por la Oficina de Prensa de la Santa Sede.<\/p>\n<p>***<\/p>\n<h4><strong>Catequesis 15.<em>\u00a0No nos dejemos vencer por el cansancio<\/em><\/strong><\/h4>\n<p><em>Queridos hermanos y hermanas, \u00a1buenos d\u00edas!<\/em><\/p>\n<p><img loading=\"lazy\" decoding=\"async\" class=\"alignright wp-image-40370 size-medium\" src=\"https:\/\/exaudi.wpengine.com\/wp-content\/uploads\/2021\/11\/cq5dam.web_.800.800-1-3-300x200.jpeg\" alt=\"Se\u00f1or periferias coraz\u00f3n\" width=\"300\" height=\"200\" \/>El 8 de diciembre de 1870, el beato\u00a0<a href=\"https:\/\/www.vatican.va\/content\/pius-ix\/es.html\">P\u00edo IX<\/a>\u00a0proclam\u00f3 a san Jos\u00e9 patr\u00f3n de la Iglesia universal. Ahora, 150 a\u00f1os despu\u00e9s de aquel acontecimiento, estamos viviendo un a\u00f1o especial dedicado a san Jos\u00e9, y en la Carta Apost\u00f3lica\u00a0<em><a href=\"https:\/\/exaudi.org\/es\/san-jose-carta-papa-francisco\/\" target=\"_blank\" rel=\"noopener\">Patris corde<\/a>\u00a0<\/em>he recogido algunas reflexiones sobre su figura. Nunca antes como hoy, en este tiempo marcado por una crisis global con diferentes componentes, puede servirnos de apoyo, consuelo y gu\u00eda. Por eso he decidido dedicarle una serie de catequesis, que espero nos ayuden a dejarnos iluminar por su ejemplo y su testimonio. Durante algunas semanas hablaremos de san Jos\u00e9.<\/p>\n<p>En la Biblia hay m\u00e1s de diez personajes que llevan el nombre de Jos\u00e9. El m\u00e1s importante de ellos es el hijo de Jacob y Raquel, que, a trav\u00e9s de diversas peripecias, pas\u00f3 de ser un esclavo a convertirse en la segunda persona m\u00e1s importante de Egipto despu\u00e9s del fara\u00f3n (cf.\u00a0<em>Gn<\/em>\u00a037-50). El nombre Jos\u00e9 en hebreo significa \u201cque Dios acreciente. Que Dios haga crecer\u201d. Es un deseo, una bendici\u00f3n fundada en la confianza en la providencia y referida especialmente a la fecundidad y al crecimiento de los hijos. De hecho, precisamente este nombre nos revela un aspecto esencial de la personalidad de Jos\u00e9 de Nazaret. \u00c9l es un hombre lleno de fe en su providencia: cree en la providencia de Dios, tiene fe en la providencia de Dios. Cada una de sus acciones, tal como se relata en el Evangelio, est\u00e1 dictada por la certeza de que Dios \u201chace crecer\u201d, que Dios \u201caumenta\u201d, que Dios \u201ca\u00f1ade\u201d, es decir, que Dios dispone la continuaci\u00f3n de su plan de salvaci\u00f3n. Y en esto, Jos\u00e9 de Nazaret se parece mucho a Jos\u00e9 de Egipto.<\/p>\n<p><img loading=\"lazy\" decoding=\"async\" class=\"alignleft wp-image-40361 size-medium\" src=\"https:\/\/exaudi.wpengine.com\/wp-content\/uploads\/2021\/11\/cq5dam.web_.800.800-1-2-300x200.jpeg\" alt=\"\" width=\"300\" height=\"200\" \/>Tambi\u00e9n las principales referencias geogr\u00e1ficas que se refieren a Jos\u00e9: Bel\u00e9n y Nazaret, asumen un papel importante en la comprensi\u00f3n de su figura.<\/p>\n<p>En el Antiguo Testamento la ciudad de Bel\u00e9n se llama con el nombre de\u00a0<em>Beth Lehem<\/em>, es decir, \u201cCasa del pan\u201d, o tambi\u00e9n Efrat\u00e1, por la tribu que se asent\u00f3 all\u00ed. En \u00e1rabe, en cambio, el nombre significa \u201cCasa de la carne\u201d, probablemente por el gran n\u00famero de reba\u00f1os de ovejas y cabras presentes en la zona. De hecho, no es casualidad que, cuando naci\u00f3 Jes\u00fas, los pastores fueran los primeros testigos del acontecimiento (cf.\u00a0<em>Lc<\/em>\u00a02,8-20). A la luz del relato de Jes\u00fas, estas alusiones al pan y a la carne remiten al misterio de la Eucarist\u00eda: Jes\u00fas es el pan vivo bajado del cielo (cf.\u00a0<em>Jn<\/em>\u00a06,51). \u00c9l mismo dir\u00e1 de s\u00ed: \u201cEl que come mi carne y bebe mi sangre, tiene vida eterna\u201d (<em>Jn<\/em>\u00a06,54).<\/p>\n<p>Bel\u00e9n se menciona varias veces en la Biblia, ya en el libro del G\u00e9nesis. Bel\u00e9n tambi\u00e9n est\u00e1 vinculada a la historia de Rut y Noem\u00ed, contada en el peque\u00f1o pero maravilloso Libro de Rut. Rut dio a luz a un hijo llamado Obed, que a su vez dio a luz a Jes\u00e9, el padre del rey David. Y fue de la l\u00ednea de David de donde provino Jos\u00e9, el padre legal de Jes\u00fas. El profeta Miqueas predijo grandes cosas sobre Bel\u00e9n: \u201cMas t\u00fa, Bel\u00e9n-Efrat\u00e1, aunque eres la menor entre las familias de Jud\u00e1, de ti me ha de salir aquel que ha de dominar en Israel\u201d (<em>Mi<\/em>\u00a05,1). El evangelista Mateo retomar\u00e1 esta profec\u00eda y la vincular\u00e1 a la historia de Jes\u00fas como su evidente cumplimiento.<\/p>\n<p><img loading=\"lazy\" decoding=\"async\" class=\"alignright wp-image-40379 size-medium\" src=\"https:\/\/exaudi.wpengine.com\/wp-content\/uploads\/2021\/11\/cq5dam.web_.800.800-19-300x200.jpeg\" alt=\"Se\u00f1or periferias coraz\u00f3n\" width=\"300\" height=\"200\" \/>De hecho, el Hijo de Dios no eligi\u00f3 Jerusal\u00e9n como lugar de su encarnaci\u00f3n, sino Bel\u00e9n y Nazaret, dos pueblos perif\u00e9ricos, alejados del clamor de las noticias y del poder del tiempo. Sin embargo, Jerusal\u00e9n era la ciudad amada por el Se\u00f1or (cf.\u00a0<em>Is<\/em>\u00a062,1-12), la \u201cciudad santa\u201d (<em>Dn<\/em>\u00a03,28), elegida por Dios para habitarla (cf.\u00a0<em>Zac<\/em>\u00a03,2; Sal 132,13). Aqu\u00ed, en efecto, habitaban los maestros de la Ley, los escribas y fariseos, los sumos sacerdotes y los ancianos del pueblo (cf.\u00a0<em>Lc<\/em>\u00a02,46;\u00a0<em>Mt<\/em>\u00a015,1;\u00a0<em>Mc<\/em>\u00a03,22;\u00a0<em>Jn<\/em>\u00a01,19;\u00a0<em>Mt<\/em>\u00a026,3).<\/p>\n<p>Por eso la elecci\u00f3n de Bel\u00e9n y Nazaret nos dice que la periferia y la marginalidad son predilectas de Dios. Jes\u00fas no nace en Jerusal\u00e9n con toda la corte\u2026 no: nace en una periferia y pas\u00f3 su vida, hasta los 30 a\u00f1os, en esa periferia, trabajando como carpintero, como Jos\u00e9. Para Jes\u00fas, las periferias y las marginalidades son predilectas. No tomar en serio esta realidad equivale a no tomar en serio el Evangelio y la obra de Dios, que sigue manifest\u00e1ndose en las periferias geogr\u00e1ficas y existenciales. El Se\u00f1or act\u00faa siempre a escondidas en las periferias, tambi\u00e9n en nuestra alma, en las periferias del alma, de los sentimientos, tal vez sentimientos de los que nos avergonzamos; pero el Se\u00f1or est\u00e1 ah\u00ed para ayudarnos a ir adelante. El Se\u00f1or contin\u00faa manifest\u00e1ndose en las periferias, tanto en las geogr\u00e1ficas, como en las existenciales. \u00a0En particular, Jes\u00fas va en busca de los pecadores, entra en sus casas, les habla, los llama a la conversi\u00f3n. \u00a0Y tambi\u00e9n se le reprende por ello: \u201cPero mira a este Maestro \u2014dicen los doctores de la ley\u2014 mira a este Maestro: come con los pecadores, se ensucia, va a buscar a aquellos que no han hecho el mal, pero lo han sufrido: los enfermos, los hambrientos, los pobres, los \u00faltimos. Siempre Jes\u00fas va hacia las periferias. Y esto nos debe dar mucha confianza, porque el Se\u00f1or conoce las periferias de nuestro coraz\u00f3n, las periferias de nuestra alma, las periferias de nuestra sociedad, de nuestra ciudad, de nuestra familia, es decir, esa parte un poco oscura que no dejamos ver, tal vez por verg\u00fcenza.<\/p>\n<p><img loading=\"lazy\" decoding=\"async\" class=\"size-medium wp-image-40393 alignleft\" src=\"https:\/\/exaudi.wpengine.com\/wp-content\/uploads\/2021\/11\/cq5dam.web_.800.800-17-1-300x200.jpeg\" alt=\"\" width=\"300\" height=\"200\" \/>Bajo este aspecto, la sociedad de aquella \u00e9poca no es muy diferente de la nuestra. Tambi\u00e9n hoy hay un centro y una periferia. Y la Iglesia sabe que est\u00e1 llamada a anunciar la buena nueva a partir de las periferias. Jos\u00e9, que es un carpintero de Nazaret y que conf\u00eda en el plan de Dios para su joven prometida y para \u00e9l mismo, recuerda a la Iglesia que debe fijar su mirada en lo que el mundo ignora deliberadamente. Hoy Jos\u00e9 nos ense\u00f1a esto: \u201ca no mirar tanto a las cosas que el mundo alaba, a mirar los \u00e1ngulos, a mirar las sombras, a mirar las periferias, lo que el mundo no quiere\u201d. Nos recuerda a cada uno de nosotros que debemos dar importancia a lo que otros descartan. En este sentido, es un verdadero maestro de lo esencial: nos recuerda que lo realmente valioso no llama nuestra atenci\u00f3n, sino que requiere un paciente discernimiento para ser descubierto y valorado. Descubrir lo que vale.\u00a0 Pid\u00e1mosle que interceda para que toda la Iglesia recupere esta mirada, esta capacidad de discernir y esta capacidad de evaluar lo esencial. Volvamos a empezar desde Bel\u00e9n, volvamos a empezar desde Nazaret.<\/p>\n<p>Quisiera hoy enviar un mensaje a todos los hombres y mujeres que viven en las periferias geogr\u00e1ficas m\u00e1s olvidadas del mundo o que viven situaciones de marginalidad existencial. Que puedan encontrar en san Jos\u00e9 el testigo y el protector al que mirar. A \u00e9l podemos dirigirnos con esta oraci\u00f3n, oraci\u00f3n \u201checha en casa\u201d, pero que ha salido del coraz\u00f3n:<\/p>\n<p>San Jos\u00e9,<br \/>\nt\u00fa que siempre te has fiado de Dios,<br \/>\ny has tomado tus decisiones<br \/>\nguiado por su providencia,<br \/>\nens\u00e9\u00f1anos a no contar tanto en nuestros proyectos,<br \/>\nsino en su plan de amor.<br \/>\nT\u00fa que vienes de las periferias,<br \/>\nay\u00fadanos a convertir nuestra mirada<br \/>\ny a preferir lo que el mundo descarta y pone en los m\u00e1rgenes.<br \/>\nConforta a quien se siente solo<br \/>\nY sostiene a quien se empe\u00f1a en silencio<br \/>\nPor defender la vida y la dignidad humana. Am\u00e9n.<\/p>\n<p><strong>\u00a9 Librer\u00eda Editora Vaticana<\/strong><\/p>\n","protected":false},"excerpt":{"rendered":"<p>\u201cJes\u00fas no nace en Jerusal\u00e9n con toda la corte\u201d<\/p>\n","protected":false},"author":81,"featured_media":41085,"comment_status":"open","ping_status":"open","sticky":false,"template":"","format":"standard","meta":{"_acf_changed":false,"_crdt_document":"","inline_featured_image":false,"footnotes":""},"categories":[112,68],"tags":[168,182,2419,158,814],"class_list":["post-41075","post","type-post","status-publish","format-standard","has-post-thumbnail","hentry","category-audiencia-general","category-leon-xiv","tag-audiencia","tag-catequesis","tag-featured","tag-papa-francisco","tag-san-jose"],"acf":[],"yoast_head":"<!-- This site is optimized with the Yoast SEO plugin v27.4 - https:\/\/yoast.com\/product\/yoast-seo-wordpress\/ -->\n<title>\u201cEl Se\u00f1or conoce las periferias de nuestro coraz\u00f3n\u201d &#8211; Exaudi<\/title>\n<meta name=\"description\" content=\"&quot;El Se\u00f1or conoce las periferias de nuestro coraz\u00f3n, las periferias de nuestra alma, las periferias de nuestra sociedad (...), dice el Papa\" \/>\n<meta name=\"robots\" content=\"index, follow, max-snippet:-1, max-image-preview:large, max-video-preview:-1\" \/>\n<link rel=\"canonical\" href=\"https:\/\/exaudi.org\/es\/senor-conoce-periferias-de-nuestro-corazon\/\" \/>\n<meta property=\"og:locale\" content=\"es_ES\" \/>\n<meta property=\"og:type\" content=\"article\" \/>\n<meta property=\"og:title\" content=\"\u201cEl Se\u00f1or conoce las periferias de nuestro coraz\u00f3n\u201d &#8211; Exaudi\" \/>\n<meta property=\"og:description\" content=\"&quot;El Se\u00f1or conoce las periferias de nuestro coraz\u00f3n, las periferias de nuestra alma, las periferias de nuestra sociedad (...), dice el Papa\" \/>\n<meta property=\"og:url\" content=\"https:\/\/exaudi.org\/es\/senor-conoce-periferias-de-nuestro-corazon\/\" \/>\n<meta property=\"og:site_name\" content=\"Exaudi\" \/>\n<meta property=\"article:publisher\" content=\"https:\/\/www.facebook.com\/ExaudiNews\" \/>\n<meta property=\"article:published_time\" content=\"2021-11-17T12:22:23+00:00\" \/>\n<meta property=\"og:image\" content=\"https:\/\/exaudi.org\/wp-content\/uploads\/2021\/11\/cq5dam.web_.800.800-6-2.jpeg\" \/>\n\t<meta property=\"og:image:width\" content=\"800\" \/>\n\t<meta property=\"og:image:height\" content=\"533\" \/>\n\t<meta property=\"og:image:type\" content=\"image\/jpeg\" \/>\n<meta name=\"author\" content=\"Alba Montalvo\" \/>\n<meta name=\"twitter:card\" content=\"summary_large_image\" \/>\n<meta name=\"twitter:creator\" content=\"@Exaudi_News\" \/>\n<meta name=\"twitter:site\" content=\"@Exaudi_News\" \/>\n<meta name=\"twitter:label1\" content=\"Escrito por\" \/>\n\t<meta name=\"twitter:data1\" content=\"Alba Montalvo\" \/>\n\t<meta name=\"twitter:label2\" content=\"Tiempo de lectura\" \/>\n\t<meta name=\"twitter:data2\" content=\"12 minutos\" \/>\n<script type=\"application\/ld+json\" class=\"yoast-schema-graph\">{\"@context\":\"https:\\\/\\\/schema.org\",\"@graph\":[{\"@type\":\"Article\",\"@id\":\"https:\\\/\\\/exaudi.org\\\/es\\\/senor-conoce-periferias-de-nuestro-corazon\\\/#article\",\"isPartOf\":{\"@id\":\"https:\\\/\\\/exaudi.org\\\/es\\\/senor-conoce-periferias-de-nuestro-corazon\\\/\"},\"author\":{\"name\":\"Alba Montalvo\",\"@id\":\"https:\\\/\\\/exaudi.org\\\/#\\\/schema\\\/person\\\/fc7b3cbb6f4d66ebcb53bf601d7b7eb1\"},\"headline\":\"\u201cEl Se\u00f1or conoce las periferias de nuestro coraz\u00f3n\u201d\",\"datePublished\":\"2021-11-17T12:22:23+00:00\",\"mainEntityOfPage\":{\"@id\":\"https:\\\/\\\/exaudi.org\\\/es\\\/senor-conoce-periferias-de-nuestro-corazon\\\/\"},\"wordCount\":2272,\"commentCount\":0,\"image\":{\"@id\":\"https:\\\/\\\/exaudi.org\\\/es\\\/senor-conoce-periferias-de-nuestro-corazon\\\/#primaryimage\"},\"thumbnailUrl\":\"https:\\\/\\\/exaudi.org\\\/wp-content\\\/uploads\\\/2021\\\/11\\\/cq5dam.web_.800.800-6-2.jpeg\",\"keywords\":[\"audiencia\",\"catequesis\",\"Featured\",\"papa francisco\",\"San Jos\u00e9\"],\"articleSection\":[\"Audiencia General\",\"Le\u00f3n XIV\"],\"inLanguage\":\"es\",\"potentialAction\":[{\"@type\":\"CommentAction\",\"name\":\"Comment\",\"target\":[\"https:\\\/\\\/exaudi.org\\\/es\\\/senor-conoce-periferias-de-nuestro-corazon\\\/#respond\"]}]},{\"@type\":\"WebPage\",\"@id\":\"https:\\\/\\\/exaudi.org\\\/es\\\/senor-conoce-periferias-de-nuestro-corazon\\\/\",\"url\":\"https:\\\/\\\/exaudi.org\\\/es\\\/senor-conoce-periferias-de-nuestro-corazon\\\/\",\"name\":\"\u201cEl Se\u00f1or conoce las periferias de nuestro coraz\u00f3n\u201d &#8211; Exaudi\",\"isPartOf\":{\"@id\":\"https:\\\/\\\/exaudi.org\\\/#website\"},\"primaryImageOfPage\":{\"@id\":\"https:\\\/\\\/exaudi.org\\\/es\\\/senor-conoce-periferias-de-nuestro-corazon\\\/#primaryimage\"},\"image\":{\"@id\":\"https:\\\/\\\/exaudi.org\\\/es\\\/senor-conoce-periferias-de-nuestro-corazon\\\/#primaryimage\"},\"thumbnailUrl\":\"https:\\\/\\\/exaudi.org\\\/wp-content\\\/uploads\\\/2021\\\/11\\\/cq5dam.web_.800.800-6-2.jpeg\",\"datePublished\":\"2021-11-17T12:22:23+00:00\",\"author\":{\"@id\":\"https:\\\/\\\/exaudi.org\\\/#\\\/schema\\\/person\\\/fc7b3cbb6f4d66ebcb53bf601d7b7eb1\"},\"description\":\"\\\"El Se\u00f1or conoce las periferias de nuestro coraz\u00f3n, las periferias de nuestra alma, las periferias de nuestra sociedad (...), dice el Papa\",\"breadcrumb\":{\"@id\":\"https:\\\/\\\/exaudi.org\\\/es\\\/senor-conoce-periferias-de-nuestro-corazon\\\/#breadcrumb\"},\"inLanguage\":\"es\",\"potentialAction\":[{\"@type\":\"ReadAction\",\"target\":[\"https:\\\/\\\/exaudi.org\\\/es\\\/senor-conoce-periferias-de-nuestro-corazon\\\/\"]}]},{\"@type\":\"ImageObject\",\"inLanguage\":\"es\",\"@id\":\"https:\\\/\\\/exaudi.org\\\/es\\\/senor-conoce-periferias-de-nuestro-corazon\\\/#primaryimage\",\"url\":\"https:\\\/\\\/exaudi.org\\\/wp-content\\\/uploads\\\/2021\\\/11\\\/cq5dam.web_.800.800-6-2.jpeg\",\"contentUrl\":\"https:\\\/\\\/exaudi.org\\\/wp-content\\\/uploads\\\/2021\\\/11\\\/cq5dam.web_.800.800-6-2.jpeg\",\"width\":800,\"height\":533,\"caption\":\"Audiencia general, 17 nov. 2021 \u00a9 Vatican Media\"},{\"@type\":\"BreadcrumbList\",\"@id\":\"https:\\\/\\\/exaudi.org\\\/es\\\/senor-conoce-periferias-de-nuestro-corazon\\\/#breadcrumb\",\"itemListElement\":[{\"@type\":\"ListItem\",\"position\":1,\"name\":\"Portada\",\"item\":\"https:\\\/\\\/exaudi.org\\\/es\\\/\"},{\"@type\":\"ListItem\",\"position\":2,\"name\":\"\u201cEl Se\u00f1or conoce las periferias de nuestro coraz\u00f3n\u201d\"}]},{\"@type\":\"WebSite\",\"@id\":\"https:\\\/\\\/exaudi.org\\\/#website\",\"url\":\"https:\\\/\\\/exaudi.org\\\/\",\"name\":\"Exaudi\",\"description\":\"News\",\"potentialAction\":[{\"@type\":\"SearchAction\",\"target\":{\"@type\":\"EntryPoint\",\"urlTemplate\":\"https:\\\/\\\/exaudi.org\\\/?s={search_term_string}\"},\"query-input\":{\"@type\":\"PropertyValueSpecification\",\"valueRequired\":true,\"valueName\":\"search_term_string\"}}],\"inLanguage\":\"es\"},{\"@type\":\"Person\",\"@id\":\"https:\\\/\\\/exaudi.org\\\/#\\\/schema\\\/person\\\/fc7b3cbb6f4d66ebcb53bf601d7b7eb1\",\"name\":\"Alba Montalvo\",\"image\":{\"@type\":\"ImageObject\",\"inLanguage\":\"es\",\"@id\":\"https:\\\/\\\/secure.gravatar.com\\\/avatar\\\/1e8c522219a5df52d143b7baf13997ffd4f1814ca862efe7af11a13849275021?s=96&d=mm&r=g\",\"url\":\"https:\\\/\\\/secure.gravatar.com\\\/avatar\\\/1e8c522219a5df52d143b7baf13997ffd4f1814ca862efe7af11a13849275021?s=96&d=mm&r=g\",\"contentUrl\":\"https:\\\/\\\/secure.gravatar.com\\\/avatar\\\/1e8c522219a5df52d143b7baf13997ffd4f1814ca862efe7af11a13849275021?s=96&d=mm&r=g\",\"caption\":\"Alba Montalvo\"},\"description\":\"Licenciada en Periodismo y M\u00e1ster en Periodismo Social. Mi trayectoria profesional ha estado siempre vinculada al \u00e1mbito de la comunicaci\u00f3n en el entorno digital. He trabajado como productora, gestora de contenidos estrat\u00e9gicos para redes y entrevistadora en la Fundaci\u00f3n Mater Mundi TV. Madrile\u00f1a de nacimiento, actualmente vivo en M\u00e1laga.\",\"url\":\"https:\\\/\\\/exaudi.org\\\/es\\\/author\\\/amontalvoexaudi-org\\\/\"}]}<\/script>\n<!-- \/ Yoast SEO plugin. -->","yoast_head_json":{"title":"\u201cEl Se\u00f1or conoce las periferias de nuestro coraz\u00f3n\u201d &#8211; Exaudi","description":"\"El Se\u00f1or conoce las periferias de nuestro coraz\u00f3n, las periferias de nuestra alma, las periferias de nuestra sociedad (...), dice el Papa","robots":{"index":"index","follow":"follow","max-snippet":"max-snippet:-1","max-image-preview":"max-image-preview:large","max-video-preview":"max-video-preview:-1"},"canonical":"https:\/\/exaudi.org\/es\/senor-conoce-periferias-de-nuestro-corazon\/","og_locale":"es_ES","og_type":"article","og_title":"\u201cEl Se\u00f1or conoce las periferias de nuestro coraz\u00f3n\u201d &#8211; Exaudi","og_description":"\"El Se\u00f1or conoce las periferias de nuestro coraz\u00f3n, las periferias de nuestra alma, las periferias de nuestra sociedad (...), dice el Papa","og_url":"https:\/\/exaudi.org\/es\/senor-conoce-periferias-de-nuestro-corazon\/","og_site_name":"Exaudi","article_publisher":"https:\/\/www.facebook.com\/ExaudiNews","article_published_time":"2021-11-17T12:22:23+00:00","og_image":[{"width":800,"height":533,"url":"https:\/\/exaudi.org\/wp-content\/uploads\/2021\/11\/cq5dam.web_.800.800-6-2.jpeg","type":"image\/jpeg"}],"author":"Alba Montalvo","twitter_card":"summary_large_image","twitter_creator":"@Exaudi_News","twitter_site":"@Exaudi_News","twitter_misc":{"Escrito por":"Alba Montalvo","Tiempo de lectura":"12 minutos"},"schema":{"@context":"https:\/\/schema.org","@graph":[{"@type":"Article","@id":"https:\/\/exaudi.org\/es\/senor-conoce-periferias-de-nuestro-corazon\/#article","isPartOf":{"@id":"https:\/\/exaudi.org\/es\/senor-conoce-periferias-de-nuestro-corazon\/"},"author":{"name":"Alba Montalvo","@id":"https:\/\/exaudi.org\/#\/schema\/person\/fc7b3cbb6f4d66ebcb53bf601d7b7eb1"},"headline":"\u201cEl Se\u00f1or conoce las periferias de nuestro coraz\u00f3n\u201d","datePublished":"2021-11-17T12:22:23+00:00","mainEntityOfPage":{"@id":"https:\/\/exaudi.org\/es\/senor-conoce-periferias-de-nuestro-corazon\/"},"wordCount":2272,"commentCount":0,"image":{"@id":"https:\/\/exaudi.org\/es\/senor-conoce-periferias-de-nuestro-corazon\/#primaryimage"},"thumbnailUrl":"https:\/\/exaudi.org\/wp-content\/uploads\/2021\/11\/cq5dam.web_.800.800-6-2.jpeg","keywords":["audiencia","catequesis","Featured","papa francisco","San Jos\u00e9"],"articleSection":["Audiencia General","Le\u00f3n XIV"],"inLanguage":"es","potentialAction":[{"@type":"CommentAction","name":"Comment","target":["https:\/\/exaudi.org\/es\/senor-conoce-periferias-de-nuestro-corazon\/#respond"]}]},{"@type":"WebPage","@id":"https:\/\/exaudi.org\/es\/senor-conoce-periferias-de-nuestro-corazon\/","url":"https:\/\/exaudi.org\/es\/senor-conoce-periferias-de-nuestro-corazon\/","name":"\u201cEl Se\u00f1or conoce las periferias de nuestro coraz\u00f3n\u201d &#8211; Exaudi","isPartOf":{"@id":"https:\/\/exaudi.org\/#website"},"primaryImageOfPage":{"@id":"https:\/\/exaudi.org\/es\/senor-conoce-periferias-de-nuestro-corazon\/#primaryimage"},"image":{"@id":"https:\/\/exaudi.org\/es\/senor-conoce-periferias-de-nuestro-corazon\/#primaryimage"},"thumbnailUrl":"https:\/\/exaudi.org\/wp-content\/uploads\/2021\/11\/cq5dam.web_.800.800-6-2.jpeg","datePublished":"2021-11-17T12:22:23+00:00","author":{"@id":"https:\/\/exaudi.org\/#\/schema\/person\/fc7b3cbb6f4d66ebcb53bf601d7b7eb1"},"description":"\"El Se\u00f1or conoce las periferias de nuestro coraz\u00f3n, las periferias de nuestra alma, las periferias de nuestra sociedad (...), dice el Papa","breadcrumb":{"@id":"https:\/\/exaudi.org\/es\/senor-conoce-periferias-de-nuestro-corazon\/#breadcrumb"},"inLanguage":"es","potentialAction":[{"@type":"ReadAction","target":["https:\/\/exaudi.org\/es\/senor-conoce-periferias-de-nuestro-corazon\/"]}]},{"@type":"ImageObject","inLanguage":"es","@id":"https:\/\/exaudi.org\/es\/senor-conoce-periferias-de-nuestro-corazon\/#primaryimage","url":"https:\/\/exaudi.org\/wp-content\/uploads\/2021\/11\/cq5dam.web_.800.800-6-2.jpeg","contentUrl":"https:\/\/exaudi.org\/wp-content\/uploads\/2021\/11\/cq5dam.web_.800.800-6-2.jpeg","width":800,"height":533,"caption":"Audiencia general, 17 nov. 2021 \u00a9 Vatican Media"},{"@type":"BreadcrumbList","@id":"https:\/\/exaudi.org\/es\/senor-conoce-periferias-de-nuestro-corazon\/#breadcrumb","itemListElement":[{"@type":"ListItem","position":1,"name":"Portada","item":"https:\/\/exaudi.org\/es\/"},{"@type":"ListItem","position":2,"name":"\u201cEl Se\u00f1or conoce las periferias de nuestro coraz\u00f3n\u201d"}]},{"@type":"WebSite","@id":"https:\/\/exaudi.org\/#website","url":"https:\/\/exaudi.org\/","name":"Exaudi","description":"News","potentialAction":[{"@type":"SearchAction","target":{"@type":"EntryPoint","urlTemplate":"https:\/\/exaudi.org\/?s={search_term_string}"},"query-input":{"@type":"PropertyValueSpecification","valueRequired":true,"valueName":"search_term_string"}}],"inLanguage":"es"},{"@type":"Person","@id":"https:\/\/exaudi.org\/#\/schema\/person\/fc7b3cbb6f4d66ebcb53bf601d7b7eb1","name":"Alba Montalvo","image":{"@type":"ImageObject","inLanguage":"es","@id":"https:\/\/secure.gravatar.com\/avatar\/1e8c522219a5df52d143b7baf13997ffd4f1814ca862efe7af11a13849275021?s=96&d=mm&r=g","url":"https:\/\/secure.gravatar.com\/avatar\/1e8c522219a5df52d143b7baf13997ffd4f1814ca862efe7af11a13849275021?s=96&d=mm&r=g","contentUrl":"https:\/\/secure.gravatar.com\/avatar\/1e8c522219a5df52d143b7baf13997ffd4f1814ca862efe7af11a13849275021?s=96&d=mm&r=g","caption":"Alba Montalvo"},"description":"Licenciada en Periodismo y M\u00e1ster en Periodismo Social. Mi trayectoria profesional ha estado siempre vinculada al \u00e1mbito de la comunicaci\u00f3n en el entorno digital. He trabajado como productora, gestora de contenidos estrat\u00e9gicos para redes y entrevistadora en la Fundaci\u00f3n Mater Mundi TV. Madrile\u00f1a de nacimiento, actualmente vivo en M\u00e1laga.","url":"https:\/\/exaudi.org\/es\/author\/amontalvoexaudi-org\/"}]}},"jetpack_featured_media_url":"https:\/\/exaudi.org\/wp-content\/uploads\/2021\/11\/cq5dam.web_.800.800-6-2.jpeg","jetpack_shortlink":"https:\/\/wp.me\/pgKjF2-aGv","_links":{"self":[{"href":"https:\/\/exaudi.org\/es\/wp-json\/wp\/v2\/posts\/41075","targetHints":{"allow":["GET"]}}],"collection":[{"href":"https:\/\/exaudi.org\/es\/wp-json\/wp\/v2\/posts"}],"about":[{"href":"https:\/\/exaudi.org\/es\/wp-json\/wp\/v2\/types\/post"}],"author":[{"embeddable":true,"href":"https:\/\/exaudi.org\/es\/wp-json\/wp\/v2\/users\/81"}],"replies":[{"embeddable":true,"href":"https:\/\/exaudi.org\/es\/wp-json\/wp\/v2\/comments?post=41075"}],"version-history":[{"count":0,"href":"https:\/\/exaudi.org\/es\/wp-json\/wp\/v2\/posts\/41075\/revisions"}],"wp:featuredmedia":[{"embeddable":true,"href":"https:\/\/exaudi.org\/es\/wp-json\/wp\/v2\/media\/41085"}],"wp:attachment":[{"href":"https:\/\/exaudi.org\/es\/wp-json\/wp\/v2\/media?parent=41075"}],"wp:term":[{"taxonomy":"category","embeddable":true,"href":"https:\/\/exaudi.org\/es\/wp-json\/wp\/v2\/categories?post=41075"},{"taxonomy":"post_tag","embeddable":true,"href":"https:\/\/exaudi.org\/es\/wp-json\/wp\/v2\/tags?post=41075"}],"curies":[{"name":"wp","href":"https:\/\/api.w.org\/{rel}","templated":true}]}}