{"id":41027,"date":"2021-11-17T09:25:01","date_gmt":"2021-11-17T08:25:01","guid":{"rendered":"https:\/\/exaudi.wpengine.com\/papa-francisco-san-jose-un-hombre-de-fe\/"},"modified":"2021-11-17T09:25:01","modified_gmt":"2021-11-17T08:25:01","slug":"papa-francisco-san-jose-un-hombre-de-fe","status":"publish","type":"post","link":"https:\/\/exaudi.org\/es\/papa-francisco-san-jose-un-hombre-de-fe\/","title":{"rendered":"Papa Francisco: San Jos\u00e9, \u201cun hombre de fe\u201d"},"content":{"rendered":"<p>El Papa Francisco ha resaltado \u201cun rasgo que distingue a san Jos\u00e9: es un hombre de fe, que conf\u00eda en los designios y en la providencia de Dios\u201d.<\/p>\n<p>Durante la audiencia general de hoy, mi\u00e9rcoles 17 de noviembre de 2021, el Santo Padre ha iniciado un nuevo ciclo de <a href=\"https:\/\/exaudi.org\/es\/senor-conoce-periferias-de-nuestro-corazon\/\" target=\"_blank\" rel=\"noopener\">catequesis<\/a>, centrando su meditaci\u00f3n en san Jos\u00e9 sobre el tema: \u201cSan Jos\u00e9 y el ambiente en el que el vivi\u00f3\u201d (cf. Lectura: Mi 5,1.2-3.4).<\/p>\n<h4><strong>San Jos\u00e9, un \u201chombre de fe\u201d<\/strong><\/h4>\n<p>Francisco explic\u00f3 c\u00f3mo hoy comienza la serie de catequesis, \u201cesta vez referidas a san Jos\u00e9\u201d, pues, \u201cestamos viviendo un A\u00f1o especialmente dedicado a \u00e9l\u201d con motivo del 150\u00ba aniversario de su proclamaci\u00f3n como patrono de la Iglesia universal. De este modo, ha remitido a la <a href=\"https:\/\/www.vatican.va\/content\/francesco\/es\/apost_letters\/documents\/papa-francesco-lettera-ap_20201208_patris-corde.html\">Carta apost\u00f3lica <em>Patris Corde<\/em><\/a> en la que recoge algunas reflexiones sobre \u00e9l. \u201cEspero que, en este tiempo de crisis global que estamos viviendo, nos confiemos a su intercesi\u00f3n, y su ejemplo nos edifique y nos gu\u00ede cada d\u00eda\u201d, indic\u00f3.<\/p>\n<p>El Papa describe c\u00f3mo en la Biblia \u201chay m\u00e1s de diez personajes con el nombre de Jos\u00e9, que en hebreo significa \u2018que Dios haga crecer\u2019\u201d. Este detalle, contin\u00faa, \u201cnos permite reconocer un rasgo que distingue a san Jos\u00e9: es un hombre de fe, que conf\u00eda en los designios y en la providencia de Dios\u201d.<\/p>\n<h4><strong>Discernir y valorar lo esencial<\/strong><\/h4>\n<p>Otro aspecto de su figura, a\u00f1ade, \u201cson las principales referencias geogr\u00e1ficas de su vida, Bel\u00e9n y Nazaret, que eran dos lugares perif\u00e9ricos\u201d. Esto, \u201cnos recuerda que tenemos que estar atentos a lo que el mundo ignora, y recuperar una mirada que sepa discernir y valorar lo esencial\u201d.<\/p>\n<p>Finalmente, al saludar a los peregrinos de lengua espa\u00f1ola, el Obispo de Roma se refiri\u00f3 con especial atenci\u00f3n \u201ca todos los hombres y mujeres que viven en las periferias m\u00e1s olvidadas y que atraviesan situaciones de marginalidad\u201d. \u201cQue san Jos\u00e9 los proteja, y no se olviden de acudir a \u00e9l en todo momento con confianza y amor filial\u201d, concluy\u00f3.<\/p>\n","protected":false},"excerpt":{"rendered":"<p>Resumen de las palabras del Santo Padre en espa\u00f1ol<\/p>\n","protected":false},"author":81,"featured_media":41028,"comment_status":"open","ping_status":"open","sticky":false,"template":"","format":"standard","meta":{"_acf_changed":false,"_crdt_document":"","inline_featured_image":false,"footnotes":""},"categories":[112,68,298],"tags":[179,158],"class_list":["post-41027","post","type-post","status-publish","format-standard","has-post-thumbnail","hentry","category-audiencia-general","category-leon-xiv","category-ultimas-noticias","tag-audiencia-general","tag-papa-francisco"],"acf":[],"yoast_head":"<!-- This site is optimized with the Yoast SEO plugin v27.5 - https:\/\/yoast.com\/product\/yoast-seo-wordpress\/ -->\n<title>Papa Francisco: San Jos\u00e9, \u201cun hombre de fe\u201d &#8211; Exaudi<\/title>\n<meta name=\"description\" content=\"El Papa Francisco resalt\u00f3 \u201cun rasgo que distingue a san Jos\u00e9: es un hombre de fe, que conf\u00eda en los designios y en la providencia de Dios\u201d.\" \/>\n<meta name=\"robots\" content=\"index, follow, max-snippet:-1, max-image-preview:large, max-video-preview:-1\" \/>\n<link rel=\"canonical\" href=\"https:\/\/exaudi.org\/es\/papa-francisco-san-jose-un-hombre-de-fe\/\" \/>\n<meta property=\"og:locale\" content=\"es_ES\" \/>\n<meta property=\"og:type\" content=\"article\" \/>\n<meta property=\"og:title\" content=\"Papa Francisco: San Jos\u00e9, \u201cun hombre de fe\u201d &#8211; Exaudi\" \/>\n<meta property=\"og:description\" content=\"El Papa Francisco resalt\u00f3 \u201cun rasgo que distingue a san Jos\u00e9: es un hombre de fe, que conf\u00eda en los designios y en la providencia de Dios\u201d.\" \/>\n<meta property=\"og:url\" content=\"https:\/\/exaudi.org\/es\/papa-francisco-san-jose-un-hombre-de-fe\/\" \/>\n<meta property=\"og:site_name\" content=\"Exaudi\" \/>\n<meta property=\"article:publisher\" content=\"https:\/\/www.facebook.com\/ExaudiNews\" \/>\n<meta property=\"article:published_time\" content=\"2021-11-17T08:25:01+00:00\" \/>\n<meta property=\"og:image\" content=\"https:\/\/exaudi.org\/wp-content\/uploads\/2021\/11\/Audiencia-general-27-octubre-2021.jpeg\" \/>\n\t<meta property=\"og:image:width\" content=\"800\" \/>\n\t<meta property=\"og:image:height\" content=\"534\" \/>\n\t<meta property=\"og:image:type\" content=\"image\/jpeg\" \/>\n<meta name=\"author\" content=\"Alba Montalvo\" \/>\n<meta name=\"twitter:card\" content=\"summary_large_image\" \/>\n<meta name=\"twitter:creator\" content=\"@Exaudi_News\" \/>\n<meta name=\"twitter:site\" content=\"@Exaudi_News\" \/>\n<meta name=\"twitter:label1\" content=\"Escrito por\" \/>\n\t<meta name=\"twitter:data1\" content=\"Alba Montalvo\" \/>\n\t<meta name=\"twitter:label2\" content=\"Tiempo de lectura\" \/>\n\t<meta name=\"twitter:data2\" content=\"2 minutos\" \/>\n<script type=\"application\/ld+json\" class=\"yoast-schema-graph\">{\"@context\":\"https:\\\/\\\/schema.org\",\"@graph\":[{\"@type\":\"Article\",\"@id\":\"https:\\\/\\\/exaudi.org\\\/es\\\/papa-francisco-san-jose-un-hombre-de-fe\\\/#article\",\"isPartOf\":{\"@id\":\"https:\\\/\\\/exaudi.org\\\/es\\\/papa-francisco-san-jose-un-hombre-de-fe\\\/\"},\"author\":{\"name\":\"Alba Montalvo\",\"@id\":\"https:\\\/\\\/exaudi.org\\\/#\\\/schema\\\/person\\\/fc7b3cbb6f4d66ebcb53bf601d7b7eb1\"},\"headline\":\"Papa Francisco: San Jos\u00e9, \u201cun hombre de fe\u201d\",\"datePublished\":\"2021-11-17T08:25:01+00:00\",\"mainEntityOfPage\":{\"@id\":\"https:\\\/\\\/exaudi.org\\\/es\\\/papa-francisco-san-jose-un-hombre-de-fe\\\/\"},\"wordCount\":354,\"commentCount\":0,\"image\":{\"@id\":\"https:\\\/\\\/exaudi.org\\\/es\\\/papa-francisco-san-jose-un-hombre-de-fe\\\/#primaryimage\"},\"thumbnailUrl\":\"https:\\\/\\\/exaudi.org\\\/wp-content\\\/uploads\\\/2021\\\/11\\\/Audiencia-general-27-octubre-2021.jpeg\",\"keywords\":[\"audiencia general\",\"papa francisco\"],\"articleSection\":[\"Audiencia General\",\"Le\u00f3n XIV\",\"\u00daltimas noticias\"],\"inLanguage\":\"es\",\"potentialAction\":[{\"@type\":\"CommentAction\",\"name\":\"Comment\",\"target\":[\"https:\\\/\\\/exaudi.org\\\/es\\\/papa-francisco-san-jose-un-hombre-de-fe\\\/#respond\"]}]},{\"@type\":\"WebPage\",\"@id\":\"https:\\\/\\\/exaudi.org\\\/es\\\/papa-francisco-san-jose-un-hombre-de-fe\\\/\",\"url\":\"https:\\\/\\\/exaudi.org\\\/es\\\/papa-francisco-san-jose-un-hombre-de-fe\\\/\",\"name\":\"Papa Francisco: San Jos\u00e9, \u201cun hombre de fe\u201d &#8211; Exaudi\",\"isPartOf\":{\"@id\":\"https:\\\/\\\/exaudi.org\\\/#website\"},\"primaryImageOfPage\":{\"@id\":\"https:\\\/\\\/exaudi.org\\\/es\\\/papa-francisco-san-jose-un-hombre-de-fe\\\/#primaryimage\"},\"image\":{\"@id\":\"https:\\\/\\\/exaudi.org\\\/es\\\/papa-francisco-san-jose-un-hombre-de-fe\\\/#primaryimage\"},\"thumbnailUrl\":\"https:\\\/\\\/exaudi.org\\\/wp-content\\\/uploads\\\/2021\\\/11\\\/Audiencia-general-27-octubre-2021.jpeg\",\"datePublished\":\"2021-11-17T08:25:01+00:00\",\"author\":{\"@id\":\"https:\\\/\\\/exaudi.org\\\/#\\\/schema\\\/person\\\/fc7b3cbb6f4d66ebcb53bf601d7b7eb1\"},\"description\":\"El Papa Francisco resalt\u00f3 \u201cun rasgo que distingue a san Jos\u00e9: es un hombre de fe, que conf\u00eda en los designios y en la providencia de Dios\u201d.\",\"breadcrumb\":{\"@id\":\"https:\\\/\\\/exaudi.org\\\/es\\\/papa-francisco-san-jose-un-hombre-de-fe\\\/#breadcrumb\"},\"inLanguage\":\"es\",\"potentialAction\":[{\"@type\":\"ReadAction\",\"target\":[\"https:\\\/\\\/exaudi.org\\\/es\\\/papa-francisco-san-jose-un-hombre-de-fe\\\/\"]}]},{\"@type\":\"ImageObject\",\"inLanguage\":\"es\",\"@id\":\"https:\\\/\\\/exaudi.org\\\/es\\\/papa-francisco-san-jose-un-hombre-de-fe\\\/#primaryimage\",\"url\":\"https:\\\/\\\/exaudi.org\\\/wp-content\\\/uploads\\\/2021\\\/11\\\/Audiencia-general-27-octubre-2021.jpeg\",\"contentUrl\":\"https:\\\/\\\/exaudi.org\\\/wp-content\\\/uploads\\\/2021\\\/11\\\/Audiencia-general-27-octubre-2021.jpeg\",\"width\":800,\"height\":534,\"caption\":\"Audiencia general, 27 octubre 2021 \u00a9 Vatican Media\"},{\"@type\":\"BreadcrumbList\",\"@id\":\"https:\\\/\\\/exaudi.org\\\/es\\\/papa-francisco-san-jose-un-hombre-de-fe\\\/#breadcrumb\",\"itemListElement\":[{\"@type\":\"ListItem\",\"position\":1,\"name\":\"Portada\",\"item\":\"https:\\\/\\\/exaudi.org\\\/es\\\/\"},{\"@type\":\"ListItem\",\"position\":2,\"name\":\"Papa Francisco: San Jos\u00e9, \u201cun hombre de fe\u201d\"}]},{\"@type\":\"WebSite\",\"@id\":\"https:\\\/\\\/exaudi.org\\\/#website\",\"url\":\"https:\\\/\\\/exaudi.org\\\/\",\"name\":\"Exaudi\",\"description\":\"News\",\"potentialAction\":[{\"@type\":\"SearchAction\",\"target\":{\"@type\":\"EntryPoint\",\"urlTemplate\":\"https:\\\/\\\/exaudi.org\\\/?s={search_term_string}\"},\"query-input\":{\"@type\":\"PropertyValueSpecification\",\"valueRequired\":true,\"valueName\":\"search_term_string\"}}],\"inLanguage\":\"es\"},{\"@type\":\"Person\",\"@id\":\"https:\\\/\\\/exaudi.org\\\/#\\\/schema\\\/person\\\/fc7b3cbb6f4d66ebcb53bf601d7b7eb1\",\"name\":\"Alba Montalvo\",\"image\":{\"@type\":\"ImageObject\",\"inLanguage\":\"es\",\"@id\":\"https:\\\/\\\/secure.gravatar.com\\\/avatar\\\/1e8c522219a5df52d143b7baf13997ffd4f1814ca862efe7af11a13849275021?s=96&d=mm&r=g\",\"url\":\"https:\\\/\\\/secure.gravatar.com\\\/avatar\\\/1e8c522219a5df52d143b7baf13997ffd4f1814ca862efe7af11a13849275021?s=96&d=mm&r=g\",\"contentUrl\":\"https:\\\/\\\/secure.gravatar.com\\\/avatar\\\/1e8c522219a5df52d143b7baf13997ffd4f1814ca862efe7af11a13849275021?s=96&d=mm&r=g\",\"caption\":\"Alba Montalvo\"},\"description\":\"Licenciada en Periodismo y M\u00e1ster en Periodismo Social. Mi trayectoria profesional ha estado siempre vinculada al \u00e1mbito de la comunicaci\u00f3n en el entorno digital. He trabajado como productora, gestora de contenidos estrat\u00e9gicos para redes y entrevistadora en la Fundaci\u00f3n Mater Mundi TV. Madrile\u00f1a de nacimiento, actualmente vivo en M\u00e1laga.\",\"url\":\"https:\\\/\\\/exaudi.org\\\/es\\\/author\\\/amontalvoexaudi-org\\\/\"}]}<\/script>\n<!-- \/ Yoast SEO plugin. -->","yoast_head_json":{"title":"Papa Francisco: San Jos\u00e9, \u201cun hombre de fe\u201d &#8211; Exaudi","description":"El Papa Francisco resalt\u00f3 \u201cun rasgo que distingue a san Jos\u00e9: es un hombre de fe, que conf\u00eda en los designios y en la providencia de Dios\u201d.","robots":{"index":"index","follow":"follow","max-snippet":"max-snippet:-1","max-image-preview":"max-image-preview:large","max-video-preview":"max-video-preview:-1"},"canonical":"https:\/\/exaudi.org\/es\/papa-francisco-san-jose-un-hombre-de-fe\/","og_locale":"es_ES","og_type":"article","og_title":"Papa Francisco: San Jos\u00e9, \u201cun hombre de fe\u201d &#8211; Exaudi","og_description":"El Papa Francisco resalt\u00f3 \u201cun rasgo que distingue a san Jos\u00e9: es un hombre de fe, que conf\u00eda en los designios y en la providencia de Dios\u201d.","og_url":"https:\/\/exaudi.org\/es\/papa-francisco-san-jose-un-hombre-de-fe\/","og_site_name":"Exaudi","article_publisher":"https:\/\/www.facebook.com\/ExaudiNews","article_published_time":"2021-11-17T08:25:01+00:00","og_image":[{"width":800,"height":534,"url":"https:\/\/exaudi.org\/wp-content\/uploads\/2021\/11\/Audiencia-general-27-octubre-2021.jpeg","type":"image\/jpeg"}],"author":"Alba Montalvo","twitter_card":"summary_large_image","twitter_creator":"@Exaudi_News","twitter_site":"@Exaudi_News","twitter_misc":{"Escrito por":"Alba Montalvo","Tiempo de lectura":"2 minutos"},"schema":{"@context":"https:\/\/schema.org","@graph":[{"@type":"Article","@id":"https:\/\/exaudi.org\/es\/papa-francisco-san-jose-un-hombre-de-fe\/#article","isPartOf":{"@id":"https:\/\/exaudi.org\/es\/papa-francisco-san-jose-un-hombre-de-fe\/"},"author":{"name":"Alba Montalvo","@id":"https:\/\/exaudi.org\/#\/schema\/person\/fc7b3cbb6f4d66ebcb53bf601d7b7eb1"},"headline":"Papa Francisco: San Jos\u00e9, \u201cun hombre de fe\u201d","datePublished":"2021-11-17T08:25:01+00:00","mainEntityOfPage":{"@id":"https:\/\/exaudi.org\/es\/papa-francisco-san-jose-un-hombre-de-fe\/"},"wordCount":354,"commentCount":0,"image":{"@id":"https:\/\/exaudi.org\/es\/papa-francisco-san-jose-un-hombre-de-fe\/#primaryimage"},"thumbnailUrl":"https:\/\/exaudi.org\/wp-content\/uploads\/2021\/11\/Audiencia-general-27-octubre-2021.jpeg","keywords":["audiencia general","papa francisco"],"articleSection":["Audiencia General","Le\u00f3n XIV","\u00daltimas noticias"],"inLanguage":"es","potentialAction":[{"@type":"CommentAction","name":"Comment","target":["https:\/\/exaudi.org\/es\/papa-francisco-san-jose-un-hombre-de-fe\/#respond"]}]},{"@type":"WebPage","@id":"https:\/\/exaudi.org\/es\/papa-francisco-san-jose-un-hombre-de-fe\/","url":"https:\/\/exaudi.org\/es\/papa-francisco-san-jose-un-hombre-de-fe\/","name":"Papa Francisco: San Jos\u00e9, \u201cun hombre de fe\u201d &#8211; Exaudi","isPartOf":{"@id":"https:\/\/exaudi.org\/#website"},"primaryImageOfPage":{"@id":"https:\/\/exaudi.org\/es\/papa-francisco-san-jose-un-hombre-de-fe\/#primaryimage"},"image":{"@id":"https:\/\/exaudi.org\/es\/papa-francisco-san-jose-un-hombre-de-fe\/#primaryimage"},"thumbnailUrl":"https:\/\/exaudi.org\/wp-content\/uploads\/2021\/11\/Audiencia-general-27-octubre-2021.jpeg","datePublished":"2021-11-17T08:25:01+00:00","author":{"@id":"https:\/\/exaudi.org\/#\/schema\/person\/fc7b3cbb6f4d66ebcb53bf601d7b7eb1"},"description":"El Papa Francisco resalt\u00f3 \u201cun rasgo que distingue a san Jos\u00e9: es un hombre de fe, que conf\u00eda en los designios y en la providencia de Dios\u201d.","breadcrumb":{"@id":"https:\/\/exaudi.org\/es\/papa-francisco-san-jose-un-hombre-de-fe\/#breadcrumb"},"inLanguage":"es","potentialAction":[{"@type":"ReadAction","target":["https:\/\/exaudi.org\/es\/papa-francisco-san-jose-un-hombre-de-fe\/"]}]},{"@type":"ImageObject","inLanguage":"es","@id":"https:\/\/exaudi.org\/es\/papa-francisco-san-jose-un-hombre-de-fe\/#primaryimage","url":"https:\/\/exaudi.org\/wp-content\/uploads\/2021\/11\/Audiencia-general-27-octubre-2021.jpeg","contentUrl":"https:\/\/exaudi.org\/wp-content\/uploads\/2021\/11\/Audiencia-general-27-octubre-2021.jpeg","width":800,"height":534,"caption":"Audiencia general, 27 octubre 2021 \u00a9 Vatican Media"},{"@type":"BreadcrumbList","@id":"https:\/\/exaudi.org\/es\/papa-francisco-san-jose-un-hombre-de-fe\/#breadcrumb","itemListElement":[{"@type":"ListItem","position":1,"name":"Portada","item":"https:\/\/exaudi.org\/es\/"},{"@type":"ListItem","position":2,"name":"Papa Francisco: San Jos\u00e9, \u201cun hombre de fe\u201d"}]},{"@type":"WebSite","@id":"https:\/\/exaudi.org\/#website","url":"https:\/\/exaudi.org\/","name":"Exaudi","description":"News","potentialAction":[{"@type":"SearchAction","target":{"@type":"EntryPoint","urlTemplate":"https:\/\/exaudi.org\/?s={search_term_string}"},"query-input":{"@type":"PropertyValueSpecification","valueRequired":true,"valueName":"search_term_string"}}],"inLanguage":"es"},{"@type":"Person","@id":"https:\/\/exaudi.org\/#\/schema\/person\/fc7b3cbb6f4d66ebcb53bf601d7b7eb1","name":"Alba Montalvo","image":{"@type":"ImageObject","inLanguage":"es","@id":"https:\/\/secure.gravatar.com\/avatar\/1e8c522219a5df52d143b7baf13997ffd4f1814ca862efe7af11a13849275021?s=96&d=mm&r=g","url":"https:\/\/secure.gravatar.com\/avatar\/1e8c522219a5df52d143b7baf13997ffd4f1814ca862efe7af11a13849275021?s=96&d=mm&r=g","contentUrl":"https:\/\/secure.gravatar.com\/avatar\/1e8c522219a5df52d143b7baf13997ffd4f1814ca862efe7af11a13849275021?s=96&d=mm&r=g","caption":"Alba Montalvo"},"description":"Licenciada en Periodismo y M\u00e1ster en Periodismo Social. Mi trayectoria profesional ha estado siempre vinculada al \u00e1mbito de la comunicaci\u00f3n en el entorno digital. He trabajado como productora, gestora de contenidos estrat\u00e9gicos para redes y entrevistadora en la Fundaci\u00f3n Mater Mundi TV. Madrile\u00f1a de nacimiento, actualmente vivo en M\u00e1laga.","url":"https:\/\/exaudi.org\/es\/author\/amontalvoexaudi-org\/"}]}},"jetpack_featured_media_url":"https:\/\/exaudi.org\/wp-content\/uploads\/2021\/11\/Audiencia-general-27-octubre-2021.jpeg","jetpack_shortlink":"https:\/\/wp.me\/pgKjF2-aFJ","_links":{"self":[{"href":"https:\/\/exaudi.org\/es\/wp-json\/wp\/v2\/posts\/41027","targetHints":{"allow":["GET"]}}],"collection":[{"href":"https:\/\/exaudi.org\/es\/wp-json\/wp\/v2\/posts"}],"about":[{"href":"https:\/\/exaudi.org\/es\/wp-json\/wp\/v2\/types\/post"}],"author":[{"embeddable":true,"href":"https:\/\/exaudi.org\/es\/wp-json\/wp\/v2\/users\/81"}],"replies":[{"embeddable":true,"href":"https:\/\/exaudi.org\/es\/wp-json\/wp\/v2\/comments?post=41027"}],"version-history":[{"count":0,"href":"https:\/\/exaudi.org\/es\/wp-json\/wp\/v2\/posts\/41027\/revisions"}],"wp:featuredmedia":[{"embeddable":true,"href":"https:\/\/exaudi.org\/es\/wp-json\/wp\/v2\/media\/41028"}],"wp:attachment":[{"href":"https:\/\/exaudi.org\/es\/wp-json\/wp\/v2\/media?parent=41027"}],"wp:term":[{"taxonomy":"category","embeddable":true,"href":"https:\/\/exaudi.org\/es\/wp-json\/wp\/v2\/categories?post=41027"},{"taxonomy":"post_tag","embeddable":true,"href":"https:\/\/exaudi.org\/es\/wp-json\/wp\/v2\/tags?post=41027"}],"curies":[{"name":"wp","href":"https:\/\/api.w.org\/{rel}","templated":true}]}}