{"id":40946,"date":"2021-11-16T09:23:34","date_gmt":"2021-11-16T08:23:34","guid":{"rendered":"https:\/\/exaudi.wpengine.com\/publicado-el-titulo-para-el-dia-mundial-de-la-paz\/"},"modified":"2021-11-16T09:23:34","modified_gmt":"2021-11-16T08:23:34","slug":"publicado-el-titulo-para-el-dia-mundial-de-la-paz","status":"publish","type":"post","link":"https:\/\/exaudi.org\/es\/publicado-el-titulo-para-el-dia-mundial-de-la-paz\/","title":{"rendered":"Publicado el t\u00edtulo para el D\u00eda Mundial de la Paz"},"content":{"rendered":"<p>El <a href=\"https:\/\/www.humandevelopment.va\/es.html\" target=\"_blank\" rel=\"noopener\">Dicasterio para la Promoci\u00f3n del Desarrollo Humano Integral<\/a> ha dado a conocer el t\u00edtulo del pr\u00f3ximo Mensaje de la Jornada Mundial de la Paz, inform\u00f3 Vatican News.<\/p>\n<p>En un comunicado publicado el s\u00e1bado, el Dicasterio afirma que la 55\u00aa Jornada Mundial de la Paz, que se celebrar\u00e1 el 1 de enero de 2022, llevar\u00e1 por t\u00edtulo \u201cEducaci\u00f3n, trabajo y di\u00e1logo entre generaciones: instrumentos para construir una paz duradera\u201d.<\/p>\n<p>En la nota informativa, el Dicasterio escribe que \u201cel Papa Francisco identifica as\u00ed tres vastos contextos hoy en plena mutaci\u00f3n, para proponer una lectura innovadora que responda a las necesidades de los tiempos actuales y futuros, invitando a todos \u201ca leer los signos de los tiempos con los ojos de la fe\u201d, para que la direcci\u00f3n de este cambio despierte nuevas y viejas preguntas con las que es justo y necesario confrontarse\u201d.<\/p>\n<p>De los tres contextos identificados, a\u00f1ade el comunicado, surgen las siguientes preguntas<\/p>\n<ul>\n<li>\u00bfResponde el trabajo en el mundo, m\u00e1s o menos, a la necesidad vital de justicia y libertad de los seres humanos?<\/li>\n<li>\u00bfSon las generaciones verdaderamente solidarias entre s\u00ed?<\/li>\n<li>\u00bfCreen en el futuro?<\/li>\n<li>\u00bfLogran los gobiernos fijar un horizonte de paz en este contexto?<\/li>\n<\/ul>\n<p>El D\u00eda Mundial de la Paz fue establecido por el Papa Pablo VI en su mensaje de diciembre de 1967 y se celebr\u00f3 por primera vez en enero de 1968.<\/p>\n<p>Cada a\u00f1o, el 1 de enero, el Santo Padre celebra la Jornada Mundial de la Paz con un mensaje especial en el que invita a todas las personas a reflexionar sobre la importante labor de construir la paz.\u00a0El mensaje de este a\u00f1o es el \u00faltimo de una larga tradici\u00f3n de mensajes para este d\u00eda que comenz\u00f3 con San Pablo VI en 1967 y continu\u00f3 con San Juan Pablo II, el Papa Benedicto XVI y el Papa Francisco.\u00a0Lea m\u00e1s sobre c\u00f3mo rezar, aprender y actuar con este folleto del D\u00eda Mundial de la Paz.<\/p>\n","protected":false},"excerpt":{"rendered":"<p>&#8216;Educaci\u00f3n, trabajo y di\u00e1logo entre generaciones: herramientas para construir una paz duradera&#8217;<\/p>\n","protected":false},"author":15,"featured_media":40947,"comment_status":"open","ping_status":"open","sticky":false,"template":"","format":"standard","meta":{"_acf_changed":false,"_crdt_document":"","inline_featured_image":false,"footnotes":""},"categories":[298,132],"tags":[4896,4897],"class_list":["post-40946","post","type-post","status-publish","format-standard","has-post-thumbnail","hentry","category-ultimas-noticias","category-vaticano-es","tag-4896","tag-dia-mundial-de-la-paz"],"acf":[],"yoast_head":"<!-- This site is optimized with the Yoast SEO plugin v27.4 - https:\/\/yoast.com\/product\/yoast-seo-wordpress\/ -->\n<title>Publicado el t\u00edtulo para el D\u00eda Mundial de la Paz &#8211; Exaudi<\/title>\n<meta name=\"description\" content=\"El Dicasterio para la Promoci\u00f3n del Desarrollo Humano Integral ha dado a conocer el t\u00edtulo del Mensaje de la Jornada Mundial de la Paz\" \/>\n<meta name=\"robots\" content=\"index, follow, max-snippet:-1, max-image-preview:large, max-video-preview:-1\" \/>\n<link rel=\"canonical\" href=\"https:\/\/exaudi.org\/es\/publicado-el-titulo-para-el-dia-mundial-de-la-paz\/\" \/>\n<meta property=\"og:locale\" content=\"es_ES\" \/>\n<meta property=\"og:type\" content=\"article\" \/>\n<meta property=\"og:title\" content=\"Publicado el t\u00edtulo para el D\u00eda Mundial de la Paz &#8211; Exaudi\" \/>\n<meta property=\"og:description\" content=\"El Dicasterio para la Promoci\u00f3n del Desarrollo Humano Integral ha dado a conocer el t\u00edtulo del Mensaje de la Jornada Mundial de la Paz\" \/>\n<meta property=\"og:url\" content=\"https:\/\/exaudi.org\/es\/publicado-el-titulo-para-el-dia-mundial-de-la-paz\/\" \/>\n<meta property=\"og:site_name\" content=\"Exaudi\" \/>\n<meta property=\"article:publisher\" content=\"https:\/\/www.facebook.com\/ExaudiNews\" \/>\n<meta property=\"article:author\" content=\"https:\/\/www.facebook.com\/ExaudiNoticias\/\" \/>\n<meta property=\"article:published_time\" content=\"2021-11-16T08:23:34+00:00\" \/>\n<meta property=\"og:image\" content=\"https:\/\/exaudi.org\/wp-content\/uploads\/2021\/11\/paz.jpg\" \/>\n\t<meta property=\"og:image:width\" content=\"551\" \/>\n\t<meta property=\"og:image:height\" content=\"385\" \/>\n\t<meta property=\"og:image:type\" content=\"image\/jpeg\" \/>\n<meta name=\"author\" content=\"Exaudi Redacci\u00f3n\" \/>\n<meta name=\"twitter:card\" content=\"summary_large_image\" \/>\n<meta name=\"twitter:creator\" content=\"@Exaudi_noticias\" \/>\n<meta name=\"twitter:site\" content=\"@Exaudi_News\" \/>\n<meta name=\"twitter:label1\" content=\"Escrito por\" \/>\n\t<meta name=\"twitter:data1\" content=\"Exaudi Redacci\u00f3n\" \/>\n\t<meta name=\"twitter:label2\" content=\"Tiempo de lectura\" \/>\n\t<meta name=\"twitter:data2\" content=\"2 minutos\" \/>\n<script type=\"application\/ld+json\" class=\"yoast-schema-graph\">{\"@context\":\"https:\\\/\\\/schema.org\",\"@graph\":[{\"@type\":\"Article\",\"@id\":\"https:\\\/\\\/exaudi.org\\\/es\\\/publicado-el-titulo-para-el-dia-mundial-de-la-paz\\\/#article\",\"isPartOf\":{\"@id\":\"https:\\\/\\\/exaudi.org\\\/es\\\/publicado-el-titulo-para-el-dia-mundial-de-la-paz\\\/\"},\"author\":{\"name\":\"Exaudi Redacci\u00f3n\",\"@id\":\"https:\\\/\\\/exaudi.org\\\/#\\\/schema\\\/person\\\/f5fc8f063065e38742da7afe15f25df7\"},\"headline\":\"Publicado el t\u00edtulo para el D\u00eda Mundial de la Paz\",\"datePublished\":\"2021-11-16T08:23:34+00:00\",\"mainEntityOfPage\":{\"@id\":\"https:\\\/\\\/exaudi.org\\\/es\\\/publicado-el-titulo-para-el-dia-mundial-de-la-paz\\\/\"},\"wordCount\":345,\"commentCount\":0,\"image\":{\"@id\":\"https:\\\/\\\/exaudi.org\\\/es\\\/publicado-el-titulo-para-el-dia-mundial-de-la-paz\\\/#primaryimage\"},\"thumbnailUrl\":\"https:\\\/\\\/exaudi.org\\\/wp-content\\\/uploads\\\/2021\\\/11\\\/paz.jpg\",\"keywords\":[\"2022\",\"D\u00eda Mundial de la Paz\"],\"articleSection\":[\"\u00daltimas noticias\",\"Vaticano\"],\"inLanguage\":\"es\",\"potentialAction\":[{\"@type\":\"CommentAction\",\"name\":\"Comment\",\"target\":[\"https:\\\/\\\/exaudi.org\\\/es\\\/publicado-el-titulo-para-el-dia-mundial-de-la-paz\\\/#respond\"]}]},{\"@type\":\"WebPage\",\"@id\":\"https:\\\/\\\/exaudi.org\\\/es\\\/publicado-el-titulo-para-el-dia-mundial-de-la-paz\\\/\",\"url\":\"https:\\\/\\\/exaudi.org\\\/es\\\/publicado-el-titulo-para-el-dia-mundial-de-la-paz\\\/\",\"name\":\"Publicado el t\u00edtulo para el D\u00eda Mundial de la Paz &#8211; Exaudi\",\"isPartOf\":{\"@id\":\"https:\\\/\\\/exaudi.org\\\/#website\"},\"primaryImageOfPage\":{\"@id\":\"https:\\\/\\\/exaudi.org\\\/es\\\/publicado-el-titulo-para-el-dia-mundial-de-la-paz\\\/#primaryimage\"},\"image\":{\"@id\":\"https:\\\/\\\/exaudi.org\\\/es\\\/publicado-el-titulo-para-el-dia-mundial-de-la-paz\\\/#primaryimage\"},\"thumbnailUrl\":\"https:\\\/\\\/exaudi.org\\\/wp-content\\\/uploads\\\/2021\\\/11\\\/paz.jpg\",\"datePublished\":\"2021-11-16T08:23:34+00:00\",\"author\":{\"@id\":\"https:\\\/\\\/exaudi.org\\\/#\\\/schema\\\/person\\\/f5fc8f063065e38742da7afe15f25df7\"},\"description\":\"El Dicasterio para la Promoci\u00f3n del Desarrollo Humano Integral ha dado a conocer el t\u00edtulo del Mensaje de la Jornada Mundial de la Paz\",\"breadcrumb\":{\"@id\":\"https:\\\/\\\/exaudi.org\\\/es\\\/publicado-el-titulo-para-el-dia-mundial-de-la-paz\\\/#breadcrumb\"},\"inLanguage\":\"es\",\"potentialAction\":[{\"@type\":\"ReadAction\",\"target\":[\"https:\\\/\\\/exaudi.org\\\/es\\\/publicado-el-titulo-para-el-dia-mundial-de-la-paz\\\/\"]}]},{\"@type\":\"ImageObject\",\"inLanguage\":\"es\",\"@id\":\"https:\\\/\\\/exaudi.org\\\/es\\\/publicado-el-titulo-para-el-dia-mundial-de-la-paz\\\/#primaryimage\",\"url\":\"https:\\\/\\\/exaudi.org\\\/wp-content\\\/uploads\\\/2021\\\/11\\\/paz.jpg\",\"contentUrl\":\"https:\\\/\\\/exaudi.org\\\/wp-content\\\/uploads\\\/2021\\\/11\\\/paz.jpg\",\"width\":551,\"height\":385,\"caption\":\"Paz \u00a9 Alba Montalvo\"},{\"@type\":\"BreadcrumbList\",\"@id\":\"https:\\\/\\\/exaudi.org\\\/es\\\/publicado-el-titulo-para-el-dia-mundial-de-la-paz\\\/#breadcrumb\",\"itemListElement\":[{\"@type\":\"ListItem\",\"position\":1,\"name\":\"Portada\",\"item\":\"https:\\\/\\\/exaudi.org\\\/es\\\/\"},{\"@type\":\"ListItem\",\"position\":2,\"name\":\"Publicado el t\u00edtulo para el D\u00eda Mundial de la Paz\"}]},{\"@type\":\"WebSite\",\"@id\":\"https:\\\/\\\/exaudi.org\\\/#website\",\"url\":\"https:\\\/\\\/exaudi.org\\\/\",\"name\":\"Exaudi\",\"description\":\"News\",\"potentialAction\":[{\"@type\":\"SearchAction\",\"target\":{\"@type\":\"EntryPoint\",\"urlTemplate\":\"https:\\\/\\\/exaudi.org\\\/?s={search_term_string}\"},\"query-input\":{\"@type\":\"PropertyValueSpecification\",\"valueRequired\":true,\"valueName\":\"search_term_string\"}}],\"inLanguage\":\"es\"},{\"@type\":\"Person\",\"@id\":\"https:\\\/\\\/exaudi.org\\\/#\\\/schema\\\/person\\\/f5fc8f063065e38742da7afe15f25df7\",\"name\":\"Exaudi Redacci\u00f3n\",\"image\":{\"@type\":\"ImageObject\",\"inLanguage\":\"es\",\"@id\":\"https:\\\/\\\/secure.gravatar.com\\\/avatar\\\/fe0f6a059fb68d9b3e11bc5850dd4899b1c7492091a3cb6dd9b01b56ad828be2?s=96&d=mm&r=g\",\"url\":\"https:\\\/\\\/secure.gravatar.com\\\/avatar\\\/fe0f6a059fb68d9b3e11bc5850dd4899b1c7492091a3cb6dd9b01b56ad828be2?s=96&d=mm&r=g\",\"contentUrl\":\"https:\\\/\\\/secure.gravatar.com\\\/avatar\\\/fe0f6a059fb68d9b3e11bc5850dd4899b1c7492091a3cb6dd9b01b56ad828be2?s=96&d=mm&r=g\",\"caption\":\"Exaudi Redacci\u00f3n\"},\"description\":\"\u00bfQu\u00e9 es Exaudi News? Exaudi News es un medio de comunicaci\u00f3n cat\u00f3lico internacional que informa, forma y transforma, diariamente en espa\u00f1ol, ingl\u00e9s e italiano. A trav\u00e9s de noticias, art\u00edculos de an\u00e1lisis y transmisiones en directo de los eventos del Papa, Exaudi busca fortalecer la unidad de los cristianos y contribuir a la evangelizaci\u00f3n del mundo, siempre guiados por la doctrina social de la Iglesia. Trabajamos para acercar la verdad y los valores cristianos a cada rinc\u00f3n del planeta. \u00a1Ay\u00fadanos a transformar el mundo con Exaudi! En Exaudi creemos que la evangelizaci\u00f3n y la informaci\u00f3n de calidad pueden cambiar vidas. Para continuar con nuestra misi\u00f3n y expandir nuestro alcance, necesitamos tu ayuda. Adem\u00e1s, buscamos personas comprometidas que deseen unirse a nuestro equipo. Con tu apoyo, lograremos llegar a m\u00e1s personas, difundir el mensaje de Cristo y reforzar la unidad de los cristianos. \u00bfTe unes a nuestra misi\u00f3n? Para m\u00e1s informaci\u00f3n sobre c\u00f3mo colaborar, visita Exaudi.org\\\/es o cont\u00e1ctanos directamente: info@exaudi.org Exaudi: Informa, forma y transforma.\",\"sameAs\":[\"https:\\\/\\\/www.facebook.com\\\/ExaudiNoticias\\\/\",\"https:\\\/\\\/www.instagram.com\\\/exaudi_noticias\\\/\",\"https:\\\/\\\/x.com\\\/Exaudi_noticias\",\"https:\\\/\\\/www.youtube.com\\\/@exaudicatholicnews\"],\"url\":\"https:\\\/\\\/exaudi.org\\\/es\\\/author\\\/redaccionexaudi\\\/\"}]}<\/script>\n<!-- \/ Yoast SEO plugin. -->","yoast_head_json":{"title":"Publicado el t\u00edtulo para el D\u00eda Mundial de la Paz &#8211; Exaudi","description":"El Dicasterio para la Promoci\u00f3n del Desarrollo Humano Integral ha dado a conocer el t\u00edtulo del Mensaje de la Jornada Mundial de la Paz","robots":{"index":"index","follow":"follow","max-snippet":"max-snippet:-1","max-image-preview":"max-image-preview:large","max-video-preview":"max-video-preview:-1"},"canonical":"https:\/\/exaudi.org\/es\/publicado-el-titulo-para-el-dia-mundial-de-la-paz\/","og_locale":"es_ES","og_type":"article","og_title":"Publicado el t\u00edtulo para el D\u00eda Mundial de la Paz &#8211; Exaudi","og_description":"El Dicasterio para la Promoci\u00f3n del Desarrollo Humano Integral ha dado a conocer el t\u00edtulo del Mensaje de la Jornada Mundial de la Paz","og_url":"https:\/\/exaudi.org\/es\/publicado-el-titulo-para-el-dia-mundial-de-la-paz\/","og_site_name":"Exaudi","article_publisher":"https:\/\/www.facebook.com\/ExaudiNews","article_author":"https:\/\/www.facebook.com\/ExaudiNoticias\/","article_published_time":"2021-11-16T08:23:34+00:00","og_image":[{"width":551,"height":385,"url":"https:\/\/exaudi.org\/wp-content\/uploads\/2021\/11\/paz.jpg","type":"image\/jpeg"}],"author":"Exaudi Redacci\u00f3n","twitter_card":"summary_large_image","twitter_creator":"@Exaudi_noticias","twitter_site":"@Exaudi_News","twitter_misc":{"Escrito por":"Exaudi Redacci\u00f3n","Tiempo de lectura":"2 minutos"},"schema":{"@context":"https:\/\/schema.org","@graph":[{"@type":"Article","@id":"https:\/\/exaudi.org\/es\/publicado-el-titulo-para-el-dia-mundial-de-la-paz\/#article","isPartOf":{"@id":"https:\/\/exaudi.org\/es\/publicado-el-titulo-para-el-dia-mundial-de-la-paz\/"},"author":{"name":"Exaudi Redacci\u00f3n","@id":"https:\/\/exaudi.org\/#\/schema\/person\/f5fc8f063065e38742da7afe15f25df7"},"headline":"Publicado el t\u00edtulo para el D\u00eda Mundial de la Paz","datePublished":"2021-11-16T08:23:34+00:00","mainEntityOfPage":{"@id":"https:\/\/exaudi.org\/es\/publicado-el-titulo-para-el-dia-mundial-de-la-paz\/"},"wordCount":345,"commentCount":0,"image":{"@id":"https:\/\/exaudi.org\/es\/publicado-el-titulo-para-el-dia-mundial-de-la-paz\/#primaryimage"},"thumbnailUrl":"https:\/\/exaudi.org\/wp-content\/uploads\/2021\/11\/paz.jpg","keywords":["2022","D\u00eda Mundial de la Paz"],"articleSection":["\u00daltimas noticias","Vaticano"],"inLanguage":"es","potentialAction":[{"@type":"CommentAction","name":"Comment","target":["https:\/\/exaudi.org\/es\/publicado-el-titulo-para-el-dia-mundial-de-la-paz\/#respond"]}]},{"@type":"WebPage","@id":"https:\/\/exaudi.org\/es\/publicado-el-titulo-para-el-dia-mundial-de-la-paz\/","url":"https:\/\/exaudi.org\/es\/publicado-el-titulo-para-el-dia-mundial-de-la-paz\/","name":"Publicado el t\u00edtulo para el D\u00eda Mundial de la Paz &#8211; Exaudi","isPartOf":{"@id":"https:\/\/exaudi.org\/#website"},"primaryImageOfPage":{"@id":"https:\/\/exaudi.org\/es\/publicado-el-titulo-para-el-dia-mundial-de-la-paz\/#primaryimage"},"image":{"@id":"https:\/\/exaudi.org\/es\/publicado-el-titulo-para-el-dia-mundial-de-la-paz\/#primaryimage"},"thumbnailUrl":"https:\/\/exaudi.org\/wp-content\/uploads\/2021\/11\/paz.jpg","datePublished":"2021-11-16T08:23:34+00:00","author":{"@id":"https:\/\/exaudi.org\/#\/schema\/person\/f5fc8f063065e38742da7afe15f25df7"},"description":"El Dicasterio para la Promoci\u00f3n del Desarrollo Humano Integral ha dado a conocer el t\u00edtulo del Mensaje de la Jornada Mundial de la Paz","breadcrumb":{"@id":"https:\/\/exaudi.org\/es\/publicado-el-titulo-para-el-dia-mundial-de-la-paz\/#breadcrumb"},"inLanguage":"es","potentialAction":[{"@type":"ReadAction","target":["https:\/\/exaudi.org\/es\/publicado-el-titulo-para-el-dia-mundial-de-la-paz\/"]}]},{"@type":"ImageObject","inLanguage":"es","@id":"https:\/\/exaudi.org\/es\/publicado-el-titulo-para-el-dia-mundial-de-la-paz\/#primaryimage","url":"https:\/\/exaudi.org\/wp-content\/uploads\/2021\/11\/paz.jpg","contentUrl":"https:\/\/exaudi.org\/wp-content\/uploads\/2021\/11\/paz.jpg","width":551,"height":385,"caption":"Paz \u00a9 Alba Montalvo"},{"@type":"BreadcrumbList","@id":"https:\/\/exaudi.org\/es\/publicado-el-titulo-para-el-dia-mundial-de-la-paz\/#breadcrumb","itemListElement":[{"@type":"ListItem","position":1,"name":"Portada","item":"https:\/\/exaudi.org\/es\/"},{"@type":"ListItem","position":2,"name":"Publicado el t\u00edtulo para el D\u00eda Mundial de la Paz"}]},{"@type":"WebSite","@id":"https:\/\/exaudi.org\/#website","url":"https:\/\/exaudi.org\/","name":"Exaudi","description":"News","potentialAction":[{"@type":"SearchAction","target":{"@type":"EntryPoint","urlTemplate":"https:\/\/exaudi.org\/?s={search_term_string}"},"query-input":{"@type":"PropertyValueSpecification","valueRequired":true,"valueName":"search_term_string"}}],"inLanguage":"es"},{"@type":"Person","@id":"https:\/\/exaudi.org\/#\/schema\/person\/f5fc8f063065e38742da7afe15f25df7","name":"Exaudi Redacci\u00f3n","image":{"@type":"ImageObject","inLanguage":"es","@id":"https:\/\/secure.gravatar.com\/avatar\/fe0f6a059fb68d9b3e11bc5850dd4899b1c7492091a3cb6dd9b01b56ad828be2?s=96&d=mm&r=g","url":"https:\/\/secure.gravatar.com\/avatar\/fe0f6a059fb68d9b3e11bc5850dd4899b1c7492091a3cb6dd9b01b56ad828be2?s=96&d=mm&r=g","contentUrl":"https:\/\/secure.gravatar.com\/avatar\/fe0f6a059fb68d9b3e11bc5850dd4899b1c7492091a3cb6dd9b01b56ad828be2?s=96&d=mm&r=g","caption":"Exaudi Redacci\u00f3n"},"description":"\u00bfQu\u00e9 es Exaudi News? Exaudi News es un medio de comunicaci\u00f3n cat\u00f3lico internacional que informa, forma y transforma, diariamente en espa\u00f1ol, ingl\u00e9s e italiano. A trav\u00e9s de noticias, art\u00edculos de an\u00e1lisis y transmisiones en directo de los eventos del Papa, Exaudi busca fortalecer la unidad de los cristianos y contribuir a la evangelizaci\u00f3n del mundo, siempre guiados por la doctrina social de la Iglesia. Trabajamos para acercar la verdad y los valores cristianos a cada rinc\u00f3n del planeta. \u00a1Ay\u00fadanos a transformar el mundo con Exaudi! En Exaudi creemos que la evangelizaci\u00f3n y la informaci\u00f3n de calidad pueden cambiar vidas. Para continuar con nuestra misi\u00f3n y expandir nuestro alcance, necesitamos tu ayuda. Adem\u00e1s, buscamos personas comprometidas que deseen unirse a nuestro equipo. Con tu apoyo, lograremos llegar a m\u00e1s personas, difundir el mensaje de Cristo y reforzar la unidad de los cristianos. \u00bfTe unes a nuestra misi\u00f3n? Para m\u00e1s informaci\u00f3n sobre c\u00f3mo colaborar, visita Exaudi.org\/es o cont\u00e1ctanos directamente: info@exaudi.org Exaudi: Informa, forma y transforma.","sameAs":["https:\/\/www.facebook.com\/ExaudiNoticias\/","https:\/\/www.instagram.com\/exaudi_noticias\/","https:\/\/x.com\/Exaudi_noticias","https:\/\/www.youtube.com\/@exaudicatholicnews"],"url":"https:\/\/exaudi.org\/es\/author\/redaccionexaudi\/"}]}},"jetpack_featured_media_url":"https:\/\/exaudi.org\/wp-content\/uploads\/2021\/11\/paz.jpg","jetpack_shortlink":"https:\/\/wp.me\/pgKjF2-aEq","_links":{"self":[{"href":"https:\/\/exaudi.org\/es\/wp-json\/wp\/v2\/posts\/40946","targetHints":{"allow":["GET"]}}],"collection":[{"href":"https:\/\/exaudi.org\/es\/wp-json\/wp\/v2\/posts"}],"about":[{"href":"https:\/\/exaudi.org\/es\/wp-json\/wp\/v2\/types\/post"}],"author":[{"embeddable":true,"href":"https:\/\/exaudi.org\/es\/wp-json\/wp\/v2\/users\/15"}],"replies":[{"embeddable":true,"href":"https:\/\/exaudi.org\/es\/wp-json\/wp\/v2\/comments?post=40946"}],"version-history":[{"count":0,"href":"https:\/\/exaudi.org\/es\/wp-json\/wp\/v2\/posts\/40946\/revisions"}],"wp:featuredmedia":[{"embeddable":true,"href":"https:\/\/exaudi.org\/es\/wp-json\/wp\/v2\/media\/40947"}],"wp:attachment":[{"href":"https:\/\/exaudi.org\/es\/wp-json\/wp\/v2\/media?parent=40946"}],"wp:term":[{"taxonomy":"category","embeddable":true,"href":"https:\/\/exaudi.org\/es\/wp-json\/wp\/v2\/categories?post=40946"},{"taxonomy":"post_tag","embeddable":true,"href":"https:\/\/exaudi.org\/es\/wp-json\/wp\/v2\/tags?post=40946"}],"curies":[{"name":"wp","href":"https:\/\/api.w.org\/{rel}","templated":true}]}}