{"id":40931,"date":"2021-11-15T15:31:09","date_gmt":"2021-11-15T14:31:09","guid":{"rendered":"https:\/\/exaudi.wpengine.com\/franciscanos-seglares-sed-espejos-de-cristo\/"},"modified":"2021-11-15T15:31:09","modified_gmt":"2021-11-15T14:31:09","slug":"franciscanos-seglares-sed-espejos-de-cristo","status":"publish","type":"post","link":"https:\/\/exaudi.org\/es\/franciscanos-seglares-sed-espejos-de-cristo\/","title":{"rendered":"Franciscanos seglares, \u201csed espejos de Cristo\u201d"},"content":{"rendered":"<p>\u201cComo Francisco fue un &#8216;espejo de Cristo&#8217;, que vosotros tambi\u00e9n os convirt\u00e1is en &#8216;espejos de Cristo&#8217;, dijo el Papa Francisco a los <a href=\"https:\/\/www.ordenfranciscanasecular.es\/\" target=\"_blank\" rel=\"noopener\">Franciscanos seglares<\/a>. Esta vocaci\u00f3n, describi\u00f3 el Santo Padre, \u201cbrota de la llamada universal a la santidad\u201d. Estar en medio del mundo con el esp\u00edritu franciscano, abriendo el coraz\u00f3n a Cristo y sin olvidar a los pobres. Con estas ideas, Francisco se ha dirigido en la ma\u00f1ana de hoy, 15 de noviembre de 2021, a los <a href=\"https:\/\/exaudi.org\/es\/800-anos-de-la-orden-franciscana-seglar\/\" target=\"_blank\" rel=\"noopener\">Franciscanos seglares<\/a> que participan en el Cap\u00edtulo de la Orden.<\/p>\n<p>A continuaci\u00f3n, sigue el discurso completo de Francisco traducido del italiano por Exaudi.<\/p>\n<p>***<\/p>\n<h4><strong>Discurso del Santo Padre<\/strong><\/h4>\n<p>Queridos hermanos y hermanas de la Orden Franciscana Seglar, \u00a1buenos d\u00edas! Os saludo con las palabras que san Francisco dirig\u00eda a los que encontraba en su camino: \u201c\u00a1Que el Se\u00f1or os d\u00e9 la paz!\u201d. Me complace daros la bienvenida con motivo de su Cap\u00edtulo General. En este contexto, me gustar\u00eda recordar algunos elementos propios de vuestra vocaci\u00f3n y misi\u00f3n.<\/p>\n<p>Vuestra vocaci\u00f3n proviene de la llamada universal a la santidad. El Catecismo de la Iglesia Cat\u00f3lica recuerda que \u201clos laicos participan del sacerdocio de Cristo: cada vez m\u00e1s unidos a \u00e9l, despliegan la gracia del Bautismo y de la Confirmaci\u00f3n en todas las dimensiones de la vida personal, familiar, social y eclesial, y realizan as\u00ed la llamada a la santidad dirigida a todos los bautizados\u201d. Esta santidad, a la que est\u00e1is llamados como franciscanos seglares, como os piden las Constituciones generales y la Regla aprobada por San Pablo VI, implica la conversi\u00f3n del coraz\u00f3n, atra\u00eddo, conquistado y transformado por Aquel que es el \u00fanico Santo, que es \u201cel bien, todo el bien, el bien supremo\u201d. Esto es lo que os convierte en verdaderos \u201cpenitentes\u201d.<\/p>\n<p>San Francisco, en su Carta a todos los fieles, presenta el \u201chacer penitencia\u201d como un camino de conversi\u00f3n, un camino de vida cristiana, un compromiso para hacer la voluntad y las obras del Padre celestial. En su Testamento, describe su propio proceso de conversi\u00f3n con estas palabras, que vosotros conoc\u00e9is bien: \u201cEl Se\u00f1or me dio a m\u00ed, el hermano Francisco, el comenzar a hacer penitencia de esta manera: cuando estaba en pecado, me parec\u00eda demasiado amargo ver a los leprosos. Y cuando me alej\u00e9 de ellos, lo que me parec\u00eda amargo se transform\u00f3 en dulzura de mente y cuerpo. Y luego me qued\u00e9 un rato y dej\u00e9 el mundo\u201d.<\/p>\n<p>El proceso de conversi\u00f3n es as\u00ed: Dios toma la iniciativa: \u201cEl Se\u00f1or me dio el comenzar a hacer penitencia\u201d. Dios lleva al penitente a lugares donde nunca hubiera querido ir: \u201cDios me llev\u00f3 entre ellos, los leprosos\u201d. El penitente responde aceptando ponerse al servicio de los dem\u00e1s y usando la misericordia con ellos. Y el resultado es la felicidad: \u201cLo que me parec\u00eda amargo se convirti\u00f3 en dulzura de mente y cuerpo\u201d. Precisamente el camino de conversi\u00f3n de Francisco.<\/p>\n<p>Esto, queridos hermanos y hermanas, es lo que os exhorto a realizar en vuestras vidas y en vuestra misi\u00f3n. Y, por favor, no confundamos \u201chacer penitencia\u201d con \u201cobras de penitencia\u201d. El ayuno, la limosna y la mortificaci\u00f3n son consecuencias de la decisi\u00f3n de abrir el coraz\u00f3n a Dios. \u00a1Abre tu coraz\u00f3n a Dios! Abre tu coraz\u00f3n a Cristo, viviendo en medio de la gente com\u00fan, al estilo de San Francisco. Como Francisco fue un \u201cespejo de Cristo\u201d, que vosotros tambi\u00e9n os convirt\u00e1is en \u201cespejos de Cristo\u201d.<\/p>\n<p>Sois hombres y mujeres comprometidos a vivir en el mundo seg\u00fan el carisma franciscano. Un carisma que consiste esencialmente en observar el santo Evangelio de nuestro Se\u00f1or Jesucristo. La vocaci\u00f3n del franciscano seglar es vivir el Evangelio en el mundo al estilo del <em>Poverello, sine glossa<\/em>; tomar el Evangelio como \u201cforma y regla\u201d de vida. Os animo a abrazar el Evangelio como abraz\u00e1is a Jes\u00fas. Dejad que el Evangelio, es decir, Jes\u00fas mismo, moldee vuestra vida. De este modo, asumir\u00e1s la pobreza, la minor\u00eda de edad, la sencillez como tus se\u00f1as de identidad ante todos.<\/p>\n<p>Con esta identidad franciscana y seglar, sois parte de la Iglesia saliente. Vuestro lugar preferido es estar en medio de la gente, y all\u00ed, como laicos -c\u00e9libes o casados-, sacerdotes y obispos, cada uno seg\u00fan su vocaci\u00f3n espec\u00edfica, dar testimonio de Jes\u00fas con una vida sencilla, sin pretensiones, contentos siempre de seguir a Cristo pobre y crucificado, como hicieron San Francisco y tantos hombres y mujeres de vuestra Orden.<\/p>\n<p>Os animo tambi\u00e9n a salir a las periferias, a las periferias existenciales de hoy, y a hacer resonar all\u00ed la palabra del Evangelio. No olvid\u00e9is a los pobres, que son la carne de Cristo: a ellos est\u00e1is llamados a anunciar la Buena Noticia, como hizo, entre otros, Santa Isabel de Hungr\u00eda, vuestra Patrona.<\/p>\n<p>Y as\u00ed como ayer las \u201cfraternidades de penitentes\u201d se distinguieron por fundar hospitales, dispensarios, comedores y otras obras de caridad social concreta, hoy el Esp\u00edritu os env\u00eda a ejercer la misma caridad con la creatividad que requieren las nuevas formas de pobreza. Que vuestra secularidad est\u00e9 llena de cercan\u00eda, compasi\u00f3n y ternura. Y que se\u00e1is hombres y mujeres de esperanza, comprometidos a vivirla y tambi\u00e9n a \u201corganizarla\u201d, traduci\u00e9ndola en las situaciones concretas de cada d\u00eda, en las relaciones humanas, en el compromiso social y pol\u00edtico; alimentando la esperanza en el ma\u00f1ana aliviando el dolor de hoy. Y todo esto, queridos hermanos y hermanas, est\u00e1is llamados a vivirlo en fraternidad, sinti\u00e9ndoos parte de la gran familia franciscana.<\/p>\n<p>En este sentido, os recuerdo el deseo de Francisco de que toda la familia permanezca unida, respetando ciertamente la diversidad y la autonom\u00eda de los distintos componentes y tambi\u00e9n de cada miembro. Pero siempre en una comuni\u00f3n vital mutua, so\u00f1ando juntos con un mundo en el que todos sean y se sientan hermanos, y trabajando juntos para construirlo: hombres y mujeres luchando por la justicia, y trabajando por una ecolog\u00eda integral, colaborando en proyectos misioneros y convirti\u00e9ndose en artesanos de la paz y testigos de las Bienaventuranzas.<\/p>\n<p>As\u00ed que comenzamos con el camino de la conversi\u00f3n, y luego todas estas propuestas de fecundidad, que provienen de un coraz\u00f3n unido al Se\u00f1or y amante de la pobreza. Que San Francisco y todos los santos de la familia franciscana os acompa\u00f1en en vuestro camino. Que el Se\u00f1or os bendiga y que Nuestra Se\u00f1ora, \u201cVirgen hecha Iglesia\u201d, os proteja. Y, por favor, no olvid\u00e9is rezar por m\u00ed. Gracias.<\/p>\n","protected":false},"excerpt":{"rendered":"<p>Audiencia con los participantes en el Cap\u00edtulo General de la Orden<\/p>\n","protected":false},"author":15,"featured_media":40932,"comment_status":"open","ping_status":"open","sticky":false,"template":"","format":"standard","meta":{"_acf_changed":false,"_crdt_document":"","inline_featured_image":false,"footnotes":""},"categories":[68,298],"tags":[158],"class_list":["post-40931","post","type-post","status-publish","format-standard","has-post-thumbnail","hentry","category-leon-xiv","category-ultimas-noticias","tag-papa-francisco"],"acf":[],"yoast_head":"<!-- This site is optimized with the Yoast SEO plugin v27.5 - https:\/\/yoast.com\/product\/yoast-seo-wordpress\/ -->\n<title>Franciscanos seglares, \u201csed espejos de Cristo\u201d &#8211; Exaudi<\/title>\n<meta name=\"description\" content=\"El Papa recibi\u00f3 a los participantes del Cap\u00edtulo de la Orden de Franciscanos Seglares: &quot;Sois la Iglesia en salida, no olvid\u00e9is a los pobres&quot;.\" \/>\n<meta name=\"robots\" content=\"index, follow, max-snippet:-1, max-image-preview:large, max-video-preview:-1\" \/>\n<link rel=\"canonical\" href=\"https:\/\/exaudi.org\/es\/franciscanos-seglares-sed-espejos-de-cristo\/\" \/>\n<meta property=\"og:locale\" content=\"es_ES\" \/>\n<meta property=\"og:type\" content=\"article\" \/>\n<meta property=\"og:title\" content=\"Franciscanos seglares, \u201csed espejos de Cristo\u201d &#8211; Exaudi\" \/>\n<meta property=\"og:description\" content=\"El Papa recibi\u00f3 a los participantes del Cap\u00edtulo de la Orden de Franciscanos Seglares: &quot;Sois la Iglesia en salida, no olvid\u00e9is a los pobres&quot;.\" \/>\n<meta property=\"og:url\" content=\"https:\/\/exaudi.org\/es\/franciscanos-seglares-sed-espejos-de-cristo\/\" \/>\n<meta property=\"og:site_name\" content=\"Exaudi\" \/>\n<meta property=\"article:publisher\" content=\"https:\/\/www.facebook.com\/ExaudiNews\" \/>\n<meta property=\"article:author\" content=\"https:\/\/www.facebook.com\/ExaudiNoticias\/\" \/>\n<meta property=\"article:published_time\" content=\"2021-11-15T14:31:09+00:00\" \/>\n<meta property=\"og:image\" content=\"https:\/\/exaudi.org\/wp-content\/uploads\/2021\/11\/sala-clementina-2-768x512-1.jpeg\" \/>\n\t<meta property=\"og:image:width\" content=\"768\" \/>\n\t<meta property=\"og:image:height\" content=\"512\" \/>\n\t<meta property=\"og:image:type\" content=\"image\/jpeg\" \/>\n<meta name=\"author\" content=\"Exaudi Redacci\u00f3n\" \/>\n<meta name=\"twitter:card\" content=\"summary_large_image\" \/>\n<meta name=\"twitter:creator\" content=\"@Exaudi_noticias\" \/>\n<meta name=\"twitter:site\" content=\"@Exaudi_News\" \/>\n<meta name=\"twitter:label1\" content=\"Escrito por\" \/>\n\t<meta name=\"twitter:data1\" content=\"Exaudi Redacci\u00f3n\" \/>\n\t<meta name=\"twitter:label2\" content=\"Tiempo de lectura\" \/>\n\t<meta name=\"twitter:data2\" content=\"5 minutos\" \/>\n<script type=\"application\/ld+json\" class=\"yoast-schema-graph\">{\"@context\":\"https:\\\/\\\/schema.org\",\"@graph\":[{\"@type\":\"Article\",\"@id\":\"https:\\\/\\\/exaudi.org\\\/es\\\/franciscanos-seglares-sed-espejos-de-cristo\\\/#article\",\"isPartOf\":{\"@id\":\"https:\\\/\\\/exaudi.org\\\/es\\\/franciscanos-seglares-sed-espejos-de-cristo\\\/\"},\"author\":{\"name\":\"Exaudi Redacci\u00f3n\",\"@id\":\"https:\\\/\\\/exaudi.org\\\/#\\\/schema\\\/person\\\/f5fc8f063065e38742da7afe15f25df7\"},\"headline\":\"Franciscanos seglares, \u201csed espejos de Cristo\u201d\",\"datePublished\":\"2021-11-15T14:31:09+00:00\",\"mainEntityOfPage\":{\"@id\":\"https:\\\/\\\/exaudi.org\\\/es\\\/franciscanos-seglares-sed-espejos-de-cristo\\\/\"},\"wordCount\":1139,\"commentCount\":0,\"image\":{\"@id\":\"https:\\\/\\\/exaudi.org\\\/es\\\/franciscanos-seglares-sed-espejos-de-cristo\\\/#primaryimage\"},\"thumbnailUrl\":\"https:\\\/\\\/exaudi.org\\\/wp-content\\\/uploads\\\/2021\\\/11\\\/sala-clementina-2-768x512-1.jpeg\",\"keywords\":[\"papa francisco\"],\"articleSection\":[\"Le\u00f3n XIV\",\"\u00daltimas noticias\"],\"inLanguage\":\"es\",\"potentialAction\":[{\"@type\":\"CommentAction\",\"name\":\"Comment\",\"target\":[\"https:\\\/\\\/exaudi.org\\\/es\\\/franciscanos-seglares-sed-espejos-de-cristo\\\/#respond\"]}]},{\"@type\":\"WebPage\",\"@id\":\"https:\\\/\\\/exaudi.org\\\/es\\\/franciscanos-seglares-sed-espejos-de-cristo\\\/\",\"url\":\"https:\\\/\\\/exaudi.org\\\/es\\\/franciscanos-seglares-sed-espejos-de-cristo\\\/\",\"name\":\"Franciscanos seglares, \u201csed espejos de Cristo\u201d &#8211; Exaudi\",\"isPartOf\":{\"@id\":\"https:\\\/\\\/exaudi.org\\\/#website\"},\"primaryImageOfPage\":{\"@id\":\"https:\\\/\\\/exaudi.org\\\/es\\\/franciscanos-seglares-sed-espejos-de-cristo\\\/#primaryimage\"},\"image\":{\"@id\":\"https:\\\/\\\/exaudi.org\\\/es\\\/franciscanos-seglares-sed-espejos-de-cristo\\\/#primaryimage\"},\"thumbnailUrl\":\"https:\\\/\\\/exaudi.org\\\/wp-content\\\/uploads\\\/2021\\\/11\\\/sala-clementina-2-768x512-1.jpeg\",\"datePublished\":\"2021-11-15T14:31:09+00:00\",\"author\":{\"@id\":\"https:\\\/\\\/exaudi.org\\\/#\\\/schema\\\/person\\\/f5fc8f063065e38742da7afe15f25df7\"},\"description\":\"El Papa recibi\u00f3 a los participantes del Cap\u00edtulo de la Orden de Franciscanos Seglares: \\\"Sois la Iglesia en salida, no olvid\u00e9is a los pobres\\\".\",\"breadcrumb\":{\"@id\":\"https:\\\/\\\/exaudi.org\\\/es\\\/franciscanos-seglares-sed-espejos-de-cristo\\\/#breadcrumb\"},\"inLanguage\":\"es\",\"potentialAction\":[{\"@type\":\"ReadAction\",\"target\":[\"https:\\\/\\\/exaudi.org\\\/es\\\/franciscanos-seglares-sed-espejos-de-cristo\\\/\"]}]},{\"@type\":\"ImageObject\",\"inLanguage\":\"es\",\"@id\":\"https:\\\/\\\/exaudi.org\\\/es\\\/franciscanos-seglares-sed-espejos-de-cristo\\\/#primaryimage\",\"url\":\"https:\\\/\\\/exaudi.org\\\/wp-content\\\/uploads\\\/2021\\\/11\\\/sala-clementina-2-768x512-1.jpeg\",\"contentUrl\":\"https:\\\/\\\/exaudi.org\\\/wp-content\\\/uploads\\\/2021\\\/11\\\/sala-clementina-2-768x512-1.jpeg\",\"width\":768,\"height\":512,\"caption\":\"\u00a9Vatican Media\"},{\"@type\":\"BreadcrumbList\",\"@id\":\"https:\\\/\\\/exaudi.org\\\/es\\\/franciscanos-seglares-sed-espejos-de-cristo\\\/#breadcrumb\",\"itemListElement\":[{\"@type\":\"ListItem\",\"position\":1,\"name\":\"Portada\",\"item\":\"https:\\\/\\\/exaudi.org\\\/es\\\/\"},{\"@type\":\"ListItem\",\"position\":2,\"name\":\"Franciscanos seglares, \u201csed espejos de Cristo\u201d\"}]},{\"@type\":\"WebSite\",\"@id\":\"https:\\\/\\\/exaudi.org\\\/#website\",\"url\":\"https:\\\/\\\/exaudi.org\\\/\",\"name\":\"Exaudi\",\"description\":\"News\",\"potentialAction\":[{\"@type\":\"SearchAction\",\"target\":{\"@type\":\"EntryPoint\",\"urlTemplate\":\"https:\\\/\\\/exaudi.org\\\/?s={search_term_string}\"},\"query-input\":{\"@type\":\"PropertyValueSpecification\",\"valueRequired\":true,\"valueName\":\"search_term_string\"}}],\"inLanguage\":\"es\"},{\"@type\":\"Person\",\"@id\":\"https:\\\/\\\/exaudi.org\\\/#\\\/schema\\\/person\\\/f5fc8f063065e38742da7afe15f25df7\",\"name\":\"Exaudi Redacci\u00f3n\",\"image\":{\"@type\":\"ImageObject\",\"inLanguage\":\"es\",\"@id\":\"https:\\\/\\\/secure.gravatar.com\\\/avatar\\\/fe0f6a059fb68d9b3e11bc5850dd4899b1c7492091a3cb6dd9b01b56ad828be2?s=96&d=mm&r=g\",\"url\":\"https:\\\/\\\/secure.gravatar.com\\\/avatar\\\/fe0f6a059fb68d9b3e11bc5850dd4899b1c7492091a3cb6dd9b01b56ad828be2?s=96&d=mm&r=g\",\"contentUrl\":\"https:\\\/\\\/secure.gravatar.com\\\/avatar\\\/fe0f6a059fb68d9b3e11bc5850dd4899b1c7492091a3cb6dd9b01b56ad828be2?s=96&d=mm&r=g\",\"caption\":\"Exaudi Redacci\u00f3n\"},\"description\":\"\u00bfQu\u00e9 es Exaudi News? Exaudi News es un medio de comunicaci\u00f3n cat\u00f3lico internacional que informa, forma y transforma, diariamente en espa\u00f1ol, ingl\u00e9s e italiano. A trav\u00e9s de noticias, art\u00edculos de an\u00e1lisis y transmisiones en directo de los eventos del Papa, Exaudi busca fortalecer la unidad de los cristianos y contribuir a la evangelizaci\u00f3n del mundo, siempre guiados por la doctrina social de la Iglesia. Trabajamos para acercar la verdad y los valores cristianos a cada rinc\u00f3n del planeta. \u00a1Ay\u00fadanos a transformar el mundo con Exaudi! En Exaudi creemos que la evangelizaci\u00f3n y la informaci\u00f3n de calidad pueden cambiar vidas. Para continuar con nuestra misi\u00f3n y expandir nuestro alcance, necesitamos tu ayuda. Adem\u00e1s, buscamos personas comprometidas que deseen unirse a nuestro equipo. Con tu apoyo, lograremos llegar a m\u00e1s personas, difundir el mensaje de Cristo y reforzar la unidad de los cristianos. \u00bfTe unes a nuestra misi\u00f3n? Para m\u00e1s informaci\u00f3n sobre c\u00f3mo colaborar, visita Exaudi.org\\\/es o cont\u00e1ctanos directamente: info@exaudi.org Exaudi: Informa, forma y transforma.\",\"sameAs\":[\"https:\\\/\\\/www.facebook.com\\\/ExaudiNoticias\\\/\",\"https:\\\/\\\/www.instagram.com\\\/exaudi_noticias\\\/\",\"https:\\\/\\\/x.com\\\/Exaudi_noticias\",\"https:\\\/\\\/www.youtube.com\\\/@exaudicatholicnews\"],\"url\":\"https:\\\/\\\/exaudi.org\\\/es\\\/author\\\/redaccionexaudi\\\/\"}]}<\/script>\n<!-- \/ Yoast SEO plugin. -->","yoast_head_json":{"title":"Franciscanos seglares, \u201csed espejos de Cristo\u201d &#8211; Exaudi","description":"El Papa recibi\u00f3 a los participantes del Cap\u00edtulo de la Orden de Franciscanos Seglares: \"Sois la Iglesia en salida, no olvid\u00e9is a los pobres\".","robots":{"index":"index","follow":"follow","max-snippet":"max-snippet:-1","max-image-preview":"max-image-preview:large","max-video-preview":"max-video-preview:-1"},"canonical":"https:\/\/exaudi.org\/es\/franciscanos-seglares-sed-espejos-de-cristo\/","og_locale":"es_ES","og_type":"article","og_title":"Franciscanos seglares, \u201csed espejos de Cristo\u201d &#8211; Exaudi","og_description":"El Papa recibi\u00f3 a los participantes del Cap\u00edtulo de la Orden de Franciscanos Seglares: \"Sois la Iglesia en salida, no olvid\u00e9is a los pobres\".","og_url":"https:\/\/exaudi.org\/es\/franciscanos-seglares-sed-espejos-de-cristo\/","og_site_name":"Exaudi","article_publisher":"https:\/\/www.facebook.com\/ExaudiNews","article_author":"https:\/\/www.facebook.com\/ExaudiNoticias\/","article_published_time":"2021-11-15T14:31:09+00:00","og_image":[{"width":768,"height":512,"url":"https:\/\/exaudi.org\/wp-content\/uploads\/2021\/11\/sala-clementina-2-768x512-1.jpeg","type":"image\/jpeg"}],"author":"Exaudi Redacci\u00f3n","twitter_card":"summary_large_image","twitter_creator":"@Exaudi_noticias","twitter_site":"@Exaudi_News","twitter_misc":{"Escrito por":"Exaudi Redacci\u00f3n","Tiempo de lectura":"5 minutos"},"schema":{"@context":"https:\/\/schema.org","@graph":[{"@type":"Article","@id":"https:\/\/exaudi.org\/es\/franciscanos-seglares-sed-espejos-de-cristo\/#article","isPartOf":{"@id":"https:\/\/exaudi.org\/es\/franciscanos-seglares-sed-espejos-de-cristo\/"},"author":{"name":"Exaudi Redacci\u00f3n","@id":"https:\/\/exaudi.org\/#\/schema\/person\/f5fc8f063065e38742da7afe15f25df7"},"headline":"Franciscanos seglares, \u201csed espejos de Cristo\u201d","datePublished":"2021-11-15T14:31:09+00:00","mainEntityOfPage":{"@id":"https:\/\/exaudi.org\/es\/franciscanos-seglares-sed-espejos-de-cristo\/"},"wordCount":1139,"commentCount":0,"image":{"@id":"https:\/\/exaudi.org\/es\/franciscanos-seglares-sed-espejos-de-cristo\/#primaryimage"},"thumbnailUrl":"https:\/\/exaudi.org\/wp-content\/uploads\/2021\/11\/sala-clementina-2-768x512-1.jpeg","keywords":["papa francisco"],"articleSection":["Le\u00f3n XIV","\u00daltimas noticias"],"inLanguage":"es","potentialAction":[{"@type":"CommentAction","name":"Comment","target":["https:\/\/exaudi.org\/es\/franciscanos-seglares-sed-espejos-de-cristo\/#respond"]}]},{"@type":"WebPage","@id":"https:\/\/exaudi.org\/es\/franciscanos-seglares-sed-espejos-de-cristo\/","url":"https:\/\/exaudi.org\/es\/franciscanos-seglares-sed-espejos-de-cristo\/","name":"Franciscanos seglares, \u201csed espejos de Cristo\u201d &#8211; Exaudi","isPartOf":{"@id":"https:\/\/exaudi.org\/#website"},"primaryImageOfPage":{"@id":"https:\/\/exaudi.org\/es\/franciscanos-seglares-sed-espejos-de-cristo\/#primaryimage"},"image":{"@id":"https:\/\/exaudi.org\/es\/franciscanos-seglares-sed-espejos-de-cristo\/#primaryimage"},"thumbnailUrl":"https:\/\/exaudi.org\/wp-content\/uploads\/2021\/11\/sala-clementina-2-768x512-1.jpeg","datePublished":"2021-11-15T14:31:09+00:00","author":{"@id":"https:\/\/exaudi.org\/#\/schema\/person\/f5fc8f063065e38742da7afe15f25df7"},"description":"El Papa recibi\u00f3 a los participantes del Cap\u00edtulo de la Orden de Franciscanos Seglares: \"Sois la Iglesia en salida, no olvid\u00e9is a los pobres\".","breadcrumb":{"@id":"https:\/\/exaudi.org\/es\/franciscanos-seglares-sed-espejos-de-cristo\/#breadcrumb"},"inLanguage":"es","potentialAction":[{"@type":"ReadAction","target":["https:\/\/exaudi.org\/es\/franciscanos-seglares-sed-espejos-de-cristo\/"]}]},{"@type":"ImageObject","inLanguage":"es","@id":"https:\/\/exaudi.org\/es\/franciscanos-seglares-sed-espejos-de-cristo\/#primaryimage","url":"https:\/\/exaudi.org\/wp-content\/uploads\/2021\/11\/sala-clementina-2-768x512-1.jpeg","contentUrl":"https:\/\/exaudi.org\/wp-content\/uploads\/2021\/11\/sala-clementina-2-768x512-1.jpeg","width":768,"height":512,"caption":"\u00a9Vatican Media"},{"@type":"BreadcrumbList","@id":"https:\/\/exaudi.org\/es\/franciscanos-seglares-sed-espejos-de-cristo\/#breadcrumb","itemListElement":[{"@type":"ListItem","position":1,"name":"Portada","item":"https:\/\/exaudi.org\/es\/"},{"@type":"ListItem","position":2,"name":"Franciscanos seglares, \u201csed espejos de Cristo\u201d"}]},{"@type":"WebSite","@id":"https:\/\/exaudi.org\/#website","url":"https:\/\/exaudi.org\/","name":"Exaudi","description":"News","potentialAction":[{"@type":"SearchAction","target":{"@type":"EntryPoint","urlTemplate":"https:\/\/exaudi.org\/?s={search_term_string}"},"query-input":{"@type":"PropertyValueSpecification","valueRequired":true,"valueName":"search_term_string"}}],"inLanguage":"es"},{"@type":"Person","@id":"https:\/\/exaudi.org\/#\/schema\/person\/f5fc8f063065e38742da7afe15f25df7","name":"Exaudi Redacci\u00f3n","image":{"@type":"ImageObject","inLanguage":"es","@id":"https:\/\/secure.gravatar.com\/avatar\/fe0f6a059fb68d9b3e11bc5850dd4899b1c7492091a3cb6dd9b01b56ad828be2?s=96&d=mm&r=g","url":"https:\/\/secure.gravatar.com\/avatar\/fe0f6a059fb68d9b3e11bc5850dd4899b1c7492091a3cb6dd9b01b56ad828be2?s=96&d=mm&r=g","contentUrl":"https:\/\/secure.gravatar.com\/avatar\/fe0f6a059fb68d9b3e11bc5850dd4899b1c7492091a3cb6dd9b01b56ad828be2?s=96&d=mm&r=g","caption":"Exaudi Redacci\u00f3n"},"description":"\u00bfQu\u00e9 es Exaudi News? Exaudi News es un medio de comunicaci\u00f3n cat\u00f3lico internacional que informa, forma y transforma, diariamente en espa\u00f1ol, ingl\u00e9s e italiano. A trav\u00e9s de noticias, art\u00edculos de an\u00e1lisis y transmisiones en directo de los eventos del Papa, Exaudi busca fortalecer la unidad de los cristianos y contribuir a la evangelizaci\u00f3n del mundo, siempre guiados por la doctrina social de la Iglesia. Trabajamos para acercar la verdad y los valores cristianos a cada rinc\u00f3n del planeta. \u00a1Ay\u00fadanos a transformar el mundo con Exaudi! En Exaudi creemos que la evangelizaci\u00f3n y la informaci\u00f3n de calidad pueden cambiar vidas. Para continuar con nuestra misi\u00f3n y expandir nuestro alcance, necesitamos tu ayuda. Adem\u00e1s, buscamos personas comprometidas que deseen unirse a nuestro equipo. Con tu apoyo, lograremos llegar a m\u00e1s personas, difundir el mensaje de Cristo y reforzar la unidad de los cristianos. \u00bfTe unes a nuestra misi\u00f3n? Para m\u00e1s informaci\u00f3n sobre c\u00f3mo colaborar, visita Exaudi.org\/es o cont\u00e1ctanos directamente: info@exaudi.org Exaudi: Informa, forma y transforma.","sameAs":["https:\/\/www.facebook.com\/ExaudiNoticias\/","https:\/\/www.instagram.com\/exaudi_noticias\/","https:\/\/x.com\/Exaudi_noticias","https:\/\/www.youtube.com\/@exaudicatholicnews"],"url":"https:\/\/exaudi.org\/es\/author\/redaccionexaudi\/"}]}},"jetpack_featured_media_url":"https:\/\/exaudi.org\/wp-content\/uploads\/2021\/11\/sala-clementina-2-768x512-1.jpeg","jetpack_shortlink":"https:\/\/wp.me\/pgKjF2-aEb","_links":{"self":[{"href":"https:\/\/exaudi.org\/es\/wp-json\/wp\/v2\/posts\/40931","targetHints":{"allow":["GET"]}}],"collection":[{"href":"https:\/\/exaudi.org\/es\/wp-json\/wp\/v2\/posts"}],"about":[{"href":"https:\/\/exaudi.org\/es\/wp-json\/wp\/v2\/types\/post"}],"author":[{"embeddable":true,"href":"https:\/\/exaudi.org\/es\/wp-json\/wp\/v2\/users\/15"}],"replies":[{"embeddable":true,"href":"https:\/\/exaudi.org\/es\/wp-json\/wp\/v2\/comments?post=40931"}],"version-history":[{"count":0,"href":"https:\/\/exaudi.org\/es\/wp-json\/wp\/v2\/posts\/40931\/revisions"}],"wp:featuredmedia":[{"embeddable":true,"href":"https:\/\/exaudi.org\/es\/wp-json\/wp\/v2\/media\/40932"}],"wp:attachment":[{"href":"https:\/\/exaudi.org\/es\/wp-json\/wp\/v2\/media?parent=40931"}],"wp:term":[{"taxonomy":"category","embeddable":true,"href":"https:\/\/exaudi.org\/es\/wp-json\/wp\/v2\/categories?post=40931"},{"taxonomy":"post_tag","embeddable":true,"href":"https:\/\/exaudi.org\/es\/wp-json\/wp\/v2\/tags?post=40931"}],"curies":[{"name":"wp","href":"https:\/\/api.w.org\/{rel}","templated":true}]}}