{"id":40844,"date":"2021-11-15T08:26:06","date_gmt":"2021-11-15T07:26:06","guid":{"rendered":"https:\/\/exaudi.wpengine.com\/papa-dama-valentina-alazraki\/"},"modified":"2021-11-15T08:26:06","modified_gmt":"2021-11-15T07:26:06","slug":"papa-dama-valentina-alazraki","status":"publish","type":"post","link":"https:\/\/exaudi.org\/es\/papa-dama-valentina-alazraki\/","title":{"rendered":"El Papa nombra dama a Valentina Alazraki"},"content":{"rendered":"<p>No todos los d\u00edas dos periodistas se convierten en dama y caballero. Pero eso es lo que ocurri\u00f3 el s\u00e1bado cuando el Papa Francisco honr\u00f3 a dos veteranos periodistas que informan sobre el Vaticano y la Santa Sede: la mexicana Valentina Alazraki y Philip Pullella, un estadounidense de origen italiano que trabaja para la agencia de noticias Reuters.<\/p>\n<p><img loading=\"lazy\" decoding=\"async\" class=\"size-medium wp-image-40000 alignleft\" src=\"https:\/\/exaudi.wpengine.com\/wp-content\/uploads\/2021\/11\/journalists-768x512-1-300x200-1.jpeg\" alt=\"\" width=\"300\" height=\"200\" \/>\u201cMe complace darles la bienvenida aqu\u00ed, despu\u00e9s de las muchas veces que nos hemos encontrado en el pasillo del avi\u00f3n, en las entrevistas a gran altura, o de paso en las distintas celebraciones y citas durante las peregrinaciones apost\u00f3licas por el mundo\u201d, record\u00f3 el Papa. \u201c\u00a1Somos compa\u00f1eros de viaje! Y hoy celebramos a dos periodistas experimentados, que siempre han seguido a los Papas, la informaci\u00f3n sobre la Santa Sede y la Iglesia cat\u00f3lica en general.<\/p>\n<p><img loading=\"lazy\" decoding=\"async\" class=\"size-medium wp-image-39981 alignright\" src=\"https:\/\/exaudi.wpengine.com\/wp-content\/uploads\/2021\/11\/him-300x200.jpeg\" alt=\"Papa dama caballero periodistas\" width=\"300\" height=\"200\" \/>\u201cUna es vuestra <a href=\"https:\/\/exaudi.org\/es\/viaje-a-irak-palabras-papa-vuelo\/\" target=\"_blank\" rel=\"noopener\">decana\u00a0Valentina Alazraki<\/a>: desde hace 47 a\u00f1os est\u00e1 en los vuelos papales, como periodista aqu\u00ed -\u00a1vino directamente despu\u00e9s de su Primera Comuni\u00f3n! Cuando era muy joven subi\u00f3 al avi\u00f3n que llev\u00f3 a <a href=\"https:\/\/www.vatican.va\/content\/john-paul-ii\/es.html\" target=\"_blank\" rel=\"noopener\">San Juan Pablo II<\/a> a Puebla, en 1979, la primera vez, y le regal\u00f3 al Papa un sombrero, uno de esos sombreros mexicanos.<\/p>\n<p>\u201cEl otro es su decano, Phil Pullella, tambi\u00e9n veterano y conocido protagonista de la informaci\u00f3n vaticana. \u00a1Cu\u00e1ntas experiencias compartidas, cu\u00e1ntos viajes, cu\u00e1ntos acontecimientos ha vivido en primera persona, cont\u00e1ndolos a sus espectadores y lectores! No quiero dejar de mencionar un nombre, y lo llevo en el coraz\u00f3n porque era un hombre bueno: un ruso que nos ha dejado, [Aleksei] Bukhalov. Un recuerdo de \u00e9l tambi\u00e9n en este momento: un buen compa\u00f1ero de viaje.<\/p>\n<h4><strong>Dama Valentina Alazraki con el Papa<\/strong><\/h4>\n<p><img loading=\"lazy\" decoding=\"async\" class=\"size-medium wp-image-40005 alignleft\" src=\"https:\/\/exaudi.wpengine.com\/wp-content\/uploads\/2021\/11\/SFO0165-300x200.jpg\" alt=\"\" width=\"300\" height=\"200\" \/>Alazraki, que informa para Noticieros Televisa y W Radio, comenz\u00f3 su carrera period\u00edstica en 1974, durante el pontificado de San Pablo VI.\u00a0\u00a0 Pullella, periodista desde hace unos 40 a\u00f1os, ha cubierto a los papas desde Juan Pablo II. Antes de incorporarse a Reuters en 1983, trabaj\u00f3 para United Press International.<\/p>\n<p>El premio que el Papa entreg\u00f3 tiene, a todas luces, un nombre elegante: el t\u00edtulo de \u201cDama\u201d y \u201cCaballero\u201d, respectivamente, de la Gran Cruz de la Orden del Papa P\u00edo. El Santo Padre destac\u00f3 el importante papel que desempe\u00f1an los periodistas al escuchar lo que ocurre en el Vaticano y en la Iglesia, y luego investigar.<\/p>\n<h4><strong>El caballero Felipe Pullella con el Papa<\/strong><\/h4>\n<p><img loading=\"lazy\" decoding=\"async\" class=\"size-medium wp-image-40011 alignright\" src=\"https:\/\/exaudi.wpengine.com\/wp-content\/uploads\/2021\/11\/SFO0902-scaled.jpg\" alt=\"\" width=\"300\" height=\"200\" \/>\u201cCon el premio concedido a Valentina y a Phil, hoy quiero rendir homenaje a toda vuestra comunidad de trabajo, para deciros que el Papa se preocupa por vosotros, os sigue, os estima y os considera preciosos\u201d, dijo Francisco. \u201cEl periodismo no se hace eligiendo una profesi\u00f3n, sino emprendiendo una misi\u00f3n, un poco como el m\u00e9dico, que estudia y trabaja para que se cure el mal del mundo. Vuestra misi\u00f3n es explicar el mundo, hacerlo menos oscuro, hacer que los que viven en \u00e9l le tengan menos miedo y miren a los dem\u00e1s con m\u00e1s conciencia, y tambi\u00e9n con m\u00e1s confianza.\u201d<\/p>\n<p>A continuaci\u00f3n, el texto completo de la alocuci\u00f3n del Santo Padre, facilitados por el Vaticano.<\/p>\n<p>***<\/p>\n<p><strong>Discurso del Santo Padre<\/strong><\/p>\n<p>Queridos amigos, \u00a1buenos d\u00edas!<\/p>\n<p>Me complace acogeros aqu\u00ed, despu\u00e9s de las muchas veces que nos hemos encontrado en el pasillo del avi\u00f3n, en las entrevistas a gran altura, o de paso en las diversas celebraciones y citas durante las peregrinaciones apost\u00f3licas por el mundo. \u00a1Somos compa\u00f1eros de viaje! Y hoy celebramos a dos periodistas experimentados, que siempre han seguido a los Papas, la informaci\u00f3n sobre la Santa Sede y la Iglesia cat\u00f3lica en general. Una de ellas es vuestra \u201cdecana\u201d, Valentina Alazraki: desde hace 47 a\u00f1os est\u00e1 en los vuelos papales, como periodista aqu\u00ed &#8211; \u00a1lleg\u00f3 directamente despu\u00e9s de su Primera Comuni\u00f3n! Cuando era muy joven subi\u00f3 al avi\u00f3n que llev\u00f3 a San Juan Pablo II a Puebla, en 1979, la primera vez, y le regal\u00f3 al Papa un sombrero, uno de esos sombreros mexicanos. El otro es su \u201cdecano\u201d, Phil Pullella, tambi\u00e9n veterano y conocido protagonista de la informaci\u00f3n vaticana. \u00a1Cu\u00e1ntas experiencias compartidas, cu\u00e1ntos viajes, cu\u00e1ntos acontecimientos ha vivido en primera persona, cont\u00e1ndolos a sus espectadores y lectores! No quiero dejar de mencionar un nombre, y lo llevo en el coraz\u00f3n porque era un hombre bueno: un ruso que nos ha dejado, [Aleksei] Bukhalov. Un recuerdo de \u00e9l tambi\u00e9n en este momento: un buen compa\u00f1ero de viaje.<\/p>\n<p>Con el premio concedido a Valentina y a Phil, hoy quiero rendir homenaje a toda vuestra comunidad de trabajo, deciros que el Papa se preocupa por vosotros, os sigue, os estima y os considera valiosos. El periodismo no se hace eligiendo una profesi\u00f3n, sino emprendiendo una misi\u00f3n, un poco como el m\u00e9dico, que estudia y trabaja para que el mal del mundo se cure. Su misi\u00f3n es explicar el mundo, hacerlo menos oscuro, hacer que los que viven en \u00e9l le tengan menos miedo y miren a los dem\u00e1s con m\u00e1s conciencia, y tambi\u00e9n con m\u00e1s confianza. No es una misi\u00f3n f\u00e1cil. Es complicado pensar, meditar, profundizar, pararse a recoger ideas, estudiar los contextos y precedentes de una noticia. El riesgo, como bien sabes, es dejarse abrumar por la noticia en lugar de ser capaz de darle sentido. Por eso os animo a conservar y cultivar ese sentido de misi\u00f3n que est\u00e1 en el origen de vuestra elecci\u00f3n. Y lo har\u00e9 con tres verbos que creo que caracterizan al buen periodismo: escuchar, investigar e informar.<\/p>\n<p>Escuchar es un verbo que os concierne como periodistas, pero que nos concierne a todos como Iglesia, en todo momento y especialmente ahora que ha comenzado el proceso sinodal. Para un periodista, escuchar significa tener la paciencia de encontrarse cara a cara con las personas a entrevistar, con los protagonistas de las historias que se cuentan, con las fuentes de las que se reciben las noticias. Escuchar siempre va de la mano de ver, de estar presente: ciertos matices, sensaciones y descripciones redondas s\u00f3lo pueden transmitirse a los lectores, oyentes y espectadores si el periodista ha escuchado y visto por s\u00ed mismo. Esto significa escapar -\u00a1y s\u00e9 lo dif\u00edcil que es esto en su trabajo! &#8211; escapar de la tiran\u00eda de estar siempre en l\u00ednea, en las redes sociales, en la web. El periodismo de escuchar y ver bien requiere tiempo. No todo se puede contar a trav\u00e9s del correo electr\u00f3nico, el tel\u00e9fono o una pantalla. Como record\u00e9 en el Mensaje para la Jornada de la Comunicaci\u00f3n de este a\u00f1o, necesitamos periodistas dispuestos a \u201cgastar la suela de los zapatos\u201d, a salir de la redacci\u00f3n, a caminar por la ciudad, a conocer a la gente, a valorar las situaciones que vivimos en nuestro tiempo. Escuchar es la primera palabra que me vino a la mente.<\/p>\n<p>La segunda, investigar es una consecuencia de escuchar y ver. Cada noticia, cada hecho del que hablamos, cada realidad que describimos necesita ser investigada. En una \u00e9poca en la que hay millones de informaciones disponibles en la red, y en la que muchas personas se informan y forman sus opiniones en las redes sociales, en las que desgraciadamente se impone a veces la l\u00f3gica de la simplificaci\u00f3n y la oposici\u00f3n, la contribuci\u00f3n m\u00e1s importante que puede hacer el buen periodismo es la del an\u00e1lisis en profundidad. En efecto, \u00bfqu\u00e9 m\u00e1s puedes ofrecer a quienes te leen o escuchan que lo que ya encuentran en la web?<\/p>\n<p>Puedes ofrecer el contexto, los precedentes, las claves de interpretaci\u00f3n que ayuden a situar el hecho que ha ocurrido. Sabes muy bien que, incluso cuando se trata de informaci\u00f3n sobre la Santa Sede, no todo lo que se dice es siempre \u201cnuevo\u201d o \u201crevolucionario\u201d. Trat\u00e9 de documentarlo en mi reciente discurso a los movimientos populares cuando indiqu\u00e9 las referencias a la Doctrina Social de la Iglesia en las que se basaban mis llamamientos. La Tradici\u00f3n y el Magisterio contin\u00faan y se desarrollan afrontando las exigencias siempre nuevas de los tiempos en que vivimos e ilumin\u00e1ndolas con el Evangelio.<\/p>\n<p>Escuchar, investigar y el tercer verbo, informar: No hace falta que os lo explique a vosotros, que os hab\u00e9is convertido en periodistas precisamente porque ten\u00e9is curiosidad por la realidad y os apasiona contarla. Informar significa no ponerse en primer plano, ni erigirse en juez, sino dejarse golpear y a veces herir por las historias que encontramos, para poder contarlas con humildad a nuestros lectores. La realidad es un gran ant\u00eddoto contra muchos \u201cmales\u201d. La realidad -lo que sucede, la vida y los testimonios de la gente- merece ser contada. Pienso en los libros que escribes, Valentina, sobre las mujeres que sufren la tiran\u00eda del maltrato.<\/p>\n<p>Hoy estamos muy necesitados de periodistas y comunicadores apasionados por la realidad, capaces de encontrar los tesoros que a menudo se esconden en los pliegues de nuestra sociedad y de contarlos, permiti\u00e9ndonos impresionarnos, aprender, ampliar nuestras mentes, captar aspectos que antes desconoc\u00edamos. Les agradezco su esfuerzo por contar la realidad. La diversidad de enfoques, de estilo, de puntos de vista ligados a diferentes culturas o afiliaciones religiosas, es tambi\u00e9n una riqueza de informaci\u00f3n. Tambi\u00e9n os agradezco lo que nos cont\u00e1is sobre lo que va mal en la Iglesia, por ayudarnos a no esconderlo bajo la alfombra, y por la voz que hab\u00e9is dado a las v\u00edctimas de los abusos: gracias por ello.<\/p>\n<p>Y, por favor, recordad tambi\u00e9n que la Iglesia no es una organizaci\u00f3n pol\u00edtica con izquierdas y derechas, como ocurre en los parlamentos. A veces, por desgracia, nuestras consideraciones se reducen a esto, con alguna ra\u00edz en la realidad. Pero no, la Iglesia no es esto. No es una gran empresa multinacional dirigida por directivos que estudian en la mesa c\u00f3mo vender mejor su producto. La Iglesia no se construye sobre la base de su propio proyecto, no saca de s\u00ed misma la fuerza para avanzar y no vive de estrategias de marketing. Cada vez que cae presa de esta tentaci\u00f3n mundana -y a veces cae, o ha ca\u00eddo-, la Iglesia, sin darse cuenta, cree tener luz propia y olvida que es el \u201c<em>mysterium lunae<\/em>\u201d del que hablaban los Padres de los primeros siglos -s\u00f3lo es aut\u00e9ntica a la luz de Otro, como la luna- y as\u00ed su acci\u00f3n pierde vigor y no sirve para nada. La Iglesia, compuesta por hombres y mujeres pecadores como todos los dem\u00e1s, ha nacido y existe para reflejar la luz de Otro, la luz de Jes\u00fas, como la luna lo hace con el sol. La Iglesia existe para llevar la palabra de Jes\u00fas al mundo y hacer posible hoy el encuentro con Jes\u00fas vivo, haci\u00e9ndose veh\u00edculo de su abrazo de misericordia ofrecido a todos.<\/p>\n<p>Gracias, queridos amigos, por este encuentro. Gracias y felicidades a nuestros dos \u201cdecanos\u201d. Gracias a todos por el trabajo que realiz\u00e1is. Gracias por vuestra b\u00fasqueda de la verdad, porque s\u00f3lo la verdad nos hace libres. Gracias.<\/p>\n<p><b>\u00a9 <\/b><span style=\"font-size: 15px;\"><b>Librer\u00eda<\/b><\/span><b> Editorial Vaticana<\/b><\/p>\n","protected":false},"excerpt":{"rendered":"<p>Y caballero a Philip Pullella. Ambos son reputados periodistas<\/p>\n","protected":false},"author":4,"featured_media":40849,"comment_status":"open","ping_status":"open","sticky":false,"template":"","format":"standard","meta":{"_acf_changed":false,"_crdt_document":"","inline_featured_image":false,"footnotes":""},"categories":[68,2158,298],"tags":[158],"class_list":["post-40844","post","type-post","status-publish","format-standard","has-post-thumbnail","hentry","category-leon-xiv","category-top-ultimas-noticias","category-ultimas-noticias","tag-papa-francisco"],"acf":[],"yoast_head":"<!-- This site is optimized with the Yoast SEO plugin v27.4 - https:\/\/yoast.com\/product\/yoast-seo-wordpress\/ -->\n<title>El Papa nombra dama a Valentina Alazraki &#8211; Exaudi<\/title>\n<meta name=\"description\" content=\"El Papa nombra dama a la mexicana Valentina Alazraki y caballero a Philip Pullella, ambos periodistas reputados\" \/>\n<meta name=\"robots\" content=\"index, follow, max-snippet:-1, max-image-preview:large, max-video-preview:-1\" \/>\n<link rel=\"canonical\" href=\"https:\/\/exaudi.org\/es\/papa-dama-valentina-alazraki\/\" \/>\n<meta property=\"og:locale\" content=\"es_ES\" \/>\n<meta property=\"og:type\" content=\"article\" \/>\n<meta property=\"og:title\" content=\"El Papa nombra dama a Valentina Alazraki &#8211; Exaudi\" \/>\n<meta property=\"og:description\" content=\"El Papa nombra dama a la mexicana Valentina Alazraki y caballero a Philip Pullella, ambos periodistas reputados\" \/>\n<meta property=\"og:url\" content=\"https:\/\/exaudi.org\/es\/papa-dama-valentina-alazraki\/\" \/>\n<meta property=\"og:site_name\" content=\"Exaudi\" \/>\n<meta property=\"article:publisher\" content=\"https:\/\/www.facebook.com\/ExaudiNews\" \/>\n<meta property=\"article:published_time\" content=\"2021-11-15T07:26:06+00:00\" \/>\n<meta property=\"og:image\" content=\"https:\/\/exaudi.org\/wp-content\/uploads\/2021\/11\/SFO0823-scaled-1.jpg\" \/>\n\t<meta property=\"og:image:width\" content=\"2560\" \/>\n\t<meta property=\"og:image:height\" content=\"1707\" \/>\n\t<meta property=\"og:image:type\" content=\"image\/jpeg\" \/>\n<meta name=\"author\" content=\"Jim Fair\" \/>\n<meta name=\"twitter:card\" content=\"summary_large_image\" \/>\n<meta name=\"twitter:creator\" content=\"@Exaudi_News\" \/>\n<meta name=\"twitter:site\" content=\"@Exaudi_News\" \/>\n<meta name=\"twitter:label1\" content=\"Escrito por\" \/>\n\t<meta name=\"twitter:data1\" content=\"Jim Fair\" \/>\n\t<meta name=\"twitter:label2\" content=\"Tiempo de lectura\" \/>\n\t<meta name=\"twitter:data2\" content=\"9 minutos\" \/>\n<script type=\"application\/ld+json\" class=\"yoast-schema-graph\">{\"@context\":\"https:\\\/\\\/schema.org\",\"@graph\":[{\"@type\":\"Article\",\"@id\":\"https:\\\/\\\/exaudi.org\\\/es\\\/papa-dama-valentina-alazraki\\\/#article\",\"isPartOf\":{\"@id\":\"https:\\\/\\\/exaudi.org\\\/es\\\/papa-dama-valentina-alazraki\\\/\"},\"author\":{\"name\":\"Jim Fair\",\"@id\":\"https:\\\/\\\/exaudi.org\\\/#\\\/schema\\\/person\\\/010bdf0d65f801cd06f263d9b37ae0f4\"},\"headline\":\"El Papa nombra dama a Valentina Alazraki\",\"datePublished\":\"2021-11-15T07:26:06+00:00\",\"mainEntityOfPage\":{\"@id\":\"https:\\\/\\\/exaudi.org\\\/es\\\/papa-dama-valentina-alazraki\\\/\"},\"wordCount\":1903,\"commentCount\":0,\"image\":{\"@id\":\"https:\\\/\\\/exaudi.org\\\/es\\\/papa-dama-valentina-alazraki\\\/#primaryimage\"},\"thumbnailUrl\":\"https:\\\/\\\/exaudi.org\\\/wp-content\\\/uploads\\\/2021\\\/11\\\/SFO0823-scaled-1.jpg\",\"keywords\":[\"papa francisco\"],\"articleSection\":[\"Le\u00f3n XIV\",\"Top Ultimas Noticias\",\"\u00daltimas noticias\"],\"inLanguage\":\"es\",\"potentialAction\":[{\"@type\":\"CommentAction\",\"name\":\"Comment\",\"target\":[\"https:\\\/\\\/exaudi.org\\\/es\\\/papa-dama-valentina-alazraki\\\/#respond\"]}]},{\"@type\":\"WebPage\",\"@id\":\"https:\\\/\\\/exaudi.org\\\/es\\\/papa-dama-valentina-alazraki\\\/\",\"url\":\"https:\\\/\\\/exaudi.org\\\/es\\\/papa-dama-valentina-alazraki\\\/\",\"name\":\"El Papa nombra dama a Valentina Alazraki &#8211; Exaudi\",\"isPartOf\":{\"@id\":\"https:\\\/\\\/exaudi.org\\\/#website\"},\"primaryImageOfPage\":{\"@id\":\"https:\\\/\\\/exaudi.org\\\/es\\\/papa-dama-valentina-alazraki\\\/#primaryimage\"},\"image\":{\"@id\":\"https:\\\/\\\/exaudi.org\\\/es\\\/papa-dama-valentina-alazraki\\\/#primaryimage\"},\"thumbnailUrl\":\"https:\\\/\\\/exaudi.org\\\/wp-content\\\/uploads\\\/2021\\\/11\\\/SFO0823-scaled-1.jpg\",\"datePublished\":\"2021-11-15T07:26:06+00:00\",\"author\":{\"@id\":\"https:\\\/\\\/exaudi.org\\\/#\\\/schema\\\/person\\\/010bdf0d65f801cd06f263d9b37ae0f4\"},\"description\":\"El Papa nombra dama a la mexicana Valentina Alazraki y caballero a Philip Pullella, ambos periodistas reputados\",\"breadcrumb\":{\"@id\":\"https:\\\/\\\/exaudi.org\\\/es\\\/papa-dama-valentina-alazraki\\\/#breadcrumb\"},\"inLanguage\":\"es\",\"potentialAction\":[{\"@type\":\"ReadAction\",\"target\":[\"https:\\\/\\\/exaudi.org\\\/es\\\/papa-dama-valentina-alazraki\\\/\"]}]},{\"@type\":\"ImageObject\",\"inLanguage\":\"es\",\"@id\":\"https:\\\/\\\/exaudi.org\\\/es\\\/papa-dama-valentina-alazraki\\\/#primaryimage\",\"url\":\"https:\\\/\\\/exaudi.org\\\/wp-content\\\/uploads\\\/2021\\\/11\\\/SFO0823-scaled-1.jpg\",\"contentUrl\":\"https:\\\/\\\/exaudi.org\\\/wp-content\\\/uploads\\\/2021\\\/11\\\/SFO0823-scaled-1.jpg\",\"width\":2560,\"height\":1707,\"caption\":\"Papa dama Valentina Alazraki\"},{\"@type\":\"BreadcrumbList\",\"@id\":\"https:\\\/\\\/exaudi.org\\\/es\\\/papa-dama-valentina-alazraki\\\/#breadcrumb\",\"itemListElement\":[{\"@type\":\"ListItem\",\"position\":1,\"name\":\"Portada\",\"item\":\"https:\\\/\\\/exaudi.org\\\/es\\\/\"},{\"@type\":\"ListItem\",\"position\":2,\"name\":\"El Papa nombra dama a Valentina Alazraki\"}]},{\"@type\":\"WebSite\",\"@id\":\"https:\\\/\\\/exaudi.org\\\/#website\",\"url\":\"https:\\\/\\\/exaudi.org\\\/\",\"name\":\"Exaudi\",\"description\":\"News\",\"potentialAction\":[{\"@type\":\"SearchAction\",\"target\":{\"@type\":\"EntryPoint\",\"urlTemplate\":\"https:\\\/\\\/exaudi.org\\\/?s={search_term_string}\"},\"query-input\":{\"@type\":\"PropertyValueSpecification\",\"valueRequired\":true,\"valueName\":\"search_term_string\"}}],\"inLanguage\":\"es\"},{\"@type\":\"Person\",\"@id\":\"https:\\\/\\\/exaudi.org\\\/#\\\/schema\\\/person\\\/010bdf0d65f801cd06f263d9b37ae0f4\",\"name\":\"Jim Fair\",\"image\":{\"@type\":\"ImageObject\",\"inLanguage\":\"es\",\"@id\":\"https:\\\/\\\/secure.gravatar.com\\\/avatar\\\/d9e9a2d31abad3e51c5d8f0279fc9b21b66199b8a85886455445ed562fd46934?s=96&d=mm&r=g\",\"url\":\"https:\\\/\\\/secure.gravatar.com\\\/avatar\\\/d9e9a2d31abad3e51c5d8f0279fc9b21b66199b8a85886455445ed562fd46934?s=96&d=mm&r=g\",\"contentUrl\":\"https:\\\/\\\/secure.gravatar.com\\\/avatar\\\/d9e9a2d31abad3e51c5d8f0279fc9b21b66199b8a85886455445ed562fd46934?s=96&d=mm&r=g\",\"caption\":\"Jim Fair\"},\"description\":\"Jim Fair has spent the past two decades as a communicator for Catholic organizations. He is a convert to the Catholic faith and is grateful to his wife, Charmaine, for her continuing efforts to save his soul. They have a son and daughter, both happily married, and four grandchildren. Before devoting his life full-time to things Catholic, Jim enjoyed a 23-year career in various communications roles for large corporations. Before that, he worked as a newspaper reporter, photographer, and editor. He has served as president of the Chicago Public Relations Forum, chairman of the American Petroleum Institute General Committee on Communications, and a fellow of Greater Leadership Chicago. He was a member of the founding committee of the chemical industry\u2019s Responsible Care Program. Jim is an active member of St. John Vianney Parish in Northlake, Illinois, where he chairs the finance council.\",\"url\":\"https:\\\/\\\/exaudi.org\\\/es\\\/author\\\/jfairexaudi-org\\\/\"}]}<\/script>\n<!-- \/ Yoast SEO plugin. -->","yoast_head_json":{"title":"El Papa nombra dama a Valentina Alazraki &#8211; Exaudi","description":"El Papa nombra dama a la mexicana Valentina Alazraki y caballero a Philip Pullella, ambos periodistas reputados","robots":{"index":"index","follow":"follow","max-snippet":"max-snippet:-1","max-image-preview":"max-image-preview:large","max-video-preview":"max-video-preview:-1"},"canonical":"https:\/\/exaudi.org\/es\/papa-dama-valentina-alazraki\/","og_locale":"es_ES","og_type":"article","og_title":"El Papa nombra dama a Valentina Alazraki &#8211; Exaudi","og_description":"El Papa nombra dama a la mexicana Valentina Alazraki y caballero a Philip Pullella, ambos periodistas reputados","og_url":"https:\/\/exaudi.org\/es\/papa-dama-valentina-alazraki\/","og_site_name":"Exaudi","article_publisher":"https:\/\/www.facebook.com\/ExaudiNews","article_published_time":"2021-11-15T07:26:06+00:00","og_image":[{"width":2560,"height":1707,"url":"https:\/\/exaudi.org\/wp-content\/uploads\/2021\/11\/SFO0823-scaled-1.jpg","type":"image\/jpeg"}],"author":"Jim Fair","twitter_card":"summary_large_image","twitter_creator":"@Exaudi_News","twitter_site":"@Exaudi_News","twitter_misc":{"Escrito por":"Jim Fair","Tiempo de lectura":"9 minutos"},"schema":{"@context":"https:\/\/schema.org","@graph":[{"@type":"Article","@id":"https:\/\/exaudi.org\/es\/papa-dama-valentina-alazraki\/#article","isPartOf":{"@id":"https:\/\/exaudi.org\/es\/papa-dama-valentina-alazraki\/"},"author":{"name":"Jim Fair","@id":"https:\/\/exaudi.org\/#\/schema\/person\/010bdf0d65f801cd06f263d9b37ae0f4"},"headline":"El Papa nombra dama a Valentina Alazraki","datePublished":"2021-11-15T07:26:06+00:00","mainEntityOfPage":{"@id":"https:\/\/exaudi.org\/es\/papa-dama-valentina-alazraki\/"},"wordCount":1903,"commentCount":0,"image":{"@id":"https:\/\/exaudi.org\/es\/papa-dama-valentina-alazraki\/#primaryimage"},"thumbnailUrl":"https:\/\/exaudi.org\/wp-content\/uploads\/2021\/11\/SFO0823-scaled-1.jpg","keywords":["papa francisco"],"articleSection":["Le\u00f3n XIV","Top Ultimas Noticias","\u00daltimas noticias"],"inLanguage":"es","potentialAction":[{"@type":"CommentAction","name":"Comment","target":["https:\/\/exaudi.org\/es\/papa-dama-valentina-alazraki\/#respond"]}]},{"@type":"WebPage","@id":"https:\/\/exaudi.org\/es\/papa-dama-valentina-alazraki\/","url":"https:\/\/exaudi.org\/es\/papa-dama-valentina-alazraki\/","name":"El Papa nombra dama a Valentina Alazraki &#8211; Exaudi","isPartOf":{"@id":"https:\/\/exaudi.org\/#website"},"primaryImageOfPage":{"@id":"https:\/\/exaudi.org\/es\/papa-dama-valentina-alazraki\/#primaryimage"},"image":{"@id":"https:\/\/exaudi.org\/es\/papa-dama-valentina-alazraki\/#primaryimage"},"thumbnailUrl":"https:\/\/exaudi.org\/wp-content\/uploads\/2021\/11\/SFO0823-scaled-1.jpg","datePublished":"2021-11-15T07:26:06+00:00","author":{"@id":"https:\/\/exaudi.org\/#\/schema\/person\/010bdf0d65f801cd06f263d9b37ae0f4"},"description":"El Papa nombra dama a la mexicana Valentina Alazraki y caballero a Philip Pullella, ambos periodistas reputados","breadcrumb":{"@id":"https:\/\/exaudi.org\/es\/papa-dama-valentina-alazraki\/#breadcrumb"},"inLanguage":"es","potentialAction":[{"@type":"ReadAction","target":["https:\/\/exaudi.org\/es\/papa-dama-valentina-alazraki\/"]}]},{"@type":"ImageObject","inLanguage":"es","@id":"https:\/\/exaudi.org\/es\/papa-dama-valentina-alazraki\/#primaryimage","url":"https:\/\/exaudi.org\/wp-content\/uploads\/2021\/11\/SFO0823-scaled-1.jpg","contentUrl":"https:\/\/exaudi.org\/wp-content\/uploads\/2021\/11\/SFO0823-scaled-1.jpg","width":2560,"height":1707,"caption":"Papa dama Valentina Alazraki"},{"@type":"BreadcrumbList","@id":"https:\/\/exaudi.org\/es\/papa-dama-valentina-alazraki\/#breadcrumb","itemListElement":[{"@type":"ListItem","position":1,"name":"Portada","item":"https:\/\/exaudi.org\/es\/"},{"@type":"ListItem","position":2,"name":"El Papa nombra dama a Valentina Alazraki"}]},{"@type":"WebSite","@id":"https:\/\/exaudi.org\/#website","url":"https:\/\/exaudi.org\/","name":"Exaudi","description":"News","potentialAction":[{"@type":"SearchAction","target":{"@type":"EntryPoint","urlTemplate":"https:\/\/exaudi.org\/?s={search_term_string}"},"query-input":{"@type":"PropertyValueSpecification","valueRequired":true,"valueName":"search_term_string"}}],"inLanguage":"es"},{"@type":"Person","@id":"https:\/\/exaudi.org\/#\/schema\/person\/010bdf0d65f801cd06f263d9b37ae0f4","name":"Jim Fair","image":{"@type":"ImageObject","inLanguage":"es","@id":"https:\/\/secure.gravatar.com\/avatar\/d9e9a2d31abad3e51c5d8f0279fc9b21b66199b8a85886455445ed562fd46934?s=96&d=mm&r=g","url":"https:\/\/secure.gravatar.com\/avatar\/d9e9a2d31abad3e51c5d8f0279fc9b21b66199b8a85886455445ed562fd46934?s=96&d=mm&r=g","contentUrl":"https:\/\/secure.gravatar.com\/avatar\/d9e9a2d31abad3e51c5d8f0279fc9b21b66199b8a85886455445ed562fd46934?s=96&d=mm&r=g","caption":"Jim Fair"},"description":"Jim Fair has spent the past two decades as a communicator for Catholic organizations. He is a convert to the Catholic faith and is grateful to his wife, Charmaine, for her continuing efforts to save his soul. They have a son and daughter, both happily married, and four grandchildren. Before devoting his life full-time to things Catholic, Jim enjoyed a 23-year career in various communications roles for large corporations. Before that, he worked as a newspaper reporter, photographer, and editor. He has served as president of the Chicago Public Relations Forum, chairman of the American Petroleum Institute General Committee on Communications, and a fellow of Greater Leadership Chicago. He was a member of the founding committee of the chemical industry\u2019s Responsible Care Program. Jim is an active member of St. John Vianney Parish in Northlake, Illinois, where he chairs the finance council.","url":"https:\/\/exaudi.org\/es\/author\/jfairexaudi-org\/"}]}},"jetpack_featured_media_url":"https:\/\/exaudi.org\/wp-content\/uploads\/2021\/11\/SFO0823-scaled-1.jpg","jetpack_shortlink":"https:\/\/wp.me\/pgKjF2-aCM","_links":{"self":[{"href":"https:\/\/exaudi.org\/es\/wp-json\/wp\/v2\/posts\/40844","targetHints":{"allow":["GET"]}}],"collection":[{"href":"https:\/\/exaudi.org\/es\/wp-json\/wp\/v2\/posts"}],"about":[{"href":"https:\/\/exaudi.org\/es\/wp-json\/wp\/v2\/types\/post"}],"author":[{"embeddable":true,"href":"https:\/\/exaudi.org\/es\/wp-json\/wp\/v2\/users\/4"}],"replies":[{"embeddable":true,"href":"https:\/\/exaudi.org\/es\/wp-json\/wp\/v2\/comments?post=40844"}],"version-history":[{"count":0,"href":"https:\/\/exaudi.org\/es\/wp-json\/wp\/v2\/posts\/40844\/revisions"}],"wp:featuredmedia":[{"embeddable":true,"href":"https:\/\/exaudi.org\/es\/wp-json\/wp\/v2\/media\/40849"}],"wp:attachment":[{"href":"https:\/\/exaudi.org\/es\/wp-json\/wp\/v2\/media?parent=40844"}],"wp:term":[{"taxonomy":"category","embeddable":true,"href":"https:\/\/exaudi.org\/es\/wp-json\/wp\/v2\/categories?post=40844"},{"taxonomy":"post_tag","embeddable":true,"href":"https:\/\/exaudi.org\/es\/wp-json\/wp\/v2\/tags?post=40844"}],"curies":[{"name":"wp","href":"https:\/\/api.w.org\/{rel}","templated":true}]}}