{"id":40746,"date":"2021-11-12T12:20:17","date_gmt":"2021-11-12T11:20:17","guid":{"rendered":"https:\/\/exaudi.wpengine.com\/obispos-de-cuba-cubanos-deberian-poder-expresar-sus-opiniones\/"},"modified":"2021-11-12T12:20:17","modified_gmt":"2021-11-12T11:20:17","slug":"obispos-de-cuba-cubanos-deberian-poder-expresar-sus-opiniones","status":"publish","type":"post","link":"https:\/\/exaudi.org\/es\/obispos-de-cuba-cubanos-deberian-poder-expresar-sus-opiniones\/","title":{"rendered":"Obispos de Cuba: Cubanos deber\u00edan poder expresar sus opiniones"},"content":{"rendered":"<p>\u201cToda persona merece estima y reconocimiento de su dignidad, por su condici\u00f3n de ser humano e hijo de Dios, por ser ciudadano libre, sujeto de derechos y deberes. En consecuencia, todo cubano deber\u00eda poder expresar y compartir libremente y con respeto, sus opiniones personales, su pensamiento o sus convicciones, incluso cuando disienta de la mayor\u00eda\u201d, declaran los obispos de Cuba.<\/p>\n<p>En un <a href=\"https:\/\/iglesiacubana.org\/cocc\/pages\/articles\/1742\" target=\"_blank\" rel=\"noopener\">mensaje<\/a> difundido el 11 de noviembre, al finalizar su 158 Asamblea Plenaria en La Habana, los <a href=\"https:\/\/iglesiacubana.org\/cocc\/pages\/index\">obispos de la Conferencia de Obispos Cat\u00f3licos de Cuba<\/a> (COCC) se han referido a la situaci\u00f3n de tensi\u00f3n que atraviesa el pa\u00eds.<\/p>\n<h4><strong>Marcha C\u00edvica por el Cambio en Cuba<\/strong><\/h4>\n<p>Tal y como informa <a href=\"https:\/\/holguincatolico.org\/\" target=\"_blank\" rel=\"noopener\">Holgu\u00edn Cat\u00f3lico<\/a>, este mensaje llega cuatro d\u00edas antes de una anunciada marcha pac\u00edfica el 15 de noviembre en varias ciudades de la Isla, la Marcha C\u00edvica por el Cambio en Cuba, considerada ilegal por el Gobierno. Los organizadores de la marcha exponen que su objetivo es pedir la liberaci\u00f3n de los presos pol\u00edticos en Cuba y el cese de la violencia represiva del r\u00e9gimen y han insistido en rechazar manifestaciones violentas.<\/p>\n<p>Las palabras de los <a href=\"https:\/\/exaudi.org\/es\/cuba-obispos-construir-patria-sin-exclusion\/\" target=\"_blank\" rel=\"noopener\">obispos cubanos<\/a> remarcan que \u201ctodo cubano deber\u00eda poder expresar y compartir libremente y con respeto, sus opiniones personales, su pensamiento o sus convicciones, incluso cuando disienta de la mayor\u00eda\u201d y constatan en las \u00faltimas semanas, \u201cel aumento de un clima de tensi\u00f3n y confrontaci\u00f3n que no es saludable ni beneficia a nadie\u201d.<\/p>\n<p>Los prelados condenan todo acto de violencia ya sea f\u00edsica, verbal o sicol\u00f3gica, porque \u201chiere gravemente el alma de la naci\u00f3n cubana y contribuye todav\u00eda m\u00e1s al pesar, al sufrimiento y a la tristeza de nuestras familias\u201d. Adem\u00e1s, reafirma que la violencia contradice la voluntad de Dios.<\/p>\n<h4><strong>Proyecto de naci\u00f3n sin exclusi\u00f3n<\/strong><\/h4>\n<p>Del mismo modo, los obispos\u00a0subrayan la urgencia de que\u00a0los cubanos puedan implicarse \u201cen un proyecto de naci\u00f3n que involucre y motive a todos; que tenga en cuenta las diferencias, sin exclusiones ni marginaciones\u201d.<\/p>\n<p>El texto habla tambi\u00e9n de la necesidad de que existan \u201cmecanismos donde, sin temor a intimidaci\u00f3n y represalias, toda persona pueda ser escuchada y se encaucen las insatisfacciones ante las duras realidades cotidianas que agobian a tantos, especialmente a los m\u00e1s empobrecidos y vulnerables\u201d. Asimismo, consideran imprescindible \u201cla implementaci\u00f3n de los cambios necesarios, tan largamente deseados, que favorezcan una vida digna y feliz para todos los hijos, aqu\u00ed, en esta tierra nuestra\u201d.<\/p>\n<h4><strong>Di\u00e1logo para lograr la paz y reconciliaci\u00f3n<\/strong><\/h4>\n<p>Los obispos exhortan una vez m\u00e1s a todos \u201ca que no escatimemos esfuerzos para que se allanen los caminos del entendimiento, la reconciliaci\u00f3n y la paz; de tal modo que las diversas propuestas sobre el destino presente y futuro de nuestro pa\u00eds, encuentren un \u00e1mbito de cordura, tolerancia y concordia, y se establezca un di\u00e1logo arm\u00f3nico y civilizado en el cual se puedan encontrar las mejores soluciones a los problemas que nos ata\u00f1en\u201d.<\/p>\n<p>Finalmente, encomiendan a la Virgen de la Caridad del Cobre, Madre y Patrona de Cuba\u00a0\u201cesta hora dif\u00edcil de la historia de nuestra naci\u00f3n, para que la luz que brota de la paz y del amor, prevalezca sobre los nubarrones del odio y de la enemistad\u201d.<\/p>\n<h4><strong>Asamblea de car\u00e1cter electivo<\/strong><\/h4>\n<p>De acuerdo al citado medio, la 158 Asamblea Plenaria de los obispos cubanos, celebrada del 8 al 11 de noviembre de 2021, ha sido de car\u00e1cter electivo para la Presidencia y el Comit\u00e9 Permanente de la COCC, as\u00ed como algunas Comisiones. De este modo, Mons. Emilio Aranguren Echeverr\u00eda, obispo de Holgu\u00edn, ha sido renovado en su cargo de presidente<\/p>\n<p>Asimismo, fueron elegidos en los siguientes cargos: vicepresidente, Mons. Arturo Gonz\u00e1lez Amador, Obispo de Santa Clara; secretario general, Mons. Juan de Dios Hern\u00e1ndez Ruiz, obispo de Pinar del R\u00edo. Son tambi\u00e9n miembros de Comit\u00e9 Permanente el cardenal Juan de la Caridad Garc\u00eda Rodr\u00edguez, arzobispo de La Habana y Mons. Juan Gabriel D\u00edaz Ruiz, obispo de Ciego de \u00c1vila.<\/p>\n","protected":false},"excerpt":{"rendered":"<p>Libremente y con respeto. Mensaje de los prelados ante clima de tensi\u00f3n en el pa\u00eds<\/p>\n","protected":false},"author":5,"featured_media":40747,"comment_status":"open","ping_status":"open","sticky":false,"template":"","format":"standard","meta":{"_acf_changed":false,"_crdt_document":"","inline_featured_image":false,"footnotes":""},"categories":[86,74,94],"tags":[3011,1033,2419],"class_list":["post-40746","post","type-post","status-publish","format-standard","has-post-thumbnail","hentry","category-iglesia-local","category-iglesia-y-mundo","category-justicia-y-paz","tag-conferencia-de-obispos-catolicos-de-cuba","tag-cuba","tag-featured"],"acf":[],"yoast_head":"<!-- This site is optimized with the Yoast SEO plugin v27.4 - https:\/\/yoast.com\/product\/yoast-seo-wordpress\/ -->\n<title>Obispos de Cuba: Cubanos deber\u00edan poder expresar sus opiniones &#8211; Exaudi<\/title>\n<meta name=\"description\" content=\"Los obispos de Cuba consideran que &quot;todo cubano deber\u00eda poder expresar y compartir libremente y con respeto, sus opiniones personales (...)&quot;\" \/>\n<meta name=\"robots\" content=\"index, follow, max-snippet:-1, max-image-preview:large, max-video-preview:-1\" \/>\n<link rel=\"canonical\" href=\"https:\/\/exaudi.org\/es\/obispos-de-cuba-cubanos-deberian-poder-expresar-sus-opiniones\/\" \/>\n<meta property=\"og:locale\" content=\"es_ES\" \/>\n<meta property=\"og:type\" content=\"article\" \/>\n<meta property=\"og:title\" content=\"Obispos de Cuba: Cubanos deber\u00edan poder expresar sus opiniones &#8211; Exaudi\" \/>\n<meta property=\"og:description\" content=\"Los obispos de Cuba consideran que &quot;todo cubano deber\u00eda poder expresar y compartir libremente y con respeto, sus opiniones personales (...)&quot;\" \/>\n<meta property=\"og:url\" content=\"https:\/\/exaudi.org\/es\/obispos-de-cuba-cubanos-deberian-poder-expresar-sus-opiniones\/\" \/>\n<meta property=\"og:site_name\" content=\"Exaudi\" \/>\n<meta property=\"article:publisher\" content=\"https:\/\/www.facebook.com\/ExaudiNews\" \/>\n<meta property=\"article:published_time\" content=\"2021-11-12T11:20:17+00:00\" \/>\n<meta property=\"og:image\" content=\"https:\/\/exaudi.org\/wp-content\/uploads\/2021\/11\/pexels-matthias-oben-3687918-scaled-1.jpg\" \/>\n\t<meta property=\"og:image:width\" content=\"2560\" \/>\n\t<meta property=\"og:image:height\" content=\"1707\" \/>\n\t<meta property=\"og:image:type\" content=\"image\/jpeg\" \/>\n<meta name=\"author\" content=\"Larissa I. L\u00f3pez\" \/>\n<meta name=\"twitter:card\" content=\"summary_large_image\" \/>\n<meta name=\"twitter:creator\" content=\"@Exaudi_News\" \/>\n<meta name=\"twitter:site\" content=\"@Exaudi_News\" \/>\n<meta name=\"twitter:label1\" content=\"Escrito por\" \/>\n\t<meta name=\"twitter:data1\" content=\"Larissa I. L\u00f3pez\" \/>\n\t<meta name=\"twitter:label2\" content=\"Tiempo de lectura\" \/>\n\t<meta name=\"twitter:data2\" content=\"3 minutos\" \/>\n<script type=\"application\/ld+json\" class=\"yoast-schema-graph\">{\"@context\":\"https:\\\/\\\/schema.org\",\"@graph\":[{\"@type\":\"Article\",\"@id\":\"https:\\\/\\\/exaudi.org\\\/es\\\/obispos-de-cuba-cubanos-deberian-poder-expresar-sus-opiniones\\\/#article\",\"isPartOf\":{\"@id\":\"https:\\\/\\\/exaudi.org\\\/es\\\/obispos-de-cuba-cubanos-deberian-poder-expresar-sus-opiniones\\\/\"},\"author\":{\"name\":\"Larissa I. L\u00f3pez\",\"@id\":\"https:\\\/\\\/exaudi.org\\\/#\\\/schema\\\/person\\\/7d2f77db033c2c0929edfab6dbe8c588\"},\"headline\":\"Obispos de Cuba: Cubanos deber\u00edan poder expresar sus opiniones\",\"datePublished\":\"2021-11-12T11:20:17+00:00\",\"mainEntityOfPage\":{\"@id\":\"https:\\\/\\\/exaudi.org\\\/es\\\/obispos-de-cuba-cubanos-deberian-poder-expresar-sus-opiniones\\\/\"},\"wordCount\":701,\"commentCount\":0,\"image\":{\"@id\":\"https:\\\/\\\/exaudi.org\\\/es\\\/obispos-de-cuba-cubanos-deberian-poder-expresar-sus-opiniones\\\/#primaryimage\"},\"thumbnailUrl\":\"https:\\\/\\\/exaudi.org\\\/wp-content\\\/uploads\\\/2021\\\/11\\\/pexels-matthias-oben-3687918-scaled-1.jpg\",\"keywords\":[\"Conferencia de Obispos Cat\u00f3licos de Cuba\",\"Cuba\",\"Featured\"],\"articleSection\":[\"Iglesia Local\",\"Iglesia y Mundo\",\"Justicia y Paz\"],\"inLanguage\":\"es\",\"potentialAction\":[{\"@type\":\"CommentAction\",\"name\":\"Comment\",\"target\":[\"https:\\\/\\\/exaudi.org\\\/es\\\/obispos-de-cuba-cubanos-deberian-poder-expresar-sus-opiniones\\\/#respond\"]}]},{\"@type\":\"WebPage\",\"@id\":\"https:\\\/\\\/exaudi.org\\\/es\\\/obispos-de-cuba-cubanos-deberian-poder-expresar-sus-opiniones\\\/\",\"url\":\"https:\\\/\\\/exaudi.org\\\/es\\\/obispos-de-cuba-cubanos-deberian-poder-expresar-sus-opiniones\\\/\",\"name\":\"Obispos de Cuba: Cubanos deber\u00edan poder expresar sus opiniones &#8211; Exaudi\",\"isPartOf\":{\"@id\":\"https:\\\/\\\/exaudi.org\\\/#website\"},\"primaryImageOfPage\":{\"@id\":\"https:\\\/\\\/exaudi.org\\\/es\\\/obispos-de-cuba-cubanos-deberian-poder-expresar-sus-opiniones\\\/#primaryimage\"},\"image\":{\"@id\":\"https:\\\/\\\/exaudi.org\\\/es\\\/obispos-de-cuba-cubanos-deberian-poder-expresar-sus-opiniones\\\/#primaryimage\"},\"thumbnailUrl\":\"https:\\\/\\\/exaudi.org\\\/wp-content\\\/uploads\\\/2021\\\/11\\\/pexels-matthias-oben-3687918-scaled-1.jpg\",\"datePublished\":\"2021-11-12T11:20:17+00:00\",\"author\":{\"@id\":\"https:\\\/\\\/exaudi.org\\\/#\\\/schema\\\/person\\\/7d2f77db033c2c0929edfab6dbe8c588\"},\"description\":\"Los obispos de Cuba consideran que \\\"todo cubano deber\u00eda poder expresar y compartir libremente y con respeto, sus opiniones personales (...)\\\"\",\"breadcrumb\":{\"@id\":\"https:\\\/\\\/exaudi.org\\\/es\\\/obispos-de-cuba-cubanos-deberian-poder-expresar-sus-opiniones\\\/#breadcrumb\"},\"inLanguage\":\"es\",\"potentialAction\":[{\"@type\":\"ReadAction\",\"target\":[\"https:\\\/\\\/exaudi.org\\\/es\\\/obispos-de-cuba-cubanos-deberian-poder-expresar-sus-opiniones\\\/\"]}]},{\"@type\":\"ImageObject\",\"inLanguage\":\"es\",\"@id\":\"https:\\\/\\\/exaudi.org\\\/es\\\/obispos-de-cuba-cubanos-deberian-poder-expresar-sus-opiniones\\\/#primaryimage\",\"url\":\"https:\\\/\\\/exaudi.org\\\/wp-content\\\/uploads\\\/2021\\\/11\\\/pexels-matthias-oben-3687918-scaled-1.jpg\",\"contentUrl\":\"https:\\\/\\\/exaudi.org\\\/wp-content\\\/uploads\\\/2021\\\/11\\\/pexels-matthias-oben-3687918-scaled-1.jpg\",\"width\":2560,\"height\":1707,\"caption\":\"Flag of Cuba \u00a9 Pexels. Matthias oben\"},{\"@type\":\"BreadcrumbList\",\"@id\":\"https:\\\/\\\/exaudi.org\\\/es\\\/obispos-de-cuba-cubanos-deberian-poder-expresar-sus-opiniones\\\/#breadcrumb\",\"itemListElement\":[{\"@type\":\"ListItem\",\"position\":1,\"name\":\"Portada\",\"item\":\"https:\\\/\\\/exaudi.org\\\/es\\\/\"},{\"@type\":\"ListItem\",\"position\":2,\"name\":\"Obispos de Cuba: Cubanos deber\u00edan poder expresar sus opiniones\"}]},{\"@type\":\"WebSite\",\"@id\":\"https:\\\/\\\/exaudi.org\\\/#website\",\"url\":\"https:\\\/\\\/exaudi.org\\\/\",\"name\":\"Exaudi\",\"description\":\"News\",\"potentialAction\":[{\"@type\":\"SearchAction\",\"target\":{\"@type\":\"EntryPoint\",\"urlTemplate\":\"https:\\\/\\\/exaudi.org\\\/?s={search_term_string}\"},\"query-input\":{\"@type\":\"PropertyValueSpecification\",\"valueRequired\":true,\"valueName\":\"search_term_string\"}}],\"inLanguage\":\"es\"},{\"@type\":\"Person\",\"@id\":\"https:\\\/\\\/exaudi.org\\\/#\\\/schema\\\/person\\\/7d2f77db033c2c0929edfab6dbe8c588\",\"name\":\"Larissa I. L\u00f3pez\",\"image\":{\"@type\":\"ImageObject\",\"inLanguage\":\"es\",\"@id\":\"https:\\\/\\\/secure.gravatar.com\\\/avatar\\\/db3ef399ff343d0bb9d25dc5198bc8ece5ac6d621eca79876697a354dabc1e3f?s=96&d=mm&r=g\",\"url\":\"https:\\\/\\\/secure.gravatar.com\\\/avatar\\\/db3ef399ff343d0bb9d25dc5198bc8ece5ac6d621eca79876697a354dabc1e3f?s=96&d=mm&r=g\",\"contentUrl\":\"https:\\\/\\\/secure.gravatar.com\\\/avatar\\\/db3ef399ff343d0bb9d25dc5198bc8ece5ac6d621eca79876697a354dabc1e3f?s=96&d=mm&r=g\",\"caption\":\"Larissa I. L\u00f3pez\"},\"description\":\"Doctora en Comunicaci\u00f3n. Mi trayectoria profesional ha transcurrido entre el \u00e1mbito de la comunicaci\u00f3n y el de la docencia. En los \u00faltimos a\u00f1os, he trabajado como coordinadora y redactora de la edici\u00f3n de ZENIT en espa\u00f1ol. Como profesora, he impartido clases en la universidad y en centros de FP y bachillerato. Cordobesa de nacimiento, tambi\u00e9n he vivido en Sevilla, Madrid y Roma\",\"url\":\"https:\\\/\\\/exaudi.org\\\/es\\\/author\\\/llopezexaudi-org\\\/\"}]}<\/script>\n<!-- \/ Yoast SEO plugin. -->","yoast_head_json":{"title":"Obispos de Cuba: Cubanos deber\u00edan poder expresar sus opiniones &#8211; Exaudi","description":"Los obispos de Cuba consideran que \"todo cubano deber\u00eda poder expresar y compartir libremente y con respeto, sus opiniones personales (...)\"","robots":{"index":"index","follow":"follow","max-snippet":"max-snippet:-1","max-image-preview":"max-image-preview:large","max-video-preview":"max-video-preview:-1"},"canonical":"https:\/\/exaudi.org\/es\/obispos-de-cuba-cubanos-deberian-poder-expresar-sus-opiniones\/","og_locale":"es_ES","og_type":"article","og_title":"Obispos de Cuba: Cubanos deber\u00edan poder expresar sus opiniones &#8211; Exaudi","og_description":"Los obispos de Cuba consideran que \"todo cubano deber\u00eda poder expresar y compartir libremente y con respeto, sus opiniones personales (...)\"","og_url":"https:\/\/exaudi.org\/es\/obispos-de-cuba-cubanos-deberian-poder-expresar-sus-opiniones\/","og_site_name":"Exaudi","article_publisher":"https:\/\/www.facebook.com\/ExaudiNews","article_published_time":"2021-11-12T11:20:17+00:00","og_image":[{"width":2560,"height":1707,"url":"https:\/\/exaudi.org\/wp-content\/uploads\/2021\/11\/pexels-matthias-oben-3687918-scaled-1.jpg","type":"image\/jpeg"}],"author":"Larissa I. L\u00f3pez","twitter_card":"summary_large_image","twitter_creator":"@Exaudi_News","twitter_site":"@Exaudi_News","twitter_misc":{"Escrito por":"Larissa I. L\u00f3pez","Tiempo de lectura":"3 minutos"},"schema":{"@context":"https:\/\/schema.org","@graph":[{"@type":"Article","@id":"https:\/\/exaudi.org\/es\/obispos-de-cuba-cubanos-deberian-poder-expresar-sus-opiniones\/#article","isPartOf":{"@id":"https:\/\/exaudi.org\/es\/obispos-de-cuba-cubanos-deberian-poder-expresar-sus-opiniones\/"},"author":{"name":"Larissa I. L\u00f3pez","@id":"https:\/\/exaudi.org\/#\/schema\/person\/7d2f77db033c2c0929edfab6dbe8c588"},"headline":"Obispos de Cuba: Cubanos deber\u00edan poder expresar sus opiniones","datePublished":"2021-11-12T11:20:17+00:00","mainEntityOfPage":{"@id":"https:\/\/exaudi.org\/es\/obispos-de-cuba-cubanos-deberian-poder-expresar-sus-opiniones\/"},"wordCount":701,"commentCount":0,"image":{"@id":"https:\/\/exaudi.org\/es\/obispos-de-cuba-cubanos-deberian-poder-expresar-sus-opiniones\/#primaryimage"},"thumbnailUrl":"https:\/\/exaudi.org\/wp-content\/uploads\/2021\/11\/pexels-matthias-oben-3687918-scaled-1.jpg","keywords":["Conferencia de Obispos Cat\u00f3licos de Cuba","Cuba","Featured"],"articleSection":["Iglesia Local","Iglesia y Mundo","Justicia y Paz"],"inLanguage":"es","potentialAction":[{"@type":"CommentAction","name":"Comment","target":["https:\/\/exaudi.org\/es\/obispos-de-cuba-cubanos-deberian-poder-expresar-sus-opiniones\/#respond"]}]},{"@type":"WebPage","@id":"https:\/\/exaudi.org\/es\/obispos-de-cuba-cubanos-deberian-poder-expresar-sus-opiniones\/","url":"https:\/\/exaudi.org\/es\/obispos-de-cuba-cubanos-deberian-poder-expresar-sus-opiniones\/","name":"Obispos de Cuba: Cubanos deber\u00edan poder expresar sus opiniones &#8211; Exaudi","isPartOf":{"@id":"https:\/\/exaudi.org\/#website"},"primaryImageOfPage":{"@id":"https:\/\/exaudi.org\/es\/obispos-de-cuba-cubanos-deberian-poder-expresar-sus-opiniones\/#primaryimage"},"image":{"@id":"https:\/\/exaudi.org\/es\/obispos-de-cuba-cubanos-deberian-poder-expresar-sus-opiniones\/#primaryimage"},"thumbnailUrl":"https:\/\/exaudi.org\/wp-content\/uploads\/2021\/11\/pexels-matthias-oben-3687918-scaled-1.jpg","datePublished":"2021-11-12T11:20:17+00:00","author":{"@id":"https:\/\/exaudi.org\/#\/schema\/person\/7d2f77db033c2c0929edfab6dbe8c588"},"description":"Los obispos de Cuba consideran que \"todo cubano deber\u00eda poder expresar y compartir libremente y con respeto, sus opiniones personales (...)\"","breadcrumb":{"@id":"https:\/\/exaudi.org\/es\/obispos-de-cuba-cubanos-deberian-poder-expresar-sus-opiniones\/#breadcrumb"},"inLanguage":"es","potentialAction":[{"@type":"ReadAction","target":["https:\/\/exaudi.org\/es\/obispos-de-cuba-cubanos-deberian-poder-expresar-sus-opiniones\/"]}]},{"@type":"ImageObject","inLanguage":"es","@id":"https:\/\/exaudi.org\/es\/obispos-de-cuba-cubanos-deberian-poder-expresar-sus-opiniones\/#primaryimage","url":"https:\/\/exaudi.org\/wp-content\/uploads\/2021\/11\/pexels-matthias-oben-3687918-scaled-1.jpg","contentUrl":"https:\/\/exaudi.org\/wp-content\/uploads\/2021\/11\/pexels-matthias-oben-3687918-scaled-1.jpg","width":2560,"height":1707,"caption":"Flag of Cuba \u00a9 Pexels. Matthias oben"},{"@type":"BreadcrumbList","@id":"https:\/\/exaudi.org\/es\/obispos-de-cuba-cubanos-deberian-poder-expresar-sus-opiniones\/#breadcrumb","itemListElement":[{"@type":"ListItem","position":1,"name":"Portada","item":"https:\/\/exaudi.org\/es\/"},{"@type":"ListItem","position":2,"name":"Obispos de Cuba: Cubanos deber\u00edan poder expresar sus opiniones"}]},{"@type":"WebSite","@id":"https:\/\/exaudi.org\/#website","url":"https:\/\/exaudi.org\/","name":"Exaudi","description":"News","potentialAction":[{"@type":"SearchAction","target":{"@type":"EntryPoint","urlTemplate":"https:\/\/exaudi.org\/?s={search_term_string}"},"query-input":{"@type":"PropertyValueSpecification","valueRequired":true,"valueName":"search_term_string"}}],"inLanguage":"es"},{"@type":"Person","@id":"https:\/\/exaudi.org\/#\/schema\/person\/7d2f77db033c2c0929edfab6dbe8c588","name":"Larissa I. L\u00f3pez","image":{"@type":"ImageObject","inLanguage":"es","@id":"https:\/\/secure.gravatar.com\/avatar\/db3ef399ff343d0bb9d25dc5198bc8ece5ac6d621eca79876697a354dabc1e3f?s=96&d=mm&r=g","url":"https:\/\/secure.gravatar.com\/avatar\/db3ef399ff343d0bb9d25dc5198bc8ece5ac6d621eca79876697a354dabc1e3f?s=96&d=mm&r=g","contentUrl":"https:\/\/secure.gravatar.com\/avatar\/db3ef399ff343d0bb9d25dc5198bc8ece5ac6d621eca79876697a354dabc1e3f?s=96&d=mm&r=g","caption":"Larissa I. L\u00f3pez"},"description":"Doctora en Comunicaci\u00f3n. Mi trayectoria profesional ha transcurrido entre el \u00e1mbito de la comunicaci\u00f3n y el de la docencia. En los \u00faltimos a\u00f1os, he trabajado como coordinadora y redactora de la edici\u00f3n de ZENIT en espa\u00f1ol. Como profesora, he impartido clases en la universidad y en centros de FP y bachillerato. Cordobesa de nacimiento, tambi\u00e9n he vivido en Sevilla, Madrid y Roma","url":"https:\/\/exaudi.org\/es\/author\/llopezexaudi-org\/"}]}},"jetpack_featured_media_url":"https:\/\/exaudi.org\/wp-content\/uploads\/2021\/11\/pexels-matthias-oben-3687918-scaled-1.jpg","jetpack_shortlink":"https:\/\/wp.me\/pgKjF2-aBc","_links":{"self":[{"href":"https:\/\/exaudi.org\/es\/wp-json\/wp\/v2\/posts\/40746","targetHints":{"allow":["GET"]}}],"collection":[{"href":"https:\/\/exaudi.org\/es\/wp-json\/wp\/v2\/posts"}],"about":[{"href":"https:\/\/exaudi.org\/es\/wp-json\/wp\/v2\/types\/post"}],"author":[{"embeddable":true,"href":"https:\/\/exaudi.org\/es\/wp-json\/wp\/v2\/users\/5"}],"replies":[{"embeddable":true,"href":"https:\/\/exaudi.org\/es\/wp-json\/wp\/v2\/comments?post=40746"}],"version-history":[{"count":0,"href":"https:\/\/exaudi.org\/es\/wp-json\/wp\/v2\/posts\/40746\/revisions"}],"wp:featuredmedia":[{"embeddable":true,"href":"https:\/\/exaudi.org\/es\/wp-json\/wp\/v2\/media\/40747"}],"wp:attachment":[{"href":"https:\/\/exaudi.org\/es\/wp-json\/wp\/v2\/media?parent=40746"}],"wp:term":[{"taxonomy":"category","embeddable":true,"href":"https:\/\/exaudi.org\/es\/wp-json\/wp\/v2\/categories?post=40746"},{"taxonomy":"post_tag","embeddable":true,"href":"https:\/\/exaudi.org\/es\/wp-json\/wp\/v2\/tags?post=40746"}],"curies":[{"name":"wp","href":"https:\/\/api.w.org\/{rel}","templated":true}]}}