{"id":40616,"date":"2021-11-14T07:00:45","date_gmt":"2021-11-14T06:00:45","guid":{"rendered":"https:\/\/exaudi.wpengine.com\/evangelio-14-de-noviembre-reunira-a-sus-elegidos\/"},"modified":"2021-11-14T07:00:45","modified_gmt":"2021-11-14T06:00:45","slug":"evangelio-14-de-noviembre-reunira-a-sus-elegidos","status":"publish","type":"post","link":"https:\/\/exaudi.org\/es\/evangelio-14-de-noviembre-reunira-a-sus-elegidos\/","title":{"rendered":"Evangelio, 14 de noviembre:  \u201cReunir\u00e1 a sus elegidos\u201d"},"content":{"rendered":"<p>El <a href=\"https:\/\/exaudi.org\/es\/author\/jorgemiro\/\" target=\"_blank\" rel=\"noopener\">padre Jorge Mir\u00f3<\/a> comparte con los lectores de Exaudi su comentario sobre el Evangelio de hoy, 14 de noviembre de 2021, XXXIII Domingo del Tiempo Ordinario, titulado \u201cReunir\u00e1 a sus elegidos de los cuatro vientos\u201d.<\/p>\n<p>***<\/p>\n<p>Nos vamos acercando ya al final del A\u00f1o Lit\u00fargico y, por ello, la Iglesia quiere recordarnos cu\u00e1l es la meta hacia la que caminamos. Porque cuando uno no sabe a d\u00f3nde va, acaba viviendo desorientado; viviendo, como dice el Papa Francisco, como un vagabundo existencial.<\/p>\n<p>Dios te ha creado por amor y, creado a su imagen y semejanza te ha creado para amar. Este es el hilo conductor de toda la fe cristiana.<\/p>\n<p>Y Dios te ama tanto que te ha creado para vivir con \u00c9l para siempre, para toda la eternidad. Esa es la meta hacia la que caminamos. Y el tiempo presente es el tiempo del Esp\u00edritu Santo y del testimonio (cf. Hch 1, 8).<\/p>\n<p>Pero tambi\u00e9n es un tiempo de lucha -somos la Iglesia militante- porque el diablo, como le\u00f3n rugiente, ronda buscando a quien devorar. Resistidle, firmes en la fe (cf. 1 Pe 5, 8-9). A trav\u00e9s de toda la historia humana existe una dura batalla contra el poder de las tinieblas, que, iniciada en los or\u00edgenes del mundo, durar\u00e1, como dice el Se\u00f1or, hasta el d\u00eda final (cf. GS 37).<\/p>\n<p>Y, en medio de este combate, la Palabra nos invita a agarrarnos a Jesucristo, que ya ha derrotado para siempre al diablo: Cristo, despu\u00e9s de haber ofrecido por los pecados un \u00fanico sacrificio, est\u00e1 sentado para siempre jam\u00e1s a la derecha de Dios y espera el tiempo que falta hasta que sus enemigos sean puestos como estrado de sus pies.<\/p>\n<p>A poner toda nuestra confianza en la fidelidad de Dios, que es el fundamento de nuestra esperanza: Prot\u00e9geme, Dios m\u00edo, que me refugio en ti\u2026 mi suerte est\u00e1 en tu mano. Tengo siempre presente al Se\u00f1or, con \u00e9l a mi derecha no vacilar\u00e9.<\/p>\n<p>A dejarnos iluminar por su Palabra, que es eterna, que es siempre Palabra de amor, de vida y de salvaci\u00f3n: el cielo y la tierra pasar\u00e1n, pero mis palabras no pasar\u00e1n.<\/p>\n<p>La segunda venida de Jesucristo no puede producir miedo ni angustia, porque es una promesa, no una amenaza. Cristo nos ha precedido para prepararnos el lugar.<\/p>\n<p>Es \u00fatil que Dios haya querido que ignor\u00e1semos aquel d\u00eda, para que el coraz\u00f3n est\u00e9 siempre preparado en la espera de lo que sabe que ha de llegar, aunque no sepa cu\u00e1ndo ha de ser (cf. San Agust\u00edn, Comentario al salmo 36,1,1): En cuanto al d\u00eda y la hora, nadie lo conoce, ni los \u00e1ngeles del cielo ni el Hijo, solo el Padre.<\/p>\n<p>Nos invita a estar en vela, en actitud de conversi\u00f3n: Estad despiertos todo el tiempo, pidiendo manteneros en pie ante el Hijo del hombre\u2026 que est\u00e1 cerca, a la puerta. La vigilancia es vivir poniendo toda nuestra vida bajo el se\u00f1or\u00edo de Jesucristo, viviendo en su Cuerpo, que es la Iglesia. Estar vigilantes es dejar que el Esp\u00edritu Santo vaya realizando en nosotros la obra de la santidad.<\/p>\n<p>\u00a1Pide el Esp\u00edritu Santo! \u00a1Que te enamore de Jesucristo! As\u00ed vivir\u00e1s la vida como un tiempo de gracia: me saciar\u00e1s de gozo en tu presencia.<\/p>\n","protected":false},"excerpt":{"rendered":"<p>XXXIII Domingo del Tiempo Ordinario<\/p>\n","protected":false},"author":20,"featured_media":40617,"comment_status":"open","ping_status":"open","sticky":false,"template":"","format":"standard","meta":{"_acf_changed":false,"_crdt_document":"","inline_featured_image":false,"footnotes":""},"categories":[96,74,298],"tags":[368,369],"class_list":["post-40616","post","type-post","status-publish","format-standard","has-post-thumbnail","hentry","category-espiritualidad","category-iglesia-y-mundo","category-ultimas-noticias","tag-comentario-del-evangelio","tag-padre-jorge-miro"],"acf":[],"yoast_head":"<!-- This site is optimized with the Yoast SEO plugin v27.4 - https:\/\/yoast.com\/product\/yoast-seo-wordpress\/ -->\n<title>Evangelio, 14 de noviembre: \u201cReunir\u00e1 a sus elegidos\u201d &#8211; Exaudi<\/title>\n<meta name=\"description\" content=\"Aqu\u00ed est\u00e1 el comentario sobre el Evangelio de hoy, 14 de noviembre de 2021, XXXIII Domingo del Tiempo Ordinario\" \/>\n<meta name=\"robots\" content=\"index, follow, max-snippet:-1, max-image-preview:large, max-video-preview:-1\" \/>\n<link rel=\"canonical\" href=\"https:\/\/exaudi.org\/es\/evangelio-14-de-noviembre-reunira-a-sus-elegidos\/\" \/>\n<meta property=\"og:locale\" content=\"es_ES\" \/>\n<meta property=\"og:type\" content=\"article\" \/>\n<meta property=\"og:title\" content=\"Evangelio, 14 de noviembre: \u201cReunir\u00e1 a sus elegidos\u201d &#8211; Exaudi\" \/>\n<meta property=\"og:description\" content=\"Aqu\u00ed est\u00e1 el comentario sobre el Evangelio de hoy, 14 de noviembre de 2021, XXXIII Domingo del Tiempo Ordinario\" \/>\n<meta property=\"og:url\" content=\"https:\/\/exaudi.org\/es\/evangelio-14-de-noviembre-reunira-a-sus-elegidos\/\" \/>\n<meta property=\"og:site_name\" content=\"Exaudi\" \/>\n<meta property=\"article:publisher\" content=\"https:\/\/www.facebook.com\/ExaudiNews\" \/>\n<meta property=\"article:published_time\" content=\"2021-11-14T06:00:45+00:00\" \/>\n<meta property=\"og:image\" content=\"https:\/\/exaudi.org\/wp-content\/uploads\/2021\/11\/Disen\u0303o-sin-ti\u0301tulo-8.jpg\" \/>\n\t<meta property=\"og:image:width\" content=\"551\" \/>\n\t<meta property=\"og:image:height\" content=\"385\" \/>\n\t<meta property=\"og:image:type\" content=\"image\/jpeg\" \/>\n<meta name=\"author\" content=\"Jorge Mir\u00f3\" \/>\n<meta name=\"twitter:card\" content=\"summary_large_image\" \/>\n<meta name=\"twitter:creator\" content=\"@Exaudi_News\" \/>\n<meta name=\"twitter:site\" content=\"@Exaudi_News\" \/>\n<meta name=\"twitter:label1\" content=\"Escrito por\" \/>\n\t<meta name=\"twitter:data1\" content=\"Jorge Mir\u00f3\" \/>\n\t<meta name=\"twitter:label2\" content=\"Tiempo de lectura\" \/>\n\t<meta name=\"twitter:data2\" content=\"3 minutos\" \/>\n<script type=\"application\/ld+json\" class=\"yoast-schema-graph\">{\"@context\":\"https:\\\/\\\/schema.org\",\"@graph\":[{\"@type\":\"Article\",\"@id\":\"https:\\\/\\\/exaudi.org\\\/es\\\/evangelio-14-de-noviembre-reunira-a-sus-elegidos\\\/#article\",\"isPartOf\":{\"@id\":\"https:\\\/\\\/exaudi.org\\\/es\\\/evangelio-14-de-noviembre-reunira-a-sus-elegidos\\\/\"},\"author\":{\"name\":\"Jorge Mir\u00f3\",\"@id\":\"https:\\\/\\\/exaudi.org\\\/#\\\/schema\\\/person\\\/a258c56b05e63b2b367bdca29e0ed3e3\"},\"headline\":\"Evangelio, 14 de noviembre: \u201cReunir\u00e1 a sus elegidos\u201d\",\"datePublished\":\"2021-11-14T06:00:45+00:00\",\"mainEntityOfPage\":{\"@id\":\"https:\\\/\\\/exaudi.org\\\/es\\\/evangelio-14-de-noviembre-reunira-a-sus-elegidos\\\/\"},\"wordCount\":568,\"commentCount\":0,\"image\":{\"@id\":\"https:\\\/\\\/exaudi.org\\\/es\\\/evangelio-14-de-noviembre-reunira-a-sus-elegidos\\\/#primaryimage\"},\"thumbnailUrl\":\"https:\\\/\\\/exaudi.org\\\/wp-content\\\/uploads\\\/2021\\\/11\\\/Disen\u0303o-sin-ti\u0301tulo-8.jpg\",\"keywords\":[\"Comentario del Evangelio\",\"Padre Jorge Mir\u00f3\"],\"articleSection\":[\"Espiritualidad\",\"Iglesia y Mundo\",\"\u00daltimas noticias\"],\"inLanguage\":\"es\",\"potentialAction\":[{\"@type\":\"CommentAction\",\"name\":\"Comment\",\"target\":[\"https:\\\/\\\/exaudi.org\\\/es\\\/evangelio-14-de-noviembre-reunira-a-sus-elegidos\\\/#respond\"]}]},{\"@type\":\"WebPage\",\"@id\":\"https:\\\/\\\/exaudi.org\\\/es\\\/evangelio-14-de-noviembre-reunira-a-sus-elegidos\\\/\",\"url\":\"https:\\\/\\\/exaudi.org\\\/es\\\/evangelio-14-de-noviembre-reunira-a-sus-elegidos\\\/\",\"name\":\"Evangelio, 14 de noviembre: \u201cReunir\u00e1 a sus elegidos\u201d &#8211; Exaudi\",\"isPartOf\":{\"@id\":\"https:\\\/\\\/exaudi.org\\\/#website\"},\"primaryImageOfPage\":{\"@id\":\"https:\\\/\\\/exaudi.org\\\/es\\\/evangelio-14-de-noviembre-reunira-a-sus-elegidos\\\/#primaryimage\"},\"image\":{\"@id\":\"https:\\\/\\\/exaudi.org\\\/es\\\/evangelio-14-de-noviembre-reunira-a-sus-elegidos\\\/#primaryimage\"},\"thumbnailUrl\":\"https:\\\/\\\/exaudi.org\\\/wp-content\\\/uploads\\\/2021\\\/11\\\/Disen\u0303o-sin-ti\u0301tulo-8.jpg\",\"datePublished\":\"2021-11-14T06:00:45+00:00\",\"author\":{\"@id\":\"https:\\\/\\\/exaudi.org\\\/#\\\/schema\\\/person\\\/a258c56b05e63b2b367bdca29e0ed3e3\"},\"description\":\"Aqu\u00ed est\u00e1 el comentario sobre el Evangelio de hoy, 14 de noviembre de 2021, XXXIII Domingo del Tiempo Ordinario\",\"breadcrumb\":{\"@id\":\"https:\\\/\\\/exaudi.org\\\/es\\\/evangelio-14-de-noviembre-reunira-a-sus-elegidos\\\/#breadcrumb\"},\"inLanguage\":\"es\",\"potentialAction\":[{\"@type\":\"ReadAction\",\"target\":[\"https:\\\/\\\/exaudi.org\\\/es\\\/evangelio-14-de-noviembre-reunira-a-sus-elegidos\\\/\"]}]},{\"@type\":\"ImageObject\",\"inLanguage\":\"es\",\"@id\":\"https:\\\/\\\/exaudi.org\\\/es\\\/evangelio-14-de-noviembre-reunira-a-sus-elegidos\\\/#primaryimage\",\"url\":\"https:\\\/\\\/exaudi.org\\\/wp-content\\\/uploads\\\/2021\\\/11\\\/Disen\u0303o-sin-ti\u0301tulo-8.jpg\",\"contentUrl\":\"https:\\\/\\\/exaudi.org\\\/wp-content\\\/uploads\\\/2021\\\/11\\\/Disen\u0303o-sin-ti\u0301tulo-8.jpg\",\"width\":551,\"height\":385,\"caption\":\"\u00a9Alba Montalvo\"},{\"@type\":\"BreadcrumbList\",\"@id\":\"https:\\\/\\\/exaudi.org\\\/es\\\/evangelio-14-de-noviembre-reunira-a-sus-elegidos\\\/#breadcrumb\",\"itemListElement\":[{\"@type\":\"ListItem\",\"position\":1,\"name\":\"Portada\",\"item\":\"https:\\\/\\\/exaudi.org\\\/es\\\/\"},{\"@type\":\"ListItem\",\"position\":2,\"name\":\"Evangelio, 14 de noviembre: \u201cReunir\u00e1 a sus elegidos\u201d\"}]},{\"@type\":\"WebSite\",\"@id\":\"https:\\\/\\\/exaudi.org\\\/#website\",\"url\":\"https:\\\/\\\/exaudi.org\\\/\",\"name\":\"Exaudi\",\"description\":\"News\",\"potentialAction\":[{\"@type\":\"SearchAction\",\"target\":{\"@type\":\"EntryPoint\",\"urlTemplate\":\"https:\\\/\\\/exaudi.org\\\/?s={search_term_string}\"},\"query-input\":{\"@type\":\"PropertyValueSpecification\",\"valueRequired\":true,\"valueName\":\"search_term_string\"}}],\"inLanguage\":\"es\"},{\"@type\":\"Person\",\"@id\":\"https:\\\/\\\/exaudi.org\\\/#\\\/schema\\\/person\\\/a258c56b05e63b2b367bdca29e0ed3e3\",\"name\":\"Jorge Mir\u00f3\",\"image\":{\"@type\":\"ImageObject\",\"inLanguage\":\"es\",\"@id\":\"https:\\\/\\\/secure.gravatar.com\\\/avatar\\\/f5ea26c436669b01b7b02124bf13596df002525d6f392707d301543be365bd44?s=96&d=mm&r=g\",\"url\":\"https:\\\/\\\/secure.gravatar.com\\\/avatar\\\/f5ea26c436669b01b7b02124bf13596df002525d6f392707d301543be365bd44?s=96&d=mm&r=g\",\"contentUrl\":\"https:\\\/\\\/secure.gravatar.com\\\/avatar\\\/f5ea26c436669b01b7b02124bf13596df002525d6f392707d301543be365bd44?s=96&d=mm&r=g\",\"caption\":\"Jorge Mir\u00f3\"},\"description\":\"Sacerdote de la archidi\u00f3cesis de Valencia y profesor en la Facultad de Ciencias Jur\u00eddicas, Econ\u00f3micas y Sociales de la Universidad Cat\u00f3lica de Valencia\",\"url\":\"https:\\\/\\\/exaudi.org\\\/es\\\/author\\\/jorgemiro\\\/\"}]}<\/script>\n<!-- \/ Yoast SEO plugin. -->","yoast_head_json":{"title":"Evangelio, 14 de noviembre: \u201cReunir\u00e1 a sus elegidos\u201d &#8211; Exaudi","description":"Aqu\u00ed est\u00e1 el comentario sobre el Evangelio de hoy, 14 de noviembre de 2021, XXXIII Domingo del Tiempo Ordinario","robots":{"index":"index","follow":"follow","max-snippet":"max-snippet:-1","max-image-preview":"max-image-preview:large","max-video-preview":"max-video-preview:-1"},"canonical":"https:\/\/exaudi.org\/es\/evangelio-14-de-noviembre-reunira-a-sus-elegidos\/","og_locale":"es_ES","og_type":"article","og_title":"Evangelio, 14 de noviembre: \u201cReunir\u00e1 a sus elegidos\u201d &#8211; Exaudi","og_description":"Aqu\u00ed est\u00e1 el comentario sobre el Evangelio de hoy, 14 de noviembre de 2021, XXXIII Domingo del Tiempo Ordinario","og_url":"https:\/\/exaudi.org\/es\/evangelio-14-de-noviembre-reunira-a-sus-elegidos\/","og_site_name":"Exaudi","article_publisher":"https:\/\/www.facebook.com\/ExaudiNews","article_published_time":"2021-11-14T06:00:45+00:00","og_image":[{"width":551,"height":385,"url":"https:\/\/exaudi.org\/wp-content\/uploads\/2021\/11\/Disen\u0303o-sin-ti\u0301tulo-8.jpg","type":"image\/jpeg"}],"author":"Jorge Mir\u00f3","twitter_card":"summary_large_image","twitter_creator":"@Exaudi_News","twitter_site":"@Exaudi_News","twitter_misc":{"Escrito por":"Jorge Mir\u00f3","Tiempo de lectura":"3 minutos"},"schema":{"@context":"https:\/\/schema.org","@graph":[{"@type":"Article","@id":"https:\/\/exaudi.org\/es\/evangelio-14-de-noviembre-reunira-a-sus-elegidos\/#article","isPartOf":{"@id":"https:\/\/exaudi.org\/es\/evangelio-14-de-noviembre-reunira-a-sus-elegidos\/"},"author":{"name":"Jorge Mir\u00f3","@id":"https:\/\/exaudi.org\/#\/schema\/person\/a258c56b05e63b2b367bdca29e0ed3e3"},"headline":"Evangelio, 14 de noviembre: \u201cReunir\u00e1 a sus elegidos\u201d","datePublished":"2021-11-14T06:00:45+00:00","mainEntityOfPage":{"@id":"https:\/\/exaudi.org\/es\/evangelio-14-de-noviembre-reunira-a-sus-elegidos\/"},"wordCount":568,"commentCount":0,"image":{"@id":"https:\/\/exaudi.org\/es\/evangelio-14-de-noviembre-reunira-a-sus-elegidos\/#primaryimage"},"thumbnailUrl":"https:\/\/exaudi.org\/wp-content\/uploads\/2021\/11\/Disen\u0303o-sin-ti\u0301tulo-8.jpg","keywords":["Comentario del Evangelio","Padre Jorge Mir\u00f3"],"articleSection":["Espiritualidad","Iglesia y Mundo","\u00daltimas noticias"],"inLanguage":"es","potentialAction":[{"@type":"CommentAction","name":"Comment","target":["https:\/\/exaudi.org\/es\/evangelio-14-de-noviembre-reunira-a-sus-elegidos\/#respond"]}]},{"@type":"WebPage","@id":"https:\/\/exaudi.org\/es\/evangelio-14-de-noviembre-reunira-a-sus-elegidos\/","url":"https:\/\/exaudi.org\/es\/evangelio-14-de-noviembre-reunira-a-sus-elegidos\/","name":"Evangelio, 14 de noviembre: \u201cReunir\u00e1 a sus elegidos\u201d &#8211; Exaudi","isPartOf":{"@id":"https:\/\/exaudi.org\/#website"},"primaryImageOfPage":{"@id":"https:\/\/exaudi.org\/es\/evangelio-14-de-noviembre-reunira-a-sus-elegidos\/#primaryimage"},"image":{"@id":"https:\/\/exaudi.org\/es\/evangelio-14-de-noviembre-reunira-a-sus-elegidos\/#primaryimage"},"thumbnailUrl":"https:\/\/exaudi.org\/wp-content\/uploads\/2021\/11\/Disen\u0303o-sin-ti\u0301tulo-8.jpg","datePublished":"2021-11-14T06:00:45+00:00","author":{"@id":"https:\/\/exaudi.org\/#\/schema\/person\/a258c56b05e63b2b367bdca29e0ed3e3"},"description":"Aqu\u00ed est\u00e1 el comentario sobre el Evangelio de hoy, 14 de noviembre de 2021, XXXIII Domingo del Tiempo Ordinario","breadcrumb":{"@id":"https:\/\/exaudi.org\/es\/evangelio-14-de-noviembre-reunira-a-sus-elegidos\/#breadcrumb"},"inLanguage":"es","potentialAction":[{"@type":"ReadAction","target":["https:\/\/exaudi.org\/es\/evangelio-14-de-noviembre-reunira-a-sus-elegidos\/"]}]},{"@type":"ImageObject","inLanguage":"es","@id":"https:\/\/exaudi.org\/es\/evangelio-14-de-noviembre-reunira-a-sus-elegidos\/#primaryimage","url":"https:\/\/exaudi.org\/wp-content\/uploads\/2021\/11\/Disen\u0303o-sin-ti\u0301tulo-8.jpg","contentUrl":"https:\/\/exaudi.org\/wp-content\/uploads\/2021\/11\/Disen\u0303o-sin-ti\u0301tulo-8.jpg","width":551,"height":385,"caption":"\u00a9Alba Montalvo"},{"@type":"BreadcrumbList","@id":"https:\/\/exaudi.org\/es\/evangelio-14-de-noviembre-reunira-a-sus-elegidos\/#breadcrumb","itemListElement":[{"@type":"ListItem","position":1,"name":"Portada","item":"https:\/\/exaudi.org\/es\/"},{"@type":"ListItem","position":2,"name":"Evangelio, 14 de noviembre: \u201cReunir\u00e1 a sus elegidos\u201d"}]},{"@type":"WebSite","@id":"https:\/\/exaudi.org\/#website","url":"https:\/\/exaudi.org\/","name":"Exaudi","description":"News","potentialAction":[{"@type":"SearchAction","target":{"@type":"EntryPoint","urlTemplate":"https:\/\/exaudi.org\/?s={search_term_string}"},"query-input":{"@type":"PropertyValueSpecification","valueRequired":true,"valueName":"search_term_string"}}],"inLanguage":"es"},{"@type":"Person","@id":"https:\/\/exaudi.org\/#\/schema\/person\/a258c56b05e63b2b367bdca29e0ed3e3","name":"Jorge Mir\u00f3","image":{"@type":"ImageObject","inLanguage":"es","@id":"https:\/\/secure.gravatar.com\/avatar\/f5ea26c436669b01b7b02124bf13596df002525d6f392707d301543be365bd44?s=96&d=mm&r=g","url":"https:\/\/secure.gravatar.com\/avatar\/f5ea26c436669b01b7b02124bf13596df002525d6f392707d301543be365bd44?s=96&d=mm&r=g","contentUrl":"https:\/\/secure.gravatar.com\/avatar\/f5ea26c436669b01b7b02124bf13596df002525d6f392707d301543be365bd44?s=96&d=mm&r=g","caption":"Jorge Mir\u00f3"},"description":"Sacerdote de la archidi\u00f3cesis de Valencia y profesor en la Facultad de Ciencias Jur\u00eddicas, Econ\u00f3micas y Sociales de la Universidad Cat\u00f3lica de Valencia","url":"https:\/\/exaudi.org\/es\/author\/jorgemiro\/"}]}},"jetpack_featured_media_url":"https:\/\/exaudi.org\/wp-content\/uploads\/2021\/11\/Disen\u0303o-sin-ti\u0301tulo-8.jpg","jetpack_shortlink":"https:\/\/wp.me\/pgKjF2-az6","_links":{"self":[{"href":"https:\/\/exaudi.org\/es\/wp-json\/wp\/v2\/posts\/40616","targetHints":{"allow":["GET"]}}],"collection":[{"href":"https:\/\/exaudi.org\/es\/wp-json\/wp\/v2\/posts"}],"about":[{"href":"https:\/\/exaudi.org\/es\/wp-json\/wp\/v2\/types\/post"}],"author":[{"embeddable":true,"href":"https:\/\/exaudi.org\/es\/wp-json\/wp\/v2\/users\/20"}],"replies":[{"embeddable":true,"href":"https:\/\/exaudi.org\/es\/wp-json\/wp\/v2\/comments?post=40616"}],"version-history":[{"count":0,"href":"https:\/\/exaudi.org\/es\/wp-json\/wp\/v2\/posts\/40616\/revisions"}],"wp:featuredmedia":[{"embeddable":true,"href":"https:\/\/exaudi.org\/es\/wp-json\/wp\/v2\/media\/40617"}],"wp:attachment":[{"href":"https:\/\/exaudi.org\/es\/wp-json\/wp\/v2\/media?parent=40616"}],"wp:term":[{"taxonomy":"category","embeddable":true,"href":"https:\/\/exaudi.org\/es\/wp-json\/wp\/v2\/categories?post=40616"},{"taxonomy":"post_tag","embeddable":true,"href":"https:\/\/exaudi.org\/es\/wp-json\/wp\/v2\/tags?post=40616"}],"curies":[{"name":"wp","href":"https:\/\/api.w.org\/{rel}","templated":true}]}}