{"id":40591,"date":"2021-11-11T10:45:54","date_gmt":"2021-11-11T09:45:54","guid":{"rendered":"https:\/\/exaudi.wpengine.com\/polonia-iglesia-apoya-migrantes-de-polonia-y-bielorrusia\/"},"modified":"2022-01-03T16:49:46","modified_gmt":"2022-01-03T15:49:46","slug":"polonia-iglesia-apoya-migrantes-de-polonia-y-bielorrusia","status":"publish","type":"post","link":"https:\/\/exaudi.org\/es\/polonia-iglesia-apoya-migrantes-de-polonia-y-bielorrusia\/","title":{"rendered":"Polonia: Iglesia apoya migrantes de Polonia y Bielorrusia"},"content":{"rendered":"<p>La Iglesia en Polonia, a trav\u00e9s del presidente de la <a href=\"https:\/\/episkopat.pl\/\" target=\"_blank\" rel=\"noopener\">Conferencia Episcopal Polaca<\/a> (KEP), ha hecho un llamamiento en favor de los migrantes en la frontera entre Polonia y Bielorrusia.<\/p>\n<p>\u201cIndependientemente de las circunstancias de la llegada de los migrantes, ciertamente necesitan nuestro apoyo espiritual y material\u201d, escribi\u00f3 el arzobispo Stanis\u0142aw G\u0105decki en el llamamiento sobre la ayuda a los migrantes.El presidente del episcopado se\u00f1al\u00f3 que \u201cdesde el comienzo de la crisis migratoria, la Iglesia en Polonia -a trav\u00e9s de C\u00e1ritas Polska, C\u00e1ritas diocesana y el delegado del KEP para la inmigraci\u00f3n- ha prestado ayuda a los migrantes en la medida de lo posible\u201d.<br \/>\nDebido a que las necesidades son mucho mayores, el presidente del Episcopado pidi\u00f3 a los fieles y a todas las personas de buena voluntad una colecta nacional de fondos para los migrantes de la frontera polaco-bielorrusa, despu\u00e9s de todas las Santas Misas del domingo 21 de noviembre.<\/p>\n<p>\u201cLos fondos recaudados durante esta edici\u00f3n se destinar\u00e1n -a trav\u00e9s de C\u00e1ritas Polonia- a financiar actividades de ayuda en las zonas fronterizas durante la crisis migratoria y al proceso de integraci\u00f3n a largo plazo de los refugiados que decidan quedarse en Polonia\u201d, escribi\u00f3 en el llamamiento.Monse\u00f1or G\u0105decki record\u00f3 que la misi\u00f3n de la Iglesia es, en primer lugar, el anuncio del Evangelio. \u201cEn consecuencia, cuando es necesario ayudar a los reci\u00e9n llegados, no debemos evitarlo.<\/p>\n<p>Sin perjuicio de la seguridad de la Rep\u00fablica de Polonia y de sus ciudadanos, las personas necesitadas deben mostrar nuestra solidaridad\u201d, se lee en el llamamiento. El presidente del Episcopado tambi\u00e9n pidi\u00f3 oraciones por la paz en la frontera oriental de Polonia.<\/p>\n<p>A continuaci\u00f3n, publicamos el texto completo del pronunciamiento.<\/p>\n<p>***<\/p>\n<p>Desde hace varias semanas asistimos a una situaci\u00f3n excepcionalmente dif\u00edcil en la frontera polaco-bielorrusa. Independientemente de las circunstancias de la llegada de los migrantes, \u00e9stos necesitan ciertamente nuestro apoyo espiritual y material.<\/p>\n<p>Desde el comienzo de la crisis migratoria, la Iglesia en <a href=\"https:\/\/exaudi.org\/es\/polonia-papa-fiesta-jasna-gora\/\" target=\"_blank\" rel=\"noopener\">Polonia<\/a> -a trav\u00e9s de <a href=\"https:\/\/caritas.pl\/\" target=\"_blank\" rel=\"noopener\">C\u00e1ritas Polska<\/a>, C\u00e1ritas diocesana y el delegado del KEP para la inmigraci\u00f3n- proporciona ayuda a los migrantes en la medida de lo posible. En este momento, se est\u00e1 llevando a cabo el apoyo a los centros de acogida de extranjeros, el apoyo a los puestos de guardia fronteriza en los que se alojan migrantes y refugiados, y se ponen en marcha las Tiendas de la Esperanza de C\u00e1ritas Polska en las parroquias fronterizas.<\/p>\n<p>Sin embargo, las necesidades son mucho mayores, por lo que pido a los fieles y a todas las personas de buena voluntad una colecta nacional de fondos para los migrantes de la frontera polaco-bielorrusa, despu\u00e9s de todas las Santas Misas del domingo 21 de noviembre. Los fondos recaudados durante esta edici\u00f3n se destinar\u00e1n -a trav\u00e9s de Caritas Polska- a financiar actividades de ayuda en las zonas fronterizas durante la crisis migratoria y al proceso de integraci\u00f3n a largo plazo de los refugiados que decidan quedarse en Polonia.<\/p>\n<p>La misi\u00f3n de la Iglesia es ante todo anunciar el Evangelio. En consecuencia, cuando es necesario prestar ayuda a los reci\u00e9n llegados, no debemos evitarlo. Sin perjuicio de la seguridad de la Rep\u00fablica de Polonia y de sus ciudadanos, hay que mostrar nuestra solidaridad a las personas necesitadas. En la situaci\u00f3n actual, el mensaje de la par\u00e1bola del buen samaritano suena a\u00fan m\u00e1s urgente y espera una aplicaci\u00f3n universal, tambi\u00e9n en la percepci\u00f3n de los propios migrantes.<\/p>\n<p>Recemos fervientemente por la paz en la frontera oriental de Polonia, por todos los migrantes que residen all\u00ed, por los habitantes de esta zona, por los servicios estatales, incluidos la Guardia de Fronteras y el ej\u00e9rcito, por los pol\u00edticos, los polacos y los bielorrusos.<\/p>\n<p>+ Stanis\u0142aw G\u0105decki<\/p>\n<p>Arzobispo metropolitano de Pozna\u0144,<\/p>\n<p>Presidente de la Conferencia Episcopal Polaca<\/p>\n<p>Varsovia, 8 de noviembre de 2021<\/p>\n","protected":false},"excerpt":{"rendered":"<p>Colecta despu\u00e9s de todas las misas en Polonia el 21 de noviembre de 2021<\/p>\n","protected":false},"author":89,"featured_media":40592,"comment_status":"open","ping_status":"open","sticky":false,"template":"","format":"standard","meta":{"_acf_changed":false,"_crdt_document":"","inline_featured_image":false,"footnotes":""},"categories":[86,74,298],"tags":[4865,4866,2425],"class_list":["post-40591","post","type-post","status-publish","format-standard","has-post-thumbnail","hentry","category-iglesia-local","category-iglesia-y-mundo","category-ultimas-noticias","tag-bielorrusia","tag-conferencia-episcopal-polaca","tag-polonia-es"],"acf":[],"yoast_head":"<!-- This site is optimized with the Yoast SEO plugin v27.4 - https:\/\/yoast.com\/product\/yoast-seo-wordpress\/ -->\n<title>Polonia: Iglesia apoya migrantes de Polonia y Bielorrusia &#8211; Exaudi<\/title>\n<meta name=\"description\" content=\"Polonia: La Iglesia, a trav\u00e9s del presidente del Episcopado, habla en favor de los migrantes en la frontera entre Polonia y Bielorrusia\" \/>\n<meta name=\"robots\" content=\"index, follow, max-snippet:-1, max-image-preview:large, max-video-preview:-1\" \/>\n<link rel=\"canonical\" href=\"https:\/\/exaudi.org\/es\/polonia-iglesia-apoya-migrantes-de-polonia-y-bielorrusia\/\" \/>\n<meta property=\"og:locale\" content=\"es_ES\" \/>\n<meta property=\"og:type\" content=\"article\" \/>\n<meta property=\"og:title\" content=\"Polonia: Iglesia apoya migrantes de Polonia y Bielorrusia &#8211; Exaudi\" \/>\n<meta property=\"og:description\" content=\"Polonia: La Iglesia, a trav\u00e9s del presidente del Episcopado, habla en favor de los migrantes en la frontera entre Polonia y Bielorrusia\" \/>\n<meta property=\"og:url\" content=\"https:\/\/exaudi.org\/es\/polonia-iglesia-apoya-migrantes-de-polonia-y-bielorrusia\/\" \/>\n<meta property=\"og:site_name\" content=\"Exaudi\" \/>\n<meta property=\"article:publisher\" content=\"https:\/\/www.facebook.com\/ExaudiNews\" \/>\n<meta property=\"article:author\" content=\"https:\/\/www.facebook.com\/ayudaalaiglesianecesitada\/?ref=ts\" \/>\n<meta property=\"article:published_time\" content=\"2021-11-11T09:45:54+00:00\" \/>\n<meta property=\"article:modified_time\" content=\"2022-01-03T15:49:46+00:00\" \/>\n<meta property=\"og:image\" content=\"https:\/\/exaudi.org\/wp-content\/uploads\/2021\/11\/abp-Stanislaw-Gadecki-CC0-768x512-1.jpeg\" \/>\n\t<meta property=\"og:image:width\" content=\"768\" \/>\n\t<meta property=\"og:image:height\" content=\"512\" \/>\n\t<meta property=\"og:image:type\" content=\"image\/jpeg\" \/>\n<meta name=\"author\" content=\"Ayuda a la Iglesia Necesitada\" \/>\n<meta name=\"twitter:card\" content=\"summary_large_image\" \/>\n<meta name=\"twitter:creator\" content=\"@https:\/\/x.com\/AyudaIglesNeces\" \/>\n<meta name=\"twitter:site\" content=\"@Exaudi_News\" \/>\n<meta name=\"twitter:label1\" content=\"Escrito por\" \/>\n\t<meta name=\"twitter:data1\" content=\"Ayuda a la Iglesia Necesitada\" \/>\n\t<meta name=\"twitter:label2\" content=\"Tiempo de lectura\" \/>\n\t<meta name=\"twitter:data2\" content=\"3 minutos\" \/>\n<script type=\"application\/ld+json\" class=\"yoast-schema-graph\">{\"@context\":\"https:\\\/\\\/schema.org\",\"@graph\":[{\"@type\":\"Article\",\"@id\":\"https:\\\/\\\/exaudi.org\\\/es\\\/polonia-iglesia-apoya-migrantes-de-polonia-y-bielorrusia\\\/#article\",\"isPartOf\":{\"@id\":\"https:\\\/\\\/exaudi.org\\\/es\\\/polonia-iglesia-apoya-migrantes-de-polonia-y-bielorrusia\\\/\"},\"author\":{\"name\":\"Ayuda a la Iglesia Necesitada\",\"@id\":\"https:\\\/\\\/exaudi.org\\\/#\\\/schema\\\/person\\\/d4906ab3b6c174ffe37d722c51c73317\"},\"headline\":\"Polonia: Iglesia apoya migrantes de Polonia y Bielorrusia\",\"datePublished\":\"2021-11-11T09:45:54+00:00\",\"dateModified\":\"2022-01-03T15:49:46+00:00\",\"mainEntityOfPage\":{\"@id\":\"https:\\\/\\\/exaudi.org\\\/es\\\/polonia-iglesia-apoya-migrantes-de-polonia-y-bielorrusia\\\/\"},\"wordCount\":674,\"commentCount\":0,\"image\":{\"@id\":\"https:\\\/\\\/exaudi.org\\\/es\\\/polonia-iglesia-apoya-migrantes-de-polonia-y-bielorrusia\\\/#primaryimage\"},\"thumbnailUrl\":\"https:\\\/\\\/exaudi.org\\\/wp-content\\\/uploads\\\/2021\\\/11\\\/abp-Stanislaw-Gadecki-CC0-768x512-1.jpeg\",\"keywords\":[\"Bielorrusia\",\"Conferencia Episcopal Polaca\",\"Polonia\"],\"articleSection\":[\"Iglesia Local\",\"Iglesia y Mundo\",\"\u00daltimas noticias\"],\"inLanguage\":\"es\",\"potentialAction\":[{\"@type\":\"CommentAction\",\"name\":\"Comment\",\"target\":[\"https:\\\/\\\/exaudi.org\\\/es\\\/polonia-iglesia-apoya-migrantes-de-polonia-y-bielorrusia\\\/#respond\"]}]},{\"@type\":\"WebPage\",\"@id\":\"https:\\\/\\\/exaudi.org\\\/es\\\/polonia-iglesia-apoya-migrantes-de-polonia-y-bielorrusia\\\/\",\"url\":\"https:\\\/\\\/exaudi.org\\\/es\\\/polonia-iglesia-apoya-migrantes-de-polonia-y-bielorrusia\\\/\",\"name\":\"Polonia: Iglesia apoya migrantes de Polonia y Bielorrusia &#8211; Exaudi\",\"isPartOf\":{\"@id\":\"https:\\\/\\\/exaudi.org\\\/#website\"},\"primaryImageOfPage\":{\"@id\":\"https:\\\/\\\/exaudi.org\\\/es\\\/polonia-iglesia-apoya-migrantes-de-polonia-y-bielorrusia\\\/#primaryimage\"},\"image\":{\"@id\":\"https:\\\/\\\/exaudi.org\\\/es\\\/polonia-iglesia-apoya-migrantes-de-polonia-y-bielorrusia\\\/#primaryimage\"},\"thumbnailUrl\":\"https:\\\/\\\/exaudi.org\\\/wp-content\\\/uploads\\\/2021\\\/11\\\/abp-Stanislaw-Gadecki-CC0-768x512-1.jpeg\",\"datePublished\":\"2021-11-11T09:45:54+00:00\",\"dateModified\":\"2022-01-03T15:49:46+00:00\",\"author\":{\"@id\":\"https:\\\/\\\/exaudi.org\\\/#\\\/schema\\\/person\\\/d4906ab3b6c174ffe37d722c51c73317\"},\"description\":\"Polonia: La Iglesia, a trav\u00e9s del presidente del Episcopado, habla en favor de los migrantes en la frontera entre Polonia y Bielorrusia\",\"breadcrumb\":{\"@id\":\"https:\\\/\\\/exaudi.org\\\/es\\\/polonia-iglesia-apoya-migrantes-de-polonia-y-bielorrusia\\\/#breadcrumb\"},\"inLanguage\":\"es\",\"potentialAction\":[{\"@type\":\"ReadAction\",\"target\":[\"https:\\\/\\\/exaudi.org\\\/es\\\/polonia-iglesia-apoya-migrantes-de-polonia-y-bielorrusia\\\/\"]}]},{\"@type\":\"ImageObject\",\"inLanguage\":\"es\",\"@id\":\"https:\\\/\\\/exaudi.org\\\/es\\\/polonia-iglesia-apoya-migrantes-de-polonia-y-bielorrusia\\\/#primaryimage\",\"url\":\"https:\\\/\\\/exaudi.org\\\/wp-content\\\/uploads\\\/2021\\\/11\\\/abp-Stanislaw-Gadecki-CC0-768x512-1.jpeg\",\"contentUrl\":\"https:\\\/\\\/exaudi.org\\\/wp-content\\\/uploads\\\/2021\\\/11\\\/abp-Stanislaw-Gadecki-CC0-768x512-1.jpeg\",\"width\":768,\"height\":512,\"caption\":\"Archbishop Stanis\u0142aw G\u0105decki\"},{\"@type\":\"BreadcrumbList\",\"@id\":\"https:\\\/\\\/exaudi.org\\\/es\\\/polonia-iglesia-apoya-migrantes-de-polonia-y-bielorrusia\\\/#breadcrumb\",\"itemListElement\":[{\"@type\":\"ListItem\",\"position\":1,\"name\":\"Portada\",\"item\":\"https:\\\/\\\/exaudi.org\\\/es\\\/\"},{\"@type\":\"ListItem\",\"position\":2,\"name\":\"Polonia: Iglesia apoya migrantes de Polonia y Bielorrusia\"}]},{\"@type\":\"WebSite\",\"@id\":\"https:\\\/\\\/exaudi.org\\\/#website\",\"url\":\"https:\\\/\\\/exaudi.org\\\/\",\"name\":\"Exaudi\",\"description\":\"News\",\"potentialAction\":[{\"@type\":\"SearchAction\",\"target\":{\"@type\":\"EntryPoint\",\"urlTemplate\":\"https:\\\/\\\/exaudi.org\\\/?s={search_term_string}\"},\"query-input\":{\"@type\":\"PropertyValueSpecification\",\"valueRequired\":true,\"valueName\":\"search_term_string\"}}],\"inLanguage\":\"es\"},{\"@type\":\"Person\",\"@id\":\"https:\\\/\\\/exaudi.org\\\/#\\\/schema\\\/person\\\/d4906ab3b6c174ffe37d722c51c73317\",\"name\":\"Ayuda a la Iglesia Necesitada\",\"image\":{\"@type\":\"ImageObject\",\"inLanguage\":\"es\",\"@id\":\"https:\\\/\\\/secure.gravatar.com\\\/avatar\\\/18b646e6575a46729bc25d1c374d5965acb9854728a2929ada390e85905160db?s=96&d=mm&r=g\",\"url\":\"https:\\\/\\\/secure.gravatar.com\\\/avatar\\\/18b646e6575a46729bc25d1c374d5965acb9854728a2929ada390e85905160db?s=96&d=mm&r=g\",\"contentUrl\":\"https:\\\/\\\/secure.gravatar.com\\\/avatar\\\/18b646e6575a46729bc25d1c374d5965acb9854728a2929ada390e85905160db?s=96&d=mm&r=g\",\"caption\":\"Ayuda a la Iglesia Necesitada\"},\"description\":\"Ayuda a la Iglesia Necesitada (ACN) es la Fundaci\u00f3n Pontificia que apoya a la Iglesia cat\u00f3lica en su labor evangelizadora en las comunidades m\u00e1s necesitadas, discriminadas y perseguidas del mundo. Cada a\u00f1o, ACN financia m\u00e1s de 5.000 proyectos pastorales y de emergencia humanitaria en m\u00e1s de 130 pa\u00edses. Cuenta con m\u00e1s de 20 oficinas en el mundo (en Espa\u00f1a desde 1965), dedicadas a informar sobre la realidad de estos cristianos; al fomento de la oraci\u00f3n, y a la recaudaci\u00f3n de fondos para la cobertura de proyectos. El 100% de los proyectos que desarrolla ACN se sostienen gracias a los donativos de personas f\u00edsicas u organizaciones que valoran la labor de la Iglesia en el mundo. La Fundaci\u00f3n no recibe subvenciones de organismos p\u00fablicos.\",\"sameAs\":[\"https:\\\/\\\/www.facebook.com\\\/ayudaalaiglesianecesitada\\\/?ref=ts\",\"https:\\\/\\\/www.instagram.com\\\/ayudaiglesianecesitada\\\/\",\"https:\\\/\\\/x.com\\\/https:\\\/\\\/x.com\\\/AyudaIglesNeces\",\"https:\\\/\\\/www.youtube.com\\\/user\\\/AINorg\"],\"url\":\"https:\\\/\\\/exaudi.org\\\/es\\\/author\\\/ayudaalaiglesianecesitada\\\/\"}]}<\/script>\n<!-- \/ Yoast SEO plugin. -->","yoast_head_json":{"title":"Polonia: Iglesia apoya migrantes de Polonia y Bielorrusia &#8211; Exaudi","description":"Polonia: La Iglesia, a trav\u00e9s del presidente del Episcopado, habla en favor de los migrantes en la frontera entre Polonia y Bielorrusia","robots":{"index":"index","follow":"follow","max-snippet":"max-snippet:-1","max-image-preview":"max-image-preview:large","max-video-preview":"max-video-preview:-1"},"canonical":"https:\/\/exaudi.org\/es\/polonia-iglesia-apoya-migrantes-de-polonia-y-bielorrusia\/","og_locale":"es_ES","og_type":"article","og_title":"Polonia: Iglesia apoya migrantes de Polonia y Bielorrusia &#8211; Exaudi","og_description":"Polonia: La Iglesia, a trav\u00e9s del presidente del Episcopado, habla en favor de los migrantes en la frontera entre Polonia y Bielorrusia","og_url":"https:\/\/exaudi.org\/es\/polonia-iglesia-apoya-migrantes-de-polonia-y-bielorrusia\/","og_site_name":"Exaudi","article_publisher":"https:\/\/www.facebook.com\/ExaudiNews","article_author":"https:\/\/www.facebook.com\/ayudaalaiglesianecesitada\/?ref=ts","article_published_time":"2021-11-11T09:45:54+00:00","article_modified_time":"2022-01-03T15:49:46+00:00","og_image":[{"width":768,"height":512,"url":"https:\/\/exaudi.org\/wp-content\/uploads\/2021\/11\/abp-Stanislaw-Gadecki-CC0-768x512-1.jpeg","type":"image\/jpeg"}],"author":"Ayuda a la Iglesia Necesitada","twitter_card":"summary_large_image","twitter_creator":"@https:\/\/x.com\/AyudaIglesNeces","twitter_site":"@Exaudi_News","twitter_misc":{"Escrito por":"Ayuda a la Iglesia Necesitada","Tiempo de lectura":"3 minutos"},"schema":{"@context":"https:\/\/schema.org","@graph":[{"@type":"Article","@id":"https:\/\/exaudi.org\/es\/polonia-iglesia-apoya-migrantes-de-polonia-y-bielorrusia\/#article","isPartOf":{"@id":"https:\/\/exaudi.org\/es\/polonia-iglesia-apoya-migrantes-de-polonia-y-bielorrusia\/"},"author":{"name":"Ayuda a la Iglesia Necesitada","@id":"https:\/\/exaudi.org\/#\/schema\/person\/d4906ab3b6c174ffe37d722c51c73317"},"headline":"Polonia: Iglesia apoya migrantes de Polonia y Bielorrusia","datePublished":"2021-11-11T09:45:54+00:00","dateModified":"2022-01-03T15:49:46+00:00","mainEntityOfPage":{"@id":"https:\/\/exaudi.org\/es\/polonia-iglesia-apoya-migrantes-de-polonia-y-bielorrusia\/"},"wordCount":674,"commentCount":0,"image":{"@id":"https:\/\/exaudi.org\/es\/polonia-iglesia-apoya-migrantes-de-polonia-y-bielorrusia\/#primaryimage"},"thumbnailUrl":"https:\/\/exaudi.org\/wp-content\/uploads\/2021\/11\/abp-Stanislaw-Gadecki-CC0-768x512-1.jpeg","keywords":["Bielorrusia","Conferencia Episcopal Polaca","Polonia"],"articleSection":["Iglesia Local","Iglesia y Mundo","\u00daltimas noticias"],"inLanguage":"es","potentialAction":[{"@type":"CommentAction","name":"Comment","target":["https:\/\/exaudi.org\/es\/polonia-iglesia-apoya-migrantes-de-polonia-y-bielorrusia\/#respond"]}]},{"@type":"WebPage","@id":"https:\/\/exaudi.org\/es\/polonia-iglesia-apoya-migrantes-de-polonia-y-bielorrusia\/","url":"https:\/\/exaudi.org\/es\/polonia-iglesia-apoya-migrantes-de-polonia-y-bielorrusia\/","name":"Polonia: Iglesia apoya migrantes de Polonia y Bielorrusia &#8211; Exaudi","isPartOf":{"@id":"https:\/\/exaudi.org\/#website"},"primaryImageOfPage":{"@id":"https:\/\/exaudi.org\/es\/polonia-iglesia-apoya-migrantes-de-polonia-y-bielorrusia\/#primaryimage"},"image":{"@id":"https:\/\/exaudi.org\/es\/polonia-iglesia-apoya-migrantes-de-polonia-y-bielorrusia\/#primaryimage"},"thumbnailUrl":"https:\/\/exaudi.org\/wp-content\/uploads\/2021\/11\/abp-Stanislaw-Gadecki-CC0-768x512-1.jpeg","datePublished":"2021-11-11T09:45:54+00:00","dateModified":"2022-01-03T15:49:46+00:00","author":{"@id":"https:\/\/exaudi.org\/#\/schema\/person\/d4906ab3b6c174ffe37d722c51c73317"},"description":"Polonia: La Iglesia, a trav\u00e9s del presidente del Episcopado, habla en favor de los migrantes en la frontera entre Polonia y Bielorrusia","breadcrumb":{"@id":"https:\/\/exaudi.org\/es\/polonia-iglesia-apoya-migrantes-de-polonia-y-bielorrusia\/#breadcrumb"},"inLanguage":"es","potentialAction":[{"@type":"ReadAction","target":["https:\/\/exaudi.org\/es\/polonia-iglesia-apoya-migrantes-de-polonia-y-bielorrusia\/"]}]},{"@type":"ImageObject","inLanguage":"es","@id":"https:\/\/exaudi.org\/es\/polonia-iglesia-apoya-migrantes-de-polonia-y-bielorrusia\/#primaryimage","url":"https:\/\/exaudi.org\/wp-content\/uploads\/2021\/11\/abp-Stanislaw-Gadecki-CC0-768x512-1.jpeg","contentUrl":"https:\/\/exaudi.org\/wp-content\/uploads\/2021\/11\/abp-Stanislaw-Gadecki-CC0-768x512-1.jpeg","width":768,"height":512,"caption":"Archbishop Stanis\u0142aw G\u0105decki"},{"@type":"BreadcrumbList","@id":"https:\/\/exaudi.org\/es\/polonia-iglesia-apoya-migrantes-de-polonia-y-bielorrusia\/#breadcrumb","itemListElement":[{"@type":"ListItem","position":1,"name":"Portada","item":"https:\/\/exaudi.org\/es\/"},{"@type":"ListItem","position":2,"name":"Polonia: Iglesia apoya migrantes de Polonia y Bielorrusia"}]},{"@type":"WebSite","@id":"https:\/\/exaudi.org\/#website","url":"https:\/\/exaudi.org\/","name":"Exaudi","description":"News","potentialAction":[{"@type":"SearchAction","target":{"@type":"EntryPoint","urlTemplate":"https:\/\/exaudi.org\/?s={search_term_string}"},"query-input":{"@type":"PropertyValueSpecification","valueRequired":true,"valueName":"search_term_string"}}],"inLanguage":"es"},{"@type":"Person","@id":"https:\/\/exaudi.org\/#\/schema\/person\/d4906ab3b6c174ffe37d722c51c73317","name":"Ayuda a la Iglesia Necesitada","image":{"@type":"ImageObject","inLanguage":"es","@id":"https:\/\/secure.gravatar.com\/avatar\/18b646e6575a46729bc25d1c374d5965acb9854728a2929ada390e85905160db?s=96&d=mm&r=g","url":"https:\/\/secure.gravatar.com\/avatar\/18b646e6575a46729bc25d1c374d5965acb9854728a2929ada390e85905160db?s=96&d=mm&r=g","contentUrl":"https:\/\/secure.gravatar.com\/avatar\/18b646e6575a46729bc25d1c374d5965acb9854728a2929ada390e85905160db?s=96&d=mm&r=g","caption":"Ayuda a la Iglesia Necesitada"},"description":"Ayuda a la Iglesia Necesitada (ACN) es la Fundaci\u00f3n Pontificia que apoya a la Iglesia cat\u00f3lica en su labor evangelizadora en las comunidades m\u00e1s necesitadas, discriminadas y perseguidas del mundo. Cada a\u00f1o, ACN financia m\u00e1s de 5.000 proyectos pastorales y de emergencia humanitaria en m\u00e1s de 130 pa\u00edses. Cuenta con m\u00e1s de 20 oficinas en el mundo (en Espa\u00f1a desde 1965), dedicadas a informar sobre la realidad de estos cristianos; al fomento de la oraci\u00f3n, y a la recaudaci\u00f3n de fondos para la cobertura de proyectos. El 100% de los proyectos que desarrolla ACN se sostienen gracias a los donativos de personas f\u00edsicas u organizaciones que valoran la labor de la Iglesia en el mundo. La Fundaci\u00f3n no recibe subvenciones de organismos p\u00fablicos.","sameAs":["https:\/\/www.facebook.com\/ayudaalaiglesianecesitada\/?ref=ts","https:\/\/www.instagram.com\/ayudaiglesianecesitada\/","https:\/\/x.com\/https:\/\/x.com\/AyudaIglesNeces","https:\/\/www.youtube.com\/user\/AINorg"],"url":"https:\/\/exaudi.org\/es\/author\/ayudaalaiglesianecesitada\/"}]}},"jetpack_featured_media_url":"https:\/\/exaudi.org\/wp-content\/uploads\/2021\/11\/abp-Stanislaw-Gadecki-CC0-768x512-1.jpeg","jetpack_shortlink":"https:\/\/wp.me\/pgKjF2-ayH","_links":{"self":[{"href":"https:\/\/exaudi.org\/es\/wp-json\/wp\/v2\/posts\/40591","targetHints":{"allow":["GET"]}}],"collection":[{"href":"https:\/\/exaudi.org\/es\/wp-json\/wp\/v2\/posts"}],"about":[{"href":"https:\/\/exaudi.org\/es\/wp-json\/wp\/v2\/types\/post"}],"author":[{"embeddable":true,"href":"https:\/\/exaudi.org\/es\/wp-json\/wp\/v2\/users\/89"}],"replies":[{"embeddable":true,"href":"https:\/\/exaudi.org\/es\/wp-json\/wp\/v2\/comments?post=40591"}],"version-history":[{"count":0,"href":"https:\/\/exaudi.org\/es\/wp-json\/wp\/v2\/posts\/40591\/revisions"}],"wp:featuredmedia":[{"embeddable":true,"href":"https:\/\/exaudi.org\/es\/wp-json\/wp\/v2\/media\/40592"}],"wp:attachment":[{"href":"https:\/\/exaudi.org\/es\/wp-json\/wp\/v2\/media?parent=40591"}],"wp:term":[{"taxonomy":"category","embeddable":true,"href":"https:\/\/exaudi.org\/es\/wp-json\/wp\/v2\/categories?post=40591"},{"taxonomy":"post_tag","embeddable":true,"href":"https:\/\/exaudi.org\/es\/wp-json\/wp\/v2\/tags?post=40591"}],"curies":[{"name":"wp","href":"https:\/\/api.w.org\/{rel}","templated":true}]}}