{"id":39284,"date":"2025-11-10T07:30:58","date_gmt":"2025-11-10T06:30:58","guid":{"rendered":"https:\/\/exaudi.wpengine.com\/?p=39284"},"modified":"2025-11-10T10:53:01","modified_gmt":"2025-11-10T09:53:01","slug":"san-andres-avelino-10-de-noviembre","status":"publish","type":"post","link":"https:\/\/exaudi.org\/es\/san-andres-avelino-10-de-noviembre\/","title":{"rendered":"San Andr\u00e9s Avelino, 10 de noviembre"},"content":{"rendered":"<p>El reconocimiento de las propias debilidades conlleva siempre una cascada de bendiciones. Lacenllotto, que era su nombre de pila, naci\u00f3 en la localidad italiana de Castronuovo di Sant\u2019Andrea, Basilicata, el a\u00f1o 1521. Su infancia y adolescencia discurri\u00f3 sin mayores contratiempos. Generoso e inclinado a la piedad, gozosamente compart\u00eda con otros muchachos de su entorno la fe que hab\u00eda recibido en su hogar a trav\u00e9s de sus cristianos padres, Giovanni y Margherita. En ese gesto ya se adivinaban los rasgos de un gran ap\u00f3stol. Tambi\u00e9n su responsabilidad y madurez, en cuyo desarrollo contribuy\u00f3 un t\u00edo arcipreste. Estas caracter\u00edsticas le hicieron propicio para dejar en sus manos la administraci\u00f3n del hogar cuando ten\u00eda 16 a\u00f1os.<\/p>\n<p><iframe title=\"Spotify Embed: San Andr\u00e9s Avelino, 10 de noviembre\" style=\"border-radius: 12px\" width=\"100%\" height=\"152\" frameborder=\"0\" allowfullscreen allow=\"autoplay; clipboard-write; encrypted-media; fullscreen; picture-in-picture\" loading=\"lazy\" src=\"https:\/\/open.spotify.com\/embed\/episode\/4nKI5MqNWluIDU5qianzua?si=88d0c0203f434f91&#038;utm_source=oembed\"><\/iframe><\/p>\n<p>En la juventud se aferr\u00f3 a la gracia divina para mantenerse indemne ante las tentaciones que le asaltaban. Quer\u00eda ser sacerdote, y en su \u00e1nimo \u2014aunque fuese de forma inconsciente\u2014 a\u00f1adir\u00eda el calificativo rotundo, definitorio, de un camino al que se sent\u00eda llamado en medio de las turbulencias juveniles: ser sacerdote santo. Ahora bien, aunque ese anhelo alent\u00f3 su carrera sacerdotal, no se hizo manifiesto en un primer momento, como \u00e9l mismo manifest\u00f3. En 1545 ya ordenado, inici\u00f3 en N\u00e1poles la carrera de derecho. En 1548 realiz\u00f3 provechosamente los ejercicios espirituales que predic\u00f3 el jesuita Santiago La\u00ednez, pero las expectativas de ciertas glorias y honores ef\u00edmeros, que fenecen cuando culmina nuestra peregrinaci\u00f3n en la tierra, invad\u00edan su mente y quedaba atrapado por ellas. Vanagloria, dignidades, ambiciones, fama, etc., eran caldo de cultivo en un ambiente que no propiciaba precisamente la radicalidad evang\u00e9lica, elemento indispensable y esencial para llegar a la santidad.<\/p>\n<p>Sabemos que todav\u00eda no se hab\u00eda propuesto formalmente escalar las cumbres de la perfecci\u00f3n en esos a\u00f1os, porque \u00e9l mismo lo confes\u00f3 a Hippolita Caracciola en 1595. Adem\u00e1s, en 1597 a la condesa de Altavilla le dec\u00eda que hasta los 27 a\u00f1os hab\u00eda estado devaneando. En s\u00edntesis, ante ambas reconoci\u00f3 haber vivido \u201chinchado de soberbia y ambici\u00f3n, deseando ser superior a todos y a nadie sujeto, lleno de presunci\u00f3n y de vana gloria, porque no conoc\u00eda la verdadera\u201d, \u201cdeseando y buscando estas vanas grandezas, riquezas, honores y dignidades\u201d. Se sinti\u00f3 arrastrado por tendencias que ve\u00eda a su alrededor: \u201cYo cre\u00eda obrar bien viendo a los dem\u00e1s, tanto eclesi\u00e1sticos como seglares, buscar estas cosas\u201d, \u201cno habiendo encontrado nunca confesor que me reprendiese y me encaminase por el seguro camino de la humildad\u201d.<\/p>\n<p>Echaba en falta la necesidad de direcci\u00f3n espiritual, clave para iniciar el camino y sostenerse en \u00e9l con la gracia de Cristo. Entonces el padre La\u00ednez le inst\u00f3 a meditar en la vida y Pasi\u00f3n de Cristo. Pero ello no dobleg\u00f3 enseguida su \u00e1nimo, hasta que siendo un reputado jurista minti\u00f3 en el fragor de la defensa de una causa que ten\u00eda entre manos por recomendaci\u00f3n del arzobispado de N\u00e1poles. Una p\u00e1gina concreta de las Sagradas Escrituras tuvo en \u00e9l un efecto taumat\u00fargico definitivo. Porque esa misma noche, al abrir el texto sagrado, qued\u00f3 impresionado. El Libro de la Sabidur\u00eda sacudi\u00f3 su conciencia con este pasaje: \u201cOs quod mentitur occidit animam (una boca mentirosa da muerte al alma)\u201d (Sap. 1,11). Inundado de amargura, con aut\u00e9ntico esp\u00edritu de aflicci\u00f3n por su debilidad, abandon\u00f3 el ejercicio de la abogac\u00eda y tom\u00f3 el rumbo debido: \u201cReflexion\u00e9 sobre m\u00ed mismo diciendo: \u00bfPor ayudar a otros he amenazado a mi alma? Y llorando la falta cometida, resolv\u00ed dejar mi oficio y hacerme religioso\u201d. Por fin hab\u00eda entendido que Cristo ha venido a sanar a los pecadores, y volvi\u00f3 hacia \u00c9l sus ojos.<\/p>\n<p>Ya hab\u00eda renunciado a sus bienes, y abandonado su actividad profesional, cuando desde la curia le rogaron que regresara a N\u00e1poles a fin de ocuparse de la delicada tarea de reformar diversos conventos de religiosos y de religiosas. Su celo le atrajo muchos sinsabores, y no seg\u00f3 su vida porque Dios lo impidi\u00f3, pero en 1556 le asestaron varias cuchilladas y fue conducido a la casa de los padres teatinos donde se restableci\u00f3 sin develar nunca la identidad de su agresor. El beato Juan Marinoni le sugiri\u00f3 que se integrase en esa Orden de Cl\u00e9rigos Regulares. Y el 30 de noviembre de ese a\u00f1o 1556 tom\u00f3 el h\u00e1bito y nombre de Andr\u00e9s, celebraci\u00f3n del d\u00eda, que le evocaba, adem\u00e1s, el amor a la Cruz compartido con el santo ap\u00f3stol. Al profesar dos a\u00f1os m\u00e1s tarde, se propuso \u201cno hacer nunca su propia voluntad, y no dejar pasar ni un solo d\u00eda sin progresar en la perfecci\u00f3n\u201d.<\/p>\n<p>Fue admirable en la vivencia de su consagraci\u00f3n, y ejemplar en la entrega debida a la misi\u00f3n que le confiaron. Se convirti\u00f3 en un gran predicador y confesor, maestro de novicios, director espiritual del seminario, profesor de teolog\u00eda y filosof\u00eda, visitador y superior de varias casas de la Orden, etc. Instru\u00eda con esa sabidur\u00eda que brota de dentro del coraz\u00f3n, alimentada por la Eucarist\u00eda, la oraci\u00f3n y la penitencia. Desarroll\u00f3 su ministerio siendo fiel a la vivencia de su regla de la que fue estricto observante, fidelidad que infundi\u00f3 a los religiosos. Humildemente declin\u00f3 convertirse en obispo, dignidad que quisieron para \u00e9l los pont\u00edfices. Fue caritativo con todos, desvivi\u00e9ndose por los necesitados, como se constat\u00f3 especialmente durante la peste que asol\u00f3 Mil\u00e1n en 1576.<\/p>\n<p>Le sobrevino la muerte el 10 de noviembre de 1608 cuando se hallaba a punto de oficiar la Santa Misa. Despu\u00e9s, su cuerpo fue expoliado por la gente que acudi\u00f3 en masa a venerarle. De sus heridas man\u00f3 sangre fresca dos d\u00edas m\u00e1s tarde, prodigio que se repiti\u00f3 durante a\u00f1os en el aniversario de su muerte. Fue beatificado por Urbano VIII el 14 de octubre de 1624, y canonizado por Clemente XI el 22 de mayo de 1712.<\/p>\n<p><img loading=\"lazy\" decoding=\"async\" class=\"size-full wp-image-145704 alignnone\" src=\"https:\/\/exaudi.org\/wp-content\/uploads\/2025\/11\/Santoral-5.jpg\" alt=\"\" width=\"1080\" height=\"1080\" srcset=\"https:\/\/exaudi.org\/wp-content\/uploads\/2025\/11\/Santoral-5.jpg 1080w, https:\/\/exaudi.org\/wp-content\/uploads\/2025\/11\/Santoral-5-300x300.jpg 300w, https:\/\/exaudi.org\/wp-content\/uploads\/2025\/11\/Santoral-5-1024x1024.jpg 1024w, https:\/\/exaudi.org\/wp-content\/uploads\/2025\/11\/Santoral-5-100x100.jpg?crop=1 100w, https:\/\/exaudi.org\/wp-content\/uploads\/2025\/11\/Santoral-5-770x770.jpg 770w, https:\/\/exaudi.org\/wp-content\/uploads\/2025\/11\/Santoral-5-500x500.jpg 500w\" sizes=\"auto, (max-width: 1080px) 100vw, 1080px\" \/><\/p>\n<h6><em>\u00a9\u00a0<a href=\"https:\/\/exaudi.wpengine.com\/es\/author\/isabelorellana\/\" target=\"_blank\" rel=\"noopener noreferrer\">Isabel Orellana Vilches<\/a>, 2018<\/em><\/h6>\n<h6><em>Autora vinculada a<\/em><\/h6>\n<h6><em><img loading=\"lazy\" decoding=\"async\" class=\"alignright wp-image-2208 td-animation-stack-type0-2 td-animation-stack-type0-1\" src=\"https:\/\/exaudi.org\/wp-content\/uploads\/2021\/02\/santoral-scaled-1-725x1024.jpg\" alt=\"santoral Isabel Orellana\" width=\"262\" height=\"370\" \/><\/em><img loading=\"lazy\" decoding=\"async\" class=\"alignnone size-full wp-image-41949 td-animation-stack-type0-2 td-animation-stack-type0-1\" src=\"https:\/\/www.idente.org\/wp-content\/uploads\/logo-cedro-v01-843x295-1-e1603384654546.png\" alt=\"\" width=\"80\" height=\"28\" \/><br \/>\nObra protegida por derechos de autor.<br \/>\nInscrita en el Registro de la Propiedad Intelectual el 24 de noviembre de 2014.<br \/>\n________________<br \/>\nDerechos de edici\u00f3n reservados:<br \/>\n<a href=\"https:\/\/rielo.com\/\" target=\"_blank\" rel=\"noopener noreferrer\">Fundaci\u00f3n Fernando Rielo<\/a><br \/>\nGoya 20, 4.\u00ba izq. int. 28001 Madrid<br \/>\nTlf.: (34) 91 575 40 91<br \/>\nCorreo electr\u00f3nico:\u00a0fundacion@rielo.com<\/h6>\n<div class=\"page\" title=\"Page 4\">\n<div class=\"layoutArea\">\n<div class=\"column\">\n<h6>Dep\u00f3sito legal: M-18664-2020<br \/>\nISBN: 978-84-946646-6-3<\/h6>\n<\/div>\n<\/div>\n<\/div>\n","protected":false},"excerpt":{"rendered":"<p>Sacerdote miembro de la Orden de los Teatinos, gran predicador y confesor<\/p>\n","protected":false},"author":23,"featured_media":39286,"comment_status":"closed","ping_status":"closed","sticky":false,"template":"","format":"standard","meta":{"_acf_changed":false,"_crdt_document":"","inline_featured_image":false,"footnotes":""},"categories":[74,2772],"tags":[388,4821,387,58880],"class_list":["post-39284","post","type-post","status-publish","format-standard","has-post-thumbnail","hentry","category-iglesia-y-mundo","category-santoral","tag-isabel-orellana-vilches","tag-san-andres-avelino","tag-santoral","tag-trending-es-151"],"acf":[],"yoast_head":"<!-- This site is optimized with the Yoast SEO plugin v27.5 - https:\/\/yoast.com\/product\/yoast-seo-wordpress\/ -->\n<title>San Andr\u00e9s Avelino, 10 de noviembre &#8211; Exaudi<\/title>\n<meta name=\"description\" content=\"santoral: San Andr\u00e9s Avelino Sacerdote miembro de la Orden de los Cl\u00e9rigos Regulares o Teatinos, gran predicador y confesor.\" \/>\n<meta name=\"robots\" content=\"index, follow, max-snippet:-1, max-image-preview:large, max-video-preview:-1\" \/>\n<link rel=\"canonical\" href=\"https:\/\/exaudi.org\/es\/san-andres-avelino-10-de-noviembre\/\" \/>\n<meta property=\"og:locale\" content=\"es_ES\" \/>\n<meta property=\"og:type\" content=\"article\" \/>\n<meta property=\"og:title\" content=\"San Andr\u00e9s Avelino, 10 de noviembre &#8211; Exaudi\" \/>\n<meta property=\"og:description\" content=\"santoral: San Andr\u00e9s Avelino Sacerdote miembro de la Orden de los Cl\u00e9rigos Regulares o Teatinos, gran predicador y confesor.\" \/>\n<meta property=\"og:url\" content=\"https:\/\/exaudi.org\/es\/san-andres-avelino-10-de-noviembre\/\" \/>\n<meta property=\"og:site_name\" content=\"Exaudi\" \/>\n<meta property=\"article:publisher\" content=\"https:\/\/www.facebook.com\/ExaudiNews\" \/>\n<meta property=\"article:published_time\" content=\"2025-11-10T06:30:58+00:00\" \/>\n<meta property=\"article:modified_time\" content=\"2025-11-10T09:53:01+00:00\" \/>\n<meta property=\"og:image\" content=\"https:\/\/exaudi.org\/wp-content\/uploads\/2021\/11\/San-Andre\u0301s-Avelino.jpeg\" \/>\n\t<meta property=\"og:image:width\" content=\"1287\" \/>\n\t<meta property=\"og:image:height\" content=\"900\" \/>\n\t<meta property=\"og:image:type\" content=\"image\/jpeg\" \/>\n<meta name=\"author\" content=\"Isabel Orellana\" \/>\n<meta name=\"twitter:card\" content=\"summary_large_image\" \/>\n<meta name=\"twitter:creator\" content=\"@Exaudi_News\" \/>\n<meta name=\"twitter:site\" content=\"@Exaudi_News\" \/>\n<meta name=\"twitter:label1\" content=\"Escrito por\" \/>\n\t<meta name=\"twitter:data1\" content=\"Isabel Orellana\" \/>\n\t<meta name=\"twitter:label2\" content=\"Tiempo de lectura\" \/>\n\t<meta name=\"twitter:data2\" content=\"5 minutos\" \/>\n<script type=\"application\/ld+json\" class=\"yoast-schema-graph\">{\"@context\":\"https:\\\/\\\/schema.org\",\"@graph\":[{\"@type\":\"Article\",\"@id\":\"https:\\\/\\\/exaudi.org\\\/es\\\/san-andres-avelino-10-de-noviembre\\\/#article\",\"isPartOf\":{\"@id\":\"https:\\\/\\\/exaudi.org\\\/es\\\/san-andres-avelino-10-de-noviembre\\\/\"},\"author\":{\"name\":\"Isabel Orellana\",\"@id\":\"https:\\\/\\\/exaudi.org\\\/#\\\/schema\\\/person\\\/64e18b96fd6118559a9217b5b3375fdc\"},\"headline\":\"San Andr\u00e9s Avelino, 10 de noviembre\",\"datePublished\":\"2025-11-10T06:30:58+00:00\",\"dateModified\":\"2025-11-10T09:53:01+00:00\",\"mainEntityOfPage\":{\"@id\":\"https:\\\/\\\/exaudi.org\\\/es\\\/san-andres-avelino-10-de-noviembre\\\/\"},\"wordCount\":1077,\"image\":{\"@id\":\"https:\\\/\\\/exaudi.org\\\/es\\\/san-andres-avelino-10-de-noviembre\\\/#primaryimage\"},\"thumbnailUrl\":\"https:\\\/\\\/exaudi.org\\\/wp-content\\\/uploads\\\/2021\\\/11\\\/San-Andre\u0301s-Avelino.jpeg\",\"keywords\":[\"Isabel Orellana Vilches\",\"San Andr\u00e9s Avelino\",\"Santoral\",\"Trending\"],\"articleSection\":[\"Iglesia y Mundo\",\"Santoral\"],\"inLanguage\":\"es\"},{\"@type\":\"WebPage\",\"@id\":\"https:\\\/\\\/exaudi.org\\\/es\\\/san-andres-avelino-10-de-noviembre\\\/\",\"url\":\"https:\\\/\\\/exaudi.org\\\/es\\\/san-andres-avelino-10-de-noviembre\\\/\",\"name\":\"San Andr\u00e9s Avelino, 10 de noviembre &#8211; Exaudi\",\"isPartOf\":{\"@id\":\"https:\\\/\\\/exaudi.org\\\/#website\"},\"primaryImageOfPage\":{\"@id\":\"https:\\\/\\\/exaudi.org\\\/es\\\/san-andres-avelino-10-de-noviembre\\\/#primaryimage\"},\"image\":{\"@id\":\"https:\\\/\\\/exaudi.org\\\/es\\\/san-andres-avelino-10-de-noviembre\\\/#primaryimage\"},\"thumbnailUrl\":\"https:\\\/\\\/exaudi.org\\\/wp-content\\\/uploads\\\/2021\\\/11\\\/San-Andre\u0301s-Avelino.jpeg\",\"datePublished\":\"2025-11-10T06:30:58+00:00\",\"dateModified\":\"2025-11-10T09:53:01+00:00\",\"author\":{\"@id\":\"https:\\\/\\\/exaudi.org\\\/#\\\/schema\\\/person\\\/64e18b96fd6118559a9217b5b3375fdc\"},\"description\":\"santoral: San Andr\u00e9s Avelino Sacerdote miembro de la Orden de los Cl\u00e9rigos Regulares o Teatinos, gran predicador y confesor.\",\"breadcrumb\":{\"@id\":\"https:\\\/\\\/exaudi.org\\\/es\\\/san-andres-avelino-10-de-noviembre\\\/#breadcrumb\"},\"inLanguage\":\"es\",\"potentialAction\":[{\"@type\":\"ReadAction\",\"target\":[\"https:\\\/\\\/exaudi.org\\\/es\\\/san-andres-avelino-10-de-noviembre\\\/\"]}]},{\"@type\":\"ImageObject\",\"inLanguage\":\"es\",\"@id\":\"https:\\\/\\\/exaudi.org\\\/es\\\/san-andres-avelino-10-de-noviembre\\\/#primaryimage\",\"url\":\"https:\\\/\\\/exaudi.org\\\/wp-content\\\/uploads\\\/2021\\\/11\\\/San-Andre\u0301s-Avelino.jpeg\",\"contentUrl\":\"https:\\\/\\\/exaudi.org\\\/wp-content\\\/uploads\\\/2021\\\/11\\\/San-Andre\u0301s-Avelino.jpeg\",\"width\":1287,\"height\":900,\"caption\":\"San Andr\u00e9s Avelino \u00a9 teatinos.org\"},{\"@type\":\"BreadcrumbList\",\"@id\":\"https:\\\/\\\/exaudi.org\\\/es\\\/san-andres-avelino-10-de-noviembre\\\/#breadcrumb\",\"itemListElement\":[{\"@type\":\"ListItem\",\"position\":1,\"name\":\"Portada\",\"item\":\"https:\\\/\\\/exaudi.org\\\/es\\\/\"},{\"@type\":\"ListItem\",\"position\":2,\"name\":\"San Andr\u00e9s Avelino, 10 de noviembre\"}]},{\"@type\":\"WebSite\",\"@id\":\"https:\\\/\\\/exaudi.org\\\/#website\",\"url\":\"https:\\\/\\\/exaudi.org\\\/\",\"name\":\"Exaudi\",\"description\":\"News\",\"potentialAction\":[{\"@type\":\"SearchAction\",\"target\":{\"@type\":\"EntryPoint\",\"urlTemplate\":\"https:\\\/\\\/exaudi.org\\\/?s={search_term_string}\"},\"query-input\":{\"@type\":\"PropertyValueSpecification\",\"valueRequired\":true,\"valueName\":\"search_term_string\"}}],\"inLanguage\":\"es\"},{\"@type\":\"Person\",\"@id\":\"https:\\\/\\\/exaudi.org\\\/#\\\/schema\\\/person\\\/64e18b96fd6118559a9217b5b3375fdc\",\"name\":\"Isabel Orellana\",\"image\":{\"@type\":\"ImageObject\",\"inLanguage\":\"es\",\"@id\":\"https:\\\/\\\/secure.gravatar.com\\\/avatar\\\/51968380bbb6b22ae85c605634860366fd9a2a611c6341125115bca32cd6c171?s=96&d=mm&r=g\",\"url\":\"https:\\\/\\\/secure.gravatar.com\\\/avatar\\\/51968380bbb6b22ae85c605634860366fd9a2a611c6341125115bca32cd6c171?s=96&d=mm&r=g\",\"contentUrl\":\"https:\\\/\\\/secure.gravatar.com\\\/avatar\\\/51968380bbb6b22ae85c605634860366fd9a2a611c6341125115bca32cd6c171?s=96&d=mm&r=g\",\"caption\":\"Isabel Orellana\"},\"description\":\"Isabel Orellana Vilches Misionera idente. Doctora en Filosof\u00eda por la Universidad Aut\u00f3noma de Barcelona con la tesis Realismo y progreso cient\u00edfico en la epistemolog\u00eda popperiana. Ha cursado estudios de teolog\u00eda en la Universidad Pontificia de Salamanca. Con amplia actividad docente desde 1986, ha publicado libros como: Realismo y progreso cient\u00edfico en la epistemolog\u00eda popperiana, Universitat Aut\u00f2noma de Barcelona, 1993; El evangelio habla a los j\u00f3venes, Atenas, Madrid, 1997; Qu\u00e9 es... LA TOLERANCIA, Paulinas, Madrid, 1999; Pedagog\u00eda del dolor. Ensayo antropol\u00f3gico, Palabra, Madrid, 1999; En colaboraci\u00f3n con Enrique Rivera de Ventosa (\u2020) OFM. Cap. San Francisco de As\u00eds y Fernando Rielo: Convergencias. Respuestas desde la fe a los interrogantes del hombre de hoy, Universidad Pontificia, Salamanca, 2001; La \\\"mirada\\\" del cine. Recursos did\u00e1cticos del s\u00e9ptimo arte. Librer\u00eda Cervantes, Salamanca, 2001; Paradojas de la convivencia, San Pablo, Madrid, 2002; En la Universidad T\u00e9cnica Particular de Loja, Ecuador, ha publicado: La confianza. El arte de amar, 2002; Educar para la responsabilidad, 2003; Apuntes de \u00e9tica en Karl R. Popper, 2003; De soledades y comunicaci\u00f3n, 2005; Yo educo; t\u00fa respondes, 2008; Humanismo y fe en un crisol de culturas, 2008; Repensar lo cotidiano, 2008; Convivir: un constante desaf\u00edo, 2009; La l\u00f3gica del amor, 2010; El dolor del amor. Apuntes sobre la enfermedad y el dolor en relaci\u00f3n con la virtud heroica, el martirio y la vida santa. Seminario Diocesano de M\u00e1laga, 2006 y Universidad T\u00e9cnica Particular de Loja, Ecuador (2007). Cuenta con numerosas colaboraciones en obras colectivas, as\u00ed como relatos, cuentos, f\u00e1bula y novela juvenil, adem\u00e1s de art\u00edculos de tem\u00e1tica cient\u00edfica, pedag\u00f3gica y espiritual, que viene publicando en distintas revistas nacionales e internacionales. En 2012 culmin\u00f3 el santoral Llamados a ser santos y poco m\u00e1s tarde Epopeyas de amor prologado por mons. Fernando Sebasti\u00e1n. Es la bi\u00f3grafa oficial del fundador de su familia espiritual, autora de Fernando Rielo Pardal. Fundador de los Misioneros Identes, Descl\u00e9e de Brouwer, Bilbao, 2009. Culmina la biograf\u00eda completa. Encargada del santoral de ZENIT desde 2012 a 2020 y ahora en Exaudi\",\"url\":\"https:\\\/\\\/exaudi.org\\\/es\\\/author\\\/isabelorellana\\\/\"}]}<\/script>\n<!-- \/ Yoast SEO plugin. -->","yoast_head_json":{"title":"San Andr\u00e9s Avelino, 10 de noviembre &#8211; Exaudi","description":"santoral: San Andr\u00e9s Avelino Sacerdote miembro de la Orden de los Cl\u00e9rigos Regulares o Teatinos, gran predicador y confesor.","robots":{"index":"index","follow":"follow","max-snippet":"max-snippet:-1","max-image-preview":"max-image-preview:large","max-video-preview":"max-video-preview:-1"},"canonical":"https:\/\/exaudi.org\/es\/san-andres-avelino-10-de-noviembre\/","og_locale":"es_ES","og_type":"article","og_title":"San Andr\u00e9s Avelino, 10 de noviembre &#8211; Exaudi","og_description":"santoral: San Andr\u00e9s Avelino Sacerdote miembro de la Orden de los Cl\u00e9rigos Regulares o Teatinos, gran predicador y confesor.","og_url":"https:\/\/exaudi.org\/es\/san-andres-avelino-10-de-noviembre\/","og_site_name":"Exaudi","article_publisher":"https:\/\/www.facebook.com\/ExaudiNews","article_published_time":"2025-11-10T06:30:58+00:00","article_modified_time":"2025-11-10T09:53:01+00:00","og_image":[{"width":1287,"height":900,"url":"https:\/\/exaudi.org\/wp-content\/uploads\/2021\/11\/San-Andre\u0301s-Avelino.jpeg","type":"image\/jpeg"}],"author":"Isabel Orellana","twitter_card":"summary_large_image","twitter_creator":"@Exaudi_News","twitter_site":"@Exaudi_News","twitter_misc":{"Escrito por":"Isabel Orellana","Tiempo de lectura":"5 minutos"},"schema":{"@context":"https:\/\/schema.org","@graph":[{"@type":"Article","@id":"https:\/\/exaudi.org\/es\/san-andres-avelino-10-de-noviembre\/#article","isPartOf":{"@id":"https:\/\/exaudi.org\/es\/san-andres-avelino-10-de-noviembre\/"},"author":{"name":"Isabel Orellana","@id":"https:\/\/exaudi.org\/#\/schema\/person\/64e18b96fd6118559a9217b5b3375fdc"},"headline":"San Andr\u00e9s Avelino, 10 de noviembre","datePublished":"2025-11-10T06:30:58+00:00","dateModified":"2025-11-10T09:53:01+00:00","mainEntityOfPage":{"@id":"https:\/\/exaudi.org\/es\/san-andres-avelino-10-de-noviembre\/"},"wordCount":1077,"image":{"@id":"https:\/\/exaudi.org\/es\/san-andres-avelino-10-de-noviembre\/#primaryimage"},"thumbnailUrl":"https:\/\/exaudi.org\/wp-content\/uploads\/2021\/11\/San-Andre\u0301s-Avelino.jpeg","keywords":["Isabel Orellana Vilches","San Andr\u00e9s Avelino","Santoral","Trending"],"articleSection":["Iglesia y Mundo","Santoral"],"inLanguage":"es"},{"@type":"WebPage","@id":"https:\/\/exaudi.org\/es\/san-andres-avelino-10-de-noviembre\/","url":"https:\/\/exaudi.org\/es\/san-andres-avelino-10-de-noviembre\/","name":"San Andr\u00e9s Avelino, 10 de noviembre &#8211; Exaudi","isPartOf":{"@id":"https:\/\/exaudi.org\/#website"},"primaryImageOfPage":{"@id":"https:\/\/exaudi.org\/es\/san-andres-avelino-10-de-noviembre\/#primaryimage"},"image":{"@id":"https:\/\/exaudi.org\/es\/san-andres-avelino-10-de-noviembre\/#primaryimage"},"thumbnailUrl":"https:\/\/exaudi.org\/wp-content\/uploads\/2021\/11\/San-Andre\u0301s-Avelino.jpeg","datePublished":"2025-11-10T06:30:58+00:00","dateModified":"2025-11-10T09:53:01+00:00","author":{"@id":"https:\/\/exaudi.org\/#\/schema\/person\/64e18b96fd6118559a9217b5b3375fdc"},"description":"santoral: San Andr\u00e9s Avelino Sacerdote miembro de la Orden de los Cl\u00e9rigos Regulares o Teatinos, gran predicador y confesor.","breadcrumb":{"@id":"https:\/\/exaudi.org\/es\/san-andres-avelino-10-de-noviembre\/#breadcrumb"},"inLanguage":"es","potentialAction":[{"@type":"ReadAction","target":["https:\/\/exaudi.org\/es\/san-andres-avelino-10-de-noviembre\/"]}]},{"@type":"ImageObject","inLanguage":"es","@id":"https:\/\/exaudi.org\/es\/san-andres-avelino-10-de-noviembre\/#primaryimage","url":"https:\/\/exaudi.org\/wp-content\/uploads\/2021\/11\/San-Andre\u0301s-Avelino.jpeg","contentUrl":"https:\/\/exaudi.org\/wp-content\/uploads\/2021\/11\/San-Andre\u0301s-Avelino.jpeg","width":1287,"height":900,"caption":"San Andr\u00e9s Avelino \u00a9 teatinos.org"},{"@type":"BreadcrumbList","@id":"https:\/\/exaudi.org\/es\/san-andres-avelino-10-de-noviembre\/#breadcrumb","itemListElement":[{"@type":"ListItem","position":1,"name":"Portada","item":"https:\/\/exaudi.org\/es\/"},{"@type":"ListItem","position":2,"name":"San Andr\u00e9s Avelino, 10 de noviembre"}]},{"@type":"WebSite","@id":"https:\/\/exaudi.org\/#website","url":"https:\/\/exaudi.org\/","name":"Exaudi","description":"News","potentialAction":[{"@type":"SearchAction","target":{"@type":"EntryPoint","urlTemplate":"https:\/\/exaudi.org\/?s={search_term_string}"},"query-input":{"@type":"PropertyValueSpecification","valueRequired":true,"valueName":"search_term_string"}}],"inLanguage":"es"},{"@type":"Person","@id":"https:\/\/exaudi.org\/#\/schema\/person\/64e18b96fd6118559a9217b5b3375fdc","name":"Isabel Orellana","image":{"@type":"ImageObject","inLanguage":"es","@id":"https:\/\/secure.gravatar.com\/avatar\/51968380bbb6b22ae85c605634860366fd9a2a611c6341125115bca32cd6c171?s=96&d=mm&r=g","url":"https:\/\/secure.gravatar.com\/avatar\/51968380bbb6b22ae85c605634860366fd9a2a611c6341125115bca32cd6c171?s=96&d=mm&r=g","contentUrl":"https:\/\/secure.gravatar.com\/avatar\/51968380bbb6b22ae85c605634860366fd9a2a611c6341125115bca32cd6c171?s=96&d=mm&r=g","caption":"Isabel Orellana"},"description":"Isabel Orellana Vilches Misionera idente. Doctora en Filosof\u00eda por la Universidad Aut\u00f3noma de Barcelona con la tesis Realismo y progreso cient\u00edfico en la epistemolog\u00eda popperiana. Ha cursado estudios de teolog\u00eda en la Universidad Pontificia de Salamanca. Con amplia actividad docente desde 1986, ha publicado libros como: Realismo y progreso cient\u00edfico en la epistemolog\u00eda popperiana, Universitat Aut\u00f2noma de Barcelona, 1993; El evangelio habla a los j\u00f3venes, Atenas, Madrid, 1997; Qu\u00e9 es... LA TOLERANCIA, Paulinas, Madrid, 1999; Pedagog\u00eda del dolor. Ensayo antropol\u00f3gico, Palabra, Madrid, 1999; En colaboraci\u00f3n con Enrique Rivera de Ventosa (\u2020) OFM. Cap. San Francisco de As\u00eds y Fernando Rielo: Convergencias. Respuestas desde la fe a los interrogantes del hombre de hoy, Universidad Pontificia, Salamanca, 2001; La \"mirada\" del cine. Recursos did\u00e1cticos del s\u00e9ptimo arte. Librer\u00eda Cervantes, Salamanca, 2001; Paradojas de la convivencia, San Pablo, Madrid, 2002; En la Universidad T\u00e9cnica Particular de Loja, Ecuador, ha publicado: La confianza. El arte de amar, 2002; Educar para la responsabilidad, 2003; Apuntes de \u00e9tica en Karl R. Popper, 2003; De soledades y comunicaci\u00f3n, 2005; Yo educo; t\u00fa respondes, 2008; Humanismo y fe en un crisol de culturas, 2008; Repensar lo cotidiano, 2008; Convivir: un constante desaf\u00edo, 2009; La l\u00f3gica del amor, 2010; El dolor del amor. Apuntes sobre la enfermedad y el dolor en relaci\u00f3n con la virtud heroica, el martirio y la vida santa. Seminario Diocesano de M\u00e1laga, 2006 y Universidad T\u00e9cnica Particular de Loja, Ecuador (2007). Cuenta con numerosas colaboraciones en obras colectivas, as\u00ed como relatos, cuentos, f\u00e1bula y novela juvenil, adem\u00e1s de art\u00edculos de tem\u00e1tica cient\u00edfica, pedag\u00f3gica y espiritual, que viene publicando en distintas revistas nacionales e internacionales. En 2012 culmin\u00f3 el santoral Llamados a ser santos y poco m\u00e1s tarde Epopeyas de amor prologado por mons. Fernando Sebasti\u00e1n. Es la bi\u00f3grafa oficial del fundador de su familia espiritual, autora de Fernando Rielo Pardal. Fundador de los Misioneros Identes, Descl\u00e9e de Brouwer, Bilbao, 2009. Culmina la biograf\u00eda completa. Encargada del santoral de ZENIT desde 2012 a 2020 y ahora en Exaudi","url":"https:\/\/exaudi.org\/es\/author\/isabelorellana\/"}]}},"jetpack_featured_media_url":"https:\/\/exaudi.org\/wp-content\/uploads\/2021\/11\/San-Andre\u0301s-Avelino.jpeg","jetpack_shortlink":"https:\/\/wp.me\/pgKjF2-adC","_links":{"self":[{"href":"https:\/\/exaudi.org\/es\/wp-json\/wp\/v2\/posts\/39284","targetHints":{"allow":["GET"]}}],"collection":[{"href":"https:\/\/exaudi.org\/es\/wp-json\/wp\/v2\/posts"}],"about":[{"href":"https:\/\/exaudi.org\/es\/wp-json\/wp\/v2\/types\/post"}],"author":[{"embeddable":true,"href":"https:\/\/exaudi.org\/es\/wp-json\/wp\/v2\/users\/23"}],"replies":[{"embeddable":true,"href":"https:\/\/exaudi.org\/es\/wp-json\/wp\/v2\/comments?post=39284"}],"version-history":[{"count":5,"href":"https:\/\/exaudi.org\/es\/wp-json\/wp\/v2\/posts\/39284\/revisions"}],"predecessor-version":[{"id":145760,"href":"https:\/\/exaudi.org\/es\/wp-json\/wp\/v2\/posts\/39284\/revisions\/145760"}],"wp:featuredmedia":[{"embeddable":true,"href":"https:\/\/exaudi.org\/es\/wp-json\/wp\/v2\/media\/39286"}],"wp:attachment":[{"href":"https:\/\/exaudi.org\/es\/wp-json\/wp\/v2\/media?parent=39284"}],"wp:term":[{"taxonomy":"category","embeddable":true,"href":"https:\/\/exaudi.org\/es\/wp-json\/wp\/v2\/categories?post=39284"},{"taxonomy":"post_tag","embeddable":true,"href":"https:\/\/exaudi.org\/es\/wp-json\/wp\/v2\/tags?post=39284"}],"curies":[{"name":"wp","href":"https:\/\/api.w.org\/{rel}","templated":true}]}}