{"id":39280,"date":"2025-11-09T07:30:06","date_gmt":"2025-11-09T06:30:06","guid":{"rendered":"https:\/\/exaudi.wpengine.com\/?p=39280"},"modified":"2025-11-10T10:51:34","modified_gmt":"2025-11-10T09:51:34","slug":"beato-luigi-beltrame-quattrocchi-9-de-noviembre","status":"publish","type":"post","link":"https:\/\/exaudi.org\/es\/beato-luigi-beltrame-quattrocchi-9-de-noviembre\/","title":{"rendered":"Beato Luis Beltrame Quattrocchi y Mar\u00eda Corsini, 9 de noviembre"},"content":{"rendered":"<p>Hoy se celebra la Dedicaci\u00f3n de la bas\u00edlica de Letr\u00e1n y, entre otros santos y beatos, la vida de Luigi y de Mar\u00eda que fueron beatificados por Juan Pablo II el 21 de octubre de 2001. El Martirologio Romano los recuerda por separado el 9 de noviembre y el 26 de agosto, respectivamente, y la di\u00f3cesis de Roma los celebra unidos el 25 de noviembre que fue la fecha de su matrimonio. Pero dado que su historia est\u00e1 cincelada por un v\u00ednculo que ocup\u00f3 gran parte de su existencia, y que fueron elevados a los altares precisamente por el ejemplo de santidad que dieron en la cotidianeidad de su vida familiar, parece oportuno respetar esa conjunci\u00f3n de la biograf\u00eda de ambos. Y as\u00ed se ofrece en este santoral.<\/p>\n<p><iframe title=\"Spotify Embed: Beato Luis Beltrame Quattrocchi y Mar\u00eda Corsini, 9 de noviembre\" style=\"border-radius: 12px\" width=\"100%\" height=\"152\" frameborder=\"0\" allowfullscreen allow=\"autoplay; clipboard-write; encrypted-media; fullscreen; picture-in-picture\" loading=\"lazy\" src=\"https:\/\/open.spotify.com\/embed\/episode\/06e80tNFW0y7EQOqC0KYN8?si=33e9e60ca2db4f56&#038;utm_source=oembed\"><\/iframe><\/p>\n<p>Luigi naci\u00f3 en Catania, Italia, el 12 de enero de 1880. Al ser acogido por un t\u00edo paterno que no ten\u00eda descendencia, de acuerdo con los padres del beato, este tom\u00f3 de \u00e9l su apellido Quattrocchi sin dejar de mantener un v\u00ednculo con sus padres, Carlo y Francesca. En 1890 se traslad\u00f3 a Roma por motivos profesionales de su t\u00edo. Y en 1898 se matricul\u00f3 en derecho en la Sapienza. Mientras estudiaba, en 1901 conoci\u00f3 a Mar\u00eda, hija del coronel Corsini, perteneciente a una familia acomodada. Resid\u00eda en Roma desde 1893. Hab\u00eda mostrado fuerte car\u00e1cter y ciertas desavenencias con sus padres propias de la adolescencia, y en ese momento estudiaba empresas y contabilidad, aunque al mismo tiempo se sent\u00eda atra\u00edda por la literatura y el arte. Fue autora de un trabajo sobre el pintor Rossetti.<\/p>\n<p>La diferencia de edad entre Luigi y Mar\u00eda no era excesiva, puesto que ella hab\u00eda nacido en Florencia el 24 de junio de 1884. Ambos compart\u00edan similares intereses art\u00edsticos y culturales. De hecho, les vincul\u00f3 inicialmente el af\u00e1n literario. Pero Mar\u00eda a\u00f1ad\u00eda un plus: su compromiso espiritual. Era una mujer culta, amante de la m\u00fasica, que se convertir\u00eda a partir de 1912 en escritora y profesora experta en temas pedag\u00f3gicos. Ya estaba vinculada a la Acci\u00f3n Cat\u00f3lica y colaboraba con los scouts. Luigi ten\u00eda entonces un horizonte prometedor que se materializ\u00f3 enseguida dadas sus excelentes cualidades personales e intelectuales. Defendi\u00f3 la tesis doctoral en 1902 y despu\u00e9s se convertir\u00eda en un reputado abogado del Estado.<\/p>\n<p>La pareja no tuvo dudas de la fortaleza de sus sentimientos porque, tambi\u00e9n amparados por la amistad que vinculaba a las familias de ambos, intensificaron la correspondencia, solidificando un sentimiento profundo que fue desembocando en la clamorosa necesidad de compartir un mismo proyecto de vida. Se comprometieron en marzo de 1905 y el 25 de noviembre de ese a\u00f1o contrajeron matrimonio en la bas\u00edlica de Santa Mar\u00eda la Mayor. En lo concerniente a la fe, Luigi era creyente y su conducta personal y profesional era la de un hombre con principios, intachable, honesto y bondadoso, pero no iba mucho m\u00e1s all\u00e1 en la pr\u00e1ctica religiosa. Sin embargo, el v\u00ednculo matrimonial le condujo a una mayor entrega en el amor a Dios, alentado por el ejemplo de su esposa y con la ayuda de su director espiritual, en una progresi\u00f3n exponencial encomiable que le conducir\u00eda a los altares junto a ella.<\/p>\n<p>Su residencia, la misma de su familia pol\u00edtica, los Corsini, sita en V\u00eda Depretis, le permit\u00eda acudir a misa diariamente junto a su esposa a Santa Mar\u00eda la Mayor; as\u00ed abr\u00edan su apretada agenda cotidiana. En lo dem\u00e1s, aparentemente se asemejaban a una familia normal dentro de su clase que le permit\u00eda acceder a c\u00edrculos sociales selectos vedados para otros. Pero el escenario en el que transcurr\u00eda su feliz existencia lo llenaba Dios. En el centro de sus vidas se hallaba la Eucarist\u00eda, el amor a la Virgen, la recitaci\u00f3n del rosario, el rezo de otras oraciones, etc., adem\u00e1s de retiros y la formaci\u00f3n espiritual que se procuraban. Todo ello vivido en un clima de fe y de alegr\u00eda, sin estridencias, de forma sencilla y natural, y eso lo percibieron sus hijos y sus familiares antes que nadie. Cuando en un hogar rezuma la felicidad, un gesto tan simple como introducir la llave en la cerradura comporta un indescriptible gozo porque se ans\u00eda volver a reunirse con los seres m\u00e1s queridos; es uno de los sentimientos que narraba Mar\u00eda poniendo de manifiesto la riqueza de su convivencia.<\/p>\n<p>A los hijos les ense\u00f1aron a afrontar las dificultades del d\u00eda a d\u00eda con la confianza en la Providencia, buscando la perspectiva divina con su oraci\u00f3n: \u201cdesde el techo hacia arriba\u201d era el consejo que dieron a todos. El ejercicio de su caridad alent\u00f3 su vida, y tres de ellos fueron religiosos; uno sacerdote en la di\u00f3cesis de Roma, otro trapense, y una hija benedictina. El \u00faltimo de los hijos, una ni\u00f1a, sembr\u00f3 la zozobra en sus vidas antes de nacer. Varios m\u00e9dicos no auguraron nada bueno para la madre y la hija. Mar\u00eda fue informada del alt\u00edsimo peligro que corr\u00eda si determinaba seguir adelante con el embarazo y le sugirieron deshacerse del beb\u00e9 para conservar su propia vida. Ni Luigi ni ella vacilaron en la decisi\u00f3n de continuar con el embarazo, aventando el riesgo, y todo se resolvi\u00f3 sin contratiempos.<\/p>\n<p>La oraci\u00f3n que impregnaba su hogar se hizo palpable tambi\u00e9n en el entorno exterior con sus amigos y en las numerosas acciones que realizaron. Porque los esposos desplegaron su apostolado social en diversas vertientes, atendiendo a los pobres, involucr\u00e1ndose en actividades del grupo scouts que organizaron para los ni\u00f1os durante la posguerra \u2014aunque anteriormente hab\u00edan abierto las puertas de su domicilio a refugiados de la guerra\u2014, en el \u00e1mbito catequ\u00e9tico y en su decidido compromiso con la Acci\u00f3n Cat\u00f3lica. Luigi realizaba su apostolado en su casa, entre compa\u00f1eros y amigos, y llev\u00f3 a muchos de ellos a la fe. Con uno de estos fund\u00f3 en 1919 un oratorio festivo para los chicos de la favela. Cuando estall\u00f3 el fascismo tuvo que esconderse para salvar la vida. Despu\u00e9s fue nombrado asesor general adjunto del estado italiano. Muri\u00f3 el 9 de noviembre de 1951 de un infarto de miocardio. Mar\u00eda, que en 1917 se hizo terciaria franciscana, le sobrevivi\u00f3 hasta el 26 de agosto de 1965, dejando atr\u00e1s, al penetrar en la gloria, una admirable labor apost\u00f3lica.<\/p>\n<p><img loading=\"lazy\" decoding=\"async\" class=\"size-full wp-image-145627 alignnone\" src=\"https:\/\/exaudi.org\/wp-content\/uploads\/2025\/11\/Santoral-4.jpg\" alt=\"\" width=\"1080\" height=\"1080\" srcset=\"https:\/\/exaudi.org\/wp-content\/uploads\/2025\/11\/Santoral-4.jpg 1080w, https:\/\/exaudi.org\/wp-content\/uploads\/2025\/11\/Santoral-4-300x300.jpg 300w, https:\/\/exaudi.org\/wp-content\/uploads\/2025\/11\/Santoral-4-1024x1024.jpg 1024w, https:\/\/exaudi.org\/wp-content\/uploads\/2025\/11\/Santoral-4-100x100.jpg?crop=1 100w, https:\/\/exaudi.org\/wp-content\/uploads\/2025\/11\/Santoral-4-770x770.jpg 770w, https:\/\/exaudi.org\/wp-content\/uploads\/2025\/11\/Santoral-4-500x500.jpg 500w\" sizes=\"auto, (max-width: 1080px) 100vw, 1080px\" \/><\/p>\n<h6><em>\u00a9\u00a0<a href=\"https:\/\/exaudi.wpengine.com\/es\/author\/isabelorellana\/\" target=\"_blank\" rel=\"noopener noreferrer\">Isabel Orellana Vilches<\/a>, 2018<\/em><\/h6>\n<h6><em>Autora vinculada a<\/em><\/h6>\n<h6><em><img loading=\"lazy\" decoding=\"async\" class=\"alignright wp-image-2208 td-animation-stack-type0-2 td-animation-stack-type0-1\" src=\"https:\/\/exaudi.org\/wp-content\/uploads\/2021\/02\/santoral-scaled-1-725x1024.jpg\" alt=\"santoral Isabel Orellana\" width=\"262\" height=\"370\" \/><\/em><img loading=\"lazy\" decoding=\"async\" class=\"alignnone size-full wp-image-41949 td-animation-stack-type0-2 td-animation-stack-type0-1\" src=\"https:\/\/www.idente.org\/wp-content\/uploads\/logo-cedro-v01-843x295-1-e1603384654546.png\" alt=\"\" width=\"80\" height=\"28\" \/><br \/>\nObra protegida por derechos de autor.<br \/>\nInscrita en el Registro de la Propiedad Intelectual el 24 de noviembre de 2014.<br \/>\n________________<br \/>\nDerechos de edici\u00f3n reservados:<br \/>\n<a href=\"https:\/\/rielo.com\/\" target=\"_blank\" rel=\"noopener noreferrer\">Fundaci\u00f3n Fernando Rielo<\/a><br \/>\nGoya 20, 4.\u00ba izq. int. 28001 Madrid<br \/>\nTlf.: (34) 91 575 40 91<br \/>\nCorreo electr\u00f3nico:\u00a0fundacion@rielo.com<\/h6>\n<div class=\"page\" title=\"Page 4\">\n<div class=\"layoutArea\">\n<div class=\"column\">\n<h6>Dep\u00f3sito legal: M-18664-2020<br \/>\nISBN: 978-84-946646-6-3<\/h6>\n<\/div>\n<\/div>\n<\/div>\n","protected":false},"excerpt":{"rendered":"<p>Los primeros esposos en ser beatificados como pareja<\/p>\n","protected":false},"author":23,"featured_media":39281,"comment_status":"closed","ping_status":"closed","sticky":false,"template":"","format":"standard","meta":{"_acf_changed":false,"_crdt_document":"","inline_featured_image":false,"footnotes":""},"categories":[74,2772],"tags":[4820,388,387,58880],"class_list":["post-39280","post","type-post","status-publish","format-standard","has-post-thumbnail","hentry","category-iglesia-y-mundo","category-santoral","tag-beato-luigi-beltrame-quattrocchi","tag-isabel-orellana-vilches","tag-santoral","tag-trending-es-151"],"acf":[],"yoast_head":"<!-- This site is optimized with the Yoast SEO plugin v27.4 - https:\/\/yoast.com\/product\/yoast-seo-wordpress\/ -->\n<title>Beato Luis Beltrame Quattrocchi y Mar\u00eda Corsini, 9 de noviembre &#8211; Exaudi<\/title>\n<meta name=\"description\" content=\"Santoral: Luigi Beltrame Quattrocchi junto a la beata Mar\u00eda Corsini, su esposa, han sido los primeros esposos en ser beatificados como pareja.\" \/>\n<meta name=\"robots\" content=\"index, follow, max-snippet:-1, max-image-preview:large, max-video-preview:-1\" \/>\n<link rel=\"canonical\" href=\"https:\/\/exaudi.org\/es\/beato-luigi-beltrame-quattrocchi-9-de-noviembre\/\" \/>\n<meta property=\"og:locale\" content=\"es_ES\" \/>\n<meta property=\"og:type\" content=\"article\" \/>\n<meta property=\"og:title\" content=\"Beato Luis Beltrame Quattrocchi y Mar\u00eda Corsini, 9 de noviembre &#8211; Exaudi\" \/>\n<meta property=\"og:description\" content=\"Santoral: Luigi Beltrame Quattrocchi junto a la beata Mar\u00eda Corsini, su esposa, han sido los primeros esposos en ser beatificados como pareja.\" \/>\n<meta property=\"og:url\" content=\"https:\/\/exaudi.org\/es\/beato-luigi-beltrame-quattrocchi-9-de-noviembre\/\" \/>\n<meta property=\"og:site_name\" content=\"Exaudi\" \/>\n<meta property=\"article:publisher\" content=\"https:\/\/www.facebook.com\/ExaudiNews\" \/>\n<meta property=\"article:published_time\" content=\"2025-11-09T06:30:06+00:00\" \/>\n<meta property=\"article:modified_time\" content=\"2025-11-10T09:51:34+00:00\" \/>\n<meta property=\"og:image\" content=\"https:\/\/exaudi.org\/wp-content\/uploads\/2021\/11\/luigiemaria.jpeg\" \/>\n\t<meta property=\"og:image:width\" content=\"1108\" \/>\n\t<meta property=\"og:image:height\" content=\"755\" \/>\n\t<meta property=\"og:image:type\" content=\"image\/jpeg\" \/>\n<meta name=\"author\" content=\"Isabel Orellana\" \/>\n<meta name=\"twitter:card\" content=\"summary_large_image\" \/>\n<meta name=\"twitter:creator\" content=\"@Exaudi_News\" \/>\n<meta name=\"twitter:site\" content=\"@Exaudi_News\" \/>\n<meta name=\"twitter:label1\" content=\"Escrito por\" \/>\n\t<meta name=\"twitter:data1\" content=\"Isabel Orellana\" \/>\n\t<meta name=\"twitter:label2\" content=\"Tiempo de lectura\" \/>\n\t<meta name=\"twitter:data2\" content=\"6 minutos\" \/>\n<script type=\"application\/ld+json\" class=\"yoast-schema-graph\">{\"@context\":\"https:\\\/\\\/schema.org\",\"@graph\":[{\"@type\":\"Article\",\"@id\":\"https:\\\/\\\/exaudi.org\\\/es\\\/beato-luigi-beltrame-quattrocchi-9-de-noviembre\\\/#article\",\"isPartOf\":{\"@id\":\"https:\\\/\\\/exaudi.org\\\/es\\\/beato-luigi-beltrame-quattrocchi-9-de-noviembre\\\/\"},\"author\":{\"name\":\"Isabel Orellana\",\"@id\":\"https:\\\/\\\/exaudi.org\\\/#\\\/schema\\\/person\\\/64e18b96fd6118559a9217b5b3375fdc\"},\"headline\":\"Beato Luis Beltrame Quattrocchi y Mar\u00eda Corsini, 9 de noviembre\",\"datePublished\":\"2025-11-09T06:30:06+00:00\",\"dateModified\":\"2025-11-10T09:51:34+00:00\",\"mainEntityOfPage\":{\"@id\":\"https:\\\/\\\/exaudi.org\\\/es\\\/beato-luigi-beltrame-quattrocchi-9-de-noviembre\\\/\"},\"wordCount\":1172,\"image\":{\"@id\":\"https:\\\/\\\/exaudi.org\\\/es\\\/beato-luigi-beltrame-quattrocchi-9-de-noviembre\\\/#primaryimage\"},\"thumbnailUrl\":\"https:\\\/\\\/exaudi.org\\\/wp-content\\\/uploads\\\/2021\\\/11\\\/luigiemaria.jpeg\",\"keywords\":[\"Beato Luigi Beltrame Quattrocchi\",\"Isabel Orellana Vilches\",\"Santoral\",\"Trending\"],\"articleSection\":[\"Iglesia y Mundo\",\"Santoral\"],\"inLanguage\":\"es\"},{\"@type\":\"WebPage\",\"@id\":\"https:\\\/\\\/exaudi.org\\\/es\\\/beato-luigi-beltrame-quattrocchi-9-de-noviembre\\\/\",\"url\":\"https:\\\/\\\/exaudi.org\\\/es\\\/beato-luigi-beltrame-quattrocchi-9-de-noviembre\\\/\",\"name\":\"Beato Luis Beltrame Quattrocchi y Mar\u00eda Corsini, 9 de noviembre &#8211; Exaudi\",\"isPartOf\":{\"@id\":\"https:\\\/\\\/exaudi.org\\\/#website\"},\"primaryImageOfPage\":{\"@id\":\"https:\\\/\\\/exaudi.org\\\/es\\\/beato-luigi-beltrame-quattrocchi-9-de-noviembre\\\/#primaryimage\"},\"image\":{\"@id\":\"https:\\\/\\\/exaudi.org\\\/es\\\/beato-luigi-beltrame-quattrocchi-9-de-noviembre\\\/#primaryimage\"},\"thumbnailUrl\":\"https:\\\/\\\/exaudi.org\\\/wp-content\\\/uploads\\\/2021\\\/11\\\/luigiemaria.jpeg\",\"datePublished\":\"2025-11-09T06:30:06+00:00\",\"dateModified\":\"2025-11-10T09:51:34+00:00\",\"author\":{\"@id\":\"https:\\\/\\\/exaudi.org\\\/#\\\/schema\\\/person\\\/64e18b96fd6118559a9217b5b3375fdc\"},\"description\":\"Santoral: Luigi Beltrame Quattrocchi junto a la beata Mar\u00eda Corsini, su esposa, han sido los primeros esposos en ser beatificados como pareja.\",\"breadcrumb\":{\"@id\":\"https:\\\/\\\/exaudi.org\\\/es\\\/beato-luigi-beltrame-quattrocchi-9-de-noviembre\\\/#breadcrumb\"},\"inLanguage\":\"es\",\"potentialAction\":[{\"@type\":\"ReadAction\",\"target\":[\"https:\\\/\\\/exaudi.org\\\/es\\\/beato-luigi-beltrame-quattrocchi-9-de-noviembre\\\/\"]}]},{\"@type\":\"ImageObject\",\"inLanguage\":\"es\",\"@id\":\"https:\\\/\\\/exaudi.org\\\/es\\\/beato-luigi-beltrame-quattrocchi-9-de-noviembre\\\/#primaryimage\",\"url\":\"https:\\\/\\\/exaudi.org\\\/wp-content\\\/uploads\\\/2021\\\/11\\\/luigiemaria.jpeg\",\"contentUrl\":\"https:\\\/\\\/exaudi.org\\\/wp-content\\\/uploads\\\/2021\\\/11\\\/luigiemaria.jpeg\",\"width\":1108,\"height\":755,\"caption\":\"Beati Luigi e Maria Beltrame Quattrocchi \u00a9 luigiemaria.com\"},{\"@type\":\"BreadcrumbList\",\"@id\":\"https:\\\/\\\/exaudi.org\\\/es\\\/beato-luigi-beltrame-quattrocchi-9-de-noviembre\\\/#breadcrumb\",\"itemListElement\":[{\"@type\":\"ListItem\",\"position\":1,\"name\":\"Portada\",\"item\":\"https:\\\/\\\/exaudi.org\\\/es\\\/\"},{\"@type\":\"ListItem\",\"position\":2,\"name\":\"Beato Luis Beltrame Quattrocchi y Mar\u00eda Corsini, 9 de noviembre\"}]},{\"@type\":\"WebSite\",\"@id\":\"https:\\\/\\\/exaudi.org\\\/#website\",\"url\":\"https:\\\/\\\/exaudi.org\\\/\",\"name\":\"Exaudi\",\"description\":\"News\",\"potentialAction\":[{\"@type\":\"SearchAction\",\"target\":{\"@type\":\"EntryPoint\",\"urlTemplate\":\"https:\\\/\\\/exaudi.org\\\/?s={search_term_string}\"},\"query-input\":{\"@type\":\"PropertyValueSpecification\",\"valueRequired\":true,\"valueName\":\"search_term_string\"}}],\"inLanguage\":\"es\"},{\"@type\":\"Person\",\"@id\":\"https:\\\/\\\/exaudi.org\\\/#\\\/schema\\\/person\\\/64e18b96fd6118559a9217b5b3375fdc\",\"name\":\"Isabel Orellana\",\"image\":{\"@type\":\"ImageObject\",\"inLanguage\":\"es\",\"@id\":\"https:\\\/\\\/secure.gravatar.com\\\/avatar\\\/51968380bbb6b22ae85c605634860366fd9a2a611c6341125115bca32cd6c171?s=96&d=mm&r=g\",\"url\":\"https:\\\/\\\/secure.gravatar.com\\\/avatar\\\/51968380bbb6b22ae85c605634860366fd9a2a611c6341125115bca32cd6c171?s=96&d=mm&r=g\",\"contentUrl\":\"https:\\\/\\\/secure.gravatar.com\\\/avatar\\\/51968380bbb6b22ae85c605634860366fd9a2a611c6341125115bca32cd6c171?s=96&d=mm&r=g\",\"caption\":\"Isabel Orellana\"},\"description\":\"Isabel Orellana Vilches Misionera idente. Doctora en Filosof\u00eda por la Universidad Aut\u00f3noma de Barcelona con la tesis Realismo y progreso cient\u00edfico en la epistemolog\u00eda popperiana. Ha cursado estudios de teolog\u00eda en la Universidad Pontificia de Salamanca. Con amplia actividad docente desde 1986, ha publicado libros como: Realismo y progreso cient\u00edfico en la epistemolog\u00eda popperiana, Universitat Aut\u00f2noma de Barcelona, 1993; El evangelio habla a los j\u00f3venes, Atenas, Madrid, 1997; Qu\u00e9 es... LA TOLERANCIA, Paulinas, Madrid, 1999; Pedagog\u00eda del dolor. Ensayo antropol\u00f3gico, Palabra, Madrid, 1999; En colaboraci\u00f3n con Enrique Rivera de Ventosa (\u2020) OFM. Cap. San Francisco de As\u00eds y Fernando Rielo: Convergencias. Respuestas desde la fe a los interrogantes del hombre de hoy, Universidad Pontificia, Salamanca, 2001; La \\\"mirada\\\" del cine. Recursos did\u00e1cticos del s\u00e9ptimo arte. Librer\u00eda Cervantes, Salamanca, 2001; Paradojas de la convivencia, San Pablo, Madrid, 2002; En la Universidad T\u00e9cnica Particular de Loja, Ecuador, ha publicado: La confianza. El arte de amar, 2002; Educar para la responsabilidad, 2003; Apuntes de \u00e9tica en Karl R. Popper, 2003; De soledades y comunicaci\u00f3n, 2005; Yo educo; t\u00fa respondes, 2008; Humanismo y fe en un crisol de culturas, 2008; Repensar lo cotidiano, 2008; Convivir: un constante desaf\u00edo, 2009; La l\u00f3gica del amor, 2010; El dolor del amor. Apuntes sobre la enfermedad y el dolor en relaci\u00f3n con la virtud heroica, el martirio y la vida santa. Seminario Diocesano de M\u00e1laga, 2006 y Universidad T\u00e9cnica Particular de Loja, Ecuador (2007). Cuenta con numerosas colaboraciones en obras colectivas, as\u00ed como relatos, cuentos, f\u00e1bula y novela juvenil, adem\u00e1s de art\u00edculos de tem\u00e1tica cient\u00edfica, pedag\u00f3gica y espiritual, que viene publicando en distintas revistas nacionales e internacionales. En 2012 culmin\u00f3 el santoral Llamados a ser santos y poco m\u00e1s tarde Epopeyas de amor prologado por mons. Fernando Sebasti\u00e1n. Es la bi\u00f3grafa oficial del fundador de su familia espiritual, autora de Fernando Rielo Pardal. Fundador de los Misioneros Identes, Descl\u00e9e de Brouwer, Bilbao, 2009. Culmina la biograf\u00eda completa. Encargada del santoral de ZENIT desde 2012 a 2020 y ahora en Exaudi\",\"url\":\"https:\\\/\\\/exaudi.org\\\/es\\\/author\\\/isabelorellana\\\/\"}]}<\/script>\n<!-- \/ Yoast SEO plugin. -->","yoast_head_json":{"title":"Beato Luis Beltrame Quattrocchi y Mar\u00eda Corsini, 9 de noviembre &#8211; Exaudi","description":"Santoral: Luigi Beltrame Quattrocchi junto a la beata Mar\u00eda Corsini, su esposa, han sido los primeros esposos en ser beatificados como pareja.","robots":{"index":"index","follow":"follow","max-snippet":"max-snippet:-1","max-image-preview":"max-image-preview:large","max-video-preview":"max-video-preview:-1"},"canonical":"https:\/\/exaudi.org\/es\/beato-luigi-beltrame-quattrocchi-9-de-noviembre\/","og_locale":"es_ES","og_type":"article","og_title":"Beato Luis Beltrame Quattrocchi y Mar\u00eda Corsini, 9 de noviembre &#8211; Exaudi","og_description":"Santoral: Luigi Beltrame Quattrocchi junto a la beata Mar\u00eda Corsini, su esposa, han sido los primeros esposos en ser beatificados como pareja.","og_url":"https:\/\/exaudi.org\/es\/beato-luigi-beltrame-quattrocchi-9-de-noviembre\/","og_site_name":"Exaudi","article_publisher":"https:\/\/www.facebook.com\/ExaudiNews","article_published_time":"2025-11-09T06:30:06+00:00","article_modified_time":"2025-11-10T09:51:34+00:00","og_image":[{"width":1108,"height":755,"url":"https:\/\/exaudi.org\/wp-content\/uploads\/2021\/11\/luigiemaria.jpeg","type":"image\/jpeg"}],"author":"Isabel Orellana","twitter_card":"summary_large_image","twitter_creator":"@Exaudi_News","twitter_site":"@Exaudi_News","twitter_misc":{"Escrito por":"Isabel Orellana","Tiempo de lectura":"6 minutos"},"schema":{"@context":"https:\/\/schema.org","@graph":[{"@type":"Article","@id":"https:\/\/exaudi.org\/es\/beato-luigi-beltrame-quattrocchi-9-de-noviembre\/#article","isPartOf":{"@id":"https:\/\/exaudi.org\/es\/beato-luigi-beltrame-quattrocchi-9-de-noviembre\/"},"author":{"name":"Isabel Orellana","@id":"https:\/\/exaudi.org\/#\/schema\/person\/64e18b96fd6118559a9217b5b3375fdc"},"headline":"Beato Luis Beltrame Quattrocchi y Mar\u00eda Corsini, 9 de noviembre","datePublished":"2025-11-09T06:30:06+00:00","dateModified":"2025-11-10T09:51:34+00:00","mainEntityOfPage":{"@id":"https:\/\/exaudi.org\/es\/beato-luigi-beltrame-quattrocchi-9-de-noviembre\/"},"wordCount":1172,"image":{"@id":"https:\/\/exaudi.org\/es\/beato-luigi-beltrame-quattrocchi-9-de-noviembre\/#primaryimage"},"thumbnailUrl":"https:\/\/exaudi.org\/wp-content\/uploads\/2021\/11\/luigiemaria.jpeg","keywords":["Beato Luigi Beltrame Quattrocchi","Isabel Orellana Vilches","Santoral","Trending"],"articleSection":["Iglesia y Mundo","Santoral"],"inLanguage":"es"},{"@type":"WebPage","@id":"https:\/\/exaudi.org\/es\/beato-luigi-beltrame-quattrocchi-9-de-noviembre\/","url":"https:\/\/exaudi.org\/es\/beato-luigi-beltrame-quattrocchi-9-de-noviembre\/","name":"Beato Luis Beltrame Quattrocchi y Mar\u00eda Corsini, 9 de noviembre &#8211; Exaudi","isPartOf":{"@id":"https:\/\/exaudi.org\/#website"},"primaryImageOfPage":{"@id":"https:\/\/exaudi.org\/es\/beato-luigi-beltrame-quattrocchi-9-de-noviembre\/#primaryimage"},"image":{"@id":"https:\/\/exaudi.org\/es\/beato-luigi-beltrame-quattrocchi-9-de-noviembre\/#primaryimage"},"thumbnailUrl":"https:\/\/exaudi.org\/wp-content\/uploads\/2021\/11\/luigiemaria.jpeg","datePublished":"2025-11-09T06:30:06+00:00","dateModified":"2025-11-10T09:51:34+00:00","author":{"@id":"https:\/\/exaudi.org\/#\/schema\/person\/64e18b96fd6118559a9217b5b3375fdc"},"description":"Santoral: Luigi Beltrame Quattrocchi junto a la beata Mar\u00eda Corsini, su esposa, han sido los primeros esposos en ser beatificados como pareja.","breadcrumb":{"@id":"https:\/\/exaudi.org\/es\/beato-luigi-beltrame-quattrocchi-9-de-noviembre\/#breadcrumb"},"inLanguage":"es","potentialAction":[{"@type":"ReadAction","target":["https:\/\/exaudi.org\/es\/beato-luigi-beltrame-quattrocchi-9-de-noviembre\/"]}]},{"@type":"ImageObject","inLanguage":"es","@id":"https:\/\/exaudi.org\/es\/beato-luigi-beltrame-quattrocchi-9-de-noviembre\/#primaryimage","url":"https:\/\/exaudi.org\/wp-content\/uploads\/2021\/11\/luigiemaria.jpeg","contentUrl":"https:\/\/exaudi.org\/wp-content\/uploads\/2021\/11\/luigiemaria.jpeg","width":1108,"height":755,"caption":"Beati Luigi e Maria Beltrame Quattrocchi \u00a9 luigiemaria.com"},{"@type":"BreadcrumbList","@id":"https:\/\/exaudi.org\/es\/beato-luigi-beltrame-quattrocchi-9-de-noviembre\/#breadcrumb","itemListElement":[{"@type":"ListItem","position":1,"name":"Portada","item":"https:\/\/exaudi.org\/es\/"},{"@type":"ListItem","position":2,"name":"Beato Luis Beltrame Quattrocchi y Mar\u00eda Corsini, 9 de noviembre"}]},{"@type":"WebSite","@id":"https:\/\/exaudi.org\/#website","url":"https:\/\/exaudi.org\/","name":"Exaudi","description":"News","potentialAction":[{"@type":"SearchAction","target":{"@type":"EntryPoint","urlTemplate":"https:\/\/exaudi.org\/?s={search_term_string}"},"query-input":{"@type":"PropertyValueSpecification","valueRequired":true,"valueName":"search_term_string"}}],"inLanguage":"es"},{"@type":"Person","@id":"https:\/\/exaudi.org\/#\/schema\/person\/64e18b96fd6118559a9217b5b3375fdc","name":"Isabel Orellana","image":{"@type":"ImageObject","inLanguage":"es","@id":"https:\/\/secure.gravatar.com\/avatar\/51968380bbb6b22ae85c605634860366fd9a2a611c6341125115bca32cd6c171?s=96&d=mm&r=g","url":"https:\/\/secure.gravatar.com\/avatar\/51968380bbb6b22ae85c605634860366fd9a2a611c6341125115bca32cd6c171?s=96&d=mm&r=g","contentUrl":"https:\/\/secure.gravatar.com\/avatar\/51968380bbb6b22ae85c605634860366fd9a2a611c6341125115bca32cd6c171?s=96&d=mm&r=g","caption":"Isabel Orellana"},"description":"Isabel Orellana Vilches Misionera idente. Doctora en Filosof\u00eda por la Universidad Aut\u00f3noma de Barcelona con la tesis Realismo y progreso cient\u00edfico en la epistemolog\u00eda popperiana. Ha cursado estudios de teolog\u00eda en la Universidad Pontificia de Salamanca. Con amplia actividad docente desde 1986, ha publicado libros como: Realismo y progreso cient\u00edfico en la epistemolog\u00eda popperiana, Universitat Aut\u00f2noma de Barcelona, 1993; El evangelio habla a los j\u00f3venes, Atenas, Madrid, 1997; Qu\u00e9 es... LA TOLERANCIA, Paulinas, Madrid, 1999; Pedagog\u00eda del dolor. Ensayo antropol\u00f3gico, Palabra, Madrid, 1999; En colaboraci\u00f3n con Enrique Rivera de Ventosa (\u2020) OFM. Cap. San Francisco de As\u00eds y Fernando Rielo: Convergencias. Respuestas desde la fe a los interrogantes del hombre de hoy, Universidad Pontificia, Salamanca, 2001; La \"mirada\" del cine. Recursos did\u00e1cticos del s\u00e9ptimo arte. Librer\u00eda Cervantes, Salamanca, 2001; Paradojas de la convivencia, San Pablo, Madrid, 2002; En la Universidad T\u00e9cnica Particular de Loja, Ecuador, ha publicado: La confianza. El arte de amar, 2002; Educar para la responsabilidad, 2003; Apuntes de \u00e9tica en Karl R. Popper, 2003; De soledades y comunicaci\u00f3n, 2005; Yo educo; t\u00fa respondes, 2008; Humanismo y fe en un crisol de culturas, 2008; Repensar lo cotidiano, 2008; Convivir: un constante desaf\u00edo, 2009; La l\u00f3gica del amor, 2010; El dolor del amor. Apuntes sobre la enfermedad y el dolor en relaci\u00f3n con la virtud heroica, el martirio y la vida santa. Seminario Diocesano de M\u00e1laga, 2006 y Universidad T\u00e9cnica Particular de Loja, Ecuador (2007). Cuenta con numerosas colaboraciones en obras colectivas, as\u00ed como relatos, cuentos, f\u00e1bula y novela juvenil, adem\u00e1s de art\u00edculos de tem\u00e1tica cient\u00edfica, pedag\u00f3gica y espiritual, que viene publicando en distintas revistas nacionales e internacionales. En 2012 culmin\u00f3 el santoral Llamados a ser santos y poco m\u00e1s tarde Epopeyas de amor prologado por mons. Fernando Sebasti\u00e1n. Es la bi\u00f3grafa oficial del fundador de su familia espiritual, autora de Fernando Rielo Pardal. Fundador de los Misioneros Identes, Descl\u00e9e de Brouwer, Bilbao, 2009. Culmina la biograf\u00eda completa. Encargada del santoral de ZENIT desde 2012 a 2020 y ahora en Exaudi","url":"https:\/\/exaudi.org\/es\/author\/isabelorellana\/"}]}},"jetpack_featured_media_url":"https:\/\/exaudi.org\/wp-content\/uploads\/2021\/11\/luigiemaria.jpeg","jetpack_shortlink":"https:\/\/wp.me\/pgKjF2-ady","_links":{"self":[{"href":"https:\/\/exaudi.org\/es\/wp-json\/wp\/v2\/posts\/39280","targetHints":{"allow":["GET"]}}],"collection":[{"href":"https:\/\/exaudi.org\/es\/wp-json\/wp\/v2\/posts"}],"about":[{"href":"https:\/\/exaudi.org\/es\/wp-json\/wp\/v2\/types\/post"}],"author":[{"embeddable":true,"href":"https:\/\/exaudi.org\/es\/wp-json\/wp\/v2\/users\/23"}],"replies":[{"embeddable":true,"href":"https:\/\/exaudi.org\/es\/wp-json\/wp\/v2\/comments?post=39280"}],"version-history":[{"count":4,"href":"https:\/\/exaudi.org\/es\/wp-json\/wp\/v2\/posts\/39280\/revisions"}],"predecessor-version":[{"id":145758,"href":"https:\/\/exaudi.org\/es\/wp-json\/wp\/v2\/posts\/39280\/revisions\/145758"}],"wp:featuredmedia":[{"embeddable":true,"href":"https:\/\/exaudi.org\/es\/wp-json\/wp\/v2\/media\/39281"}],"wp:attachment":[{"href":"https:\/\/exaudi.org\/es\/wp-json\/wp\/v2\/media?parent=39280"}],"wp:term":[{"taxonomy":"category","embeddable":true,"href":"https:\/\/exaudi.org\/es\/wp-json\/wp\/v2\/categories?post=39280"},{"taxonomy":"post_tag","embeddable":true,"href":"https:\/\/exaudi.org\/es\/wp-json\/wp\/v2\/tags?post=39280"}],"curies":[{"name":"wp","href":"https:\/\/api.w.org\/{rel}","templated":true}]}}