{"id":39187,"date":"2021-11-08T10:28:17","date_gmt":"2021-11-08T09:28:17","guid":{"rendered":"https:\/\/exaudi.wpengine.com\/?p=39187"},"modified":"2021-11-09T11:45:12","modified_gmt":"2021-11-09T10:45:12","slug":"don-enrico-el-sacerdote-que-bautizo-a-francisco","status":"publish","type":"post","link":"https:\/\/exaudi.org\/es\/don-enrico-el-sacerdote-que-bautizo-a-francisco\/","title":{"rendered":"Don Enrico, el sacerdote que bautiz\u00f3 a Francisco"},"content":{"rendered":"<p><em>Yo hice al Papa cristiano<\/em> es la biograf\u00eda de Don Enrico Pozzoli, el misionero salesiano que en Buenos Aires, Argentina, en 1936, bautiz\u00f3 a Jorge Mario Bergoglio, hoy Papa Francisco, y sigui\u00f3 su vocaci\u00f3n hasta el noviciado.<\/p>\n<p>\u00bfQui\u00e9n educ\u00f3 a Jorge Mario Bergoglio como cristiano? \u00bfQui\u00e9n influy\u00f3 en la espiritualidad del futuro pont\u00edfice? \u00bfQui\u00e9n marc\u00f3 profundamente, con la palabra y el ejemplo, la formaci\u00f3n cristiana del Papa argentino? En el libro <em>Ho fatto cristiano il Papa<\/em> (<em>Hice cristiano al Papa<\/em>), publicado recientemente por la <a href=\"https:\/\/www.libreriaeditricevaticana.va\/it\/\" target=\"_blank\" rel=\"noopener\">Librer\u00eda Editora Vaticana<\/a> (LEV), el periodista Ferruccio Pallavera responde a estas preguntas trazando el perfil biogr\u00e1fico de don Enrico Pozzoli, el misionero salesiano de Lodi que bautiz\u00f3 a Jorge Mario Bergoglio. Pozzoli fue su maestro y padre espiritual durante varios a\u00f1os y gran amigo de su familia, llegando a orientar la vocaci\u00f3n religiosa del joven Jorge Mario hacia la Compa\u00f1\u00eda de Jes\u00fas, informa una nota de la LEV.<\/p>\n<p>\u201cCuando el Papa Francisco se enter\u00f3 de que estaba escribiendo un libro sobre Don Pozzoli\u201d, cuenta Pallavera, \u201ctuvo la cortes\u00eda y la gran amabilidad de invitarme a su casa, la Casa Santa Marta, en el Vaticano. Y se tom\u00f3 el tiempo de contarme personalmente sus recuerdos y su deuda espiritual con Don Pozzoli. En varias ocasiones, en p\u00fablico, habl\u00f3 de su gratitud a este sacerdote salesiano, que encarnaba el esp\u00edritu de Don Bosco: gran dedicaci\u00f3n al ministerio, un afecto innato por los j\u00f3venes, un trabajador incansable, siempre de buen humor y dispuesto a bromear\u201d.<\/p>\n<p>En varias ocasiones, el Papa Francisco elogi\u00f3 al padre Enrico Pozzoli como su maestro espiritual y su gu\u00eda de crecimiento humano: \u201cFue un gran ap\u00f3stol del confesionario\u201d, dijo ante los miles de j\u00f3venes reunidos en el estadio San Siro de Mil\u00e1n el 25 de marzo de 2017, durante su visita a la capital lombarda.<\/p>\n<p>El libro de Ferruccio Pallavera se presentar\u00e1 en Roma el viernes 12 de noviembre a las 18:30 horas en la Pontificia Universidad Urbaniana. Tras los saludos del rector de la Universidad Urbaniana, Leonardo Sileo, y de Lorenzo Fazzini, responsable de la publicaci\u00f3n en la LEV, tomar\u00e1n la palabra los ponentes: cardenal Luis Antonio Tagle, prefecto de la Congregaci\u00f3n para la Evangelizaci\u00f3n de los Pueblos; Lorenzo Guerini, ministro de Defensa y ex alcalde de Lodi; y \u00c1ngel Fern\u00e1ndez Artime, rector Mayor de los Salesianos. Monica Mondo, periodista de Tv2000, ejercer\u00e1 como moderadora.<\/p>\n<p>A continuaci\u00f3n, ofrecemos el prefacio del Santo Padre al libro ofrecido por Vatican News.<\/p>\n<p>***<\/p>\n<p>A \u00e9l [el P. Enrico Pozzoli] acud\u00edan todos los que ten\u00edan un problema particular, con la certeza de que har\u00eda cualquier cosa para ayudar. La gente tambi\u00e9n acud\u00eda al Padre Pozzoli cuando necesitaba consejo.<\/p>\n<p>El Padre Pozzoli ten\u00eda sentido de la realidad. Y cuando ocurr\u00eda algo inusual, ten\u00eda una forma especial de expresarse. Se llevaba la mano a la parte superior de la cabeza y se rascaba con los cinco dedos, diciendo: \u201c\u00a1canastos&#8230;!\u201d. Este fue su \u00fanico gesto de impaciencia. Era un hombre de gran sentido com\u00fan, que demostraba en los numerosos consejos que daba a la gente. Por eso era muy apreciado por todos.<\/p>\n<p>Pasaba horas y horas en el confesionario y con el paso de los a\u00f1os se convirti\u00f3 en un punto de referencia para todos los salesianos de Buenos Aires y de las comunidades vecinas. Hizo lo mismo con muchos sacerdotes diocesanos. Tambi\u00e9n iba peri\u00f3dicamente a confesar a las Hermanas de Mar\u00eda Auxiliadora. Fue realmente un gran confesor.<\/p>\n<p>[Tras decidir ser sacerdote, la primera persona a la que Jorge Mario Bergoglio cont\u00f3 su decisi\u00f3n de entrar en el seminario fue su padre, en 1955]. Sab\u00eda que \u00e9l me entender\u00eda m\u00e1s que mi madre. De hecho, se entusiasm\u00f3 de inmediato. Mi madre no tuvo la misma reacci\u00f3n. Me dijo que tendr\u00eda que pensar mucho antes de tomar esa decisi\u00f3n, que ser\u00eda mejor para m\u00ed terminar la universidad y graduarme.<\/p>\n<p>[Dos a\u00f1os despu\u00e9s, Bergoglio tuvo un grave problema de salud] Era agosto de 1957. Empec\u00e9 a sentir punzadas en mi pulm\u00f3n derecho. El dolor no se detuvo. Mi salud se derrumb\u00f3, me llevaron urgentemente al hospital, estaba muy d\u00e9bil, hasta el punto de no poder ponerme de pie, me pusieron en una camilla\u201d [corr\u00eda el riesgo de morir de una infecci\u00f3n pulmonar, le extirparon la parte superior del pulm\u00f3n derecho].<\/p>\n<p>[Cuando Bergoglio le dijo a Pozzoli, un salesiano, que ten\u00eda la intenci\u00f3n de hacerse jesuita, el padre Pozzoli comparti\u00f3 mi decisi\u00f3n y no me propuso que me uniera a los salesianos en lugar de a la Compa\u00f1\u00eda de Jes\u00fas. Siempre respet\u00f3 mi elecci\u00f3n, no era el tipo de sacerdote que hac\u00eda pros\u00e9litos. Pregunt\u00f3 y me dijo que los jesuitas me recibir\u00edan en su seminario en marzo. Esto fue en noviembre. A\u00f1adi\u00f3 que no era conveniente que me quedara en casa durante esos cuatro meses. Tambi\u00e9n necesitaba recuperarme f\u00edsicamente porque la operaci\u00f3n a la que me hab\u00eda sometido hab\u00eda sido muy pesada. As\u00ed que se dirigi\u00f3 a su superior directo, el inspector salesiano de Buenos Aires, a quien le explic\u00f3 mi situaci\u00f3n.<\/p>\n","protected":false},"excerpt":{"rendered":"<p>\u2018Yo hice cristiano al Papa\u2019, libro que recuerda al misionero salesiano que form\u00f3 al Santo Padre<\/p>\n","protected":false},"author":5,"featured_media":39188,"comment_status":"open","ping_status":"open","sticky":false,"template":"","format":"standard","meta":{"_acf_changed":false,"_crdt_document":"","inline_featured_image":false,"footnotes":""},"categories":[68,298],"tags":[4809,3787,158],"class_list":["post-39187","post","type-post","status-publish","format-standard","has-post-thumbnail","hentry","category-leon-xiv","category-ultimas-noticias","tag-enrico-pozzoli","tag-libreria-editora-vaticana","tag-papa-francisco"],"acf":[],"yoast_head":"<!-- This site is optimized with the Yoast SEO plugin v27.5 - https:\/\/yoast.com\/product\/yoast-seo-wordpress\/ -->\n<title>Don Enrico, el sacerdote que bautiz\u00f3 a Francisco &#8211; Exaudi<\/title>\n<meta name=\"description\" content=\"&#039;Yo hice al Papa cristiano&#039; es la biograf\u00eda de Don Enrico Pozzoli, el misionero salesiano que bautiz\u00f3 y form\u00f3 al Papa Francisco\" \/>\n<meta name=\"robots\" content=\"index, follow, max-snippet:-1, max-image-preview:large, max-video-preview:-1\" \/>\n<link rel=\"canonical\" href=\"https:\/\/exaudi.org\/es\/don-enrico-el-sacerdote-que-bautizo-a-francisco\/\" \/>\n<meta property=\"og:locale\" content=\"es_ES\" \/>\n<meta property=\"og:type\" content=\"article\" \/>\n<meta property=\"og:title\" content=\"Don Enrico, el sacerdote que bautiz\u00f3 a Francisco &#8211; Exaudi\" \/>\n<meta property=\"og:description\" content=\"&#039;Yo hice al Papa cristiano&#039; es la biograf\u00eda de Don Enrico Pozzoli, el misionero salesiano que bautiz\u00f3 y form\u00f3 al Papa Francisco\" \/>\n<meta property=\"og:url\" content=\"https:\/\/exaudi.org\/es\/don-enrico-el-sacerdote-que-bautizo-a-francisco\/\" \/>\n<meta property=\"og:site_name\" content=\"Exaudi\" \/>\n<meta property=\"article:publisher\" content=\"https:\/\/www.facebook.com\/ExaudiNews\" \/>\n<meta property=\"article:published_time\" content=\"2021-11-08T09:28:17+00:00\" \/>\n<meta property=\"article:modified_time\" content=\"2021-11-09T10:45:12+00:00\" \/>\n<meta property=\"og:image\" content=\"https:\/\/exaudi.org\/wp-content\/uploads\/2021\/11\/Portada-del-libro-Yo-hice-cristiano-al-Papa.jpeg\" \/>\n\t<meta property=\"og:image:width\" content=\"1280\" \/>\n\t<meta property=\"og:image:height\" content=\"720\" \/>\n\t<meta property=\"og:image:type\" content=\"image\/jpeg\" \/>\n<meta name=\"author\" content=\"Larissa I. L\u00f3pez\" \/>\n<meta name=\"twitter:card\" content=\"summary_large_image\" \/>\n<meta name=\"twitter:creator\" content=\"@Exaudi_News\" \/>\n<meta name=\"twitter:site\" content=\"@Exaudi_News\" \/>\n<meta name=\"twitter:label1\" content=\"Escrito por\" \/>\n\t<meta name=\"twitter:data1\" content=\"Larissa I. L\u00f3pez\" \/>\n\t<meta name=\"twitter:label2\" content=\"Tiempo de lectura\" \/>\n\t<meta name=\"twitter:data2\" content=\"4 minutos\" \/>\n<script type=\"application\/ld+json\" class=\"yoast-schema-graph\">{\"@context\":\"https:\\\/\\\/schema.org\",\"@graph\":[{\"@type\":\"Article\",\"@id\":\"https:\\\/\\\/exaudi.org\\\/es\\\/don-enrico-el-sacerdote-que-bautizo-a-francisco\\\/#article\",\"isPartOf\":{\"@id\":\"https:\\\/\\\/exaudi.org\\\/es\\\/don-enrico-el-sacerdote-que-bautizo-a-francisco\\\/\"},\"author\":{\"name\":\"Larissa I. L\u00f3pez\",\"@id\":\"https:\\\/\\\/exaudi.org\\\/#\\\/schema\\\/person\\\/7d2f77db033c2c0929edfab6dbe8c588\"},\"headline\":\"Don Enrico, el sacerdote que bautiz\u00f3 a Francisco\",\"datePublished\":\"2021-11-08T09:28:17+00:00\",\"dateModified\":\"2021-11-09T10:45:12+00:00\",\"mainEntityOfPage\":{\"@id\":\"https:\\\/\\\/exaudi.org\\\/es\\\/don-enrico-el-sacerdote-que-bautizo-a-francisco\\\/\"},\"wordCount\":900,\"commentCount\":0,\"image\":{\"@id\":\"https:\\\/\\\/exaudi.org\\\/es\\\/don-enrico-el-sacerdote-que-bautizo-a-francisco\\\/#primaryimage\"},\"thumbnailUrl\":\"https:\\\/\\\/exaudi.org\\\/wp-content\\\/uploads\\\/2021\\\/11\\\/Portada-del-libro-Yo-hice-cristiano-al-Papa.jpeg\",\"keywords\":[\"Enrico Pozzoli\",\"Librer\u00eda Editora Vaticana\",\"papa francisco\"],\"articleSection\":[\"Le\u00f3n XIV\",\"\u00daltimas noticias\"],\"inLanguage\":\"es\",\"potentialAction\":[{\"@type\":\"CommentAction\",\"name\":\"Comment\",\"target\":[\"https:\\\/\\\/exaudi.org\\\/es\\\/don-enrico-el-sacerdote-que-bautizo-a-francisco\\\/#respond\"]}]},{\"@type\":\"WebPage\",\"@id\":\"https:\\\/\\\/exaudi.org\\\/es\\\/don-enrico-el-sacerdote-que-bautizo-a-francisco\\\/\",\"url\":\"https:\\\/\\\/exaudi.org\\\/es\\\/don-enrico-el-sacerdote-que-bautizo-a-francisco\\\/\",\"name\":\"Don Enrico, el sacerdote que bautiz\u00f3 a Francisco &#8211; Exaudi\",\"isPartOf\":{\"@id\":\"https:\\\/\\\/exaudi.org\\\/#website\"},\"primaryImageOfPage\":{\"@id\":\"https:\\\/\\\/exaudi.org\\\/es\\\/don-enrico-el-sacerdote-que-bautizo-a-francisco\\\/#primaryimage\"},\"image\":{\"@id\":\"https:\\\/\\\/exaudi.org\\\/es\\\/don-enrico-el-sacerdote-que-bautizo-a-francisco\\\/#primaryimage\"},\"thumbnailUrl\":\"https:\\\/\\\/exaudi.org\\\/wp-content\\\/uploads\\\/2021\\\/11\\\/Portada-del-libro-Yo-hice-cristiano-al-Papa.jpeg\",\"datePublished\":\"2021-11-08T09:28:17+00:00\",\"dateModified\":\"2021-11-09T10:45:12+00:00\",\"author\":{\"@id\":\"https:\\\/\\\/exaudi.org\\\/#\\\/schema\\\/person\\\/7d2f77db033c2c0929edfab6dbe8c588\"},\"description\":\"'Yo hice al Papa cristiano' es la biograf\u00eda de Don Enrico Pozzoli, el misionero salesiano que bautiz\u00f3 y form\u00f3 al Papa Francisco\",\"breadcrumb\":{\"@id\":\"https:\\\/\\\/exaudi.org\\\/es\\\/don-enrico-el-sacerdote-que-bautizo-a-francisco\\\/#breadcrumb\"},\"inLanguage\":\"es\",\"potentialAction\":[{\"@type\":\"ReadAction\",\"target\":[\"https:\\\/\\\/exaudi.org\\\/es\\\/don-enrico-el-sacerdote-que-bautizo-a-francisco\\\/\"]}]},{\"@type\":\"ImageObject\",\"inLanguage\":\"es\",\"@id\":\"https:\\\/\\\/exaudi.org\\\/es\\\/don-enrico-el-sacerdote-que-bautizo-a-francisco\\\/#primaryimage\",\"url\":\"https:\\\/\\\/exaudi.org\\\/wp-content\\\/uploads\\\/2021\\\/11\\\/Portada-del-libro-Yo-hice-cristiano-al-Papa.jpeg\",\"contentUrl\":\"https:\\\/\\\/exaudi.org\\\/wp-content\\\/uploads\\\/2021\\\/11\\\/Portada-del-libro-Yo-hice-cristiano-al-Papa.jpeg\",\"width\":1280,\"height\":720,\"caption\":\"Portada del libro 'Yo hice cristiano al Papa' \u00a9 Vatican Media\"},{\"@type\":\"BreadcrumbList\",\"@id\":\"https:\\\/\\\/exaudi.org\\\/es\\\/don-enrico-el-sacerdote-que-bautizo-a-francisco\\\/#breadcrumb\",\"itemListElement\":[{\"@type\":\"ListItem\",\"position\":1,\"name\":\"Portada\",\"item\":\"https:\\\/\\\/exaudi.org\\\/es\\\/\"},{\"@type\":\"ListItem\",\"position\":2,\"name\":\"Don Enrico, el sacerdote que bautiz\u00f3 a Francisco\"}]},{\"@type\":\"WebSite\",\"@id\":\"https:\\\/\\\/exaudi.org\\\/#website\",\"url\":\"https:\\\/\\\/exaudi.org\\\/\",\"name\":\"Exaudi\",\"description\":\"News\",\"potentialAction\":[{\"@type\":\"SearchAction\",\"target\":{\"@type\":\"EntryPoint\",\"urlTemplate\":\"https:\\\/\\\/exaudi.org\\\/?s={search_term_string}\"},\"query-input\":{\"@type\":\"PropertyValueSpecification\",\"valueRequired\":true,\"valueName\":\"search_term_string\"}}],\"inLanguage\":\"es\"},{\"@type\":\"Person\",\"@id\":\"https:\\\/\\\/exaudi.org\\\/#\\\/schema\\\/person\\\/7d2f77db033c2c0929edfab6dbe8c588\",\"name\":\"Larissa I. L\u00f3pez\",\"image\":{\"@type\":\"ImageObject\",\"inLanguage\":\"es\",\"@id\":\"https:\\\/\\\/secure.gravatar.com\\\/avatar\\\/db3ef399ff343d0bb9d25dc5198bc8ece5ac6d621eca79876697a354dabc1e3f?s=96&d=mm&r=g\",\"url\":\"https:\\\/\\\/secure.gravatar.com\\\/avatar\\\/db3ef399ff343d0bb9d25dc5198bc8ece5ac6d621eca79876697a354dabc1e3f?s=96&d=mm&r=g\",\"contentUrl\":\"https:\\\/\\\/secure.gravatar.com\\\/avatar\\\/db3ef399ff343d0bb9d25dc5198bc8ece5ac6d621eca79876697a354dabc1e3f?s=96&d=mm&r=g\",\"caption\":\"Larissa I. L\u00f3pez\"},\"description\":\"Doctora en Comunicaci\u00f3n. Mi trayectoria profesional ha transcurrido entre el \u00e1mbito de la comunicaci\u00f3n y el de la docencia. En los \u00faltimos a\u00f1os, he trabajado como coordinadora y redactora de la edici\u00f3n de ZENIT en espa\u00f1ol. Como profesora, he impartido clases en la universidad y en centros de FP y bachillerato. Cordobesa de nacimiento, tambi\u00e9n he vivido en Sevilla, Madrid y Roma\",\"url\":\"https:\\\/\\\/exaudi.org\\\/es\\\/author\\\/llopezexaudi-org\\\/\"}]}<\/script>\n<!-- \/ Yoast SEO plugin. -->","yoast_head_json":{"title":"Don Enrico, el sacerdote que bautiz\u00f3 a Francisco &#8211; Exaudi","description":"'Yo hice al Papa cristiano' es la biograf\u00eda de Don Enrico Pozzoli, el misionero salesiano que bautiz\u00f3 y form\u00f3 al Papa Francisco","robots":{"index":"index","follow":"follow","max-snippet":"max-snippet:-1","max-image-preview":"max-image-preview:large","max-video-preview":"max-video-preview:-1"},"canonical":"https:\/\/exaudi.org\/es\/don-enrico-el-sacerdote-que-bautizo-a-francisco\/","og_locale":"es_ES","og_type":"article","og_title":"Don Enrico, el sacerdote que bautiz\u00f3 a Francisco &#8211; Exaudi","og_description":"'Yo hice al Papa cristiano' es la biograf\u00eda de Don Enrico Pozzoli, el misionero salesiano que bautiz\u00f3 y form\u00f3 al Papa Francisco","og_url":"https:\/\/exaudi.org\/es\/don-enrico-el-sacerdote-que-bautizo-a-francisco\/","og_site_name":"Exaudi","article_publisher":"https:\/\/www.facebook.com\/ExaudiNews","article_published_time":"2021-11-08T09:28:17+00:00","article_modified_time":"2021-11-09T10:45:12+00:00","og_image":[{"width":1280,"height":720,"url":"https:\/\/exaudi.org\/wp-content\/uploads\/2021\/11\/Portada-del-libro-Yo-hice-cristiano-al-Papa.jpeg","type":"image\/jpeg"}],"author":"Larissa I. L\u00f3pez","twitter_card":"summary_large_image","twitter_creator":"@Exaudi_News","twitter_site":"@Exaudi_News","twitter_misc":{"Escrito por":"Larissa I. L\u00f3pez","Tiempo de lectura":"4 minutos"},"schema":{"@context":"https:\/\/schema.org","@graph":[{"@type":"Article","@id":"https:\/\/exaudi.org\/es\/don-enrico-el-sacerdote-que-bautizo-a-francisco\/#article","isPartOf":{"@id":"https:\/\/exaudi.org\/es\/don-enrico-el-sacerdote-que-bautizo-a-francisco\/"},"author":{"name":"Larissa I. L\u00f3pez","@id":"https:\/\/exaudi.org\/#\/schema\/person\/7d2f77db033c2c0929edfab6dbe8c588"},"headline":"Don Enrico, el sacerdote que bautiz\u00f3 a Francisco","datePublished":"2021-11-08T09:28:17+00:00","dateModified":"2021-11-09T10:45:12+00:00","mainEntityOfPage":{"@id":"https:\/\/exaudi.org\/es\/don-enrico-el-sacerdote-que-bautizo-a-francisco\/"},"wordCount":900,"commentCount":0,"image":{"@id":"https:\/\/exaudi.org\/es\/don-enrico-el-sacerdote-que-bautizo-a-francisco\/#primaryimage"},"thumbnailUrl":"https:\/\/exaudi.org\/wp-content\/uploads\/2021\/11\/Portada-del-libro-Yo-hice-cristiano-al-Papa.jpeg","keywords":["Enrico Pozzoli","Librer\u00eda Editora Vaticana","papa francisco"],"articleSection":["Le\u00f3n XIV","\u00daltimas noticias"],"inLanguage":"es","potentialAction":[{"@type":"CommentAction","name":"Comment","target":["https:\/\/exaudi.org\/es\/don-enrico-el-sacerdote-que-bautizo-a-francisco\/#respond"]}]},{"@type":"WebPage","@id":"https:\/\/exaudi.org\/es\/don-enrico-el-sacerdote-que-bautizo-a-francisco\/","url":"https:\/\/exaudi.org\/es\/don-enrico-el-sacerdote-que-bautizo-a-francisco\/","name":"Don Enrico, el sacerdote que bautiz\u00f3 a Francisco &#8211; Exaudi","isPartOf":{"@id":"https:\/\/exaudi.org\/#website"},"primaryImageOfPage":{"@id":"https:\/\/exaudi.org\/es\/don-enrico-el-sacerdote-que-bautizo-a-francisco\/#primaryimage"},"image":{"@id":"https:\/\/exaudi.org\/es\/don-enrico-el-sacerdote-que-bautizo-a-francisco\/#primaryimage"},"thumbnailUrl":"https:\/\/exaudi.org\/wp-content\/uploads\/2021\/11\/Portada-del-libro-Yo-hice-cristiano-al-Papa.jpeg","datePublished":"2021-11-08T09:28:17+00:00","dateModified":"2021-11-09T10:45:12+00:00","author":{"@id":"https:\/\/exaudi.org\/#\/schema\/person\/7d2f77db033c2c0929edfab6dbe8c588"},"description":"'Yo hice al Papa cristiano' es la biograf\u00eda de Don Enrico Pozzoli, el misionero salesiano que bautiz\u00f3 y form\u00f3 al Papa Francisco","breadcrumb":{"@id":"https:\/\/exaudi.org\/es\/don-enrico-el-sacerdote-que-bautizo-a-francisco\/#breadcrumb"},"inLanguage":"es","potentialAction":[{"@type":"ReadAction","target":["https:\/\/exaudi.org\/es\/don-enrico-el-sacerdote-que-bautizo-a-francisco\/"]}]},{"@type":"ImageObject","inLanguage":"es","@id":"https:\/\/exaudi.org\/es\/don-enrico-el-sacerdote-que-bautizo-a-francisco\/#primaryimage","url":"https:\/\/exaudi.org\/wp-content\/uploads\/2021\/11\/Portada-del-libro-Yo-hice-cristiano-al-Papa.jpeg","contentUrl":"https:\/\/exaudi.org\/wp-content\/uploads\/2021\/11\/Portada-del-libro-Yo-hice-cristiano-al-Papa.jpeg","width":1280,"height":720,"caption":"Portada del libro 'Yo hice cristiano al Papa' \u00a9 Vatican Media"},{"@type":"BreadcrumbList","@id":"https:\/\/exaudi.org\/es\/don-enrico-el-sacerdote-que-bautizo-a-francisco\/#breadcrumb","itemListElement":[{"@type":"ListItem","position":1,"name":"Portada","item":"https:\/\/exaudi.org\/es\/"},{"@type":"ListItem","position":2,"name":"Don Enrico, el sacerdote que bautiz\u00f3 a Francisco"}]},{"@type":"WebSite","@id":"https:\/\/exaudi.org\/#website","url":"https:\/\/exaudi.org\/","name":"Exaudi","description":"News","potentialAction":[{"@type":"SearchAction","target":{"@type":"EntryPoint","urlTemplate":"https:\/\/exaudi.org\/?s={search_term_string}"},"query-input":{"@type":"PropertyValueSpecification","valueRequired":true,"valueName":"search_term_string"}}],"inLanguage":"es"},{"@type":"Person","@id":"https:\/\/exaudi.org\/#\/schema\/person\/7d2f77db033c2c0929edfab6dbe8c588","name":"Larissa I. L\u00f3pez","image":{"@type":"ImageObject","inLanguage":"es","@id":"https:\/\/secure.gravatar.com\/avatar\/db3ef399ff343d0bb9d25dc5198bc8ece5ac6d621eca79876697a354dabc1e3f?s=96&d=mm&r=g","url":"https:\/\/secure.gravatar.com\/avatar\/db3ef399ff343d0bb9d25dc5198bc8ece5ac6d621eca79876697a354dabc1e3f?s=96&d=mm&r=g","contentUrl":"https:\/\/secure.gravatar.com\/avatar\/db3ef399ff343d0bb9d25dc5198bc8ece5ac6d621eca79876697a354dabc1e3f?s=96&d=mm&r=g","caption":"Larissa I. L\u00f3pez"},"description":"Doctora en Comunicaci\u00f3n. Mi trayectoria profesional ha transcurrido entre el \u00e1mbito de la comunicaci\u00f3n y el de la docencia. En los \u00faltimos a\u00f1os, he trabajado como coordinadora y redactora de la edici\u00f3n de ZENIT en espa\u00f1ol. Como profesora, he impartido clases en la universidad y en centros de FP y bachillerato. Cordobesa de nacimiento, tambi\u00e9n he vivido en Sevilla, Madrid y Roma","url":"https:\/\/exaudi.org\/es\/author\/llopezexaudi-org\/"}]}},"jetpack_featured_media_url":"https:\/\/exaudi.org\/wp-content\/uploads\/2021\/11\/Portada-del-libro-Yo-hice-cristiano-al-Papa.jpeg","jetpack_shortlink":"https:\/\/wp.me\/pgKjF2-ac3","_links":{"self":[{"href":"https:\/\/exaudi.org\/es\/wp-json\/wp\/v2\/posts\/39187","targetHints":{"allow":["GET"]}}],"collection":[{"href":"https:\/\/exaudi.org\/es\/wp-json\/wp\/v2\/posts"}],"about":[{"href":"https:\/\/exaudi.org\/es\/wp-json\/wp\/v2\/types\/post"}],"author":[{"embeddable":true,"href":"https:\/\/exaudi.org\/es\/wp-json\/wp\/v2\/users\/5"}],"replies":[{"embeddable":true,"href":"https:\/\/exaudi.org\/es\/wp-json\/wp\/v2\/comments?post=39187"}],"version-history":[{"count":0,"href":"https:\/\/exaudi.org\/es\/wp-json\/wp\/v2\/posts\/39187\/revisions"}],"wp:featuredmedia":[{"embeddable":true,"href":"https:\/\/exaudi.org\/es\/wp-json\/wp\/v2\/media\/39188"}],"wp:attachment":[{"href":"https:\/\/exaudi.org\/es\/wp-json\/wp\/v2\/media?parent=39187"}],"wp:term":[{"taxonomy":"category","embeddable":true,"href":"https:\/\/exaudi.org\/es\/wp-json\/wp\/v2\/categories?post=39187"},{"taxonomy":"post_tag","embeddable":true,"href":"https:\/\/exaudi.org\/es\/wp-json\/wp\/v2\/tags?post=39187"}],"curies":[{"name":"wp","href":"https:\/\/api.w.org\/{rel}","templated":true}]}}