{"id":39001,"date":"2021-11-05T13:20:03","date_gmt":"2021-11-05T12:20:03","guid":{"rendered":"https:\/\/exaudi.wpengine.com\/?p=39001"},"modified":"2021-11-08T10:27:56","modified_gmt":"2021-11-08T09:27:56","slug":"corazon-de-cristo-recuerdo-pasion-y-consuelo","status":"publish","type":"post","link":"https:\/\/exaudi.org\/es\/corazon-de-cristo-recuerdo-pasion-y-consuelo\/","title":{"rendered":"Contemplar el coraz\u00f3n de Cristo: \u201cRecuerdo, pasi\u00f3n y consuelo\u201d"},"content":{"rendered":"<p>\u201cRecuerdo, pasi\u00f3n y consuelo\u201d, estas son las 3 palabras que el Papa Francisco ofreci\u00f3 a la <a href=\"https:\/\/roma.unicatt.it\/facolta\/medicina-e-chirurgia\" target=\"_blank\" rel=\"noopener\">Facultad de Medicina y Cirug\u00eda de la Universidad Cat\u00f3lica del Sagrado Coraz\u00f3n<\/a> para contemplar el Coraz\u00f3n de Cristo.<\/p>\n<p><img loading=\"lazy\" decoding=\"async\" class=\"size-medium wp-image-39061 alignleft\" src=\"https:\/\/exaudi.wpengine.com\/wp-content\/uploads\/2021\/11\/cq5dam.web_.800.800-7-1-300x200.jpeg\" alt=\"\" width=\"300\" height=\"200\" srcset=\"https:\/\/exaudi.org\/wp-content\/uploads\/2021\/11\/cq5dam.web_.800.800-7-1-300x200.jpeg 300w, https:\/\/exaudi.org\/wp-content\/uploads\/2021\/11\/cq5dam.web_.800.800-7-1-768x512.jpeg 768w, https:\/\/exaudi.org\/wp-content\/uploads\/2021\/11\/cq5dam.web_.800.800-7-1-150x100.jpeg 150w, https:\/\/exaudi.org\/wp-content\/uploads\/2021\/11\/cq5dam.web_.800.800-7-1-696x464.jpeg 696w, https:\/\/exaudi.org\/wp-content\/uploads\/2021\/11\/cq5dam.web_.800.800-7-1-630x420.jpeg 630w, https:\/\/exaudi.org\/wp-content\/uploads\/2021\/11\/cq5dam.web_.800.800-7-1.jpeg 800w\" sizes=\"auto, (max-width: 300px) 100vw, 300px\" \/>En torno a las 10:30, el Santo Padre acudi\u00f3 hoy, 5 de noviembre de 2021, al\u00a0Policl\u00ednico Gemelli de Roma, Sede de la Facultad de Medicina\u00a0la Universidad del Sagrado Coraz\u00f3n, para celebrar la <a href=\"https:\/\/exaudi.wpengine.com\/es\/el-papa-celebrara-misa-en-universidad-del-sagrado-corazon\/\" target=\"_blank\" rel=\"noopener\">Misa con motivo del 60\u00ba aniversario<\/a> de la inauguraci\u00f3n de dicha facultad.<\/p>\n<p>A continuaci\u00f3n, sigue la homil\u00eda completa de Francisco traducida del italiano por Exaudi.<\/p>\n<p>***<\/p>\n<h4><strong>Homil\u00eda del Santo Padre<\/strong><\/h4>\n<p>Al conmemorar con gratitud el regalo de esta sede de la Universidad Cat\u00f3lica, me gustar\u00eda compartir algunas reflexiones sobre su nombre. Est\u00e1 dedicado al Sagrado Coraz\u00f3n de Jes\u00fas, al que se dedica este d\u00eda, el primer viernes del mes. Contemplando el Coraz\u00f3n de Cristo, podemos dejarnos guiar por tres palabras: recuerdo, pasi\u00f3n y consuelo.<\/p>\n<p><img loading=\"lazy\" decoding=\"async\" class=\"size-medium wp-image-39067 alignright\" src=\"https:\/\/exaudi.wpengine.com\/wp-content\/uploads\/2021\/11\/vm051121104926_00035-1-300x200.jpg\" alt=\"\" width=\"300\" height=\"200\" srcset=\"https:\/\/exaudi.org\/wp-content\/uploads\/2021\/11\/vm051121104926_00035-1-300x200.jpg 300w, https:\/\/exaudi.org\/wp-content\/uploads\/2021\/11\/vm051121104926_00035-1-1024x683.jpg 1024w, https:\/\/exaudi.org\/wp-content\/uploads\/2021\/11\/vm051121104926_00035-1-768x512.jpg 768w, https:\/\/exaudi.org\/wp-content\/uploads\/2021\/11\/vm051121104926_00035-1-1536x1024.jpg 1536w, https:\/\/exaudi.org\/wp-content\/uploads\/2021\/11\/vm051121104926_00035-1-2048x1365.jpg 2048w, https:\/\/exaudi.org\/wp-content\/uploads\/2021\/11\/vm051121104926_00035-1-150x100.jpg 150w, https:\/\/exaudi.org\/wp-content\/uploads\/2021\/11\/vm051121104926_00035-1-696x464.jpg 696w, https:\/\/exaudi.org\/wp-content\/uploads\/2021\/11\/vm051121104926_00035-1-1068x712.jpg 1068w, https:\/\/exaudi.org\/wp-content\/uploads\/2021\/11\/vm051121104926_00035-1-1920x1280.jpg 1920w, https:\/\/exaudi.org\/wp-content\/uploads\/2021\/11\/vm051121104926_00035-1-630x420.jpg 630w\" sizes=\"auto, (max-width: 300px) 100vw, 300px\" \/>Recuerdo. Recordar significa \u201cvolver al coraz\u00f3n, volver con el coraz\u00f3n\u201d. Recordar. \u00bfA qu\u00e9 nos hace volver el Coraz\u00f3n de Jes\u00fas? A lo que ha hecho por nosotros: el Coraz\u00f3n de Cristo nos muestra a Jes\u00fas que se ofrece a s\u00ed mismo: es el compendio de su misericordia. Mir\u00e1ndolo &#8211; como lo hace Juan en el Evangelio (19: 31-37) &#8211; es natural recordar su bondad, que es gratis, no se puede comprar ni vender, e incondicional, no depende de nuestras obras, es soberana. Y se conmueve. En la prisa de hoy, entre mil carreras y continuas preocupaciones, estamos perdiendo la capacidad de conmovernos y sentir compasi\u00f3n, porque estamos perdiendo ese regreso al coraz\u00f3n, es decir, la memoria, la memoria, el regreso al coraz\u00f3n. Sin memoria las ra\u00edces se pierden y sin ra\u00edces no se puede crecer. Nos hace bien nutrir la memoria de quienes nos amaron, cuidaron de nosotros, nos aliviaron. Hoy quisiera renovar mi \u201cgracias\u201d por el cari\u00f1o y cari\u00f1o que recib\u00ed aqu\u00ed. Creo que en esta \u00e9poca de pandemia nos hace bien recordar hasta los per\u00edodos m\u00e1s sufridos: no entristecernos, pero no olvidar, y orientarnos en nuestras elecciones a la luz de un pasado muy reciente.<\/p>\n<p><img loading=\"lazy\" decoding=\"async\" class=\"size-medium wp-image-39058 alignleft\" src=\"https:\/\/exaudi.wpengine.com\/wp-content\/uploads\/2021\/11\/DSC3300_050421--300x200.jpg\" alt=\"\" width=\"300\" height=\"200\" srcset=\"https:\/\/exaudi.org\/wp-content\/uploads\/2021\/11\/DSC3300_050421--300x200.jpg 300w, https:\/\/exaudi.org\/wp-content\/uploads\/2021\/11\/DSC3300_050421--1024x683.jpg 1024w, https:\/\/exaudi.org\/wp-content\/uploads\/2021\/11\/DSC3300_050421--768x512.jpg 768w, https:\/\/exaudi.org\/wp-content\/uploads\/2021\/11\/DSC3300_050421--1536x1024.jpg 1536w, https:\/\/exaudi.org\/wp-content\/uploads\/2021\/11\/DSC3300_050421--2048x1365.jpg 2048w, https:\/\/exaudi.org\/wp-content\/uploads\/2021\/11\/DSC3300_050421--150x100.jpg 150w, https:\/\/exaudi.org\/wp-content\/uploads\/2021\/11\/DSC3300_050421--696x464.jpg 696w, https:\/\/exaudi.org\/wp-content\/uploads\/2021\/11\/DSC3300_050421--1068x712.jpg 1068w, https:\/\/exaudi.org\/wp-content\/uploads\/2021\/11\/DSC3300_050421--1920x1280.jpg 1920w, https:\/\/exaudi.org\/wp-content\/uploads\/2021\/11\/DSC3300_050421--630x420.jpg 630w\" sizes=\"auto, (max-width: 300px) 100vw, 300px\" \/>Me pregunto: \u00bfC\u00f3mo funciona nuestra memoria? Simplificando, podr\u00edamos decir que recordamos a alguien o algo cuando toca nuestro coraz\u00f3n, cuando nos une a un afecto o desamor particular. Pues el Coraz\u00f3n de Jes\u00fas sana nuestra memoria porque la devuelve al afecto fundacional. El brezo sobre la base m\u00e1s s\u00f3lida. Nos recuerda que no importa lo que nos suceda en la vida, somos amados. S\u00ed, somos seres amados, hijos a los que el Padre ama siempre y, en todo caso, hermanos por quienes late el Coraz\u00f3n de Cristo. Cada vez que escudri\u00f1amos ese Coraz\u00f3n nos descubrimos \u201carraigados y cimentados en la caridad\u201d, como dijo el Ap\u00f3stol Pablo en la primera lectura de hoy (Ef 3, 17).<\/p>\n<p>Cultivamos esta memoria, que se fortalece cuando estamos cara a cara con el Se\u00f1or, sobre todo cuando nos dejamos mirar y amar por \u00c9l en adoraci\u00f3n. Pero tambi\u00e9n podemos cultivar el arte del recuerdo entre nosotros, atesorando los rostros que encontramos. Pienso en los agotadores d\u00edas en el hospital, en la universidad, en el trabajo. Nos arriesgamos a que todo pase sin dejar rastro o que solo nos quede mucha fatiga y cansancio. Nos hace bien, por la noche, repasar los rostros que nos hemos encontrado, las sonrisas recibidas, las buenas palabras. Son recuerdos del amor y ayudan a que nuestra memoria se encuentre a s\u00ed misma: que nuestra memoria se encuentre a s\u00ed misma. \u00a1Qu\u00e9 importantes son estos recuerdos en los hospitales! Pueden dar sentido a un d\u00eda de enfermedad. Una palabra fraterna, una sonrisa, una caricia en el rostro: son recuerdos que curan por dentro, son buenos para el coraz\u00f3n. No olvidemos la terapia de la memoria: \u00a1hace mucho bien!<\/p>\n<p><img loading=\"lazy\" decoding=\"async\" class=\"size-medium wp-image-39046 alignright\" src=\"https:\/\/exaudi.wpengine.com\/wp-content\/uploads\/2021\/11\/DSC3142_050421--300x200.jpg\" alt=\"\" width=\"300\" height=\"200\" srcset=\"https:\/\/exaudi.org\/wp-content\/uploads\/2021\/11\/DSC3142_050421--300x200.jpg 300w, https:\/\/exaudi.org\/wp-content\/uploads\/2021\/11\/DSC3142_050421--1024x683.jpg 1024w, https:\/\/exaudi.org\/wp-content\/uploads\/2021\/11\/DSC3142_050421--768x512.jpg 768w, https:\/\/exaudi.org\/wp-content\/uploads\/2021\/11\/DSC3142_050421--1536x1024.jpg 1536w, https:\/\/exaudi.org\/wp-content\/uploads\/2021\/11\/DSC3142_050421--2048x1365.jpg 2048w, https:\/\/exaudi.org\/wp-content\/uploads\/2021\/11\/DSC3142_050421--150x100.jpg 150w, https:\/\/exaudi.org\/wp-content\/uploads\/2021\/11\/DSC3142_050421--696x464.jpg 696w, https:\/\/exaudi.org\/wp-content\/uploads\/2021\/11\/DSC3142_050421--1068x712.jpg 1068w, https:\/\/exaudi.org\/wp-content\/uploads\/2021\/11\/DSC3142_050421--1920x1280.jpg 1920w, https:\/\/exaudi.org\/wp-content\/uploads\/2021\/11\/DSC3142_050421--630x420.jpg 630w\" sizes=\"auto, (max-width: 300px) 100vw, 300px\" \/>Pasi\u00f3n es la segunda palabra. Pasi\u00f3n. El primero es la memoria, el recordar; el segundo es la pasi\u00f3n. El Coraz\u00f3n de Cristo no es una devoci\u00f3n piadosa para sentir un poco de calor por dentro, no es una imagen tierna que despierta cari\u00f1o, no, no es eso. Es un coraz\u00f3n apasionado &#8211; s\u00f3lo lee el Evangelio -, un coraz\u00f3n herido por el amor, desgarrado por nosotros en la cruz. Hemos escuchado c\u00f3mo habla el Evangelio: \u201cLe hiri\u00f3 una lanza en el costado, y al instante sali\u00f3 sangre y agua\u201d (Jn 19, 34). Traspasado, da; muerto, nos da la vida. El Sagrado Coraz\u00f3n es el icono de la pasi\u00f3n: nos muestra la ternura visceral de Dios, su amorosa pasi\u00f3n por nosotros, y al mismo tiempo, coronado por la cruz y rodeado de espinas, muestra cu\u00e1nto sufrimiento ha costado nuestra salvaci\u00f3n. Con ternura y dolor, ese Coraz\u00f3n revela en breve qu\u00e9 es la pasi\u00f3n de Dios. Hombre, nosotros. \u00bfY cu\u00e1l es el estilo de Dios? Cercan\u00eda, compasi\u00f3n y ternura. Este es el estilo de Dios: cercan\u00eda, compasi\u00f3n y ternura.<\/p>\n<p>\u00bfQu\u00e9 sugiere esto? Que, si realmente queremos amar a Dios, debemos apasionarnos por el hombre, por todo hombre, especialmente por el que vive la condici\u00f3n en la que se manifest\u00f3 el Coraz\u00f3n de Jes\u00fas, es decir, dolor, abandono, rechazo; especialmente en esta cultura de usar y tirar que vivimos hoy. Cuando servimos a los que sufren, consolamos y regocijamos el Coraz\u00f3n de Cristo.<\/p>\n<p><img loading=\"lazy\" decoding=\"async\" class=\"size-medium wp-image-39070 alignleft\" src=\"https:\/\/exaudi.wpengine.com\/wp-content\/uploads\/2021\/11\/DSC3262_050421--200x300.jpg\" alt=\"\" width=\"200\" height=\"300\" srcset=\"https:\/\/exaudi.org\/wp-content\/uploads\/2021\/11\/DSC3262_050421--200x300.jpg 200w, https:\/\/exaudi.org\/wp-content\/uploads\/2021\/11\/DSC3262_050421--683x1024.jpg 683w, https:\/\/exaudi.org\/wp-content\/uploads\/2021\/11\/DSC3262_050421--768x1152.jpg 768w, https:\/\/exaudi.org\/wp-content\/uploads\/2021\/11\/DSC3262_050421--1024x1536.jpg 1024w, https:\/\/exaudi.org\/wp-content\/uploads\/2021\/11\/DSC3262_050421--1365x2048.jpg 1365w, https:\/\/exaudi.org\/wp-content\/uploads\/2021\/11\/DSC3262_050421--150x225.jpg 150w, https:\/\/exaudi.org\/wp-content\/uploads\/2021\/11\/DSC3262_050421--300x450.jpg 300w, https:\/\/exaudi.org\/wp-content\/uploads\/2021\/11\/DSC3262_050421--696x1044.jpg 696w, https:\/\/exaudi.org\/wp-content\/uploads\/2021\/11\/DSC3262_050421--1068x1602.jpg 1068w, https:\/\/exaudi.org\/wp-content\/uploads\/2021\/11\/DSC3262_050421--1920x2880.jpg 1920w, https:\/\/exaudi.org\/wp-content\/uploads\/2021\/11\/DSC3262_050421--280x420.jpg 280w, https:\/\/exaudi.org\/wp-content\/uploads\/2021\/11\/DSC3262_050421--scaled.jpg 1707w\" sizes=\"auto, (max-width: 200px) 100vw, 200px\" \/>Llama la atenci\u00f3n un pasaje del Evangelio. El evangelista Juan, en el mismo momento en que habla del costado traspasado, del que mana sangre y agua, da testimonio porque creemos (cf. v. 35). Es decir, escribe San Juan que en ese momento tiene lugar el testimonio. Porque el Coraz\u00f3n de Dios desgarrado es elocuente. Habla sin palabras, porque es misericordia en estado puro, amor que se hiere y da vida. \u00c9l es Dios, con cercan\u00eda, compasi\u00f3n y ternura. \u00a1Cu\u00e1ntas palabras decimos de Dios sin dejar pasar el amor! Pero el amor habla por s\u00ed mismo, no habla por s\u00ed mismo. Pedimos la gracia de ser apasionados por el hombre que sufre, de ser apasionados por el servicio, para que la Iglesia, antes de tener palabras que decir, conserve un coraz\u00f3n que late de amor. Antes de hablar, que aprenda a mantener el coraz\u00f3n enamorado.<\/p>\n<p>La tercera palabra es consuelo. La primera fue la memoria, la segunda pasi\u00f3n, la tercera es confortar. Indica una fuerza que no viene de nosotros, sino de los que est\u00e1n con nosotros: la fuerza viene de all\u00ed. Jes\u00fas, el Dios con nosotros, nos da esta fuerza, su Coraz\u00f3n da valor en la adversidad. Tantas incertidumbres nos asustan: en este tiempo de pandemia nos hemos encontrado m\u00e1s peque\u00f1os, m\u00e1s fr\u00e1giles. A pesar de tantos avances maravillosos, tambi\u00e9n se puede ver en el campo m\u00e9dico: \u00a1cu\u00e1ntas enfermedades raras y desconocidas! Cuando encuentro, en las audiencias, gente &#8211; especialmente ni\u00f1os, ni\u00f1as &#8211; y les pregunto: \u201c\u00bfEst\u00e1s enfermo?\u201d &#8211; [responden] \u201cUna enfermedad rara\u201d. \u00a1Cu\u00e1ntos hay hoy! Qu\u00e9 dif\u00edcil es mantenerse al d\u00eda con las patolog\u00edas, los centros asistenciales, la asistencia sanitaria que realmente debe ser, para todos. Podr\u00edamos desanimarnos. Para ello necesitamos consuelo &#8211; la tercera palabra -. El Coraz\u00f3n de Jes\u00fas late siempre por nosotros latiendo esas palabras: \u201c\u00a1\u00c1nimo, \u00e1nimo, no temas, aqu\u00ed estoy!\u201d. \u00c1nimo hermana, valor hermano, no te desanimes, el Se\u00f1or tu Dios es m\u00e1s grande que tus males, te toma de la mano y te acaricia, est\u00e1 cerca de ti, es compasivo, es tierno. \u00c9l es tu consuelo.<\/p>\n<p><img loading=\"lazy\" decoding=\"async\" class=\"size-medium wp-image-39073 alignright\" src=\"https:\/\/exaudi.wpengine.com\/wp-content\/uploads\/2021\/11\/DSC3405_050421--300x200.jpg\" alt=\"\" width=\"300\" height=\"200\" srcset=\"https:\/\/exaudi.org\/wp-content\/uploads\/2021\/11\/DSC3405_050421--300x200.jpg 300w, https:\/\/exaudi.org\/wp-content\/uploads\/2021\/11\/DSC3405_050421--1024x683.jpg 1024w, https:\/\/exaudi.org\/wp-content\/uploads\/2021\/11\/DSC3405_050421--768x512.jpg 768w, https:\/\/exaudi.org\/wp-content\/uploads\/2021\/11\/DSC3405_050421--1536x1024.jpg 1536w, https:\/\/exaudi.org\/wp-content\/uploads\/2021\/11\/DSC3405_050421--2048x1365.jpg 2048w, https:\/\/exaudi.org\/wp-content\/uploads\/2021\/11\/DSC3405_050421--150x100.jpg 150w, https:\/\/exaudi.org\/wp-content\/uploads\/2021\/11\/DSC3405_050421--696x464.jpg 696w, https:\/\/exaudi.org\/wp-content\/uploads\/2021\/11\/DSC3405_050421--1068x712.jpg 1068w, https:\/\/exaudi.org\/wp-content\/uploads\/2021\/11\/DSC3405_050421--1920x1280.jpg 1920w, https:\/\/exaudi.org\/wp-content\/uploads\/2021\/11\/DSC3405_050421--630x420.jpg 630w\" sizes=\"auto, (max-width: 300px) 100vw, 300px\" \/>Si miramos la realidad desde la grandeza de su Coraz\u00f3n, la perspectiva cambia, nuestro conocimiento de la vida cambia porque, como nos record\u00f3 San Pablo, conocemos \u201cel amor de Cristo que sobrepasa todo conocimiento\u201d (Ef 3, 19). Anim\u00e9monos con esta certeza, con el consuelo de Dios, y pidamos al Sagrado Coraz\u00f3n la gracia de poder a su vez consolar. Es una gracia que hay que pedir, mientras nos comprometemos con valent\u00eda a abrirnos, a ayudarnos unos a otros, a llevar las cargas de los dem\u00e1s. Tambi\u00e9n se aplica al futuro de la asistencia sanitaria, en particular de la asistencia sanitaria \u201ccat\u00f3lica\u201d: compartir, apoyarse mutuamente, avanzar juntos.<\/p>\n<p>Que Jes\u00fas abra el coraz\u00f3n de los que cuidan de los enfermos a la colaboraci\u00f3n y la cohesi\u00f3n. A tu Coraz\u00f3n, Se\u00f1or, le encomendamos la vocaci\u00f3n de cuidar: haznos sentir queridos por todo aquel que se acerque a nosotros necesitado. Am\u00e9n.<\/p>\n","protected":false},"excerpt":{"rendered":"<p>Misa en la Universidad Cat\u00f3lica del Sagrado Coraz\u00f3n por el 60\u00ba aniversario de la Facultad de Medicina<\/p>\n","protected":false},"author":15,"featured_media":39043,"comment_status":"open","ping_status":"open","sticky":false,"template":"","format":"standard","meta":{"_acf_changed":false,"_crdt_document":"","inline_featured_image":false,"footnotes":""},"categories":[114,298],"tags":[158],"class_list":["post-39001","post","type-post","status-publish","format-standard","has-post-thumbnail","hentry","category-homilias","category-ultimas-noticias","tag-papa-francisco"],"acf":[],"yoast_head":"<!-- This site is optimized with the Yoast SEO plugin v27.5 - https:\/\/yoast.com\/product\/yoast-seo-wordpress\/ -->\n<title>Contemplar el coraz\u00f3n de Cristo: \u201cRecuerdo, pasi\u00f3n y consuelo\u201d &#8211; Exaudi<\/title>\n<meta name=\"description\" content=\"\u201cRecuerdo, pasi\u00f3n y consuelo\u201d, 3 palabras que el Papa ofreci\u00f3 para contemplar el Coraz\u00f3n de Cristo durante la Misa en el Hospital Gemelli\" \/>\n<meta name=\"robots\" content=\"index, follow, max-snippet:-1, max-image-preview:large, max-video-preview:-1\" \/>\n<link rel=\"canonical\" href=\"https:\/\/exaudi.org\/es\/corazon-de-cristo-recuerdo-pasion-y-consuelo\/\" \/>\n<meta property=\"og:locale\" content=\"es_ES\" \/>\n<meta property=\"og:type\" content=\"article\" \/>\n<meta property=\"og:title\" content=\"Contemplar el coraz\u00f3n de Cristo: \u201cRecuerdo, pasi\u00f3n y consuelo\u201d &#8211; Exaudi\" \/>\n<meta property=\"og:description\" content=\"\u201cRecuerdo, pasi\u00f3n y consuelo\u201d, 3 palabras que el Papa ofreci\u00f3 para contemplar el Coraz\u00f3n de Cristo durante la Misa en el Hospital Gemelli\" \/>\n<meta property=\"og:url\" content=\"https:\/\/exaudi.org\/es\/corazon-de-cristo-recuerdo-pasion-y-consuelo\/\" \/>\n<meta property=\"og:site_name\" content=\"Exaudi\" \/>\n<meta property=\"article:publisher\" content=\"https:\/\/www.facebook.com\/ExaudiNews\" \/>\n<meta property=\"article:author\" content=\"https:\/\/www.facebook.com\/ExaudiNoticias\/\" \/>\n<meta property=\"article:published_time\" content=\"2021-11-05T12:20:03+00:00\" \/>\n<meta property=\"article:modified_time\" content=\"2021-11-08T09:27:56+00:00\" \/>\n<meta property=\"og:image\" content=\"https:\/\/exaudi.org\/wp-content\/uploads\/2021\/11\/cq5dam.web_.800.800-6-1.jpeg\" \/>\n\t<meta property=\"og:image:width\" content=\"800\" \/>\n\t<meta property=\"og:image:height\" content=\"533\" \/>\n\t<meta property=\"og:image:type\" content=\"image\/jpeg\" \/>\n<meta name=\"author\" content=\"Exaudi Redacci\u00f3n\" \/>\n<meta name=\"twitter:card\" content=\"summary_large_image\" \/>\n<meta name=\"twitter:creator\" content=\"@Exaudi_noticias\" \/>\n<meta name=\"twitter:site\" content=\"@Exaudi_News\" \/>\n<meta name=\"twitter:label1\" content=\"Escrito por\" \/>\n\t<meta name=\"twitter:data1\" content=\"Exaudi Redacci\u00f3n\" \/>\n\t<meta name=\"twitter:label2\" content=\"Tiempo de lectura\" \/>\n\t<meta name=\"twitter:data2\" content=\"8 minutos\" \/>\n<script type=\"application\/ld+json\" class=\"yoast-schema-graph\">{\"@context\":\"https:\\\/\\\/schema.org\",\"@graph\":[{\"@type\":\"Article\",\"@id\":\"https:\\\/\\\/exaudi.org\\\/es\\\/corazon-de-cristo-recuerdo-pasion-y-consuelo\\\/#article\",\"isPartOf\":{\"@id\":\"https:\\\/\\\/exaudi.org\\\/es\\\/corazon-de-cristo-recuerdo-pasion-y-consuelo\\\/\"},\"author\":{\"name\":\"Exaudi Redacci\u00f3n\",\"@id\":\"https:\\\/\\\/exaudi.org\\\/#\\\/schema\\\/person\\\/f5fc8f063065e38742da7afe15f25df7\"},\"headline\":\"Contemplar el coraz\u00f3n de Cristo: \u201cRecuerdo, pasi\u00f3n y consuelo\u201d\",\"datePublished\":\"2021-11-05T12:20:03+00:00\",\"dateModified\":\"2021-11-08T09:27:56+00:00\",\"mainEntityOfPage\":{\"@id\":\"https:\\\/\\\/exaudi.org\\\/es\\\/corazon-de-cristo-recuerdo-pasion-y-consuelo\\\/\"},\"wordCount\":1474,\"commentCount\":0,\"image\":{\"@id\":\"https:\\\/\\\/exaudi.org\\\/es\\\/corazon-de-cristo-recuerdo-pasion-y-consuelo\\\/#primaryimage\"},\"thumbnailUrl\":\"https:\\\/\\\/exaudi.org\\\/wp-content\\\/uploads\\\/2021\\\/11\\\/cq5dam.web_.800.800-6-1.jpeg\",\"keywords\":[\"papa francisco\"],\"articleSection\":[\"Homilias\",\"\u00daltimas noticias\"],\"inLanguage\":\"es\",\"potentialAction\":[{\"@type\":\"CommentAction\",\"name\":\"Comment\",\"target\":[\"https:\\\/\\\/exaudi.org\\\/es\\\/corazon-de-cristo-recuerdo-pasion-y-consuelo\\\/#respond\"]}]},{\"@type\":\"WebPage\",\"@id\":\"https:\\\/\\\/exaudi.org\\\/es\\\/corazon-de-cristo-recuerdo-pasion-y-consuelo\\\/\",\"url\":\"https:\\\/\\\/exaudi.org\\\/es\\\/corazon-de-cristo-recuerdo-pasion-y-consuelo\\\/\",\"name\":\"Contemplar el coraz\u00f3n de Cristo: \u201cRecuerdo, pasi\u00f3n y consuelo\u201d &#8211; Exaudi\",\"isPartOf\":{\"@id\":\"https:\\\/\\\/exaudi.org\\\/#website\"},\"primaryImageOfPage\":{\"@id\":\"https:\\\/\\\/exaudi.org\\\/es\\\/corazon-de-cristo-recuerdo-pasion-y-consuelo\\\/#primaryimage\"},\"image\":{\"@id\":\"https:\\\/\\\/exaudi.org\\\/es\\\/corazon-de-cristo-recuerdo-pasion-y-consuelo\\\/#primaryimage\"},\"thumbnailUrl\":\"https:\\\/\\\/exaudi.org\\\/wp-content\\\/uploads\\\/2021\\\/11\\\/cq5dam.web_.800.800-6-1.jpeg\",\"datePublished\":\"2021-11-05T12:20:03+00:00\",\"dateModified\":\"2021-11-08T09:27:56+00:00\",\"author\":{\"@id\":\"https:\\\/\\\/exaudi.org\\\/#\\\/schema\\\/person\\\/f5fc8f063065e38742da7afe15f25df7\"},\"description\":\"\u201cRecuerdo, pasi\u00f3n y consuelo\u201d, 3 palabras que el Papa ofreci\u00f3 para contemplar el Coraz\u00f3n de Cristo durante la Misa en el Hospital Gemelli\",\"breadcrumb\":{\"@id\":\"https:\\\/\\\/exaudi.org\\\/es\\\/corazon-de-cristo-recuerdo-pasion-y-consuelo\\\/#breadcrumb\"},\"inLanguage\":\"es\",\"potentialAction\":[{\"@type\":\"ReadAction\",\"target\":[\"https:\\\/\\\/exaudi.org\\\/es\\\/corazon-de-cristo-recuerdo-pasion-y-consuelo\\\/\"]}]},{\"@type\":\"ImageObject\",\"inLanguage\":\"es\",\"@id\":\"https:\\\/\\\/exaudi.org\\\/es\\\/corazon-de-cristo-recuerdo-pasion-y-consuelo\\\/#primaryimage\",\"url\":\"https:\\\/\\\/exaudi.org\\\/wp-content\\\/uploads\\\/2021\\\/11\\\/cq5dam.web_.800.800-6-1.jpeg\",\"contentUrl\":\"https:\\\/\\\/exaudi.org\\\/wp-content\\\/uploads\\\/2021\\\/11\\\/cq5dam.web_.800.800-6-1.jpeg\",\"width\":800,\"height\":533,\"caption\":\"El Papa Francisco preside Misa en el Policl\u00ednico Gemelli de Roma, 5 nov. 2021 \u00a9 Vatican Media\"},{\"@type\":\"BreadcrumbList\",\"@id\":\"https:\\\/\\\/exaudi.org\\\/es\\\/corazon-de-cristo-recuerdo-pasion-y-consuelo\\\/#breadcrumb\",\"itemListElement\":[{\"@type\":\"ListItem\",\"position\":1,\"name\":\"Portada\",\"item\":\"https:\\\/\\\/exaudi.org\\\/es\\\/\"},{\"@type\":\"ListItem\",\"position\":2,\"name\":\"Contemplar el coraz\u00f3n de Cristo: \u201cRecuerdo, pasi\u00f3n y consuelo\u201d\"}]},{\"@type\":\"WebSite\",\"@id\":\"https:\\\/\\\/exaudi.org\\\/#website\",\"url\":\"https:\\\/\\\/exaudi.org\\\/\",\"name\":\"Exaudi\",\"description\":\"News\",\"potentialAction\":[{\"@type\":\"SearchAction\",\"target\":{\"@type\":\"EntryPoint\",\"urlTemplate\":\"https:\\\/\\\/exaudi.org\\\/?s={search_term_string}\"},\"query-input\":{\"@type\":\"PropertyValueSpecification\",\"valueRequired\":true,\"valueName\":\"search_term_string\"}}],\"inLanguage\":\"es\"},{\"@type\":\"Person\",\"@id\":\"https:\\\/\\\/exaudi.org\\\/#\\\/schema\\\/person\\\/f5fc8f063065e38742da7afe15f25df7\",\"name\":\"Exaudi Redacci\u00f3n\",\"image\":{\"@type\":\"ImageObject\",\"inLanguage\":\"es\",\"@id\":\"https:\\\/\\\/secure.gravatar.com\\\/avatar\\\/fe0f6a059fb68d9b3e11bc5850dd4899b1c7492091a3cb6dd9b01b56ad828be2?s=96&d=mm&r=g\",\"url\":\"https:\\\/\\\/secure.gravatar.com\\\/avatar\\\/fe0f6a059fb68d9b3e11bc5850dd4899b1c7492091a3cb6dd9b01b56ad828be2?s=96&d=mm&r=g\",\"contentUrl\":\"https:\\\/\\\/secure.gravatar.com\\\/avatar\\\/fe0f6a059fb68d9b3e11bc5850dd4899b1c7492091a3cb6dd9b01b56ad828be2?s=96&d=mm&r=g\",\"caption\":\"Exaudi Redacci\u00f3n\"},\"description\":\"\u00bfQu\u00e9 es Exaudi News? Exaudi News es un medio de comunicaci\u00f3n cat\u00f3lico internacional que informa, forma y transforma, diariamente en espa\u00f1ol, ingl\u00e9s e italiano. A trav\u00e9s de noticias, art\u00edculos de an\u00e1lisis y transmisiones en directo de los eventos del Papa, Exaudi busca fortalecer la unidad de los cristianos y contribuir a la evangelizaci\u00f3n del mundo, siempre guiados por la doctrina social de la Iglesia. Trabajamos para acercar la verdad y los valores cristianos a cada rinc\u00f3n del planeta. \u00a1Ay\u00fadanos a transformar el mundo con Exaudi! En Exaudi creemos que la evangelizaci\u00f3n y la informaci\u00f3n de calidad pueden cambiar vidas. Para continuar con nuestra misi\u00f3n y expandir nuestro alcance, necesitamos tu ayuda. Adem\u00e1s, buscamos personas comprometidas que deseen unirse a nuestro equipo. Con tu apoyo, lograremos llegar a m\u00e1s personas, difundir el mensaje de Cristo y reforzar la unidad de los cristianos. \u00bfTe unes a nuestra misi\u00f3n? Para m\u00e1s informaci\u00f3n sobre c\u00f3mo colaborar, visita Exaudi.org\\\/es o cont\u00e1ctanos directamente: info@exaudi.org Exaudi: Informa, forma y transforma.\",\"sameAs\":[\"https:\\\/\\\/www.facebook.com\\\/ExaudiNoticias\\\/\",\"https:\\\/\\\/www.instagram.com\\\/exaudi_noticias\\\/\",\"https:\\\/\\\/x.com\\\/Exaudi_noticias\",\"https:\\\/\\\/www.youtube.com\\\/@exaudicatholicnews\"],\"url\":\"https:\\\/\\\/exaudi.org\\\/es\\\/author\\\/redaccionexaudi\\\/\"}]}<\/script>\n<!-- \/ Yoast SEO plugin. -->","yoast_head_json":{"title":"Contemplar el coraz\u00f3n de Cristo: \u201cRecuerdo, pasi\u00f3n y consuelo\u201d &#8211; Exaudi","description":"\u201cRecuerdo, pasi\u00f3n y consuelo\u201d, 3 palabras que el Papa ofreci\u00f3 para contemplar el Coraz\u00f3n de Cristo durante la Misa en el Hospital Gemelli","robots":{"index":"index","follow":"follow","max-snippet":"max-snippet:-1","max-image-preview":"max-image-preview:large","max-video-preview":"max-video-preview:-1"},"canonical":"https:\/\/exaudi.org\/es\/corazon-de-cristo-recuerdo-pasion-y-consuelo\/","og_locale":"es_ES","og_type":"article","og_title":"Contemplar el coraz\u00f3n de Cristo: \u201cRecuerdo, pasi\u00f3n y consuelo\u201d &#8211; Exaudi","og_description":"\u201cRecuerdo, pasi\u00f3n y consuelo\u201d, 3 palabras que el Papa ofreci\u00f3 para contemplar el Coraz\u00f3n de Cristo durante la Misa en el Hospital Gemelli","og_url":"https:\/\/exaudi.org\/es\/corazon-de-cristo-recuerdo-pasion-y-consuelo\/","og_site_name":"Exaudi","article_publisher":"https:\/\/www.facebook.com\/ExaudiNews","article_author":"https:\/\/www.facebook.com\/ExaudiNoticias\/","article_published_time":"2021-11-05T12:20:03+00:00","article_modified_time":"2021-11-08T09:27:56+00:00","og_image":[{"width":800,"height":533,"url":"https:\/\/exaudi.org\/wp-content\/uploads\/2021\/11\/cq5dam.web_.800.800-6-1.jpeg","type":"image\/jpeg"}],"author":"Exaudi Redacci\u00f3n","twitter_card":"summary_large_image","twitter_creator":"@Exaudi_noticias","twitter_site":"@Exaudi_News","twitter_misc":{"Escrito por":"Exaudi Redacci\u00f3n","Tiempo de lectura":"8 minutos"},"schema":{"@context":"https:\/\/schema.org","@graph":[{"@type":"Article","@id":"https:\/\/exaudi.org\/es\/corazon-de-cristo-recuerdo-pasion-y-consuelo\/#article","isPartOf":{"@id":"https:\/\/exaudi.org\/es\/corazon-de-cristo-recuerdo-pasion-y-consuelo\/"},"author":{"name":"Exaudi Redacci\u00f3n","@id":"https:\/\/exaudi.org\/#\/schema\/person\/f5fc8f063065e38742da7afe15f25df7"},"headline":"Contemplar el coraz\u00f3n de Cristo: \u201cRecuerdo, pasi\u00f3n y consuelo\u201d","datePublished":"2021-11-05T12:20:03+00:00","dateModified":"2021-11-08T09:27:56+00:00","mainEntityOfPage":{"@id":"https:\/\/exaudi.org\/es\/corazon-de-cristo-recuerdo-pasion-y-consuelo\/"},"wordCount":1474,"commentCount":0,"image":{"@id":"https:\/\/exaudi.org\/es\/corazon-de-cristo-recuerdo-pasion-y-consuelo\/#primaryimage"},"thumbnailUrl":"https:\/\/exaudi.org\/wp-content\/uploads\/2021\/11\/cq5dam.web_.800.800-6-1.jpeg","keywords":["papa francisco"],"articleSection":["Homilias","\u00daltimas noticias"],"inLanguage":"es","potentialAction":[{"@type":"CommentAction","name":"Comment","target":["https:\/\/exaudi.org\/es\/corazon-de-cristo-recuerdo-pasion-y-consuelo\/#respond"]}]},{"@type":"WebPage","@id":"https:\/\/exaudi.org\/es\/corazon-de-cristo-recuerdo-pasion-y-consuelo\/","url":"https:\/\/exaudi.org\/es\/corazon-de-cristo-recuerdo-pasion-y-consuelo\/","name":"Contemplar el coraz\u00f3n de Cristo: \u201cRecuerdo, pasi\u00f3n y consuelo\u201d &#8211; Exaudi","isPartOf":{"@id":"https:\/\/exaudi.org\/#website"},"primaryImageOfPage":{"@id":"https:\/\/exaudi.org\/es\/corazon-de-cristo-recuerdo-pasion-y-consuelo\/#primaryimage"},"image":{"@id":"https:\/\/exaudi.org\/es\/corazon-de-cristo-recuerdo-pasion-y-consuelo\/#primaryimage"},"thumbnailUrl":"https:\/\/exaudi.org\/wp-content\/uploads\/2021\/11\/cq5dam.web_.800.800-6-1.jpeg","datePublished":"2021-11-05T12:20:03+00:00","dateModified":"2021-11-08T09:27:56+00:00","author":{"@id":"https:\/\/exaudi.org\/#\/schema\/person\/f5fc8f063065e38742da7afe15f25df7"},"description":"\u201cRecuerdo, pasi\u00f3n y consuelo\u201d, 3 palabras que el Papa ofreci\u00f3 para contemplar el Coraz\u00f3n de Cristo durante la Misa en el Hospital Gemelli","breadcrumb":{"@id":"https:\/\/exaudi.org\/es\/corazon-de-cristo-recuerdo-pasion-y-consuelo\/#breadcrumb"},"inLanguage":"es","potentialAction":[{"@type":"ReadAction","target":["https:\/\/exaudi.org\/es\/corazon-de-cristo-recuerdo-pasion-y-consuelo\/"]}]},{"@type":"ImageObject","inLanguage":"es","@id":"https:\/\/exaudi.org\/es\/corazon-de-cristo-recuerdo-pasion-y-consuelo\/#primaryimage","url":"https:\/\/exaudi.org\/wp-content\/uploads\/2021\/11\/cq5dam.web_.800.800-6-1.jpeg","contentUrl":"https:\/\/exaudi.org\/wp-content\/uploads\/2021\/11\/cq5dam.web_.800.800-6-1.jpeg","width":800,"height":533,"caption":"El Papa Francisco preside Misa en el Policl\u00ednico Gemelli de Roma, 5 nov. 2021 \u00a9 Vatican Media"},{"@type":"BreadcrumbList","@id":"https:\/\/exaudi.org\/es\/corazon-de-cristo-recuerdo-pasion-y-consuelo\/#breadcrumb","itemListElement":[{"@type":"ListItem","position":1,"name":"Portada","item":"https:\/\/exaudi.org\/es\/"},{"@type":"ListItem","position":2,"name":"Contemplar el coraz\u00f3n de Cristo: \u201cRecuerdo, pasi\u00f3n y consuelo\u201d"}]},{"@type":"WebSite","@id":"https:\/\/exaudi.org\/#website","url":"https:\/\/exaudi.org\/","name":"Exaudi","description":"News","potentialAction":[{"@type":"SearchAction","target":{"@type":"EntryPoint","urlTemplate":"https:\/\/exaudi.org\/?s={search_term_string}"},"query-input":{"@type":"PropertyValueSpecification","valueRequired":true,"valueName":"search_term_string"}}],"inLanguage":"es"},{"@type":"Person","@id":"https:\/\/exaudi.org\/#\/schema\/person\/f5fc8f063065e38742da7afe15f25df7","name":"Exaudi Redacci\u00f3n","image":{"@type":"ImageObject","inLanguage":"es","@id":"https:\/\/secure.gravatar.com\/avatar\/fe0f6a059fb68d9b3e11bc5850dd4899b1c7492091a3cb6dd9b01b56ad828be2?s=96&d=mm&r=g","url":"https:\/\/secure.gravatar.com\/avatar\/fe0f6a059fb68d9b3e11bc5850dd4899b1c7492091a3cb6dd9b01b56ad828be2?s=96&d=mm&r=g","contentUrl":"https:\/\/secure.gravatar.com\/avatar\/fe0f6a059fb68d9b3e11bc5850dd4899b1c7492091a3cb6dd9b01b56ad828be2?s=96&d=mm&r=g","caption":"Exaudi Redacci\u00f3n"},"description":"\u00bfQu\u00e9 es Exaudi News? Exaudi News es un medio de comunicaci\u00f3n cat\u00f3lico internacional que informa, forma y transforma, diariamente en espa\u00f1ol, ingl\u00e9s e italiano. A trav\u00e9s de noticias, art\u00edculos de an\u00e1lisis y transmisiones en directo de los eventos del Papa, Exaudi busca fortalecer la unidad de los cristianos y contribuir a la evangelizaci\u00f3n del mundo, siempre guiados por la doctrina social de la Iglesia. Trabajamos para acercar la verdad y los valores cristianos a cada rinc\u00f3n del planeta. \u00a1Ay\u00fadanos a transformar el mundo con Exaudi! En Exaudi creemos que la evangelizaci\u00f3n y la informaci\u00f3n de calidad pueden cambiar vidas. Para continuar con nuestra misi\u00f3n y expandir nuestro alcance, necesitamos tu ayuda. Adem\u00e1s, buscamos personas comprometidas que deseen unirse a nuestro equipo. Con tu apoyo, lograremos llegar a m\u00e1s personas, difundir el mensaje de Cristo y reforzar la unidad de los cristianos. \u00bfTe unes a nuestra misi\u00f3n? Para m\u00e1s informaci\u00f3n sobre c\u00f3mo colaborar, visita Exaudi.org\/es o cont\u00e1ctanos directamente: info@exaudi.org Exaudi: Informa, forma y transforma.","sameAs":["https:\/\/www.facebook.com\/ExaudiNoticias\/","https:\/\/www.instagram.com\/exaudi_noticias\/","https:\/\/x.com\/Exaudi_noticias","https:\/\/www.youtube.com\/@exaudicatholicnews"],"url":"https:\/\/exaudi.org\/es\/author\/redaccionexaudi\/"}]}},"jetpack_featured_media_url":"https:\/\/exaudi.org\/wp-content\/uploads\/2021\/11\/cq5dam.web_.800.800-6-1.jpeg","jetpack_shortlink":"https:\/\/wp.me\/pgKjF2-a93","_links":{"self":[{"href":"https:\/\/exaudi.org\/es\/wp-json\/wp\/v2\/posts\/39001","targetHints":{"allow":["GET"]}}],"collection":[{"href":"https:\/\/exaudi.org\/es\/wp-json\/wp\/v2\/posts"}],"about":[{"href":"https:\/\/exaudi.org\/es\/wp-json\/wp\/v2\/types\/post"}],"author":[{"embeddable":true,"href":"https:\/\/exaudi.org\/es\/wp-json\/wp\/v2\/users\/15"}],"replies":[{"embeddable":true,"href":"https:\/\/exaudi.org\/es\/wp-json\/wp\/v2\/comments?post=39001"}],"version-history":[{"count":0,"href":"https:\/\/exaudi.org\/es\/wp-json\/wp\/v2\/posts\/39001\/revisions"}],"wp:featuredmedia":[{"embeddable":true,"href":"https:\/\/exaudi.org\/es\/wp-json\/wp\/v2\/media\/39043"}],"wp:attachment":[{"href":"https:\/\/exaudi.org\/es\/wp-json\/wp\/v2\/media?parent=39001"}],"wp:term":[{"taxonomy":"category","embeddable":true,"href":"https:\/\/exaudi.org\/es\/wp-json\/wp\/v2\/categories?post=39001"},{"taxonomy":"post_tag","embeddable":true,"href":"https:\/\/exaudi.org\/es\/wp-json\/wp\/v2\/tags?post=39001"}],"curies":[{"name":"wp","href":"https:\/\/api.w.org\/{rel}","templated":true}]}}