{"id":38987,"date":"2021-11-05T12:13:49","date_gmt":"2021-11-05T11:13:49","guid":{"rendered":"https:\/\/exaudi.wpengine.com\/?p=38987"},"modified":"2022-01-03T16:06:35","modified_gmt":"2022-01-03T15:06:35","slug":"padre-brassesco-nombrado-secretario-adjunto-para-el-celam","status":"publish","type":"post","link":"https:\/\/exaudi.org\/es\/padre-brassesco-nombrado-secretario-adjunto-para-el-celam\/","title":{"rendered":"Padre Brassesco, nombrado secretario adjunto para el CELAM"},"content":{"rendered":"<p>El sacerdote argentino Pedro Manuel Brassesco ha sido nombrado secretario general del CELAM. De este modo, a partir de este mes de noviembre de 2021 el <a href=\"http:\/\/www.celam.org\/index.php\">Consejo Episcopal Latinoamericano (CELAM)<\/a> contar\u00e1 con dos secretarios adjuntos: el sacerdote mexicano <a href=\"https:\/\/exaudi.wpengine.com\/es\/asamblea-eclesial-america-evento-pueblo-dios\/\" target=\"_blank\" rel=\"noopener\">David Jasso<\/a>, quien viene desempe\u00f1ando esta funci\u00f3n desde finales de 2020, y esta nueva incorporaci\u00f3n, informa ADN CELAM en una nota.<\/p>\n<p>El nombramiento del padre Brassesco ha sido realizado mediante la Resoluci\u00f3n No. 0068-2021, en la que se indica que \u201cel CELAM est\u00e1 realizando un proceso de renovaci\u00f3n y reestructuraci\u00f3n, el cual exige cambios y atenci\u00f3n en la parte organizativa\u201d, y \u201cel presb\u00edtero Pedro Manuel Brassesco, re\u00fane los requisitos para desempe\u00f1ar el cargo de secretario Adjunto del CELAM\u201d.<\/p>\n<p>Los Estatutos del organismo episcopal contemplan la posibilidad de tener uno o varios secretarios Adjuntos, \u201cseg\u00fan las necesidades del CELAM\u201d (cf. Art. 17). En este sentido, la llegada del padre Pedro Manuel representa un valioso apoyo a la Secretar\u00eda General ante los m\u00faltiples desaf\u00edos de animaci\u00f3n, servicio, colaboraci\u00f3n y colegialidad que han brotado de la nueva estructura aprobada por la 38\u00aa Asamblea General, en mayo de 2021.<\/p>\n<h4><strong>Un cargo de confianza<\/strong><\/h4>\n<p>El nombramiento de este nuevo secretario, por parte del presidente del CELAM, Mons. Miguel Cabrejos Vidarte, se produce tras realizarse las consultas respectivas a los miembros de la Presidencia en la reuni\u00f3n del pasado 27 de octubre. Dicho nombramiento rige desde el 1 de noviembre y se extender\u00e1 hasta el 31 de mayo de 2023, seg\u00fan se detalla en el comunicado.<\/p>\n<p>\u201cEl presb\u00edtero Pedro Manuel Brassesco recibe este cargo de confianza, con todas las atribuciones y deberes inherentes al mismo\u201d, se lee al final de la resoluci\u00f3n, de lo cual tambi\u00e9n da fe el secretario general del CELAM, Mons. Jorge Eduardo Lozano.<\/p>\n","protected":false},"excerpt":{"rendered":"<p>Trabajar\u00e1 junto con el sacerdote mexicano David Jasso, tambi\u00e9n secretario<\/p>\n","protected":false},"author":93,"featured_media":38989,"comment_status":"open","ping_status":"open","sticky":false,"template":"","format":"standard","meta":{"_acf_changed":false,"_crdt_document":"","inline_featured_image":false,"footnotes":""},"categories":[298],"tags":[1494,4792],"class_list":["post-38987","post","type-post","status-publish","format-standard","has-post-thumbnail","hentry","category-ultimas-noticias","tag-consejo-episcopal-latinoamericano-celam","tag-padre-pedro-manuel-brassesco"],"acf":[],"yoast_head":"<!-- This site is optimized with the Yoast SEO plugin v27.4 - https:\/\/yoast.com\/product\/yoast-seo-wordpress\/ -->\n<title>Padre Brassesco, nombrado secretario adjunto para el CELAM &#8211; Exaudi<\/title>\n<meta name=\"description\" content=\"El CELAM cuenta con otro secretario adjunto del Consejo Episcopal Latinoamericano (CELAM), el padre Pedro Manuel Brassesco\" \/>\n<meta name=\"robots\" content=\"index, follow, max-snippet:-1, max-image-preview:large, max-video-preview:-1\" \/>\n<link rel=\"canonical\" href=\"https:\/\/exaudi.org\/es\/padre-brassesco-nombrado-secretario-adjunto-para-el-celam\/\" \/>\n<meta property=\"og:locale\" content=\"es_ES\" \/>\n<meta property=\"og:type\" content=\"article\" \/>\n<meta property=\"og:title\" content=\"Padre Brassesco, nombrado secretario adjunto para el CELAM &#8211; Exaudi\" \/>\n<meta property=\"og:description\" content=\"El CELAM cuenta con otro secretario adjunto del Consejo Episcopal Latinoamericano (CELAM), el padre Pedro Manuel Brassesco\" \/>\n<meta property=\"og:url\" content=\"https:\/\/exaudi.org\/es\/padre-brassesco-nombrado-secretario-adjunto-para-el-celam\/\" \/>\n<meta property=\"og:site_name\" content=\"Exaudi\" \/>\n<meta property=\"article:publisher\" content=\"https:\/\/www.facebook.com\/ExaudiNews\" \/>\n<meta property=\"article:published_time\" content=\"2021-11-05T11:13:49+00:00\" \/>\n<meta property=\"article:modified_time\" content=\"2022-01-03T15:06:35+00:00\" \/>\n<meta property=\"og:image\" content=\"https:\/\/exaudi.org\/wp-content\/uploads\/2021\/11\/El-Papa-saluda-al-P.-Pedro-Manuel-Brassesco.jpeg\" \/>\n\t<meta property=\"og:image:width\" content=\"1023\" \/>\n\t<meta property=\"og:image:height\" content=\"607\" \/>\n\t<meta property=\"og:image:type\" content=\"image\/jpeg\" \/>\n<meta name=\"author\" content=\"ADN CELAM\" \/>\n<meta name=\"twitter:card\" content=\"summary_large_image\" \/>\n<meta name=\"twitter:creator\" content=\"@Exaudi_News\" \/>\n<meta name=\"twitter:site\" content=\"@Exaudi_News\" \/>\n<meta name=\"twitter:label1\" content=\"Escrito por\" \/>\n\t<meta name=\"twitter:data1\" content=\"ADN CELAM\" \/>\n\t<meta name=\"twitter:label2\" content=\"Tiempo de lectura\" \/>\n\t<meta name=\"twitter:data2\" content=\"2 minutos\" \/>\n<script type=\"application\/ld+json\" class=\"yoast-schema-graph\">{\"@context\":\"https:\\\/\\\/schema.org\",\"@graph\":[{\"@type\":\"Article\",\"@id\":\"https:\\\/\\\/exaudi.org\\\/es\\\/padre-brassesco-nombrado-secretario-adjunto-para-el-celam\\\/#article\",\"isPartOf\":{\"@id\":\"https:\\\/\\\/exaudi.org\\\/es\\\/padre-brassesco-nombrado-secretario-adjunto-para-el-celam\\\/\"},\"author\":{\"name\":\"ADN CELAM\",\"@id\":\"https:\\\/\\\/exaudi.org\\\/#\\\/schema\\\/person\\\/fbc491ba5ee575299c5e9bc1b11ccc1f\"},\"headline\":\"Padre Brassesco, nombrado secretario adjunto para el CELAM\",\"datePublished\":\"2021-11-05T11:13:49+00:00\",\"dateModified\":\"2022-01-03T15:06:35+00:00\",\"mainEntityOfPage\":{\"@id\":\"https:\\\/\\\/exaudi.org\\\/es\\\/padre-brassesco-nombrado-secretario-adjunto-para-el-celam\\\/\"},\"wordCount\":309,\"commentCount\":0,\"image\":{\"@id\":\"https:\\\/\\\/exaudi.org\\\/es\\\/padre-brassesco-nombrado-secretario-adjunto-para-el-celam\\\/#primaryimage\"},\"thumbnailUrl\":\"https:\\\/\\\/exaudi.org\\\/wp-content\\\/uploads\\\/2021\\\/11\\\/El-Papa-saluda-al-P.-Pedro-Manuel-Brassesco.jpeg\",\"keywords\":[\"Consejo Episcopal Latinoamericano (CELAM)\",\"Padre Pedro Manuel Brassesco\"],\"articleSection\":[\"\u00daltimas noticias\"],\"inLanguage\":\"es\",\"potentialAction\":[{\"@type\":\"CommentAction\",\"name\":\"Comment\",\"target\":[\"https:\\\/\\\/exaudi.org\\\/es\\\/padre-brassesco-nombrado-secretario-adjunto-para-el-celam\\\/#respond\"]}]},{\"@type\":\"WebPage\",\"@id\":\"https:\\\/\\\/exaudi.org\\\/es\\\/padre-brassesco-nombrado-secretario-adjunto-para-el-celam\\\/\",\"url\":\"https:\\\/\\\/exaudi.org\\\/es\\\/padre-brassesco-nombrado-secretario-adjunto-para-el-celam\\\/\",\"name\":\"Padre Brassesco, nombrado secretario adjunto para el CELAM &#8211; Exaudi\",\"isPartOf\":{\"@id\":\"https:\\\/\\\/exaudi.org\\\/#website\"},\"primaryImageOfPage\":{\"@id\":\"https:\\\/\\\/exaudi.org\\\/es\\\/padre-brassesco-nombrado-secretario-adjunto-para-el-celam\\\/#primaryimage\"},\"image\":{\"@id\":\"https:\\\/\\\/exaudi.org\\\/es\\\/padre-brassesco-nombrado-secretario-adjunto-para-el-celam\\\/#primaryimage\"},\"thumbnailUrl\":\"https:\\\/\\\/exaudi.org\\\/wp-content\\\/uploads\\\/2021\\\/11\\\/El-Papa-saluda-al-P.-Pedro-Manuel-Brassesco.jpeg\",\"datePublished\":\"2021-11-05T11:13:49+00:00\",\"dateModified\":\"2022-01-03T15:06:35+00:00\",\"author\":{\"@id\":\"https:\\\/\\\/exaudi.org\\\/#\\\/schema\\\/person\\\/fbc491ba5ee575299c5e9bc1b11ccc1f\"},\"description\":\"El CELAM cuenta con otro secretario adjunto del Consejo Episcopal Latinoamericano (CELAM), el padre Pedro Manuel Brassesco\",\"breadcrumb\":{\"@id\":\"https:\\\/\\\/exaudi.org\\\/es\\\/padre-brassesco-nombrado-secretario-adjunto-para-el-celam\\\/#breadcrumb\"},\"inLanguage\":\"es\",\"potentialAction\":[{\"@type\":\"ReadAction\",\"target\":[\"https:\\\/\\\/exaudi.org\\\/es\\\/padre-brassesco-nombrado-secretario-adjunto-para-el-celam\\\/\"]}]},{\"@type\":\"ImageObject\",\"inLanguage\":\"es\",\"@id\":\"https:\\\/\\\/exaudi.org\\\/es\\\/padre-brassesco-nombrado-secretario-adjunto-para-el-celam\\\/#primaryimage\",\"url\":\"https:\\\/\\\/exaudi.org\\\/wp-content\\\/uploads\\\/2021\\\/11\\\/El-Papa-saluda-al-P.-Pedro-Manuel-Brassesco.jpeg\",\"contentUrl\":\"https:\\\/\\\/exaudi.org\\\/wp-content\\\/uploads\\\/2021\\\/11\\\/El-Papa-saluda-al-P.-Pedro-Manuel-Brassesco.jpeg\",\"width\":1023,\"height\":607,\"caption\":\"El Papa saluda al P. Pedro Manuel Brassesco \u00a9 Vatican Media\"},{\"@type\":\"BreadcrumbList\",\"@id\":\"https:\\\/\\\/exaudi.org\\\/es\\\/padre-brassesco-nombrado-secretario-adjunto-para-el-celam\\\/#breadcrumb\",\"itemListElement\":[{\"@type\":\"ListItem\",\"position\":1,\"name\":\"Portada\",\"item\":\"https:\\\/\\\/exaudi.org\\\/es\\\/\"},{\"@type\":\"ListItem\",\"position\":2,\"name\":\"Padre Brassesco, nombrado secretario adjunto para el CELAM\"}]},{\"@type\":\"WebSite\",\"@id\":\"https:\\\/\\\/exaudi.org\\\/#website\",\"url\":\"https:\\\/\\\/exaudi.org\\\/\",\"name\":\"Exaudi\",\"description\":\"News\",\"potentialAction\":[{\"@type\":\"SearchAction\",\"target\":{\"@type\":\"EntryPoint\",\"urlTemplate\":\"https:\\\/\\\/exaudi.org\\\/?s={search_term_string}\"},\"query-input\":{\"@type\":\"PropertyValueSpecification\",\"valueRequired\":true,\"valueName\":\"search_term_string\"}}],\"inLanguage\":\"es\"},{\"@type\":\"Person\",\"@id\":\"https:\\\/\\\/exaudi.org\\\/#\\\/schema\\\/person\\\/fbc491ba5ee575299c5e9bc1b11ccc1f\",\"name\":\"ADN CELAM\",\"image\":{\"@type\":\"ImageObject\",\"inLanguage\":\"es\",\"@id\":\"https:\\\/\\\/secure.gravatar.com\\\/avatar\\\/9f35251df285dd73b5052c2ea71d63aa960ac375813315353fd23ad8daf7a7ae?s=96&d=mm&r=g\",\"url\":\"https:\\\/\\\/secure.gravatar.com\\\/avatar\\\/9f35251df285dd73b5052c2ea71d63aa960ac375813315353fd23ad8daf7a7ae?s=96&d=mm&r=g\",\"contentUrl\":\"https:\\\/\\\/secure.gravatar.com\\\/avatar\\\/9f35251df285dd73b5052c2ea71d63aa960ac375813315353fd23ad8daf7a7ae?s=96&d=mm&r=g\",\"caption\":\"ADN CELAM\"},\"description\":\"Sistema informativo del Consejo Episcopal Latinoamericano (CELAM)\",\"url\":\"https:\\\/\\\/exaudi.org\\\/es\\\/author\\\/adncelam\\\/\"}]}<\/script>\n<!-- \/ Yoast SEO plugin. -->","yoast_head_json":{"title":"Padre Brassesco, nombrado secretario adjunto para el CELAM &#8211; Exaudi","description":"El CELAM cuenta con otro secretario adjunto del Consejo Episcopal Latinoamericano (CELAM), el padre Pedro Manuel Brassesco","robots":{"index":"index","follow":"follow","max-snippet":"max-snippet:-1","max-image-preview":"max-image-preview:large","max-video-preview":"max-video-preview:-1"},"canonical":"https:\/\/exaudi.org\/es\/padre-brassesco-nombrado-secretario-adjunto-para-el-celam\/","og_locale":"es_ES","og_type":"article","og_title":"Padre Brassesco, nombrado secretario adjunto para el CELAM &#8211; Exaudi","og_description":"El CELAM cuenta con otro secretario adjunto del Consejo Episcopal Latinoamericano (CELAM), el padre Pedro Manuel Brassesco","og_url":"https:\/\/exaudi.org\/es\/padre-brassesco-nombrado-secretario-adjunto-para-el-celam\/","og_site_name":"Exaudi","article_publisher":"https:\/\/www.facebook.com\/ExaudiNews","article_published_time":"2021-11-05T11:13:49+00:00","article_modified_time":"2022-01-03T15:06:35+00:00","og_image":[{"width":1023,"height":607,"url":"https:\/\/exaudi.org\/wp-content\/uploads\/2021\/11\/El-Papa-saluda-al-P.-Pedro-Manuel-Brassesco.jpeg","type":"image\/jpeg"}],"author":"ADN CELAM","twitter_card":"summary_large_image","twitter_creator":"@Exaudi_News","twitter_site":"@Exaudi_News","twitter_misc":{"Escrito por":"ADN CELAM","Tiempo de lectura":"2 minutos"},"schema":{"@context":"https:\/\/schema.org","@graph":[{"@type":"Article","@id":"https:\/\/exaudi.org\/es\/padre-brassesco-nombrado-secretario-adjunto-para-el-celam\/#article","isPartOf":{"@id":"https:\/\/exaudi.org\/es\/padre-brassesco-nombrado-secretario-adjunto-para-el-celam\/"},"author":{"name":"ADN CELAM","@id":"https:\/\/exaudi.org\/#\/schema\/person\/fbc491ba5ee575299c5e9bc1b11ccc1f"},"headline":"Padre Brassesco, nombrado secretario adjunto para el CELAM","datePublished":"2021-11-05T11:13:49+00:00","dateModified":"2022-01-03T15:06:35+00:00","mainEntityOfPage":{"@id":"https:\/\/exaudi.org\/es\/padre-brassesco-nombrado-secretario-adjunto-para-el-celam\/"},"wordCount":309,"commentCount":0,"image":{"@id":"https:\/\/exaudi.org\/es\/padre-brassesco-nombrado-secretario-adjunto-para-el-celam\/#primaryimage"},"thumbnailUrl":"https:\/\/exaudi.org\/wp-content\/uploads\/2021\/11\/El-Papa-saluda-al-P.-Pedro-Manuel-Brassesco.jpeg","keywords":["Consejo Episcopal Latinoamericano (CELAM)","Padre Pedro Manuel Brassesco"],"articleSection":["\u00daltimas noticias"],"inLanguage":"es","potentialAction":[{"@type":"CommentAction","name":"Comment","target":["https:\/\/exaudi.org\/es\/padre-brassesco-nombrado-secretario-adjunto-para-el-celam\/#respond"]}]},{"@type":"WebPage","@id":"https:\/\/exaudi.org\/es\/padre-brassesco-nombrado-secretario-adjunto-para-el-celam\/","url":"https:\/\/exaudi.org\/es\/padre-brassesco-nombrado-secretario-adjunto-para-el-celam\/","name":"Padre Brassesco, nombrado secretario adjunto para el CELAM &#8211; Exaudi","isPartOf":{"@id":"https:\/\/exaudi.org\/#website"},"primaryImageOfPage":{"@id":"https:\/\/exaudi.org\/es\/padre-brassesco-nombrado-secretario-adjunto-para-el-celam\/#primaryimage"},"image":{"@id":"https:\/\/exaudi.org\/es\/padre-brassesco-nombrado-secretario-adjunto-para-el-celam\/#primaryimage"},"thumbnailUrl":"https:\/\/exaudi.org\/wp-content\/uploads\/2021\/11\/El-Papa-saluda-al-P.-Pedro-Manuel-Brassesco.jpeg","datePublished":"2021-11-05T11:13:49+00:00","dateModified":"2022-01-03T15:06:35+00:00","author":{"@id":"https:\/\/exaudi.org\/#\/schema\/person\/fbc491ba5ee575299c5e9bc1b11ccc1f"},"description":"El CELAM cuenta con otro secretario adjunto del Consejo Episcopal Latinoamericano (CELAM), el padre Pedro Manuel Brassesco","breadcrumb":{"@id":"https:\/\/exaudi.org\/es\/padre-brassesco-nombrado-secretario-adjunto-para-el-celam\/#breadcrumb"},"inLanguage":"es","potentialAction":[{"@type":"ReadAction","target":["https:\/\/exaudi.org\/es\/padre-brassesco-nombrado-secretario-adjunto-para-el-celam\/"]}]},{"@type":"ImageObject","inLanguage":"es","@id":"https:\/\/exaudi.org\/es\/padre-brassesco-nombrado-secretario-adjunto-para-el-celam\/#primaryimage","url":"https:\/\/exaudi.org\/wp-content\/uploads\/2021\/11\/El-Papa-saluda-al-P.-Pedro-Manuel-Brassesco.jpeg","contentUrl":"https:\/\/exaudi.org\/wp-content\/uploads\/2021\/11\/El-Papa-saluda-al-P.-Pedro-Manuel-Brassesco.jpeg","width":1023,"height":607,"caption":"El Papa saluda al P. Pedro Manuel Brassesco \u00a9 Vatican Media"},{"@type":"BreadcrumbList","@id":"https:\/\/exaudi.org\/es\/padre-brassesco-nombrado-secretario-adjunto-para-el-celam\/#breadcrumb","itemListElement":[{"@type":"ListItem","position":1,"name":"Portada","item":"https:\/\/exaudi.org\/es\/"},{"@type":"ListItem","position":2,"name":"Padre Brassesco, nombrado secretario adjunto para el CELAM"}]},{"@type":"WebSite","@id":"https:\/\/exaudi.org\/#website","url":"https:\/\/exaudi.org\/","name":"Exaudi","description":"News","potentialAction":[{"@type":"SearchAction","target":{"@type":"EntryPoint","urlTemplate":"https:\/\/exaudi.org\/?s={search_term_string}"},"query-input":{"@type":"PropertyValueSpecification","valueRequired":true,"valueName":"search_term_string"}}],"inLanguage":"es"},{"@type":"Person","@id":"https:\/\/exaudi.org\/#\/schema\/person\/fbc491ba5ee575299c5e9bc1b11ccc1f","name":"ADN CELAM","image":{"@type":"ImageObject","inLanguage":"es","@id":"https:\/\/secure.gravatar.com\/avatar\/9f35251df285dd73b5052c2ea71d63aa960ac375813315353fd23ad8daf7a7ae?s=96&d=mm&r=g","url":"https:\/\/secure.gravatar.com\/avatar\/9f35251df285dd73b5052c2ea71d63aa960ac375813315353fd23ad8daf7a7ae?s=96&d=mm&r=g","contentUrl":"https:\/\/secure.gravatar.com\/avatar\/9f35251df285dd73b5052c2ea71d63aa960ac375813315353fd23ad8daf7a7ae?s=96&d=mm&r=g","caption":"ADN CELAM"},"description":"Sistema informativo del Consejo Episcopal Latinoamericano (CELAM)","url":"https:\/\/exaudi.org\/es\/author\/adncelam\/"}]}},"jetpack_featured_media_url":"https:\/\/exaudi.org\/wp-content\/uploads\/2021\/11\/El-Papa-saluda-al-P.-Pedro-Manuel-Brassesco.jpeg","jetpack_shortlink":"https:\/\/wp.me\/pgKjF2-a8P","_links":{"self":[{"href":"https:\/\/exaudi.org\/es\/wp-json\/wp\/v2\/posts\/38987","targetHints":{"allow":["GET"]}}],"collection":[{"href":"https:\/\/exaudi.org\/es\/wp-json\/wp\/v2\/posts"}],"about":[{"href":"https:\/\/exaudi.org\/es\/wp-json\/wp\/v2\/types\/post"}],"author":[{"embeddable":true,"href":"https:\/\/exaudi.org\/es\/wp-json\/wp\/v2\/users\/93"}],"replies":[{"embeddable":true,"href":"https:\/\/exaudi.org\/es\/wp-json\/wp\/v2\/comments?post=38987"}],"version-history":[{"count":0,"href":"https:\/\/exaudi.org\/es\/wp-json\/wp\/v2\/posts\/38987\/revisions"}],"wp:featuredmedia":[{"embeddable":true,"href":"https:\/\/exaudi.org\/es\/wp-json\/wp\/v2\/media\/38989"}],"wp:attachment":[{"href":"https:\/\/exaudi.org\/es\/wp-json\/wp\/v2\/media?parent=38987"}],"wp:term":[{"taxonomy":"category","embeddable":true,"href":"https:\/\/exaudi.org\/es\/wp-json\/wp\/v2\/categories?post=38987"},{"taxonomy":"post_tag","embeddable":true,"href":"https:\/\/exaudi.org\/es\/wp-json\/wp\/v2\/tags?post=38987"}],"curies":[{"name":"wp","href":"https:\/\/api.w.org\/{rel}","templated":true}]}}