{"id":38978,"date":"2021-11-05T11:13:43","date_gmt":"2021-11-05T10:13:43","guid":{"rendered":"https:\/\/exaudi.wpengine.com\/?p=38978"},"modified":"2021-11-05T11:20:42","modified_gmt":"2021-11-05T10:20:42","slug":"4a-edicion-del-noticiero-asi-camina-la-asamblea-eclesial","status":"publish","type":"post","link":"https:\/\/exaudi.org\/es\/4a-edicion-del-noticiero-asi-camina-la-asamblea-eclesial\/","title":{"rendered":"4\u00aa edici\u00f3n del noticiero \u201cAs\u00ed Camina la Asamblea Eclesial\u201d"},"content":{"rendered":"<p>El noticiero <a href=\"https:\/\/exaudi.wpengine.com\/es\/3a-edicion-del-noticiero-asi-camina-la-asamblea-eclesial\/\" target=\"_blank\" rel=\"noopener\">\u201cAs\u00ed camina la Asamblea Eclesial\u201d<\/a> llega a su 4\u00aa edici\u00f3n para informar sobre el evento que en noviembre de 2021 unir\u00e1 a la Iglesia de Am\u00e9rica Latina y el Caribe, informa ADN CELAM, sistema informativo del <a href=\"http:\/\/www.celam.org\/index.php\" target=\"_blank\" rel=\"noopener\">Consejo Episcopal Latinoamericano (CELAM)<\/a>.<\/p>\n<p>En esta edici\u00f3n, conducido por Micaela D\u00edaz, del equipo de comunicaci\u00f3n de la Conferencia Episcopal Boliviana, se presenta un informe especial a cargo del <a href=\"https:\/\/exaudi.wpengine.com\/es\/asamblea-eclesial-america-evento-pueblo-dios\/\" target=\"_blank\" rel=\"noopener\">padre David Jasso<\/a>, secretario general adjunto del CELAM, sobre detalles de la metodolog\u00eda de la Asamblea Eclesial, que bajo una modalidad h\u00edbrida (presencial y virtual) reunir\u00e1 a 1.000 participantes.<\/p>\n<p>\u00bfC\u00f3mo avanza la Asamblea Eclesial en Antillas? Paola Calder\u00f3n, desde el Centro para la Comunicaci\u00f3n del CELAM, entrevista a monse\u00f1or Gabriel Malzaire, presidente del Episcopado de esta regi\u00f3n, quien asegur\u00f3 que \u201chemos establecido un equipo de animaci\u00f3n con representantes de las cinco provincias las cuales conforman la conferencia\u201d.<\/p>\n<p>Adem\u00e1s, espera que la Asamblea Eclesial sea puente para\u00a0\u201ccontinuar el desarrollo de una relaci\u00f3n estrecha entre nosotros y las diferentes Conferencias Episcopales de Latinoam\u00e9rica del CELAM\u201d.<\/p>\n<p>Finalmente, la hermana Rose Bertoldo de la Red \u201cUn grito por la vida\u201d, en Manaos \u2013 Brasil, comparte una reflexi\u00f3n sobre las esperanzas que genera la Asamblea Eclesial en la Amazon\u00eda y la tarea de la Iglesia en el acompa\u00f1amiento de este itinerario.<\/p>\n<p>Puedes suscribirte al bolet\u00edn y recibir toda la informaci\u00f3n con el acontecer de la Asamblea Eclesial de Am\u00e9rica Latina y el Caribe <a href=\"https:\/\/bit.ly\/3pEES63\" target=\"_blank\" rel=\"noopener\">aqu\u00ed<\/a>.<\/p>\n<p>Disfruta de la cuarta edici\u00f3n de \u201cAs\u00ed camina la Asamblea Eclesial\u201d en este video.<\/p>\n<p><iframe loading=\"lazy\" title=\"Asi\u0301 camina la Asamblea Eclesial - Cuarta edici\u00f3n\" width=\"500\" height=\"281\" src=\"https:\/\/www.youtube.com\/embed\/aXiZk4Komcg?feature=oembed\" frameborder=\"0\" allow=\"accelerometer; autoplay; clipboard-write; encrypted-media; gyroscope; picture-in-picture; web-share\" referrerpolicy=\"strict-origin-when-cross-origin\" allowfullscreen><\/iframe><\/p>\n","protected":false},"excerpt":{"rendered":"<p>Detalles de la metodolog\u00eda de este evento de la Iglesia Latinoamericana<\/p>\n","protected":false},"author":5,"featured_media":38979,"comment_status":"open","ping_status":"open","sticky":false,"template":"","format":"standard","meta":{"_acf_changed":false,"_crdt_document":"","inline_featured_image":false,"footnotes":""},"categories":[86,298],"tags":[252,4545,1494],"class_list":["post-38978","post","type-post","status-publish","format-standard","has-post-thumbnail","hentry","category-iglesia-local","category-ultimas-noticias","tag-asamblea-eclesial-de-america-latina-y-el-caribe","tag-asi-camina-la-asamblea-eclesial","tag-consejo-episcopal-latinoamericano-celam"],"acf":[],"yoast_head":"<!-- This site is optimized with the Yoast SEO plugin v27.5 - https:\/\/yoast.com\/product\/yoast-seo-wordpress\/ -->\n<title>4\u00aa edici\u00f3n del noticiero \u201cAs\u00ed Camina la Asamblea Eclesial\u201d &#8211; Exaudi<\/title>\n<meta name=\"description\" content=\"4\u00ba edici\u00f3n de \u201cAs\u00ed camina la Asamblea Eclesial\u201d, noticiero de este evento de la Iglesia en Am\u00e9rica Latina y el Caribe\" \/>\n<meta name=\"robots\" content=\"index, follow, max-snippet:-1, max-image-preview:large, max-video-preview:-1\" \/>\n<link rel=\"canonical\" href=\"https:\/\/exaudi.org\/es\/4a-edicion-del-noticiero-asi-camina-la-asamblea-eclesial\/\" \/>\n<meta property=\"og:locale\" content=\"es_ES\" \/>\n<meta property=\"og:type\" content=\"article\" \/>\n<meta property=\"og:title\" content=\"4\u00aa edici\u00f3n del noticiero \u201cAs\u00ed Camina la Asamblea Eclesial\u201d &#8211; Exaudi\" \/>\n<meta property=\"og:description\" content=\"4\u00ba edici\u00f3n de \u201cAs\u00ed camina la Asamblea Eclesial\u201d, noticiero de este evento de la Iglesia en Am\u00e9rica Latina y el Caribe\" \/>\n<meta property=\"og:url\" content=\"https:\/\/exaudi.org\/es\/4a-edicion-del-noticiero-asi-camina-la-asamblea-eclesial\/\" \/>\n<meta property=\"og:site_name\" content=\"Exaudi\" \/>\n<meta property=\"article:publisher\" content=\"https:\/\/www.facebook.com\/ExaudiNews\" \/>\n<meta property=\"article:published_time\" content=\"2021-11-05T10:13:43+00:00\" \/>\n<meta property=\"article:modified_time\" content=\"2021-11-05T10:20:42+00:00\" \/>\n<meta property=\"og:image\" content=\"https:\/\/exaudi.org\/wp-content\/uploads\/2021\/11\/Asamblea-Eclesial-de-Latinoamerica-y-el-Caribe-CELAM.jpg\" \/>\n\t<meta property=\"og:image:width\" content=\"825\" \/>\n\t<meta property=\"og:image:height\" content=\"510\" \/>\n\t<meta property=\"og:image:type\" content=\"image\/jpeg\" \/>\n<meta name=\"author\" content=\"Larissa I. L\u00f3pez\" \/>\n<meta name=\"twitter:card\" content=\"summary_large_image\" \/>\n<meta name=\"twitter:creator\" content=\"@Exaudi_News\" \/>\n<meta name=\"twitter:site\" content=\"@Exaudi_News\" \/>\n<meta name=\"twitter:label1\" content=\"Escrito por\" \/>\n\t<meta name=\"twitter:data1\" content=\"Larissa I. L\u00f3pez\" \/>\n\t<meta name=\"twitter:label2\" content=\"Tiempo de lectura\" \/>\n\t<meta name=\"twitter:data2\" content=\"2 minutos\" \/>\n<script type=\"application\/ld+json\" class=\"yoast-schema-graph\">{\"@context\":\"https:\\\/\\\/schema.org\",\"@graph\":[{\"@type\":\"Article\",\"@id\":\"https:\\\/\\\/exaudi.org\\\/es\\\/4a-edicion-del-noticiero-asi-camina-la-asamblea-eclesial\\\/#article\",\"isPartOf\":{\"@id\":\"https:\\\/\\\/exaudi.org\\\/es\\\/4a-edicion-del-noticiero-asi-camina-la-asamblea-eclesial\\\/\"},\"author\":{\"name\":\"Larissa I. L\u00f3pez\",\"@id\":\"https:\\\/\\\/exaudi.org\\\/#\\\/schema\\\/person\\\/7d2f77db033c2c0929edfab6dbe8c588\"},\"headline\":\"4\u00aa edici\u00f3n del noticiero \u201cAs\u00ed Camina la Asamblea Eclesial\u201d\",\"datePublished\":\"2021-11-05T10:13:43+00:00\",\"dateModified\":\"2021-11-05T10:20:42+00:00\",\"mainEntityOfPage\":{\"@id\":\"https:\\\/\\\/exaudi.org\\\/es\\\/4a-edicion-del-noticiero-asi-camina-la-asamblea-eclesial\\\/\"},\"wordCount\":286,\"commentCount\":0,\"image\":{\"@id\":\"https:\\\/\\\/exaudi.org\\\/es\\\/4a-edicion-del-noticiero-asi-camina-la-asamblea-eclesial\\\/#primaryimage\"},\"thumbnailUrl\":\"https:\\\/\\\/exaudi.org\\\/wp-content\\\/uploads\\\/2021\\\/11\\\/Asamblea-Eclesial-de-Latinoamerica-y-el-Caribe-CELAM.jpg\",\"keywords\":[\"Asamblea Eclesial de Am\u00e9rica Latina y el Caribe\",\"As\u00ed Camina la Asamblea Eclesial\",\"Consejo Episcopal Latinoamericano (CELAM)\"],\"articleSection\":[\"Iglesia Local\",\"\u00daltimas noticias\"],\"inLanguage\":\"es\",\"potentialAction\":[{\"@type\":\"CommentAction\",\"name\":\"Comment\",\"target\":[\"https:\\\/\\\/exaudi.org\\\/es\\\/4a-edicion-del-noticiero-asi-camina-la-asamblea-eclesial\\\/#respond\"]}]},{\"@type\":\"WebPage\",\"@id\":\"https:\\\/\\\/exaudi.org\\\/es\\\/4a-edicion-del-noticiero-asi-camina-la-asamblea-eclesial\\\/\",\"url\":\"https:\\\/\\\/exaudi.org\\\/es\\\/4a-edicion-del-noticiero-asi-camina-la-asamblea-eclesial\\\/\",\"name\":\"4\u00aa edici\u00f3n del noticiero \u201cAs\u00ed Camina la Asamblea Eclesial\u201d &#8211; Exaudi\",\"isPartOf\":{\"@id\":\"https:\\\/\\\/exaudi.org\\\/#website\"},\"primaryImageOfPage\":{\"@id\":\"https:\\\/\\\/exaudi.org\\\/es\\\/4a-edicion-del-noticiero-asi-camina-la-asamblea-eclesial\\\/#primaryimage\"},\"image\":{\"@id\":\"https:\\\/\\\/exaudi.org\\\/es\\\/4a-edicion-del-noticiero-asi-camina-la-asamblea-eclesial\\\/#primaryimage\"},\"thumbnailUrl\":\"https:\\\/\\\/exaudi.org\\\/wp-content\\\/uploads\\\/2021\\\/11\\\/Asamblea-Eclesial-de-Latinoamerica-y-el-Caribe-CELAM.jpg\",\"datePublished\":\"2021-11-05T10:13:43+00:00\",\"dateModified\":\"2021-11-05T10:20:42+00:00\",\"author\":{\"@id\":\"https:\\\/\\\/exaudi.org\\\/#\\\/schema\\\/person\\\/7d2f77db033c2c0929edfab6dbe8c588\"},\"description\":\"4\u00ba edici\u00f3n de \u201cAs\u00ed camina la Asamblea Eclesial\u201d, noticiero de este evento de la Iglesia en Am\u00e9rica Latina y el Caribe\",\"breadcrumb\":{\"@id\":\"https:\\\/\\\/exaudi.org\\\/es\\\/4a-edicion-del-noticiero-asi-camina-la-asamblea-eclesial\\\/#breadcrumb\"},\"inLanguage\":\"es\",\"potentialAction\":[{\"@type\":\"ReadAction\",\"target\":[\"https:\\\/\\\/exaudi.org\\\/es\\\/4a-edicion-del-noticiero-asi-camina-la-asamblea-eclesial\\\/\"]}]},{\"@type\":\"ImageObject\",\"inLanguage\":\"es\",\"@id\":\"https:\\\/\\\/exaudi.org\\\/es\\\/4a-edicion-del-noticiero-asi-camina-la-asamblea-eclesial\\\/#primaryimage\",\"url\":\"https:\\\/\\\/exaudi.org\\\/wp-content\\\/uploads\\\/2021\\\/11\\\/Asamblea-Eclesial-de-Latinoamerica-y-el-Caribe-CELAM.jpg\",\"contentUrl\":\"https:\\\/\\\/exaudi.org\\\/wp-content\\\/uploads\\\/2021\\\/11\\\/Asamblea-Eclesial-de-Latinoamerica-y-el-Caribe-CELAM.jpg\",\"width\":825,\"height\":510,\"caption\":\"\u00a9 Asamblea Eclesial de Am\u00e9rica Latina y el Caribe\\\/ CELAM\"},{\"@type\":\"BreadcrumbList\",\"@id\":\"https:\\\/\\\/exaudi.org\\\/es\\\/4a-edicion-del-noticiero-asi-camina-la-asamblea-eclesial\\\/#breadcrumb\",\"itemListElement\":[{\"@type\":\"ListItem\",\"position\":1,\"name\":\"Portada\",\"item\":\"https:\\\/\\\/exaudi.org\\\/es\\\/\"},{\"@type\":\"ListItem\",\"position\":2,\"name\":\"4\u00aa edici\u00f3n del noticiero \u201cAs\u00ed Camina la Asamblea Eclesial\u201d\"}]},{\"@type\":\"WebSite\",\"@id\":\"https:\\\/\\\/exaudi.org\\\/#website\",\"url\":\"https:\\\/\\\/exaudi.org\\\/\",\"name\":\"Exaudi\",\"description\":\"News\",\"potentialAction\":[{\"@type\":\"SearchAction\",\"target\":{\"@type\":\"EntryPoint\",\"urlTemplate\":\"https:\\\/\\\/exaudi.org\\\/?s={search_term_string}\"},\"query-input\":{\"@type\":\"PropertyValueSpecification\",\"valueRequired\":true,\"valueName\":\"search_term_string\"}}],\"inLanguage\":\"es\"},{\"@type\":\"Person\",\"@id\":\"https:\\\/\\\/exaudi.org\\\/#\\\/schema\\\/person\\\/7d2f77db033c2c0929edfab6dbe8c588\",\"name\":\"Larissa I. L\u00f3pez\",\"image\":{\"@type\":\"ImageObject\",\"inLanguage\":\"es\",\"@id\":\"https:\\\/\\\/secure.gravatar.com\\\/avatar\\\/db3ef399ff343d0bb9d25dc5198bc8ece5ac6d621eca79876697a354dabc1e3f?s=96&d=mm&r=g\",\"url\":\"https:\\\/\\\/secure.gravatar.com\\\/avatar\\\/db3ef399ff343d0bb9d25dc5198bc8ece5ac6d621eca79876697a354dabc1e3f?s=96&d=mm&r=g\",\"contentUrl\":\"https:\\\/\\\/secure.gravatar.com\\\/avatar\\\/db3ef399ff343d0bb9d25dc5198bc8ece5ac6d621eca79876697a354dabc1e3f?s=96&d=mm&r=g\",\"caption\":\"Larissa I. L\u00f3pez\"},\"description\":\"Doctora en Comunicaci\u00f3n. Mi trayectoria profesional ha transcurrido entre el \u00e1mbito de la comunicaci\u00f3n y el de la docencia. En los \u00faltimos a\u00f1os, he trabajado como coordinadora y redactora de la edici\u00f3n de ZENIT en espa\u00f1ol. Como profesora, he impartido clases en la universidad y en centros de FP y bachillerato. Cordobesa de nacimiento, tambi\u00e9n he vivido en Sevilla, Madrid y Roma\",\"url\":\"https:\\\/\\\/exaudi.org\\\/es\\\/author\\\/llopezexaudi-org\\\/\"}]}<\/script>\n<!-- \/ Yoast SEO plugin. -->","yoast_head_json":{"title":"4\u00aa edici\u00f3n del noticiero \u201cAs\u00ed Camina la Asamblea Eclesial\u201d &#8211; Exaudi","description":"4\u00ba edici\u00f3n de \u201cAs\u00ed camina la Asamblea Eclesial\u201d, noticiero de este evento de la Iglesia en Am\u00e9rica Latina y el Caribe","robots":{"index":"index","follow":"follow","max-snippet":"max-snippet:-1","max-image-preview":"max-image-preview:large","max-video-preview":"max-video-preview:-1"},"canonical":"https:\/\/exaudi.org\/es\/4a-edicion-del-noticiero-asi-camina-la-asamblea-eclesial\/","og_locale":"es_ES","og_type":"article","og_title":"4\u00aa edici\u00f3n del noticiero \u201cAs\u00ed Camina la Asamblea Eclesial\u201d &#8211; Exaudi","og_description":"4\u00ba edici\u00f3n de \u201cAs\u00ed camina la Asamblea Eclesial\u201d, noticiero de este evento de la Iglesia en Am\u00e9rica Latina y el Caribe","og_url":"https:\/\/exaudi.org\/es\/4a-edicion-del-noticiero-asi-camina-la-asamblea-eclesial\/","og_site_name":"Exaudi","article_publisher":"https:\/\/www.facebook.com\/ExaudiNews","article_published_time":"2021-11-05T10:13:43+00:00","article_modified_time":"2021-11-05T10:20:42+00:00","og_image":[{"width":825,"height":510,"url":"https:\/\/exaudi.org\/wp-content\/uploads\/2021\/11\/Asamblea-Eclesial-de-Latinoamerica-y-el-Caribe-CELAM.jpg","type":"image\/jpeg"}],"author":"Larissa I. L\u00f3pez","twitter_card":"summary_large_image","twitter_creator":"@Exaudi_News","twitter_site":"@Exaudi_News","twitter_misc":{"Escrito por":"Larissa I. L\u00f3pez","Tiempo de lectura":"2 minutos"},"schema":{"@context":"https:\/\/schema.org","@graph":[{"@type":"Article","@id":"https:\/\/exaudi.org\/es\/4a-edicion-del-noticiero-asi-camina-la-asamblea-eclesial\/#article","isPartOf":{"@id":"https:\/\/exaudi.org\/es\/4a-edicion-del-noticiero-asi-camina-la-asamblea-eclesial\/"},"author":{"name":"Larissa I. L\u00f3pez","@id":"https:\/\/exaudi.org\/#\/schema\/person\/7d2f77db033c2c0929edfab6dbe8c588"},"headline":"4\u00aa edici\u00f3n del noticiero \u201cAs\u00ed Camina la Asamblea Eclesial\u201d","datePublished":"2021-11-05T10:13:43+00:00","dateModified":"2021-11-05T10:20:42+00:00","mainEntityOfPage":{"@id":"https:\/\/exaudi.org\/es\/4a-edicion-del-noticiero-asi-camina-la-asamblea-eclesial\/"},"wordCount":286,"commentCount":0,"image":{"@id":"https:\/\/exaudi.org\/es\/4a-edicion-del-noticiero-asi-camina-la-asamblea-eclesial\/#primaryimage"},"thumbnailUrl":"https:\/\/exaudi.org\/wp-content\/uploads\/2021\/11\/Asamblea-Eclesial-de-Latinoamerica-y-el-Caribe-CELAM.jpg","keywords":["Asamblea Eclesial de Am\u00e9rica Latina y el Caribe","As\u00ed Camina la Asamblea Eclesial","Consejo Episcopal Latinoamericano (CELAM)"],"articleSection":["Iglesia Local","\u00daltimas noticias"],"inLanguage":"es","potentialAction":[{"@type":"CommentAction","name":"Comment","target":["https:\/\/exaudi.org\/es\/4a-edicion-del-noticiero-asi-camina-la-asamblea-eclesial\/#respond"]}]},{"@type":"WebPage","@id":"https:\/\/exaudi.org\/es\/4a-edicion-del-noticiero-asi-camina-la-asamblea-eclesial\/","url":"https:\/\/exaudi.org\/es\/4a-edicion-del-noticiero-asi-camina-la-asamblea-eclesial\/","name":"4\u00aa edici\u00f3n del noticiero \u201cAs\u00ed Camina la Asamblea Eclesial\u201d &#8211; Exaudi","isPartOf":{"@id":"https:\/\/exaudi.org\/#website"},"primaryImageOfPage":{"@id":"https:\/\/exaudi.org\/es\/4a-edicion-del-noticiero-asi-camina-la-asamblea-eclesial\/#primaryimage"},"image":{"@id":"https:\/\/exaudi.org\/es\/4a-edicion-del-noticiero-asi-camina-la-asamblea-eclesial\/#primaryimage"},"thumbnailUrl":"https:\/\/exaudi.org\/wp-content\/uploads\/2021\/11\/Asamblea-Eclesial-de-Latinoamerica-y-el-Caribe-CELAM.jpg","datePublished":"2021-11-05T10:13:43+00:00","dateModified":"2021-11-05T10:20:42+00:00","author":{"@id":"https:\/\/exaudi.org\/#\/schema\/person\/7d2f77db033c2c0929edfab6dbe8c588"},"description":"4\u00ba edici\u00f3n de \u201cAs\u00ed camina la Asamblea Eclesial\u201d, noticiero de este evento de la Iglesia en Am\u00e9rica Latina y el Caribe","breadcrumb":{"@id":"https:\/\/exaudi.org\/es\/4a-edicion-del-noticiero-asi-camina-la-asamblea-eclesial\/#breadcrumb"},"inLanguage":"es","potentialAction":[{"@type":"ReadAction","target":["https:\/\/exaudi.org\/es\/4a-edicion-del-noticiero-asi-camina-la-asamblea-eclesial\/"]}]},{"@type":"ImageObject","inLanguage":"es","@id":"https:\/\/exaudi.org\/es\/4a-edicion-del-noticiero-asi-camina-la-asamblea-eclesial\/#primaryimage","url":"https:\/\/exaudi.org\/wp-content\/uploads\/2021\/11\/Asamblea-Eclesial-de-Latinoamerica-y-el-Caribe-CELAM.jpg","contentUrl":"https:\/\/exaudi.org\/wp-content\/uploads\/2021\/11\/Asamblea-Eclesial-de-Latinoamerica-y-el-Caribe-CELAM.jpg","width":825,"height":510,"caption":"\u00a9 Asamblea Eclesial de Am\u00e9rica Latina y el Caribe\/ CELAM"},{"@type":"BreadcrumbList","@id":"https:\/\/exaudi.org\/es\/4a-edicion-del-noticiero-asi-camina-la-asamblea-eclesial\/#breadcrumb","itemListElement":[{"@type":"ListItem","position":1,"name":"Portada","item":"https:\/\/exaudi.org\/es\/"},{"@type":"ListItem","position":2,"name":"4\u00aa edici\u00f3n del noticiero \u201cAs\u00ed Camina la Asamblea Eclesial\u201d"}]},{"@type":"WebSite","@id":"https:\/\/exaudi.org\/#website","url":"https:\/\/exaudi.org\/","name":"Exaudi","description":"News","potentialAction":[{"@type":"SearchAction","target":{"@type":"EntryPoint","urlTemplate":"https:\/\/exaudi.org\/?s={search_term_string}"},"query-input":{"@type":"PropertyValueSpecification","valueRequired":true,"valueName":"search_term_string"}}],"inLanguage":"es"},{"@type":"Person","@id":"https:\/\/exaudi.org\/#\/schema\/person\/7d2f77db033c2c0929edfab6dbe8c588","name":"Larissa I. L\u00f3pez","image":{"@type":"ImageObject","inLanguage":"es","@id":"https:\/\/secure.gravatar.com\/avatar\/db3ef399ff343d0bb9d25dc5198bc8ece5ac6d621eca79876697a354dabc1e3f?s=96&d=mm&r=g","url":"https:\/\/secure.gravatar.com\/avatar\/db3ef399ff343d0bb9d25dc5198bc8ece5ac6d621eca79876697a354dabc1e3f?s=96&d=mm&r=g","contentUrl":"https:\/\/secure.gravatar.com\/avatar\/db3ef399ff343d0bb9d25dc5198bc8ece5ac6d621eca79876697a354dabc1e3f?s=96&d=mm&r=g","caption":"Larissa I. L\u00f3pez"},"description":"Doctora en Comunicaci\u00f3n. Mi trayectoria profesional ha transcurrido entre el \u00e1mbito de la comunicaci\u00f3n y el de la docencia. En los \u00faltimos a\u00f1os, he trabajado como coordinadora y redactora de la edici\u00f3n de ZENIT en espa\u00f1ol. Como profesora, he impartido clases en la universidad y en centros de FP y bachillerato. Cordobesa de nacimiento, tambi\u00e9n he vivido en Sevilla, Madrid y Roma","url":"https:\/\/exaudi.org\/es\/author\/llopezexaudi-org\/"}]}},"jetpack_featured_media_url":"https:\/\/exaudi.org\/wp-content\/uploads\/2021\/11\/Asamblea-Eclesial-de-Latinoamerica-y-el-Caribe-CELAM.jpg","jetpack_shortlink":"https:\/\/wp.me\/pgKjF2-a8G","_links":{"self":[{"href":"https:\/\/exaudi.org\/es\/wp-json\/wp\/v2\/posts\/38978","targetHints":{"allow":["GET"]}}],"collection":[{"href":"https:\/\/exaudi.org\/es\/wp-json\/wp\/v2\/posts"}],"about":[{"href":"https:\/\/exaudi.org\/es\/wp-json\/wp\/v2\/types\/post"}],"author":[{"embeddable":true,"href":"https:\/\/exaudi.org\/es\/wp-json\/wp\/v2\/users\/5"}],"replies":[{"embeddable":true,"href":"https:\/\/exaudi.org\/es\/wp-json\/wp\/v2\/comments?post=38978"}],"version-history":[{"count":0,"href":"https:\/\/exaudi.org\/es\/wp-json\/wp\/v2\/posts\/38978\/revisions"}],"wp:featuredmedia":[{"embeddable":true,"href":"https:\/\/exaudi.org\/es\/wp-json\/wp\/v2\/media\/38979"}],"wp:attachment":[{"href":"https:\/\/exaudi.org\/es\/wp-json\/wp\/v2\/media?parent=38978"}],"wp:term":[{"taxonomy":"category","embeddable":true,"href":"https:\/\/exaudi.org\/es\/wp-json\/wp\/v2\/categories?post=38978"},{"taxonomy":"post_tag","embeddable":true,"href":"https:\/\/exaudi.org\/es\/wp-json\/wp\/v2\/tags?post=38978"}],"curies":[{"name":"wp","href":"https:\/\/api.w.org\/{rel}","templated":true}]}}