{"id":38652,"date":"2021-11-03T09:58:06","date_gmt":"2021-11-03T08:58:06","guid":{"rendered":"https:\/\/exaudi.wpengine.com\/?p=38652"},"modified":"2021-11-03T16:03:28","modified_gmt":"2021-11-03T15:03:28","slug":"otro-pais-con-buenos-gobernantes","status":"publish","type":"post","link":"https:\/\/exaudi.org\/es\/otro-pais-con-buenos-gobernantes\/","title":{"rendered":"Cardenal Arizmendi: Otro pa\u00eds, con buenos gobernantes"},"content":{"rendered":"<p>El\u00a0<a href=\"https:\/\/exaudi.wpengine.com\/es\/author\/felipearizmendi\/\" target=\"_blank\" rel=\"noopener\">cardenal Felipe Arizmendi Esquivel<\/a>, obispo em\u00e9rito de San Crist\u00f3bal de Las Casas y responsable de la Doctrina de la Fe en la\u00a0<a href=\"https:\/\/www.cem.org.mx\/\" target=\"_blank\" rel=\"noopener\">Conferencia del Episcopado Mexicano (CEM)<\/a>, ofrece a los lectores de Exaudi su art\u00edculo semanal titulado \u201cOtro pa\u00eds, con buenos gobernantes\u201d.<\/p>\n<p>***<\/p>\n<h4><strong>Ver<\/strong><\/h4>\n<p>Quienes gobiernan en muchos de nuestros pueblos no son las autoridades constituidas, sino grupos de extorsionadores que explotan a todo el que ellos deciden. Como amenazan con armas de alto poder a quien se resista, imponen su ley. Ellos son los que gobiernan. Nadie se atreve a poner una denuncia formal ante las instancias judiciales, porque con ello firmar\u00eda su sentencia de muerte. Y si se les informa a \u00e9stas extraoficialmente, no se nota que hagan algo para remediar la situaci\u00f3n. Parece que se sienten impotentes y est\u00e1n rebasados, pues el dominio de esos grupos se extiende m\u00e1s y m\u00e1s. No quisiera pensar que est\u00e1n coludidos. \u00a1Necesitamos mejores gobernantes, leg\u00edtimamente constituidos!<\/p>\n<p>En nuestro pa\u00eds, por primera vez, el 27 de marzo de 2022, ejerceremos el derecho a votar para que al primer mandatario se le revoque su mandato que recibi\u00f3 por seis a\u00f1os y que ya cambiemos de gobierno, o que siga el mismo. Es un paso importante en la democracia. Llama la atenci\u00f3n que los enemigos del Presidente no apoyen esa votaci\u00f3n; quiz\u00e1 porque prev\u00e9n que el resultado mayoritario har\u00eda que se sienta con m\u00e1s poder. Pero tambi\u00e9n puede pasar que sea considerable el n\u00famero de los votos contrarios y que eso le haga replantearse algunas de sus actitudes, que son cuestionables. Sin embargo, con un gobierno o con otro, podemos seguir igual o peor. Lo que importa es que, sea quien sea, el gobernante sea justo, austero, humilde, preocupado por el bien com\u00fan, sobre todo de los m\u00e1s desprotegidos; que sepa aconsejarse y pensar, en vez de decidir en forma primaria y autoritaria; que sea equilibrado, reflexivo y no se la pase ofendiendo y descalificando a medio mundo.<\/p>\n<p>En las comunidades ind\u00edgenas que no se han contaminado con las ma\u00f1as de los partidos, nadie se propone para un cargo; es la comunidad la que los selecciona, los propone y los elige, a veces contra su voluntad. Se fijan en sus cualidades, en los servicios que ha dado, y sobre todo en su amor desinteresado al pueblo. Si se corrompe y los defrauda, de inmediato convocan asamblea y lo cambian. Esa es otra forma de democracia sin partidos pol\u00edticos, muy valiosa. Los pueblos originarios tambi\u00e9n pueden aportar su experiencia y sabidur\u00eda, y no hay que menospreciarlos.<\/p>\n<h4><strong>Pensar<\/strong><\/h4>\n<p>El Papa Francisco, en su visita a nuestro pa\u00eds en febrero de 2016, dijo a los l\u00edderes pol\u00edticos y sociales en Palacio Nacional: \u201cUn futuro esperanzador se forja en un presente de hombres y mujeres justos, honestos, capaces de empen\u0303arse en el bien comu\u0301n. La experiencia nos demuestra que cada vez que buscamos el camino del privilegio o beneficio de unos pocos en detrimento del bien de todos, tarde o temprano, la vida en sociedad se vuelve un terreno fe\u0301rtil para la corrupcio\u0301n, el narcotra\u0301fico, la exclusio\u0301n de las culturas diferentes, la violencia e incluso el tra\u0301fico de personas, el secuestro y la muerte, causando sufrimiento y frenando el desarrollo.<\/p>\n<p>El pueblo mexicano afianza su esperanza en la identidad que ha sido forjada en duros y difi\u0301ciles momentos de su historia por grandes testimonios de ciudadanos que han comprendido que, para poder superar las situaciones nacidas de la cerrazo\u0301n del individualismo, era necesario el acuerdo de las Instituciones poli\u0301ticas, sociales y de mercado, y de todos los hombres y mujeres que se comprometen en la bu\u0301squeda del bien comu\u0301n y en la promocio\u0301n de la dignidad de la persona.<\/p>\n<p>Una cultura ancestral y un capital humano esperanzador, como el vuestro, tienen que ser la fuente de esti\u0301mulo para que encontremos nuevas formas de dia\u0301logo, de negociacio\u0301n, de puentes capaces de guiarnos por la senda del compromiso solidario. Un compromiso en el que todos, comenzando por los que nos llamamos cristianos, nos entreguemos a la construccio\u0301n de \u00abuna poli\u0301tica aute\u0301nticamente humana\u00bb y una sociedad en la que nadie se sienta vi\u0301ctima de la cultura del descarte.<\/p>\n<p>A los dirigentes de la vida social, cultural y poli\u0301tica, les corresponde de modo especial trabajar para ofrecer a todos los ciudadanos la oportunidad de ser dignos actores de su propio destino, en su familia y en todos los ci\u0301rculos en los que se desarrolla la sociabilidad humana, ayuda\u0301ndoles a un acceso efectivo a los bienes materiales y espirituales indispensables: vivienda adecuada, trabajo digno, alimento, justicia real, seguridad efectiva, un ambiente sano y de paz.<\/p>\n<p>Esto no es so\u0301lo un asunto de leyes que requieran de actualizaciones y mejoras \u2014siempre necesarias\u2014, sino de una urgente formacio\u0301n de la responsabilidad personal de cada uno, con pleno respeto del otro como corresponsable en la causa comu\u0301n de promover el desarrollo nacional. Es una tarea que involucra a todo el pueblo mexicano en las distintas instancias tanto pu\u0301blicas como privadas, tanto colectivas como individuales\u201d.<\/p>\n<h4><strong>Actuar<\/strong><\/h4>\n<p>Si alguien tiene un cargo p\u00fablico, ej\u00e9rzalo con justicia y amor a los dem\u00e1s. Si alguien aspira a un puesto, ed\u00faquese en el servicio permanente a la comunidad. Si no lo eligen en una votaci\u00f3n, siga desgastando su vida en bien de los dem\u00e1s; es lo que m\u00e1s lo colmar\u00e1 de satisfacci\u00f3n. Si alguien est\u00e1 siendo extorsionado, no responda con violencia o altaner\u00eda, porque los armados se sienten omnipotentes y no entienden razones. Si alguien anda metido en esos grupos, convi\u00e9rtase de coraz\u00f3n: ame a Dios y ame a su pr\u00f3jimo. Su vida dar\u00e1 un giro de 90 grados y su conciencia le permitir\u00e1 vivir y dormir tranquilo.<\/p>\n<audio class=\"wp-audio-shortcode\" id=\"audio-38652-1\" preload=\"none\" style=\"width: 100%;\" controls=\"controls\"><source type=\"audio\/mpeg\" src=\"https:\/\/exaudi.wpengine.com\/wp-content\/uploads\/2021\/11\/Articulo-3-nov..mp3?_=1\" \/><a href=\"https:\/\/exaudi.wpengine.com\/wp-content\/uploads\/2021\/11\/Articulo-3-nov..mp3\">https:\/\/exaudi.wpengine.com\/wp-content\/uploads\/2021\/11\/Articulo-3-nov..mp3<\/a><\/audio>\n","protected":false},"excerpt":{"rendered":"<p>\u201cSi alguien tiene un cargo p\u00fablico, ej\u00e9rzalo con justicia y amor a los dem\u00e1s\u201d<\/p>\n","protected":false},"author":24,"featured_media":38653,"comment_status":"open","ping_status":"open","sticky":false,"template":"","format":"standard","meta":{"_acf_changed":false,"_crdt_document":"","inline_featured_image":false,"footnotes":""},"categories":[2158,298,130],"tags":[3727,415],"class_list":["post-38652","post","type-post","status-publish","format-standard","has-post-thumbnail","hentry","category-top-ultimas-noticias","category-ultimas-noticias","category-voces","tag-cardenal-felipe-arizmendi","tag-mexico"],"acf":[],"yoast_head":"<!-- This site is optimized with the Yoast SEO plugin v27.5 - https:\/\/yoast.com\/product\/yoast-seo-wordpress\/ -->\n<title>Cardenal Arizmendi: Otro pa\u00eds, con buenos gobernantes &#8211; Exaudi<\/title>\n<meta name=\"description\" content=\"El\u00a0cardenal Arizmendi, obispo em\u00e9rito de San Crist\u00f3bal de Las Casas ofrece su art\u00edculo semanal titulado \u201cOtro pa\u00eds, con buenos gobernantes\u201d\" \/>\n<meta name=\"robots\" content=\"index, follow, max-snippet:-1, max-image-preview:large, max-video-preview:-1\" \/>\n<link rel=\"canonical\" href=\"https:\/\/exaudi.org\/es\/otro-pais-con-buenos-gobernantes\/\" \/>\n<meta property=\"og:locale\" content=\"es_ES\" \/>\n<meta property=\"og:type\" content=\"article\" \/>\n<meta property=\"og:title\" content=\"Cardenal Arizmendi: Otro pa\u00eds, con buenos gobernantes &#8211; Exaudi\" \/>\n<meta property=\"og:description\" content=\"El\u00a0cardenal Arizmendi, obispo em\u00e9rito de San Crist\u00f3bal de Las Casas ofrece su art\u00edculo semanal titulado \u201cOtro pa\u00eds, con buenos gobernantes\u201d\" \/>\n<meta property=\"og:url\" content=\"https:\/\/exaudi.org\/es\/otro-pais-con-buenos-gobernantes\/\" \/>\n<meta property=\"og:site_name\" content=\"Exaudi\" \/>\n<meta property=\"article:publisher\" content=\"https:\/\/www.facebook.com\/ExaudiNews\" \/>\n<meta property=\"article:published_time\" content=\"2021-11-03T08:58:06+00:00\" \/>\n<meta property=\"article:modified_time\" content=\"2021-11-03T15:03:28+00:00\" \/>\n<meta property=\"og:image\" content=\"https:\/\/exaudi.org\/wp-content\/uploads\/2021\/11\/pexels-oleg-magni-2058130-scaled.jpg\" \/>\n\t<meta property=\"og:image:width\" content=\"2560\" \/>\n\t<meta property=\"og:image:height\" content=\"1707\" \/>\n\t<meta property=\"og:image:type\" content=\"image\/jpeg\" \/>\n<meta name=\"author\" content=\"Cardenal Felipe Arizmendi\" \/>\n<meta name=\"twitter:card\" content=\"summary_large_image\" \/>\n<meta name=\"twitter:creator\" content=\"@Exaudi_News\" \/>\n<meta name=\"twitter:site\" content=\"@Exaudi_News\" \/>\n<meta name=\"twitter:label1\" content=\"Escrito por\" \/>\n\t<meta name=\"twitter:data1\" content=\"Cardenal Felipe Arizmendi\" \/>\n\t<meta name=\"twitter:label2\" content=\"Tiempo de lectura\" \/>\n\t<meta name=\"twitter:data2\" content=\"5 minutos\" \/>\n<script type=\"application\/ld+json\" class=\"yoast-schema-graph\">{\"@context\":\"https:\\\/\\\/schema.org\",\"@graph\":[{\"@type\":\"Article\",\"@id\":\"https:\\\/\\\/exaudi.org\\\/es\\\/otro-pais-con-buenos-gobernantes\\\/#article\",\"isPartOf\":{\"@id\":\"https:\\\/\\\/exaudi.org\\\/es\\\/otro-pais-con-buenos-gobernantes\\\/\"},\"author\":{\"name\":\"Cardenal Felipe Arizmendi\",\"@id\":\"https:\\\/\\\/exaudi.org\\\/#\\\/schema\\\/person\\\/c7d223f87e58f1105d044d8da1439102\"},\"headline\":\"Cardenal Arizmendi: Otro pa\u00eds, con buenos gobernantes\",\"datePublished\":\"2021-11-03T08:58:06+00:00\",\"dateModified\":\"2021-11-03T15:03:28+00:00\",\"mainEntityOfPage\":{\"@id\":\"https:\\\/\\\/exaudi.org\\\/es\\\/otro-pais-con-buenos-gobernantes\\\/\"},\"wordCount\":1022,\"commentCount\":0,\"image\":{\"@id\":\"https:\\\/\\\/exaudi.org\\\/es\\\/otro-pais-con-buenos-gobernantes\\\/#primaryimage\"},\"thumbnailUrl\":\"https:\\\/\\\/exaudi.org\\\/wp-content\\\/uploads\\\/2021\\\/11\\\/pexels-oleg-magni-2058130-scaled.jpg\",\"keywords\":[\"Cardenal Felipe Arizmendi\",\"M\u00e9xico\"],\"articleSection\":[\"Top Ultimas Noticias\",\"\u00daltimas noticias\",\"Voces\"],\"inLanguage\":\"es\",\"potentialAction\":[{\"@type\":\"CommentAction\",\"name\":\"Comment\",\"target\":[\"https:\\\/\\\/exaudi.org\\\/es\\\/otro-pais-con-buenos-gobernantes\\\/#respond\"]}]},{\"@type\":\"WebPage\",\"@id\":\"https:\\\/\\\/exaudi.org\\\/es\\\/otro-pais-con-buenos-gobernantes\\\/\",\"url\":\"https:\\\/\\\/exaudi.org\\\/es\\\/otro-pais-con-buenos-gobernantes\\\/\",\"name\":\"Cardenal Arizmendi: Otro pa\u00eds, con buenos gobernantes &#8211; Exaudi\",\"isPartOf\":{\"@id\":\"https:\\\/\\\/exaudi.org\\\/#website\"},\"primaryImageOfPage\":{\"@id\":\"https:\\\/\\\/exaudi.org\\\/es\\\/otro-pais-con-buenos-gobernantes\\\/#primaryimage\"},\"image\":{\"@id\":\"https:\\\/\\\/exaudi.org\\\/es\\\/otro-pais-con-buenos-gobernantes\\\/#primaryimage\"},\"thumbnailUrl\":\"https:\\\/\\\/exaudi.org\\\/wp-content\\\/uploads\\\/2021\\\/11\\\/pexels-oleg-magni-2058130-scaled.jpg\",\"datePublished\":\"2021-11-03T08:58:06+00:00\",\"dateModified\":\"2021-11-03T15:03:28+00:00\",\"author\":{\"@id\":\"https:\\\/\\\/exaudi.org\\\/#\\\/schema\\\/person\\\/c7d223f87e58f1105d044d8da1439102\"},\"description\":\"El\u00a0cardenal Arizmendi, obispo em\u00e9rito de San Crist\u00f3bal de Las Casas ofrece su art\u00edculo semanal titulado \u201cOtro pa\u00eds, con buenos gobernantes\u201d\",\"breadcrumb\":{\"@id\":\"https:\\\/\\\/exaudi.org\\\/es\\\/otro-pais-con-buenos-gobernantes\\\/#breadcrumb\"},\"inLanguage\":\"es\",\"potentialAction\":[{\"@type\":\"ReadAction\",\"target\":[\"https:\\\/\\\/exaudi.org\\\/es\\\/otro-pais-con-buenos-gobernantes\\\/\"]}]},{\"@type\":\"ImageObject\",\"inLanguage\":\"es\",\"@id\":\"https:\\\/\\\/exaudi.org\\\/es\\\/otro-pais-con-buenos-gobernantes\\\/#primaryimage\",\"url\":\"https:\\\/\\\/exaudi.org\\\/wp-content\\\/uploads\\\/2021\\\/11\\\/pexels-oleg-magni-2058130-scaled.jpg\",\"contentUrl\":\"https:\\\/\\\/exaudi.org\\\/wp-content\\\/uploads\\\/2021\\\/11\\\/pexels-oleg-magni-2058130-scaled.jpg\",\"width\":2560,\"height\":1707,\"caption\":\"Pol\u00edticos \u00a9 Pexels. Oleg Magni\"},{\"@type\":\"BreadcrumbList\",\"@id\":\"https:\\\/\\\/exaudi.org\\\/es\\\/otro-pais-con-buenos-gobernantes\\\/#breadcrumb\",\"itemListElement\":[{\"@type\":\"ListItem\",\"position\":1,\"name\":\"Portada\",\"item\":\"https:\\\/\\\/exaudi.org\\\/es\\\/\"},{\"@type\":\"ListItem\",\"position\":2,\"name\":\"Cardenal Arizmendi: Otro pa\u00eds, con buenos gobernantes\"}]},{\"@type\":\"WebSite\",\"@id\":\"https:\\\/\\\/exaudi.org\\\/#website\",\"url\":\"https:\\\/\\\/exaudi.org\\\/\",\"name\":\"Exaudi\",\"description\":\"News\",\"potentialAction\":[{\"@type\":\"SearchAction\",\"target\":{\"@type\":\"EntryPoint\",\"urlTemplate\":\"https:\\\/\\\/exaudi.org\\\/?s={search_term_string}\"},\"query-input\":{\"@type\":\"PropertyValueSpecification\",\"valueRequired\":true,\"valueName\":\"search_term_string\"}}],\"inLanguage\":\"es\"},{\"@type\":\"Person\",\"@id\":\"https:\\\/\\\/exaudi.org\\\/#\\\/schema\\\/person\\\/c7d223f87e58f1105d044d8da1439102\",\"name\":\"Cardenal Felipe Arizmendi\",\"image\":{\"@type\":\"ImageObject\",\"inLanguage\":\"es\",\"@id\":\"https:\\\/\\\/secure.gravatar.com\\\/avatar\\\/4ffc5520d896b86d39346168903de33a17ef0f23d16de0ff45062c1ff422ed2f?s=96&d=mm&r=g\",\"url\":\"https:\\\/\\\/secure.gravatar.com\\\/avatar\\\/4ffc5520d896b86d39346168903de33a17ef0f23d16de0ff45062c1ff422ed2f?s=96&d=mm&r=g\",\"contentUrl\":\"https:\\\/\\\/secure.gravatar.com\\\/avatar\\\/4ffc5520d896b86d39346168903de33a17ef0f23d16de0ff45062c1ff422ed2f?s=96&d=mm&r=g\",\"caption\":\"Cardenal Felipe Arizmendi\"},\"description\":\"Nacido en Chiltepec el 1 de mayo de 1940. Estudi\u00f3 Humanidades y Filosof\u00eda en el Seminario de Toluca, de 1952 a 1959. Curs\u00f3 la Teolog\u00eda en la Universidad Pontificia de Salamanca, Espa\u00f1a, de 1959 a 1963, obteniendo la licenciatura en Teolog\u00eda Dogm\u00e1tica. Por su cuenta, se especializ\u00f3 en Liturgia. Fue ordenado sacerdote el 25 de agosto de 1963 en Toluca. Sirvi\u00f3 como Vicario Parroquial en tres parroquias por tres a\u00f1os y medio y fue p\u00e1rroco de una comunidad ind\u00edgena otom\u00ed, de 1967 a 1970. Fue Director Espiritual del Seminario de Toluca por diez a\u00f1os, y Rector del mismo de 1981 a 1991. El 7 de marzo de 1991, fue ordenado obispo de la di\u00f3cesis de Tapachula, donde estuvo hasta el 30 de abril del a\u00f1o 2000. El 1 de mayo del 2000, inici\u00f3 su ministerio episcopal como XLVI obispo de la di\u00f3cesis de San Crist\u00f3bal de las Casas, Chiapas, una de las di\u00f3cesis m\u00e1s antiguas de M\u00e9xico, erigida en 1539; all\u00ed sirvi\u00f3 por casi 18 a\u00f1os. Ha ocupado diversos cargos en la Conferencia del Episcopado Mexicano y en el CELAM. El 3 de noviembre de 2017, el Papa Francisco le acept\u00f3, por edad, su renuncia al servicio episcopal en esta di\u00f3cesis, que entreg\u00f3 a su sucesor el 3 de enero de 2018. Desde entonces, reside en la ciudad de Toluca. Desde 1979, escribe art\u00edculos de actualidad en varios medios religiosos y civiles. Es autor de varias publicaciones.\",\"url\":\"https:\\\/\\\/exaudi.org\\\/es\\\/author\\\/felipearizmendi\\\/\"}]}<\/script>\n<!-- \/ Yoast SEO plugin. -->","yoast_head_json":{"title":"Cardenal Arizmendi: Otro pa\u00eds, con buenos gobernantes &#8211; Exaudi","description":"El\u00a0cardenal Arizmendi, obispo em\u00e9rito de San Crist\u00f3bal de Las Casas ofrece su art\u00edculo semanal titulado \u201cOtro pa\u00eds, con buenos gobernantes\u201d","robots":{"index":"index","follow":"follow","max-snippet":"max-snippet:-1","max-image-preview":"max-image-preview:large","max-video-preview":"max-video-preview:-1"},"canonical":"https:\/\/exaudi.org\/es\/otro-pais-con-buenos-gobernantes\/","og_locale":"es_ES","og_type":"article","og_title":"Cardenal Arizmendi: Otro pa\u00eds, con buenos gobernantes &#8211; Exaudi","og_description":"El\u00a0cardenal Arizmendi, obispo em\u00e9rito de San Crist\u00f3bal de Las Casas ofrece su art\u00edculo semanal titulado \u201cOtro pa\u00eds, con buenos gobernantes\u201d","og_url":"https:\/\/exaudi.org\/es\/otro-pais-con-buenos-gobernantes\/","og_site_name":"Exaudi","article_publisher":"https:\/\/www.facebook.com\/ExaudiNews","article_published_time":"2021-11-03T08:58:06+00:00","article_modified_time":"2021-11-03T15:03:28+00:00","og_image":[{"width":2560,"height":1707,"url":"https:\/\/exaudi.org\/wp-content\/uploads\/2021\/11\/pexels-oleg-magni-2058130-scaled.jpg","type":"image\/jpeg"}],"author":"Cardenal Felipe Arizmendi","twitter_card":"summary_large_image","twitter_creator":"@Exaudi_News","twitter_site":"@Exaudi_News","twitter_misc":{"Escrito por":"Cardenal Felipe Arizmendi","Tiempo de lectura":"5 minutos"},"schema":{"@context":"https:\/\/schema.org","@graph":[{"@type":"Article","@id":"https:\/\/exaudi.org\/es\/otro-pais-con-buenos-gobernantes\/#article","isPartOf":{"@id":"https:\/\/exaudi.org\/es\/otro-pais-con-buenos-gobernantes\/"},"author":{"name":"Cardenal Felipe Arizmendi","@id":"https:\/\/exaudi.org\/#\/schema\/person\/c7d223f87e58f1105d044d8da1439102"},"headline":"Cardenal Arizmendi: Otro pa\u00eds, con buenos gobernantes","datePublished":"2021-11-03T08:58:06+00:00","dateModified":"2021-11-03T15:03:28+00:00","mainEntityOfPage":{"@id":"https:\/\/exaudi.org\/es\/otro-pais-con-buenos-gobernantes\/"},"wordCount":1022,"commentCount":0,"image":{"@id":"https:\/\/exaudi.org\/es\/otro-pais-con-buenos-gobernantes\/#primaryimage"},"thumbnailUrl":"https:\/\/exaudi.org\/wp-content\/uploads\/2021\/11\/pexels-oleg-magni-2058130-scaled.jpg","keywords":["Cardenal Felipe Arizmendi","M\u00e9xico"],"articleSection":["Top Ultimas Noticias","\u00daltimas noticias","Voces"],"inLanguage":"es","potentialAction":[{"@type":"CommentAction","name":"Comment","target":["https:\/\/exaudi.org\/es\/otro-pais-con-buenos-gobernantes\/#respond"]}]},{"@type":"WebPage","@id":"https:\/\/exaudi.org\/es\/otro-pais-con-buenos-gobernantes\/","url":"https:\/\/exaudi.org\/es\/otro-pais-con-buenos-gobernantes\/","name":"Cardenal Arizmendi: Otro pa\u00eds, con buenos gobernantes &#8211; Exaudi","isPartOf":{"@id":"https:\/\/exaudi.org\/#website"},"primaryImageOfPage":{"@id":"https:\/\/exaudi.org\/es\/otro-pais-con-buenos-gobernantes\/#primaryimage"},"image":{"@id":"https:\/\/exaudi.org\/es\/otro-pais-con-buenos-gobernantes\/#primaryimage"},"thumbnailUrl":"https:\/\/exaudi.org\/wp-content\/uploads\/2021\/11\/pexels-oleg-magni-2058130-scaled.jpg","datePublished":"2021-11-03T08:58:06+00:00","dateModified":"2021-11-03T15:03:28+00:00","author":{"@id":"https:\/\/exaudi.org\/#\/schema\/person\/c7d223f87e58f1105d044d8da1439102"},"description":"El\u00a0cardenal Arizmendi, obispo em\u00e9rito de San Crist\u00f3bal de Las Casas ofrece su art\u00edculo semanal titulado \u201cOtro pa\u00eds, con buenos gobernantes\u201d","breadcrumb":{"@id":"https:\/\/exaudi.org\/es\/otro-pais-con-buenos-gobernantes\/#breadcrumb"},"inLanguage":"es","potentialAction":[{"@type":"ReadAction","target":["https:\/\/exaudi.org\/es\/otro-pais-con-buenos-gobernantes\/"]}]},{"@type":"ImageObject","inLanguage":"es","@id":"https:\/\/exaudi.org\/es\/otro-pais-con-buenos-gobernantes\/#primaryimage","url":"https:\/\/exaudi.org\/wp-content\/uploads\/2021\/11\/pexels-oleg-magni-2058130-scaled.jpg","contentUrl":"https:\/\/exaudi.org\/wp-content\/uploads\/2021\/11\/pexels-oleg-magni-2058130-scaled.jpg","width":2560,"height":1707,"caption":"Pol\u00edticos \u00a9 Pexels. Oleg Magni"},{"@type":"BreadcrumbList","@id":"https:\/\/exaudi.org\/es\/otro-pais-con-buenos-gobernantes\/#breadcrumb","itemListElement":[{"@type":"ListItem","position":1,"name":"Portada","item":"https:\/\/exaudi.org\/es\/"},{"@type":"ListItem","position":2,"name":"Cardenal Arizmendi: Otro pa\u00eds, con buenos gobernantes"}]},{"@type":"WebSite","@id":"https:\/\/exaudi.org\/#website","url":"https:\/\/exaudi.org\/","name":"Exaudi","description":"News","potentialAction":[{"@type":"SearchAction","target":{"@type":"EntryPoint","urlTemplate":"https:\/\/exaudi.org\/?s={search_term_string}"},"query-input":{"@type":"PropertyValueSpecification","valueRequired":true,"valueName":"search_term_string"}}],"inLanguage":"es"},{"@type":"Person","@id":"https:\/\/exaudi.org\/#\/schema\/person\/c7d223f87e58f1105d044d8da1439102","name":"Cardenal Felipe Arizmendi","image":{"@type":"ImageObject","inLanguage":"es","@id":"https:\/\/secure.gravatar.com\/avatar\/4ffc5520d896b86d39346168903de33a17ef0f23d16de0ff45062c1ff422ed2f?s=96&d=mm&r=g","url":"https:\/\/secure.gravatar.com\/avatar\/4ffc5520d896b86d39346168903de33a17ef0f23d16de0ff45062c1ff422ed2f?s=96&d=mm&r=g","contentUrl":"https:\/\/secure.gravatar.com\/avatar\/4ffc5520d896b86d39346168903de33a17ef0f23d16de0ff45062c1ff422ed2f?s=96&d=mm&r=g","caption":"Cardenal Felipe Arizmendi"},"description":"Nacido en Chiltepec el 1 de mayo de 1940. Estudi\u00f3 Humanidades y Filosof\u00eda en el Seminario de Toluca, de 1952 a 1959. Curs\u00f3 la Teolog\u00eda en la Universidad Pontificia de Salamanca, Espa\u00f1a, de 1959 a 1963, obteniendo la licenciatura en Teolog\u00eda Dogm\u00e1tica. Por su cuenta, se especializ\u00f3 en Liturgia. Fue ordenado sacerdote el 25 de agosto de 1963 en Toluca. Sirvi\u00f3 como Vicario Parroquial en tres parroquias por tres a\u00f1os y medio y fue p\u00e1rroco de una comunidad ind\u00edgena otom\u00ed, de 1967 a 1970. Fue Director Espiritual del Seminario de Toluca por diez a\u00f1os, y Rector del mismo de 1981 a 1991. El 7 de marzo de 1991, fue ordenado obispo de la di\u00f3cesis de Tapachula, donde estuvo hasta el 30 de abril del a\u00f1o 2000. El 1 de mayo del 2000, inici\u00f3 su ministerio episcopal como XLVI obispo de la di\u00f3cesis de San Crist\u00f3bal de las Casas, Chiapas, una de las di\u00f3cesis m\u00e1s antiguas de M\u00e9xico, erigida en 1539; all\u00ed sirvi\u00f3 por casi 18 a\u00f1os. Ha ocupado diversos cargos en la Conferencia del Episcopado Mexicano y en el CELAM. El 3 de noviembre de 2017, el Papa Francisco le acept\u00f3, por edad, su renuncia al servicio episcopal en esta di\u00f3cesis, que entreg\u00f3 a su sucesor el 3 de enero de 2018. Desde entonces, reside en la ciudad de Toluca. Desde 1979, escribe art\u00edculos de actualidad en varios medios religiosos y civiles. Es autor de varias publicaciones.","url":"https:\/\/exaudi.org\/es\/author\/felipearizmendi\/"}]}},"jetpack_featured_media_url":"https:\/\/exaudi.org\/wp-content\/uploads\/2021\/11\/pexels-oleg-magni-2058130-scaled.jpg","jetpack_shortlink":"https:\/\/wp.me\/pgKjF2-a3q","_links":{"self":[{"href":"https:\/\/exaudi.org\/es\/wp-json\/wp\/v2\/posts\/38652","targetHints":{"allow":["GET"]}}],"collection":[{"href":"https:\/\/exaudi.org\/es\/wp-json\/wp\/v2\/posts"}],"about":[{"href":"https:\/\/exaudi.org\/es\/wp-json\/wp\/v2\/types\/post"}],"author":[{"embeddable":true,"href":"https:\/\/exaudi.org\/es\/wp-json\/wp\/v2\/users\/24"}],"replies":[{"embeddable":true,"href":"https:\/\/exaudi.org\/es\/wp-json\/wp\/v2\/comments?post=38652"}],"version-history":[{"count":0,"href":"https:\/\/exaudi.org\/es\/wp-json\/wp\/v2\/posts\/38652\/revisions"}],"wp:featuredmedia":[{"embeddable":true,"href":"https:\/\/exaudi.org\/es\/wp-json\/wp\/v2\/media\/38653"}],"wp:attachment":[{"href":"https:\/\/exaudi.org\/es\/wp-json\/wp\/v2\/media?parent=38652"}],"wp:term":[{"taxonomy":"category","embeddable":true,"href":"https:\/\/exaudi.org\/es\/wp-json\/wp\/v2\/categories?post=38652"},{"taxonomy":"post_tag","embeddable":true,"href":"https:\/\/exaudi.org\/es\/wp-json\/wp\/v2\/tags?post=38652"}],"curies":[{"name":"wp","href":"https:\/\/api.w.org\/{rel}","templated":true}]}}