{"id":38647,"date":"2021-11-03T09:43:20","date_gmt":"2021-11-03T08:43:20","guid":{"rendered":"https:\/\/exaudi.wpengine.com\/?p=38647"},"modified":"2021-11-04T09:36:30","modified_gmt":"2021-11-04T08:36:30","slug":"el-papa-pide-a-la-cop26-que-actue-sobre-el-cambio-climatico","status":"publish","type":"post","link":"https:\/\/exaudi.org\/es\/el-papa-pide-a-la-cop26-que-actue-sobre-el-cambio-climatico\/","title":{"rendered":"El Papa pide a la COP26 que act\u00fae sobre el cambio clim\u00e1tico"},"content":{"rendered":"<p>Ayer, 2 de noviembre de 2021, el Papa Francisco hizo un llamamiento a los participantes en la <a href=\"https:\/\/ukcop26.org\/\" target=\"_blank\" rel=\"noopener\">COP26<\/a> para que act\u00faen contra el cambio clim\u00e1tico.<\/p>\n<p>El llamamiento del Santo Padre lleg\u00f3 en un mensaje enviado a Alok Sharma, presidente de la COP26, en la 26\u00aa Sesi\u00f3n de la Conferencia de las Partes de la Convenci\u00f3n Marco de las Naciones Unidas sobre el Cambio Clim\u00e1tico (COP26), que se celebra en Glasgow del 31 de octubre al 12 de noviembre de 2021. El texto fue le\u00eddo por el secretario de Estado, el <a href=\"https:\/\/exaudi.wpengine.com\/es\/cardenal-parolin-cop26-representacion-santa-sede\/\" target=\"_blank\" rel=\"noopener\">cardenal Pietro Parolin<\/a>, jefe de la Delegaci\u00f3n de la Santa Sede.<\/p>\n<p>\u201cAl comenzar la Conferencia de Glasgow, todos somos conscientes de que tiene la tarea vital de demostrar a toda la comunidad internacional si realmente existe la voluntad pol\u00edtica de dedicar -con honestidad, responsabilidad y valent\u00eda- mayores recursos humanos, financieros y tecnol\u00f3gicos para mitigar los efectos negativos del cambio clim\u00e1tico y ayudar a las naciones m\u00e1s pobres y vulnerables que se ven afectadas por \u00e9l\u201d, dijo el Papa. \u201cAl mismo tiempo, nos damos cuenta de que esta tarea tiene que llevarse a cabo en medio de una pandemia que durante casi dos a\u00f1os ha devastado a nuestra familia humana\u201d.<\/p>\n<p>\u201cLa COVID-19 ha tra\u00eddo a su paso inmensas tragedias, pero tambi\u00e9n nos ha ense\u00f1ado que, si queremos conseguir superar la pandemia, no hay otra alternativa: todos debemos participar en la respuesta a este desaf\u00edo. Y eso, como sabemos, exige una profunda solidaridad y una cooperaci\u00f3n fraterna entre los pueblos del mundo\u201d.<\/p>\n<p>Francisco no escatim\u00f3 palabras al describir el car\u00e1cter \u201cde \u00e9poca\u201d de este momento de la historia. Subray\u00f3 que al mundo se le est\u00e1 acabando el tiempo para hacer frente al cambio clim\u00e1tico.<\/p>\n<p>\u201cLas heridas infligidas a nuestra familia humana por la pandemia de la COVID-19 y el fen\u00f3meno del cambio clim\u00e1tico son comparables a las resultantes de un conflicto mundial\u201d, describe el Pont\u00edfice. \u201cHoy, como despu\u00e9s de la II Guerra Mundial, la comunidad internacional en su conjunto necesita establecer como prioridad la implementaci\u00f3n de acciones colegiadas, solitarias y con visi\u00f3n de futuro\u201d.<\/p>\n<p>\u201cNecesitamos tanto esperanza como valor. La humanidad posee los medios para realizar este cambio, que exige una aut\u00e9ntica conversi\u00f3n, tanto individual como comunitaria, y una voluntad decidida de emprender este camino\u201d.<\/p>\n<p>Reflejando su preocupaci\u00f3n, tantas veces manifestada, por los pobres y las personas de las periferias, el Sucesor de Pedro subray\u00f3 la necesidad de atender especialmente a los m\u00e1s vulnerables. Se\u00f1al\u00f3 la \u201cdeuda ecol\u00f3gica\u201d creada por el uso desequilibrado de los recursos naturales por parte de los pa\u00edses desarrollados.<\/p>\n<p>\u201cLa &#8216;deuda ecol\u00f3gica&#8217; plantea en cierto modo la cuesti\u00f3n de la deuda externa, cuyo peso a menudo obstaculiza el desarrollo de los pueblos\u201d, dijo. \u201cEl mundo post-pand\u00e9mico puede y debe partir de la consideraci\u00f3n de todos estos aspectos, junto con la puesta en marcha de procedimientos cuidadosamente negociados de condonaci\u00f3n de la deuda externa, vinculados a una reestructuraci\u00f3n econ\u00f3mica m\u00e1s sostenible y justa, destinada a hacer frente a la emergencia clim\u00e1tica.\u201d<\/p>\n<p>El Papa Francisco concluy\u00f3 ofreciendo su preocupaci\u00f3n por los j\u00f3venes y el mundo que heredar\u00e1n: \u201cLos j\u00f3venes, que en los \u00faltimos a\u00f1os nos han instado con fuerza a actuar, s\u00f3lo heredar\u00e1n el planeta que decidamos dejarles, en funci\u00f3n de las opciones concretas que hagamos hoy. Ahora es el momento de tomar decisiones que puedan darles motivos de esperanza y confianza en el futuro\u201d.<\/p>\n","protected":false},"excerpt":{"rendered":"<p>\u00bfTiene la comunidad internacional \u201chonestidad, responsabilidad y valor\u201d para actuar?<\/p>\n","protected":false},"author":4,"featured_media":38648,"comment_status":"open","ping_status":"open","sticky":false,"template":"","format":"standard","meta":{"_acf_changed":false,"_crdt_document":"","inline_featured_image":false,"footnotes":""},"categories":[118,298],"tags":[2142,1187,2916,158],"class_list":["post-38647","post","type-post","status-publish","format-standard","has-post-thumbnail","hentry","category-mensajes","category-ultimas-noticias","tag-cambio-climatico","tag-cardenal-pietro-parolin","tag-cop26-es","tag-papa-francisco"],"acf":[],"yoast_head":"<!-- This site is optimized with the Yoast SEO plugin v27.4 - https:\/\/yoast.com\/product\/yoast-seo-wordpress\/ -->\n<title>El Papa pide a la COP26 que act\u00fae sobre el cambio clim\u00e1tico &#8211; Exaudi<\/title>\n<meta name=\"description\" content=\"El 2 de noviembre de 2021, el Papa Francisco hizo un llamamiento a los participantes en la COP26 para que act\u00faen contra el cambio clim\u00e1tico\" \/>\n<meta name=\"robots\" content=\"index, follow, max-snippet:-1, max-image-preview:large, max-video-preview:-1\" \/>\n<link rel=\"canonical\" href=\"https:\/\/exaudi.org\/es\/el-papa-pide-a-la-cop26-que-actue-sobre-el-cambio-climatico\/\" \/>\n<meta property=\"og:locale\" content=\"es_ES\" \/>\n<meta property=\"og:type\" content=\"article\" \/>\n<meta property=\"og:title\" content=\"El Papa pide a la COP26 que act\u00fae sobre el cambio clim\u00e1tico &#8211; Exaudi\" \/>\n<meta property=\"og:description\" content=\"El 2 de noviembre de 2021, el Papa Francisco hizo un llamamiento a los participantes en la COP26 para que act\u00faen contra el cambio clim\u00e1tico\" \/>\n<meta property=\"og:url\" content=\"https:\/\/exaudi.org\/es\/el-papa-pide-a-la-cop26-que-actue-sobre-el-cambio-climatico\/\" \/>\n<meta property=\"og:site_name\" content=\"Exaudi\" \/>\n<meta property=\"article:publisher\" content=\"https:\/\/www.facebook.com\/ExaudiNews\" \/>\n<meta property=\"article:published_time\" content=\"2021-11-03T08:43:20+00:00\" \/>\n<meta property=\"article:modified_time\" content=\"2021-11-04T08:36:30+00:00\" \/>\n<meta property=\"og:image\" content=\"https:\/\/exaudi.org\/wp-content\/uploads\/2021\/11\/Intervencion-del-cardenal-Parolin-en-la-COP26.jpeg\" \/>\n\t<meta property=\"og:image:width\" content=\"1500\" \/>\n\t<meta property=\"og:image:height\" content=\"844\" \/>\n\t<meta property=\"og:image:type\" content=\"image\/jpeg\" \/>\n<meta name=\"author\" content=\"Jim Fair\" \/>\n<meta name=\"twitter:card\" content=\"summary_large_image\" \/>\n<meta name=\"twitter:creator\" content=\"@Exaudi_News\" \/>\n<meta name=\"twitter:site\" content=\"@Exaudi_News\" \/>\n<meta name=\"twitter:label1\" content=\"Escrito por\" \/>\n\t<meta name=\"twitter:data1\" content=\"Jim Fair\" \/>\n\t<meta name=\"twitter:label2\" content=\"Tiempo de lectura\" \/>\n\t<meta name=\"twitter:data2\" content=\"3 minutos\" \/>\n<script type=\"application\/ld+json\" class=\"yoast-schema-graph\">{\"@context\":\"https:\\\/\\\/schema.org\",\"@graph\":[{\"@type\":\"Article\",\"@id\":\"https:\\\/\\\/exaudi.org\\\/es\\\/el-papa-pide-a-la-cop26-que-actue-sobre-el-cambio-climatico\\\/#article\",\"isPartOf\":{\"@id\":\"https:\\\/\\\/exaudi.org\\\/es\\\/el-papa-pide-a-la-cop26-que-actue-sobre-el-cambio-climatico\\\/\"},\"author\":{\"name\":\"Jim Fair\",\"@id\":\"https:\\\/\\\/exaudi.org\\\/#\\\/schema\\\/person\\\/010bdf0d65f801cd06f263d9b37ae0f4\"},\"headline\":\"El Papa pide a la COP26 que act\u00fae sobre el cambio clim\u00e1tico\",\"datePublished\":\"2021-11-03T08:43:20+00:00\",\"dateModified\":\"2021-11-04T08:36:30+00:00\",\"mainEntityOfPage\":{\"@id\":\"https:\\\/\\\/exaudi.org\\\/es\\\/el-papa-pide-a-la-cop26-que-actue-sobre-el-cambio-climatico\\\/\"},\"wordCount\":613,\"commentCount\":0,\"image\":{\"@id\":\"https:\\\/\\\/exaudi.org\\\/es\\\/el-papa-pide-a-la-cop26-que-actue-sobre-el-cambio-climatico\\\/#primaryimage\"},\"thumbnailUrl\":\"https:\\\/\\\/exaudi.org\\\/wp-content\\\/uploads\\\/2021\\\/11\\\/Intervencion-del-cardenal-Parolin-en-la-COP26.jpeg\",\"keywords\":[\"Cambio clim\u00e1tico\",\"Cardenal Pietro Parolin\",\"cop26\",\"papa francisco\"],\"articleSection\":[\"Mensajes\",\"\u00daltimas noticias\"],\"inLanguage\":\"es\",\"potentialAction\":[{\"@type\":\"CommentAction\",\"name\":\"Comment\",\"target\":[\"https:\\\/\\\/exaudi.org\\\/es\\\/el-papa-pide-a-la-cop26-que-actue-sobre-el-cambio-climatico\\\/#respond\"]}]},{\"@type\":\"WebPage\",\"@id\":\"https:\\\/\\\/exaudi.org\\\/es\\\/el-papa-pide-a-la-cop26-que-actue-sobre-el-cambio-climatico\\\/\",\"url\":\"https:\\\/\\\/exaudi.org\\\/es\\\/el-papa-pide-a-la-cop26-que-actue-sobre-el-cambio-climatico\\\/\",\"name\":\"El Papa pide a la COP26 que act\u00fae sobre el cambio clim\u00e1tico &#8211; Exaudi\",\"isPartOf\":{\"@id\":\"https:\\\/\\\/exaudi.org\\\/#website\"},\"primaryImageOfPage\":{\"@id\":\"https:\\\/\\\/exaudi.org\\\/es\\\/el-papa-pide-a-la-cop26-que-actue-sobre-el-cambio-climatico\\\/#primaryimage\"},\"image\":{\"@id\":\"https:\\\/\\\/exaudi.org\\\/es\\\/el-papa-pide-a-la-cop26-que-actue-sobre-el-cambio-climatico\\\/#primaryimage\"},\"thumbnailUrl\":\"https:\\\/\\\/exaudi.org\\\/wp-content\\\/uploads\\\/2021\\\/11\\\/Intervencion-del-cardenal-Parolin-en-la-COP26.jpeg\",\"datePublished\":\"2021-11-03T08:43:20+00:00\",\"dateModified\":\"2021-11-04T08:36:30+00:00\",\"author\":{\"@id\":\"https:\\\/\\\/exaudi.org\\\/#\\\/schema\\\/person\\\/010bdf0d65f801cd06f263d9b37ae0f4\"},\"description\":\"El 2 de noviembre de 2021, el Papa Francisco hizo un llamamiento a los participantes en la COP26 para que act\u00faen contra el cambio clim\u00e1tico\",\"breadcrumb\":{\"@id\":\"https:\\\/\\\/exaudi.org\\\/es\\\/el-papa-pide-a-la-cop26-que-actue-sobre-el-cambio-climatico\\\/#breadcrumb\"},\"inLanguage\":\"es\",\"potentialAction\":[{\"@type\":\"ReadAction\",\"target\":[\"https:\\\/\\\/exaudi.org\\\/es\\\/el-papa-pide-a-la-cop26-que-actue-sobre-el-cambio-climatico\\\/\"]}]},{\"@type\":\"ImageObject\",\"inLanguage\":\"es\",\"@id\":\"https:\\\/\\\/exaudi.org\\\/es\\\/el-papa-pide-a-la-cop26-que-actue-sobre-el-cambio-climatico\\\/#primaryimage\",\"url\":\"https:\\\/\\\/exaudi.org\\\/wp-content\\\/uploads\\\/2021\\\/11\\\/Intervencion-del-cardenal-Parolin-en-la-COP26.jpeg\",\"contentUrl\":\"https:\\\/\\\/exaudi.org\\\/wp-content\\\/uploads\\\/2021\\\/11\\\/Intervencion-del-cardenal-Parolin-en-la-COP26.jpeg\",\"width\":1500,\"height\":844,\"caption\":\"Intervenci\u00f3n del cardenal Parolin en la COP26 \u00a9 Vatican Media\"},{\"@type\":\"BreadcrumbList\",\"@id\":\"https:\\\/\\\/exaudi.org\\\/es\\\/el-papa-pide-a-la-cop26-que-actue-sobre-el-cambio-climatico\\\/#breadcrumb\",\"itemListElement\":[{\"@type\":\"ListItem\",\"position\":1,\"name\":\"Portada\",\"item\":\"https:\\\/\\\/exaudi.org\\\/es\\\/\"},{\"@type\":\"ListItem\",\"position\":2,\"name\":\"El Papa pide a la COP26 que act\u00fae sobre el cambio clim\u00e1tico\"}]},{\"@type\":\"WebSite\",\"@id\":\"https:\\\/\\\/exaudi.org\\\/#website\",\"url\":\"https:\\\/\\\/exaudi.org\\\/\",\"name\":\"Exaudi\",\"description\":\"News\",\"potentialAction\":[{\"@type\":\"SearchAction\",\"target\":{\"@type\":\"EntryPoint\",\"urlTemplate\":\"https:\\\/\\\/exaudi.org\\\/?s={search_term_string}\"},\"query-input\":{\"@type\":\"PropertyValueSpecification\",\"valueRequired\":true,\"valueName\":\"search_term_string\"}}],\"inLanguage\":\"es\"},{\"@type\":\"Person\",\"@id\":\"https:\\\/\\\/exaudi.org\\\/#\\\/schema\\\/person\\\/010bdf0d65f801cd06f263d9b37ae0f4\",\"name\":\"Jim Fair\",\"image\":{\"@type\":\"ImageObject\",\"inLanguage\":\"es\",\"@id\":\"https:\\\/\\\/secure.gravatar.com\\\/avatar\\\/d9e9a2d31abad3e51c5d8f0279fc9b21b66199b8a85886455445ed562fd46934?s=96&d=mm&r=g\",\"url\":\"https:\\\/\\\/secure.gravatar.com\\\/avatar\\\/d9e9a2d31abad3e51c5d8f0279fc9b21b66199b8a85886455445ed562fd46934?s=96&d=mm&r=g\",\"contentUrl\":\"https:\\\/\\\/secure.gravatar.com\\\/avatar\\\/d9e9a2d31abad3e51c5d8f0279fc9b21b66199b8a85886455445ed562fd46934?s=96&d=mm&r=g\",\"caption\":\"Jim Fair\"},\"description\":\"Jim Fair has spent the past two decades as a communicator for Catholic organizations. He is a convert to the Catholic faith and is grateful to his wife, Charmaine, for her continuing efforts to save his soul. They have a son and daughter, both happily married, and four grandchildren. Before devoting his life full-time to things Catholic, Jim enjoyed a 23-year career in various communications roles for large corporations. Before that, he worked as a newspaper reporter, photographer, and editor. He has served as president of the Chicago Public Relations Forum, chairman of the American Petroleum Institute General Committee on Communications, and a fellow of Greater Leadership Chicago. He was a member of the founding committee of the chemical industry\u2019s Responsible Care Program. Jim is an active member of St. John Vianney Parish in Northlake, Illinois, where he chairs the finance council.\",\"url\":\"https:\\\/\\\/exaudi.org\\\/es\\\/author\\\/jfairexaudi-org\\\/\"}]}<\/script>\n<!-- \/ Yoast SEO plugin. -->","yoast_head_json":{"title":"El Papa pide a la COP26 que act\u00fae sobre el cambio clim\u00e1tico &#8211; Exaudi","description":"El 2 de noviembre de 2021, el Papa Francisco hizo un llamamiento a los participantes en la COP26 para que act\u00faen contra el cambio clim\u00e1tico","robots":{"index":"index","follow":"follow","max-snippet":"max-snippet:-1","max-image-preview":"max-image-preview:large","max-video-preview":"max-video-preview:-1"},"canonical":"https:\/\/exaudi.org\/es\/el-papa-pide-a-la-cop26-que-actue-sobre-el-cambio-climatico\/","og_locale":"es_ES","og_type":"article","og_title":"El Papa pide a la COP26 que act\u00fae sobre el cambio clim\u00e1tico &#8211; Exaudi","og_description":"El 2 de noviembre de 2021, el Papa Francisco hizo un llamamiento a los participantes en la COP26 para que act\u00faen contra el cambio clim\u00e1tico","og_url":"https:\/\/exaudi.org\/es\/el-papa-pide-a-la-cop26-que-actue-sobre-el-cambio-climatico\/","og_site_name":"Exaudi","article_publisher":"https:\/\/www.facebook.com\/ExaudiNews","article_published_time":"2021-11-03T08:43:20+00:00","article_modified_time":"2021-11-04T08:36:30+00:00","og_image":[{"width":1500,"height":844,"url":"https:\/\/exaudi.org\/wp-content\/uploads\/2021\/11\/Intervencion-del-cardenal-Parolin-en-la-COP26.jpeg","type":"image\/jpeg"}],"author":"Jim Fair","twitter_card":"summary_large_image","twitter_creator":"@Exaudi_News","twitter_site":"@Exaudi_News","twitter_misc":{"Escrito por":"Jim Fair","Tiempo de lectura":"3 minutos"},"schema":{"@context":"https:\/\/schema.org","@graph":[{"@type":"Article","@id":"https:\/\/exaudi.org\/es\/el-papa-pide-a-la-cop26-que-actue-sobre-el-cambio-climatico\/#article","isPartOf":{"@id":"https:\/\/exaudi.org\/es\/el-papa-pide-a-la-cop26-que-actue-sobre-el-cambio-climatico\/"},"author":{"name":"Jim Fair","@id":"https:\/\/exaudi.org\/#\/schema\/person\/010bdf0d65f801cd06f263d9b37ae0f4"},"headline":"El Papa pide a la COP26 que act\u00fae sobre el cambio clim\u00e1tico","datePublished":"2021-11-03T08:43:20+00:00","dateModified":"2021-11-04T08:36:30+00:00","mainEntityOfPage":{"@id":"https:\/\/exaudi.org\/es\/el-papa-pide-a-la-cop26-que-actue-sobre-el-cambio-climatico\/"},"wordCount":613,"commentCount":0,"image":{"@id":"https:\/\/exaudi.org\/es\/el-papa-pide-a-la-cop26-que-actue-sobre-el-cambio-climatico\/#primaryimage"},"thumbnailUrl":"https:\/\/exaudi.org\/wp-content\/uploads\/2021\/11\/Intervencion-del-cardenal-Parolin-en-la-COP26.jpeg","keywords":["Cambio clim\u00e1tico","Cardenal Pietro Parolin","cop26","papa francisco"],"articleSection":["Mensajes","\u00daltimas noticias"],"inLanguage":"es","potentialAction":[{"@type":"CommentAction","name":"Comment","target":["https:\/\/exaudi.org\/es\/el-papa-pide-a-la-cop26-que-actue-sobre-el-cambio-climatico\/#respond"]}]},{"@type":"WebPage","@id":"https:\/\/exaudi.org\/es\/el-papa-pide-a-la-cop26-que-actue-sobre-el-cambio-climatico\/","url":"https:\/\/exaudi.org\/es\/el-papa-pide-a-la-cop26-que-actue-sobre-el-cambio-climatico\/","name":"El Papa pide a la COP26 que act\u00fae sobre el cambio clim\u00e1tico &#8211; Exaudi","isPartOf":{"@id":"https:\/\/exaudi.org\/#website"},"primaryImageOfPage":{"@id":"https:\/\/exaudi.org\/es\/el-papa-pide-a-la-cop26-que-actue-sobre-el-cambio-climatico\/#primaryimage"},"image":{"@id":"https:\/\/exaudi.org\/es\/el-papa-pide-a-la-cop26-que-actue-sobre-el-cambio-climatico\/#primaryimage"},"thumbnailUrl":"https:\/\/exaudi.org\/wp-content\/uploads\/2021\/11\/Intervencion-del-cardenal-Parolin-en-la-COP26.jpeg","datePublished":"2021-11-03T08:43:20+00:00","dateModified":"2021-11-04T08:36:30+00:00","author":{"@id":"https:\/\/exaudi.org\/#\/schema\/person\/010bdf0d65f801cd06f263d9b37ae0f4"},"description":"El 2 de noviembre de 2021, el Papa Francisco hizo un llamamiento a los participantes en la COP26 para que act\u00faen contra el cambio clim\u00e1tico","breadcrumb":{"@id":"https:\/\/exaudi.org\/es\/el-papa-pide-a-la-cop26-que-actue-sobre-el-cambio-climatico\/#breadcrumb"},"inLanguage":"es","potentialAction":[{"@type":"ReadAction","target":["https:\/\/exaudi.org\/es\/el-papa-pide-a-la-cop26-que-actue-sobre-el-cambio-climatico\/"]}]},{"@type":"ImageObject","inLanguage":"es","@id":"https:\/\/exaudi.org\/es\/el-papa-pide-a-la-cop26-que-actue-sobre-el-cambio-climatico\/#primaryimage","url":"https:\/\/exaudi.org\/wp-content\/uploads\/2021\/11\/Intervencion-del-cardenal-Parolin-en-la-COP26.jpeg","contentUrl":"https:\/\/exaudi.org\/wp-content\/uploads\/2021\/11\/Intervencion-del-cardenal-Parolin-en-la-COP26.jpeg","width":1500,"height":844,"caption":"Intervenci\u00f3n del cardenal Parolin en la COP26 \u00a9 Vatican Media"},{"@type":"BreadcrumbList","@id":"https:\/\/exaudi.org\/es\/el-papa-pide-a-la-cop26-que-actue-sobre-el-cambio-climatico\/#breadcrumb","itemListElement":[{"@type":"ListItem","position":1,"name":"Portada","item":"https:\/\/exaudi.org\/es\/"},{"@type":"ListItem","position":2,"name":"El Papa pide a la COP26 que act\u00fae sobre el cambio clim\u00e1tico"}]},{"@type":"WebSite","@id":"https:\/\/exaudi.org\/#website","url":"https:\/\/exaudi.org\/","name":"Exaudi","description":"News","potentialAction":[{"@type":"SearchAction","target":{"@type":"EntryPoint","urlTemplate":"https:\/\/exaudi.org\/?s={search_term_string}"},"query-input":{"@type":"PropertyValueSpecification","valueRequired":true,"valueName":"search_term_string"}}],"inLanguage":"es"},{"@type":"Person","@id":"https:\/\/exaudi.org\/#\/schema\/person\/010bdf0d65f801cd06f263d9b37ae0f4","name":"Jim Fair","image":{"@type":"ImageObject","inLanguage":"es","@id":"https:\/\/secure.gravatar.com\/avatar\/d9e9a2d31abad3e51c5d8f0279fc9b21b66199b8a85886455445ed562fd46934?s=96&d=mm&r=g","url":"https:\/\/secure.gravatar.com\/avatar\/d9e9a2d31abad3e51c5d8f0279fc9b21b66199b8a85886455445ed562fd46934?s=96&d=mm&r=g","contentUrl":"https:\/\/secure.gravatar.com\/avatar\/d9e9a2d31abad3e51c5d8f0279fc9b21b66199b8a85886455445ed562fd46934?s=96&d=mm&r=g","caption":"Jim Fair"},"description":"Jim Fair has spent the past two decades as a communicator for Catholic organizations. He is a convert to the Catholic faith and is grateful to his wife, Charmaine, for her continuing efforts to save his soul. They have a son and daughter, both happily married, and four grandchildren. Before devoting his life full-time to things Catholic, Jim enjoyed a 23-year career in various communications roles for large corporations. Before that, he worked as a newspaper reporter, photographer, and editor. He has served as president of the Chicago Public Relations Forum, chairman of the American Petroleum Institute General Committee on Communications, and a fellow of Greater Leadership Chicago. He was a member of the founding committee of the chemical industry\u2019s Responsible Care Program. Jim is an active member of St. John Vianney Parish in Northlake, Illinois, where he chairs the finance council.","url":"https:\/\/exaudi.org\/es\/author\/jfairexaudi-org\/"}]}},"jetpack_featured_media_url":"https:\/\/exaudi.org\/wp-content\/uploads\/2021\/11\/Intervencion-del-cardenal-Parolin-en-la-COP26.jpeg","jetpack_shortlink":"https:\/\/wp.me\/pgKjF2-a3l","_links":{"self":[{"href":"https:\/\/exaudi.org\/es\/wp-json\/wp\/v2\/posts\/38647","targetHints":{"allow":["GET"]}}],"collection":[{"href":"https:\/\/exaudi.org\/es\/wp-json\/wp\/v2\/posts"}],"about":[{"href":"https:\/\/exaudi.org\/es\/wp-json\/wp\/v2\/types\/post"}],"author":[{"embeddable":true,"href":"https:\/\/exaudi.org\/es\/wp-json\/wp\/v2\/users\/4"}],"replies":[{"embeddable":true,"href":"https:\/\/exaudi.org\/es\/wp-json\/wp\/v2\/comments?post=38647"}],"version-history":[{"count":0,"href":"https:\/\/exaudi.org\/es\/wp-json\/wp\/v2\/posts\/38647\/revisions"}],"wp:featuredmedia":[{"embeddable":true,"href":"https:\/\/exaudi.org\/es\/wp-json\/wp\/v2\/media\/38648"}],"wp:attachment":[{"href":"https:\/\/exaudi.org\/es\/wp-json\/wp\/v2\/media?parent=38647"}],"wp:term":[{"taxonomy":"category","embeddable":true,"href":"https:\/\/exaudi.org\/es\/wp-json\/wp\/v2\/categories?post=38647"},{"taxonomy":"post_tag","embeddable":true,"href":"https:\/\/exaudi.org\/es\/wp-json\/wp\/v2\/tags?post=38647"}],"curies":[{"name":"wp","href":"https:\/\/api.w.org\/{rel}","templated":true}]}}