{"id":38634,"date":"2025-11-03T08:00:50","date_gmt":"2025-11-03T07:00:50","guid":{"rendered":"https:\/\/exaudi.wpengine.com\/?p=38634"},"modified":"2025-10-31T10:37:50","modified_gmt":"2025-10-31T09:37:50","slug":"san-martin-de-porres-3-de-noviembre","status":"publish","type":"post","link":"https:\/\/exaudi.org\/es\/san-martin-de-porres-3-de-noviembre\/","title":{"rendered":"San Mart\u00edn de Porres, 3 de noviembre"},"content":{"rendered":"<p>El que tantas veces se present\u00f3 como \u201cun perro mulato\u201d, primero de Am\u00e9rica en subir a los altares, es uno de los m\u00e1s grandes santos que Per\u00fa ha dado a la Iglesia. Ostenta el patronazgo de numerosas entidades de Per\u00fa, Venezuela, M\u00e9xico, Argentina, Panam\u00e1, Guatemala, Espa\u00f1a, Chile, Costa Rica, Bolivia y otros pa\u00edses. Qui\u00e9n le iba a decir al humilde Mart\u00edn que al paso del tiempo le honrar\u00edan hermandades y cofrad\u00edas, que al procesionar su imagen ser\u00eda aclamada por las avenidas de su hermosa tierra a\u00fan pasando los siglos\u2026 Pero as\u00ed es. La gracia que le acompa\u00f1\u00f3 en vida, y a la que se aferr\u00f3, sigue alumbr\u00e1ndonos a trav\u00e9s de su heroico testimonio de amor a Cristo.<\/p>\n<p><iframe title=\"Spotify Embed: San Mart\u00edn de Porres, 3 de noviembre\" style=\"border-radius: 12px\" width=\"100%\" height=\"152\" frameborder=\"0\" allowfullscreen allow=\"autoplay; clipboard-write; encrypted-media; fullscreen; picture-in-picture\" loading=\"lazy\" src=\"https:\/\/open.spotify.com\/embed\/episode\/3ifUAflZatVZdrMddPpwoB?si=76ced2b593e64b59&#038;utm_source=oembed\"><\/iframe><\/p>\n<p>Naci\u00f3 en Lima, Per\u00fa, el 9 de diciembre de 1579. Era hijo natural del espa\u00f1ol Juan de Porres, un burgal\u00e9s que pertenec\u00eda a la Orden militar de Calatrava, y de la mulata libre de origen paname\u00f1o, Ana Vel\u00e1squez. Debi\u00f3 prometerle que la desposar\u00eda, pero los prejuicios de la \u00e9poca no se aliaron con ellos. De esta uni\u00f3n ileg\u00edtima en 1581 vino al mundo tambi\u00e9n una ni\u00f1a. Cuando el virrey comision\u00f3 a Juan para irse a Guayaquil, se llev\u00f3 con \u00e9l a los peque\u00f1os. Sin embargo, su familia repudi\u00f3 al muchacho por su color de piel. Juan se ocup\u00f3 de su educaci\u00f3n, pero en 1590 cuando lo nombraron gobernador de Panam\u00e1, se vio obligado a enviarlo a Lima. Eso s\u00ed, la cercan\u00eda le hab\u00eda permitido constatar las numerosas virtudes de Mart\u00edn, su bondad y proverbial generosidad con los pobres, a los que daba limosna haciendo uso de la asignaci\u00f3n que \u00e9l le entregaba. No era una t\u00e1ctica nueva. Cuando viv\u00eda con su madre, le sol\u00eda sisar el dinero que le proporcionaba para efectuar las compras. Al regresar a casa, c\u00e1ndidamente se excusaba diciendo que las monedas que le faltaban las hab\u00eda perdido por el camino.<\/p>\n<p>En Lima se ocup\u00f3 del santo Isabel Garc\u00eda Michel, que viv\u00eda en Malambo, un barrio marginal caracterizado por el origen multirracial de su poblaci\u00f3n, pero en una casa respetable; tal vez Ana fuese una de las encargadas del servicio, y por eso se afinc\u00f3 all\u00ed con su hijo. Este recibi\u00f3 la confirmaci\u00f3n en 1591 de manos de santo Toribio de Mogrovejo, patrono del episcopado latinoamericano. Elegante y amable en el trato, Mart\u00edn era tambi\u00e9n muy inteligente, as\u00ed que no le cost\u00f3 aprender las t\u00e9cnicas de barber\u00eda, oficio reputado en la \u00e9poca, y adquirir nociones de medicina que le servir\u00edan m\u00e1s tarde en su misi\u00f3n. Antes de convertirse en religioso obten\u00eda un buen sueldo como ayudante del boticario Mateo Pastor. Con lo que ganaba, ayudaba a otros muchachos que no ten\u00edan medios econ\u00f3micos. El ejercicio de su profesi\u00f3n le permit\u00eda acceder tanto a la flor y nata de la sociedad lime\u00f1a como a las clases inferiores; a todos hablaba de la bondad de Dios. Combinaba esta tarea con la labor voluntaria que realizaba en hospitales; pasaba las noches pr\u00e1cticamente en vela orando ante una imagen de Cristo crucificado.<\/p>\n<p>A los 15 a\u00f1os, animado por fray Juan de Lorenzana, quiso ser dominico como \u00e9l, pero la discriminaci\u00f3n por diferencia de raza, prejuicio marcado entonces, le sigui\u00f3 al convento de Nuestra Se\u00f1ora del Rosario. Y \u00fanicamente pudo ingresar como \u201cdonado\u201d. Pero era m\u00e1s que suficiente para su esp\u00edritu humilde y servicial, ya que solo deseaba estar m\u00e1s cerca de Dios y ayudar al pr\u00f3jimo. Por lo dem\u00e1s, se gozaba en \u201cpasar desapercibido y ser el \u00faltimo\u201d. El trato desigual que le dispensaron, los insultos que recib\u00eda por su tez oscura, no le arrebataron su alegr\u00eda, y la escoba que pusieron en sus manos fue instrumento de gloria para su vida.<\/p>\n<p>En una visita que su padre hizo al convento, logr\u00f3 que el provincial considerara a Mart\u00edn como hermano cooperador. Profes\u00f3 en junio de 1603. Fiel observante, pronto a la oraci\u00f3n, obediente, humilde, generoso, puntual, sobrio, sencillo, austero, era tambi\u00e9n diligente y dadivoso con los dem\u00e1s hasta el extremo. El Sant\u00edsimo Sacramento y la Virgen del Rosario fueron objeto supremo de su devoci\u00f3n. Por lo general, estaba tan extenuado por sus tareas que hac\u00eda \u00edmprobos esfuerzos para no sucumbir al sue\u00f1o durante la oraci\u00f3n. Sus cuidados como enfermero fueron un pararrayos para el convento; all\u00ed acud\u00edan numerosas personas en su busca. Pero su piedad y misericordia con los enfermos y pobres que recog\u00eda en las calles, port\u00e1ndolos a hombros hasta su propio lecho para prodigarles atenciones con toda ternura, suscitaron recelos y envidias; fue objeto de injurias hasta de sus propios hermanos.<\/p>\n<p>Dios le otorg\u00f3 el don de milagros, entre otros. Las curaciones extraordinarias se produjeron no solo con sus cuidados sino simplemente con su presencia. \u00c9l, humildemente, advert\u00eda: \u201cYo te curo, Dios te sana\u201d. Como recibi\u00f3 el don de la bilocaci\u00f3n, pod\u00eda v\u00e9rsele en varios lugares a la vez consolando y remediando los males de unos y de otros. Una vez vio que un obrero se ca\u00eda del andamio de la torre y, para no desobedecer \u2014cuentan los testigos de la \u00e9poca\u2014 le dijo \u201c\u00a1detente!\u201d y a rengl\u00f3n seguido fue a solicitar permiso a su superior para salvarle, mientras el alba\u00f1il permanec\u00eda suspendido en el aire, permiso que le fue otorgado obr\u00e1ndose ese milagro que precisaba el buen hombre y que se produjo ante su fuerte impresi\u00f3n y la del superior de Mart\u00edn. Memorable fue la acci\u00f3n del santo durante la epidemia de viruela; se convirti\u00f3 en el \u201c\u00e1ngel de Lima\u201d. Hasta los animales hambrientos y heridos eran objeto de su afecto. Fund\u00f3 los Asilos y Escuelas de Hu\u00e9rfanos de Santa Cruz para ni\u00f1os y ni\u00f1as. Sus hermanos contemplaban asombrados su intens\u00edsima acci\u00f3n apost\u00f3lica cotidiana, pregunt\u00e1ndose en qu\u00e9 momento dorm\u00eda.<\/p>\n<p>Era estimado por todos, incluido el virrey, que no ocultaba su veneraci\u00f3n por \u00e9l. En 1639 contrajo el tifus exantem\u00e1tico que cursaba con espasmos, alta fiebre y delirios. Y supo que hab\u00eda llegado su hora: \u201cHe aqu\u00ed el fin de mi peregrinaci\u00f3n sobre la tierra. Morir\u00e9 de esta enfermedad. Ninguna medicina ser\u00e1 de provecho\u201d. Manifest\u00f3 que en ese instante le acompa\u00f1aban la Virgen, San Jos\u00e9, santo Domingo, san Vicente Ferrer y santa Catalina de Alejandr\u00eda. Y besando el crucifijo falleci\u00f3 el 3 de noviembre de ese a\u00f1o. Gregorio XVI lo beatific\u00f3 en 1837. Juan XXIII lo canoniz\u00f3 el 6 de mayo de 1962, y lo declar\u00f3 santo patr\u00f3n de la justicia social.<\/p>\n<p><img loading=\"lazy\" decoding=\"async\" class=\"size-full wp-image-144402 alignnone\" src=\"https:\/\/exaudi.org\/wp-content\/uploads\/2025\/11\/Santoral-1.jpg\" alt=\"\" width=\"1080\" height=\"1080\" srcset=\"https:\/\/exaudi.org\/wp-content\/uploads\/2025\/11\/Santoral-1.jpg 1080w, https:\/\/exaudi.org\/wp-content\/uploads\/2025\/11\/Santoral-1-300x300.jpg 300w, https:\/\/exaudi.org\/wp-content\/uploads\/2025\/11\/Santoral-1-1024x1024.jpg 1024w, https:\/\/exaudi.org\/wp-content\/uploads\/2025\/11\/Santoral-1-100x100.jpg?crop=1 100w, https:\/\/exaudi.org\/wp-content\/uploads\/2025\/11\/Santoral-1-770x770.jpg 770w, https:\/\/exaudi.org\/wp-content\/uploads\/2025\/11\/Santoral-1-500x500.jpg 500w\" sizes=\"auto, (max-width: 1080px) 100vw, 1080px\" \/><\/p>\n<h6><em>\u00a9\u00a0<a href=\"https:\/\/exaudi.wpengine.com\/es\/author\/isabelorellana\/\" target=\"_blank\" rel=\"noopener noreferrer\">Isabel Orellana Vilches<\/a>, 2018<\/em><\/h6>\n<h6><em>Autora vinculada a<\/em><\/h6>\n<h6><em><img loading=\"lazy\" decoding=\"async\" class=\"alignright wp-image-2208 td-animation-stack-type0-2\" src=\"https:\/\/exaudi.org\/wp-content\/uploads\/2021\/02\/santoral-scaled-1-725x1024.jpg\" alt=\"santoral Isabel Orellana\" width=\"262\" height=\"370\" \/><\/em><img loading=\"lazy\" decoding=\"async\" class=\"alignnone size-full wp-image-41949 td-animation-stack-type0-2\" src=\"https:\/\/www.idente.org\/wp-content\/uploads\/logo-cedro-v01-843x295-1-e1603384654546.png\" alt=\"\" width=\"80\" height=\"28\" \/><br \/>\nObra protegida por derechos de autor.<br \/>\nInscrita en el Registro de la Propiedad Intelectual el 24 de noviembre de 2014.<br \/>\n________________<br \/>\nDerechos de edici\u00f3n reservados:<br \/>\n<a href=\"https:\/\/rielo.com\/\" target=\"_blank\" rel=\"noopener noreferrer\">Fundaci\u00f3n Fernando Rielo<\/a><br \/>\nGoya 20, 4.\u00ba izq. int. 28001 Madrid<br \/>\nTlf.: (34) 91 575 40 91<br \/>\nCorreo electr\u00f3nico:\u00a0fundacion@rielo.com<\/h6>\n<div class=\"page\" title=\"Page 4\">\n<div class=\"layoutArea\">\n<div class=\"column\">\n<h6>Dep\u00f3sito legal: M-18664-2020<br \/>\nISBN: 978-84-946646-6-3<\/h6>\n<\/div>\n<\/div>\n<\/div>\n","protected":false},"excerpt":{"rendered":"<p>Religioso peruano dominico, fue el primer santo mulato de Am\u00e9rica<\/p>\n","protected":false},"author":23,"featured_media":38635,"comment_status":"closed","ping_status":"closed","sticky":false,"template":"","format":"standard","meta":{"_acf_changed":false,"_crdt_document":"","inline_featured_image":false,"footnotes":""},"categories":[],"tags":[945,4759],"class_list":["post-38634","post","type-post","status-publish","format-standard","has-post-thumbnail","hentry","tag-peru","tag-san-martin-de-porres"],"acf":[],"yoast_head":"<!-- This site is optimized with the Yoast SEO plugin v27.5 - https:\/\/yoast.com\/product\/yoast-seo-wordpress\/ -->\n<title>San Mart\u00edn de Porres, 3 de noviembre &#8211; Exaudi<\/title>\n<meta name=\"description\" content=\"San Mart\u00edn de Porres, religioso peruano de la orden de los dominico, fue el primer santo mulato de Am\u00e9rica.\" \/>\n<meta name=\"robots\" content=\"index, follow, max-snippet:-1, max-image-preview:large, max-video-preview:-1\" \/>\n<link rel=\"canonical\" href=\"https:\/\/exaudi.org\/es\/san-martin-de-porres-3-de-noviembre\/\" \/>\n<meta property=\"og:locale\" content=\"es_ES\" \/>\n<meta property=\"og:type\" content=\"article\" \/>\n<meta property=\"og:title\" content=\"San Mart\u00edn de Porres, 3 de noviembre &#8211; Exaudi\" \/>\n<meta property=\"og:description\" content=\"San Mart\u00edn de Porres, religioso peruano de la orden de los dominico, fue el primer santo mulato de Am\u00e9rica.\" \/>\n<meta property=\"og:url\" content=\"https:\/\/exaudi.org\/es\/san-martin-de-porres-3-de-noviembre\/\" \/>\n<meta property=\"og:site_name\" content=\"Exaudi\" \/>\n<meta property=\"article:publisher\" content=\"https:\/\/www.facebook.com\/ExaudiNews\" \/>\n<meta property=\"article:published_time\" content=\"2025-11-03T07:00:50+00:00\" \/>\n<meta property=\"og:image\" content=\"https:\/\/exaudi.org\/wp-content\/uploads\/2021\/11\/sanmartin1.jpeg\" \/>\n\t<meta property=\"og:image:width\" content=\"1200\" \/>\n\t<meta property=\"og:image:height\" content=\"630\" \/>\n\t<meta property=\"og:image:type\" content=\"image\/jpeg\" \/>\n<meta name=\"author\" content=\"Isabel Orellana\" \/>\n<meta name=\"twitter:card\" content=\"summary_large_image\" \/>\n<meta name=\"twitter:creator\" content=\"@Exaudi_News\" \/>\n<meta name=\"twitter:site\" content=\"@Exaudi_News\" \/>\n<meta name=\"twitter:label1\" content=\"Escrito por\" \/>\n\t<meta name=\"twitter:data1\" content=\"Isabel Orellana\" \/>\n\t<meta name=\"twitter:label2\" content=\"Tiempo de lectura\" \/>\n\t<meta name=\"twitter:data2\" content=\"6 minutos\" \/>\n<script type=\"application\/ld+json\" class=\"yoast-schema-graph\">{\"@context\":\"https:\\\/\\\/schema.org\",\"@graph\":[{\"@type\":\"Article\",\"@id\":\"https:\\\/\\\/exaudi.org\\\/es\\\/san-martin-de-porres-3-de-noviembre\\\/#article\",\"isPartOf\":{\"@id\":\"https:\\\/\\\/exaudi.org\\\/es\\\/san-martin-de-porres-3-de-noviembre\\\/\"},\"author\":{\"name\":\"Isabel Orellana\",\"@id\":\"https:\\\/\\\/exaudi.org\\\/#\\\/schema\\\/person\\\/64e18b96fd6118559a9217b5b3375fdc\"},\"headline\":\"San Mart\u00edn de Porres, 3 de noviembre\",\"datePublished\":\"2025-11-03T07:00:50+00:00\",\"mainEntityOfPage\":{\"@id\":\"https:\\\/\\\/exaudi.org\\\/es\\\/san-martin-de-porres-3-de-noviembre\\\/\"},\"wordCount\":1212,\"image\":{\"@id\":\"https:\\\/\\\/exaudi.org\\\/es\\\/san-martin-de-porres-3-de-noviembre\\\/#primaryimage\"},\"thumbnailUrl\":\"https:\\\/\\\/exaudi.org\\\/wp-content\\\/uploads\\\/2021\\\/11\\\/sanmartin1.jpeg\",\"keywords\":[\"Per\u00fa\",\"San Mart\u00edn de Porres\"],\"inLanguage\":\"es\"},{\"@type\":\"WebPage\",\"@id\":\"https:\\\/\\\/exaudi.org\\\/es\\\/san-martin-de-porres-3-de-noviembre\\\/\",\"url\":\"https:\\\/\\\/exaudi.org\\\/es\\\/san-martin-de-porres-3-de-noviembre\\\/\",\"name\":\"San Mart\u00edn de Porres, 3 de noviembre &#8211; Exaudi\",\"isPartOf\":{\"@id\":\"https:\\\/\\\/exaudi.org\\\/#website\"},\"primaryImageOfPage\":{\"@id\":\"https:\\\/\\\/exaudi.org\\\/es\\\/san-martin-de-porres-3-de-noviembre\\\/#primaryimage\"},\"image\":{\"@id\":\"https:\\\/\\\/exaudi.org\\\/es\\\/san-martin-de-porres-3-de-noviembre\\\/#primaryimage\"},\"thumbnailUrl\":\"https:\\\/\\\/exaudi.org\\\/wp-content\\\/uploads\\\/2021\\\/11\\\/sanmartin1.jpeg\",\"datePublished\":\"2025-11-03T07:00:50+00:00\",\"author\":{\"@id\":\"https:\\\/\\\/exaudi.org\\\/#\\\/schema\\\/person\\\/64e18b96fd6118559a9217b5b3375fdc\"},\"description\":\"San Mart\u00edn de Porres, religioso peruano de la orden de los dominico, fue el primer santo mulato de Am\u00e9rica.\",\"breadcrumb\":{\"@id\":\"https:\\\/\\\/exaudi.org\\\/es\\\/san-martin-de-porres-3-de-noviembre\\\/#breadcrumb\"},\"inLanguage\":\"es\",\"potentialAction\":[{\"@type\":\"ReadAction\",\"target\":[\"https:\\\/\\\/exaudi.org\\\/es\\\/san-martin-de-porres-3-de-noviembre\\\/\"]}]},{\"@type\":\"ImageObject\",\"inLanguage\":\"es\",\"@id\":\"https:\\\/\\\/exaudi.org\\\/es\\\/san-martin-de-porres-3-de-noviembre\\\/#primaryimage\",\"url\":\"https:\\\/\\\/exaudi.org\\\/wp-content\\\/uploads\\\/2021\\\/11\\\/sanmartin1.jpeg\",\"contentUrl\":\"https:\\\/\\\/exaudi.org\\\/wp-content\\\/uploads\\\/2021\\\/11\\\/sanmartin1.jpeg\",\"width\":1200,\"height\":630,\"caption\":\"San Mart\u00edn de Porres \u00a9 arzobispadodepiura.org\"},{\"@type\":\"BreadcrumbList\",\"@id\":\"https:\\\/\\\/exaudi.org\\\/es\\\/san-martin-de-porres-3-de-noviembre\\\/#breadcrumb\",\"itemListElement\":[{\"@type\":\"ListItem\",\"position\":1,\"name\":\"Portada\",\"item\":\"https:\\\/\\\/exaudi.org\\\/es\\\/\"},{\"@type\":\"ListItem\",\"position\":2,\"name\":\"San Mart\u00edn de Porres, 3 de noviembre\"}]},{\"@type\":\"WebSite\",\"@id\":\"https:\\\/\\\/exaudi.org\\\/#website\",\"url\":\"https:\\\/\\\/exaudi.org\\\/\",\"name\":\"Exaudi\",\"description\":\"News\",\"potentialAction\":[{\"@type\":\"SearchAction\",\"target\":{\"@type\":\"EntryPoint\",\"urlTemplate\":\"https:\\\/\\\/exaudi.org\\\/?s={search_term_string}\"},\"query-input\":{\"@type\":\"PropertyValueSpecification\",\"valueRequired\":true,\"valueName\":\"search_term_string\"}}],\"inLanguage\":\"es\"},{\"@type\":\"Person\",\"@id\":\"https:\\\/\\\/exaudi.org\\\/#\\\/schema\\\/person\\\/64e18b96fd6118559a9217b5b3375fdc\",\"name\":\"Isabel Orellana\",\"image\":{\"@type\":\"ImageObject\",\"inLanguage\":\"es\",\"@id\":\"https:\\\/\\\/secure.gravatar.com\\\/avatar\\\/51968380bbb6b22ae85c605634860366fd9a2a611c6341125115bca32cd6c171?s=96&d=mm&r=g\",\"url\":\"https:\\\/\\\/secure.gravatar.com\\\/avatar\\\/51968380bbb6b22ae85c605634860366fd9a2a611c6341125115bca32cd6c171?s=96&d=mm&r=g\",\"contentUrl\":\"https:\\\/\\\/secure.gravatar.com\\\/avatar\\\/51968380bbb6b22ae85c605634860366fd9a2a611c6341125115bca32cd6c171?s=96&d=mm&r=g\",\"caption\":\"Isabel Orellana\"},\"description\":\"Isabel Orellana Vilches Misionera idente. Doctora en Filosof\u00eda por la Universidad Aut\u00f3noma de Barcelona con la tesis Realismo y progreso cient\u00edfico en la epistemolog\u00eda popperiana. Ha cursado estudios de teolog\u00eda en la Universidad Pontificia de Salamanca. Con amplia actividad docente desde 1986, ha publicado libros como: Realismo y progreso cient\u00edfico en la epistemolog\u00eda popperiana, Universitat Aut\u00f2noma de Barcelona, 1993; El evangelio habla a los j\u00f3venes, Atenas, Madrid, 1997; Qu\u00e9 es... LA TOLERANCIA, Paulinas, Madrid, 1999; Pedagog\u00eda del dolor. Ensayo antropol\u00f3gico, Palabra, Madrid, 1999; En colaboraci\u00f3n con Enrique Rivera de Ventosa (\u2020) OFM. Cap. San Francisco de As\u00eds y Fernando Rielo: Convergencias. Respuestas desde la fe a los interrogantes del hombre de hoy, Universidad Pontificia, Salamanca, 2001; La \\\"mirada\\\" del cine. Recursos did\u00e1cticos del s\u00e9ptimo arte. Librer\u00eda Cervantes, Salamanca, 2001; Paradojas de la convivencia, San Pablo, Madrid, 2002; En la Universidad T\u00e9cnica Particular de Loja, Ecuador, ha publicado: La confianza. El arte de amar, 2002; Educar para la responsabilidad, 2003; Apuntes de \u00e9tica en Karl R. Popper, 2003; De soledades y comunicaci\u00f3n, 2005; Yo educo; t\u00fa respondes, 2008; Humanismo y fe en un crisol de culturas, 2008; Repensar lo cotidiano, 2008; Convivir: un constante desaf\u00edo, 2009; La l\u00f3gica del amor, 2010; El dolor del amor. Apuntes sobre la enfermedad y el dolor en relaci\u00f3n con la virtud heroica, el martirio y la vida santa. Seminario Diocesano de M\u00e1laga, 2006 y Universidad T\u00e9cnica Particular de Loja, Ecuador (2007). Cuenta con numerosas colaboraciones en obras colectivas, as\u00ed como relatos, cuentos, f\u00e1bula y novela juvenil, adem\u00e1s de art\u00edculos de tem\u00e1tica cient\u00edfica, pedag\u00f3gica y espiritual, que viene publicando en distintas revistas nacionales e internacionales. En 2012 culmin\u00f3 el santoral Llamados a ser santos y poco m\u00e1s tarde Epopeyas de amor prologado por mons. Fernando Sebasti\u00e1n. Es la bi\u00f3grafa oficial del fundador de su familia espiritual, autora de Fernando Rielo Pardal. Fundador de los Misioneros Identes, Descl\u00e9e de Brouwer, Bilbao, 2009. Culmina la biograf\u00eda completa. Encargada del santoral de ZENIT desde 2012 a 2020 y ahora en Exaudi\",\"url\":\"https:\\\/\\\/exaudi.org\\\/es\\\/author\\\/isabelorellana\\\/\"}]}<\/script>\n<!-- \/ Yoast SEO plugin. -->","yoast_head_json":{"title":"San Mart\u00edn de Porres, 3 de noviembre &#8211; Exaudi","description":"San Mart\u00edn de Porres, religioso peruano de la orden de los dominico, fue el primer santo mulato de Am\u00e9rica.","robots":{"index":"index","follow":"follow","max-snippet":"max-snippet:-1","max-image-preview":"max-image-preview:large","max-video-preview":"max-video-preview:-1"},"canonical":"https:\/\/exaudi.org\/es\/san-martin-de-porres-3-de-noviembre\/","og_locale":"es_ES","og_type":"article","og_title":"San Mart\u00edn de Porres, 3 de noviembre &#8211; Exaudi","og_description":"San Mart\u00edn de Porres, religioso peruano de la orden de los dominico, fue el primer santo mulato de Am\u00e9rica.","og_url":"https:\/\/exaudi.org\/es\/san-martin-de-porres-3-de-noviembre\/","og_site_name":"Exaudi","article_publisher":"https:\/\/www.facebook.com\/ExaudiNews","article_published_time":"2025-11-03T07:00:50+00:00","og_image":[{"width":1200,"height":630,"url":"https:\/\/exaudi.org\/wp-content\/uploads\/2021\/11\/sanmartin1.jpeg","type":"image\/jpeg"}],"author":"Isabel Orellana","twitter_card":"summary_large_image","twitter_creator":"@Exaudi_News","twitter_site":"@Exaudi_News","twitter_misc":{"Escrito por":"Isabel Orellana","Tiempo de lectura":"6 minutos"},"schema":{"@context":"https:\/\/schema.org","@graph":[{"@type":"Article","@id":"https:\/\/exaudi.org\/es\/san-martin-de-porres-3-de-noviembre\/#article","isPartOf":{"@id":"https:\/\/exaudi.org\/es\/san-martin-de-porres-3-de-noviembre\/"},"author":{"name":"Isabel Orellana","@id":"https:\/\/exaudi.org\/#\/schema\/person\/64e18b96fd6118559a9217b5b3375fdc"},"headline":"San Mart\u00edn de Porres, 3 de noviembre","datePublished":"2025-11-03T07:00:50+00:00","mainEntityOfPage":{"@id":"https:\/\/exaudi.org\/es\/san-martin-de-porres-3-de-noviembre\/"},"wordCount":1212,"image":{"@id":"https:\/\/exaudi.org\/es\/san-martin-de-porres-3-de-noviembre\/#primaryimage"},"thumbnailUrl":"https:\/\/exaudi.org\/wp-content\/uploads\/2021\/11\/sanmartin1.jpeg","keywords":["Per\u00fa","San Mart\u00edn de Porres"],"inLanguage":"es"},{"@type":"WebPage","@id":"https:\/\/exaudi.org\/es\/san-martin-de-porres-3-de-noviembre\/","url":"https:\/\/exaudi.org\/es\/san-martin-de-porres-3-de-noviembre\/","name":"San Mart\u00edn de Porres, 3 de noviembre &#8211; Exaudi","isPartOf":{"@id":"https:\/\/exaudi.org\/#website"},"primaryImageOfPage":{"@id":"https:\/\/exaudi.org\/es\/san-martin-de-porres-3-de-noviembre\/#primaryimage"},"image":{"@id":"https:\/\/exaudi.org\/es\/san-martin-de-porres-3-de-noviembre\/#primaryimage"},"thumbnailUrl":"https:\/\/exaudi.org\/wp-content\/uploads\/2021\/11\/sanmartin1.jpeg","datePublished":"2025-11-03T07:00:50+00:00","author":{"@id":"https:\/\/exaudi.org\/#\/schema\/person\/64e18b96fd6118559a9217b5b3375fdc"},"description":"San Mart\u00edn de Porres, religioso peruano de la orden de los dominico, fue el primer santo mulato de Am\u00e9rica.","breadcrumb":{"@id":"https:\/\/exaudi.org\/es\/san-martin-de-porres-3-de-noviembre\/#breadcrumb"},"inLanguage":"es","potentialAction":[{"@type":"ReadAction","target":["https:\/\/exaudi.org\/es\/san-martin-de-porres-3-de-noviembre\/"]}]},{"@type":"ImageObject","inLanguage":"es","@id":"https:\/\/exaudi.org\/es\/san-martin-de-porres-3-de-noviembre\/#primaryimage","url":"https:\/\/exaudi.org\/wp-content\/uploads\/2021\/11\/sanmartin1.jpeg","contentUrl":"https:\/\/exaudi.org\/wp-content\/uploads\/2021\/11\/sanmartin1.jpeg","width":1200,"height":630,"caption":"San Mart\u00edn de Porres \u00a9 arzobispadodepiura.org"},{"@type":"BreadcrumbList","@id":"https:\/\/exaudi.org\/es\/san-martin-de-porres-3-de-noviembre\/#breadcrumb","itemListElement":[{"@type":"ListItem","position":1,"name":"Portada","item":"https:\/\/exaudi.org\/es\/"},{"@type":"ListItem","position":2,"name":"San Mart\u00edn de Porres, 3 de noviembre"}]},{"@type":"WebSite","@id":"https:\/\/exaudi.org\/#website","url":"https:\/\/exaudi.org\/","name":"Exaudi","description":"News","potentialAction":[{"@type":"SearchAction","target":{"@type":"EntryPoint","urlTemplate":"https:\/\/exaudi.org\/?s={search_term_string}"},"query-input":{"@type":"PropertyValueSpecification","valueRequired":true,"valueName":"search_term_string"}}],"inLanguage":"es"},{"@type":"Person","@id":"https:\/\/exaudi.org\/#\/schema\/person\/64e18b96fd6118559a9217b5b3375fdc","name":"Isabel Orellana","image":{"@type":"ImageObject","inLanguage":"es","@id":"https:\/\/secure.gravatar.com\/avatar\/51968380bbb6b22ae85c605634860366fd9a2a611c6341125115bca32cd6c171?s=96&d=mm&r=g","url":"https:\/\/secure.gravatar.com\/avatar\/51968380bbb6b22ae85c605634860366fd9a2a611c6341125115bca32cd6c171?s=96&d=mm&r=g","contentUrl":"https:\/\/secure.gravatar.com\/avatar\/51968380bbb6b22ae85c605634860366fd9a2a611c6341125115bca32cd6c171?s=96&d=mm&r=g","caption":"Isabel Orellana"},"description":"Isabel Orellana Vilches Misionera idente. Doctora en Filosof\u00eda por la Universidad Aut\u00f3noma de Barcelona con la tesis Realismo y progreso cient\u00edfico en la epistemolog\u00eda popperiana. Ha cursado estudios de teolog\u00eda en la Universidad Pontificia de Salamanca. Con amplia actividad docente desde 1986, ha publicado libros como: Realismo y progreso cient\u00edfico en la epistemolog\u00eda popperiana, Universitat Aut\u00f2noma de Barcelona, 1993; El evangelio habla a los j\u00f3venes, Atenas, Madrid, 1997; Qu\u00e9 es... LA TOLERANCIA, Paulinas, Madrid, 1999; Pedagog\u00eda del dolor. Ensayo antropol\u00f3gico, Palabra, Madrid, 1999; En colaboraci\u00f3n con Enrique Rivera de Ventosa (\u2020) OFM. Cap. San Francisco de As\u00eds y Fernando Rielo: Convergencias. Respuestas desde la fe a los interrogantes del hombre de hoy, Universidad Pontificia, Salamanca, 2001; La \"mirada\" del cine. Recursos did\u00e1cticos del s\u00e9ptimo arte. Librer\u00eda Cervantes, Salamanca, 2001; Paradojas de la convivencia, San Pablo, Madrid, 2002; En la Universidad T\u00e9cnica Particular de Loja, Ecuador, ha publicado: La confianza. El arte de amar, 2002; Educar para la responsabilidad, 2003; Apuntes de \u00e9tica en Karl R. Popper, 2003; De soledades y comunicaci\u00f3n, 2005; Yo educo; t\u00fa respondes, 2008; Humanismo y fe en un crisol de culturas, 2008; Repensar lo cotidiano, 2008; Convivir: un constante desaf\u00edo, 2009; La l\u00f3gica del amor, 2010; El dolor del amor. Apuntes sobre la enfermedad y el dolor en relaci\u00f3n con la virtud heroica, el martirio y la vida santa. Seminario Diocesano de M\u00e1laga, 2006 y Universidad T\u00e9cnica Particular de Loja, Ecuador (2007). Cuenta con numerosas colaboraciones en obras colectivas, as\u00ed como relatos, cuentos, f\u00e1bula y novela juvenil, adem\u00e1s de art\u00edculos de tem\u00e1tica cient\u00edfica, pedag\u00f3gica y espiritual, que viene publicando en distintas revistas nacionales e internacionales. En 2012 culmin\u00f3 el santoral Llamados a ser santos y poco m\u00e1s tarde Epopeyas de amor prologado por mons. Fernando Sebasti\u00e1n. Es la bi\u00f3grafa oficial del fundador de su familia espiritual, autora de Fernando Rielo Pardal. Fundador de los Misioneros Identes, Descl\u00e9e de Brouwer, Bilbao, 2009. Culmina la biograf\u00eda completa. Encargada del santoral de ZENIT desde 2012 a 2020 y ahora en Exaudi","url":"https:\/\/exaudi.org\/es\/author\/isabelorellana\/"}]}},"jetpack_featured_media_url":"https:\/\/exaudi.org\/wp-content\/uploads\/2021\/11\/sanmartin1.jpeg","jetpack_shortlink":"https:\/\/wp.me\/pgKjF2-a38","_links":{"self":[{"href":"https:\/\/exaudi.org\/es\/wp-json\/wp\/v2\/posts\/38634","targetHints":{"allow":["GET"]}}],"collection":[{"href":"https:\/\/exaudi.org\/es\/wp-json\/wp\/v2\/posts"}],"about":[{"href":"https:\/\/exaudi.org\/es\/wp-json\/wp\/v2\/types\/post"}],"author":[{"embeddable":true,"href":"https:\/\/exaudi.org\/es\/wp-json\/wp\/v2\/users\/23"}],"replies":[{"embeddable":true,"href":"https:\/\/exaudi.org\/es\/wp-json\/wp\/v2\/comments?post=38634"}],"version-history":[{"count":4,"href":"https:\/\/exaudi.org\/es\/wp-json\/wp\/v2\/posts\/38634\/revisions"}],"predecessor-version":[{"id":144424,"href":"https:\/\/exaudi.org\/es\/wp-json\/wp\/v2\/posts\/38634\/revisions\/144424"}],"wp:featuredmedia":[{"embeddable":true,"href":"https:\/\/exaudi.org\/es\/wp-json\/wp\/v2\/media\/38635"}],"wp:attachment":[{"href":"https:\/\/exaudi.org\/es\/wp-json\/wp\/v2\/media?parent=38634"}],"wp:term":[{"taxonomy":"category","embeddable":true,"href":"https:\/\/exaudi.org\/es\/wp-json\/wp\/v2\/categories?post=38634"},{"taxonomy":"post_tag","embeddable":true,"href":"https:\/\/exaudi.org\/es\/wp-json\/wp\/v2\/tags?post=38634"}],"curies":[{"name":"wp","href":"https:\/\/api.w.org\/{rel}","templated":true}]}}