{"id":38549,"date":"2021-11-02T12:12:06","date_gmt":"2021-11-02T11:12:06","guid":{"rendered":"https:\/\/exaudi.wpengine.com\/?p=38549"},"modified":"2021-11-02T12:12:06","modified_gmt":"2021-11-02T11:12:06","slug":"obispos-dominicanos-proponen-crear-ministerio-de-la-familia","status":"publish","type":"post","link":"https:\/\/exaudi.org\/es\/obispos-dominicanos-proponen-crear-ministerio-de-la-familia\/","title":{"rendered":"Obispos dominicanos proponen crear Ministerio de la Familia"},"content":{"rendered":"<p>En noviembre, mes oficial de la familia en <a href=\"https:\/\/exaudi.wpengine.com\/es\/iglesia-dominicana-celebra-xxxix-encuentro-nacional-de-pastoral\/\" target=\"_blank\" rel=\"noopener\">Rep\u00fablica Dominicana<\/a>, instituido desde 1971, los obispos dominicanos, a trav\u00e9s de la Comisi\u00f3n Nacional de Familia, han propuesto al Gobierno crear un Ministerio de la Familia.<\/p>\n<p>De este modo, la Comisi\u00f3n Nacional de Familia de la <a href=\"https:\/\/ced.org.do\/\" target=\"_blank\" rel=\"noopener\">Conferencia del Episcopado Dominicano (CED)<\/a> present\u00f3 durante una rueda de prensa un manifiesto en el que pide formalmente al Estado la creaci\u00f3n de un \u201cMinisterio de la Familia que coordine, articule e integre las pol\u00edticas p\u00fablicas relativas a todos los miembros de la familia\u201d, el 1 de noviembre de 2021 en la sede de la CED.<\/p>\n<p>De acuerdo a una nota de la CED, en el documento, le\u00eddo por el matrimonio asesor de la Comisi\u00f3n, Sandra y Johnny Mart\u00ednez, acompa\u00f1ados por Monse\u00f1or Tom\u00e1s Alejo Concepci\u00f3n, obispo de San Juan de la Maguana y presidente de dicho organismo, se recomienda que el Ministerio que proponen est\u00e9 integrado por el Consejo Nacional para la Ni\u00f1ez (CONANI), el Ministerio de la Juventud, el Departamento de Protecci\u00f3n de la Vejez del Ministerio de Salud P\u00fablica, el Ministerio de la Mujer, el Consejo Nacional de los Discapacitados (CONADIS) y otras instituciones del sector p\u00fablico.<\/p>\n<h4><strong>Preservar la identidad familiar<\/strong><\/h4>\n<p>Asimismo, en el texto se rechaza la promoci\u00f3n de ideolog\u00edas que desnaturalicen y desarraiguen la propia identidad familiar: \u201cNo podemos tolerar, en ninguna circunstancia, que se nos quiera imponer ning\u00fan tipo de agenda que atente contra la vida misma de la persona humana, ni siquiera de los a\u00fan por nacer\u201d, derecho defendido por la Constituci\u00f3n y diversos tratados internacionales.<\/p>\n<p>En la presentaci\u00f3n del manifiesto, la Comisi\u00f3n propuso la creaci\u00f3n de una red de Centros de Asistencia Familiar para las familias con dificultades de convivencia, centros especializados en terapias de ni\u00f1os y ni\u00f1as hu\u00e9rfanos traumatizados por las consecuencias de la violencia intrafamiliar, la promoci\u00f3n de programas \u00e9ticos y humanos de educaci\u00f3n afectivo-sexual en los centros educativos, y la motivaci\u00f3n a los medios de comunicaci\u00f3n para evitar divulgar contenidos que fomenten la desintegraci\u00f3n familiar.<\/p>\n<h4><strong>Actividades<\/strong><\/h4>\n<p>Adem\u00e1s, se inform\u00f3 sobre las actividades que se llevar\u00e1n a cabo en las di\u00f3cesis para celebrar el mes de la familia. De acuerdo al citado comunicado, entre ellas se encuentran: el Primer Congreso Nacional de Agentes de Pastoral Familiar el s\u00e1bado 13 de noviembre; la tradicional caminata \u201cUn Paso por mi Familia\u201d, el domingo 21 de noviembre; as\u00ed como encuentros, charlas, conferencias, conversatorios, conciertos, simposios, momentos de oraci\u00f3n comunitaria y retiros organizados por cada Comisi\u00f3n Diocesana de Pastoral Familiar, bajo la orientaci\u00f3n de su obispo.<\/p>\n<p>Este acto cont\u00f3 con la participaci\u00f3n del sacerdote Rub\u00e9n Lieby, secretario ejecutivo de la Comisi\u00f3n Nacional de Familia, y Jos\u00e9 Armando Tav\u00e1rez, secretario ejecutivo de la Uni\u00f3n Nacional de Instituciones Laicales Cat\u00f3licas (Unilca), as\u00ed como de familias de las diferentes di\u00f3cesis del pa\u00eds.<\/p>\n<h4><strong>Comisi\u00f3n Nacional de Familia<\/strong><\/h4>\n<p>Es un organismo de la Conferencia del Episcopado Dominicano responsable de coordinar, animar, planificar y acompa\u00f1ar la Pastoral de la Familia a nivel nacional.<\/p>\n<p>Su estructura la conforma un secretariado ejecutivo encabezado por un obispo presidente (monse\u00f1or Tom\u00e1s Alejo Concepci\u00f3n, obispo de San Juan de la Maguana), un secretario ejecutivo (presb\u00edtero Rub\u00e9n Lieby), un matrimonio asesor (se\u00f1ores Sandra y Johnny Mart\u00ednez), y un matrimonio secretario (se\u00f1ores Tom\u00e1s y Josefina De la Rosa). Tambi\u00e9n forman parte las Comisiones Diocesanas de Pastoral Familiar.<\/p>\n","protected":false},"excerpt":{"rendered":"<p>A trav\u00e9s de la Comisi\u00f3n Nacional de Familia<\/p>\n","protected":false},"author":5,"featured_media":38554,"comment_status":"open","ping_status":"open","sticky":false,"template":"","format":"standard","meta":{"_acf_changed":false,"_crdt_document":"","inline_featured_image":false,"footnotes":""},"categories":[86,88,298],"tags":[2856,4753,1097],"class_list":["post-38549","post","type-post","status-publish","format-standard","has-post-thumbnail","hentry","category-iglesia-local","category-matrimonio-y-familia","category-ultimas-noticias","tag-conferencia-del-episcopado-dominicano-ced","tag-ministerio-de-la-familia","tag-republica-dominicana"],"acf":[],"yoast_head":"<!-- This site is optimized with the Yoast SEO plugin v27.4 - https:\/\/yoast.com\/product\/yoast-seo-wordpress\/ -->\n<title>Obispos dominicanos proponen crear Ministerio de la Familia &#8211; Exaudi<\/title>\n<meta name=\"description\" content=\"Los obispos dominicanos proponen, a trav\u00e9s de la Comisi\u00f3n de Familia, la creaci\u00f3n de un Ministerio de la Familia en el pa\u00eds\" \/>\n<meta name=\"robots\" content=\"index, follow, max-snippet:-1, max-image-preview:large, max-video-preview:-1\" \/>\n<link rel=\"canonical\" href=\"https:\/\/exaudi.org\/es\/obispos-dominicanos-proponen-crear-ministerio-de-la-familia\/\" \/>\n<meta property=\"og:locale\" content=\"es_ES\" \/>\n<meta property=\"og:type\" content=\"article\" \/>\n<meta property=\"og:title\" content=\"Obispos dominicanos proponen crear Ministerio de la Familia &#8211; Exaudi\" \/>\n<meta property=\"og:description\" content=\"Los obispos dominicanos proponen, a trav\u00e9s de la Comisi\u00f3n de Familia, la creaci\u00f3n de un Ministerio de la Familia en el pa\u00eds\" \/>\n<meta property=\"og:url\" content=\"https:\/\/exaudi.org\/es\/obispos-dominicanos-proponen-crear-ministerio-de-la-familia\/\" \/>\n<meta property=\"og:site_name\" content=\"Exaudi\" \/>\n<meta property=\"article:publisher\" content=\"https:\/\/www.facebook.com\/ExaudiNews\" \/>\n<meta property=\"article:published_time\" content=\"2021-11-02T11:12:06+00:00\" \/>\n<meta property=\"og:image\" content=\"https:\/\/exaudi.org\/wp-content\/uploads\/2021\/11\/Presentacion-del-manifiesto-de-la-familia.jpeg\" \/>\n\t<meta property=\"og:image:width\" content=\"1024\" \/>\n\t<meta property=\"og:image:height\" content=\"662\" \/>\n\t<meta property=\"og:image:type\" content=\"image\/jpeg\" \/>\n<meta name=\"author\" content=\"Larissa I. L\u00f3pez\" \/>\n<meta name=\"twitter:card\" content=\"summary_large_image\" \/>\n<meta name=\"twitter:creator\" content=\"@Exaudi_News\" \/>\n<meta name=\"twitter:site\" content=\"@Exaudi_News\" \/>\n<meta name=\"twitter:label1\" content=\"Escrito por\" \/>\n\t<meta name=\"twitter:data1\" content=\"Larissa I. L\u00f3pez\" \/>\n\t<meta name=\"twitter:label2\" content=\"Tiempo de lectura\" \/>\n\t<meta name=\"twitter:data2\" content=\"3 minutos\" \/>\n<script type=\"application\/ld+json\" class=\"yoast-schema-graph\">{\"@context\":\"https:\\\/\\\/schema.org\",\"@graph\":[{\"@type\":\"Article\",\"@id\":\"https:\\\/\\\/exaudi.org\\\/es\\\/obispos-dominicanos-proponen-crear-ministerio-de-la-familia\\\/#article\",\"isPartOf\":{\"@id\":\"https:\\\/\\\/exaudi.org\\\/es\\\/obispos-dominicanos-proponen-crear-ministerio-de-la-familia\\\/\"},\"author\":{\"name\":\"Larissa I. L\u00f3pez\",\"@id\":\"https:\\\/\\\/exaudi.org\\\/#\\\/schema\\\/person\\\/7d2f77db033c2c0929edfab6dbe8c588\"},\"headline\":\"Obispos dominicanos proponen crear Ministerio de la Familia\",\"datePublished\":\"2021-11-02T11:12:06+00:00\",\"mainEntityOfPage\":{\"@id\":\"https:\\\/\\\/exaudi.org\\\/es\\\/obispos-dominicanos-proponen-crear-ministerio-de-la-familia\\\/\"},\"wordCount\":607,\"commentCount\":0,\"image\":{\"@id\":\"https:\\\/\\\/exaudi.org\\\/es\\\/obispos-dominicanos-proponen-crear-ministerio-de-la-familia\\\/#primaryimage\"},\"thumbnailUrl\":\"https:\\\/\\\/exaudi.org\\\/wp-content\\\/uploads\\\/2021\\\/11\\\/Presentacion-del-manifiesto-de-la-familia.jpeg\",\"keywords\":[\"Conferencia del Episcopado Dominicano (CED)\",\"Ministerio de la Familia\",\"Rep\u00fablica Dominicana\"],\"articleSection\":[\"Iglesia Local\",\"Matrimonio y Familia\",\"\u00daltimas noticias\"],\"inLanguage\":\"es\",\"potentialAction\":[{\"@type\":\"CommentAction\",\"name\":\"Comment\",\"target\":[\"https:\\\/\\\/exaudi.org\\\/es\\\/obispos-dominicanos-proponen-crear-ministerio-de-la-familia\\\/#respond\"]}]},{\"@type\":\"WebPage\",\"@id\":\"https:\\\/\\\/exaudi.org\\\/es\\\/obispos-dominicanos-proponen-crear-ministerio-de-la-familia\\\/\",\"url\":\"https:\\\/\\\/exaudi.org\\\/es\\\/obispos-dominicanos-proponen-crear-ministerio-de-la-familia\\\/\",\"name\":\"Obispos dominicanos proponen crear Ministerio de la Familia &#8211; Exaudi\",\"isPartOf\":{\"@id\":\"https:\\\/\\\/exaudi.org\\\/#website\"},\"primaryImageOfPage\":{\"@id\":\"https:\\\/\\\/exaudi.org\\\/es\\\/obispos-dominicanos-proponen-crear-ministerio-de-la-familia\\\/#primaryimage\"},\"image\":{\"@id\":\"https:\\\/\\\/exaudi.org\\\/es\\\/obispos-dominicanos-proponen-crear-ministerio-de-la-familia\\\/#primaryimage\"},\"thumbnailUrl\":\"https:\\\/\\\/exaudi.org\\\/wp-content\\\/uploads\\\/2021\\\/11\\\/Presentacion-del-manifiesto-de-la-familia.jpeg\",\"datePublished\":\"2021-11-02T11:12:06+00:00\",\"author\":{\"@id\":\"https:\\\/\\\/exaudi.org\\\/#\\\/schema\\\/person\\\/7d2f77db033c2c0929edfab6dbe8c588\"},\"description\":\"Los obispos dominicanos proponen, a trav\u00e9s de la Comisi\u00f3n de Familia, la creaci\u00f3n de un Ministerio de la Familia en el pa\u00eds\",\"breadcrumb\":{\"@id\":\"https:\\\/\\\/exaudi.org\\\/es\\\/obispos-dominicanos-proponen-crear-ministerio-de-la-familia\\\/#breadcrumb\"},\"inLanguage\":\"es\",\"potentialAction\":[{\"@type\":\"ReadAction\",\"target\":[\"https:\\\/\\\/exaudi.org\\\/es\\\/obispos-dominicanos-proponen-crear-ministerio-de-la-familia\\\/\"]}]},{\"@type\":\"ImageObject\",\"inLanguage\":\"es\",\"@id\":\"https:\\\/\\\/exaudi.org\\\/es\\\/obispos-dominicanos-proponen-crear-ministerio-de-la-familia\\\/#primaryimage\",\"url\":\"https:\\\/\\\/exaudi.org\\\/wp-content\\\/uploads\\\/2021\\\/11\\\/Presentacion-del-manifiesto-de-la-familia.jpeg\",\"contentUrl\":\"https:\\\/\\\/exaudi.org\\\/wp-content\\\/uploads\\\/2021\\\/11\\\/Presentacion-del-manifiesto-de-la-familia.jpeg\",\"width\":1024,\"height\":662,\"caption\":\"Presentacion del manifiesto de la familia \u00a9 Conferencia del Episcopado Dominicano\"},{\"@type\":\"BreadcrumbList\",\"@id\":\"https:\\\/\\\/exaudi.org\\\/es\\\/obispos-dominicanos-proponen-crear-ministerio-de-la-familia\\\/#breadcrumb\",\"itemListElement\":[{\"@type\":\"ListItem\",\"position\":1,\"name\":\"Portada\",\"item\":\"https:\\\/\\\/exaudi.org\\\/es\\\/\"},{\"@type\":\"ListItem\",\"position\":2,\"name\":\"Obispos dominicanos proponen crear Ministerio de la Familia\"}]},{\"@type\":\"WebSite\",\"@id\":\"https:\\\/\\\/exaudi.org\\\/#website\",\"url\":\"https:\\\/\\\/exaudi.org\\\/\",\"name\":\"Exaudi\",\"description\":\"News\",\"potentialAction\":[{\"@type\":\"SearchAction\",\"target\":{\"@type\":\"EntryPoint\",\"urlTemplate\":\"https:\\\/\\\/exaudi.org\\\/?s={search_term_string}\"},\"query-input\":{\"@type\":\"PropertyValueSpecification\",\"valueRequired\":true,\"valueName\":\"search_term_string\"}}],\"inLanguage\":\"es\"},{\"@type\":\"Person\",\"@id\":\"https:\\\/\\\/exaudi.org\\\/#\\\/schema\\\/person\\\/7d2f77db033c2c0929edfab6dbe8c588\",\"name\":\"Larissa I. L\u00f3pez\",\"image\":{\"@type\":\"ImageObject\",\"inLanguage\":\"es\",\"@id\":\"https:\\\/\\\/secure.gravatar.com\\\/avatar\\\/db3ef399ff343d0bb9d25dc5198bc8ece5ac6d621eca79876697a354dabc1e3f?s=96&d=mm&r=g\",\"url\":\"https:\\\/\\\/secure.gravatar.com\\\/avatar\\\/db3ef399ff343d0bb9d25dc5198bc8ece5ac6d621eca79876697a354dabc1e3f?s=96&d=mm&r=g\",\"contentUrl\":\"https:\\\/\\\/secure.gravatar.com\\\/avatar\\\/db3ef399ff343d0bb9d25dc5198bc8ece5ac6d621eca79876697a354dabc1e3f?s=96&d=mm&r=g\",\"caption\":\"Larissa I. L\u00f3pez\"},\"description\":\"Doctora en Comunicaci\u00f3n. Mi trayectoria profesional ha transcurrido entre el \u00e1mbito de la comunicaci\u00f3n y el de la docencia. En los \u00faltimos a\u00f1os, he trabajado como coordinadora y redactora de la edici\u00f3n de ZENIT en espa\u00f1ol. Como profesora, he impartido clases en la universidad y en centros de FP y bachillerato. Cordobesa de nacimiento, tambi\u00e9n he vivido en Sevilla, Madrid y Roma\",\"url\":\"https:\\\/\\\/exaudi.org\\\/es\\\/author\\\/llopezexaudi-org\\\/\"}]}<\/script>\n<!-- \/ Yoast SEO plugin. -->","yoast_head_json":{"title":"Obispos dominicanos proponen crear Ministerio de la Familia &#8211; Exaudi","description":"Los obispos dominicanos proponen, a trav\u00e9s de la Comisi\u00f3n de Familia, la creaci\u00f3n de un Ministerio de la Familia en el pa\u00eds","robots":{"index":"index","follow":"follow","max-snippet":"max-snippet:-1","max-image-preview":"max-image-preview:large","max-video-preview":"max-video-preview:-1"},"canonical":"https:\/\/exaudi.org\/es\/obispos-dominicanos-proponen-crear-ministerio-de-la-familia\/","og_locale":"es_ES","og_type":"article","og_title":"Obispos dominicanos proponen crear Ministerio de la Familia &#8211; Exaudi","og_description":"Los obispos dominicanos proponen, a trav\u00e9s de la Comisi\u00f3n de Familia, la creaci\u00f3n de un Ministerio de la Familia en el pa\u00eds","og_url":"https:\/\/exaudi.org\/es\/obispos-dominicanos-proponen-crear-ministerio-de-la-familia\/","og_site_name":"Exaudi","article_publisher":"https:\/\/www.facebook.com\/ExaudiNews","article_published_time":"2021-11-02T11:12:06+00:00","og_image":[{"width":1024,"height":662,"url":"https:\/\/exaudi.org\/wp-content\/uploads\/2021\/11\/Presentacion-del-manifiesto-de-la-familia.jpeg","type":"image\/jpeg"}],"author":"Larissa I. L\u00f3pez","twitter_card":"summary_large_image","twitter_creator":"@Exaudi_News","twitter_site":"@Exaudi_News","twitter_misc":{"Escrito por":"Larissa I. L\u00f3pez","Tiempo de lectura":"3 minutos"},"schema":{"@context":"https:\/\/schema.org","@graph":[{"@type":"Article","@id":"https:\/\/exaudi.org\/es\/obispos-dominicanos-proponen-crear-ministerio-de-la-familia\/#article","isPartOf":{"@id":"https:\/\/exaudi.org\/es\/obispos-dominicanos-proponen-crear-ministerio-de-la-familia\/"},"author":{"name":"Larissa I. L\u00f3pez","@id":"https:\/\/exaudi.org\/#\/schema\/person\/7d2f77db033c2c0929edfab6dbe8c588"},"headline":"Obispos dominicanos proponen crear Ministerio de la Familia","datePublished":"2021-11-02T11:12:06+00:00","mainEntityOfPage":{"@id":"https:\/\/exaudi.org\/es\/obispos-dominicanos-proponen-crear-ministerio-de-la-familia\/"},"wordCount":607,"commentCount":0,"image":{"@id":"https:\/\/exaudi.org\/es\/obispos-dominicanos-proponen-crear-ministerio-de-la-familia\/#primaryimage"},"thumbnailUrl":"https:\/\/exaudi.org\/wp-content\/uploads\/2021\/11\/Presentacion-del-manifiesto-de-la-familia.jpeg","keywords":["Conferencia del Episcopado Dominicano (CED)","Ministerio de la Familia","Rep\u00fablica Dominicana"],"articleSection":["Iglesia Local","Matrimonio y Familia","\u00daltimas noticias"],"inLanguage":"es","potentialAction":[{"@type":"CommentAction","name":"Comment","target":["https:\/\/exaudi.org\/es\/obispos-dominicanos-proponen-crear-ministerio-de-la-familia\/#respond"]}]},{"@type":"WebPage","@id":"https:\/\/exaudi.org\/es\/obispos-dominicanos-proponen-crear-ministerio-de-la-familia\/","url":"https:\/\/exaudi.org\/es\/obispos-dominicanos-proponen-crear-ministerio-de-la-familia\/","name":"Obispos dominicanos proponen crear Ministerio de la Familia &#8211; Exaudi","isPartOf":{"@id":"https:\/\/exaudi.org\/#website"},"primaryImageOfPage":{"@id":"https:\/\/exaudi.org\/es\/obispos-dominicanos-proponen-crear-ministerio-de-la-familia\/#primaryimage"},"image":{"@id":"https:\/\/exaudi.org\/es\/obispos-dominicanos-proponen-crear-ministerio-de-la-familia\/#primaryimage"},"thumbnailUrl":"https:\/\/exaudi.org\/wp-content\/uploads\/2021\/11\/Presentacion-del-manifiesto-de-la-familia.jpeg","datePublished":"2021-11-02T11:12:06+00:00","author":{"@id":"https:\/\/exaudi.org\/#\/schema\/person\/7d2f77db033c2c0929edfab6dbe8c588"},"description":"Los obispos dominicanos proponen, a trav\u00e9s de la Comisi\u00f3n de Familia, la creaci\u00f3n de un Ministerio de la Familia en el pa\u00eds","breadcrumb":{"@id":"https:\/\/exaudi.org\/es\/obispos-dominicanos-proponen-crear-ministerio-de-la-familia\/#breadcrumb"},"inLanguage":"es","potentialAction":[{"@type":"ReadAction","target":["https:\/\/exaudi.org\/es\/obispos-dominicanos-proponen-crear-ministerio-de-la-familia\/"]}]},{"@type":"ImageObject","inLanguage":"es","@id":"https:\/\/exaudi.org\/es\/obispos-dominicanos-proponen-crear-ministerio-de-la-familia\/#primaryimage","url":"https:\/\/exaudi.org\/wp-content\/uploads\/2021\/11\/Presentacion-del-manifiesto-de-la-familia.jpeg","contentUrl":"https:\/\/exaudi.org\/wp-content\/uploads\/2021\/11\/Presentacion-del-manifiesto-de-la-familia.jpeg","width":1024,"height":662,"caption":"Presentacion del manifiesto de la familia \u00a9 Conferencia del Episcopado Dominicano"},{"@type":"BreadcrumbList","@id":"https:\/\/exaudi.org\/es\/obispos-dominicanos-proponen-crear-ministerio-de-la-familia\/#breadcrumb","itemListElement":[{"@type":"ListItem","position":1,"name":"Portada","item":"https:\/\/exaudi.org\/es\/"},{"@type":"ListItem","position":2,"name":"Obispos dominicanos proponen crear Ministerio de la Familia"}]},{"@type":"WebSite","@id":"https:\/\/exaudi.org\/#website","url":"https:\/\/exaudi.org\/","name":"Exaudi","description":"News","potentialAction":[{"@type":"SearchAction","target":{"@type":"EntryPoint","urlTemplate":"https:\/\/exaudi.org\/?s={search_term_string}"},"query-input":{"@type":"PropertyValueSpecification","valueRequired":true,"valueName":"search_term_string"}}],"inLanguage":"es"},{"@type":"Person","@id":"https:\/\/exaudi.org\/#\/schema\/person\/7d2f77db033c2c0929edfab6dbe8c588","name":"Larissa I. L\u00f3pez","image":{"@type":"ImageObject","inLanguage":"es","@id":"https:\/\/secure.gravatar.com\/avatar\/db3ef399ff343d0bb9d25dc5198bc8ece5ac6d621eca79876697a354dabc1e3f?s=96&d=mm&r=g","url":"https:\/\/secure.gravatar.com\/avatar\/db3ef399ff343d0bb9d25dc5198bc8ece5ac6d621eca79876697a354dabc1e3f?s=96&d=mm&r=g","contentUrl":"https:\/\/secure.gravatar.com\/avatar\/db3ef399ff343d0bb9d25dc5198bc8ece5ac6d621eca79876697a354dabc1e3f?s=96&d=mm&r=g","caption":"Larissa I. L\u00f3pez"},"description":"Doctora en Comunicaci\u00f3n. Mi trayectoria profesional ha transcurrido entre el \u00e1mbito de la comunicaci\u00f3n y el de la docencia. En los \u00faltimos a\u00f1os, he trabajado como coordinadora y redactora de la edici\u00f3n de ZENIT en espa\u00f1ol. Como profesora, he impartido clases en la universidad y en centros de FP y bachillerato. Cordobesa de nacimiento, tambi\u00e9n he vivido en Sevilla, Madrid y Roma","url":"https:\/\/exaudi.org\/es\/author\/llopezexaudi-org\/"}]}},"jetpack_featured_media_url":"https:\/\/exaudi.org\/wp-content\/uploads\/2021\/11\/Presentacion-del-manifiesto-de-la-familia.jpeg","jetpack_shortlink":"https:\/\/wp.me\/pgKjF2-a1L","_links":{"self":[{"href":"https:\/\/exaudi.org\/es\/wp-json\/wp\/v2\/posts\/38549","targetHints":{"allow":["GET"]}}],"collection":[{"href":"https:\/\/exaudi.org\/es\/wp-json\/wp\/v2\/posts"}],"about":[{"href":"https:\/\/exaudi.org\/es\/wp-json\/wp\/v2\/types\/post"}],"author":[{"embeddable":true,"href":"https:\/\/exaudi.org\/es\/wp-json\/wp\/v2\/users\/5"}],"replies":[{"embeddable":true,"href":"https:\/\/exaudi.org\/es\/wp-json\/wp\/v2\/comments?post=38549"}],"version-history":[{"count":0,"href":"https:\/\/exaudi.org\/es\/wp-json\/wp\/v2\/posts\/38549\/revisions"}],"wp:featuredmedia":[{"embeddable":true,"href":"https:\/\/exaudi.org\/es\/wp-json\/wp\/v2\/media\/38554"}],"wp:attachment":[{"href":"https:\/\/exaudi.org\/es\/wp-json\/wp\/v2\/media?parent=38549"}],"wp:term":[{"taxonomy":"category","embeddable":true,"href":"https:\/\/exaudi.org\/es\/wp-json\/wp\/v2\/categories?post=38549"},{"taxonomy":"post_tag","embeddable":true,"href":"https:\/\/exaudi.org\/es\/wp-json\/wp\/v2\/tags?post=38549"}],"curies":[{"name":"wp","href":"https:\/\/api.w.org\/{rel}","templated":true}]}}