{"id":38413,"date":"2021-10-31T14:39:13","date_gmt":"2021-10-31T13:39:13","guid":{"rendered":"https:\/\/exaudi.wpengine.com\/?p=38413"},"modified":"2021-11-02T10:00:17","modified_gmt":"2021-11-02T09:00:17","slug":"papa-en-el-angelus-amor-a-dios-y-al-projimo","status":"publish","type":"post","link":"https:\/\/exaudi.org\/es\/papa-en-el-angelus-amor-a-dios-y-al-projimo\/","title":{"rendered":"Papa en el \u00c1ngelus: Amor a Dios y al pr\u00f3jimo"},"content":{"rendered":"<p>El Papa Francisco, en la oraci\u00f3n del <a href=\"https:\/\/exaudi.wpengine.com\/es\/oracion-del-papa-por-vietnam-sicilia-haiti-y-la-cop26\/\" target=\"_blank\" rel=\"noopener\">\u00c1ngelus<\/a> de hoy, domingo, 31 de octubre de 2021, record\u00f3 el mensaje de Jes\u00fas en el <a href=\"https:\/\/www.dominicos.org\/predicacion\/evangelio-del-dia\/hoy\/lecturas\/\" target=\"_blank\" rel=\"noopener\">Evangelio del d\u00eda<\/a>, (<em>Mc <\/em>12, 28b-34), que habla del amor a Dios y al pr\u00f3jimo.<\/p>\n<p>\u201cEl Evangelio habla de un escriba que se acerca a Jes\u00fas y le pregunta: \u201c\u00bfCu\u00e1l es el primero de todos los mandamientos?\u201d (<em>Mc<\/em>\u00a012,28). Jes\u00fas contesta citando la Escritura y afirma que el primer mandamiento es amar a Dios; de este, como consecuencia natural, se deriva el segundo: amar al pr\u00f3jimo como a s\u00ed mismo (cf. vv.<em>\u00a0<\/em>29-31). Al o\u00edr esta respuesta, el escriba no solo reconoce que es justa, sino que, al hacerlo, al reconocer que es justa, repite casi las mismas palabras pronunciadas por Jes\u00fas: &#8216;Muy bien, Maestro; tienes raz\u00f3n al decir que [\u2026] amarle con todo el coraz\u00f3n, con toda la inteligencia y con todas las fuerzas, y amar al pr\u00f3jimo como a s\u00ed mismo vale m\u00e1s que todos los holocaustos y sacrificios&#8217; (vv.<em>\u00a0<\/em>32-33)\u201d.<\/p>\n<p>Francisco explic\u00f3 que el escriba, al escuchar la respuesta de Jes\u00fas, repiti\u00f3 sus palabras. Y dijo que la Palabra de Dios debe repetirse, no simplemente recibirse. \u201cEsta repetici\u00f3n es una ense\u00f1anza para todos nosotros que escuchamos\u201d, dijo el Santo Padre. \u201cPorque la Palabra del Se\u00f1or no puede ser recibida como cualquier noticia. La Palabra del Se\u00f1or hay que repetirla, asumirla, custodiarla\u201d, a\u00f1adi\u00f3.<\/p>\n<p>El Papa tambi\u00e9n tuvo una recomendaci\u00f3n para quienes escuchan en la plaza de San Pedro y en todo el mundo a trav\u00e9s de los medios: \u201cPor esto es tan importante familiarizar con el Evangelio, tenerlo siempre al alcance de la mano \u2014incluso un peque\u00f1o Evangelio en el bolsillo, en el bolso\u2014<strong>\u00a0<\/strong>para leerlo y releerlo, apasionarse. Cuando lo hacemos, Jes\u00fas, Palabra del Padre, entra en nuestro coraz\u00f3n, se vuelve \u00edntimo y nosotros damos frutos en \u00c9l\u201d.<\/p>\n<p>A continuaci\u00f3n, siguen las palabras del Papa al introducir la oraci\u00f3n mariana, ofrecidas por la <a href=\"https:\/\/www.vatican.va\/news_services\/press\/index_sp.htm\" target=\"_blank\" rel=\"noopener\">Oficina de Prensa de la Santa Sede<\/a>.<\/p>\n<p>***<\/p>\n<h4><strong>Palabras del Papa<\/strong><\/h4>\n<p><em>Queridos hermanos y hermanas, \u00a1buenos d\u00edas!<\/em><\/p>\n<p>En la Liturgia de hoy, el Evangelio habla de un escriba que se acerca a Jes\u00fas y le pregunta: \u201c\u00bfCu\u00e1l es el primero de todos los mandamientos?\u201d (<em>Mc<\/em>\u00a012,28). Jes\u00fas contesta citando la Escritura y afirma que el primer mandamiento es amar a Dios; de este, como consecuencia natural, se deriva el segundo: amar al pr\u00f3jimo como a s\u00ed mismo (cf. vv.<em>\u00a0<\/em>29-31). Al o\u00edr esta respuesta, el escriba no solo reconoce que es justa, sino que, al hacerlo, al reconocer que es justa, repite casi las mismas palabras pronunciadas por Jes\u00fas: \u201cMuy bien, Maestro; tienes raz\u00f3n al decir que [\u2026] amarle con todo el coraz\u00f3n, con toda la inteligencia y con todas las fuerzas, y amar al pr\u00f3jimo como a s\u00ed mismo vale m\u00e1s que todos los holocaustos y sacrificios\u201d (vv.<em>\u00a0<\/em>32-33).<\/p>\n<p>Podemos preguntarnos, \u00bfpor qu\u00e9, al dar su asentimiento, el escriba siente la necesidad de repetir las mismas palabras de Jes\u00fas? Esta repetici\u00f3n es a\u00fan m\u00e1s sorprendente si pensamos que estamos en el Evangelio de Marcos, que tiene un estilo muy conciso. \u00bfQu\u00e9 sentido tiene esta repetici\u00f3n? Esta repetici\u00f3n es una ense\u00f1anza para todos nosotros que escuchamos. Porque la Palabra del Se\u00f1or no puede ser recibida como cualquier noticia. La Palabra del Se\u00f1or hay que repetirla, asumirla, custodiarla. La tradici\u00f3n mon\u00e1stica, de los monjes, utiliza un t\u00e9rmino audaz, pero muy concreto. Dice as\u00ed: la Palabra de Dios ha de ser \u201crumiada\u201d. \u201cRumiar\u201d la Palabra de Dios. Podemos decir que es tan nutritiva que debe llegar a todos los \u00e1mbitos de la vida: implicar, como dice Jes\u00fas hoy, todo el coraz\u00f3n, toda el alma, toda la inteligencia, todas las fuerzas (cf. v. 30). La Palabra de Dios debe resonar, retumbar, ser un eco dentro de nosotros. Cuando existe este eco interior que se repite, significa que el Se\u00f1or habita nuestro coraz\u00f3n. Y nos dice, como a aquel buen escriba del Evangelio: \u201cNo est\u00e1s lejos del Reino de Dios\u201d (v. 34).<\/p>\n<p>Queridos hermanos y hermanas, el Se\u00f1or busca no tanto h\u00e1biles comentaristas de las Escrituras, busca corazones d\u00f3ciles que, acogiendo su Palabra, se dejan transformar dentro. Por esto es tan importante familiarizar con el Evangelio, tenerlo siempre al alcance de la mano \u2014incluso un peque\u00f1o Evangelio en el bolsillo, en el bolso\u2014<strong>\u00a0<\/strong>para leerlo y releerlo, apasionarse. Cuando lo hacemos, Jes\u00fas, Palabra del Padre, entra en nuestro coraz\u00f3n, se vuelve \u00edntimo y nosotros damos frutos en \u00c9l. Tomemos como ejemplo el Evangelio de hoy: no es suficiente leerlo y comprender que hay que amar a Dios y al pr\u00f3jimo. Es necesario que este mandamiento, que es el \u201cgran mandamiento\u201d, resuene en nosotros, sea asimilado, se convierta en voz de nuestra conciencia. Entonces no se queda en letra muerta, en el caj\u00f3n del coraz\u00f3n, porque el Esp\u00edritu Santo hace brotar en nosotros la semilla de esa Palabra. Y la Palabra de Dios act\u00faa, siempre est\u00e1 en movimiento, es viva y eficaz (cf.\u00a0<em>Hb<\/em>\u00a04,12). As\u00ed cada uno de nosotros puede convertirse en una \u201ctraducci\u00f3n\u201d viva, diferente y original. No una repetici\u00f3n, sino una \u201ctraducci\u00f3n\u201d viva, diferente y original, de la \u00fanica Palabra de amor que Dios nos dona. Esto, por ejemplo, lo vemos en la vida de los santos: ninguno es igual al otro, todos son diferentes, pero todos con la misma Palabra de Dios<\/p>\n<p>Tomemos hoy ejemplo de este escriba. Repitamos las palabras de Jes\u00fas, hag\u00e1moslas resonar en nosotros: \u201cAmar a Dios con todo el coraz\u00f3n, con toda el alma, con toda la mente y con todas las fuerzas y al pr\u00f3jimo como a m\u00ed mismo\u201d. Y pregunt\u00e9monos: \u00bforienta realmente mi vida este mandamiento? \u00bfSe refleja este mandamiento en mi vida diaria? Nos har\u00e1 bien esta noche, antes de dormirnos, hacer el examen de conciencia sobre esta Palabra, para ver si hoy hemos amado al Se\u00f1or y hemos dado un poco de bien a los que nos hemos encontrado. Que cada encuentro sea dar un poco de bien, un poco de amor, que viene de esta Palabra. Que la Virgen Mar\u00eda, en quien se hizo carne el Verbo de Dios, nos ense\u00f1e a acoger en nuestro coraz\u00f3n las palabras vivas del Evangelio.<\/p>\n","protected":false},"excerpt":{"rendered":"<p>Palabras antes de la oraci\u00f3n mariana<\/p>\n","protected":false},"author":4,"featured_media":38444,"comment_status":"closed","ping_status":"closed","sticky":false,"template":"","format":"standard","meta":{"_acf_changed":false,"_crdt_document":"","inline_featured_image":false,"footnotes":""},"categories":[70,2158,298],"tags":[4738,158],"class_list":["post-38413","post","type-post","status-publish","format-standard","has-post-thumbnail","hentry","category-angelus-es","category-top-ultimas-noticias","category-ultimas-noticias","tag-angelus-31-octubre-2021","tag-papa-francisco"],"acf":[],"yoast_head":"<!-- This site is optimized with the Yoast SEO plugin v27.4 - https:\/\/yoast.com\/product\/yoast-seo-wordpress\/ -->\n<title>Papa en el \u00c1ngelus: Amor a Dios y al pr\u00f3jimo &#8211; Exaudi<\/title>\n<meta name=\"description\" content=\"El Papa en el \u00c1ngelus de hoy record\u00f3 el mensaje de Jes\u00fas en el Evangelio del d\u00eda, que habla del amor a Dios y al pr\u00f3jimo\" \/>\n<meta name=\"robots\" content=\"index, follow, max-snippet:-1, max-image-preview:large, max-video-preview:-1\" \/>\n<link rel=\"canonical\" href=\"https:\/\/exaudi.org\/es\/papa-en-el-angelus-amor-a-dios-y-al-projimo\/\" \/>\n<meta property=\"og:locale\" content=\"es_ES\" \/>\n<meta property=\"og:type\" content=\"article\" \/>\n<meta property=\"og:title\" content=\"Papa en el \u00c1ngelus: Amor a Dios y al pr\u00f3jimo &#8211; Exaudi\" \/>\n<meta property=\"og:description\" content=\"El Papa en el \u00c1ngelus de hoy record\u00f3 el mensaje de Jes\u00fas en el Evangelio del d\u00eda, que habla del amor a Dios y al pr\u00f3jimo\" \/>\n<meta property=\"og:url\" content=\"https:\/\/exaudi.org\/es\/papa-en-el-angelus-amor-a-dios-y-al-projimo\/\" \/>\n<meta property=\"og:site_name\" content=\"Exaudi\" \/>\n<meta property=\"article:publisher\" content=\"https:\/\/www.facebook.com\/ExaudiNews\" \/>\n<meta property=\"article:published_time\" content=\"2021-10-31T13:39:13+00:00\" \/>\n<meta property=\"article:modified_time\" content=\"2021-11-02T09:00:17+00:00\" \/>\n<meta property=\"og:image\" content=\"https:\/\/exaudi.org\/wp-content\/uploads\/2021\/10\/Angelus-31-octubre-2021-3.jpeg\" \/>\n\t<meta property=\"og:image:width\" content=\"1080\" \/>\n\t<meta property=\"og:image:height\" content=\"718\" \/>\n\t<meta property=\"og:image:type\" content=\"image\/jpeg\" \/>\n<meta name=\"author\" content=\"Jim Fair\" \/>\n<meta name=\"twitter:card\" content=\"summary_large_image\" \/>\n<meta name=\"twitter:creator\" content=\"@Exaudi_News\" \/>\n<meta name=\"twitter:site\" content=\"@Exaudi_News\" \/>\n<meta name=\"twitter:label1\" content=\"Escrito por\" \/>\n\t<meta name=\"twitter:data1\" content=\"Jim Fair\" \/>\n\t<meta name=\"twitter:label2\" content=\"Tiempo de lectura\" \/>\n\t<meta name=\"twitter:data2\" content=\"5 minutos\" \/>\n<script type=\"application\/ld+json\" class=\"yoast-schema-graph\">{\"@context\":\"https:\\\/\\\/schema.org\",\"@graph\":[{\"@type\":\"Article\",\"@id\":\"https:\\\/\\\/exaudi.org\\\/es\\\/papa-en-el-angelus-amor-a-dios-y-al-projimo\\\/#article\",\"isPartOf\":{\"@id\":\"https:\\\/\\\/exaudi.org\\\/es\\\/papa-en-el-angelus-amor-a-dios-y-al-projimo\\\/\"},\"author\":{\"name\":\"Jim Fair\",\"@id\":\"https:\\\/\\\/exaudi.org\\\/#\\\/schema\\\/person\\\/010bdf0d65f801cd06f263d9b37ae0f4\"},\"headline\":\"Papa en el \u00c1ngelus: Amor a Dios y al pr\u00f3jimo\",\"datePublished\":\"2021-10-31T13:39:13+00:00\",\"dateModified\":\"2021-11-02T09:00:17+00:00\",\"mainEntityOfPage\":{\"@id\":\"https:\\\/\\\/exaudi.org\\\/es\\\/papa-en-el-angelus-amor-a-dios-y-al-projimo\\\/\"},\"wordCount\":1097,\"image\":{\"@id\":\"https:\\\/\\\/exaudi.org\\\/es\\\/papa-en-el-angelus-amor-a-dios-y-al-projimo\\\/#primaryimage\"},\"thumbnailUrl\":\"https:\\\/\\\/exaudi.org\\\/wp-content\\\/uploads\\\/2021\\\/10\\\/Angelus-31-octubre-2021-3.jpeg\",\"keywords\":[\"\u00c1ngelus 31 octubre 2021\",\"papa francisco\"],\"articleSection\":[\"\u00c1ngelus\",\"Top Ultimas Noticias\",\"\u00daltimas noticias\"],\"inLanguage\":\"es\"},{\"@type\":\"WebPage\",\"@id\":\"https:\\\/\\\/exaudi.org\\\/es\\\/papa-en-el-angelus-amor-a-dios-y-al-projimo\\\/\",\"url\":\"https:\\\/\\\/exaudi.org\\\/es\\\/papa-en-el-angelus-amor-a-dios-y-al-projimo\\\/\",\"name\":\"Papa en el \u00c1ngelus: Amor a Dios y al pr\u00f3jimo &#8211; Exaudi\",\"isPartOf\":{\"@id\":\"https:\\\/\\\/exaudi.org\\\/#website\"},\"primaryImageOfPage\":{\"@id\":\"https:\\\/\\\/exaudi.org\\\/es\\\/papa-en-el-angelus-amor-a-dios-y-al-projimo\\\/#primaryimage\"},\"image\":{\"@id\":\"https:\\\/\\\/exaudi.org\\\/es\\\/papa-en-el-angelus-amor-a-dios-y-al-projimo\\\/#primaryimage\"},\"thumbnailUrl\":\"https:\\\/\\\/exaudi.org\\\/wp-content\\\/uploads\\\/2021\\\/10\\\/Angelus-31-octubre-2021-3.jpeg\",\"datePublished\":\"2021-10-31T13:39:13+00:00\",\"dateModified\":\"2021-11-02T09:00:17+00:00\",\"author\":{\"@id\":\"https:\\\/\\\/exaudi.org\\\/#\\\/schema\\\/person\\\/010bdf0d65f801cd06f263d9b37ae0f4\"},\"description\":\"El Papa en el \u00c1ngelus de hoy record\u00f3 el mensaje de Jes\u00fas en el Evangelio del d\u00eda, que habla del amor a Dios y al pr\u00f3jimo\",\"breadcrumb\":{\"@id\":\"https:\\\/\\\/exaudi.org\\\/es\\\/papa-en-el-angelus-amor-a-dios-y-al-projimo\\\/#breadcrumb\"},\"inLanguage\":\"es\",\"potentialAction\":[{\"@type\":\"ReadAction\",\"target\":[\"https:\\\/\\\/exaudi.org\\\/es\\\/papa-en-el-angelus-amor-a-dios-y-al-projimo\\\/\"]}]},{\"@type\":\"ImageObject\",\"inLanguage\":\"es\",\"@id\":\"https:\\\/\\\/exaudi.org\\\/es\\\/papa-en-el-angelus-amor-a-dios-y-al-projimo\\\/#primaryimage\",\"url\":\"https:\\\/\\\/exaudi.org\\\/wp-content\\\/uploads\\\/2021\\\/10\\\/Angelus-31-octubre-2021-3.jpeg\",\"contentUrl\":\"https:\\\/\\\/exaudi.org\\\/wp-content\\\/uploads\\\/2021\\\/10\\\/Angelus-31-octubre-2021-3.jpeg\",\"width\":1080,\"height\":718,\"caption\":\"\u00c1ngelus 31 octubre 2021\u00a9 Vatican Media\"},{\"@type\":\"BreadcrumbList\",\"@id\":\"https:\\\/\\\/exaudi.org\\\/es\\\/papa-en-el-angelus-amor-a-dios-y-al-projimo\\\/#breadcrumb\",\"itemListElement\":[{\"@type\":\"ListItem\",\"position\":1,\"name\":\"Portada\",\"item\":\"https:\\\/\\\/exaudi.org\\\/es\\\/\"},{\"@type\":\"ListItem\",\"position\":2,\"name\":\"Papa en el \u00c1ngelus: Amor a Dios y al pr\u00f3jimo\"}]},{\"@type\":\"WebSite\",\"@id\":\"https:\\\/\\\/exaudi.org\\\/#website\",\"url\":\"https:\\\/\\\/exaudi.org\\\/\",\"name\":\"Exaudi\",\"description\":\"News\",\"potentialAction\":[{\"@type\":\"SearchAction\",\"target\":{\"@type\":\"EntryPoint\",\"urlTemplate\":\"https:\\\/\\\/exaudi.org\\\/?s={search_term_string}\"},\"query-input\":{\"@type\":\"PropertyValueSpecification\",\"valueRequired\":true,\"valueName\":\"search_term_string\"}}],\"inLanguage\":\"es\"},{\"@type\":\"Person\",\"@id\":\"https:\\\/\\\/exaudi.org\\\/#\\\/schema\\\/person\\\/010bdf0d65f801cd06f263d9b37ae0f4\",\"name\":\"Jim Fair\",\"image\":{\"@type\":\"ImageObject\",\"inLanguage\":\"es\",\"@id\":\"https:\\\/\\\/secure.gravatar.com\\\/avatar\\\/d9e9a2d31abad3e51c5d8f0279fc9b21b66199b8a85886455445ed562fd46934?s=96&d=mm&r=g\",\"url\":\"https:\\\/\\\/secure.gravatar.com\\\/avatar\\\/d9e9a2d31abad3e51c5d8f0279fc9b21b66199b8a85886455445ed562fd46934?s=96&d=mm&r=g\",\"contentUrl\":\"https:\\\/\\\/secure.gravatar.com\\\/avatar\\\/d9e9a2d31abad3e51c5d8f0279fc9b21b66199b8a85886455445ed562fd46934?s=96&d=mm&r=g\",\"caption\":\"Jim Fair\"},\"description\":\"Jim Fair has spent the past two decades as a communicator for Catholic organizations. He is a convert to the Catholic faith and is grateful to his wife, Charmaine, for her continuing efforts to save his soul. They have a son and daughter, both happily married, and four grandchildren. Before devoting his life full-time to things Catholic, Jim enjoyed a 23-year career in various communications roles for large corporations. Before that, he worked as a newspaper reporter, photographer, and editor. He has served as president of the Chicago Public Relations Forum, chairman of the American Petroleum Institute General Committee on Communications, and a fellow of Greater Leadership Chicago. He was a member of the founding committee of the chemical industry\u2019s Responsible Care Program. Jim is an active member of St. John Vianney Parish in Northlake, Illinois, where he chairs the finance council.\",\"url\":\"https:\\\/\\\/exaudi.org\\\/es\\\/author\\\/jfairexaudi-org\\\/\"}]}<\/script>\n<!-- \/ Yoast SEO plugin. -->","yoast_head_json":{"title":"Papa en el \u00c1ngelus: Amor a Dios y al pr\u00f3jimo &#8211; Exaudi","description":"El Papa en el \u00c1ngelus de hoy record\u00f3 el mensaje de Jes\u00fas en el Evangelio del d\u00eda, que habla del amor a Dios y al pr\u00f3jimo","robots":{"index":"index","follow":"follow","max-snippet":"max-snippet:-1","max-image-preview":"max-image-preview:large","max-video-preview":"max-video-preview:-1"},"canonical":"https:\/\/exaudi.org\/es\/papa-en-el-angelus-amor-a-dios-y-al-projimo\/","og_locale":"es_ES","og_type":"article","og_title":"Papa en el \u00c1ngelus: Amor a Dios y al pr\u00f3jimo &#8211; Exaudi","og_description":"El Papa en el \u00c1ngelus de hoy record\u00f3 el mensaje de Jes\u00fas en el Evangelio del d\u00eda, que habla del amor a Dios y al pr\u00f3jimo","og_url":"https:\/\/exaudi.org\/es\/papa-en-el-angelus-amor-a-dios-y-al-projimo\/","og_site_name":"Exaudi","article_publisher":"https:\/\/www.facebook.com\/ExaudiNews","article_published_time":"2021-10-31T13:39:13+00:00","article_modified_time":"2021-11-02T09:00:17+00:00","og_image":[{"width":1080,"height":718,"url":"https:\/\/exaudi.org\/wp-content\/uploads\/2021\/10\/Angelus-31-octubre-2021-3.jpeg","type":"image\/jpeg"}],"author":"Jim Fair","twitter_card":"summary_large_image","twitter_creator":"@Exaudi_News","twitter_site":"@Exaudi_News","twitter_misc":{"Escrito por":"Jim Fair","Tiempo de lectura":"5 minutos"},"schema":{"@context":"https:\/\/schema.org","@graph":[{"@type":"Article","@id":"https:\/\/exaudi.org\/es\/papa-en-el-angelus-amor-a-dios-y-al-projimo\/#article","isPartOf":{"@id":"https:\/\/exaudi.org\/es\/papa-en-el-angelus-amor-a-dios-y-al-projimo\/"},"author":{"name":"Jim Fair","@id":"https:\/\/exaudi.org\/#\/schema\/person\/010bdf0d65f801cd06f263d9b37ae0f4"},"headline":"Papa en el \u00c1ngelus: Amor a Dios y al pr\u00f3jimo","datePublished":"2021-10-31T13:39:13+00:00","dateModified":"2021-11-02T09:00:17+00:00","mainEntityOfPage":{"@id":"https:\/\/exaudi.org\/es\/papa-en-el-angelus-amor-a-dios-y-al-projimo\/"},"wordCount":1097,"image":{"@id":"https:\/\/exaudi.org\/es\/papa-en-el-angelus-amor-a-dios-y-al-projimo\/#primaryimage"},"thumbnailUrl":"https:\/\/exaudi.org\/wp-content\/uploads\/2021\/10\/Angelus-31-octubre-2021-3.jpeg","keywords":["\u00c1ngelus 31 octubre 2021","papa francisco"],"articleSection":["\u00c1ngelus","Top Ultimas Noticias","\u00daltimas noticias"],"inLanguage":"es"},{"@type":"WebPage","@id":"https:\/\/exaudi.org\/es\/papa-en-el-angelus-amor-a-dios-y-al-projimo\/","url":"https:\/\/exaudi.org\/es\/papa-en-el-angelus-amor-a-dios-y-al-projimo\/","name":"Papa en el \u00c1ngelus: Amor a Dios y al pr\u00f3jimo &#8211; Exaudi","isPartOf":{"@id":"https:\/\/exaudi.org\/#website"},"primaryImageOfPage":{"@id":"https:\/\/exaudi.org\/es\/papa-en-el-angelus-amor-a-dios-y-al-projimo\/#primaryimage"},"image":{"@id":"https:\/\/exaudi.org\/es\/papa-en-el-angelus-amor-a-dios-y-al-projimo\/#primaryimage"},"thumbnailUrl":"https:\/\/exaudi.org\/wp-content\/uploads\/2021\/10\/Angelus-31-octubre-2021-3.jpeg","datePublished":"2021-10-31T13:39:13+00:00","dateModified":"2021-11-02T09:00:17+00:00","author":{"@id":"https:\/\/exaudi.org\/#\/schema\/person\/010bdf0d65f801cd06f263d9b37ae0f4"},"description":"El Papa en el \u00c1ngelus de hoy record\u00f3 el mensaje de Jes\u00fas en el Evangelio del d\u00eda, que habla del amor a Dios y al pr\u00f3jimo","breadcrumb":{"@id":"https:\/\/exaudi.org\/es\/papa-en-el-angelus-amor-a-dios-y-al-projimo\/#breadcrumb"},"inLanguage":"es","potentialAction":[{"@type":"ReadAction","target":["https:\/\/exaudi.org\/es\/papa-en-el-angelus-amor-a-dios-y-al-projimo\/"]}]},{"@type":"ImageObject","inLanguage":"es","@id":"https:\/\/exaudi.org\/es\/papa-en-el-angelus-amor-a-dios-y-al-projimo\/#primaryimage","url":"https:\/\/exaudi.org\/wp-content\/uploads\/2021\/10\/Angelus-31-octubre-2021-3.jpeg","contentUrl":"https:\/\/exaudi.org\/wp-content\/uploads\/2021\/10\/Angelus-31-octubre-2021-3.jpeg","width":1080,"height":718,"caption":"\u00c1ngelus 31 octubre 2021\u00a9 Vatican Media"},{"@type":"BreadcrumbList","@id":"https:\/\/exaudi.org\/es\/papa-en-el-angelus-amor-a-dios-y-al-projimo\/#breadcrumb","itemListElement":[{"@type":"ListItem","position":1,"name":"Portada","item":"https:\/\/exaudi.org\/es\/"},{"@type":"ListItem","position":2,"name":"Papa en el \u00c1ngelus: Amor a Dios y al pr\u00f3jimo"}]},{"@type":"WebSite","@id":"https:\/\/exaudi.org\/#website","url":"https:\/\/exaudi.org\/","name":"Exaudi","description":"News","potentialAction":[{"@type":"SearchAction","target":{"@type":"EntryPoint","urlTemplate":"https:\/\/exaudi.org\/?s={search_term_string}"},"query-input":{"@type":"PropertyValueSpecification","valueRequired":true,"valueName":"search_term_string"}}],"inLanguage":"es"},{"@type":"Person","@id":"https:\/\/exaudi.org\/#\/schema\/person\/010bdf0d65f801cd06f263d9b37ae0f4","name":"Jim Fair","image":{"@type":"ImageObject","inLanguage":"es","@id":"https:\/\/secure.gravatar.com\/avatar\/d9e9a2d31abad3e51c5d8f0279fc9b21b66199b8a85886455445ed562fd46934?s=96&d=mm&r=g","url":"https:\/\/secure.gravatar.com\/avatar\/d9e9a2d31abad3e51c5d8f0279fc9b21b66199b8a85886455445ed562fd46934?s=96&d=mm&r=g","contentUrl":"https:\/\/secure.gravatar.com\/avatar\/d9e9a2d31abad3e51c5d8f0279fc9b21b66199b8a85886455445ed562fd46934?s=96&d=mm&r=g","caption":"Jim Fair"},"description":"Jim Fair has spent the past two decades as a communicator for Catholic organizations. He is a convert to the Catholic faith and is grateful to his wife, Charmaine, for her continuing efforts to save his soul. They have a son and daughter, both happily married, and four grandchildren. Before devoting his life full-time to things Catholic, Jim enjoyed a 23-year career in various communications roles for large corporations. Before that, he worked as a newspaper reporter, photographer, and editor. He has served as president of the Chicago Public Relations Forum, chairman of the American Petroleum Institute General Committee on Communications, and a fellow of Greater Leadership Chicago. He was a member of the founding committee of the chemical industry\u2019s Responsible Care Program. Jim is an active member of St. John Vianney Parish in Northlake, Illinois, where he chairs the finance council.","url":"https:\/\/exaudi.org\/es\/author\/jfairexaudi-org\/"}]}},"jetpack_featured_media_url":"https:\/\/exaudi.org\/wp-content\/uploads\/2021\/10\/Angelus-31-octubre-2021-3.jpeg","jetpack_shortlink":"https:\/\/wp.me\/pgKjF2-9Zz","_links":{"self":[{"href":"https:\/\/exaudi.org\/es\/wp-json\/wp\/v2\/posts\/38413","targetHints":{"allow":["GET"]}}],"collection":[{"href":"https:\/\/exaudi.org\/es\/wp-json\/wp\/v2\/posts"}],"about":[{"href":"https:\/\/exaudi.org\/es\/wp-json\/wp\/v2\/types\/post"}],"author":[{"embeddable":true,"href":"https:\/\/exaudi.org\/es\/wp-json\/wp\/v2\/users\/4"}],"replies":[{"embeddable":true,"href":"https:\/\/exaudi.org\/es\/wp-json\/wp\/v2\/comments?post=38413"}],"version-history":[{"count":0,"href":"https:\/\/exaudi.org\/es\/wp-json\/wp\/v2\/posts\/38413\/revisions"}],"wp:featuredmedia":[{"embeddable":true,"href":"https:\/\/exaudi.org\/es\/wp-json\/wp\/v2\/media\/38444"}],"wp:attachment":[{"href":"https:\/\/exaudi.org\/es\/wp-json\/wp\/v2\/media?parent=38413"}],"wp:term":[{"taxonomy":"category","embeddable":true,"href":"https:\/\/exaudi.org\/es\/wp-json\/wp\/v2\/categories?post=38413"},{"taxonomy":"post_tag","embeddable":true,"href":"https:\/\/exaudi.org\/es\/wp-json\/wp\/v2\/tags?post=38413"}],"curies":[{"name":"wp","href":"https:\/\/api.w.org\/{rel}","templated":true}]}}