{"id":38362,"date":"2021-10-29T19:14:56","date_gmt":"2021-10-29T17:14:56","guid":{"rendered":"https:\/\/exaudi.wpengine.com\/?p=38362"},"modified":"2021-11-02T08:36:43","modified_gmt":"2021-11-02T07:36:43","slug":"3a-peregrinacion-virtual-a-tierra-santa-rifa-final","status":"publish","type":"post","link":"https:\/\/exaudi.org\/es\/3a-peregrinacion-virtual-a-tierra-santa-rifa-final\/","title":{"rendered":"3\u00aa Peregrinaci\u00f3n Virtual a Tierra Santa: Rifa final"},"content":{"rendered":"<p>Magdala invita a ser part\u00edcipe de la Rifa Final, evento conclusivo de la 3\u00aa Peregrinaci\u00f3n Virtual \u201cRecorriendo la Tierra Santa de la mano de Mar\u00eda Magdalena\u201d. Esta se llevar\u00e1 a cabo el domingo 31 de octubre a las 10, hora local de la Ciudad de M\u00e9xico; 18 h. en Tierra Santa. El modo para participar en la Rifa es estar registrado en la Peregrinaci\u00f3n.<\/p>\n<p>Si no te has registrado puedes hacerlo en el siguiente enlace: <a href=\"https:\/\/email.magdala.org\/h\/y\/5947E75FE40A30D8\">https:\/\/email.magdala.org\/h\/y\/5947E75FE40A30D8<\/a><\/p>\n<p>Para actualizar la informaci\u00f3n o comprobar que hay registro es necesario volver a completar el formulario de registro con el n\u00famero telef\u00f3nico y se actualiza autom\u00e1ticamente. Cabe mencionar que no hay un n\u00famero de registro, solamente es necesario estar registrado. La forma de comprobar que el peregrino virtual est\u00e1 registrado recibe diariamente un e-mail con el recordatorio de cada video de la peregrinaci\u00f3n.<\/p>\n<p>Los premios de la Rifa son variados, entre ellos se encuentran peregrinaciones a Tierra Santa. Al ganador se le realizar\u00e1 una llamada para avisarle que ha ganado. Si no contesta, pierde el premio. Esto debido a que en rifas anteriores se han perdido los premios al no responder los ganadores.<\/p>\n<p>Del 28 de septiembre al 4 de noviembre de 2021, ha tenido lugar la Peregrinaci\u00f3n Virtual de Sanaci\u00f3n recorriendo Tierra Santa, acompa\u00f1ado por la intercesi\u00f3n de la \u201cap\u00f3stola de los Ap\u00f3stoles\u201d. Esta iniciativa ha sido dirigida por el padre Juan Solana, director y fundador del\u00a0<a href=\"https:\/\/www.magdala.org\/?lang=es\" target=\"_blank\" rel=\"noopener\">Proyecto Magdala<\/a>, y\u00a0<a href=\"https:\/\/exaudi.org\/es\/instituto-sanando-mi-corazon-plataforma-virtual-de-sanacion-interior\/\">Gaby Jacoba<\/a>, fundadora del Instituto\u00a0<a href=\"https:\/\/gabyjacoba.kartra.com\/page\/inicio\">\u201cSanando mi Coraz\u00f3n\u201d<\/a>.<\/p>\n","protected":false},"excerpt":{"rendered":"<p>El 31 de octubre<\/p>\n","protected":false},"author":15,"featured_media":38364,"comment_status":"open","ping_status":"open","sticky":false,"template":"","format":"standard","meta":{"_acf_changed":false,"_crdt_document":"","inline_featured_image":false,"footnotes":""},"categories":[74,298],"tags":[813,392],"class_list":["post-38362","post","type-post","status-publish","format-standard","has-post-thumbnail","hentry","category-iglesia-y-mundo","category-ultimas-noticias","tag-proyecto-magdala","tag-tierra-santa"],"acf":[],"yoast_head":"<!-- This site is optimized with the Yoast SEO plugin v27.4 - https:\/\/yoast.com\/product\/yoast-seo-wordpress\/ -->\n<title>3\u00aa Peregrinaci\u00f3n Virtual a Tierra Santa: Rifa final &#8211; Exaudi<\/title>\n<meta name=\"description\" content=\"Magdala invita a ser part\u00edcipe de la Rifa Final, evento conclusivo de la 3\u00aa Peregrinaci\u00f3n Virtual a Tierra Santa\" \/>\n<meta name=\"robots\" content=\"index, follow, max-snippet:-1, max-image-preview:large, max-video-preview:-1\" \/>\n<link rel=\"canonical\" href=\"https:\/\/exaudi.org\/es\/3a-peregrinacion-virtual-a-tierra-santa-rifa-final\/\" \/>\n<meta property=\"og:locale\" content=\"es_ES\" \/>\n<meta property=\"og:type\" content=\"article\" \/>\n<meta property=\"og:title\" content=\"3\u00aa Peregrinaci\u00f3n Virtual a Tierra Santa: Rifa final &#8211; Exaudi\" \/>\n<meta property=\"og:description\" content=\"Magdala invita a ser part\u00edcipe de la Rifa Final, evento conclusivo de la 3\u00aa Peregrinaci\u00f3n Virtual a Tierra Santa\" \/>\n<meta property=\"og:url\" content=\"https:\/\/exaudi.org\/es\/3a-peregrinacion-virtual-a-tierra-santa-rifa-final\/\" \/>\n<meta property=\"og:site_name\" content=\"Exaudi\" \/>\n<meta property=\"article:publisher\" content=\"https:\/\/www.facebook.com\/ExaudiNews\" \/>\n<meta property=\"article:author\" content=\"https:\/\/www.facebook.com\/ExaudiNoticias\/\" \/>\n<meta property=\"article:published_time\" content=\"2021-10-29T17:14:56+00:00\" \/>\n<meta property=\"article:modified_time\" content=\"2021-11-02T07:36:43+00:00\" \/>\n<meta property=\"og:image\" content=\"https:\/\/exaudi.org\/wp-content\/uploads\/2021\/10\/Magdala.jpg\" \/>\n\t<meta property=\"og:image:width\" content=\"2048\" \/>\n\t<meta property=\"og:image:height\" content=\"1365\" \/>\n\t<meta property=\"og:image:type\" content=\"image\/jpeg\" \/>\n<meta name=\"author\" content=\"Exaudi Redacci\u00f3n\" \/>\n<meta name=\"twitter:card\" content=\"summary_large_image\" \/>\n<meta name=\"twitter:creator\" content=\"@Exaudi_noticias\" \/>\n<meta name=\"twitter:site\" content=\"@Exaudi_News\" \/>\n<meta name=\"twitter:label1\" content=\"Escrito por\" \/>\n\t<meta name=\"twitter:data1\" content=\"Exaudi Redacci\u00f3n\" \/>\n\t<meta name=\"twitter:label2\" content=\"Tiempo de lectura\" \/>\n\t<meta name=\"twitter:data2\" content=\"2 minutos\" \/>\n<script type=\"application\/ld+json\" class=\"yoast-schema-graph\">{\"@context\":\"https:\\\/\\\/schema.org\",\"@graph\":[{\"@type\":\"Article\",\"@id\":\"https:\\\/\\\/exaudi.org\\\/es\\\/3a-peregrinacion-virtual-a-tierra-santa-rifa-final\\\/#article\",\"isPartOf\":{\"@id\":\"https:\\\/\\\/exaudi.org\\\/es\\\/3a-peregrinacion-virtual-a-tierra-santa-rifa-final\\\/\"},\"author\":{\"name\":\"Exaudi Redacci\u00f3n\",\"@id\":\"https:\\\/\\\/exaudi.org\\\/#\\\/schema\\\/person\\\/f5fc8f063065e38742da7afe15f25df7\"},\"headline\":\"3\u00aa Peregrinaci\u00f3n Virtual a Tierra Santa: Rifa final\",\"datePublished\":\"2021-10-29T17:14:56+00:00\",\"dateModified\":\"2021-11-02T07:36:43+00:00\",\"mainEntityOfPage\":{\"@id\":\"https:\\\/\\\/exaudi.org\\\/es\\\/3a-peregrinacion-virtual-a-tierra-santa-rifa-final\\\/\"},\"wordCount\":273,\"commentCount\":0,\"image\":{\"@id\":\"https:\\\/\\\/exaudi.org\\\/es\\\/3a-peregrinacion-virtual-a-tierra-santa-rifa-final\\\/#primaryimage\"},\"thumbnailUrl\":\"https:\\\/\\\/exaudi.org\\\/wp-content\\\/uploads\\\/2021\\\/10\\\/Magdala.jpg\",\"keywords\":[\"Proyecto Magdala\",\"Tierra Santa\"],\"articleSection\":[\"Iglesia y Mundo\",\"\u00daltimas noticias\"],\"inLanguage\":\"es\",\"potentialAction\":[{\"@type\":\"CommentAction\",\"name\":\"Comment\",\"target\":[\"https:\\\/\\\/exaudi.org\\\/es\\\/3a-peregrinacion-virtual-a-tierra-santa-rifa-final\\\/#respond\"]}]},{\"@type\":\"WebPage\",\"@id\":\"https:\\\/\\\/exaudi.org\\\/es\\\/3a-peregrinacion-virtual-a-tierra-santa-rifa-final\\\/\",\"url\":\"https:\\\/\\\/exaudi.org\\\/es\\\/3a-peregrinacion-virtual-a-tierra-santa-rifa-final\\\/\",\"name\":\"3\u00aa Peregrinaci\u00f3n Virtual a Tierra Santa: Rifa final &#8211; Exaudi\",\"isPartOf\":{\"@id\":\"https:\\\/\\\/exaudi.org\\\/#website\"},\"primaryImageOfPage\":{\"@id\":\"https:\\\/\\\/exaudi.org\\\/es\\\/3a-peregrinacion-virtual-a-tierra-santa-rifa-final\\\/#primaryimage\"},\"image\":{\"@id\":\"https:\\\/\\\/exaudi.org\\\/es\\\/3a-peregrinacion-virtual-a-tierra-santa-rifa-final\\\/#primaryimage\"},\"thumbnailUrl\":\"https:\\\/\\\/exaudi.org\\\/wp-content\\\/uploads\\\/2021\\\/10\\\/Magdala.jpg\",\"datePublished\":\"2021-10-29T17:14:56+00:00\",\"dateModified\":\"2021-11-02T07:36:43+00:00\",\"author\":{\"@id\":\"https:\\\/\\\/exaudi.org\\\/#\\\/schema\\\/person\\\/f5fc8f063065e38742da7afe15f25df7\"},\"description\":\"Magdala invita a ser part\u00edcipe de la Rifa Final, evento conclusivo de la 3\u00aa Peregrinaci\u00f3n Virtual a Tierra Santa\",\"breadcrumb\":{\"@id\":\"https:\\\/\\\/exaudi.org\\\/es\\\/3a-peregrinacion-virtual-a-tierra-santa-rifa-final\\\/#breadcrumb\"},\"inLanguage\":\"es\",\"potentialAction\":[{\"@type\":\"ReadAction\",\"target\":[\"https:\\\/\\\/exaudi.org\\\/es\\\/3a-peregrinacion-virtual-a-tierra-santa-rifa-final\\\/\"]}]},{\"@type\":\"ImageObject\",\"inLanguage\":\"es\",\"@id\":\"https:\\\/\\\/exaudi.org\\\/es\\\/3a-peregrinacion-virtual-a-tierra-santa-rifa-final\\\/#primaryimage\",\"url\":\"https:\\\/\\\/exaudi.org\\\/wp-content\\\/uploads\\\/2021\\\/10\\\/Magdala.jpg\",\"contentUrl\":\"https:\\\/\\\/exaudi.org\\\/wp-content\\\/uploads\\\/2021\\\/10\\\/Magdala.jpg\",\"width\":2048,\"height\":1365,\"caption\":\"\u00a9 Proyecto Magdala\"},{\"@type\":\"BreadcrumbList\",\"@id\":\"https:\\\/\\\/exaudi.org\\\/es\\\/3a-peregrinacion-virtual-a-tierra-santa-rifa-final\\\/#breadcrumb\",\"itemListElement\":[{\"@type\":\"ListItem\",\"position\":1,\"name\":\"Portada\",\"item\":\"https:\\\/\\\/exaudi.org\\\/es\\\/\"},{\"@type\":\"ListItem\",\"position\":2,\"name\":\"3\u00aa Peregrinaci\u00f3n Virtual a Tierra Santa: Rifa final\"}]},{\"@type\":\"WebSite\",\"@id\":\"https:\\\/\\\/exaudi.org\\\/#website\",\"url\":\"https:\\\/\\\/exaudi.org\\\/\",\"name\":\"Exaudi\",\"description\":\"News\",\"potentialAction\":[{\"@type\":\"SearchAction\",\"target\":{\"@type\":\"EntryPoint\",\"urlTemplate\":\"https:\\\/\\\/exaudi.org\\\/?s={search_term_string}\"},\"query-input\":{\"@type\":\"PropertyValueSpecification\",\"valueRequired\":true,\"valueName\":\"search_term_string\"}}],\"inLanguage\":\"es\"},{\"@type\":\"Person\",\"@id\":\"https:\\\/\\\/exaudi.org\\\/#\\\/schema\\\/person\\\/f5fc8f063065e38742da7afe15f25df7\",\"name\":\"Exaudi Redacci\u00f3n\",\"image\":{\"@type\":\"ImageObject\",\"inLanguage\":\"es\",\"@id\":\"https:\\\/\\\/secure.gravatar.com\\\/avatar\\\/fe0f6a059fb68d9b3e11bc5850dd4899b1c7492091a3cb6dd9b01b56ad828be2?s=96&d=mm&r=g\",\"url\":\"https:\\\/\\\/secure.gravatar.com\\\/avatar\\\/fe0f6a059fb68d9b3e11bc5850dd4899b1c7492091a3cb6dd9b01b56ad828be2?s=96&d=mm&r=g\",\"contentUrl\":\"https:\\\/\\\/secure.gravatar.com\\\/avatar\\\/fe0f6a059fb68d9b3e11bc5850dd4899b1c7492091a3cb6dd9b01b56ad828be2?s=96&d=mm&r=g\",\"caption\":\"Exaudi Redacci\u00f3n\"},\"description\":\"\u00bfQu\u00e9 es Exaudi News? Exaudi News es un medio de comunicaci\u00f3n cat\u00f3lico internacional que informa, forma y transforma, diariamente en espa\u00f1ol, ingl\u00e9s e italiano. A trav\u00e9s de noticias, art\u00edculos de an\u00e1lisis y transmisiones en directo de los eventos del Papa, Exaudi busca fortalecer la unidad de los cristianos y contribuir a la evangelizaci\u00f3n del mundo, siempre guiados por la doctrina social de la Iglesia. Trabajamos para acercar la verdad y los valores cristianos a cada rinc\u00f3n del planeta. \u00a1Ay\u00fadanos a transformar el mundo con Exaudi! En Exaudi creemos que la evangelizaci\u00f3n y la informaci\u00f3n de calidad pueden cambiar vidas. Para continuar con nuestra misi\u00f3n y expandir nuestro alcance, necesitamos tu ayuda. Adem\u00e1s, buscamos personas comprometidas que deseen unirse a nuestro equipo. Con tu apoyo, lograremos llegar a m\u00e1s personas, difundir el mensaje de Cristo y reforzar la unidad de los cristianos. \u00bfTe unes a nuestra misi\u00f3n? Para m\u00e1s informaci\u00f3n sobre c\u00f3mo colaborar, visita Exaudi.org\\\/es o cont\u00e1ctanos directamente: info@exaudi.org Exaudi: Informa, forma y transforma.\",\"sameAs\":[\"https:\\\/\\\/www.facebook.com\\\/ExaudiNoticias\\\/\",\"https:\\\/\\\/www.instagram.com\\\/exaudi_noticias\\\/\",\"https:\\\/\\\/x.com\\\/Exaudi_noticias\",\"https:\\\/\\\/www.youtube.com\\\/@exaudicatholicnews\"],\"url\":\"https:\\\/\\\/exaudi.org\\\/es\\\/author\\\/redaccionexaudi\\\/\"}]}<\/script>\n<!-- \/ Yoast SEO plugin. -->","yoast_head_json":{"title":"3\u00aa Peregrinaci\u00f3n Virtual a Tierra Santa: Rifa final &#8211; Exaudi","description":"Magdala invita a ser part\u00edcipe de la Rifa Final, evento conclusivo de la 3\u00aa Peregrinaci\u00f3n Virtual a Tierra Santa","robots":{"index":"index","follow":"follow","max-snippet":"max-snippet:-1","max-image-preview":"max-image-preview:large","max-video-preview":"max-video-preview:-1"},"canonical":"https:\/\/exaudi.org\/es\/3a-peregrinacion-virtual-a-tierra-santa-rifa-final\/","og_locale":"es_ES","og_type":"article","og_title":"3\u00aa Peregrinaci\u00f3n Virtual a Tierra Santa: Rifa final &#8211; Exaudi","og_description":"Magdala invita a ser part\u00edcipe de la Rifa Final, evento conclusivo de la 3\u00aa Peregrinaci\u00f3n Virtual a Tierra Santa","og_url":"https:\/\/exaudi.org\/es\/3a-peregrinacion-virtual-a-tierra-santa-rifa-final\/","og_site_name":"Exaudi","article_publisher":"https:\/\/www.facebook.com\/ExaudiNews","article_author":"https:\/\/www.facebook.com\/ExaudiNoticias\/","article_published_time":"2021-10-29T17:14:56+00:00","article_modified_time":"2021-11-02T07:36:43+00:00","og_image":[{"width":2048,"height":1365,"url":"https:\/\/exaudi.org\/wp-content\/uploads\/2021\/10\/Magdala.jpg","type":"image\/jpeg"}],"author":"Exaudi Redacci\u00f3n","twitter_card":"summary_large_image","twitter_creator":"@Exaudi_noticias","twitter_site":"@Exaudi_News","twitter_misc":{"Escrito por":"Exaudi Redacci\u00f3n","Tiempo de lectura":"2 minutos"},"schema":{"@context":"https:\/\/schema.org","@graph":[{"@type":"Article","@id":"https:\/\/exaudi.org\/es\/3a-peregrinacion-virtual-a-tierra-santa-rifa-final\/#article","isPartOf":{"@id":"https:\/\/exaudi.org\/es\/3a-peregrinacion-virtual-a-tierra-santa-rifa-final\/"},"author":{"name":"Exaudi Redacci\u00f3n","@id":"https:\/\/exaudi.org\/#\/schema\/person\/f5fc8f063065e38742da7afe15f25df7"},"headline":"3\u00aa Peregrinaci\u00f3n Virtual a Tierra Santa: Rifa final","datePublished":"2021-10-29T17:14:56+00:00","dateModified":"2021-11-02T07:36:43+00:00","mainEntityOfPage":{"@id":"https:\/\/exaudi.org\/es\/3a-peregrinacion-virtual-a-tierra-santa-rifa-final\/"},"wordCount":273,"commentCount":0,"image":{"@id":"https:\/\/exaudi.org\/es\/3a-peregrinacion-virtual-a-tierra-santa-rifa-final\/#primaryimage"},"thumbnailUrl":"https:\/\/exaudi.org\/wp-content\/uploads\/2021\/10\/Magdala.jpg","keywords":["Proyecto Magdala","Tierra Santa"],"articleSection":["Iglesia y Mundo","\u00daltimas noticias"],"inLanguage":"es","potentialAction":[{"@type":"CommentAction","name":"Comment","target":["https:\/\/exaudi.org\/es\/3a-peregrinacion-virtual-a-tierra-santa-rifa-final\/#respond"]}]},{"@type":"WebPage","@id":"https:\/\/exaudi.org\/es\/3a-peregrinacion-virtual-a-tierra-santa-rifa-final\/","url":"https:\/\/exaudi.org\/es\/3a-peregrinacion-virtual-a-tierra-santa-rifa-final\/","name":"3\u00aa Peregrinaci\u00f3n Virtual a Tierra Santa: Rifa final &#8211; Exaudi","isPartOf":{"@id":"https:\/\/exaudi.org\/#website"},"primaryImageOfPage":{"@id":"https:\/\/exaudi.org\/es\/3a-peregrinacion-virtual-a-tierra-santa-rifa-final\/#primaryimage"},"image":{"@id":"https:\/\/exaudi.org\/es\/3a-peregrinacion-virtual-a-tierra-santa-rifa-final\/#primaryimage"},"thumbnailUrl":"https:\/\/exaudi.org\/wp-content\/uploads\/2021\/10\/Magdala.jpg","datePublished":"2021-10-29T17:14:56+00:00","dateModified":"2021-11-02T07:36:43+00:00","author":{"@id":"https:\/\/exaudi.org\/#\/schema\/person\/f5fc8f063065e38742da7afe15f25df7"},"description":"Magdala invita a ser part\u00edcipe de la Rifa Final, evento conclusivo de la 3\u00aa Peregrinaci\u00f3n Virtual a Tierra Santa","breadcrumb":{"@id":"https:\/\/exaudi.org\/es\/3a-peregrinacion-virtual-a-tierra-santa-rifa-final\/#breadcrumb"},"inLanguage":"es","potentialAction":[{"@type":"ReadAction","target":["https:\/\/exaudi.org\/es\/3a-peregrinacion-virtual-a-tierra-santa-rifa-final\/"]}]},{"@type":"ImageObject","inLanguage":"es","@id":"https:\/\/exaudi.org\/es\/3a-peregrinacion-virtual-a-tierra-santa-rifa-final\/#primaryimage","url":"https:\/\/exaudi.org\/wp-content\/uploads\/2021\/10\/Magdala.jpg","contentUrl":"https:\/\/exaudi.org\/wp-content\/uploads\/2021\/10\/Magdala.jpg","width":2048,"height":1365,"caption":"\u00a9 Proyecto Magdala"},{"@type":"BreadcrumbList","@id":"https:\/\/exaudi.org\/es\/3a-peregrinacion-virtual-a-tierra-santa-rifa-final\/#breadcrumb","itemListElement":[{"@type":"ListItem","position":1,"name":"Portada","item":"https:\/\/exaudi.org\/es\/"},{"@type":"ListItem","position":2,"name":"3\u00aa Peregrinaci\u00f3n Virtual a Tierra Santa: Rifa final"}]},{"@type":"WebSite","@id":"https:\/\/exaudi.org\/#website","url":"https:\/\/exaudi.org\/","name":"Exaudi","description":"News","potentialAction":[{"@type":"SearchAction","target":{"@type":"EntryPoint","urlTemplate":"https:\/\/exaudi.org\/?s={search_term_string}"},"query-input":{"@type":"PropertyValueSpecification","valueRequired":true,"valueName":"search_term_string"}}],"inLanguage":"es"},{"@type":"Person","@id":"https:\/\/exaudi.org\/#\/schema\/person\/f5fc8f063065e38742da7afe15f25df7","name":"Exaudi Redacci\u00f3n","image":{"@type":"ImageObject","inLanguage":"es","@id":"https:\/\/secure.gravatar.com\/avatar\/fe0f6a059fb68d9b3e11bc5850dd4899b1c7492091a3cb6dd9b01b56ad828be2?s=96&d=mm&r=g","url":"https:\/\/secure.gravatar.com\/avatar\/fe0f6a059fb68d9b3e11bc5850dd4899b1c7492091a3cb6dd9b01b56ad828be2?s=96&d=mm&r=g","contentUrl":"https:\/\/secure.gravatar.com\/avatar\/fe0f6a059fb68d9b3e11bc5850dd4899b1c7492091a3cb6dd9b01b56ad828be2?s=96&d=mm&r=g","caption":"Exaudi Redacci\u00f3n"},"description":"\u00bfQu\u00e9 es Exaudi News? Exaudi News es un medio de comunicaci\u00f3n cat\u00f3lico internacional que informa, forma y transforma, diariamente en espa\u00f1ol, ingl\u00e9s e italiano. A trav\u00e9s de noticias, art\u00edculos de an\u00e1lisis y transmisiones en directo de los eventos del Papa, Exaudi busca fortalecer la unidad de los cristianos y contribuir a la evangelizaci\u00f3n del mundo, siempre guiados por la doctrina social de la Iglesia. Trabajamos para acercar la verdad y los valores cristianos a cada rinc\u00f3n del planeta. \u00a1Ay\u00fadanos a transformar el mundo con Exaudi! En Exaudi creemos que la evangelizaci\u00f3n y la informaci\u00f3n de calidad pueden cambiar vidas. Para continuar con nuestra misi\u00f3n y expandir nuestro alcance, necesitamos tu ayuda. Adem\u00e1s, buscamos personas comprometidas que deseen unirse a nuestro equipo. Con tu apoyo, lograremos llegar a m\u00e1s personas, difundir el mensaje de Cristo y reforzar la unidad de los cristianos. \u00bfTe unes a nuestra misi\u00f3n? Para m\u00e1s informaci\u00f3n sobre c\u00f3mo colaborar, visita Exaudi.org\/es o cont\u00e1ctanos directamente: info@exaudi.org Exaudi: Informa, forma y transforma.","sameAs":["https:\/\/www.facebook.com\/ExaudiNoticias\/","https:\/\/www.instagram.com\/exaudi_noticias\/","https:\/\/x.com\/Exaudi_noticias","https:\/\/www.youtube.com\/@exaudicatholicnews"],"url":"https:\/\/exaudi.org\/es\/author\/redaccionexaudi\/"}]}},"jetpack_featured_media_url":"https:\/\/exaudi.org\/wp-content\/uploads\/2021\/10\/Magdala.jpg","jetpack_shortlink":"https:\/\/wp.me\/pgKjF2-9YK","_links":{"self":[{"href":"https:\/\/exaudi.org\/es\/wp-json\/wp\/v2\/posts\/38362","targetHints":{"allow":["GET"]}}],"collection":[{"href":"https:\/\/exaudi.org\/es\/wp-json\/wp\/v2\/posts"}],"about":[{"href":"https:\/\/exaudi.org\/es\/wp-json\/wp\/v2\/types\/post"}],"author":[{"embeddable":true,"href":"https:\/\/exaudi.org\/es\/wp-json\/wp\/v2\/users\/15"}],"replies":[{"embeddable":true,"href":"https:\/\/exaudi.org\/es\/wp-json\/wp\/v2\/comments?post=38362"}],"version-history":[{"count":0,"href":"https:\/\/exaudi.org\/es\/wp-json\/wp\/v2\/posts\/38362\/revisions"}],"wp:featuredmedia":[{"embeddable":true,"href":"https:\/\/exaudi.org\/es\/wp-json\/wp\/v2\/media\/38364"}],"wp:attachment":[{"href":"https:\/\/exaudi.org\/es\/wp-json\/wp\/v2\/media?parent=38362"}],"wp:term":[{"taxonomy":"category","embeddable":true,"href":"https:\/\/exaudi.org\/es\/wp-json\/wp\/v2\/categories?post=38362"},{"taxonomy":"post_tag","embeddable":true,"href":"https:\/\/exaudi.org\/es\/wp-json\/wp\/v2\/tags?post=38362"}],"curies":[{"name":"wp","href":"https:\/\/api.w.org\/{rel}","templated":true}]}}