{"id":38283,"date":"2021-10-29T15:47:56","date_gmt":"2021-10-29T13:47:56","guid":{"rendered":"https:\/\/exaudi.wpengine.com\/?p=38283"},"modified":"2021-10-29T17:19:49","modified_gmt":"2021-10-29T15:19:49","slug":"el-papa-recibe-al-presidente-de-la-republica-de-corea","status":"publish","type":"post","link":"https:\/\/exaudi.org\/es\/el-papa-recibe-al-presidente-de-la-republica-de-corea\/","title":{"rendered":"El Papa recibe al presidente de Rep\u00fablica de Corea"},"content":{"rendered":"<p>Hoy, viernes 29 de octubre de 2021, el Papa Francisco ha recibido en audiencia a <a href=\"https:\/\/twitter.com\/TheBlueHouseENG\" target=\"_blank\" rel=\"noopener\">Moon Jae-in,<\/a> presidente de la Rep\u00fablica de <a href=\"https:\/\/exaudi.wpengine.com\/es\/papa-reconciliacion-peninsula-corea\/\" target=\"_blank\" rel=\"noopener\">Corea<\/a>, informa la Oficina de Prensa de la Santa Sede en un comunicado.<\/p>\n<p><img loading=\"lazy\" decoding=\"async\" class=\"size-medium wp-image-38294 alignleft\" src=\"https:\/\/exaudi.wpengine.com\/wp-content\/uploads\/2021\/10\/MTC0129-300x200.jpg\" alt=\"\" width=\"300\" height=\"200\" srcset=\"https:\/\/exaudi.org\/wp-content\/uploads\/2021\/10\/MTC0129-300x200.jpg 300w, https:\/\/exaudi.org\/wp-content\/uploads\/2021\/10\/MTC0129-1024x683.jpg 1024w, https:\/\/exaudi.org\/wp-content\/uploads\/2021\/10\/MTC0129-768x512.jpg 768w, https:\/\/exaudi.org\/wp-content\/uploads\/2021\/10\/MTC0129-1536x1024.jpg 1536w, https:\/\/exaudi.org\/wp-content\/uploads\/2021\/10\/MTC0129-2048x1365.jpg 2048w, https:\/\/exaudi.org\/wp-content\/uploads\/2021\/10\/MTC0129-150x100.jpg 150w, https:\/\/exaudi.org\/wp-content\/uploads\/2021\/10\/MTC0129-696x464.jpg 696w, https:\/\/exaudi.org\/wp-content\/uploads\/2021\/10\/MTC0129-1068x712.jpg 1068w, https:\/\/exaudi.org\/wp-content\/uploads\/2021\/10\/MTC0129-1920x1280.jpg 1920w, https:\/\/exaudi.org\/wp-content\/uploads\/2021\/10\/MTC0129-630x420.jpg 630w\" sizes=\"auto, (max-width: 300px) 100vw, 300px\" \/>Posteriormente, el mandatario se ha reunido con el cardenal Pietro Parolin, secretario de Estado, acompa\u00f1ado por monse\u00f1or Paul Richard Gallagher, secretario para las Relaciones con los Estados.<\/p>\n<p>\u201cEn el transcurso de las cordiales conversaciones, se expres\u00f3 la satisfacci\u00f3n por las buenas relaciones bilaterales y por la contribuci\u00f3n positiva que la Iglesia cat\u00f3lica ofrece a la sociedad, se\u00f1alando una particular asiduidad en la promoci\u00f3n del di\u00e1logo y la reconciliaci\u00f3n entre los coreanos\u201d, indica la nota. En este sentido, contin\u00faa, \u201cse comparte la esperanza de que el compromiso com\u00fan y la buena voluntad favorezcan la paz y el desarrollo en la Pen\u00ednsula de Corea, sostenidos por la solidaridad y la fraternidad\u201d.<\/p>\n<p><img loading=\"lazy\" decoding=\"async\" class=\"size-medium wp-image-38285 alignright\" src=\"https:\/\/exaudi.wpengine.com\/wp-content\/uploads\/2021\/10\/MTC0152-300x200.jpg\" alt=\"\" width=\"300\" height=\"200\" srcset=\"https:\/\/exaudi.org\/wp-content\/uploads\/2021\/10\/MTC0152-300x200.jpg 300w, https:\/\/exaudi.org\/wp-content\/uploads\/2021\/10\/MTC0152-1024x683.jpg 1024w, https:\/\/exaudi.org\/wp-content\/uploads\/2021\/10\/MTC0152-768x512.jpg 768w, https:\/\/exaudi.org\/wp-content\/uploads\/2021\/10\/MTC0152-1536x1024.jpg 1536w, https:\/\/exaudi.org\/wp-content\/uploads\/2021\/10\/MTC0152-2048x1365.jpg 2048w, https:\/\/exaudi.org\/wp-content\/uploads\/2021\/10\/MTC0152-150x100.jpg 150w, https:\/\/exaudi.org\/wp-content\/uploads\/2021\/10\/MTC0152-696x464.jpg 696w, https:\/\/exaudi.org\/wp-content\/uploads\/2021\/10\/MTC0152-1068x712.jpg 1068w, https:\/\/exaudi.org\/wp-content\/uploads\/2021\/10\/MTC0152-1920x1280.jpg 1920w, https:\/\/exaudi.org\/wp-content\/uploads\/2021\/10\/MTC0152-630x420.jpg 630w\" sizes=\"auto, (max-width: 300px) 100vw, 300px\" \/>\u201cLas conversaciones tambi\u00e9n brindaron la oportunidad de intercambiar opiniones sobre una serie de temas relacionados con la actualidad regional y las emergencias humanitarias\u201d, concluye el texto.<\/p>\n<h4><strong>Intercambio de regalos<\/strong><\/h4>\n<p>Como es habitual, durante el encuentro, el Santo Padre y Moon Jae-in intercambiaron regalos. De acuerdo a Vatican News en ingl\u00e9s, Francisco \u00a0le regal\u00f3 una medalla de bronce que representa el dise\u00f1o original de Bernini para la plaza de San Pedro, vol\u00famenes de documentos papales, una copia del Mensaje para la Jornada Mundial de la Paz 2021, el Documento sobre la Fraternidad Humana firmado en Abu Dhabi, y el libro sobre la <em>Statio Orbis<\/em> del 27 de marzo de 2020, publicado por la Editorial Vaticana.<\/p>\n<p><img loading=\"lazy\" decoding=\"async\" class=\"size-medium wp-image-38291 alignleft\" src=\"https:\/\/exaudi.wpengine.com\/wp-content\/uploads\/2021\/10\/SFO0253-300x200.jpg\" alt=\"\" width=\"300\" height=\"200\" srcset=\"https:\/\/exaudi.org\/wp-content\/uploads\/2021\/10\/SFO0253-300x200.jpg 300w, https:\/\/exaudi.org\/wp-content\/uploads\/2021\/10\/SFO0253-1024x683.jpg 1024w, https:\/\/exaudi.org\/wp-content\/uploads\/2021\/10\/SFO0253-768x512.jpg 768w, https:\/\/exaudi.org\/wp-content\/uploads\/2021\/10\/SFO0253-1536x1024.jpg 1536w, https:\/\/exaudi.org\/wp-content\/uploads\/2021\/10\/SFO0253-2048x1365.jpg 2048w, https:\/\/exaudi.org\/wp-content\/uploads\/2021\/10\/SFO0253-150x100.jpg 150w, https:\/\/exaudi.org\/wp-content\/uploads\/2021\/10\/SFO0253-696x464.jpg 696w, https:\/\/exaudi.org\/wp-content\/uploads\/2021\/10\/SFO0253-1068x712.jpg 1068w, https:\/\/exaudi.org\/wp-content\/uploads\/2021\/10\/SFO0253-1920x1280.jpg 1920w, https:\/\/exaudi.org\/wp-content\/uploads\/2021\/10\/SFO0253-630x420.jpg 630w\" sizes=\"auto, (max-width: 300px) 100vw, 300px\" \/>El presidente Moon Jae-in, por su parte, ofreci\u00f3 una cruz de alambre de espino de la zona desmilitarizada en la frontera con Corea del Norte.<\/p>\n<p>Jae-in se encuentra en Roma con motivo de la Cumbre del G20, que se celebrar\u00e1 del 30 al 21 de octubre, y que es la primera parada en el camino hacia la Conferencia de las Naciones Unidas sobre el Cambio Clim\u00e1tico (COP26) en Glasgow, Escocia.<\/p>\n","protected":false},"excerpt":{"rendered":"<p>Moon Jae-in<\/p>\n","protected":false},"author":5,"featured_media":38288,"comment_status":"open","ping_status":"open","sticky":false,"template":"","format":"standard","meta":{"_acf_changed":false,"_crdt_document":"","inline_featured_image":false,"footnotes":""},"categories":[68,2158,298],"tags":[4724,158,4723],"class_list":["post-38283","post","type-post","status-publish","format-standard","has-post-thumbnail","hentry","category-leon-xiv","category-top-ultimas-noticias","category-ultimas-noticias","tag-moon-jae-in","tag-papa-francisco","tag-republica-de-corea"],"acf":[],"yoast_head":"<!-- This site is optimized with the Yoast SEO plugin v27.5 - https:\/\/yoast.com\/product\/yoast-seo-wordpress\/ -->\n<title>El Papa recibe al presidente de Rep\u00fablica de Corea &#8211; Exaudi<\/title>\n<meta name=\"description\" content=\"El Papa Francisco ha recibido en audiencia a Moon Jae-in, presidente de la Rep\u00fablica de Corea, informa la Santa Sede\" \/>\n<meta name=\"robots\" content=\"index, follow, max-snippet:-1, max-image-preview:large, max-video-preview:-1\" \/>\n<link rel=\"canonical\" href=\"https:\/\/exaudi.org\/es\/el-papa-recibe-al-presidente-de-la-republica-de-corea\/\" \/>\n<meta property=\"og:locale\" content=\"es_ES\" \/>\n<meta property=\"og:type\" content=\"article\" \/>\n<meta property=\"og:title\" content=\"El Papa recibe al presidente de Rep\u00fablica de Corea &#8211; Exaudi\" \/>\n<meta property=\"og:description\" content=\"El Papa Francisco ha recibido en audiencia a Moon Jae-in, presidente de la Rep\u00fablica de Corea, informa la Santa Sede\" \/>\n<meta property=\"og:url\" content=\"https:\/\/exaudi.org\/es\/el-papa-recibe-al-presidente-de-la-republica-de-corea\/\" \/>\n<meta property=\"og:site_name\" content=\"Exaudi\" \/>\n<meta property=\"article:publisher\" content=\"https:\/\/www.facebook.com\/ExaudiNews\" \/>\n<meta property=\"article:published_time\" content=\"2021-10-29T13:47:56+00:00\" \/>\n<meta property=\"article:modified_time\" content=\"2021-10-29T15:19:49+00:00\" \/>\n<meta property=\"og:image\" content=\"https:\/\/exaudi.org\/wp-content\/uploads\/2021\/10\/SFO0320-scaled.jpg\" \/>\n\t<meta property=\"og:image:width\" content=\"2560\" \/>\n\t<meta property=\"og:image:height\" content=\"1707\" \/>\n\t<meta property=\"og:image:type\" content=\"image\/jpeg\" \/>\n<meta name=\"author\" content=\"Larissa I. L\u00f3pez\" \/>\n<meta name=\"twitter:card\" content=\"summary_large_image\" \/>\n<meta name=\"twitter:creator\" content=\"@Exaudi_News\" \/>\n<meta name=\"twitter:site\" content=\"@Exaudi_News\" \/>\n<meta name=\"twitter:label1\" content=\"Escrito por\" \/>\n\t<meta name=\"twitter:data1\" content=\"Larissa I. L\u00f3pez\" \/>\n\t<meta name=\"twitter:label2\" content=\"Tiempo de lectura\" \/>\n\t<meta name=\"twitter:data2\" content=\"3 minutos\" \/>\n<script type=\"application\/ld+json\" class=\"yoast-schema-graph\">{\"@context\":\"https:\\\/\\\/schema.org\",\"@graph\":[{\"@type\":\"Article\",\"@id\":\"https:\\\/\\\/exaudi.org\\\/es\\\/el-papa-recibe-al-presidente-de-la-republica-de-corea\\\/#article\",\"isPartOf\":{\"@id\":\"https:\\\/\\\/exaudi.org\\\/es\\\/el-papa-recibe-al-presidente-de-la-republica-de-corea\\\/\"},\"author\":{\"name\":\"Larissa I. L\u00f3pez\",\"@id\":\"https:\\\/\\\/exaudi.org\\\/#\\\/schema\\\/person\\\/7d2f77db033c2c0929edfab6dbe8c588\"},\"headline\":\"El Papa recibe al presidente de Rep\u00fablica de Corea\",\"datePublished\":\"2021-10-29T13:47:56+00:00\",\"dateModified\":\"2021-10-29T15:19:49+00:00\",\"mainEntityOfPage\":{\"@id\":\"https:\\\/\\\/exaudi.org\\\/es\\\/el-papa-recibe-al-presidente-de-la-republica-de-corea\\\/\"},\"wordCount\":349,\"commentCount\":0,\"image\":{\"@id\":\"https:\\\/\\\/exaudi.org\\\/es\\\/el-papa-recibe-al-presidente-de-la-republica-de-corea\\\/#primaryimage\"},\"thumbnailUrl\":\"https:\\\/\\\/exaudi.org\\\/wp-content\\\/uploads\\\/2021\\\/10\\\/SFO0320-scaled.jpg\",\"keywords\":[\"Moon Jae-in\",\"papa francisco\",\"Rep\u00fablica de Corea\"],\"articleSection\":[\"Le\u00f3n XIV\",\"Top Ultimas Noticias\",\"\u00daltimas noticias\"],\"inLanguage\":\"es\",\"potentialAction\":[{\"@type\":\"CommentAction\",\"name\":\"Comment\",\"target\":[\"https:\\\/\\\/exaudi.org\\\/es\\\/el-papa-recibe-al-presidente-de-la-republica-de-corea\\\/#respond\"]}]},{\"@type\":\"WebPage\",\"@id\":\"https:\\\/\\\/exaudi.org\\\/es\\\/el-papa-recibe-al-presidente-de-la-republica-de-corea\\\/\",\"url\":\"https:\\\/\\\/exaudi.org\\\/es\\\/el-papa-recibe-al-presidente-de-la-republica-de-corea\\\/\",\"name\":\"El Papa recibe al presidente de Rep\u00fablica de Corea &#8211; Exaudi\",\"isPartOf\":{\"@id\":\"https:\\\/\\\/exaudi.org\\\/#website\"},\"primaryImageOfPage\":{\"@id\":\"https:\\\/\\\/exaudi.org\\\/es\\\/el-papa-recibe-al-presidente-de-la-republica-de-corea\\\/#primaryimage\"},\"image\":{\"@id\":\"https:\\\/\\\/exaudi.org\\\/es\\\/el-papa-recibe-al-presidente-de-la-republica-de-corea\\\/#primaryimage\"},\"thumbnailUrl\":\"https:\\\/\\\/exaudi.org\\\/wp-content\\\/uploads\\\/2021\\\/10\\\/SFO0320-scaled.jpg\",\"datePublished\":\"2021-10-29T13:47:56+00:00\",\"dateModified\":\"2021-10-29T15:19:49+00:00\",\"author\":{\"@id\":\"https:\\\/\\\/exaudi.org\\\/#\\\/schema\\\/person\\\/7d2f77db033c2c0929edfab6dbe8c588\"},\"description\":\"El Papa Francisco ha recibido en audiencia a Moon Jae-in, presidente de la Rep\u00fablica de Corea, informa la Santa Sede\",\"breadcrumb\":{\"@id\":\"https:\\\/\\\/exaudi.org\\\/es\\\/el-papa-recibe-al-presidente-de-la-republica-de-corea\\\/#breadcrumb\"},\"inLanguage\":\"es\",\"potentialAction\":[{\"@type\":\"ReadAction\",\"target\":[\"https:\\\/\\\/exaudi.org\\\/es\\\/el-papa-recibe-al-presidente-de-la-republica-de-corea\\\/\"]}]},{\"@type\":\"ImageObject\",\"inLanguage\":\"es\",\"@id\":\"https:\\\/\\\/exaudi.org\\\/es\\\/el-papa-recibe-al-presidente-de-la-republica-de-corea\\\/#primaryimage\",\"url\":\"https:\\\/\\\/exaudi.org\\\/wp-content\\\/uploads\\\/2021\\\/10\\\/SFO0320-scaled.jpg\",\"contentUrl\":\"https:\\\/\\\/exaudi.org\\\/wp-content\\\/uploads\\\/2021\\\/10\\\/SFO0320-scaled.jpg\",\"width\":2560,\"height\":1707,\"caption\":\"El Papa recibe al presidente de la Rep\u00fablica de Corea \u00a9 Vatican Media\"},{\"@type\":\"BreadcrumbList\",\"@id\":\"https:\\\/\\\/exaudi.org\\\/es\\\/el-papa-recibe-al-presidente-de-la-republica-de-corea\\\/#breadcrumb\",\"itemListElement\":[{\"@type\":\"ListItem\",\"position\":1,\"name\":\"Portada\",\"item\":\"https:\\\/\\\/exaudi.org\\\/es\\\/\"},{\"@type\":\"ListItem\",\"position\":2,\"name\":\"El Papa recibe al presidente de Rep\u00fablica de Corea\"}]},{\"@type\":\"WebSite\",\"@id\":\"https:\\\/\\\/exaudi.org\\\/#website\",\"url\":\"https:\\\/\\\/exaudi.org\\\/\",\"name\":\"Exaudi\",\"description\":\"News\",\"potentialAction\":[{\"@type\":\"SearchAction\",\"target\":{\"@type\":\"EntryPoint\",\"urlTemplate\":\"https:\\\/\\\/exaudi.org\\\/?s={search_term_string}\"},\"query-input\":{\"@type\":\"PropertyValueSpecification\",\"valueRequired\":true,\"valueName\":\"search_term_string\"}}],\"inLanguage\":\"es\"},{\"@type\":\"Person\",\"@id\":\"https:\\\/\\\/exaudi.org\\\/#\\\/schema\\\/person\\\/7d2f77db033c2c0929edfab6dbe8c588\",\"name\":\"Larissa I. L\u00f3pez\",\"image\":{\"@type\":\"ImageObject\",\"inLanguage\":\"es\",\"@id\":\"https:\\\/\\\/secure.gravatar.com\\\/avatar\\\/db3ef399ff343d0bb9d25dc5198bc8ece5ac6d621eca79876697a354dabc1e3f?s=96&d=mm&r=g\",\"url\":\"https:\\\/\\\/secure.gravatar.com\\\/avatar\\\/db3ef399ff343d0bb9d25dc5198bc8ece5ac6d621eca79876697a354dabc1e3f?s=96&d=mm&r=g\",\"contentUrl\":\"https:\\\/\\\/secure.gravatar.com\\\/avatar\\\/db3ef399ff343d0bb9d25dc5198bc8ece5ac6d621eca79876697a354dabc1e3f?s=96&d=mm&r=g\",\"caption\":\"Larissa I. L\u00f3pez\"},\"description\":\"Doctora en Comunicaci\u00f3n. Mi trayectoria profesional ha transcurrido entre el \u00e1mbito de la comunicaci\u00f3n y el de la docencia. En los \u00faltimos a\u00f1os, he trabajado como coordinadora y redactora de la edici\u00f3n de ZENIT en espa\u00f1ol. Como profesora, he impartido clases en la universidad y en centros de FP y bachillerato. Cordobesa de nacimiento, tambi\u00e9n he vivido en Sevilla, Madrid y Roma\",\"url\":\"https:\\\/\\\/exaudi.org\\\/es\\\/author\\\/llopezexaudi-org\\\/\"}]}<\/script>\n<!-- \/ Yoast SEO plugin. -->","yoast_head_json":{"title":"El Papa recibe al presidente de Rep\u00fablica de Corea &#8211; Exaudi","description":"El Papa Francisco ha recibido en audiencia a Moon Jae-in, presidente de la Rep\u00fablica de Corea, informa la Santa Sede","robots":{"index":"index","follow":"follow","max-snippet":"max-snippet:-1","max-image-preview":"max-image-preview:large","max-video-preview":"max-video-preview:-1"},"canonical":"https:\/\/exaudi.org\/es\/el-papa-recibe-al-presidente-de-la-republica-de-corea\/","og_locale":"es_ES","og_type":"article","og_title":"El Papa recibe al presidente de Rep\u00fablica de Corea &#8211; Exaudi","og_description":"El Papa Francisco ha recibido en audiencia a Moon Jae-in, presidente de la Rep\u00fablica de Corea, informa la Santa Sede","og_url":"https:\/\/exaudi.org\/es\/el-papa-recibe-al-presidente-de-la-republica-de-corea\/","og_site_name":"Exaudi","article_publisher":"https:\/\/www.facebook.com\/ExaudiNews","article_published_time":"2021-10-29T13:47:56+00:00","article_modified_time":"2021-10-29T15:19:49+00:00","og_image":[{"width":2560,"height":1707,"url":"https:\/\/exaudi.org\/wp-content\/uploads\/2021\/10\/SFO0320-scaled.jpg","type":"image\/jpeg"}],"author":"Larissa I. L\u00f3pez","twitter_card":"summary_large_image","twitter_creator":"@Exaudi_News","twitter_site":"@Exaudi_News","twitter_misc":{"Escrito por":"Larissa I. L\u00f3pez","Tiempo de lectura":"3 minutos"},"schema":{"@context":"https:\/\/schema.org","@graph":[{"@type":"Article","@id":"https:\/\/exaudi.org\/es\/el-papa-recibe-al-presidente-de-la-republica-de-corea\/#article","isPartOf":{"@id":"https:\/\/exaudi.org\/es\/el-papa-recibe-al-presidente-de-la-republica-de-corea\/"},"author":{"name":"Larissa I. L\u00f3pez","@id":"https:\/\/exaudi.org\/#\/schema\/person\/7d2f77db033c2c0929edfab6dbe8c588"},"headline":"El Papa recibe al presidente de Rep\u00fablica de Corea","datePublished":"2021-10-29T13:47:56+00:00","dateModified":"2021-10-29T15:19:49+00:00","mainEntityOfPage":{"@id":"https:\/\/exaudi.org\/es\/el-papa-recibe-al-presidente-de-la-republica-de-corea\/"},"wordCount":349,"commentCount":0,"image":{"@id":"https:\/\/exaudi.org\/es\/el-papa-recibe-al-presidente-de-la-republica-de-corea\/#primaryimage"},"thumbnailUrl":"https:\/\/exaudi.org\/wp-content\/uploads\/2021\/10\/SFO0320-scaled.jpg","keywords":["Moon Jae-in","papa francisco","Rep\u00fablica de Corea"],"articleSection":["Le\u00f3n XIV","Top Ultimas Noticias","\u00daltimas noticias"],"inLanguage":"es","potentialAction":[{"@type":"CommentAction","name":"Comment","target":["https:\/\/exaudi.org\/es\/el-papa-recibe-al-presidente-de-la-republica-de-corea\/#respond"]}]},{"@type":"WebPage","@id":"https:\/\/exaudi.org\/es\/el-papa-recibe-al-presidente-de-la-republica-de-corea\/","url":"https:\/\/exaudi.org\/es\/el-papa-recibe-al-presidente-de-la-republica-de-corea\/","name":"El Papa recibe al presidente de Rep\u00fablica de Corea &#8211; Exaudi","isPartOf":{"@id":"https:\/\/exaudi.org\/#website"},"primaryImageOfPage":{"@id":"https:\/\/exaudi.org\/es\/el-papa-recibe-al-presidente-de-la-republica-de-corea\/#primaryimage"},"image":{"@id":"https:\/\/exaudi.org\/es\/el-papa-recibe-al-presidente-de-la-republica-de-corea\/#primaryimage"},"thumbnailUrl":"https:\/\/exaudi.org\/wp-content\/uploads\/2021\/10\/SFO0320-scaled.jpg","datePublished":"2021-10-29T13:47:56+00:00","dateModified":"2021-10-29T15:19:49+00:00","author":{"@id":"https:\/\/exaudi.org\/#\/schema\/person\/7d2f77db033c2c0929edfab6dbe8c588"},"description":"El Papa Francisco ha recibido en audiencia a Moon Jae-in, presidente de la Rep\u00fablica de Corea, informa la Santa Sede","breadcrumb":{"@id":"https:\/\/exaudi.org\/es\/el-papa-recibe-al-presidente-de-la-republica-de-corea\/#breadcrumb"},"inLanguage":"es","potentialAction":[{"@type":"ReadAction","target":["https:\/\/exaudi.org\/es\/el-papa-recibe-al-presidente-de-la-republica-de-corea\/"]}]},{"@type":"ImageObject","inLanguage":"es","@id":"https:\/\/exaudi.org\/es\/el-papa-recibe-al-presidente-de-la-republica-de-corea\/#primaryimage","url":"https:\/\/exaudi.org\/wp-content\/uploads\/2021\/10\/SFO0320-scaled.jpg","contentUrl":"https:\/\/exaudi.org\/wp-content\/uploads\/2021\/10\/SFO0320-scaled.jpg","width":2560,"height":1707,"caption":"El Papa recibe al presidente de la Rep\u00fablica de Corea \u00a9 Vatican Media"},{"@type":"BreadcrumbList","@id":"https:\/\/exaudi.org\/es\/el-papa-recibe-al-presidente-de-la-republica-de-corea\/#breadcrumb","itemListElement":[{"@type":"ListItem","position":1,"name":"Portada","item":"https:\/\/exaudi.org\/es\/"},{"@type":"ListItem","position":2,"name":"El Papa recibe al presidente de Rep\u00fablica de Corea"}]},{"@type":"WebSite","@id":"https:\/\/exaudi.org\/#website","url":"https:\/\/exaudi.org\/","name":"Exaudi","description":"News","potentialAction":[{"@type":"SearchAction","target":{"@type":"EntryPoint","urlTemplate":"https:\/\/exaudi.org\/?s={search_term_string}"},"query-input":{"@type":"PropertyValueSpecification","valueRequired":true,"valueName":"search_term_string"}}],"inLanguage":"es"},{"@type":"Person","@id":"https:\/\/exaudi.org\/#\/schema\/person\/7d2f77db033c2c0929edfab6dbe8c588","name":"Larissa I. L\u00f3pez","image":{"@type":"ImageObject","inLanguage":"es","@id":"https:\/\/secure.gravatar.com\/avatar\/db3ef399ff343d0bb9d25dc5198bc8ece5ac6d621eca79876697a354dabc1e3f?s=96&d=mm&r=g","url":"https:\/\/secure.gravatar.com\/avatar\/db3ef399ff343d0bb9d25dc5198bc8ece5ac6d621eca79876697a354dabc1e3f?s=96&d=mm&r=g","contentUrl":"https:\/\/secure.gravatar.com\/avatar\/db3ef399ff343d0bb9d25dc5198bc8ece5ac6d621eca79876697a354dabc1e3f?s=96&d=mm&r=g","caption":"Larissa I. L\u00f3pez"},"description":"Doctora en Comunicaci\u00f3n. Mi trayectoria profesional ha transcurrido entre el \u00e1mbito de la comunicaci\u00f3n y el de la docencia. En los \u00faltimos a\u00f1os, he trabajado como coordinadora y redactora de la edici\u00f3n de ZENIT en espa\u00f1ol. Como profesora, he impartido clases en la universidad y en centros de FP y bachillerato. Cordobesa de nacimiento, tambi\u00e9n he vivido en Sevilla, Madrid y Roma","url":"https:\/\/exaudi.org\/es\/author\/llopezexaudi-org\/"}]}},"jetpack_featured_media_url":"https:\/\/exaudi.org\/wp-content\/uploads\/2021\/10\/SFO0320-scaled.jpg","jetpack_shortlink":"https:\/\/wp.me\/pgKjF2-9Xt","_links":{"self":[{"href":"https:\/\/exaudi.org\/es\/wp-json\/wp\/v2\/posts\/38283","targetHints":{"allow":["GET"]}}],"collection":[{"href":"https:\/\/exaudi.org\/es\/wp-json\/wp\/v2\/posts"}],"about":[{"href":"https:\/\/exaudi.org\/es\/wp-json\/wp\/v2\/types\/post"}],"author":[{"embeddable":true,"href":"https:\/\/exaudi.org\/es\/wp-json\/wp\/v2\/users\/5"}],"replies":[{"embeddable":true,"href":"https:\/\/exaudi.org\/es\/wp-json\/wp\/v2\/comments?post=38283"}],"version-history":[{"count":0,"href":"https:\/\/exaudi.org\/es\/wp-json\/wp\/v2\/posts\/38283\/revisions"}],"wp:featuredmedia":[{"embeddable":true,"href":"https:\/\/exaudi.org\/es\/wp-json\/wp\/v2\/media\/38288"}],"wp:attachment":[{"href":"https:\/\/exaudi.org\/es\/wp-json\/wp\/v2\/media?parent=38283"}],"wp:term":[{"taxonomy":"category","embeddable":true,"href":"https:\/\/exaudi.org\/es\/wp-json\/wp\/v2\/categories?post=38283"},{"taxonomy":"post_tag","embeddable":true,"href":"https:\/\/exaudi.org\/es\/wp-json\/wp\/v2\/tags?post=38283"}],"curies":[{"name":"wp","href":"https:\/\/api.w.org\/{rel}","templated":true}]}}