{"id":38200,"date":"2021-10-28T17:03:54","date_gmt":"2021-10-28T15:03:54","guid":{"rendered":"https:\/\/exaudi.wpengine.com\/?p=38200"},"modified":"2021-10-28T21:21:46","modified_gmt":"2021-10-28T19:21:46","slug":"card-osoro-si-no-hay-unidad-con-papa-que-catolicos-somos","status":"publish","type":"post","link":"https:\/\/exaudi.org\/es\/card-osoro-si-no-hay-unidad-con-papa-que-catolicos-somos\/","title":{"rendered":"Card. Osoro: Si no hay unidad con el Papa, \u201c\u00bfqu\u00e9 cat\u00f3licos somos?\u201d"},"content":{"rendered":"<p>El cardenal Carlos Osoro, al ser preguntado por el Papa Francisco, subray\u00f3 que es \u201cel Sucesor de Pedro\u201d como antes lo fueron san Juan Pablo II y Benedicto XVI y que \u201ccualquier cristiano, si no est\u00e1 unido al Sucesor de Pedro, que se lo vea. \u00bfQu\u00e9 cat\u00f3licos somos?\u201d.<\/p>\n<p>En una entrevista en el programa E<em>l Objetivo<\/em> de laSexta, cadena de televisi\u00f3n espa\u00f1ola, el arzobispo de Madrid destac\u00f3 ayer, 27 de octubre de 2021, que, cuando algunos creyentes atacan al actual Papa, \u201cest\u00e1n estropeando su propia identidad porque un cat\u00f3lico no se entiende a s\u00ed mismo sin el Sucesor de Pedro\u201d.<\/p>\n<p>De acuerdo a una nota de la archidi\u00f3cesis de Madrid, el cardenal insisti\u00f3 tambi\u00e9n en que Francisco tiene muy claro el \u201cmandato\u201d que \u201ctenemos todos los cristianos\u201d de \u201cId por el mundo y anunciad el Evangelio\u201d y es consciente de que \u201cestamos en una \u00e9poca nueva, en la que tenemos que asumir que tenemos que salir a misi\u00f3n\u201d, sin creer que \u201cest\u00e1 todo evangelizado\u201d.<\/p>\n<h4><strong>\u201c\u00bfC\u00f3mo el Papa no va a hablar de estas cosas?\u201d<\/strong><\/h4>\n<p>Asimismo, el prelado valor\u00f3 la aportaci\u00f3n de las\u00a0 enc\u00edclicas del Papa: en\u00a0<em>Lumen fidei<\/em>, escrita a 4 manos con Benedicto XVI, habla de la fe y de \u201cla necesidad que tenemos de expresar la presencia de Dios en esta Tierra\u201d. Por otro lado, en <em>Laudato si&#8217;<\/em>\u00a0\u201dnos ha dicho que cuidemos el templo m\u00e1s grande, que tenemos que este mundo\u201d, mientras que en\u00a0<a href=\"https:\/\/exaudi.wpengine.com\/es\/enciclica-fratelli-tutti-papa\/\" target=\"_blank\" rel=\"noopener\"><em>Fratelli tutti<\/em><\/a>\u00a0apela a construir la fraternidad, recordando que \u201cun cristiano, cuando reza el padrenuestro que sali\u00f3 de labios de Jes\u00fas, est\u00e1 reconociendo un t\u00edtulo, hijo de Dios, y otro t\u00edtulo, que es hermano de todos los hombres\u201d.<\/p>\n<p>\u201cDios nos ha dado este mundo para que lo cuidemos\u201d, remarc\u00f3. \u201cCon la pandemia hemos descubierto una cosa muy importante: est\u00e1bamos haciendo la cultura del tener, de desarrollo a costa de lo que fuere, y nos hemos dado cuenta de que hay que cambiar de paradigma y pasar a la cultura del cuidado. Cuidarnos unos a otros supone cuidar este mundo para que todos puedan tener lo que es necesario. O seremos un desastre. Uno no puede dejar de ver que hay 11 millones de personas en situaci\u00f3n exclusi\u00f3n en Espa\u00f1a. \u00bfC\u00f3mo el Papa no va a hablar de estas cosas?\u201d.<\/p>\n<h4><strong>Perd\u00f3n por los abusos<\/strong><\/h4>\n<p>Al ser preguntado por los casos de abusos sexuales en la Iglesia, el arzobispo de Madrid expres\u00f3: \u201cYo pido tambi\u00e9n perd\u00f3n p\u00fablicamente. Es grave, es dram\u00e1tico\u201d. En este sentido, considera que es \u201cclave\u201d preocuparse por las v\u00edctimas y escucharlas como est\u00e1 haciendo el Proyecto Repara de la di\u00f3cesis, que \u201cno est\u00e1 en el Obispado para que la gente pueda ir m\u00e1s libremente\u201d y que tiene al frente a \u201cun laico y profesionales\u201d.<\/p>\n<p>\u201cLas v\u00edctimas son sagradas. [\u2026] La preocupaci\u00f3n m\u00eda no es la cifra, es la persona. Es qui\u00e9n ha sido v\u00edctima de un abuso por parte de alguien que tiene una responsabilidad en la Iglesia\u201d, apunt\u00f3 compartiendo la <em>web<\/em> del Proyecto Repara (<a href=\"https:\/\/repara.archimadrid.es\/\" target=\"_blank\" rel=\"noopener\"><em>repara.archimadrid.es<\/em><\/a>), donde se recogen datos de contacto, protocolos e informes anuales.<\/p>\n<h4><strong>Situaci\u00f3n de los migrantes en Espa\u00f1a<\/strong><\/h4>\n<p>En la entrevista, la periodista Ana Pastor tambi\u00e9n le plante\u00f3: \u201cSi yo a usted le digo PSOE y Podemos (partidos pol\u00edticos de Espa\u00f1a,ndr), \u00bfc\u00f3mo le suena?, \u00bfle provoca rechazo?, \u00bfle parece que forma parte del juego democr\u00e1tico?\u201d. \u201cForma parte del sistema democr\u00e1tico que tenemos en el cual dos partidos pueden unirse para formar Gobierno como lo han hecho ahora. A unos les puedes gustar m\u00e1s y a otros menos, pero est\u00e1 dentro de las reglas que nos hemos puesto los espa\u00f1oles\u201d, respondi\u00f3 el cardenal, apelando al di\u00e1logo y al encuentro.<\/p>\n<p>Pastor tambi\u00e9n inquiri\u00f3 sobre la situaci\u00f3n de los migrantes y sobre ciertas posturas contrarias a la acogida. Respecto a ello el cardenal Osoro respondi\u00f3 que hay \u201cderecho\u201d a migrar. Aunque \u201chabr\u00e1 que regularlo\u201d, indic\u00f3, \u201ces obligaci\u00f3n nuestra acoger\u201d porque, \u201csi no, qu\u00e9 estamos haciendo, \u00bfestamos haciendo guerras entre unos y otros?, \u00bfestamos deshaciendo personas o construyendo personas para este mundo?\u201d. \u201cTodos somos hijos de Dios\u201d, recalc\u00f3.<\/p>\n<h4><strong>Homosexualidad y aborto<\/strong><\/h4>\n<p>\u201c\u00bfTambi\u00e9n los homosexuales?\u201d, cuestion\u00f3 Pastor. \u201cCuando rezo el padrenuestro, siento que tengo que ir a todos \u2013asegur\u00f3 el purpurado\u2013. No tengo que hacer excepci\u00f3n ninguna, porque son hijos de Dios y hermanos m\u00edos, [\u2026] lo cual no quiere decir que haya cosas en las que igual no coincida. Son mis hermanos, lo que no puedo decir es \u2018te echo de aqu\u00ed\u2019. Eso no lo hizo Jesucristo tampoco\u201d.<\/p>\n<p>\u201c\u00bfLa homosexualidad es una enfermedad?\u201d, continu\u00f3 la periodista. \u201cNo, por supuesto\u201d, respondi\u00f3 el cardenal Osoro, poniendo el foco en que\u00a0<a href=\"https:\/\/www.archimadrid.org\/index.php\/oficina-de-informacion\/noticias-madrid\/maria-luisa-berzosa-habla-de-acoger-y-acompanar-toda-diversidad-en-la-iglesia\" target=\"_blank\" rel=\"noopener\">la Delegaci\u00f3n de Laicos, Familia y Vida est\u00e1 trabajando con familias con hijos homosexuales<\/a>\u00a0porque \u201cla misi\u00f3n que Jes\u00fas nos ha dado la Iglesia es encontrarnos con los hombres en la situaci\u00f3n en la que est\u00e9n\u201d.<\/p>\n<p>Con respecto a las mujeres que abortan, el prelado expuso: \u201cPor principio digo que la vida no se puede eliminar de este mundo y, por tanto, estoy en contra del aborto [\u2026] y me acerco a situaciones, que alguno est\u00e1 viviendo a costa de ello. Lo que no puede ser es que nadie d\u00e9 un grito en Espa\u00f1a cuando hay 90.000 abortos el a\u00f1o pasado. Yo defiendo y trabajo para que todos puedan vivir\u201d.<\/p>\n<p>Al terminar el encuentro, Pastor cont\u00f3 que el purpurado le hab\u00eda regalado un ejemplar de su libro<a href=\"https:\/\/www.archimadrid.org\/index.php\/oficina-de-informacion\/noticias-madrid\/9040834-el-cardenal-osoro-presenta-mi-maestro-fue-un-preso-o-un-cristiano-entra-por-todos-los-caminos-o-no-es-cristiano\" target=\"_blank\" rel=\"noopener\"><em>\u00a0Mi maestro fue un preso<\/em>\u00a0(Sal Terrae), en el que intercambia cartas con internos de Soto del Real<\/a>, concluye la nota de la archidi\u00f3cesis de Madrid.<\/p>\n","protected":false},"excerpt":{"rendered":"<p>Pide perd\u00f3n por los abusos sexuales en la Iglesia<\/p>\n","protected":false},"author":5,"featured_media":38204,"comment_status":"open","ping_status":"open","sticky":false,"template":"","format":"standard","meta":{"_acf_changed":false,"_crdt_document":"","inline_featured_image":false,"footnotes":""},"categories":[74],"tags":[1121,4421,3089,3157,2419,2307,158,2783],"class_list":["post-38200","post","type-post","status-publish","format-standard","has-post-thumbnail","hentry","category-iglesia-y-mundo","tag-aborto","tag-abusos-sexuales","tag-archidiocesis-de-madrid","tag-cardenal-carlos-osoro","tag-featured","tag-homosexualidad","tag-papa-francisco","tag-unidad"],"acf":[],"yoast_head":"<!-- This site is optimized with the Yoast SEO plugin v27.5 - https:\/\/yoast.com\/product\/yoast-seo-wordpress\/ -->\n<title>Card. Osoro: Si no hay unidad con el Papa, \u201c\u00bfqu\u00e9 cat\u00f3licos somos?\u201d &#8211; Exaudi<\/title>\n<meta name=\"description\" content=\"El card. Osoro subray\u00f3 que el Papa es \u201cel Sucesor de Pedro\u201d y que si no hay unidad con el Sucesor de Pedro &quot;\u00bfQu\u00e9 cat\u00f3licos somos?\u201d\" \/>\n<meta name=\"robots\" content=\"index, follow, max-snippet:-1, max-image-preview:large, max-video-preview:-1\" \/>\n<link rel=\"canonical\" href=\"https:\/\/exaudi.org\/es\/card-osoro-si-no-hay-unidad-con-papa-que-catolicos-somos\/\" \/>\n<meta property=\"og:locale\" content=\"es_ES\" \/>\n<meta property=\"og:type\" content=\"article\" \/>\n<meta property=\"og:title\" content=\"Card. Osoro: Si no hay unidad con el Papa, \u201c\u00bfqu\u00e9 cat\u00f3licos somos?\u201d &#8211; Exaudi\" \/>\n<meta property=\"og:description\" content=\"El card. Osoro subray\u00f3 que el Papa es \u201cel Sucesor de Pedro\u201d y que si no hay unidad con el Sucesor de Pedro &quot;\u00bfQu\u00e9 cat\u00f3licos somos?\u201d\" \/>\n<meta property=\"og:url\" content=\"https:\/\/exaudi.org\/es\/card-osoro-si-no-hay-unidad-con-papa-que-catolicos-somos\/\" \/>\n<meta property=\"og:site_name\" content=\"Exaudi\" \/>\n<meta property=\"article:publisher\" content=\"https:\/\/www.facebook.com\/ExaudiNews\" \/>\n<meta property=\"article:published_time\" content=\"2021-10-28T15:03:54+00:00\" \/>\n<meta property=\"article:modified_time\" content=\"2021-10-28T19:21:46+00:00\" \/>\n<meta property=\"og:image\" content=\"https:\/\/exaudi.org\/wp-content\/uploads\/2021\/10\/a7184f3c935423bf3a63c0bfdd455f97_XL.jpg\" \/>\n\t<meta property=\"og:image:width\" content=\"800\" \/>\n\t<meta property=\"og:image:height\" content=\"400\" \/>\n\t<meta property=\"og:image:type\" content=\"image\/jpeg\" \/>\n<meta name=\"author\" content=\"Larissa I. L\u00f3pez\" \/>\n<meta name=\"twitter:card\" content=\"summary_large_image\" \/>\n<meta name=\"twitter:creator\" content=\"@Exaudi_News\" \/>\n<meta name=\"twitter:site\" content=\"@Exaudi_News\" \/>\n<meta name=\"twitter:label1\" content=\"Escrito por\" \/>\n\t<meta name=\"twitter:data1\" content=\"Larissa I. L\u00f3pez\" \/>\n\t<meta name=\"twitter:label2\" content=\"Tiempo de lectura\" \/>\n\t<meta name=\"twitter:data2\" content=\"4 minutos\" \/>\n<script type=\"application\/ld+json\" class=\"yoast-schema-graph\">{\"@context\":\"https:\\\/\\\/schema.org\",\"@graph\":[{\"@type\":\"Article\",\"@id\":\"https:\\\/\\\/exaudi.org\\\/es\\\/card-osoro-si-no-hay-unidad-con-papa-que-catolicos-somos\\\/#article\",\"isPartOf\":{\"@id\":\"https:\\\/\\\/exaudi.org\\\/es\\\/card-osoro-si-no-hay-unidad-con-papa-que-catolicos-somos\\\/\"},\"author\":{\"name\":\"Larissa I. L\u00f3pez\",\"@id\":\"https:\\\/\\\/exaudi.org\\\/#\\\/schema\\\/person\\\/7d2f77db033c2c0929edfab6dbe8c588\"},\"headline\":\"Card. Osoro: Si no hay unidad con el Papa, \u201c\u00bfqu\u00e9 cat\u00f3licos somos?\u201d\",\"datePublished\":\"2021-10-28T15:03:54+00:00\",\"dateModified\":\"2021-10-28T19:21:46+00:00\",\"mainEntityOfPage\":{\"@id\":\"https:\\\/\\\/exaudi.org\\\/es\\\/card-osoro-si-no-hay-unidad-con-papa-que-catolicos-somos\\\/\"},\"wordCount\":976,\"commentCount\":0,\"image\":{\"@id\":\"https:\\\/\\\/exaudi.org\\\/es\\\/card-osoro-si-no-hay-unidad-con-papa-que-catolicos-somos\\\/#primaryimage\"},\"thumbnailUrl\":\"https:\\\/\\\/exaudi.org\\\/wp-content\\\/uploads\\\/2021\\\/10\\\/a7184f3c935423bf3a63c0bfdd455f97_XL.jpg\",\"keywords\":[\"Aborto\",\"Abusos sexuales\",\"Archidi\u00f3cesis de Madrid\",\"Cardenal Carlos Osoro\",\"Featured\",\"Homosexualidad\",\"papa francisco\",\"Unidad\"],\"articleSection\":[\"Iglesia y Mundo\"],\"inLanguage\":\"es\",\"potentialAction\":[{\"@type\":\"CommentAction\",\"name\":\"Comment\",\"target\":[\"https:\\\/\\\/exaudi.org\\\/es\\\/card-osoro-si-no-hay-unidad-con-papa-que-catolicos-somos\\\/#respond\"]}]},{\"@type\":\"WebPage\",\"@id\":\"https:\\\/\\\/exaudi.org\\\/es\\\/card-osoro-si-no-hay-unidad-con-papa-que-catolicos-somos\\\/\",\"url\":\"https:\\\/\\\/exaudi.org\\\/es\\\/card-osoro-si-no-hay-unidad-con-papa-que-catolicos-somos\\\/\",\"name\":\"Card. Osoro: Si no hay unidad con el Papa, \u201c\u00bfqu\u00e9 cat\u00f3licos somos?\u201d &#8211; Exaudi\",\"isPartOf\":{\"@id\":\"https:\\\/\\\/exaudi.org\\\/#website\"},\"primaryImageOfPage\":{\"@id\":\"https:\\\/\\\/exaudi.org\\\/es\\\/card-osoro-si-no-hay-unidad-con-papa-que-catolicos-somos\\\/#primaryimage\"},\"image\":{\"@id\":\"https:\\\/\\\/exaudi.org\\\/es\\\/card-osoro-si-no-hay-unidad-con-papa-que-catolicos-somos\\\/#primaryimage\"},\"thumbnailUrl\":\"https:\\\/\\\/exaudi.org\\\/wp-content\\\/uploads\\\/2021\\\/10\\\/a7184f3c935423bf3a63c0bfdd455f97_XL.jpg\",\"datePublished\":\"2021-10-28T15:03:54+00:00\",\"dateModified\":\"2021-10-28T19:21:46+00:00\",\"author\":{\"@id\":\"https:\\\/\\\/exaudi.org\\\/#\\\/schema\\\/person\\\/7d2f77db033c2c0929edfab6dbe8c588\"},\"description\":\"El card. Osoro subray\u00f3 que el Papa es \u201cel Sucesor de Pedro\u201d y que si no hay unidad con el Sucesor de Pedro \\\"\u00bfQu\u00e9 cat\u00f3licos somos?\u201d\",\"breadcrumb\":{\"@id\":\"https:\\\/\\\/exaudi.org\\\/es\\\/card-osoro-si-no-hay-unidad-con-papa-que-catolicos-somos\\\/#breadcrumb\"},\"inLanguage\":\"es\",\"potentialAction\":[{\"@type\":\"ReadAction\",\"target\":[\"https:\\\/\\\/exaudi.org\\\/es\\\/card-osoro-si-no-hay-unidad-con-papa-que-catolicos-somos\\\/\"]}]},{\"@type\":\"ImageObject\",\"inLanguage\":\"es\",\"@id\":\"https:\\\/\\\/exaudi.org\\\/es\\\/card-osoro-si-no-hay-unidad-con-papa-que-catolicos-somos\\\/#primaryimage\",\"url\":\"https:\\\/\\\/exaudi.org\\\/wp-content\\\/uploads\\\/2021\\\/10\\\/a7184f3c935423bf3a63c0bfdd455f97_XL.jpg\",\"contentUrl\":\"https:\\\/\\\/exaudi.org\\\/wp-content\\\/uploads\\\/2021\\\/10\\\/a7184f3c935423bf3a63c0bfdd455f97_XL.jpg\",\"width\":800,\"height\":400,\"caption\":\"Cardenal Carlos Osoro \u00a9 Archidi\u00f3cesis de Madrid\"},{\"@type\":\"BreadcrumbList\",\"@id\":\"https:\\\/\\\/exaudi.org\\\/es\\\/card-osoro-si-no-hay-unidad-con-papa-que-catolicos-somos\\\/#breadcrumb\",\"itemListElement\":[{\"@type\":\"ListItem\",\"position\":1,\"name\":\"Portada\",\"item\":\"https:\\\/\\\/exaudi.org\\\/es\\\/\"},{\"@type\":\"ListItem\",\"position\":2,\"name\":\"Card. Osoro: Si no hay unidad con el Papa, \u201c\u00bfqu\u00e9 cat\u00f3licos somos?\u201d\"}]},{\"@type\":\"WebSite\",\"@id\":\"https:\\\/\\\/exaudi.org\\\/#website\",\"url\":\"https:\\\/\\\/exaudi.org\\\/\",\"name\":\"Exaudi\",\"description\":\"News\",\"potentialAction\":[{\"@type\":\"SearchAction\",\"target\":{\"@type\":\"EntryPoint\",\"urlTemplate\":\"https:\\\/\\\/exaudi.org\\\/?s={search_term_string}\"},\"query-input\":{\"@type\":\"PropertyValueSpecification\",\"valueRequired\":true,\"valueName\":\"search_term_string\"}}],\"inLanguage\":\"es\"},{\"@type\":\"Person\",\"@id\":\"https:\\\/\\\/exaudi.org\\\/#\\\/schema\\\/person\\\/7d2f77db033c2c0929edfab6dbe8c588\",\"name\":\"Larissa I. L\u00f3pez\",\"image\":{\"@type\":\"ImageObject\",\"inLanguage\":\"es\",\"@id\":\"https:\\\/\\\/secure.gravatar.com\\\/avatar\\\/db3ef399ff343d0bb9d25dc5198bc8ece5ac6d621eca79876697a354dabc1e3f?s=96&d=mm&r=g\",\"url\":\"https:\\\/\\\/secure.gravatar.com\\\/avatar\\\/db3ef399ff343d0bb9d25dc5198bc8ece5ac6d621eca79876697a354dabc1e3f?s=96&d=mm&r=g\",\"contentUrl\":\"https:\\\/\\\/secure.gravatar.com\\\/avatar\\\/db3ef399ff343d0bb9d25dc5198bc8ece5ac6d621eca79876697a354dabc1e3f?s=96&d=mm&r=g\",\"caption\":\"Larissa I. L\u00f3pez\"},\"description\":\"Doctora en Comunicaci\u00f3n. Mi trayectoria profesional ha transcurrido entre el \u00e1mbito de la comunicaci\u00f3n y el de la docencia. En los \u00faltimos a\u00f1os, he trabajado como coordinadora y redactora de la edici\u00f3n de ZENIT en espa\u00f1ol. Como profesora, he impartido clases en la universidad y en centros de FP y bachillerato. Cordobesa de nacimiento, tambi\u00e9n he vivido en Sevilla, Madrid y Roma\",\"url\":\"https:\\\/\\\/exaudi.org\\\/es\\\/author\\\/llopezexaudi-org\\\/\"}]}<\/script>\n<!-- \/ Yoast SEO plugin. -->","yoast_head_json":{"title":"Card. Osoro: Si no hay unidad con el Papa, \u201c\u00bfqu\u00e9 cat\u00f3licos somos?\u201d &#8211; Exaudi","description":"El card. Osoro subray\u00f3 que el Papa es \u201cel Sucesor de Pedro\u201d y que si no hay unidad con el Sucesor de Pedro \"\u00bfQu\u00e9 cat\u00f3licos somos?\u201d","robots":{"index":"index","follow":"follow","max-snippet":"max-snippet:-1","max-image-preview":"max-image-preview:large","max-video-preview":"max-video-preview:-1"},"canonical":"https:\/\/exaudi.org\/es\/card-osoro-si-no-hay-unidad-con-papa-que-catolicos-somos\/","og_locale":"es_ES","og_type":"article","og_title":"Card. Osoro: Si no hay unidad con el Papa, \u201c\u00bfqu\u00e9 cat\u00f3licos somos?\u201d &#8211; Exaudi","og_description":"El card. Osoro subray\u00f3 que el Papa es \u201cel Sucesor de Pedro\u201d y que si no hay unidad con el Sucesor de Pedro \"\u00bfQu\u00e9 cat\u00f3licos somos?\u201d","og_url":"https:\/\/exaudi.org\/es\/card-osoro-si-no-hay-unidad-con-papa-que-catolicos-somos\/","og_site_name":"Exaudi","article_publisher":"https:\/\/www.facebook.com\/ExaudiNews","article_published_time":"2021-10-28T15:03:54+00:00","article_modified_time":"2021-10-28T19:21:46+00:00","og_image":[{"width":800,"height":400,"url":"https:\/\/exaudi.org\/wp-content\/uploads\/2021\/10\/a7184f3c935423bf3a63c0bfdd455f97_XL.jpg","type":"image\/jpeg"}],"author":"Larissa I. L\u00f3pez","twitter_card":"summary_large_image","twitter_creator":"@Exaudi_News","twitter_site":"@Exaudi_News","twitter_misc":{"Escrito por":"Larissa I. L\u00f3pez","Tiempo de lectura":"4 minutos"},"schema":{"@context":"https:\/\/schema.org","@graph":[{"@type":"Article","@id":"https:\/\/exaudi.org\/es\/card-osoro-si-no-hay-unidad-con-papa-que-catolicos-somos\/#article","isPartOf":{"@id":"https:\/\/exaudi.org\/es\/card-osoro-si-no-hay-unidad-con-papa-que-catolicos-somos\/"},"author":{"name":"Larissa I. L\u00f3pez","@id":"https:\/\/exaudi.org\/#\/schema\/person\/7d2f77db033c2c0929edfab6dbe8c588"},"headline":"Card. Osoro: Si no hay unidad con el Papa, \u201c\u00bfqu\u00e9 cat\u00f3licos somos?\u201d","datePublished":"2021-10-28T15:03:54+00:00","dateModified":"2021-10-28T19:21:46+00:00","mainEntityOfPage":{"@id":"https:\/\/exaudi.org\/es\/card-osoro-si-no-hay-unidad-con-papa-que-catolicos-somos\/"},"wordCount":976,"commentCount":0,"image":{"@id":"https:\/\/exaudi.org\/es\/card-osoro-si-no-hay-unidad-con-papa-que-catolicos-somos\/#primaryimage"},"thumbnailUrl":"https:\/\/exaudi.org\/wp-content\/uploads\/2021\/10\/a7184f3c935423bf3a63c0bfdd455f97_XL.jpg","keywords":["Aborto","Abusos sexuales","Archidi\u00f3cesis de Madrid","Cardenal Carlos Osoro","Featured","Homosexualidad","papa francisco","Unidad"],"articleSection":["Iglesia y Mundo"],"inLanguage":"es","potentialAction":[{"@type":"CommentAction","name":"Comment","target":["https:\/\/exaudi.org\/es\/card-osoro-si-no-hay-unidad-con-papa-que-catolicos-somos\/#respond"]}]},{"@type":"WebPage","@id":"https:\/\/exaudi.org\/es\/card-osoro-si-no-hay-unidad-con-papa-que-catolicos-somos\/","url":"https:\/\/exaudi.org\/es\/card-osoro-si-no-hay-unidad-con-papa-que-catolicos-somos\/","name":"Card. Osoro: Si no hay unidad con el Papa, \u201c\u00bfqu\u00e9 cat\u00f3licos somos?\u201d &#8211; Exaudi","isPartOf":{"@id":"https:\/\/exaudi.org\/#website"},"primaryImageOfPage":{"@id":"https:\/\/exaudi.org\/es\/card-osoro-si-no-hay-unidad-con-papa-que-catolicos-somos\/#primaryimage"},"image":{"@id":"https:\/\/exaudi.org\/es\/card-osoro-si-no-hay-unidad-con-papa-que-catolicos-somos\/#primaryimage"},"thumbnailUrl":"https:\/\/exaudi.org\/wp-content\/uploads\/2021\/10\/a7184f3c935423bf3a63c0bfdd455f97_XL.jpg","datePublished":"2021-10-28T15:03:54+00:00","dateModified":"2021-10-28T19:21:46+00:00","author":{"@id":"https:\/\/exaudi.org\/#\/schema\/person\/7d2f77db033c2c0929edfab6dbe8c588"},"description":"El card. Osoro subray\u00f3 que el Papa es \u201cel Sucesor de Pedro\u201d y que si no hay unidad con el Sucesor de Pedro \"\u00bfQu\u00e9 cat\u00f3licos somos?\u201d","breadcrumb":{"@id":"https:\/\/exaudi.org\/es\/card-osoro-si-no-hay-unidad-con-papa-que-catolicos-somos\/#breadcrumb"},"inLanguage":"es","potentialAction":[{"@type":"ReadAction","target":["https:\/\/exaudi.org\/es\/card-osoro-si-no-hay-unidad-con-papa-que-catolicos-somos\/"]}]},{"@type":"ImageObject","inLanguage":"es","@id":"https:\/\/exaudi.org\/es\/card-osoro-si-no-hay-unidad-con-papa-que-catolicos-somos\/#primaryimage","url":"https:\/\/exaudi.org\/wp-content\/uploads\/2021\/10\/a7184f3c935423bf3a63c0bfdd455f97_XL.jpg","contentUrl":"https:\/\/exaudi.org\/wp-content\/uploads\/2021\/10\/a7184f3c935423bf3a63c0bfdd455f97_XL.jpg","width":800,"height":400,"caption":"Cardenal Carlos Osoro \u00a9 Archidi\u00f3cesis de Madrid"},{"@type":"BreadcrumbList","@id":"https:\/\/exaudi.org\/es\/card-osoro-si-no-hay-unidad-con-papa-que-catolicos-somos\/#breadcrumb","itemListElement":[{"@type":"ListItem","position":1,"name":"Portada","item":"https:\/\/exaudi.org\/es\/"},{"@type":"ListItem","position":2,"name":"Card. Osoro: Si no hay unidad con el Papa, \u201c\u00bfqu\u00e9 cat\u00f3licos somos?\u201d"}]},{"@type":"WebSite","@id":"https:\/\/exaudi.org\/#website","url":"https:\/\/exaudi.org\/","name":"Exaudi","description":"News","potentialAction":[{"@type":"SearchAction","target":{"@type":"EntryPoint","urlTemplate":"https:\/\/exaudi.org\/?s={search_term_string}"},"query-input":{"@type":"PropertyValueSpecification","valueRequired":true,"valueName":"search_term_string"}}],"inLanguage":"es"},{"@type":"Person","@id":"https:\/\/exaudi.org\/#\/schema\/person\/7d2f77db033c2c0929edfab6dbe8c588","name":"Larissa I. L\u00f3pez","image":{"@type":"ImageObject","inLanguage":"es","@id":"https:\/\/secure.gravatar.com\/avatar\/db3ef399ff343d0bb9d25dc5198bc8ece5ac6d621eca79876697a354dabc1e3f?s=96&d=mm&r=g","url":"https:\/\/secure.gravatar.com\/avatar\/db3ef399ff343d0bb9d25dc5198bc8ece5ac6d621eca79876697a354dabc1e3f?s=96&d=mm&r=g","contentUrl":"https:\/\/secure.gravatar.com\/avatar\/db3ef399ff343d0bb9d25dc5198bc8ece5ac6d621eca79876697a354dabc1e3f?s=96&d=mm&r=g","caption":"Larissa I. L\u00f3pez"},"description":"Doctora en Comunicaci\u00f3n. Mi trayectoria profesional ha transcurrido entre el \u00e1mbito de la comunicaci\u00f3n y el de la docencia. En los \u00faltimos a\u00f1os, he trabajado como coordinadora y redactora de la edici\u00f3n de ZENIT en espa\u00f1ol. Como profesora, he impartido clases en la universidad y en centros de FP y bachillerato. Cordobesa de nacimiento, tambi\u00e9n he vivido en Sevilla, Madrid y Roma","url":"https:\/\/exaudi.org\/es\/author\/llopezexaudi-org\/"}]}},"jetpack_featured_media_url":"https:\/\/exaudi.org\/wp-content\/uploads\/2021\/10\/a7184f3c935423bf3a63c0bfdd455f97_XL.jpg","jetpack_shortlink":"https:\/\/wp.me\/pgKjF2-9W8","_links":{"self":[{"href":"https:\/\/exaudi.org\/es\/wp-json\/wp\/v2\/posts\/38200","targetHints":{"allow":["GET"]}}],"collection":[{"href":"https:\/\/exaudi.org\/es\/wp-json\/wp\/v2\/posts"}],"about":[{"href":"https:\/\/exaudi.org\/es\/wp-json\/wp\/v2\/types\/post"}],"author":[{"embeddable":true,"href":"https:\/\/exaudi.org\/es\/wp-json\/wp\/v2\/users\/5"}],"replies":[{"embeddable":true,"href":"https:\/\/exaudi.org\/es\/wp-json\/wp\/v2\/comments?post=38200"}],"version-history":[{"count":0,"href":"https:\/\/exaudi.org\/es\/wp-json\/wp\/v2\/posts\/38200\/revisions"}],"wp:featuredmedia":[{"embeddable":true,"href":"https:\/\/exaudi.org\/es\/wp-json\/wp\/v2\/media\/38204"}],"wp:attachment":[{"href":"https:\/\/exaudi.org\/es\/wp-json\/wp\/v2\/media?parent=38200"}],"wp:term":[{"taxonomy":"category","embeddable":true,"href":"https:\/\/exaudi.org\/es\/wp-json\/wp\/v2\/categories?post=38200"},{"taxonomy":"post_tag","embeddable":true,"href":"https:\/\/exaudi.org\/es\/wp-json\/wp\/v2\/tags?post=38200"}],"curies":[{"name":"wp","href":"https:\/\/api.w.org\/{rel}","templated":true}]}}