{"id":38014,"date":"2021-10-27T15:05:24","date_gmt":"2021-10-27T13:05:24","guid":{"rendered":"https:\/\/exaudi.wpengine.com\/?p=38014"},"modified":"2021-10-29T15:49:22","modified_gmt":"2021-10-29T13:49:22","slug":"que-ocurre-cuando-nos-encontramos-con-jesus-en-la-oracion","status":"publish","type":"post","link":"https:\/\/exaudi.org\/es\/que-ocurre-cuando-nos-encontramos-con-jesus-en-la-oracion\/","title":{"rendered":"\u00bfQu\u00e9 ocurre cuando nos encontramos con Jes\u00fas en la oraci\u00f3n?"},"content":{"rendered":"<p>\u00bfQu\u00e9 ocurre cuando nos encontramos con Jes\u00fas Crucificado en la oraci\u00f3n?, plante\u00f3 el Papa Francisco, \u201clo que sucede es lo que ocurri\u00f3 bajo la Cruz: Jes\u00fas entrega el Esp\u00edritu (cf.\u00a0<em>Jn<\/em>\u00a019,30), es decir, da su propia vida. Y el Esp\u00edritu, que brota de la Pascua de Jes\u00fas, es el principio de la vida espiritual. Es \u00c9l quien cambia el coraz\u00f3n: no nuestras obras\u201d.<\/p>\n<p><img loading=\"lazy\" decoding=\"async\" class=\"size-medium wp-image-38070 alignleft\" src=\"https:\/\/exaudi.wpengine.com\/wp-content\/uploads\/2021\/10\/cq5dam.web_.800.800-29-1-300x200.jpeg\" alt=\"\" width=\"300\" height=\"200\" srcset=\"https:\/\/exaudi.org\/wp-content\/uploads\/2021\/10\/cq5dam.web_.800.800-29-1-300x200.jpeg 300w, https:\/\/exaudi.org\/wp-content\/uploads\/2021\/10\/cq5dam.web_.800.800-29-1-768x512.jpeg 768w, https:\/\/exaudi.org\/wp-content\/uploads\/2021\/10\/cq5dam.web_.800.800-29-1-150x100.jpeg 150w, https:\/\/exaudi.org\/wp-content\/uploads\/2021\/10\/cq5dam.web_.800.800-29-1-696x464.jpeg 696w, https:\/\/exaudi.org\/wp-content\/uploads\/2021\/10\/cq5dam.web_.800.800-29-1-630x420.jpeg 630w, https:\/\/exaudi.org\/wp-content\/uploads\/2021\/10\/cq5dam.web_.800.800-29-1.jpeg 800w\" sizes=\"auto, (max-width: 300px) 100vw, 300px\" \/>Durante la <a href=\"https:\/\/exaudi.wpengine.com\/es\/no-perder-vista-jesus-cruz\/\" target=\"_blank\" rel=\"noopener\">audiencia general<\/a> de hoy, mi\u00e9rcoles 27 de octubre de 2021, el Santo Padre ha continuado con el ciclo de catequesis sobre la\u00a0<a href=\"https:\/\/www.vatican.va\/archive\/ESL0506\/_PYT.HTM\">carta a los G\u00e1latas<\/a>, centrando su meditaci\u00f3n en el tema: \u201cEl fruto del Esp\u00edritu\u201d (Gal 5,22-24).<\/p>\n<p>Francisco se refiri\u00f3 a c\u00f3mo Pablo recuerda a los g\u00e1latas, \u201ctentados de basar su religiosidad en la observancia de preceptos y tradiciones\u201d, \u201cel centro de la salvaci\u00f3n y de la fe: la muerte y la resurrecci\u00f3n del Se\u00f1or\u201d. Y esto \u201clo hace poniendo ante ellos el realismo de la cruz de Jes\u00fas\u201d.<\/p>\n<h4><strong>Tentaci\u00f3n de los nuevos fundamentalismos<\/strong><\/h4>\n<p><img loading=\"lazy\" decoding=\"async\" class=\"size-medium wp-image-38079 alignright\" src=\"https:\/\/exaudi.wpengine.com\/wp-content\/uploads\/2021\/10\/SFO9680_050421--300x200.jpg\" alt=\"\" width=\"300\" height=\"200\" srcset=\"https:\/\/exaudi.org\/wp-content\/uploads\/2021\/10\/SFO9680_050421--300x200.jpg 300w, https:\/\/exaudi.org\/wp-content\/uploads\/2021\/10\/SFO9680_050421--1024x683.jpg 1024w, https:\/\/exaudi.org\/wp-content\/uploads\/2021\/10\/SFO9680_050421--768x512.jpg 768w, https:\/\/exaudi.org\/wp-content\/uploads\/2021\/10\/SFO9680_050421--1536x1024.jpg 1536w, https:\/\/exaudi.org\/wp-content\/uploads\/2021\/10\/SFO9680_050421--2048x1365.jpg 2048w, https:\/\/exaudi.org\/wp-content\/uploads\/2021\/10\/SFO9680_050421--150x100.jpg 150w, https:\/\/exaudi.org\/wp-content\/uploads\/2021\/10\/SFO9680_050421--696x464.jpg 696w, https:\/\/exaudi.org\/wp-content\/uploads\/2021\/10\/SFO9680_050421--1068x712.jpg 1068w, https:\/\/exaudi.org\/wp-content\/uploads\/2021\/10\/SFO9680_050421--1920x1280.jpg 1920w, https:\/\/exaudi.org\/wp-content\/uploads\/2021\/10\/SFO9680_050421--630x420.jpg 630w\" sizes=\"auto, (max-width: 300px) 100vw, 300px\" \/>Incluso hoy en d\u00eda, se\u00f1ala el Papa, \u201cmuchos buscan la certeza religiosa antes que al Dios vivo y verdadero, centr\u00e1ndose en rituales y preceptos en lugar de abrazar al Dios del amor con todo su ser\u201d. Y esta, destaca, \u201ces la tentaci\u00f3n de los nuevos fundamentalistas, de aquellos a quienes les parece que el camino a recorrer d\u00e9 miedo y no van hacia adelante sino hacia atr\u00e1s porque se sienten m\u00e1s seguros: buscan la seguridad de Dios y no al Dios de la seguridad\u201d. Es por ello que Pablo \u201cpide a los g\u00e1latas que vuelvan a lo esencial, a Dios que nos da la vida en Cristo crucificado\u201d.<\/p>\n<p>En este sentido, el Pont\u00edfice apunta que si perdemos \u201cel hilo de la vida espiritual, si mil problemas y pensamientos nos acosan\u201d, se deben seguir los consejos del Ap\u00f3stol: \u201cpong\u00e1monos ante Cristo Crucificado, partamos de nuevo de \u00c9l. Tomemos el Crucifijo entre las manos, apret\u00e9moslo sobre el coraz\u00f3n. O deteng\u00e1monos en adoraci\u00f3n ante la Eucarist\u00eda, donde Jes\u00fas es el Pan partido por nosotros, el Crucificado resucitado, el poder de Dios que derrama su amor en nuestros corazones\u201d.<\/p>\n<h4><strong>Frutos de la carne y frutos del Esp\u00edritu<\/strong><\/h4>\n<p><img loading=\"lazy\" decoding=\"async\" class=\"size-medium wp-image-38082 alignleft\" src=\"https:\/\/exaudi.wpengine.com\/wp-content\/uploads\/2021\/10\/cq5dam.web_.800.800-32-200x300.jpeg\" alt=\"\" width=\"200\" height=\"300\" srcset=\"https:\/\/exaudi.org\/wp-content\/uploads\/2021\/10\/cq5dam.web_.800.800-32-200x300.jpeg 200w, https:\/\/exaudi.org\/wp-content\/uploads\/2021\/10\/cq5dam.web_.800.800-32-150x225.jpeg 150w, https:\/\/exaudi.org\/wp-content\/uploads\/2021\/10\/cq5dam.web_.800.800-32-300x450.jpeg 300w, https:\/\/exaudi.org\/wp-content\/uploads\/2021\/10\/cq5dam.web_.800.800-32-280x420.jpeg 280w, https:\/\/exaudi.org\/wp-content\/uploads\/2021\/10\/cq5dam.web_.800.800-32.jpeg 533w\" sizes=\"auto, (max-width: 200px) 100vw, 200px\" \/>Despu\u00e9s, el Obispo de Roma indica que \u201cprecisamente el combate espiritual es otra gran ense\u00f1anza de la Carta a los G\u00e1latas. El Ap\u00f3stol presenta dos frentes opuestos: por un lado, las \u201cobras de la carne\u201d, por otro el \u201cfruto del Esp\u00edritu\u201d\u201d. Las obras de la carne, define, \u201cson comportamientos contrarios al Esp\u00edritu de Dios\u201d. De este modo, Pablo enumera \u201clas obras de la carne, que se refieren al uso ego\u00edsta de la sexualidad, a las pr\u00e1cticas m\u00e1gicas que son idolatr\u00eda y a lo que socava las relaciones interpersonales, como \u2018discordia, celos, iras, rencillas, divisiones, disensiones, envidias\u2026\u2019\u201d (cf. <em>G\u00e1l<\/em> 5,19-21)\u201d. Todo ello, explica el Sucesor de Pedro, es el fruto de la carne, \u201cde un comportamiento solamente humano, \u2018enfermizamente&#8217; humano. Porque lo humano tiene sus valores, pero todo esto es \u2018enfermizamente\u2019 humano\u201d.<\/p>\n<p>En contraposici\u00f3n, describe Su Santidad, el fruto del Esp\u00edritu es \u201camor, alegr\u00eda, paz, paciencia, afabilidad, bondad, fidelidad, mansedumbre, dominio de s\u00ed\u201d. As\u00ed, propone como \u201cbuen ejercicio espiritual\u201d leer la lista de san Pablo \u201cy mirar la propia conducta, para ver si se corresponde, si nuestra vida es realmente seg\u00fan el Esp\u00edritu Santo, si lleva estos frutos\u201d.<\/p>\n<p><img loading=\"lazy\" decoding=\"async\" class=\"size-medium wp-image-38073 alignright\" src=\"https:\/\/exaudi.wpengine.com\/wp-content\/uploads\/2021\/10\/SFO9090_050421--300x200.jpg\" alt=\"\" width=\"300\" height=\"200\" srcset=\"https:\/\/exaudi.org\/wp-content\/uploads\/2021\/10\/SFO9090_050421--300x200.jpg 300w, https:\/\/exaudi.org\/wp-content\/uploads\/2021\/10\/SFO9090_050421--1024x683.jpg 1024w, https:\/\/exaudi.org\/wp-content\/uploads\/2021\/10\/SFO9090_050421--768x512.jpg 768w, https:\/\/exaudi.org\/wp-content\/uploads\/2021\/10\/SFO9090_050421--1536x1024.jpg 1536w, https:\/\/exaudi.org\/wp-content\/uploads\/2021\/10\/SFO9090_050421--2048x1365.jpg 2048w, https:\/\/exaudi.org\/wp-content\/uploads\/2021\/10\/SFO9090_050421--150x100.jpg 150w, https:\/\/exaudi.org\/wp-content\/uploads\/2021\/10\/SFO9090_050421--696x464.jpg 696w, https:\/\/exaudi.org\/wp-content\/uploads\/2021\/10\/SFO9090_050421--1068x712.jpg 1068w, https:\/\/exaudi.org\/wp-content\/uploads\/2021\/10\/SFO9090_050421--1920x1280.jpg 1920w, https:\/\/exaudi.org\/wp-content\/uploads\/2021\/10\/SFO9090_050421--630x420.jpg 630w\" sizes=\"auto, (max-width: 300px) 100vw, 300px\" \/>Esta ense\u00f1anza del Ap\u00f3stol, prosigue, \u201csupone tambi\u00e9n un gran reto para nuestras comunidades\u201d, pues a veces, \u201cquienes se acercan a la Iglesia tienen la impresi\u00f3n de encontrarse ante una densa masa de mandatos y preceptos: pero no, esto no es la Iglesia\u201d. La vida del Esp\u00edritu \u201cexpresada en los sacramentos no puede ser sofocada por una burocracia que impida el acceso a la gracia del Esp\u00edritu, autor de la conversi\u00f3n del coraz\u00f3n\u201d.<\/p>\n<p>Por lo tanto, concluye el Papa Francisco, \u201ctenemos la gran responsabilidad de anunciar a Cristo crucificado y resucitado, animados por el soplo del Esp\u00edritu de amor. Porque s\u00f3lo este Amor tiene el poder de atraer y cambiar el coraz\u00f3n del hombre\u201d.<\/p>\n<p>A continuaci\u00f3n, sigue el texto completo de la audiencia del Santo Padre.<\/p>\n<p><strong>***<\/strong><\/p>\n<p><strong>Catequesis 13.<em>\u00a0El fruto del Esp\u00edritu<\/em><\/strong><\/p>\n<p><em>Queridos hermanos y hermanas, \u00a1buenos d\u00edas!<\/em><\/p>\n<p><img loading=\"lazy\" decoding=\"async\" class=\"size-medium wp-image-38067 alignleft\" src=\"https:\/\/exaudi.wpengine.com\/wp-content\/uploads\/2021\/10\/cq5dam.web_.800.800-30-300x200.jpeg\" alt=\"\" width=\"300\" height=\"200\" srcset=\"https:\/\/exaudi.org\/wp-content\/uploads\/2021\/10\/cq5dam.web_.800.800-30-300x200.jpeg 300w, https:\/\/exaudi.org\/wp-content\/uploads\/2021\/10\/cq5dam.web_.800.800-30-768x512.jpeg 768w, https:\/\/exaudi.org\/wp-content\/uploads\/2021\/10\/cq5dam.web_.800.800-30-150x100.jpeg 150w, https:\/\/exaudi.org\/wp-content\/uploads\/2021\/10\/cq5dam.web_.800.800-30-696x464.jpeg 696w, https:\/\/exaudi.org\/wp-content\/uploads\/2021\/10\/cq5dam.web_.800.800-30-630x420.jpeg 630w, https:\/\/exaudi.org\/wp-content\/uploads\/2021\/10\/cq5dam.web_.800.800-30.jpeg 800w\" sizes=\"auto, (max-width: 300px) 100vw, 300px\" \/>La predicaci\u00f3n de san Pablo gira en torno a Jes\u00fas y su Misterio Pascual. El Ap\u00f3stol, de hecho, se presenta como heraldo de Cristo, y de Cristo crucificado (cf.\u00a0<em>1 Cor<\/em>\u00a02,2). A los g\u00e1latas, tentados de basar su religiosidad en la observancia de preceptos y tradiciones, les recuerda el centro de la salvaci\u00f3n y de la fe: la muerte y la resurrecci\u00f3n del Se\u00f1or. Lo hace poniendo ante ellos el realismo de la cruz de Jes\u00fas. Escribe as\u00ed: \u201c\u00bfQui\u00e9n os fascin\u00f3 a vosotros, a cuyos ojos fue presentado Jesucristo crucificado?\u201d (<em>G\u00e1l<\/em>\u00a03,1). \u00bfQui\u00e9n os ha fascinado para alejaros de Cristo Crucificado? Es un momento feo de los G\u00e1latas\u2026<\/p>\n<p><img loading=\"lazy\" decoding=\"async\" class=\"size-medium wp-image-38094 alignright\" src=\"https:\/\/exaudi.wpengine.com\/wp-content\/uploads\/2021\/10\/cq5dam.web_.800.800-35-200x300.jpeg\" alt=\"\" width=\"200\" height=\"300\" srcset=\"https:\/\/exaudi.org\/wp-content\/uploads\/2021\/10\/cq5dam.web_.800.800-35-200x300.jpeg 200w, https:\/\/exaudi.org\/wp-content\/uploads\/2021\/10\/cq5dam.web_.800.800-35-150x225.jpeg 150w, https:\/\/exaudi.org\/wp-content\/uploads\/2021\/10\/cq5dam.web_.800.800-35-300x450.jpeg 300w, https:\/\/exaudi.org\/wp-content\/uploads\/2021\/10\/cq5dam.web_.800.800-35-280x420.jpeg 280w, https:\/\/exaudi.org\/wp-content\/uploads\/2021\/10\/cq5dam.web_.800.800-35.jpeg 533w\" sizes=\"auto, (max-width: 200px) 100vw, 200px\" \/>Incluso hoy en d\u00eda, muchos buscan la certeza religiosa antes que al Dios vivo y verdadero, centr\u00e1ndose en rituales y preceptos en lugar de abrazar al Dios del amor con todo su ser. Y esta es la tentaci\u00f3n de los nuevos fundamentalistas, de aquellos a quienes les parece que el camino a recorrer d\u00e9 miedo y no van hacia adelante sino hacia atr\u00e1s porque se sienten m\u00e1s seguros: buscan la seguridad de Dios y no al Dios de la seguridad. Por eso Pablo pide a los g\u00e1latas que vuelvan a lo esencial, a Dios que nos da la vida en Cristo crucificado. Da testimonio de ello en primera persona: \u201cCon Cristo estoy crucificado: y no vivo yo, sino que es Cristo quien vive en m\u00ed\u201d (<em>G\u00e1l\u00a0<\/em>2, 20). Y hacia el final de la Carta, afirma: \u201cEn cuanto a m\u00ed \u00a1Dios me libre gloriarme si no es en la cruz de nuestro Se\u00f1or Jesucristo!\u201d (6,14).<\/p>\n<p><img loading=\"lazy\" decoding=\"async\" class=\"size-medium wp-image-38064 alignleft\" src=\"https:\/\/exaudi.wpengine.com\/wp-content\/uploads\/2021\/10\/cq5dam.web_.800.800-31-300x200.jpeg\" alt=\"\" width=\"300\" height=\"200\" srcset=\"https:\/\/exaudi.org\/wp-content\/uploads\/2021\/10\/cq5dam.web_.800.800-31-300x200.jpeg 300w, https:\/\/exaudi.org\/wp-content\/uploads\/2021\/10\/cq5dam.web_.800.800-31-768x512.jpeg 768w, https:\/\/exaudi.org\/wp-content\/uploads\/2021\/10\/cq5dam.web_.800.800-31-150x100.jpeg 150w, https:\/\/exaudi.org\/wp-content\/uploads\/2021\/10\/cq5dam.web_.800.800-31-696x464.jpeg 696w, https:\/\/exaudi.org\/wp-content\/uploads\/2021\/10\/cq5dam.web_.800.800-31-630x420.jpeg 630w, https:\/\/exaudi.org\/wp-content\/uploads\/2021\/10\/cq5dam.web_.800.800-31.jpeg 800w\" sizes=\"auto, (max-width: 300px) 100vw, 300px\" \/>Si nosotros perdemos el hilo de la vida espiritual, si mil problemas y pensamientos nos acosan, hagamos nuestros los consejos de Pablo: pong\u00e1monos ante Cristo Crucificado, partamos de nuevo de \u00c9l. Tomemos el Crucifijo entre las manos, apret\u00e9moslo sobre el coraz\u00f3n. O deteng\u00e1monos en adoraci\u00f3n ante la Eucarist\u00eda, donde Jes\u00fas es el Pan partido por nosotros, el Crucificado resucitado, el poder de Dios que derrama su amor en nuestros corazones.<\/p>\n<p><img loading=\"lazy\" decoding=\"async\" class=\"size-medium wp-image-38091 alignright\" src=\"https:\/\/exaudi.wpengine.com\/wp-content\/uploads\/2021\/10\/cq5dam.web_.800.800-34-200x300.jpeg\" alt=\"\" width=\"200\" height=\"300\" srcset=\"https:\/\/exaudi.org\/wp-content\/uploads\/2021\/10\/cq5dam.web_.800.800-34-200x300.jpeg 200w, https:\/\/exaudi.org\/wp-content\/uploads\/2021\/10\/cq5dam.web_.800.800-34-150x225.jpeg 150w, https:\/\/exaudi.org\/wp-content\/uploads\/2021\/10\/cq5dam.web_.800.800-34-300x450.jpeg 300w, https:\/\/exaudi.org\/wp-content\/uploads\/2021\/10\/cq5dam.web_.800.800-34-280x420.jpeg 280w, https:\/\/exaudi.org\/wp-content\/uploads\/2021\/10\/cq5dam.web_.800.800-34.jpeg 533w\" sizes=\"auto, (max-width: 200px) 100vw, 200px\" \/>Y ahora, de nuevo guiados por san Pablo, demos un paso m\u00e1s. Pregunt\u00e9monos: \u00bfQu\u00e9 ocurre cuando nos encontramos con Jes\u00fas Crucificado en la oraci\u00f3n? Lo que sucede es lo que ocurri\u00f3 bajo la Cruz: Jes\u00fas entrega el Esp\u00edritu (cf.\u00a0<em>Jn<\/em>\u00a019,30), es decir, da su propia vida. Y el Esp\u00edritu, que brota de la Pascua de Jes\u00fas, es el principio de la vida espiritual. Es \u00c9l quien cambia el coraz\u00f3n: no nuestras obras. Es \u00c9l el que cambia el coraz\u00f3n, no las cosas que nosotros hacemos, sino que la acci\u00f3n del Esp\u00edritu Santo en nosotros cambia el coraz\u00f3n. \u00a0Es \u00c9l quien gu\u00eda a la Iglesia, y nosotros estamos llamados a obedecer su acci\u00f3n, que extiende d\u00f3nde y c\u00f3mo quiere. Adem\u00e1s, fue precisamente la constataci\u00f3n de que el Esp\u00edritu Santo descend\u00eda sobre todos y que su gracia actuaba sin exclusi\u00f3n lo que convenci\u00f3, incluso a los m\u00e1s reacios, de que el Evangelio de Jes\u00fas estaba destinado a todos y no a unos pocos privilegiados. Y aquellos que buscan la seguridad, el peque\u00f1o grupo, las cosas claras como entonces, se alejan del Esp\u00edritu, no dejan que la libertad del Esp\u00edritu entre en ellos. As\u00ed, la vida de la comunidad se regenera en el Esp\u00edritu Santo; y es siempre gracias a \u00c9l que alimentamos nuestra vida cristiana y llevamos adelante nuestra lucha espiritual.<\/p>\n<p><img loading=\"lazy\" decoding=\"async\" class=\"size-medium wp-image-38085 alignleft\" src=\"https:\/\/exaudi.wpengine.com\/wp-content\/uploads\/2021\/10\/cq5dam.web_.800.800-33-300x200.jpeg\" alt=\"\" width=\"300\" height=\"200\" srcset=\"https:\/\/exaudi.org\/wp-content\/uploads\/2021\/10\/cq5dam.web_.800.800-33-300x200.jpeg 300w, https:\/\/exaudi.org\/wp-content\/uploads\/2021\/10\/cq5dam.web_.800.800-33-768x512.jpeg 768w, https:\/\/exaudi.org\/wp-content\/uploads\/2021\/10\/cq5dam.web_.800.800-33-150x100.jpeg 150w, https:\/\/exaudi.org\/wp-content\/uploads\/2021\/10\/cq5dam.web_.800.800-33-696x464.jpeg 696w, https:\/\/exaudi.org\/wp-content\/uploads\/2021\/10\/cq5dam.web_.800.800-33-630x420.jpeg 630w, https:\/\/exaudi.org\/wp-content\/uploads\/2021\/10\/cq5dam.web_.800.800-33.jpeg 800w\" sizes=\"auto, (max-width: 300px) 100vw, 300px\" \/>Precisamente el combate espiritual es otra gran ense\u00f1anza de la Carta a los G\u00e1latas. El Ap\u00f3stol presenta dos frentes opuestos: por un lado, las \u201cobras de la carne\u201d, por otro el \u201cfruto del Esp\u00edritu\u201d. \u00bfQu\u00e9 son las obras de la carne? Son comportamientos contrarios al Esp\u00edritu de Dios. El Ap\u00f3stol las llama obras de la carne no porque haya algo malo o incorrecto en nuestra carne humana; por el contrario, hemos visto c\u00f3mo insiste en el realismo de la carne humana llevada por Cristo en la cruz. Carne es una palabra que indica al hombre en su dimensi\u00f3n terrenal, cerrado en s\u00ed mismo, en una vida horizontal, donde se siguen los instintos mundanos y se cierra la puerta al Esp\u00edritu, que nos eleva y nos abre a Dios y a los dem\u00e1s. Pero la carne tambi\u00e9n nos recuerda que todo esto envejece, que todo esto pasa, se pudre, mientras que el Esp\u00edritu da vida. Pablo enumera, por lo tanto, las obras de la carne, que se refieren al uso ego\u00edsta de la sexualidad, a las pr\u00e1cticas m\u00e1gicas que son idolatr\u00eda y a lo que socava las relaciones interpersonales, como \u201cdiscordia, celos, iras, rencillas, divisiones, disensiones, envidias\u2026\u201d (cf.\u00a0<em>G\u00e1l<\/em>\u00a05,19-21). Todo esto es el fruto \u2014dig\u00e1moslo as\u00ed\u2014 de la carne, de un comportamiento solamente humano, \u201cenfermizamente\u201d humano. Porque lo humano tiene sus valores, pero todo esto es \u201cenfermizamente\u201d humano.<\/p>\n<p><img loading=\"lazy\" decoding=\"async\" class=\"size-medium wp-image-38076 alignright\" src=\"https:\/\/exaudi.wpengine.com\/wp-content\/uploads\/2021\/10\/SFO9109_050421--300x200.jpg\" alt=\"\" width=\"300\" height=\"200\" srcset=\"https:\/\/exaudi.org\/wp-content\/uploads\/2021\/10\/SFO9109_050421--300x200.jpg 300w, https:\/\/exaudi.org\/wp-content\/uploads\/2021\/10\/SFO9109_050421--1024x683.jpg 1024w, https:\/\/exaudi.org\/wp-content\/uploads\/2021\/10\/SFO9109_050421--768x512.jpg 768w, https:\/\/exaudi.org\/wp-content\/uploads\/2021\/10\/SFO9109_050421--1536x1024.jpg 1536w, https:\/\/exaudi.org\/wp-content\/uploads\/2021\/10\/SFO9109_050421--2048x1365.jpg 2048w, https:\/\/exaudi.org\/wp-content\/uploads\/2021\/10\/SFO9109_050421--150x100.jpg 150w, https:\/\/exaudi.org\/wp-content\/uploads\/2021\/10\/SFO9109_050421--696x464.jpg 696w, https:\/\/exaudi.org\/wp-content\/uploads\/2021\/10\/SFO9109_050421--1068x712.jpg 1068w, https:\/\/exaudi.org\/wp-content\/uploads\/2021\/10\/SFO9109_050421--1920x1280.jpg 1920w, https:\/\/exaudi.org\/wp-content\/uploads\/2021\/10\/SFO9109_050421--630x420.jpg 630w\" sizes=\"auto, (max-width: 300px) 100vw, 300px\" \/>El fruto del Esp\u00edritu, en cambio, es \u201camor, alegr\u00eda, paz, paciencia, afabilidad, bondad, fidelidad, mansedumbre, dominio de s\u00ed\u201d (<em>G\u00e1l<\/em>\u00a05,22): as\u00ed lo dice Pablo. Los cristianos, que en el bautismo se han \u201crevestido de Cristo\u201d (<em>G\u00e1l<\/em>\u00a03,27), est\u00e1n llamados a vivir as\u00ed. Puede ser un buen ejercicio espiritual, por ejemplo, leer la lista de san Pablo y mirar la propia conducta, para ver si se corresponde, si nuestra vida es realmente seg\u00fan el Esp\u00edritu Santo, si lleva estos frutos. \u00bfMi vida produce estos frutos de amor, alegr\u00eda, paz, magnanimidad, benevolencia, bondad, fidelidad, mansedumbre, dominio de s\u00ed? Por ejemplo, los tres primeros enumerados son el amor, la paz y la alegr\u00eda: aqu\u00ed se reconoce a una persona habitada por el Esp\u00edritu Santo. Una persona que est\u00e1 en paz, que est\u00e1 alegre y que ama: con estas tres pistas se ve la acci\u00f3n del Esp\u00edritu.<\/p>\n<p><img loading=\"lazy\" decoding=\"async\" class=\"size-medium wp-image-38088 alignleft\" src=\"https:\/\/exaudi.wpengine.com\/wp-content\/uploads\/2021\/10\/Audiencia-general-27-octubre-2021-\u00a9-Vatican-Media-300x200.jpeg\" alt=\"\" width=\"300\" height=\"200\" srcset=\"https:\/\/exaudi.org\/wp-content\/uploads\/2021\/10\/Audiencia-general-27-octubre-2021-\u00a9-Vatican-Media-300x200.jpeg 300w, https:\/\/exaudi.org\/wp-content\/uploads\/2021\/10\/Audiencia-general-27-octubre-2021-\u00a9-Vatican-Media-768x513.jpeg 768w, https:\/\/exaudi.org\/wp-content\/uploads\/2021\/10\/Audiencia-general-27-octubre-2021-\u00a9-Vatican-Media-150x100.jpeg 150w, https:\/\/exaudi.org\/wp-content\/uploads\/2021\/10\/Audiencia-general-27-octubre-2021-\u00a9-Vatican-Media-696x465.jpeg 696w, https:\/\/exaudi.org\/wp-content\/uploads\/2021\/10\/Audiencia-general-27-octubre-2021-\u00a9-Vatican-Media-629x420.jpeg 629w, https:\/\/exaudi.org\/wp-content\/uploads\/2021\/10\/Audiencia-general-27-octubre-2021-\u00a9-Vatican-Media.jpeg 800w\" sizes=\"auto, (max-width: 300px) 100vw, 300px\" \/>Esta ense\u00f1anza del Ap\u00f3stol supone tambi\u00e9n un gran reto para nuestras comunidades. A veces, quienes se acercan a la Iglesia tienen la impresi\u00f3n de encontrarse ante una densa masa de mandatos y preceptos: pero no, esto no es la Iglesia. Esto puede ser cualquier asociaci\u00f3n. Pero, en realidad, no se puede captar la belleza de la fe en Jesucristo partiendo de demasiados mandamientos y de una visi\u00f3n moral que, desarroll\u00e1ndose en muchas corrientes, puede hacernos olvidar la fecundidad original del amor, nutrido de oraci\u00f3n que da la paz y de testimonio alegre. Del mismo modo, la vida del Esp\u00edritu expresada en los sacramentos no puede ser sofocada por una burocracia que impida el acceso a la gracia del Esp\u00edritu, autor de la conversi\u00f3n del coraz\u00f3n. Y cu\u00e1ntas veces, nosotros mismos, sacerdotes u obispos, ponemos tanta burocracia para dar un Sacramento, para acoger a la gente, que en consecuencia dice: \u201cNo, esto no me gusta\u201d y se va, y no ve en nosotros, muchas veces, la fuerza del Esp\u00edritu que regenera, que nos hace nuevos. Por lo tanto, tenemos la gran responsabilidad de anunciar a Cristo crucificado y resucitado, animados por el soplo del Esp\u00edritu de amor. Porque s\u00f3lo este Amor tiene el poder de atraer y cambiar el coraz\u00f3n del hombre.<\/p>\n<p><strong>\u00a9 Librer\u00eda Editora Vaticana<\/strong><\/p>\n","protected":false},"excerpt":{"rendered":"<p>Catequesis completa del Santo Padre<\/p>\n","protected":false},"author":5,"featured_media":37996,"comment_status":"open","ping_status":"open","sticky":false,"template":"","format":"standard","meta":{"_acf_changed":false,"_crdt_document":"","inline_featured_image":false,"footnotes":""},"categories":[112],"tags":[448,4108,3122],"class_list":["post-38014","post","type-post","status-publish","format-standard","has-post-thumbnail","hentry","category-audiencia-general","tag-espiritu-santo","tag-papa-fancisco","tag-san-pablo-es"],"acf":[],"yoast_head":"<!-- This site is optimized with the Yoast SEO plugin v27.4 - https:\/\/yoast.com\/product\/yoast-seo-wordpress\/ -->\n<title>\u00bfQu\u00e9 ocurre cuando nos encontramos con Jes\u00fas en la oraci\u00f3n? &#8211; Exaudi<\/title>\n<meta name=\"description\" content=\"&quot;\u00bfQu\u00e9 ocurre cuando nos encontramos con Jes\u00fas Crucificado en la oraci\u00f3n?&quot;, plante\u00f3 el Papa &quot;lo que sucede es lo que ocurri\u00f3 bajo la Cruz&quot;\" \/>\n<meta name=\"robots\" content=\"index, follow, max-snippet:-1, max-image-preview:large, max-video-preview:-1\" \/>\n<link rel=\"canonical\" href=\"https:\/\/exaudi.org\/es\/que-ocurre-cuando-nos-encontramos-con-jesus-en-la-oracion\/\" \/>\n<meta property=\"og:locale\" content=\"es_ES\" \/>\n<meta property=\"og:type\" content=\"article\" \/>\n<meta property=\"og:title\" content=\"\u00bfQu\u00e9 ocurre cuando nos encontramos con Jes\u00fas en la oraci\u00f3n? &#8211; Exaudi\" \/>\n<meta property=\"og:description\" content=\"&quot;\u00bfQu\u00e9 ocurre cuando nos encontramos con Jes\u00fas Crucificado en la oraci\u00f3n?&quot;, plante\u00f3 el Papa &quot;lo que sucede es lo que ocurri\u00f3 bajo la Cruz&quot;\" \/>\n<meta property=\"og:url\" content=\"https:\/\/exaudi.org\/es\/que-ocurre-cuando-nos-encontramos-con-jesus-en-la-oracion\/\" \/>\n<meta property=\"og:site_name\" content=\"Exaudi\" \/>\n<meta property=\"article:publisher\" content=\"https:\/\/www.facebook.com\/ExaudiNews\" \/>\n<meta property=\"article:published_time\" content=\"2021-10-27T13:05:24+00:00\" \/>\n<meta property=\"article:modified_time\" content=\"2021-10-29T13:49:22+00:00\" \/>\n<meta property=\"og:image\" content=\"https:\/\/exaudi.org\/wp-content\/uploads\/2021\/10\/Papa-Francisco-con-un-bebe.jpeg\" \/>\n\t<meta property=\"og:image:width\" content=\"800\" \/>\n\t<meta property=\"og:image:height\" content=\"533\" \/>\n\t<meta property=\"og:image:type\" content=\"image\/jpeg\" \/>\n<meta name=\"author\" content=\"Larissa I. L\u00f3pez\" \/>\n<meta name=\"twitter:card\" content=\"summary_large_image\" \/>\n<meta name=\"twitter:creator\" content=\"@Exaudi_News\" \/>\n<meta name=\"twitter:site\" content=\"@Exaudi_News\" \/>\n<meta name=\"twitter:label1\" content=\"Escrito por\" \/>\n\t<meta name=\"twitter:data1\" content=\"Larissa I. L\u00f3pez\" \/>\n\t<meta name=\"twitter:label2\" content=\"Tiempo de lectura\" \/>\n\t<meta name=\"twitter:data2\" content=\"10 minutos\" \/>\n<script type=\"application\/ld+json\" class=\"yoast-schema-graph\">{\"@context\":\"https:\\\/\\\/schema.org\",\"@graph\":[{\"@type\":\"Article\",\"@id\":\"https:\\\/\\\/exaudi.org\\\/es\\\/que-ocurre-cuando-nos-encontramos-con-jesus-en-la-oracion\\\/#article\",\"isPartOf\":{\"@id\":\"https:\\\/\\\/exaudi.org\\\/es\\\/que-ocurre-cuando-nos-encontramos-con-jesus-en-la-oracion\\\/\"},\"author\":{\"name\":\"Larissa I. L\u00f3pez\",\"@id\":\"https:\\\/\\\/exaudi.org\\\/#\\\/schema\\\/person\\\/7d2f77db033c2c0929edfab6dbe8c588\"},\"headline\":\"\u00bfQu\u00e9 ocurre cuando nos encontramos con Jes\u00fas en la oraci\u00f3n?\",\"datePublished\":\"2021-10-27T13:05:24+00:00\",\"dateModified\":\"2021-10-29T13:49:22+00:00\",\"mainEntityOfPage\":{\"@id\":\"https:\\\/\\\/exaudi.org\\\/es\\\/que-ocurre-cuando-nos-encontramos-con-jesus-en-la-oracion\\\/\"},\"wordCount\":1984,\"commentCount\":0,\"image\":{\"@id\":\"https:\\\/\\\/exaudi.org\\\/es\\\/que-ocurre-cuando-nos-encontramos-con-jesus-en-la-oracion\\\/#primaryimage\"},\"thumbnailUrl\":\"https:\\\/\\\/exaudi.org\\\/wp-content\\\/uploads\\\/2021\\\/10\\\/Papa-Francisco-con-un-bebe.jpeg\",\"keywords\":[\"Esp\u00edritu Santo\",\"Papa Fancisco\",\"San Pablo\"],\"articleSection\":[\"Audiencia General\"],\"inLanguage\":\"es\",\"potentialAction\":[{\"@type\":\"CommentAction\",\"name\":\"Comment\",\"target\":[\"https:\\\/\\\/exaudi.org\\\/es\\\/que-ocurre-cuando-nos-encontramos-con-jesus-en-la-oracion\\\/#respond\"]}]},{\"@type\":\"WebPage\",\"@id\":\"https:\\\/\\\/exaudi.org\\\/es\\\/que-ocurre-cuando-nos-encontramos-con-jesus-en-la-oracion\\\/\",\"url\":\"https:\\\/\\\/exaudi.org\\\/es\\\/que-ocurre-cuando-nos-encontramos-con-jesus-en-la-oracion\\\/\",\"name\":\"\u00bfQu\u00e9 ocurre cuando nos encontramos con Jes\u00fas en la oraci\u00f3n? &#8211; Exaudi\",\"isPartOf\":{\"@id\":\"https:\\\/\\\/exaudi.org\\\/#website\"},\"primaryImageOfPage\":{\"@id\":\"https:\\\/\\\/exaudi.org\\\/es\\\/que-ocurre-cuando-nos-encontramos-con-jesus-en-la-oracion\\\/#primaryimage\"},\"image\":{\"@id\":\"https:\\\/\\\/exaudi.org\\\/es\\\/que-ocurre-cuando-nos-encontramos-con-jesus-en-la-oracion\\\/#primaryimage\"},\"thumbnailUrl\":\"https:\\\/\\\/exaudi.org\\\/wp-content\\\/uploads\\\/2021\\\/10\\\/Papa-Francisco-con-un-bebe.jpeg\",\"datePublished\":\"2021-10-27T13:05:24+00:00\",\"dateModified\":\"2021-10-29T13:49:22+00:00\",\"author\":{\"@id\":\"https:\\\/\\\/exaudi.org\\\/#\\\/schema\\\/person\\\/7d2f77db033c2c0929edfab6dbe8c588\"},\"description\":\"\\\"\u00bfQu\u00e9 ocurre cuando nos encontramos con Jes\u00fas Crucificado en la oraci\u00f3n?\\\", plante\u00f3 el Papa \\\"lo que sucede es lo que ocurri\u00f3 bajo la Cruz\\\"\",\"breadcrumb\":{\"@id\":\"https:\\\/\\\/exaudi.org\\\/es\\\/que-ocurre-cuando-nos-encontramos-con-jesus-en-la-oracion\\\/#breadcrumb\"},\"inLanguage\":\"es\",\"potentialAction\":[{\"@type\":\"ReadAction\",\"target\":[\"https:\\\/\\\/exaudi.org\\\/es\\\/que-ocurre-cuando-nos-encontramos-con-jesus-en-la-oracion\\\/\"]}]},{\"@type\":\"ImageObject\",\"inLanguage\":\"es\",\"@id\":\"https:\\\/\\\/exaudi.org\\\/es\\\/que-ocurre-cuando-nos-encontramos-con-jesus-en-la-oracion\\\/#primaryimage\",\"url\":\"https:\\\/\\\/exaudi.org\\\/wp-content\\\/uploads\\\/2021\\\/10\\\/Papa-Francisco-con-un-bebe.jpeg\",\"contentUrl\":\"https:\\\/\\\/exaudi.org\\\/wp-content\\\/uploads\\\/2021\\\/10\\\/Papa-Francisco-con-un-bebe.jpeg\",\"width\":800,\"height\":533,\"caption\":\"Audiencia general, 27 octubre 2021 \u00a9 Vatican Media\"},{\"@type\":\"BreadcrumbList\",\"@id\":\"https:\\\/\\\/exaudi.org\\\/es\\\/que-ocurre-cuando-nos-encontramos-con-jesus-en-la-oracion\\\/#breadcrumb\",\"itemListElement\":[{\"@type\":\"ListItem\",\"position\":1,\"name\":\"Portada\",\"item\":\"https:\\\/\\\/exaudi.org\\\/es\\\/\"},{\"@type\":\"ListItem\",\"position\":2,\"name\":\"\u00bfQu\u00e9 ocurre cuando nos encontramos con Jes\u00fas en la oraci\u00f3n?\"}]},{\"@type\":\"WebSite\",\"@id\":\"https:\\\/\\\/exaudi.org\\\/#website\",\"url\":\"https:\\\/\\\/exaudi.org\\\/\",\"name\":\"Exaudi\",\"description\":\"News\",\"potentialAction\":[{\"@type\":\"SearchAction\",\"target\":{\"@type\":\"EntryPoint\",\"urlTemplate\":\"https:\\\/\\\/exaudi.org\\\/?s={search_term_string}\"},\"query-input\":{\"@type\":\"PropertyValueSpecification\",\"valueRequired\":true,\"valueName\":\"search_term_string\"}}],\"inLanguage\":\"es\"},{\"@type\":\"Person\",\"@id\":\"https:\\\/\\\/exaudi.org\\\/#\\\/schema\\\/person\\\/7d2f77db033c2c0929edfab6dbe8c588\",\"name\":\"Larissa I. L\u00f3pez\",\"image\":{\"@type\":\"ImageObject\",\"inLanguage\":\"es\",\"@id\":\"https:\\\/\\\/secure.gravatar.com\\\/avatar\\\/db3ef399ff343d0bb9d25dc5198bc8ece5ac6d621eca79876697a354dabc1e3f?s=96&d=mm&r=g\",\"url\":\"https:\\\/\\\/secure.gravatar.com\\\/avatar\\\/db3ef399ff343d0bb9d25dc5198bc8ece5ac6d621eca79876697a354dabc1e3f?s=96&d=mm&r=g\",\"contentUrl\":\"https:\\\/\\\/secure.gravatar.com\\\/avatar\\\/db3ef399ff343d0bb9d25dc5198bc8ece5ac6d621eca79876697a354dabc1e3f?s=96&d=mm&r=g\",\"caption\":\"Larissa I. L\u00f3pez\"},\"description\":\"Doctora en Comunicaci\u00f3n. Mi trayectoria profesional ha transcurrido entre el \u00e1mbito de la comunicaci\u00f3n y el de la docencia. En los \u00faltimos a\u00f1os, he trabajado como coordinadora y redactora de la edici\u00f3n de ZENIT en espa\u00f1ol. Como profesora, he impartido clases en la universidad y en centros de FP y bachillerato. Cordobesa de nacimiento, tambi\u00e9n he vivido en Sevilla, Madrid y Roma\",\"url\":\"https:\\\/\\\/exaudi.org\\\/es\\\/author\\\/llopezexaudi-org\\\/\"}]}<\/script>\n<!-- \/ Yoast SEO plugin. -->","yoast_head_json":{"title":"\u00bfQu\u00e9 ocurre cuando nos encontramos con Jes\u00fas en la oraci\u00f3n? &#8211; Exaudi","description":"\"\u00bfQu\u00e9 ocurre cuando nos encontramos con Jes\u00fas Crucificado en la oraci\u00f3n?\", plante\u00f3 el Papa \"lo que sucede es lo que ocurri\u00f3 bajo la Cruz\"","robots":{"index":"index","follow":"follow","max-snippet":"max-snippet:-1","max-image-preview":"max-image-preview:large","max-video-preview":"max-video-preview:-1"},"canonical":"https:\/\/exaudi.org\/es\/que-ocurre-cuando-nos-encontramos-con-jesus-en-la-oracion\/","og_locale":"es_ES","og_type":"article","og_title":"\u00bfQu\u00e9 ocurre cuando nos encontramos con Jes\u00fas en la oraci\u00f3n? &#8211; Exaudi","og_description":"\"\u00bfQu\u00e9 ocurre cuando nos encontramos con Jes\u00fas Crucificado en la oraci\u00f3n?\", plante\u00f3 el Papa \"lo que sucede es lo que ocurri\u00f3 bajo la Cruz\"","og_url":"https:\/\/exaudi.org\/es\/que-ocurre-cuando-nos-encontramos-con-jesus-en-la-oracion\/","og_site_name":"Exaudi","article_publisher":"https:\/\/www.facebook.com\/ExaudiNews","article_published_time":"2021-10-27T13:05:24+00:00","article_modified_time":"2021-10-29T13:49:22+00:00","og_image":[{"width":800,"height":533,"url":"https:\/\/exaudi.org\/wp-content\/uploads\/2021\/10\/Papa-Francisco-con-un-bebe.jpeg","type":"image\/jpeg"}],"author":"Larissa I. L\u00f3pez","twitter_card":"summary_large_image","twitter_creator":"@Exaudi_News","twitter_site":"@Exaudi_News","twitter_misc":{"Escrito por":"Larissa I. L\u00f3pez","Tiempo de lectura":"10 minutos"},"schema":{"@context":"https:\/\/schema.org","@graph":[{"@type":"Article","@id":"https:\/\/exaudi.org\/es\/que-ocurre-cuando-nos-encontramos-con-jesus-en-la-oracion\/#article","isPartOf":{"@id":"https:\/\/exaudi.org\/es\/que-ocurre-cuando-nos-encontramos-con-jesus-en-la-oracion\/"},"author":{"name":"Larissa I. L\u00f3pez","@id":"https:\/\/exaudi.org\/#\/schema\/person\/7d2f77db033c2c0929edfab6dbe8c588"},"headline":"\u00bfQu\u00e9 ocurre cuando nos encontramos con Jes\u00fas en la oraci\u00f3n?","datePublished":"2021-10-27T13:05:24+00:00","dateModified":"2021-10-29T13:49:22+00:00","mainEntityOfPage":{"@id":"https:\/\/exaudi.org\/es\/que-ocurre-cuando-nos-encontramos-con-jesus-en-la-oracion\/"},"wordCount":1984,"commentCount":0,"image":{"@id":"https:\/\/exaudi.org\/es\/que-ocurre-cuando-nos-encontramos-con-jesus-en-la-oracion\/#primaryimage"},"thumbnailUrl":"https:\/\/exaudi.org\/wp-content\/uploads\/2021\/10\/Papa-Francisco-con-un-bebe.jpeg","keywords":["Esp\u00edritu Santo","Papa Fancisco","San Pablo"],"articleSection":["Audiencia General"],"inLanguage":"es","potentialAction":[{"@type":"CommentAction","name":"Comment","target":["https:\/\/exaudi.org\/es\/que-ocurre-cuando-nos-encontramos-con-jesus-en-la-oracion\/#respond"]}]},{"@type":"WebPage","@id":"https:\/\/exaudi.org\/es\/que-ocurre-cuando-nos-encontramos-con-jesus-en-la-oracion\/","url":"https:\/\/exaudi.org\/es\/que-ocurre-cuando-nos-encontramos-con-jesus-en-la-oracion\/","name":"\u00bfQu\u00e9 ocurre cuando nos encontramos con Jes\u00fas en la oraci\u00f3n? &#8211; Exaudi","isPartOf":{"@id":"https:\/\/exaudi.org\/#website"},"primaryImageOfPage":{"@id":"https:\/\/exaudi.org\/es\/que-ocurre-cuando-nos-encontramos-con-jesus-en-la-oracion\/#primaryimage"},"image":{"@id":"https:\/\/exaudi.org\/es\/que-ocurre-cuando-nos-encontramos-con-jesus-en-la-oracion\/#primaryimage"},"thumbnailUrl":"https:\/\/exaudi.org\/wp-content\/uploads\/2021\/10\/Papa-Francisco-con-un-bebe.jpeg","datePublished":"2021-10-27T13:05:24+00:00","dateModified":"2021-10-29T13:49:22+00:00","author":{"@id":"https:\/\/exaudi.org\/#\/schema\/person\/7d2f77db033c2c0929edfab6dbe8c588"},"description":"\"\u00bfQu\u00e9 ocurre cuando nos encontramos con Jes\u00fas Crucificado en la oraci\u00f3n?\", plante\u00f3 el Papa \"lo que sucede es lo que ocurri\u00f3 bajo la Cruz\"","breadcrumb":{"@id":"https:\/\/exaudi.org\/es\/que-ocurre-cuando-nos-encontramos-con-jesus-en-la-oracion\/#breadcrumb"},"inLanguage":"es","potentialAction":[{"@type":"ReadAction","target":["https:\/\/exaudi.org\/es\/que-ocurre-cuando-nos-encontramos-con-jesus-en-la-oracion\/"]}]},{"@type":"ImageObject","inLanguage":"es","@id":"https:\/\/exaudi.org\/es\/que-ocurre-cuando-nos-encontramos-con-jesus-en-la-oracion\/#primaryimage","url":"https:\/\/exaudi.org\/wp-content\/uploads\/2021\/10\/Papa-Francisco-con-un-bebe.jpeg","contentUrl":"https:\/\/exaudi.org\/wp-content\/uploads\/2021\/10\/Papa-Francisco-con-un-bebe.jpeg","width":800,"height":533,"caption":"Audiencia general, 27 octubre 2021 \u00a9 Vatican Media"},{"@type":"BreadcrumbList","@id":"https:\/\/exaudi.org\/es\/que-ocurre-cuando-nos-encontramos-con-jesus-en-la-oracion\/#breadcrumb","itemListElement":[{"@type":"ListItem","position":1,"name":"Portada","item":"https:\/\/exaudi.org\/es\/"},{"@type":"ListItem","position":2,"name":"\u00bfQu\u00e9 ocurre cuando nos encontramos con Jes\u00fas en la oraci\u00f3n?"}]},{"@type":"WebSite","@id":"https:\/\/exaudi.org\/#website","url":"https:\/\/exaudi.org\/","name":"Exaudi","description":"News","potentialAction":[{"@type":"SearchAction","target":{"@type":"EntryPoint","urlTemplate":"https:\/\/exaudi.org\/?s={search_term_string}"},"query-input":{"@type":"PropertyValueSpecification","valueRequired":true,"valueName":"search_term_string"}}],"inLanguage":"es"},{"@type":"Person","@id":"https:\/\/exaudi.org\/#\/schema\/person\/7d2f77db033c2c0929edfab6dbe8c588","name":"Larissa I. L\u00f3pez","image":{"@type":"ImageObject","inLanguage":"es","@id":"https:\/\/secure.gravatar.com\/avatar\/db3ef399ff343d0bb9d25dc5198bc8ece5ac6d621eca79876697a354dabc1e3f?s=96&d=mm&r=g","url":"https:\/\/secure.gravatar.com\/avatar\/db3ef399ff343d0bb9d25dc5198bc8ece5ac6d621eca79876697a354dabc1e3f?s=96&d=mm&r=g","contentUrl":"https:\/\/secure.gravatar.com\/avatar\/db3ef399ff343d0bb9d25dc5198bc8ece5ac6d621eca79876697a354dabc1e3f?s=96&d=mm&r=g","caption":"Larissa I. L\u00f3pez"},"description":"Doctora en Comunicaci\u00f3n. Mi trayectoria profesional ha transcurrido entre el \u00e1mbito de la comunicaci\u00f3n y el de la docencia. En los \u00faltimos a\u00f1os, he trabajado como coordinadora y redactora de la edici\u00f3n de ZENIT en espa\u00f1ol. Como profesora, he impartido clases en la universidad y en centros de FP y bachillerato. Cordobesa de nacimiento, tambi\u00e9n he vivido en Sevilla, Madrid y Roma","url":"https:\/\/exaudi.org\/es\/author\/llopezexaudi-org\/"}]}},"jetpack_featured_media_url":"https:\/\/exaudi.org\/wp-content\/uploads\/2021\/10\/Papa-Francisco-con-un-bebe.jpeg","jetpack_shortlink":"https:\/\/wp.me\/pgKjF2-9T8","_links":{"self":[{"href":"https:\/\/exaudi.org\/es\/wp-json\/wp\/v2\/posts\/38014","targetHints":{"allow":["GET"]}}],"collection":[{"href":"https:\/\/exaudi.org\/es\/wp-json\/wp\/v2\/posts"}],"about":[{"href":"https:\/\/exaudi.org\/es\/wp-json\/wp\/v2\/types\/post"}],"author":[{"embeddable":true,"href":"https:\/\/exaudi.org\/es\/wp-json\/wp\/v2\/users\/5"}],"replies":[{"embeddable":true,"href":"https:\/\/exaudi.org\/es\/wp-json\/wp\/v2\/comments?post=38014"}],"version-history":[{"count":0,"href":"https:\/\/exaudi.org\/es\/wp-json\/wp\/v2\/posts\/38014\/revisions"}],"wp:featuredmedia":[{"embeddable":true,"href":"https:\/\/exaudi.org\/es\/wp-json\/wp\/v2\/media\/37996"}],"wp:attachment":[{"href":"https:\/\/exaudi.org\/es\/wp-json\/wp\/v2\/media?parent=38014"}],"wp:term":[{"taxonomy":"category","embeddable":true,"href":"https:\/\/exaudi.org\/es\/wp-json\/wp\/v2\/categories?post=38014"},{"taxonomy":"post_tag","embeddable":true,"href":"https:\/\/exaudi.org\/es\/wp-json\/wp\/v2\/tags?post=38014"}],"curies":[{"name":"wp","href":"https:\/\/api.w.org\/{rel}","templated":true}]}}