{"id":3796,"date":"2021-03-05T16:30:27","date_gmt":"2021-03-05T16:30:27","guid":{"rendered":"https:\/\/exaudi.org\/?p=3796"},"modified":"2021-03-06T18:40:20","modified_gmt":"2021-03-06T17:40:20","slug":"irak-papa-discurso-autoridades","status":"publish","type":"post","link":"https:\/\/exaudi.org\/es\/irak-papa-discurso-autoridades\/","title":{"rendered":"Irak: Discurso del Papa a las autoridades del pa\u00eds"},"content":{"rendered":"<p>El Papa Francisco se ha reunido en el sal\u00f3n del <a href=\"https:\/\/exaudi.org\/es\/viaje-irak-papa-bagdad\/\" target=\"_blank\" rel=\"noopener noreferrer\">Palacio Presidencial de Bagdad<\/a> con las autoridades pol\u00edticas y religiosas, la Sociedad Civil y el Cuerpo Diplom\u00e1tico de Irak. En su discurso, ha hablado sobre la fraternidad humana, el fin de la guerra y el terrorismo, la responsabilidad social y pol\u00edtica y la Iglesia en el pa\u00eds asi\u00e1tico.<\/p>\n<p>Hoy, 5 de marzo de 2021, primer d\u00eda del viaje apost\u00f3lico del Santo Padre a Irak, en torno a las 15:45, hora local (13:45 h en Roma), ha comenzado su encuentro con las autoridades, posterior al mantenido con el primer ministro, Mustafa Al-Kadhimi, y el <a href=\"https:\/\/exaudi.org\/es\/viaje-a-irak-papa-presidente-republica\/\" target=\"_blank\" rel=\"noopener noreferrer\">presidente de la Rep\u00fablica, Barham Salih.<\/a><\/p>\n<h4><strong>Fraternidad humana<\/strong><\/h4>\n<p><img loading=\"lazy\" decoding=\"async\" class=\"alignleft wp-image-3942 size-medium\" src=\"https:\/\/exaudi.org\/wp-content\/uploads\/2021\/03\/DSC4183-300x200.jpg\" alt=\"Irak papa discurso autoridades\" width=\"300\" height=\"200\" srcset=\"https:\/\/exaudi.org\/wp-content\/uploads\/2021\/03\/DSC4183-300x200.jpg 300w, https:\/\/exaudi.org\/wp-content\/uploads\/2021\/03\/DSC4183-1024x683.jpg 1024w, https:\/\/exaudi.org\/wp-content\/uploads\/2021\/03\/DSC4183-768x512.jpg 768w, https:\/\/exaudi.org\/wp-content\/uploads\/2021\/03\/DSC4183-1536x1024.jpg 1536w, https:\/\/exaudi.org\/wp-content\/uploads\/2021\/03\/DSC4183-2048x1365.jpg 2048w, https:\/\/exaudi.org\/wp-content\/uploads\/2021\/03\/DSC4183-150x100.jpg 150w, https:\/\/exaudi.org\/wp-content\/uploads\/2021\/03\/DSC4183-696x464.jpg 696w, https:\/\/exaudi.org\/wp-content\/uploads\/2021\/03\/DSC4183-1068x712.jpg 1068w, https:\/\/exaudi.org\/wp-content\/uploads\/2021\/03\/DSC4183-1920x1280.jpg 1920w, https:\/\/exaudi.org\/wp-content\/uploads\/2021\/03\/DSC4183-630x420.jpg 630w\" sizes=\"auto, (max-width: 300px) 100vw, 300px\" \/><\/p>\n<p>El Papa se ha dirigido a los presentes y a los fieles de la Iglesia cat\u00f3lica, de las otras Iglesias cristianas, del Islam y las dem\u00e1s tradiciones religiosas, rogando a Dios que \u201cnos conceda caminar juntos, como hermanos y hermanas, con la &#8216;fuerte convicci\u00f3n de que las ense\u00f1anzas verdaderas de las religiones invitan a permanecer anclados en los valores de la paz; del conocimiento rec\u00edproco, de la fraternidad humana y de la convivencia com\u00fan&#8217;\u201d.<\/p>\n<p>Recordando las dificultades generadas por la pandemia, ha explicado que no es suficiente con \u201cuna distribuci\u00f3n equitativa de las vacunas para todos\u201d, sino que \u201cse trata de que salgamos de este tiempo de prueba mejores que antes; de que construyamos el futuro en base a lo que nos une, m\u00e1s que en lo que nos divide\u201d.<\/p>\n<h4><strong>Unidad frente a la guerra<\/strong><\/h4>\n<p>Francisco ha expuesto que la guerra, el terrorismo y el sectarismo que ha sufrido Irak en los \u00faltimos a\u00f1os \u201cha tra\u00eddo muerte, destrucci\u00f3n, ruinas todav\u00eda visibles\u201d. Prueba de ello, apunta, son los yazid\u00edes, \u201cv\u00edctimas inocentes de una barbarie insensata y deshumana, perseguidos y asesinados a causa de sus creencias religiosas\u201d.<\/p>\n<p>Por tanto, prosigue, \u201cs\u00f3lo si logramos mirarnos entre nosotros, con nuestras diferencias, como miembros de la misma familia humana, podremos comenzar un proceso efectivo de reconstrucci\u00f3n y dejar a las generaciones futuras un mundo mejor, m\u00e1s justo y m\u00e1s humano\u201d. La diversidad religiosa, cultural y \u00e9tnica es \u201cun recurso valioso para aprovechar, no un obst\u00e1culo a eliminar\u201d.<\/p>\n<h4><strong>Responsabilidad de todos<\/strong><\/h4>\n<p><img loading=\"lazy\" decoding=\"async\" class=\"alignright wp-image-3945 size-medium\" src=\"https:\/\/exaudi.org\/wp-content\/uploads\/2021\/03\/DSC7459-300x200.jpg\" alt=\"\" width=\"300\" height=\"200\" srcset=\"https:\/\/exaudi.org\/wp-content\/uploads\/2021\/03\/DSC7459-300x200.jpg 300w, https:\/\/exaudi.org\/wp-content\/uploads\/2021\/03\/DSC7459-1024x683.jpg 1024w, https:\/\/exaudi.org\/wp-content\/uploads\/2021\/03\/DSC7459-768x512.jpg 768w, https:\/\/exaudi.org\/wp-content\/uploads\/2021\/03\/DSC7459-1536x1024.jpg 1536w, https:\/\/exaudi.org\/wp-content\/uploads\/2021\/03\/DSC7459-2048x1365.jpg 2048w, https:\/\/exaudi.org\/wp-content\/uploads\/2021\/03\/DSC7459-150x100.jpg 150w, https:\/\/exaudi.org\/wp-content\/uploads\/2021\/03\/DSC7459-696x464.jpg 696w, https:\/\/exaudi.org\/wp-content\/uploads\/2021\/03\/DSC7459-1068x712.jpg 1068w, https:\/\/exaudi.org\/wp-content\/uploads\/2021\/03\/DSC7459-1920x1280.jpg 1920w, https:\/\/exaudi.org\/wp-content\/uploads\/2021\/03\/DSC7459-630x420.jpg 630w\" sizes=\"auto, (max-width: 300px) 100vw, 300px\" \/><\/p>\n<p>El Pont\u00edfice destaca que \u201cla coexistencia fraterna necesita del di\u00e1logo paciente y sincero, salvaguardado por la justicia y el respeto del derecho\u201d, una tarea responsabilidad de todos. Asimismo, indica que la Santa Sede acude a las autoridades competentes \u201cpara que concedan a todas las comunidades religiosas reconocimiento, respeto, derechos y protecci\u00f3n\u201d.<\/p>\n<p>El conocimiento de esta responsabilidad de la fragilidad del resto, subraya, \u201cdeber\u00eda inspirar todo esfuerzo por crear oportunidades concretas tanto en el \u00e1mbito econ\u00f3mico y en el \u00e1mbito de la educaci\u00f3n, como tambi\u00e9n en el cuidado de la creaci\u00f3n, nuestra casa com\u00fan\u201d.<\/p>\n<p>Tambi\u00e9n se ha dirigido directamente a las autoridades presentes, y les ha exhortado a \u201cpromover este esp\u00edritu de solidaridad fraterna\u201d. Es necesario \u201ccombatir la plaga de la corrupci\u00f3n, los abusos de poder y la ilegalidad, pero no es suficiente. Se necesita al mismo tiempo edificar la justicia, que crezca la honestidad y la transparencia, y que se refuercen las instituciones competentes\u201d.<\/p>\n<h4><strong>Construcci\u00f3n del bien com\u00fan<\/strong><\/h4>\n<p>\u201cVengo como penitente que pide perd\u00f3n al Cielo y a los hermanos por tantas destrucciones y crueldad. Vengo como peregrino de paz, en nombre de Cristo, Pr\u00edncipe de la Paz \u00a1Cu\u00e1nto hemos rezado en estos a\u00f1os por la paz en Irak!\u201d. Tras estas palabras, el Obispo de Roma ha asegurado que Dios escucha siempre, pero \u201cdepende de nosotros que lo escuchemos a \u00c9l y caminemos por sus sendas\u201d.<\/p>\n<p>Igualmente, ha animado al cese de las armas en todo el mundo, de los intereses particulares externos y de \u201cviolencia, extremismos, facciones, intolerancias\u201d. Y ha pedido voz para todos los que quieren \u201cvivir, trabajar y rezar en paz\u201d, aquellos que \u201cse comprometen por la reconciliaci\u00f3n y est\u00e1n dispuestos a dejar de lado, por el bien com\u00fan, los propios intereses\u201d.<\/p>\n<p>Al respecto de la sociedad democr\u00e1tica en Irak, ha insistido en la necesidad de \u201casegurar la participaci\u00f3n de todos los grupos pol\u00edticos, sociales y religiosos, y garantizar los derechos fundamentales de todos los ciudadanos\u201d sin que \u201cninguno sea considerado ciudadano de segunda clase\u201d.<\/p>\n<h4><strong>Apoyo internacional<\/strong><\/h4>\n<p><img loading=\"lazy\" decoding=\"async\" class=\"alignleft wp-image-3948 size-medium\" src=\"https:\/\/exaudi.org\/wp-content\/uploads\/2021\/03\/DSC7508-300x200.jpg\" alt=\"Irak papa discurso autoridades\" width=\"300\" height=\"200\" srcset=\"https:\/\/exaudi.org\/wp-content\/uploads\/2021\/03\/DSC7508-300x200.jpg 300w, https:\/\/exaudi.org\/wp-content\/uploads\/2021\/03\/DSC7508-1024x682.jpg 1024w, https:\/\/exaudi.org\/wp-content\/uploads\/2021\/03\/DSC7508-768x512.jpg 768w, https:\/\/exaudi.org\/wp-content\/uploads\/2021\/03\/DSC7508-1536x1023.jpg 1536w, https:\/\/exaudi.org\/wp-content\/uploads\/2021\/03\/DSC7508-2048x1364.jpg 2048w, https:\/\/exaudi.org\/wp-content\/uploads\/2021\/03\/DSC7508-150x100.jpg 150w, https:\/\/exaudi.org\/wp-content\/uploads\/2021\/03\/DSC7508-696x464.jpg 696w, https:\/\/exaudi.org\/wp-content\/uploads\/2021\/03\/DSC7508-1068x711.jpg 1068w, https:\/\/exaudi.org\/wp-content\/uploads\/2021\/03\/DSC7508-1920x1279.jpg 1920w, https:\/\/exaudi.org\/wp-content\/uploads\/2021\/03\/DSC7508-631x420.jpg 631w\" sizes=\"auto, (max-width: 300px) 100vw, 300px\" \/><\/p>\n<p>El Sucesor de Pedro ha dicho que la \u201ccomunidad internacional tiene un rol decisivo que desempe\u00f1ar en la promoci\u00f3n de la paz en esta tierra y en todo el Oriente Medio\u201d, algo que requiere una \u201ccooperaci\u00f3n a escala global para poder afrontar tambi\u00e9n las desigualdades econ\u00f3micas y las tensiones regionales que ponen en peligro la estabilidad de estas tierras\u201d.<\/p>\n<p>Tambi\u00e9n ha agradecido a los organismos internacionales \u201cque est\u00e1n trabajando en Irak por la reconstrucci\u00f3n y para brindar asistencia a los refugiados, a los desplazados internos y a quienes tienen dificultades para regresar a sus propias casas, facilitando en el pa\u00eds comida, agua, viviendas, atenci\u00f3n m\u00e9dica y de salud, como tambi\u00e9n programas orientados a la reconciliaci\u00f3n y a la construcci\u00f3n de la paz\u201d.<\/p>\n<p>\u201cEspero que las naciones no retiren del pueblo iraqu\u00ed la mano extendida de la amistad y del compromiso constructivo, sino que sigan trabajando con esp\u00edritu de responsabilidad com\u00fan con las Autoridades locales, sin imponer intereses pol\u00edticos o ideol\u00f3gicos\u201d, ha a\u00f1adido.<\/p>\n<h4><strong>La Iglesia en Irak<\/strong><\/h4>\n<p>El Papa Francisco ha remarcado que \u201ctambi\u00e9n en Irak la Iglesia cat\u00f3lica desea ser amiga de todos y, a trav\u00e9s del di\u00e1logo, colaborar de manera constructiva con las otras religiones, por la causa de la paz\u201d.<\/p>\n<p>\u201cLa antiqu\u00edsima presencia de los cristianos en esta tierra y su contribuci\u00f3n a la vida del pa\u00eds constituyen una rica herencia, que quiere poder seguir al servicio de todos. Su participaci\u00f3n en la vida p\u00fablica, como ciudadanos que gozan plenamente de derechos, libertad y responsabilidad, testimoniar\u00e1 que un sano pluralismo religioso, \u00e9tnico y cultural puede contribuir a la prosperidad y a la armon\u00eda del pa\u00eds\u201d, ha concluido.<\/p>\n<p>A continuaci\u00f3n, sigue el discurso completo del Santo Padre a las autoridades, sociedad civil y cuerpo diplom\u00e1tico de Irak.<\/p>\n<p>***<\/p>\n<h4><strong>Discurso del Papa a las autoridades de Irak<\/strong><\/h4>\n<p><span style=\"font-weight: 400\">Se\u00f1or Presidente,<\/span><\/p>\n<p><span style=\"font-weight: 400\">Miembros del Gobierno y del Cuerpo diplom\u00e1tico,<\/span><\/p>\n<p><span style=\"font-weight: 400\">distinguidas Autoridades,<\/span><\/p>\n<p><span style=\"font-weight: 400\">Representantes de la sociedad civil,<\/span><\/p>\n<p><span style=\"font-weight: 400\">Se\u00f1oras y Se\u00f1ores:<\/span><\/p>\n<p><img loading=\"lazy\" decoding=\"async\" class=\"alignright wp-image-3951 size-medium\" src=\"https:\/\/exaudi.org\/wp-content\/uploads\/2021\/03\/RIP9259-300x200.jpg\" alt=\"\" width=\"300\" height=\"200\" srcset=\"https:\/\/exaudi.org\/wp-content\/uploads\/2021\/03\/RIP9259-300x200.jpg 300w, https:\/\/exaudi.org\/wp-content\/uploads\/2021\/03\/RIP9259-1024x683.jpg 1024w, https:\/\/exaudi.org\/wp-content\/uploads\/2021\/03\/RIP9259-768x512.jpg 768w, https:\/\/exaudi.org\/wp-content\/uploads\/2021\/03\/RIP9259-1536x1024.jpg 1536w, https:\/\/exaudi.org\/wp-content\/uploads\/2021\/03\/RIP9259-2048x1365.jpg 2048w, https:\/\/exaudi.org\/wp-content\/uploads\/2021\/03\/RIP9259-150x100.jpg 150w, https:\/\/exaudi.org\/wp-content\/uploads\/2021\/03\/RIP9259-696x464.jpg 696w, https:\/\/exaudi.org\/wp-content\/uploads\/2021\/03\/RIP9259-1068x712.jpg 1068w, https:\/\/exaudi.org\/wp-content\/uploads\/2021\/03\/RIP9259-1920x1280.jpg 1920w, https:\/\/exaudi.org\/wp-content\/uploads\/2021\/03\/RIP9259-630x420.jpg 630w\" sizes=\"auto, (max-width: 300px) 100vw, 300px\" \/><\/p>\n<p><span style=\"font-weight: 400\">Agradezco la oportunidad de realizar esta Visita, tan esperada y deseada, a la Rep\u00fablica de Irak; de poder venir a esta tierra, cuna de la civilizaci\u00f3n que est\u00e1 estrechamente ligada \u2014por medio del Patriarca Abrah\u00e1n y numerosos profetas\u2014 a la historia de la salvaci\u00f3n y a las grandes tradiciones religiosas del juda\u00edsmo, del cristianismo y del islam. Expreso mi gratitud al se\u00f1or Presidente Salih por la invitaci\u00f3n y por las amables palabras de bienvenida, que me ha dirigido tambi\u00e9n en nombre de las otras Autoridades y de su amado pueblo. Asimismo, saludo a los miembros del Cuerpo diplom\u00e1tico y a los Representantes de la sociedad civil.<\/span><\/p>\n<p><span style=\"font-weight: 400\">Saludo con afecto a los obispos y sacerdotes, a los religiosos y religiosas y a todos los fieles de la Iglesia cat\u00f3lica. Vengo como peregrino para animarlos en su testimonio de fe, esperanza y caridad en medio de la sociedad iraqu\u00ed. Saludo tambi\u00e9n a los fieles de las otras Iglesias y Comunidades eclesiales cristianas, a los miembros del islam y a los representantes de otras tradiciones religiosas. Que Dios nos conceda caminar juntos, como hermanos y hermanas, con la \u201cfuerte convicci\u00f3n de que las ense\u00f1anzas verdaderas de las religiones invitan a permanecer anclados en los valores de la paz; [\u2026] del conocimiento rec\u00edproco, de la fraternidad humana y de la convivencia com\u00fan\u201d (<\/span><a href=\"http:\/\/www.vatican.va\/content\/francesco\/es\/travels\/2019\/outside\/documents\/papa-francesco_20190204_documento-fratellanza-umana.html\" target=\"_blank\" rel=\"noopener noreferrer\"><i><span style=\"font-weight: 400\">Documento sobre la fraternidad humana<\/span><\/i><\/a><span style=\"font-weight: 400\">, Abu Dabi, 4 febrero 2019).<\/span><\/p>\n<p><span style=\"font-weight: 400\">Mi visita se lleva a cabo en un tiempo en que el mundo entero est\u00e1 tratando de salir de la crisis por la pandemia de Covid-19, que no s\u00f3lo ha afectado la salud de tantas personas, sino que tambi\u00e9n ha provocado el deterioro de las condiciones sociales y econ\u00f3micas, marcadas ya por la fragilidad y la inestabilidad. Esta crisis requiere esfuerzos comunes por parte de cada uno para dar los pasos necesarios, entre ellos una distribuci\u00f3n equitativa de las vacunas para todos. Pero no es suficiente; esta crisis es sobre todo una llamada a \u201crepensar nuestros estilos de vida [\u2026], el sentido de nuestra existencia\u201d (Carta enc. <\/span><a href=\"http:\/\/www.vatican.va\/content\/francesco\/es\/encyclicals\/documents\/papa-francesco_20201003_enciclica-fratelli-tutti.html#33\" target=\"_blank\" rel=\"noopener noreferrer\"><i><span style=\"font-weight: 400\">Fratelli tutti<\/span><\/i><\/a><span style=\"font-weight: 400\">, 33). Se trata de que salgamos de este tiempo de prueba mejores que antes; de que construyamos el futuro en base a lo que nos une, m\u00e1s que en lo que nos divide.<\/span><\/p>\n<p><img loading=\"lazy\" decoding=\"async\" class=\"alignleft wp-image-3954 size-medium\" src=\"https:\/\/exaudi.org\/wp-content\/uploads\/2021\/03\/SFO1631-300x200.jpg\" alt=\"Irak papa discurso autoridades\" width=\"300\" height=\"200\" srcset=\"https:\/\/exaudi.org\/wp-content\/uploads\/2021\/03\/SFO1631-300x200.jpg 300w, https:\/\/exaudi.org\/wp-content\/uploads\/2021\/03\/SFO1631-1024x683.jpg 1024w, https:\/\/exaudi.org\/wp-content\/uploads\/2021\/03\/SFO1631-768x512.jpg 768w, https:\/\/exaudi.org\/wp-content\/uploads\/2021\/03\/SFO1631-1536x1024.jpg 1536w, https:\/\/exaudi.org\/wp-content\/uploads\/2021\/03\/SFO1631-2048x1365.jpg 2048w, https:\/\/exaudi.org\/wp-content\/uploads\/2021\/03\/SFO1631-150x100.jpg 150w, https:\/\/exaudi.org\/wp-content\/uploads\/2021\/03\/SFO1631-696x464.jpg 696w, https:\/\/exaudi.org\/wp-content\/uploads\/2021\/03\/SFO1631-1068x712.jpg 1068w, https:\/\/exaudi.org\/wp-content\/uploads\/2021\/03\/SFO1631-1920x1280.jpg 1920w, https:\/\/exaudi.org\/wp-content\/uploads\/2021\/03\/SFO1631-630x420.jpg 630w\" sizes=\"auto, (max-width: 300px) 100vw, 300px\" \/><\/p>\n<p><span style=\"font-weight: 400\">En las \u00faltimas d\u00e9cadas, Irak ha sufrido los desastres de las guerras, el flagelo del terrorismo y conflictos sectarios basados a menudo en un fundamentalismo que no puede aceptar la pac\u00edfica convivencia de varios grupos \u00e9tnicos y religiosos, de ideas y culturas diversas. Todo esto ha tra\u00eddo muerte, destrucci\u00f3n, ruinas todav\u00eda visibles, y no s\u00f3lo a nivel material: los da\u00f1os son a\u00fan m\u00e1s profundos si se piensa en las heridas del coraz\u00f3n de muchas personas y comunidades, que necesitar\u00e1n a\u00f1os para sanar. Y aqu\u00ed, entre tantos que han sufrido, no puedo dejar de recordar a los yazid\u00edes, v\u00edctimas inocentes de una barbarie insensata y deshumana, perseguidos y asesinados a causa de sus creencias religiosas, cuya propia identidad y supervivencia se han puesto en peligro. Por lo tanto, s\u00f3lo si logramos mirarnos entre nosotros, con nuestras diferencias, como miembros de la misma familia humana, podremos comenzar un proceso efectivo de reconstrucci\u00f3n y dejar a las generaciones futuras un mundo mejor, m\u00e1s justo y m\u00e1s humano. A este respecto, la diversidad religiosa, cultural y \u00e9tnica que ha caracterizado a la sociedad iraqu\u00ed por milenios, es un recurso valioso para aprovechar, no un obst\u00e1culo a eliminar. Hoy, Irak est\u00e1 llamado a mostrar a todos, especialmente en Oriente Medio, que las diferencias, m\u00e1s que dar lugar a conflictos, deben cooperar arm\u00f3nicamente en la vida civil.<\/span><\/p>\n<p><span style=\"font-weight: 400\">La coexistencia fraterna necesita del di\u00e1logo paciente y sincero, salvaguardado por la justicia y el respeto del derecho. No es una tarea f\u00e1cil: requiere esfuerzo y compromiso por parte de todos para superar rivalidades y contraposiciones, y dialogar a partir de la identidad m\u00e1s profunda que tenemos, la de hijos del \u00fanico Dios y Creador (cf. Conc. Ecum. Vat. II, Dec. <\/span><a href=\"http:\/\/www.vatican.va\/archive\/hist_councils\/ii_vatican_council\/documents\/vat-ii_decl_19651028_nostra-aetate_sp.html\" target=\"_blank\" rel=\"noopener noreferrer\"><i><span style=\"font-weight: 400\">Nostra aetate<\/span><\/i><\/a><span style=\"font-weight: 400\">, 5). En base a este principio, la Santa Sede, en Irak como en todas partes, no se cansa de acudir a las Autoridades competentes para que concedan a todas las comunidades religiosas reconocimiento, respeto, derechos y protecci\u00f3n. Aprecio los esfuerzos que ya se han realizado en esta direcci\u00f3n y uno mi voz a la de los hombres y mujeres de buena voluntad para que avancen en beneficio del pa\u00eds.<\/span><\/p>\n<p><img loading=\"lazy\" decoding=\"async\" class=\"alignright wp-image-3957 size-medium\" src=\"https:\/\/exaudi.org\/wp-content\/uploads\/2021\/03\/SFO1686-300x200.jpg\" alt=\"\" width=\"300\" height=\"200\" srcset=\"https:\/\/exaudi.org\/wp-content\/uploads\/2021\/03\/SFO1686-300x200.jpg 300w, https:\/\/exaudi.org\/wp-content\/uploads\/2021\/03\/SFO1686-1024x683.jpg 1024w, https:\/\/exaudi.org\/wp-content\/uploads\/2021\/03\/SFO1686-768x512.jpg 768w, https:\/\/exaudi.org\/wp-content\/uploads\/2021\/03\/SFO1686-1536x1024.jpg 1536w, https:\/\/exaudi.org\/wp-content\/uploads\/2021\/03\/SFO1686-2048x1365.jpg 2048w, https:\/\/exaudi.org\/wp-content\/uploads\/2021\/03\/SFO1686-150x100.jpg 150w, https:\/\/exaudi.org\/wp-content\/uploads\/2021\/03\/SFO1686-696x464.jpg 696w, https:\/\/exaudi.org\/wp-content\/uploads\/2021\/03\/SFO1686-1068x712.jpg 1068w, https:\/\/exaudi.org\/wp-content\/uploads\/2021\/03\/SFO1686-1920x1280.jpg 1920w, https:\/\/exaudi.org\/wp-content\/uploads\/2021\/03\/SFO1686-630x420.jpg 630w\" sizes=\"auto, (max-width: 300px) 100vw, 300px\" \/><\/p>\n<p><span style=\"font-weight: 400\">Una sociedad que lleva la impronta de la unidad fraterna es una sociedad cuyos miembros viven entre ellos solidariamente. \u201cLa solidaridad nos ayuda a ver al otro [\u2026] como nuestro pr\u00f3jimo, compa\u00f1ero de camino\u201d (<\/span><a href=\"http:\/\/www.vatican.va\/content\/francesco\/es\/messages\/peace\/documents\/papa-francesco_20201208_messaggio-54giornatamondiale-pace2021.html\" target=\"_blank\" rel=\"noopener noreferrer\"><i><span style=\"font-weight: 400\">Mensaje para la 54.\u00aa Jornada Mundial de la Paz<\/span><\/i><\/a><i><span style=\"font-weight: 400\">, <\/span><\/i><span style=\"font-weight: 400\">1 enero 2021). Es una virtud que nos lleva a realizar gestos concretos de cuidado y de servicio, con particular atenci\u00f3n a los m\u00e1s vulnerables y necesitados. Pienso en quienes, a causa de la violencia, de la persecuci\u00f3n y del terrorismo han perdido familiares y seres queridos, casa y bienes esenciales. Pero tambi\u00e9n pienso en toda la gente que lucha cada d\u00eda buscando seguridad y medios para seguir adelante, mientras que aumenta la desocupaci\u00f3n y la pobreza. El \u201csabernos responsables de la fragilidad de los dem\u00e1s\u201d (Carta enc. <\/span><i><span style=\"font-weight: 400\">Fratelli tutti<\/span><\/i><span style=\"font-weight: 400\">, 115) deber\u00eda inspirar todo esfuerzo por crear oportunidades concretas tanto en el \u00e1mbito econ\u00f3mico y en el \u00e1mbito de la educaci\u00f3n, como tambi\u00e9n en el cuidado de la creaci\u00f3n, nuestra casa com\u00fan. Despu\u00e9s de una crisis no basta reconstruir, es necesario hacerlo bien, de modo que todos puedan tener una vida digna. De una crisis no se sale iguales que antes: se sale mejores o peores.<\/span><\/p>\n<p><span style=\"font-weight: 400\">Como responsables pol\u00edticos y diplom\u00e1ticos, ustedes est\u00e1n llamados a promover este esp\u00edritu de solidaridad fraterna. Es necesario combatir la plaga de la corrupci\u00f3n, los abusos de poder y la ilegalidad, pero no es suficiente. Se necesita al mismo tiempo edificar la justicia, que crezca la honestidad y la transparencia, y que se refuercen las instituciones competentes. De ese modo puede crecer la estabilidad y desarrollarse una pol\u00edtica sana, capaz de ofrecer a todos, especialmente a los j\u00f3venes \u2014tan numerosos en este pa\u00eds\u2014, la esperanza de un futuro mejor.<\/span><\/p>\n<p><span style=\"font-weight: 400\">Se\u00f1or Presidente, distinguidas Autoridades, queridos amigos: Vengo como penitente que pide perd\u00f3n al Cielo y a los hermanos por tantas destrucciones y crueldad. Vengo como peregrino de paz, en nombre de Cristo, Pr\u00edncipe de la Paz. \u00a1Cu\u00e1nto hemos rezado en estos a\u00f1os por la paz en Irak! <\/span><a href=\"http:\/\/www.vatican.va\/content\/john-paul-ii\/es.html\"><span style=\"font-weight: 400\">San Juan Pablo II<\/span><\/a><span style=\"font-weight: 400\"> no escatim\u00f3 iniciativas, y sobre todo ofreci\u00f3 oraciones y sufrimientos por esto. Y Dios escucha, escucha siempre. Depende de nosotros que lo escuchemos a \u00c9l y caminemos por sus sendas. Que callen las armas, que se evite su proliferaci\u00f3n, aqu\u00ed y en todas partes. Que cesen los intereses particulares, esos intereses externos que son indiferentes a la poblaci\u00f3n local. Que se d\u00e9 voz a los constructores, a los artesanos de la paz, a los peque\u00f1os, a los pobres, a la gente sencilla, que quiere vivir, trabajar y rezar en paz. No m\u00e1s violencia, extremismos, facciones, intolerancias; que se d\u00e9 espacio a todos los ciudadanos que quieren construir juntos este pa\u00eds, desde el di\u00e1logo, desde la discusi\u00f3n franca y sincera, constructiva; a quienes se comprometen por la reconciliaci\u00f3n y est\u00e1n dispuestos a dejar de lado, por el bien com\u00fan, los propios intereses. En estos a\u00f1os, Irak ha tratado de poner las bases para una sociedad democr\u00e1tica. A este respecto, es indispensable asegurar la participaci\u00f3n de todos los grupos pol\u00edticos, sociales y religiosos, y garantizar los derechos fundamentales de todos los ciudadanos. Que ninguno sea considerado ciudadano de segunda clase. Aliento los pasos que se han dado hasta el momento en este proceso y espero que consoliden la serenidad y la concordia.<\/span><\/p>\n<p><img loading=\"lazy\" decoding=\"async\" class=\"alignleft wp-image-3960 size-medium\" src=\"https:\/\/exaudi.org\/wp-content\/uploads\/2021\/03\/SFO1727-300x200.jpg\" alt=\"Irak papa discurso autoridades\" width=\"300\" height=\"200\" srcset=\"https:\/\/exaudi.org\/wp-content\/uploads\/2021\/03\/SFO1727-300x200.jpg 300w, https:\/\/exaudi.org\/wp-content\/uploads\/2021\/03\/SFO1727-1024x683.jpg 1024w, https:\/\/exaudi.org\/wp-content\/uploads\/2021\/03\/SFO1727-768x512.jpg 768w, https:\/\/exaudi.org\/wp-content\/uploads\/2021\/03\/SFO1727-1536x1024.jpg 1536w, https:\/\/exaudi.org\/wp-content\/uploads\/2021\/03\/SFO1727-2048x1365.jpg 2048w, https:\/\/exaudi.org\/wp-content\/uploads\/2021\/03\/SFO1727-150x100.jpg 150w, https:\/\/exaudi.org\/wp-content\/uploads\/2021\/03\/SFO1727-696x464.jpg 696w, https:\/\/exaudi.org\/wp-content\/uploads\/2021\/03\/SFO1727-1068x712.jpg 1068w, https:\/\/exaudi.org\/wp-content\/uploads\/2021\/03\/SFO1727-1920x1280.jpg 1920w, https:\/\/exaudi.org\/wp-content\/uploads\/2021\/03\/SFO1727-630x420.jpg 630w\" sizes=\"auto, (max-width: 300px) 100vw, 300px\" \/><\/p>\n<p><span style=\"font-weight: 400\">Tambi\u00e9n la comunidad internacional tiene un rol decisivo que desempe\u00f1ar en la promoci\u00f3n de la paz en esta tierra y en todo el Oriente Medio. Como hemos visto durante el largo conflicto en la vecina naci\u00f3n de Siria \u2014de cuyo inicio se cumplen en estos d\u00edas ya diez a\u00f1os\u2014, los desaf\u00edos interpelan cada vez m\u00e1s a toda la familia humana. Estos requieren una cooperaci\u00f3n a escala global para poder afrontar tambi\u00e9n las desigualdades econ\u00f3micas y las tensiones regionales que ponen en peligro la estabilidad de estas tierras. Agradezco a los Estados y a las Organizaciones internacionales que est\u00e1n trabajando en Irak por la reconstrucci\u00f3n y para brindar asistencia a los refugiados, a los desplazados internos y a quienes tienen dificultades para regresar a sus propias casas, facilitando en el pa\u00eds comida, agua, viviendas, atenci\u00f3n m\u00e9dica y de salud, como tambi\u00e9n programas orientados a la reconciliaci\u00f3n y a la construcci\u00f3n de la paz. Y aqu\u00ed no puedo dejar de recordar los numerosos organismos, entre ellos muchos cat\u00f3licos, que desde hace a\u00f1os asisten con gran esfuerzo a las poblaciones civiles. Atender las necesidades b\u00e1sicas de tantos hermanos y hermanas es un acto de caridad y justicia, y contribuye a una paz duradera. Espero que las naciones no retiren del pueblo iraqu\u00ed la mano extendida de la amistad y del compromiso constructivo, sino que sigan trabajando con esp\u00edritu de responsabilidad com\u00fan con las Autoridades locales, sin imponer intereses pol\u00edticos o ideol\u00f3gicos.<\/span><\/p>\n<p><span style=\"font-weight: 400\">La religi\u00f3n, por su naturaleza, debe estar al servicio de la paz y la fraternidad. El nombre de Dios no puede ser usado para \u201cjustificar actos de homicidio, exilio, terrorismo y opresi\u00f3n\u201d (<\/span><i><span style=\"font-weight: 400\">Documento sobre la fraternidad humana<\/span><\/i><span style=\"font-weight: 400\">, Abu Dabi, 4 febrero 2019). Al contrario, Dios ha creado a los seres humanos iguales en dignidad y en derechos, nos llama a difundir amor, bondad y concordia. Tambi\u00e9n en Irak la Iglesia cat\u00f3lica desea ser amiga de todos y, a trav\u00e9s del di\u00e1logo, colaborar de manera constructiva con las otras religiones, por la causa de la paz. La antiqu\u00edsima presencia de los cristianos en esta tierra y su contribuci\u00f3n a la vida del pa\u00eds constituyen una rica herencia, que quiere poder seguir al servicio de todos. Su participaci\u00f3n en la vida p\u00fablica, como ciudadanos que gozan plenamente de derechos, libertad y responsabilidad, testimoniar\u00e1 que un sano pluralismo religioso, \u00e9tnico y cultural puede contribuir a la prosperidad y a la armon\u00eda del pa\u00eds.<\/span><\/p>\n<p><img loading=\"lazy\" decoding=\"async\" class=\"alignright wp-image-3963 size-medium\" src=\"https:\/\/exaudi.org\/wp-content\/uploads\/2021\/03\/SFO1754-300x200.jpg\" alt=\"\" width=\"300\" height=\"200\" srcset=\"https:\/\/exaudi.org\/wp-content\/uploads\/2021\/03\/SFO1754-300x200.jpg 300w, https:\/\/exaudi.org\/wp-content\/uploads\/2021\/03\/SFO1754-1024x683.jpg 1024w, https:\/\/exaudi.org\/wp-content\/uploads\/2021\/03\/SFO1754-768x512.jpg 768w, https:\/\/exaudi.org\/wp-content\/uploads\/2021\/03\/SFO1754-1536x1024.jpg 1536w, https:\/\/exaudi.org\/wp-content\/uploads\/2021\/03\/SFO1754-2048x1365.jpg 2048w, https:\/\/exaudi.org\/wp-content\/uploads\/2021\/03\/SFO1754-150x100.jpg 150w, https:\/\/exaudi.org\/wp-content\/uploads\/2021\/03\/SFO1754-696x464.jpg 696w, https:\/\/exaudi.org\/wp-content\/uploads\/2021\/03\/SFO1754-1068x712.jpg 1068w, https:\/\/exaudi.org\/wp-content\/uploads\/2021\/03\/SFO1754-1920x1280.jpg 1920w, https:\/\/exaudi.org\/wp-content\/uploads\/2021\/03\/SFO1754-630x420.jpg 630w\" sizes=\"auto, (max-width: 300px) 100vw, 300px\" \/><\/p>\n<p><span style=\"font-weight: 400\">Queridos amigos: Deseo expresar una vez m\u00e1s mi profunda gratitud por todo lo que han hecho y siguen haciendo par<\/span><span style=\"font-weight: 400\">a edificar una sociedad orientada hacia la unidad fraterna, la solidaridad y la concordia. Vuestro servicio al bien com\u00fan es una obra noble. Pido al Omnipotente que los sostenga en sus responsabilidades y los gu\u00ede a todos en el camino de la sabidur\u00eda, la justicia y la verdad. Sobre cada uno de ustedes, sus familias y seres queridos, y sobre todo el pueblo iraqu\u00ed invoco la abundancia de las bendiciones divinas. Gracias.<\/span><\/p>\n<p><strong>\u00a9 Librer\u00eda Editora Vaticana<\/strong><\/p>\n","protected":false},"excerpt":{"rendered":"<p>Fraternidad, fin de las armas y construcci\u00f3n de la paz<\/p>\n","protected":false},"author":6,"featured_media":3939,"comment_status":"closed","ping_status":"closed","sticky":false,"template":"","format":"standard","meta":{"_acf_changed":false,"_crdt_document":"","inline_featured_image":false,"footnotes":""},"categories":[298,120,126],"tags":[649,648,158,327],"class_list":["post-3796","post","type-post","status-publish","format-standard","has-post-thumbnail","hentry","category-ultimas-noticias","category-viajes","category-viajes-papales","tag-autoridades","tag-discurso","tag-papa-francisco","tag-viaje-a-irak-2021"],"acf":[],"yoast_head":"<!-- This site is optimized with the Yoast SEO plugin v27.4 - https:\/\/yoast.com\/product\/yoast-seo-wordpress\/ -->\n<title>Irak: Discurso del Papa a las autoridades del pa\u00eds &#8211; Exaudi Espa\u00f1a<\/title>\n<meta name=\"description\" content=\"Viaje a Irak 2021: El Papa Francisco ha pronunciado su discurso a las autoridades del pa\u00eds en el Palacio Presidencial de Bagdad hoy 5 de marzo\" \/>\n<meta name=\"robots\" content=\"index, follow, max-snippet:-1, max-image-preview:large, max-video-preview:-1\" \/>\n<link rel=\"canonical\" href=\"https:\/\/exaudi.org\/es\/irak-papa-discurso-autoridades\/\" \/>\n<meta property=\"og:locale\" content=\"es_ES\" \/>\n<meta property=\"og:type\" content=\"article\" \/>\n<meta property=\"og:title\" content=\"Irak: Discurso del Papa a las autoridades del pa\u00eds &#8211; Exaudi Espa\u00f1a\" \/>\n<meta property=\"og:description\" content=\"Viaje a Irak 2021: El Papa Francisco ha pronunciado su discurso a las autoridades del pa\u00eds en el Palacio Presidencial de Bagdad hoy 5 de marzo\" \/>\n<meta property=\"og:url\" content=\"https:\/\/exaudi.org\/es\/irak-papa-discurso-autoridades\/\" \/>\n<meta property=\"og:site_name\" content=\"Exaudi\" \/>\n<meta property=\"article:publisher\" content=\"https:\/\/www.facebook.com\/ExaudiNews\" \/>\n<meta property=\"article:published_time\" content=\"2021-03-05T16:30:27+00:00\" \/>\n<meta property=\"article:modified_time\" content=\"2021-03-06T17:40:20+00:00\" \/>\n<meta property=\"og:image\" content=\"https:\/\/exaudi.org\/wp-content\/uploads\/2021\/03\/DSC7306-scaled.jpg\" \/>\n\t<meta property=\"og:image:width\" content=\"2560\" \/>\n\t<meta property=\"og:image:height\" content=\"1707\" \/>\n\t<meta property=\"og:image:type\" content=\"image\/jpeg\" \/>\n<meta name=\"author\" content=\"Gabriel Sales\" \/>\n<meta name=\"twitter:card\" content=\"summary_large_image\" \/>\n<meta name=\"twitter:creator\" content=\"@habemusman\" \/>\n<meta name=\"twitter:site\" content=\"@Exaudi_News\" \/>\n<meta name=\"twitter:label1\" content=\"Escrito por\" \/>\n\t<meta name=\"twitter:data1\" content=\"Gabriel Sales\" \/>\n\t<meta name=\"twitter:label2\" content=\"Tiempo de lectura\" \/>\n\t<meta name=\"twitter:data2\" content=\"14 minutos\" \/>\n<script type=\"application\/ld+json\" class=\"yoast-schema-graph\">{\"@context\":\"https:\\\/\\\/schema.org\",\"@graph\":[{\"@type\":\"Article\",\"@id\":\"https:\\\/\\\/exaudi.org\\\/es\\\/irak-papa-discurso-autoridades\\\/#article\",\"isPartOf\":{\"@id\":\"https:\\\/\\\/exaudi.org\\\/es\\\/irak-papa-discurso-autoridades\\\/\"},\"author\":{\"name\":\"Gabriel Sales\",\"@id\":\"https:\\\/\\\/exaudi.org\\\/#\\\/schema\\\/person\\\/d134b96438278131ce90c90c03fda6cd\"},\"headline\":\"Irak: Discurso del Papa a las autoridades del pa\u00eds\",\"datePublished\":\"2021-03-05T16:30:27+00:00\",\"dateModified\":\"2021-03-06T17:40:20+00:00\",\"mainEntityOfPage\":{\"@id\":\"https:\\\/\\\/exaudi.org\\\/es\\\/irak-papa-discurso-autoridades\\\/\"},\"wordCount\":2980,\"image\":{\"@id\":\"https:\\\/\\\/exaudi.org\\\/es\\\/irak-papa-discurso-autoridades\\\/#primaryimage\"},\"thumbnailUrl\":\"https:\\\/\\\/exaudi.org\\\/wp-content\\\/uploads\\\/2021\\\/03\\\/DSC7306-scaled.jpg\",\"keywords\":[\"Autoridades\",\"Discurso\",\"papa francisco\",\"Viaje a Irak 2021\"],\"articleSection\":[\"\u00daltimas noticias\",\"Viajes\",\"Viajes Papales\"],\"inLanguage\":\"es\"},{\"@type\":\"WebPage\",\"@id\":\"https:\\\/\\\/exaudi.org\\\/es\\\/irak-papa-discurso-autoridades\\\/\",\"url\":\"https:\\\/\\\/exaudi.org\\\/es\\\/irak-papa-discurso-autoridades\\\/\",\"name\":\"Irak: Discurso del Papa a las autoridades del pa\u00eds &#8211; Exaudi Espa\u00f1a\",\"isPartOf\":{\"@id\":\"https:\\\/\\\/exaudi.org\\\/#website\"},\"primaryImageOfPage\":{\"@id\":\"https:\\\/\\\/exaudi.org\\\/es\\\/irak-papa-discurso-autoridades\\\/#primaryimage\"},\"image\":{\"@id\":\"https:\\\/\\\/exaudi.org\\\/es\\\/irak-papa-discurso-autoridades\\\/#primaryimage\"},\"thumbnailUrl\":\"https:\\\/\\\/exaudi.org\\\/wp-content\\\/uploads\\\/2021\\\/03\\\/DSC7306-scaled.jpg\",\"datePublished\":\"2021-03-05T16:30:27+00:00\",\"dateModified\":\"2021-03-06T17:40:20+00:00\",\"author\":{\"@id\":\"https:\\\/\\\/exaudi.org\\\/#\\\/schema\\\/person\\\/d134b96438278131ce90c90c03fda6cd\"},\"description\":\"Viaje a Irak 2021: El Papa Francisco ha pronunciado su discurso a las autoridades del pa\u00eds en el Palacio Presidencial de Bagdad hoy 5 de marzo\",\"breadcrumb\":{\"@id\":\"https:\\\/\\\/exaudi.org\\\/es\\\/irak-papa-discurso-autoridades\\\/#breadcrumb\"},\"inLanguage\":\"es\",\"potentialAction\":[{\"@type\":\"ReadAction\",\"target\":[\"https:\\\/\\\/exaudi.org\\\/es\\\/irak-papa-discurso-autoridades\\\/\"]}]},{\"@type\":\"ImageObject\",\"inLanguage\":\"es\",\"@id\":\"https:\\\/\\\/exaudi.org\\\/es\\\/irak-papa-discurso-autoridades\\\/#primaryimage\",\"url\":\"https:\\\/\\\/exaudi.org\\\/wp-content\\\/uploads\\\/2021\\\/03\\\/DSC7306-scaled.jpg\",\"contentUrl\":\"https:\\\/\\\/exaudi.org\\\/wp-content\\\/uploads\\\/2021\\\/03\\\/DSC7306-scaled.jpg\",\"width\":2560,\"height\":1707,\"caption\":\"El Papa en el Palacio Presidencial para su discurso con las autoridades de Irak \u00a9 Vatican Media\"},{\"@type\":\"BreadcrumbList\",\"@id\":\"https:\\\/\\\/exaudi.org\\\/es\\\/irak-papa-discurso-autoridades\\\/#breadcrumb\",\"itemListElement\":[{\"@type\":\"ListItem\",\"position\":1,\"name\":\"Portada\",\"item\":\"https:\\\/\\\/exaudi.org\\\/es\\\/\"},{\"@type\":\"ListItem\",\"position\":2,\"name\":\"Irak: Discurso del Papa a las autoridades del pa\u00eds\"}]},{\"@type\":\"WebSite\",\"@id\":\"https:\\\/\\\/exaudi.org\\\/#website\",\"url\":\"https:\\\/\\\/exaudi.org\\\/\",\"name\":\"Exaudi\",\"description\":\"News\",\"potentialAction\":[{\"@type\":\"SearchAction\",\"target\":{\"@type\":\"EntryPoint\",\"urlTemplate\":\"https:\\\/\\\/exaudi.org\\\/?s={search_term_string}\"},\"query-input\":{\"@type\":\"PropertyValueSpecification\",\"valueRequired\":true,\"valueName\":\"search_term_string\"}}],\"inLanguage\":\"es\"},{\"@type\":\"Person\",\"@id\":\"https:\\\/\\\/exaudi.org\\\/#\\\/schema\\\/person\\\/d134b96438278131ce90c90c03fda6cd\",\"name\":\"Gabriel Sales\",\"image\":{\"@type\":\"ImageObject\",\"inLanguage\":\"es\",\"@id\":\"https:\\\/\\\/secure.gravatar.com\\\/avatar\\\/9b1269566f6a063ed26ffb3532b66a373cdde231ce5d0effb266167437fdaffd?s=96&d=mm&r=g\",\"url\":\"https:\\\/\\\/secure.gravatar.com\\\/avatar\\\/9b1269566f6a063ed26ffb3532b66a373cdde231ce5d0effb266167437fdaffd?s=96&d=mm&r=g\",\"contentUrl\":\"https:\\\/\\\/secure.gravatar.com\\\/avatar\\\/9b1269566f6a063ed26ffb3532b66a373cdde231ce5d0effb266167437fdaffd?s=96&d=mm&r=g\",\"caption\":\"Gabriel Sales\"},\"description\":\"Periodista y especialista en Comunicaci\u00f3n y Branding digital. Cin\u00e9filo y cr\u00edtico de cine y series de televisi\u00f3n.\",\"sameAs\":[\"https:\\\/\\\/www.instagram.com\\\/cine90segundos\\\/\",\"www.linkedin.com\\\/in\\\/habemusman\",\"https:\\\/\\\/x.com\\\/habemusman\",\"https:\\\/\\\/www.youtube.com\\\/channel\\\/UCVfCiOMkJ_C7T7OpyjuaLDg\"],\"url\":\"https:\\\/\\\/exaudi.org\\\/es\\\/author\\\/gsalesexaudi-org\\\/\"}]}<\/script>\n<!-- \/ Yoast SEO plugin. -->","yoast_head_json":{"title":"Irak: Discurso del Papa a las autoridades del pa\u00eds &#8211; Exaudi Espa\u00f1a","description":"Viaje a Irak 2021: El Papa Francisco ha pronunciado su discurso a las autoridades del pa\u00eds en el Palacio Presidencial de Bagdad hoy 5 de marzo","robots":{"index":"index","follow":"follow","max-snippet":"max-snippet:-1","max-image-preview":"max-image-preview:large","max-video-preview":"max-video-preview:-1"},"canonical":"https:\/\/exaudi.org\/es\/irak-papa-discurso-autoridades\/","og_locale":"es_ES","og_type":"article","og_title":"Irak: Discurso del Papa a las autoridades del pa\u00eds &#8211; Exaudi Espa\u00f1a","og_description":"Viaje a Irak 2021: El Papa Francisco ha pronunciado su discurso a las autoridades del pa\u00eds en el Palacio Presidencial de Bagdad hoy 5 de marzo","og_url":"https:\/\/exaudi.org\/es\/irak-papa-discurso-autoridades\/","og_site_name":"Exaudi","article_publisher":"https:\/\/www.facebook.com\/ExaudiNews","article_published_time":"2021-03-05T16:30:27+00:00","article_modified_time":"2021-03-06T17:40:20+00:00","og_image":[{"width":2560,"height":1707,"url":"https:\/\/exaudi.org\/wp-content\/uploads\/2021\/03\/DSC7306-scaled.jpg","type":"image\/jpeg"}],"author":"Gabriel Sales","twitter_card":"summary_large_image","twitter_creator":"@habemusman","twitter_site":"@Exaudi_News","twitter_misc":{"Escrito por":"Gabriel Sales","Tiempo de lectura":"14 minutos"},"schema":{"@context":"https:\/\/schema.org","@graph":[{"@type":"Article","@id":"https:\/\/exaudi.org\/es\/irak-papa-discurso-autoridades\/#article","isPartOf":{"@id":"https:\/\/exaudi.org\/es\/irak-papa-discurso-autoridades\/"},"author":{"name":"Gabriel Sales","@id":"https:\/\/exaudi.org\/#\/schema\/person\/d134b96438278131ce90c90c03fda6cd"},"headline":"Irak: Discurso del Papa a las autoridades del pa\u00eds","datePublished":"2021-03-05T16:30:27+00:00","dateModified":"2021-03-06T17:40:20+00:00","mainEntityOfPage":{"@id":"https:\/\/exaudi.org\/es\/irak-papa-discurso-autoridades\/"},"wordCount":2980,"image":{"@id":"https:\/\/exaudi.org\/es\/irak-papa-discurso-autoridades\/#primaryimage"},"thumbnailUrl":"https:\/\/exaudi.org\/wp-content\/uploads\/2021\/03\/DSC7306-scaled.jpg","keywords":["Autoridades","Discurso","papa francisco","Viaje a Irak 2021"],"articleSection":["\u00daltimas noticias","Viajes","Viajes Papales"],"inLanguage":"es"},{"@type":"WebPage","@id":"https:\/\/exaudi.org\/es\/irak-papa-discurso-autoridades\/","url":"https:\/\/exaudi.org\/es\/irak-papa-discurso-autoridades\/","name":"Irak: Discurso del Papa a las autoridades del pa\u00eds &#8211; Exaudi Espa\u00f1a","isPartOf":{"@id":"https:\/\/exaudi.org\/#website"},"primaryImageOfPage":{"@id":"https:\/\/exaudi.org\/es\/irak-papa-discurso-autoridades\/#primaryimage"},"image":{"@id":"https:\/\/exaudi.org\/es\/irak-papa-discurso-autoridades\/#primaryimage"},"thumbnailUrl":"https:\/\/exaudi.org\/wp-content\/uploads\/2021\/03\/DSC7306-scaled.jpg","datePublished":"2021-03-05T16:30:27+00:00","dateModified":"2021-03-06T17:40:20+00:00","author":{"@id":"https:\/\/exaudi.org\/#\/schema\/person\/d134b96438278131ce90c90c03fda6cd"},"description":"Viaje a Irak 2021: El Papa Francisco ha pronunciado su discurso a las autoridades del pa\u00eds en el Palacio Presidencial de Bagdad hoy 5 de marzo","breadcrumb":{"@id":"https:\/\/exaudi.org\/es\/irak-papa-discurso-autoridades\/#breadcrumb"},"inLanguage":"es","potentialAction":[{"@type":"ReadAction","target":["https:\/\/exaudi.org\/es\/irak-papa-discurso-autoridades\/"]}]},{"@type":"ImageObject","inLanguage":"es","@id":"https:\/\/exaudi.org\/es\/irak-papa-discurso-autoridades\/#primaryimage","url":"https:\/\/exaudi.org\/wp-content\/uploads\/2021\/03\/DSC7306-scaled.jpg","contentUrl":"https:\/\/exaudi.org\/wp-content\/uploads\/2021\/03\/DSC7306-scaled.jpg","width":2560,"height":1707,"caption":"El Papa en el Palacio Presidencial para su discurso con las autoridades de Irak \u00a9 Vatican Media"},{"@type":"BreadcrumbList","@id":"https:\/\/exaudi.org\/es\/irak-papa-discurso-autoridades\/#breadcrumb","itemListElement":[{"@type":"ListItem","position":1,"name":"Portada","item":"https:\/\/exaudi.org\/es\/"},{"@type":"ListItem","position":2,"name":"Irak: Discurso del Papa a las autoridades del pa\u00eds"}]},{"@type":"WebSite","@id":"https:\/\/exaudi.org\/#website","url":"https:\/\/exaudi.org\/","name":"Exaudi","description":"News","potentialAction":[{"@type":"SearchAction","target":{"@type":"EntryPoint","urlTemplate":"https:\/\/exaudi.org\/?s={search_term_string}"},"query-input":{"@type":"PropertyValueSpecification","valueRequired":true,"valueName":"search_term_string"}}],"inLanguage":"es"},{"@type":"Person","@id":"https:\/\/exaudi.org\/#\/schema\/person\/d134b96438278131ce90c90c03fda6cd","name":"Gabriel Sales","image":{"@type":"ImageObject","inLanguage":"es","@id":"https:\/\/secure.gravatar.com\/avatar\/9b1269566f6a063ed26ffb3532b66a373cdde231ce5d0effb266167437fdaffd?s=96&d=mm&r=g","url":"https:\/\/secure.gravatar.com\/avatar\/9b1269566f6a063ed26ffb3532b66a373cdde231ce5d0effb266167437fdaffd?s=96&d=mm&r=g","contentUrl":"https:\/\/secure.gravatar.com\/avatar\/9b1269566f6a063ed26ffb3532b66a373cdde231ce5d0effb266167437fdaffd?s=96&d=mm&r=g","caption":"Gabriel Sales"},"description":"Periodista y especialista en Comunicaci\u00f3n y Branding digital. Cin\u00e9filo y cr\u00edtico de cine y series de televisi\u00f3n.","sameAs":["https:\/\/www.instagram.com\/cine90segundos\/","www.linkedin.com\/in\/habemusman","https:\/\/x.com\/habemusman","https:\/\/www.youtube.com\/channel\/UCVfCiOMkJ_C7T7OpyjuaLDg"],"url":"https:\/\/exaudi.org\/es\/author\/gsalesexaudi-org\/"}]}},"jetpack_featured_media_url":"https:\/\/exaudi.org\/wp-content\/uploads\/2021\/03\/DSC7306-scaled.jpg","jetpack_shortlink":"https:\/\/wp.me\/pgKjF2-Ze","_links":{"self":[{"href":"https:\/\/exaudi.org\/es\/wp-json\/wp\/v2\/posts\/3796","targetHints":{"allow":["GET"]}}],"collection":[{"href":"https:\/\/exaudi.org\/es\/wp-json\/wp\/v2\/posts"}],"about":[{"href":"https:\/\/exaudi.org\/es\/wp-json\/wp\/v2\/types\/post"}],"author":[{"embeddable":true,"href":"https:\/\/exaudi.org\/es\/wp-json\/wp\/v2\/users\/6"}],"replies":[{"embeddable":true,"href":"https:\/\/exaudi.org\/es\/wp-json\/wp\/v2\/comments?post=3796"}],"version-history":[{"count":0,"href":"https:\/\/exaudi.org\/es\/wp-json\/wp\/v2\/posts\/3796\/revisions"}],"wp:featuredmedia":[{"embeddable":true,"href":"https:\/\/exaudi.org\/es\/wp-json\/wp\/v2\/media\/3939"}],"wp:attachment":[{"href":"https:\/\/exaudi.org\/es\/wp-json\/wp\/v2\/media?parent=3796"}],"wp:term":[{"taxonomy":"category","embeddable":true,"href":"https:\/\/exaudi.org\/es\/wp-json\/wp\/v2\/categories?post=3796"},{"taxonomy":"post_tag","embeddable":true,"href":"https:\/\/exaudi.org\/es\/wp-json\/wp\/v2\/tags?post=3796"}],"curies":[{"name":"wp","href":"https:\/\/api.w.org\/{rel}","templated":true}]}}