{"id":37953,"date":"2021-10-27T11:15:00","date_gmt":"2021-10-27T09:15:00","guid":{"rendered":"https:\/\/exaudi.wpengine.com\/?p=37953"},"modified":"2021-10-28T10:47:20","modified_gmt":"2021-10-28T08:47:20","slug":"no-perder-vista-jesus-cruz","status":"publish","type":"post","link":"https:\/\/exaudi.org\/es\/no-perder-vista-jesus-cruz\/","title":{"rendered":"\u201cNo perder de vista a Jes\u00fas en la Cruz\u201d"},"content":{"rendered":"<p>El Papa Francisco ha recordado c\u00f3mo el Ap\u00f3stol Pablo \u201cexhorta a los g\u00e1latas a no perder de vista a Jes\u00fas en la cruz y a que esta imagen se haga vida en ellos, hasta identificarse con \u00c9l\u201d y este \u201ces un llamado que nosotros debemos acoger, abrazando la cruz de Cristo, y ador\u00e1ndolo en la Eucarist\u00eda, donde lo contemplamos muerto y resucitado, entregado por nosotros para darnos la vida verdadera\u201d.<\/p>\n<p>Durante la audiencia general de hoy, mi\u00e9rcoles 27 de octubre de 2021, el Santo Padre ha continuado con el ciclo de catequesis sobre la <a href=\"https:\/\/www.vatican.va\/archive\/ESL0506\/_PYT.HTM\" target=\"_blank\" rel=\"noopener\">carta a los G\u00e1latas<\/a>, centrando su meditaci\u00f3n en el tema: \u201cEl fruto del Esp\u00edritu\u201d (Gal 5,22-24).<\/p>\n<h4><strong>Recibir el don del Esp\u00edritu Santo<\/strong><\/h4>\n<p>\u201cEn esta catequesis reflexionamos sobre la centralidad en la predicaci\u00f3n de Pablo del misterio de Cristo, de su muerte y resurrecci\u00f3n\u201d, apunt\u00f3 Francisco. En este sentido, indic\u00f3 que al contemplar dicho misterio \u201crecibiremos el mismo don que Jes\u00fas entreg\u00f3 en la cruz: el Esp\u00edritu Santo. \u00c9l, que trasforma los corazones y gu\u00eda a la Iglesia, renovar\u00e1 nuestra comunidad\u201d.<\/p>\n<p>Asimismo, \u201cnos dar\u00e1 la fuerza para combatir el mal, es decir, todas esas obras que nos impiden ser de Dios y nos alejan en la mundanidad de nuestros deseos, esclavos de nuestro ego\u00edsmo, y nos conceder\u00e1 unos frutos generosos de amor, gracia, paz, paciencia, gentileza, bondad, fidelidad, humildad, dominio de s\u00ed\u201d.<\/p>\n<h4><strong>Un peque\u00f1o ejercicio<\/strong><\/h4>\n<p>Finalmente, en su saludo a los fieles de lengua espa\u00f1ola, anim\u00f3 a hacer un \u201cpeque\u00f1o ejercicio\u201d: \u201crelean la lista de los frutos del Esp\u00edritu Santo que encontramos en G\u00e1latas 5, 22-23. Vean si se corresponden con la propia existencia, es decir, si nuestra vida se dej\u00f3 configurar con Cristo, al que contemplamos muerto y resucitado, en la imagen de la cruz y en el misterio de la Eucarist\u00eda; si nuestra vida se ha dejado trasformar por el Esp\u00edritu para ser ella misma eucarist\u00eda, don y acci\u00f3n de gracias, para gloria de Dios y salvaci\u00f3n de la gente\u201d.<\/p>\n<p><em>Con<a href=\"https:\/\/exaudi.wpengine.com\/es\/rodrigo-guerra-los-laicos-debemos-reivindicar-nuestra-mision-en-la-iglesia\/\" target=\"_blank\" rel=\"noopener\"> Larissa I. L\u00f3pez<\/a><\/em><\/p>\n","protected":false},"excerpt":{"rendered":"<p>Resumen de las palabras del Santo Padre en espa\u00f1ol<\/p>\n","protected":false},"author":38,"featured_media":38017,"comment_status":"closed","ping_status":"closed","sticky":false,"template":"","format":"standard","meta":{"_acf_changed":false,"_crdt_document":"","inline_featured_image":false,"footnotes":""},"categories":[112,68],"tags":[179,4683,443,2002],"class_list":["post-37953","post","type-post","status-publish","format-standard","has-post-thumbnail","hentry","category-audiencia-general","category-leon-xiv","tag-audiencia-general","tag-cristo-es","tag-cruz","tag-eucaristia-es"],"acf":[],"yoast_head":"<!-- This site is optimized with the Yoast SEO plugin v27.5 - https:\/\/yoast.com\/product\/yoast-seo-wordpress\/ -->\n<title>\u201cNo perder de vista a Jes\u00fas en la Cruz\u201d &#8211; Exaudi<\/title>\n<meta name=\"description\" content=\"El Papa recuerda c\u00f3mo Pablo \u201cexhorta a los g\u00e1latas a no perder de vista a Jes\u00fas en la cruz &quot;(...), hasta &quot;identificarse con \u00c9l\u201d\" \/>\n<meta name=\"robots\" content=\"index, follow, max-snippet:-1, max-image-preview:large, max-video-preview:-1\" \/>\n<link rel=\"canonical\" href=\"https:\/\/exaudi.org\/es\/no-perder-vista-jesus-cruz\/\" \/>\n<meta property=\"og:locale\" content=\"es_ES\" \/>\n<meta property=\"og:type\" content=\"article\" \/>\n<meta property=\"og:title\" content=\"\u201cNo perder de vista a Jes\u00fas en la Cruz\u201d &#8211; Exaudi\" \/>\n<meta property=\"og:description\" content=\"El Papa recuerda c\u00f3mo Pablo \u201cexhorta a los g\u00e1latas a no perder de vista a Jes\u00fas en la cruz &quot;(...), hasta &quot;identificarse con \u00c9l\u201d\" \/>\n<meta property=\"og:url\" content=\"https:\/\/exaudi.org\/es\/no-perder-vista-jesus-cruz\/\" \/>\n<meta property=\"og:site_name\" content=\"Exaudi\" \/>\n<meta property=\"article:publisher\" content=\"https:\/\/www.facebook.com\/ExaudiNews\" \/>\n<meta property=\"article:published_time\" content=\"2021-10-27T09:15:00+00:00\" \/>\n<meta property=\"article:modified_time\" content=\"2021-10-28T08:47:20+00:00\" \/>\n<meta property=\"og:image\" content=\"https:\/\/exaudi.org\/wp-content\/uploads\/2021\/10\/SFO9267_050421--scaled.jpg\" \/>\n\t<meta property=\"og:image:width\" content=\"2560\" \/>\n\t<meta property=\"og:image:height\" content=\"1707\" \/>\n\t<meta property=\"og:image:type\" content=\"image\/jpeg\" \/>\n<meta name=\"author\" content=\"Mayra Novelo\" \/>\n<meta name=\"twitter:card\" content=\"summary_large_image\" \/>\n<meta name=\"twitter:creator\" content=\"@Exaudi_News\" \/>\n<meta name=\"twitter:site\" content=\"@Exaudi_News\" \/>\n<meta name=\"twitter:label1\" content=\"Escrito por\" \/>\n\t<meta name=\"twitter:data1\" content=\"Mayra Novelo\" \/>\n\t<meta name=\"twitter:label2\" content=\"Tiempo de lectura\" \/>\n\t<meta name=\"twitter:data2\" content=\"2 minutos\" \/>\n<script type=\"application\/ld+json\" class=\"yoast-schema-graph\">{\"@context\":\"https:\\\/\\\/schema.org\",\"@graph\":[{\"@type\":\"Article\",\"@id\":\"https:\\\/\\\/exaudi.org\\\/es\\\/no-perder-vista-jesus-cruz\\\/#article\",\"isPartOf\":{\"@id\":\"https:\\\/\\\/exaudi.org\\\/es\\\/no-perder-vista-jesus-cruz\\\/\"},\"author\":{\"name\":\"Mayra Novelo\",\"@id\":\"https:\\\/\\\/exaudi.org\\\/#\\\/schema\\\/person\\\/7172ef2dcae2a79b5c8b78693cc9fc0a\"},\"headline\":\"\u201cNo perder de vista a Jes\u00fas en la Cruz\u201d\",\"datePublished\":\"2021-10-27T09:15:00+00:00\",\"dateModified\":\"2021-10-28T08:47:20+00:00\",\"mainEntityOfPage\":{\"@id\":\"https:\\\/\\\/exaudi.org\\\/es\\\/no-perder-vista-jesus-cruz\\\/\"},\"wordCount\":364,\"image\":{\"@id\":\"https:\\\/\\\/exaudi.org\\\/es\\\/no-perder-vista-jesus-cruz\\\/#primaryimage\"},\"thumbnailUrl\":\"https:\\\/\\\/exaudi.org\\\/wp-content\\\/uploads\\\/2021\\\/10\\\/SFO9267_050421--scaled.jpg\",\"keywords\":[\"audiencia general\",\"Cristo\",\"Cruz\",\"Eucaristia\"],\"articleSection\":[\"Audiencia General\",\"Le\u00f3n XIV\"],\"inLanguage\":\"es\"},{\"@type\":\"WebPage\",\"@id\":\"https:\\\/\\\/exaudi.org\\\/es\\\/no-perder-vista-jesus-cruz\\\/\",\"url\":\"https:\\\/\\\/exaudi.org\\\/es\\\/no-perder-vista-jesus-cruz\\\/\",\"name\":\"\u201cNo perder de vista a Jes\u00fas en la Cruz\u201d &#8211; Exaudi\",\"isPartOf\":{\"@id\":\"https:\\\/\\\/exaudi.org\\\/#website\"},\"primaryImageOfPage\":{\"@id\":\"https:\\\/\\\/exaudi.org\\\/es\\\/no-perder-vista-jesus-cruz\\\/#primaryimage\"},\"image\":{\"@id\":\"https:\\\/\\\/exaudi.org\\\/es\\\/no-perder-vista-jesus-cruz\\\/#primaryimage\"},\"thumbnailUrl\":\"https:\\\/\\\/exaudi.org\\\/wp-content\\\/uploads\\\/2021\\\/10\\\/SFO9267_050421--scaled.jpg\",\"datePublished\":\"2021-10-27T09:15:00+00:00\",\"dateModified\":\"2021-10-28T08:47:20+00:00\",\"author\":{\"@id\":\"https:\\\/\\\/exaudi.org\\\/#\\\/schema\\\/person\\\/7172ef2dcae2a79b5c8b78693cc9fc0a\"},\"description\":\"El Papa recuerda c\u00f3mo Pablo \u201cexhorta a los g\u00e1latas a no perder de vista a Jes\u00fas en la cruz \\\"(...), hasta \\\"identificarse con \u00c9l\u201d\",\"breadcrumb\":{\"@id\":\"https:\\\/\\\/exaudi.org\\\/es\\\/no-perder-vista-jesus-cruz\\\/#breadcrumb\"},\"inLanguage\":\"es\",\"potentialAction\":[{\"@type\":\"ReadAction\",\"target\":[\"https:\\\/\\\/exaudi.org\\\/es\\\/no-perder-vista-jesus-cruz\\\/\"]}]},{\"@type\":\"ImageObject\",\"inLanguage\":\"es\",\"@id\":\"https:\\\/\\\/exaudi.org\\\/es\\\/no-perder-vista-jesus-cruz\\\/#primaryimage\",\"url\":\"https:\\\/\\\/exaudi.org\\\/wp-content\\\/uploads\\\/2021\\\/10\\\/SFO9267_050421--scaled.jpg\",\"contentUrl\":\"https:\\\/\\\/exaudi.org\\\/wp-content\\\/uploads\\\/2021\\\/10\\\/SFO9267_050421--scaled.jpg\",\"width\":2560,\"height\":1707,\"caption\":\"Audiencia general, 27 octubre 2021 \u00a9 Vatican Media\"},{\"@type\":\"BreadcrumbList\",\"@id\":\"https:\\\/\\\/exaudi.org\\\/es\\\/no-perder-vista-jesus-cruz\\\/#breadcrumb\",\"itemListElement\":[{\"@type\":\"ListItem\",\"position\":1,\"name\":\"Portada\",\"item\":\"https:\\\/\\\/exaudi.org\\\/es\\\/\"},{\"@type\":\"ListItem\",\"position\":2,\"name\":\"\u201cNo perder de vista a Jes\u00fas en la Cruz\u201d\"}]},{\"@type\":\"WebSite\",\"@id\":\"https:\\\/\\\/exaudi.org\\\/#website\",\"url\":\"https:\\\/\\\/exaudi.org\\\/\",\"name\":\"Exaudi\",\"description\":\"News\",\"potentialAction\":[{\"@type\":\"SearchAction\",\"target\":{\"@type\":\"EntryPoint\",\"urlTemplate\":\"https:\\\/\\\/exaudi.org\\\/?s={search_term_string}\"},\"query-input\":{\"@type\":\"PropertyValueSpecification\",\"valueRequired\":true,\"valueName\":\"search_term_string\"}}],\"inLanguage\":\"es\"},{\"@type\":\"Person\",\"@id\":\"https:\\\/\\\/exaudi.org\\\/#\\\/schema\\\/person\\\/7172ef2dcae2a79b5c8b78693cc9fc0a\",\"name\":\"Mayra Novelo\",\"image\":{\"@type\":\"ImageObject\",\"inLanguage\":\"es\",\"@id\":\"https:\\\/\\\/secure.gravatar.com\\\/avatar\\\/a59685cc6b7237ed11c6ceb5051fcfc8905619418ab930af70f529f7fb73daee?s=96&d=mm&r=g\",\"url\":\"https:\\\/\\\/secure.gravatar.com\\\/avatar\\\/a59685cc6b7237ed11c6ceb5051fcfc8905619418ab930af70f529f7fb73daee?s=96&d=mm&r=g\",\"contentUrl\":\"https:\\\/\\\/secure.gravatar.com\\\/avatar\\\/a59685cc6b7237ed11c6ceb5051fcfc8905619418ab930af70f529f7fb73daee?s=96&d=mm&r=g\",\"caption\":\"Mayra Novelo\"},\"description\":\"Hay muchas formas de establecer comunicaci\u00f3n entre nosotros, los seres humanos. Una de ellas es la palabra ya sea escrita o hablada. En mi trabajo cotidiano he descubierto como una mirada y una escucha atenta pueden marcar la diferencia. Como periodista me dedico a la prensa escrita y digital. Como pedagoga sigo atenci\u00f3n los temas relacionados con la educaci\u00f3n y formaci\u00f3n en valores. Y aqu\u00ed estoy para mirar, escuchar, escribir y transmitir; aportando mi granito de arena a la apasionante misi\u00f3n evangelizadora de la Iglesia. Nac\u00ed en M\u00e9xico, cruce un oc\u00e9ano, me cas\u00e9 y vivo en Italia.\",\"url\":\"https:\\\/\\\/exaudi.org\\\/es\\\/author\\\/mayranovelo\\\/\"}]}<\/script>\n<!-- \/ Yoast SEO plugin. -->","yoast_head_json":{"title":"\u201cNo perder de vista a Jes\u00fas en la Cruz\u201d &#8211; Exaudi","description":"El Papa recuerda c\u00f3mo Pablo \u201cexhorta a los g\u00e1latas a no perder de vista a Jes\u00fas en la cruz \"(...), hasta \"identificarse con \u00c9l\u201d","robots":{"index":"index","follow":"follow","max-snippet":"max-snippet:-1","max-image-preview":"max-image-preview:large","max-video-preview":"max-video-preview:-1"},"canonical":"https:\/\/exaudi.org\/es\/no-perder-vista-jesus-cruz\/","og_locale":"es_ES","og_type":"article","og_title":"\u201cNo perder de vista a Jes\u00fas en la Cruz\u201d &#8211; Exaudi","og_description":"El Papa recuerda c\u00f3mo Pablo \u201cexhorta a los g\u00e1latas a no perder de vista a Jes\u00fas en la cruz \"(...), hasta \"identificarse con \u00c9l\u201d","og_url":"https:\/\/exaudi.org\/es\/no-perder-vista-jesus-cruz\/","og_site_name":"Exaudi","article_publisher":"https:\/\/www.facebook.com\/ExaudiNews","article_published_time":"2021-10-27T09:15:00+00:00","article_modified_time":"2021-10-28T08:47:20+00:00","og_image":[{"width":2560,"height":1707,"url":"https:\/\/exaudi.org\/wp-content\/uploads\/2021\/10\/SFO9267_050421--scaled.jpg","type":"image\/jpeg"}],"author":"Mayra Novelo","twitter_card":"summary_large_image","twitter_creator":"@Exaudi_News","twitter_site":"@Exaudi_News","twitter_misc":{"Escrito por":"Mayra Novelo","Tiempo de lectura":"2 minutos"},"schema":{"@context":"https:\/\/schema.org","@graph":[{"@type":"Article","@id":"https:\/\/exaudi.org\/es\/no-perder-vista-jesus-cruz\/#article","isPartOf":{"@id":"https:\/\/exaudi.org\/es\/no-perder-vista-jesus-cruz\/"},"author":{"name":"Mayra Novelo","@id":"https:\/\/exaudi.org\/#\/schema\/person\/7172ef2dcae2a79b5c8b78693cc9fc0a"},"headline":"\u201cNo perder de vista a Jes\u00fas en la Cruz\u201d","datePublished":"2021-10-27T09:15:00+00:00","dateModified":"2021-10-28T08:47:20+00:00","mainEntityOfPage":{"@id":"https:\/\/exaudi.org\/es\/no-perder-vista-jesus-cruz\/"},"wordCount":364,"image":{"@id":"https:\/\/exaudi.org\/es\/no-perder-vista-jesus-cruz\/#primaryimage"},"thumbnailUrl":"https:\/\/exaudi.org\/wp-content\/uploads\/2021\/10\/SFO9267_050421--scaled.jpg","keywords":["audiencia general","Cristo","Cruz","Eucaristia"],"articleSection":["Audiencia General","Le\u00f3n XIV"],"inLanguage":"es"},{"@type":"WebPage","@id":"https:\/\/exaudi.org\/es\/no-perder-vista-jesus-cruz\/","url":"https:\/\/exaudi.org\/es\/no-perder-vista-jesus-cruz\/","name":"\u201cNo perder de vista a Jes\u00fas en la Cruz\u201d &#8211; Exaudi","isPartOf":{"@id":"https:\/\/exaudi.org\/#website"},"primaryImageOfPage":{"@id":"https:\/\/exaudi.org\/es\/no-perder-vista-jesus-cruz\/#primaryimage"},"image":{"@id":"https:\/\/exaudi.org\/es\/no-perder-vista-jesus-cruz\/#primaryimage"},"thumbnailUrl":"https:\/\/exaudi.org\/wp-content\/uploads\/2021\/10\/SFO9267_050421--scaled.jpg","datePublished":"2021-10-27T09:15:00+00:00","dateModified":"2021-10-28T08:47:20+00:00","author":{"@id":"https:\/\/exaudi.org\/#\/schema\/person\/7172ef2dcae2a79b5c8b78693cc9fc0a"},"description":"El Papa recuerda c\u00f3mo Pablo \u201cexhorta a los g\u00e1latas a no perder de vista a Jes\u00fas en la cruz \"(...), hasta \"identificarse con \u00c9l\u201d","breadcrumb":{"@id":"https:\/\/exaudi.org\/es\/no-perder-vista-jesus-cruz\/#breadcrumb"},"inLanguage":"es","potentialAction":[{"@type":"ReadAction","target":["https:\/\/exaudi.org\/es\/no-perder-vista-jesus-cruz\/"]}]},{"@type":"ImageObject","inLanguage":"es","@id":"https:\/\/exaudi.org\/es\/no-perder-vista-jesus-cruz\/#primaryimage","url":"https:\/\/exaudi.org\/wp-content\/uploads\/2021\/10\/SFO9267_050421--scaled.jpg","contentUrl":"https:\/\/exaudi.org\/wp-content\/uploads\/2021\/10\/SFO9267_050421--scaled.jpg","width":2560,"height":1707,"caption":"Audiencia general, 27 octubre 2021 \u00a9 Vatican Media"},{"@type":"BreadcrumbList","@id":"https:\/\/exaudi.org\/es\/no-perder-vista-jesus-cruz\/#breadcrumb","itemListElement":[{"@type":"ListItem","position":1,"name":"Portada","item":"https:\/\/exaudi.org\/es\/"},{"@type":"ListItem","position":2,"name":"\u201cNo perder de vista a Jes\u00fas en la Cruz\u201d"}]},{"@type":"WebSite","@id":"https:\/\/exaudi.org\/#website","url":"https:\/\/exaudi.org\/","name":"Exaudi","description":"News","potentialAction":[{"@type":"SearchAction","target":{"@type":"EntryPoint","urlTemplate":"https:\/\/exaudi.org\/?s={search_term_string}"},"query-input":{"@type":"PropertyValueSpecification","valueRequired":true,"valueName":"search_term_string"}}],"inLanguage":"es"},{"@type":"Person","@id":"https:\/\/exaudi.org\/#\/schema\/person\/7172ef2dcae2a79b5c8b78693cc9fc0a","name":"Mayra Novelo","image":{"@type":"ImageObject","inLanguage":"es","@id":"https:\/\/secure.gravatar.com\/avatar\/a59685cc6b7237ed11c6ceb5051fcfc8905619418ab930af70f529f7fb73daee?s=96&d=mm&r=g","url":"https:\/\/secure.gravatar.com\/avatar\/a59685cc6b7237ed11c6ceb5051fcfc8905619418ab930af70f529f7fb73daee?s=96&d=mm&r=g","contentUrl":"https:\/\/secure.gravatar.com\/avatar\/a59685cc6b7237ed11c6ceb5051fcfc8905619418ab930af70f529f7fb73daee?s=96&d=mm&r=g","caption":"Mayra Novelo"},"description":"Hay muchas formas de establecer comunicaci\u00f3n entre nosotros, los seres humanos. Una de ellas es la palabra ya sea escrita o hablada. En mi trabajo cotidiano he descubierto como una mirada y una escucha atenta pueden marcar la diferencia. Como periodista me dedico a la prensa escrita y digital. Como pedagoga sigo atenci\u00f3n los temas relacionados con la educaci\u00f3n y formaci\u00f3n en valores. Y aqu\u00ed estoy para mirar, escuchar, escribir y transmitir; aportando mi granito de arena a la apasionante misi\u00f3n evangelizadora de la Iglesia. Nac\u00ed en M\u00e9xico, cruce un oc\u00e9ano, me cas\u00e9 y vivo en Italia.","url":"https:\/\/exaudi.org\/es\/author\/mayranovelo\/"}]}},"jetpack_featured_media_url":"https:\/\/exaudi.org\/wp-content\/uploads\/2021\/10\/SFO9267_050421--scaled.jpg","jetpack_shortlink":"https:\/\/wp.me\/pgKjF2-9S9","_links":{"self":[{"href":"https:\/\/exaudi.org\/es\/wp-json\/wp\/v2\/posts\/37953","targetHints":{"allow":["GET"]}}],"collection":[{"href":"https:\/\/exaudi.org\/es\/wp-json\/wp\/v2\/posts"}],"about":[{"href":"https:\/\/exaudi.org\/es\/wp-json\/wp\/v2\/types\/post"}],"author":[{"embeddable":true,"href":"https:\/\/exaudi.org\/es\/wp-json\/wp\/v2\/users\/38"}],"replies":[{"embeddable":true,"href":"https:\/\/exaudi.org\/es\/wp-json\/wp\/v2\/comments?post=37953"}],"version-history":[{"count":0,"href":"https:\/\/exaudi.org\/es\/wp-json\/wp\/v2\/posts\/37953\/revisions"}],"wp:featuredmedia":[{"embeddable":true,"href":"https:\/\/exaudi.org\/es\/wp-json\/wp\/v2\/media\/38017"}],"wp:attachment":[{"href":"https:\/\/exaudi.org\/es\/wp-json\/wp\/v2\/media?parent=37953"}],"wp:term":[{"taxonomy":"category","embeddable":true,"href":"https:\/\/exaudi.org\/es\/wp-json\/wp\/v2\/categories?post=37953"},{"taxonomy":"post_tag","embeddable":true,"href":"https:\/\/exaudi.org\/es\/wp-json\/wp\/v2\/tags?post=37953"}],"curies":[{"name":"wp","href":"https:\/\/api.w.org\/{rel}","templated":true}]}}