{"id":37952,"date":"2021-10-27T10:47:11","date_gmt":"2021-10-27T08:47:11","guid":{"rendered":"https:\/\/exaudi.wpengine.com\/?p=37952"},"modified":"2021-10-27T17:34:33","modified_gmt":"2021-10-27T15:34:33","slug":"costa-rica-la-negrita-de-los-angeles-en-los-jardines-vaticanos","status":"publish","type":"post","link":"https:\/\/exaudi.org\/es\/costa-rica-la-negrita-de-los-angeles-en-los-jardines-vaticanos\/","title":{"rendered":"Costa Rica: La \u201cNegrita de los \u00c1ngeles\u201d en los Jardines Vaticanos"},"content":{"rendered":"<p>El 26 de octubre de 2021, tuvo lugar la ceremonia de Entronizaci\u00f3n de <a href=\"https:\/\/exaudi.wpengine.com\/es\/costa-rica-saludo-papa-entronizacion-virgen-angeles\/\" target=\"_blank\" rel=\"noopener\">Nuestra Se\u00f1ora de los \u00c1ngeles<\/a>, patrona de Costa Rica, en la V\u00eda de las V\u00edrgenes de los Jardines Vaticanos.<\/p>\n<p><img loading=\"lazy\" decoding=\"async\" class=\"size-medium wp-image-37963 alignleft\" src=\"https:\/\/exaudi.wpengine.com\/wp-content\/uploads\/2021\/10\/248888278_1533554400312429_5065948814693562778_n-300x225.jpg\" alt=\"\" width=\"300\" height=\"225\" srcset=\"https:\/\/exaudi.org\/wp-content\/uploads\/2021\/10\/248888278_1533554400312429_5065948814693562778_n-300x225.jpg 300w, https:\/\/exaudi.org\/wp-content\/uploads\/2021\/10\/248888278_1533554400312429_5065948814693562778_n-768x576.jpg 768w, https:\/\/exaudi.org\/wp-content\/uploads\/2021\/10\/248888278_1533554400312429_5065948814693562778_n-150x113.jpg 150w, https:\/\/exaudi.org\/wp-content\/uploads\/2021\/10\/248888278_1533554400312429_5065948814693562778_n-696x522.jpg 696w, https:\/\/exaudi.org\/wp-content\/uploads\/2021\/10\/248888278_1533554400312429_5065948814693562778_n-560x420.jpg 560w, https:\/\/exaudi.org\/wp-content\/uploads\/2021\/10\/248888278_1533554400312429_5065948814693562778_n-80x60.jpg 80w, https:\/\/exaudi.org\/wp-content\/uploads\/2021\/10\/248888278_1533554400312429_5065948814693562778_n-265x198.jpg 265w, https:\/\/exaudi.org\/wp-content\/uploads\/2021\/10\/248888278_1533554400312429_5065948814693562778_n.jpg 960w\" sizes=\"auto, (max-width: 300px) 100vw, 300px\" \/>La ceremonia estuvo presidida por monse\u00f1or Fernando V\u00e9rgez Alzaga, presidente de la Gobernaci\u00f3n del Estado de la Ciudad del Vaticano; monse\u00f1or Jos\u00e9 Manuel Garita, presidente de la Conferencia Episcopal costarricense; y el embajador de Costa Rica ante la Santa Sede, Federico Zamora Cordero.<\/p>\n<p>En ella tambi\u00e9n participaron autoridades eclesi\u00e1sticas, miembros del Cuerpo Diplom\u00e1tico acreditados ante la Santa Sede, los promotores del proyecto del mosaico, benefactores, peregrinos, religiosos y religiosas de la comunidad \u201ctica\u201d residentes en Roma y otros invitados.<\/p>\n<h4><strong>El mosaico y \u201cLa Negrita de los \u00c1ngeles\u201d<\/strong><\/h4>\n<p>De acuerdo a Vatican News, el mosaico inaugurado en los Jardines Vaticanos, obra de Paula Sa\u00e9nz Soto, mide 1,60 m. de alto por 1,30 m. de ancho. Cuenta con fragmentos de piedra originales de los cimientos de la segunda bas\u00edlica de Cartago, en Costa Rica. Otras piedras proceden del lugar donde se encontr\u00f3 en 1635, as\u00ed como piezas de todas las di\u00f3cesis de Costa Rica, piedras de varios r\u00edos, que adornan la imagen con tonos naturales \u00fanicos, y vidrios con pan de oro de 24 quilates.<\/p>\n<p><img loading=\"lazy\" decoding=\"async\" class=\"size-medium wp-image-37954 alignright\" src=\"https:\/\/exaudi.wpengine.com\/wp-content\/uploads\/2021\/10\/248916374_1533545580313311_3677739097758453520_n-225x300.jpg\" alt=\"\" width=\"225\" height=\"300\" srcset=\"https:\/\/exaudi.org\/wp-content\/uploads\/2021\/10\/248916374_1533545580313311_3677739097758453520_n-225x300.jpg 225w, https:\/\/exaudi.org\/wp-content\/uploads\/2021\/10\/248916374_1533545580313311_3677739097758453520_n-150x200.jpg?crop=1 150w, https:\/\/exaudi.org\/wp-content\/uploads\/2021\/10\/248916374_1533545580313311_3677739097758453520_n-300x400.jpg?crop=1 300w, https:\/\/exaudi.org\/wp-content\/uploads\/2021\/10\/248916374_1533545580313311_3677739097758453520_n-696x928.jpg 696w, https:\/\/exaudi.org\/wp-content\/uploads\/2021\/10\/248916374_1533545580313311_3677739097758453520_n-315x420.jpg 315w, https:\/\/exaudi.org\/wp-content\/uploads\/2021\/10\/248916374_1533545580313311_3677739097758453520_n.jpg 720w\" sizes=\"auto, (max-width: 225px) 100vw, 225px\" \/>\u201cLa Negrita de los \u00c1ngeles\u201d, como es conocida la patrona de Costa Rica, tiene su origen en 1635 y ha marcado la vida y el desarrollo de este pa\u00eds. Todos los 2 de agosto, la bas\u00edlica de Nuestra Se\u00f1ora de los \u00c1ngeles, en Cartago, Costa Rica, re\u00fane a millones de peregrinos que presentan sus intenciones a la intercesi\u00f3n de la Virgen de los \u00c1ngeles. El papa Juan Pablo II declar\u00f3 esta advocaci\u00f3n como patrona de Costa Rica y protectora de las Am\u00e9ricas.<\/p>\n<h4><strong>Agradecimiento al Santo Padre<\/strong><\/h4>\n<p>En una entrevista compartida por el <a href=\"https:\/\/www.facebook.com\/Comunicaci%C3%B3n-Conferencia-Episcopal-de-Costa-Rica-341869476147600\/\" target=\"_blank\" rel=\"noopener\">Departamento de Comunicaci\u00f3n del Episcopado de Costa Rica<\/a> en sus redes sociales, Mons. Garita agradece al Papa Francisco, \u201cquien, con motivo de la entronizaci\u00f3n de la imagen de la Virgen de los \u00c1ngeles, nos ha dirigido hermosas y alentadoras palabras que nos motivan a seguir viviendo la fe, unidos a nuestra Madre. A 386 a\u00f1os del hallazgo de la imagen de La Negrita, y en medio de la celebraci\u00f3n del Bicentenario de Independencia, este acontecimiento nos anima, nos llena de alegr\u00eda y nos da esperanza\u201d.<\/p>\n<p>Igualmente, el prelado reconoce y agradece \u201cla iniciativa y el trabajo realizado del se\u00f1or embajador de Costa Rica ante la Santa Sede, don Federico Zamora Cordero; gracias a cuyos buenos oficios se emprendi\u00f3 este proyecto que hoy es una realidad en los jardines vaticanos, junto al Papa\u201d.<\/p>\n<h4><strong>Momento hist\u00f3rico<\/strong><\/h4>\n<p><img loading=\"lazy\" decoding=\"async\" class=\"size-medium wp-image-37969 alignleft\" src=\"https:\/\/exaudi.wpengine.com\/wp-content\/uploads\/2021\/10\/248750135_1533553623645840_6976151795912233487_n-225x300.jpg\" alt=\"\" width=\"225\" height=\"300\" srcset=\"https:\/\/exaudi.org\/wp-content\/uploads\/2021\/10\/248750135_1533553623645840_6976151795912233487_n-225x300.jpg 225w, https:\/\/exaudi.org\/wp-content\/uploads\/2021\/10\/248750135_1533553623645840_6976151795912233487_n-150x200.jpg?crop=1 150w, https:\/\/exaudi.org\/wp-content\/uploads\/2021\/10\/248750135_1533553623645840_6976151795912233487_n-300x400.jpg?crop=1 300w, https:\/\/exaudi.org\/wp-content\/uploads\/2021\/10\/248750135_1533553623645840_6976151795912233487_n-696x928.jpg 696w, https:\/\/exaudi.org\/wp-content\/uploads\/2021\/10\/248750135_1533553623645840_6976151795912233487_n-315x420.jpg 315w, https:\/\/exaudi.org\/wp-content\/uploads\/2021\/10\/248750135_1533553623645840_6976151795912233487_n.jpg 720w\" sizes=\"auto, (max-width: 225px) 100vw, 225px\" \/>Asimismo, destaca \u201cla belleza de esta representaci\u00f3n iconogr\u00e1fica de la escultora Paula S\u00e1enz Soto, definitivamente ella ha sabido recoger y plasmar casi cuatro siglos de tradici\u00f3n y de la idiosincrasia nacional entorno a la imagen de nuestra Negrita de los \u00c1ngeles\u201d.\u00a0 Y cuenta que \u201ccuando supimos en la Conferencia Episcopal de Costa Rica de esta iniciativa, de manera inmediata nos pusimos en camino para que fuera una realidad, con la ayuda de Dios, de tantos fieles y personas de buena voluntad que contribuyeron generosamente para que as\u00ed fuera\u201d<\/p>\n<p>El presidente del Episcopado de Costa Rica explica tambi\u00e9n que \u201csaber que la imagen de la Virgen de los \u00c1ngeles estar\u00e1 en el coraz\u00f3n de la Iglesia, y muy cerca del Papa, es un hecho sobresaliente que tambi\u00e9n nos alegra profundamente como costarricenses\u201d. Se trata de \u201cun momento hist\u00f3rico, porque, desde hoy, la imagen de la Patrona de Costa Rica embellece tambi\u00e9n los jardines vaticanos junto a otras im\u00e1genes de advocaciones marianas de distintos pa\u00edses\u201d.<\/p>\n<h4><strong>Una bendici\u00f3n para Costa Rica<\/strong><\/h4>\n<p>Finalmente, Mons. Garita aporta un mensaje para los costarricenses: \u201cComo pueblo cat\u00f3lico, debemos seguir motiv\u00e1ndonos con este tipo de actos, pues son momentos muy importantes para retomar conciencia y afianzar nuestras ra\u00edces y tradiciones entorno al culto que tributamos a nuestra Madre y Patrona\u201d.<\/p>\n<p>\u201cEste d\u00eda, 26 de octubre del a\u00f1o del Se\u00f1or 2021, entra a formar parte de nuestra historia eclesi\u00e1stica, dado el profundo significado de este acto, por lo que agradecemos de coraz\u00f3n la entronizaci\u00f3n de esta imagen de nuestra patrona en estos Jardines Vaticanos, sin duda un honor, una gracia y una bendici\u00f3n para Costa Rica, signo de la comuni\u00f3n de la Iglesia que peregrina en nuestra naci\u00f3n con el Santo Padre y, a su vez, de la cercan\u00eda espiritual del Romano Pont\u00edfice con nuestra patria\u201d, concluye.<\/p>\n","protected":false},"excerpt":{"rendered":"<p>Ceremonia de entronizaci\u00f3n de la patrona del pa\u00f1is centroamericano<\/p>\n","protected":false},"author":5,"featured_media":37960,"comment_status":"open","ping_status":"open","sticky":false,"template":"","format":"standard","meta":{"_acf_changed":false,"_crdt_document":"","inline_featured_image":false,"footnotes":""},"categories":[298,132],"tags":[601,3044,272,4018],"class_list":["post-37952","post","type-post","status-publish","format-standard","has-post-thumbnail","hentry","category-ultimas-noticias","category-vaticano-es","tag-costa-rica","tag-jardines-vaticanos","tag-vaticano-es","tag-virgen-de-los-angeles"],"acf":[],"yoast_head":"<!-- This site is optimized with the Yoast SEO plugin v27.5 - https:\/\/yoast.com\/product\/yoast-seo-wordpress\/ -->\n<title>Costa Rica: La \u201cNegrita de los \u00c1ngeles\u201d en los Jardines Vaticanos &#8211; Exaudi<\/title>\n<meta name=\"description\" content=\"Ceremonia de Entronizaci\u00f3n de Nuestra Se\u00f1ora de los \u00c1ngeles, patrona de Costa Rica, en la V\u00eda de las V\u00edrgenes de los Jardines Vaticanos.\" \/>\n<meta name=\"robots\" content=\"index, follow, max-snippet:-1, max-image-preview:large, max-video-preview:-1\" \/>\n<link rel=\"canonical\" href=\"https:\/\/exaudi.org\/es\/costa-rica-la-negrita-de-los-angeles-en-los-jardines-vaticanos\/\" \/>\n<meta property=\"og:locale\" content=\"es_ES\" \/>\n<meta property=\"og:type\" content=\"article\" \/>\n<meta property=\"og:title\" content=\"Costa Rica: La \u201cNegrita de los \u00c1ngeles\u201d en los Jardines Vaticanos &#8211; Exaudi\" \/>\n<meta property=\"og:description\" content=\"Ceremonia de Entronizaci\u00f3n de Nuestra Se\u00f1ora de los \u00c1ngeles, patrona de Costa Rica, en la V\u00eda de las V\u00edrgenes de los Jardines Vaticanos.\" \/>\n<meta property=\"og:url\" content=\"https:\/\/exaudi.org\/es\/costa-rica-la-negrita-de-los-angeles-en-los-jardines-vaticanos\/\" \/>\n<meta property=\"og:site_name\" content=\"Exaudi\" \/>\n<meta property=\"article:publisher\" content=\"https:\/\/www.facebook.com\/ExaudiNews\" \/>\n<meta property=\"article:published_time\" content=\"2021-10-27T08:47:11+00:00\" \/>\n<meta property=\"article:modified_time\" content=\"2021-10-27T15:34:33+00:00\" \/>\n<meta property=\"og:image\" content=\"https:\/\/exaudi.org\/wp-content\/uploads\/2021\/10\/249235768_1533554163645786_6666055040428824841_n.jpg\" \/>\n\t<meta property=\"og:image:width\" content=\"960\" \/>\n\t<meta property=\"og:image:height\" content=\"720\" \/>\n\t<meta property=\"og:image:type\" content=\"image\/jpeg\" \/>\n<meta name=\"author\" content=\"Larissa I. L\u00f3pez\" \/>\n<meta name=\"twitter:card\" content=\"summary_large_image\" \/>\n<meta name=\"twitter:creator\" content=\"@Exaudi_News\" \/>\n<meta name=\"twitter:site\" content=\"@Exaudi_News\" \/>\n<meta name=\"twitter:label1\" content=\"Escrito por\" \/>\n\t<meta name=\"twitter:data1\" content=\"Larissa I. L\u00f3pez\" \/>\n\t<meta name=\"twitter:label2\" content=\"Tiempo de lectura\" \/>\n\t<meta name=\"twitter:data2\" content=\"4 minutos\" \/>\n<script type=\"application\/ld+json\" class=\"yoast-schema-graph\">{\"@context\":\"https:\\\/\\\/schema.org\",\"@graph\":[{\"@type\":\"Article\",\"@id\":\"https:\\\/\\\/exaudi.org\\\/es\\\/costa-rica-la-negrita-de-los-angeles-en-los-jardines-vaticanos\\\/#article\",\"isPartOf\":{\"@id\":\"https:\\\/\\\/exaudi.org\\\/es\\\/costa-rica-la-negrita-de-los-angeles-en-los-jardines-vaticanos\\\/\"},\"author\":{\"name\":\"Larissa I. L\u00f3pez\",\"@id\":\"https:\\\/\\\/exaudi.org\\\/#\\\/schema\\\/person\\\/7d2f77db033c2c0929edfab6dbe8c588\"},\"headline\":\"Costa Rica: La \u201cNegrita de los \u00c1ngeles\u201d en los Jardines Vaticanos\",\"datePublished\":\"2021-10-27T08:47:11+00:00\",\"dateModified\":\"2021-10-27T15:34:33+00:00\",\"mainEntityOfPage\":{\"@id\":\"https:\\\/\\\/exaudi.org\\\/es\\\/costa-rica-la-negrita-de-los-angeles-en-los-jardines-vaticanos\\\/\"},\"wordCount\":784,\"commentCount\":0,\"image\":{\"@id\":\"https:\\\/\\\/exaudi.org\\\/es\\\/costa-rica-la-negrita-de-los-angeles-en-los-jardines-vaticanos\\\/#primaryimage\"},\"thumbnailUrl\":\"https:\\\/\\\/exaudi.org\\\/wp-content\\\/uploads\\\/2021\\\/10\\\/249235768_1533554163645786_6666055040428824841_n.jpg\",\"keywords\":[\"Costa Rica\",\"Jardines Vaticanos\",\"Vaticano\",\"Virgen de los \u00c1ngeles\"],\"articleSection\":[\"\u00daltimas noticias\",\"Vaticano\"],\"inLanguage\":\"es\",\"potentialAction\":[{\"@type\":\"CommentAction\",\"name\":\"Comment\",\"target\":[\"https:\\\/\\\/exaudi.org\\\/es\\\/costa-rica-la-negrita-de-los-angeles-en-los-jardines-vaticanos\\\/#respond\"]}]},{\"@type\":\"WebPage\",\"@id\":\"https:\\\/\\\/exaudi.org\\\/es\\\/costa-rica-la-negrita-de-los-angeles-en-los-jardines-vaticanos\\\/\",\"url\":\"https:\\\/\\\/exaudi.org\\\/es\\\/costa-rica-la-negrita-de-los-angeles-en-los-jardines-vaticanos\\\/\",\"name\":\"Costa Rica: La \u201cNegrita de los \u00c1ngeles\u201d en los Jardines Vaticanos &#8211; Exaudi\",\"isPartOf\":{\"@id\":\"https:\\\/\\\/exaudi.org\\\/#website\"},\"primaryImageOfPage\":{\"@id\":\"https:\\\/\\\/exaudi.org\\\/es\\\/costa-rica-la-negrita-de-los-angeles-en-los-jardines-vaticanos\\\/#primaryimage\"},\"image\":{\"@id\":\"https:\\\/\\\/exaudi.org\\\/es\\\/costa-rica-la-negrita-de-los-angeles-en-los-jardines-vaticanos\\\/#primaryimage\"},\"thumbnailUrl\":\"https:\\\/\\\/exaudi.org\\\/wp-content\\\/uploads\\\/2021\\\/10\\\/249235768_1533554163645786_6666055040428824841_n.jpg\",\"datePublished\":\"2021-10-27T08:47:11+00:00\",\"dateModified\":\"2021-10-27T15:34:33+00:00\",\"author\":{\"@id\":\"https:\\\/\\\/exaudi.org\\\/#\\\/schema\\\/person\\\/7d2f77db033c2c0929edfab6dbe8c588\"},\"description\":\"Ceremonia de Entronizaci\u00f3n de Nuestra Se\u00f1ora de los \u00c1ngeles, patrona de Costa Rica, en la V\u00eda de las V\u00edrgenes de los Jardines Vaticanos.\",\"breadcrumb\":{\"@id\":\"https:\\\/\\\/exaudi.org\\\/es\\\/costa-rica-la-negrita-de-los-angeles-en-los-jardines-vaticanos\\\/#breadcrumb\"},\"inLanguage\":\"es\",\"potentialAction\":[{\"@type\":\"ReadAction\",\"target\":[\"https:\\\/\\\/exaudi.org\\\/es\\\/costa-rica-la-negrita-de-los-angeles-en-los-jardines-vaticanos\\\/\"]}]},{\"@type\":\"ImageObject\",\"inLanguage\":\"es\",\"@id\":\"https:\\\/\\\/exaudi.org\\\/es\\\/costa-rica-la-negrita-de-los-angeles-en-los-jardines-vaticanos\\\/#primaryimage\",\"url\":\"https:\\\/\\\/exaudi.org\\\/wp-content\\\/uploads\\\/2021\\\/10\\\/249235768_1533554163645786_6666055040428824841_n.jpg\",\"contentUrl\":\"https:\\\/\\\/exaudi.org\\\/wp-content\\\/uploads\\\/2021\\\/10\\\/249235768_1533554163645786_6666055040428824841_n.jpg\",\"width\":960,\"height\":720,\"caption\":\"Ceremonia de Entronizaci\u00f3n de Nuestra Se\u00f1ora de los \u00c1ngeles, patrona de Costa Rica en los Jardines Vaticanos \u00a9 Facebook. Conferencia Episcopal Costa Rica\"},{\"@type\":\"BreadcrumbList\",\"@id\":\"https:\\\/\\\/exaudi.org\\\/es\\\/costa-rica-la-negrita-de-los-angeles-en-los-jardines-vaticanos\\\/#breadcrumb\",\"itemListElement\":[{\"@type\":\"ListItem\",\"position\":1,\"name\":\"Portada\",\"item\":\"https:\\\/\\\/exaudi.org\\\/es\\\/\"},{\"@type\":\"ListItem\",\"position\":2,\"name\":\"Costa Rica: La \u201cNegrita de los \u00c1ngeles\u201d en los Jardines Vaticanos\"}]},{\"@type\":\"WebSite\",\"@id\":\"https:\\\/\\\/exaudi.org\\\/#website\",\"url\":\"https:\\\/\\\/exaudi.org\\\/\",\"name\":\"Exaudi\",\"description\":\"News\",\"potentialAction\":[{\"@type\":\"SearchAction\",\"target\":{\"@type\":\"EntryPoint\",\"urlTemplate\":\"https:\\\/\\\/exaudi.org\\\/?s={search_term_string}\"},\"query-input\":{\"@type\":\"PropertyValueSpecification\",\"valueRequired\":true,\"valueName\":\"search_term_string\"}}],\"inLanguage\":\"es\"},{\"@type\":\"Person\",\"@id\":\"https:\\\/\\\/exaudi.org\\\/#\\\/schema\\\/person\\\/7d2f77db033c2c0929edfab6dbe8c588\",\"name\":\"Larissa I. L\u00f3pez\",\"image\":{\"@type\":\"ImageObject\",\"inLanguage\":\"es\",\"@id\":\"https:\\\/\\\/secure.gravatar.com\\\/avatar\\\/db3ef399ff343d0bb9d25dc5198bc8ece5ac6d621eca79876697a354dabc1e3f?s=96&d=mm&r=g\",\"url\":\"https:\\\/\\\/secure.gravatar.com\\\/avatar\\\/db3ef399ff343d0bb9d25dc5198bc8ece5ac6d621eca79876697a354dabc1e3f?s=96&d=mm&r=g\",\"contentUrl\":\"https:\\\/\\\/secure.gravatar.com\\\/avatar\\\/db3ef399ff343d0bb9d25dc5198bc8ece5ac6d621eca79876697a354dabc1e3f?s=96&d=mm&r=g\",\"caption\":\"Larissa I. L\u00f3pez\"},\"description\":\"Doctora en Comunicaci\u00f3n. Mi trayectoria profesional ha transcurrido entre el \u00e1mbito de la comunicaci\u00f3n y el de la docencia. En los \u00faltimos a\u00f1os, he trabajado como coordinadora y redactora de la edici\u00f3n de ZENIT en espa\u00f1ol. Como profesora, he impartido clases en la universidad y en centros de FP y bachillerato. Cordobesa de nacimiento, tambi\u00e9n he vivido en Sevilla, Madrid y Roma\",\"url\":\"https:\\\/\\\/exaudi.org\\\/es\\\/author\\\/llopezexaudi-org\\\/\"}]}<\/script>\n<!-- \/ Yoast SEO plugin. -->","yoast_head_json":{"title":"Costa Rica: La \u201cNegrita de los \u00c1ngeles\u201d en los Jardines Vaticanos &#8211; Exaudi","description":"Ceremonia de Entronizaci\u00f3n de Nuestra Se\u00f1ora de los \u00c1ngeles, patrona de Costa Rica, en la V\u00eda de las V\u00edrgenes de los Jardines Vaticanos.","robots":{"index":"index","follow":"follow","max-snippet":"max-snippet:-1","max-image-preview":"max-image-preview:large","max-video-preview":"max-video-preview:-1"},"canonical":"https:\/\/exaudi.org\/es\/costa-rica-la-negrita-de-los-angeles-en-los-jardines-vaticanos\/","og_locale":"es_ES","og_type":"article","og_title":"Costa Rica: La \u201cNegrita de los \u00c1ngeles\u201d en los Jardines Vaticanos &#8211; Exaudi","og_description":"Ceremonia de Entronizaci\u00f3n de Nuestra Se\u00f1ora de los \u00c1ngeles, patrona de Costa Rica, en la V\u00eda de las V\u00edrgenes de los Jardines Vaticanos.","og_url":"https:\/\/exaudi.org\/es\/costa-rica-la-negrita-de-los-angeles-en-los-jardines-vaticanos\/","og_site_name":"Exaudi","article_publisher":"https:\/\/www.facebook.com\/ExaudiNews","article_published_time":"2021-10-27T08:47:11+00:00","article_modified_time":"2021-10-27T15:34:33+00:00","og_image":[{"width":960,"height":720,"url":"https:\/\/exaudi.org\/wp-content\/uploads\/2021\/10\/249235768_1533554163645786_6666055040428824841_n.jpg","type":"image\/jpeg"}],"author":"Larissa I. L\u00f3pez","twitter_card":"summary_large_image","twitter_creator":"@Exaudi_News","twitter_site":"@Exaudi_News","twitter_misc":{"Escrito por":"Larissa I. L\u00f3pez","Tiempo de lectura":"4 minutos"},"schema":{"@context":"https:\/\/schema.org","@graph":[{"@type":"Article","@id":"https:\/\/exaudi.org\/es\/costa-rica-la-negrita-de-los-angeles-en-los-jardines-vaticanos\/#article","isPartOf":{"@id":"https:\/\/exaudi.org\/es\/costa-rica-la-negrita-de-los-angeles-en-los-jardines-vaticanos\/"},"author":{"name":"Larissa I. L\u00f3pez","@id":"https:\/\/exaudi.org\/#\/schema\/person\/7d2f77db033c2c0929edfab6dbe8c588"},"headline":"Costa Rica: La \u201cNegrita de los \u00c1ngeles\u201d en los Jardines Vaticanos","datePublished":"2021-10-27T08:47:11+00:00","dateModified":"2021-10-27T15:34:33+00:00","mainEntityOfPage":{"@id":"https:\/\/exaudi.org\/es\/costa-rica-la-negrita-de-los-angeles-en-los-jardines-vaticanos\/"},"wordCount":784,"commentCount":0,"image":{"@id":"https:\/\/exaudi.org\/es\/costa-rica-la-negrita-de-los-angeles-en-los-jardines-vaticanos\/#primaryimage"},"thumbnailUrl":"https:\/\/exaudi.org\/wp-content\/uploads\/2021\/10\/249235768_1533554163645786_6666055040428824841_n.jpg","keywords":["Costa Rica","Jardines Vaticanos","Vaticano","Virgen de los \u00c1ngeles"],"articleSection":["\u00daltimas noticias","Vaticano"],"inLanguage":"es","potentialAction":[{"@type":"CommentAction","name":"Comment","target":["https:\/\/exaudi.org\/es\/costa-rica-la-negrita-de-los-angeles-en-los-jardines-vaticanos\/#respond"]}]},{"@type":"WebPage","@id":"https:\/\/exaudi.org\/es\/costa-rica-la-negrita-de-los-angeles-en-los-jardines-vaticanos\/","url":"https:\/\/exaudi.org\/es\/costa-rica-la-negrita-de-los-angeles-en-los-jardines-vaticanos\/","name":"Costa Rica: La \u201cNegrita de los \u00c1ngeles\u201d en los Jardines Vaticanos &#8211; Exaudi","isPartOf":{"@id":"https:\/\/exaudi.org\/#website"},"primaryImageOfPage":{"@id":"https:\/\/exaudi.org\/es\/costa-rica-la-negrita-de-los-angeles-en-los-jardines-vaticanos\/#primaryimage"},"image":{"@id":"https:\/\/exaudi.org\/es\/costa-rica-la-negrita-de-los-angeles-en-los-jardines-vaticanos\/#primaryimage"},"thumbnailUrl":"https:\/\/exaudi.org\/wp-content\/uploads\/2021\/10\/249235768_1533554163645786_6666055040428824841_n.jpg","datePublished":"2021-10-27T08:47:11+00:00","dateModified":"2021-10-27T15:34:33+00:00","author":{"@id":"https:\/\/exaudi.org\/#\/schema\/person\/7d2f77db033c2c0929edfab6dbe8c588"},"description":"Ceremonia de Entronizaci\u00f3n de Nuestra Se\u00f1ora de los \u00c1ngeles, patrona de Costa Rica, en la V\u00eda de las V\u00edrgenes de los Jardines Vaticanos.","breadcrumb":{"@id":"https:\/\/exaudi.org\/es\/costa-rica-la-negrita-de-los-angeles-en-los-jardines-vaticanos\/#breadcrumb"},"inLanguage":"es","potentialAction":[{"@type":"ReadAction","target":["https:\/\/exaudi.org\/es\/costa-rica-la-negrita-de-los-angeles-en-los-jardines-vaticanos\/"]}]},{"@type":"ImageObject","inLanguage":"es","@id":"https:\/\/exaudi.org\/es\/costa-rica-la-negrita-de-los-angeles-en-los-jardines-vaticanos\/#primaryimage","url":"https:\/\/exaudi.org\/wp-content\/uploads\/2021\/10\/249235768_1533554163645786_6666055040428824841_n.jpg","contentUrl":"https:\/\/exaudi.org\/wp-content\/uploads\/2021\/10\/249235768_1533554163645786_6666055040428824841_n.jpg","width":960,"height":720,"caption":"Ceremonia de Entronizaci\u00f3n de Nuestra Se\u00f1ora de los \u00c1ngeles, patrona de Costa Rica en los Jardines Vaticanos \u00a9 Facebook. Conferencia Episcopal Costa Rica"},{"@type":"BreadcrumbList","@id":"https:\/\/exaudi.org\/es\/costa-rica-la-negrita-de-los-angeles-en-los-jardines-vaticanos\/#breadcrumb","itemListElement":[{"@type":"ListItem","position":1,"name":"Portada","item":"https:\/\/exaudi.org\/es\/"},{"@type":"ListItem","position":2,"name":"Costa Rica: La \u201cNegrita de los \u00c1ngeles\u201d en los Jardines Vaticanos"}]},{"@type":"WebSite","@id":"https:\/\/exaudi.org\/#website","url":"https:\/\/exaudi.org\/","name":"Exaudi","description":"News","potentialAction":[{"@type":"SearchAction","target":{"@type":"EntryPoint","urlTemplate":"https:\/\/exaudi.org\/?s={search_term_string}"},"query-input":{"@type":"PropertyValueSpecification","valueRequired":true,"valueName":"search_term_string"}}],"inLanguage":"es"},{"@type":"Person","@id":"https:\/\/exaudi.org\/#\/schema\/person\/7d2f77db033c2c0929edfab6dbe8c588","name":"Larissa I. L\u00f3pez","image":{"@type":"ImageObject","inLanguage":"es","@id":"https:\/\/secure.gravatar.com\/avatar\/db3ef399ff343d0bb9d25dc5198bc8ece5ac6d621eca79876697a354dabc1e3f?s=96&d=mm&r=g","url":"https:\/\/secure.gravatar.com\/avatar\/db3ef399ff343d0bb9d25dc5198bc8ece5ac6d621eca79876697a354dabc1e3f?s=96&d=mm&r=g","contentUrl":"https:\/\/secure.gravatar.com\/avatar\/db3ef399ff343d0bb9d25dc5198bc8ece5ac6d621eca79876697a354dabc1e3f?s=96&d=mm&r=g","caption":"Larissa I. L\u00f3pez"},"description":"Doctora en Comunicaci\u00f3n. Mi trayectoria profesional ha transcurrido entre el \u00e1mbito de la comunicaci\u00f3n y el de la docencia. En los \u00faltimos a\u00f1os, he trabajado como coordinadora y redactora de la edici\u00f3n de ZENIT en espa\u00f1ol. Como profesora, he impartido clases en la universidad y en centros de FP y bachillerato. Cordobesa de nacimiento, tambi\u00e9n he vivido en Sevilla, Madrid y Roma","url":"https:\/\/exaudi.org\/es\/author\/llopezexaudi-org\/"}]}},"jetpack_featured_media_url":"https:\/\/exaudi.org\/wp-content\/uploads\/2021\/10\/249235768_1533554163645786_6666055040428824841_n.jpg","jetpack_shortlink":"https:\/\/wp.me\/pgKjF2-9S8","_links":{"self":[{"href":"https:\/\/exaudi.org\/es\/wp-json\/wp\/v2\/posts\/37952","targetHints":{"allow":["GET"]}}],"collection":[{"href":"https:\/\/exaudi.org\/es\/wp-json\/wp\/v2\/posts"}],"about":[{"href":"https:\/\/exaudi.org\/es\/wp-json\/wp\/v2\/types\/post"}],"author":[{"embeddable":true,"href":"https:\/\/exaudi.org\/es\/wp-json\/wp\/v2\/users\/5"}],"replies":[{"embeddable":true,"href":"https:\/\/exaudi.org\/es\/wp-json\/wp\/v2\/comments?post=37952"}],"version-history":[{"count":0,"href":"https:\/\/exaudi.org\/es\/wp-json\/wp\/v2\/posts\/37952\/revisions"}],"wp:featuredmedia":[{"embeddable":true,"href":"https:\/\/exaudi.org\/es\/wp-json\/wp\/v2\/media\/37960"}],"wp:attachment":[{"href":"https:\/\/exaudi.org\/es\/wp-json\/wp\/v2\/media?parent=37952"}],"wp:term":[{"taxonomy":"category","embeddable":true,"href":"https:\/\/exaudi.org\/es\/wp-json\/wp\/v2\/categories?post=37952"},{"taxonomy":"post_tag","embeddable":true,"href":"https:\/\/exaudi.org\/es\/wp-json\/wp\/v2\/tags?post=37952"}],"curies":[{"name":"wp","href":"https:\/\/api.w.org\/{rel}","templated":true}]}}