{"id":37945,"date":"2021-10-27T10:06:24","date_gmt":"2021-10-27T08:06:24","guid":{"rendered":"https:\/\/exaudi.wpengine.com\/?p=37945"},"modified":"2021-10-27T14:30:06","modified_gmt":"2021-10-27T12:30:06","slug":"cardenal-arizmendi-otro-pais-con-dios","status":"publish","type":"post","link":"https:\/\/exaudi.org\/es\/cardenal-arizmendi-otro-pais-con-dios\/","title":{"rendered":"Cardenal Arizmendi: Otro pa\u00eds, con Dios"},"content":{"rendered":"<p>El\u00a0<a href=\"https:\/\/exaudi.wpengine.com\/es\/author\/felipearizmendi\/\" target=\"_blank\" rel=\"noopener\">cardenal Felipe Arizmendi Esquivel<\/a>, obispo em\u00e9rito de San Crist\u00f3bal de Las Casas y responsable de la Doctrina de la Fe en la\u00a0<a href=\"https:\/\/www.cem.org.mx\/\" target=\"_blank\" rel=\"noopener\">Conferencia del Episcopado Mexicano (CEM)<\/a>, ofrece a los lectores de Exaudi su art\u00edculo semanal titulado \u201cOtro pa\u00eds, con Dios\u201d.<\/p>\n<p>***<\/p>\n<h4><strong>Ver<\/strong><\/h4>\n<p>Hay quienes alegan mucho que somos un pa\u00eds (M\u00e9xico, ndr) con un Estado laico y que, por tanto, Dios nada tiene que ver en nuestras realidades sociales, pol\u00edticas, educativas, culturales, econ\u00f3micas, deportivas, comunicacionales, etc. Quisieran que todo lo religioso se quedara encerrado en las sacrist\u00edas y en los templos. Que, por ejemplo, en el caso del aborto y la eutanasia, la fe cristiana no interfiriera con lo que decidan las mujeres y las autoridades civiles, como si Dios no existiera, con frases como \u201csaquen sus rosarios de nuestros ovarios\u201d \u2026 \u00a1No han descubierto a Dios! \u00a1No conocen a Jesucristo! Si lo conocieran en verdad, otras ser\u00edan sus actitudes. Nuestro Dios quiere el bien y la felicidad de todos, y para ello nos ense\u00f1a un camino, pero nos hizo libres; no nos coacciona. Es muy triste que legisladores que se dicen creyentes no tomen en cuenta los mandamientos de Dios, sino s\u00f3lo sus propios intereses partidistas o las consignas del alto poder. En un pa\u00eds mayoritariamente creyente, parece que Dios est\u00e1 ausente en la vida p\u00fablica oficial. Quisieran eliminar su nombre hasta del himno nacional.<\/p>\n<p>Por otro lado, contrasta que muchos narcotraficantes, extorsionadores, ladrones, asesinos, secuestradores, lenones, corruptos, etc., se consideren creyentes en Dios y devotos de la Virgen Mar\u00eda y de los Santos. Algunos traen un escapulario, una medalla o una cruz, e incluso piden sacramentos para sus hijos; sin embargo, sus comportamientos son totalmente contrarios a la verdadera fe. Como el caso del jefe de una banda de estafadores que, dizque muy devoto de la Virgen, cuando entra al templo a rezarle, dos de sus pistoleros est\u00e1n a la puerta, con armas largas, para que nadie lo interrumpa, y otros dos a la entrada del atrio. \u00bfQu\u00e9 sentido tiene su religiosidad? \u00bfEs v\u00e1lida esta forma de vivir su fe? Si adherirse a Dios implica guardar sus mandamientos, que se centran en el amor a El y a los pr\u00f3jimos, y ese l\u00edder se dedica a perjudicar a medio mundo, su pr\u00e1ctica religiosa no es la que a Dios le agrada, ni es ben\u00e9fica para la sociedad. Quien de veras cree en Dios, se esfuerza por darle a \u00c9l su lugar y hace el bien a los dem\u00e1s, nunca el mal.<\/p>\n<p>Aunque, seg\u00fan el censo 2020, en nuestro pa\u00eds a\u00fan somos mayor\u00eda los que nos consideramos seguidores de Jes\u00fas, entre cat\u00f3licos y protestantes, sin embargo, crece el n\u00famero de quienes se declaran creyentes que van por la libre, sin adscripci\u00f3n a una determinada confesi\u00f3n. Lo m\u00e1s preocupante es que aumentan los que se dicen sin religi\u00f3n. Algunos, porque est\u00e1n decepcionados de nuestras iglesias. Otros, porque no tuvieron unos padres que les ofrecieran la luz del Evangelio. Y a muchos les es m\u00e1s c\u00f3modo y f\u00e1cil sentirse dioses, ser ellos el criterio \u00faltimo y definitivo de sus decisiones y actitudes; hacen a un lado a sus padres, a las autoridades, a los maestros y la experiencia de la historia. Entre ellos, hay gente buena y constructiva, porque su conciencia les orienta hacia el bien, y eso es signo oculto de que son hijos de Dios, que es amor, aunque no lo reconozcan. Si nos unimos todos, creyentes y no creyentes de buen coraz\u00f3n, hay esperanza de que nuestra patria mejore.<\/p>\n<h4><strong>\u00a0<\/strong><strong>Pensar<\/strong><\/h4>\n<p>El Papa Francisco, en su enc\u00edclica <em>Fratelli tutti, <\/em>dice: \u201cSo\u00f1emos como una \u00fanica humanidad, como caminantes de la misma carne humana, como hijos de esta misma tierra que nos cobija a todos, cada uno con la riqueza de su fe o de sus convicciones, cada uno con su propia voz, todos hermanos\u201d (8).<\/p>\n<p>\u201cDesde nuestra experiencia de fe y desde la sabidur\u00eda que ha ido amas\u00e1ndose a lo largo de los siglos, aprendiendo tambi\u00e9n de nuestras muchas debilidades y ca\u00eddas, los creyentes de las distintas religiones sabemos que hacer presente a Dios es un bien para nuestras sociedades. Buscar a Dios con coraz\u00f3n sincero, siempre que no lo empa\u00f1emos con nuestros intereses ideol\u00f3gicos o instrumentales, nos ayuda a reconocernos compa\u00f1eros de camino, verdaderamente hermanos. Creemos que cuando, en nombre de una ideolog\u00eda, se quiere expulsar a Dios de la sociedad, se acaba por adorar \u00eddolos, y enseguida el hombre se pierde, su dignidad es pisoteada, sus derechos violados\u201d (274).<\/p>\n<p>\u201cCabe reconocer que entre las causas m\u00e1s importantes de la crisis del mundo moderno est\u00e1n una conciencia humana anestesiada y un alejamiento de los valores religiosos, adem\u00e1s del predominio del individualismo y de las filosof\u00edas materialistas que divinizan al hombre y ponen los valores mundanos y materiales en el lugar de los principios supremos y trascendentes. Los textos religiosos cl\u00e1sicos pueden ofrecer un significado para todas las \u00e9pocas, tienen una fuerza motivadora, pero de hecho son despreciados por la cortedad de vista de los racionalismos\u201d (275).<\/p>\n<p>\u201cQueremos ser una Iglesia que sirve, que sale de casa, que sale de sus templos, que sale de sus sacrist\u00edas, para acompa\u00f1ar la vida, sostener la esperanza, ser signo de unidad para tender puentes, romper muros, sembrar reconciliaci\u00f3n\u201d (276).<\/p>\n<p>El Papa advierte, sin embargo, que \u201cel hecho de creer en Dios y de adorarlo no garantiza vivir como a Dios le agrada. Una persona de fe puede no ser fiel a todo lo que esa misma fe le reclama, y sin embargo puede sentirse cerca de Dios y creerse con m\u00e1s dignidad que los dem\u00e1s. Pero hay maneras de vivir la fe que facilitan la apertura del coraz\u00f3n a los hermanos, y esa ser\u00e1 la garant\u00eda de una aut\u00e9ntica apertura a Dios.\u00a0A veces, quienes dicen no creer, pueden vivir la voluntad de Dios mejor que los creyentes\u201d (74).<\/p>\n<h4><strong>Actuar<\/strong><\/h4>\n<p>Los creyentes en Dios, esforc\u00e9monos por ser obedientes a sus mandatos, y, por tanto, respetuosos de los dem\u00e1s, preocupados solidariamente por quienes sufren, comprometidos en que nuestra patria camine por sendas de justicia y de paz, de progreso y bienestar para todos. Evitemos cuanto les cause alg\u00fan mal y llevemos la delantera en ser buenos ciudadanos, hermanos de todos.<\/p>\n<p>&nbsp;<\/p>\n","protected":false},"excerpt":{"rendered":"<p>Los creyentes llevemos la delantera en ser buenos ciudadanos, hermanos de todos<\/p>\n","protected":false},"author":24,"featured_media":37946,"comment_status":"open","ping_status":"open","sticky":false,"template":"","format":"standard","meta":{"_acf_changed":false,"_crdt_document":"","inline_featured_image":false,"footnotes":""},"categories":[2158,298,130],"tags":[3727,3241,415],"class_list":["post-37945","post","type-post","status-publish","format-standard","has-post-thumbnail","hentry","category-top-ultimas-noticias","category-ultimas-noticias","category-voces","tag-cardenal-felipe-arizmendi","tag-dios","tag-mexico"],"acf":[],"yoast_head":"<!-- This site is optimized with the Yoast SEO plugin v27.5 - https:\/\/yoast.com\/product\/yoast-seo-wordpress\/ -->\n<title>Cardenal Arizmendi: Otro pa\u00eds, con Dios &#8211; Exaudi<\/title>\n<meta name=\"description\" content=\"El\u00a0cardenal Arizmendi, obispo em\u00e9rito de San Crist\u00f3bal de Las Casas, ofrece su art\u00edculo semanal titulado \u201cOtro pa\u00eds, con Dios\u201d\" \/>\n<meta name=\"robots\" content=\"index, follow, max-snippet:-1, max-image-preview:large, max-video-preview:-1\" \/>\n<link rel=\"canonical\" href=\"https:\/\/exaudi.org\/es\/cardenal-arizmendi-otro-pais-con-dios\/\" \/>\n<meta property=\"og:locale\" content=\"es_ES\" \/>\n<meta property=\"og:type\" content=\"article\" \/>\n<meta property=\"og:title\" content=\"Cardenal Arizmendi: Otro pa\u00eds, con Dios &#8211; Exaudi\" \/>\n<meta property=\"og:description\" content=\"El\u00a0cardenal Arizmendi, obispo em\u00e9rito de San Crist\u00f3bal de Las Casas, ofrece su art\u00edculo semanal titulado \u201cOtro pa\u00eds, con Dios\u201d\" \/>\n<meta property=\"og:url\" content=\"https:\/\/exaudi.org\/es\/cardenal-arizmendi-otro-pais-con-dios\/\" \/>\n<meta property=\"og:site_name\" content=\"Exaudi\" \/>\n<meta property=\"article:publisher\" content=\"https:\/\/www.facebook.com\/ExaudiNews\" \/>\n<meta property=\"article:published_time\" content=\"2021-10-27T08:06:24+00:00\" \/>\n<meta property=\"article:modified_time\" content=\"2021-10-27T12:30:06+00:00\" \/>\n<meta property=\"og:image\" content=\"https:\/\/exaudi.org\/wp-content\/uploads\/2021\/10\/Paisaje-Cathopic.-Dinax-scaled.jpg\" \/>\n\t<meta property=\"og:image:width\" content=\"2560\" \/>\n\t<meta property=\"og:image:height\" content=\"2141\" \/>\n\t<meta property=\"og:image:type\" content=\"image\/jpeg\" \/>\n<meta name=\"author\" content=\"Cardenal Felipe Arizmendi\" \/>\n<meta name=\"twitter:card\" content=\"summary_large_image\" \/>\n<meta name=\"twitter:creator\" content=\"@Exaudi_News\" \/>\n<meta name=\"twitter:site\" content=\"@Exaudi_News\" \/>\n<meta name=\"twitter:label1\" content=\"Escrito por\" \/>\n\t<meta name=\"twitter:data1\" content=\"Cardenal Felipe Arizmendi\" \/>\n\t<meta name=\"twitter:label2\" content=\"Tiempo de lectura\" \/>\n\t<meta name=\"twitter:data2\" content=\"5 minutos\" \/>\n<script type=\"application\/ld+json\" class=\"yoast-schema-graph\">{\"@context\":\"https:\\\/\\\/schema.org\",\"@graph\":[{\"@type\":\"Article\",\"@id\":\"https:\\\/\\\/exaudi.org\\\/es\\\/cardenal-arizmendi-otro-pais-con-dios\\\/#article\",\"isPartOf\":{\"@id\":\"https:\\\/\\\/exaudi.org\\\/es\\\/cardenal-arizmendi-otro-pais-con-dios\\\/\"},\"author\":{\"name\":\"Cardenal Felipe Arizmendi\",\"@id\":\"https:\\\/\\\/exaudi.org\\\/#\\\/schema\\\/person\\\/c7d223f87e58f1105d044d8da1439102\"},\"headline\":\"Cardenal Arizmendi: Otro pa\u00eds, con Dios\",\"datePublished\":\"2021-10-27T08:06:24+00:00\",\"dateModified\":\"2021-10-27T12:30:06+00:00\",\"mainEntityOfPage\":{\"@id\":\"https:\\\/\\\/exaudi.org\\\/es\\\/cardenal-arizmendi-otro-pais-con-dios\\\/\"},\"wordCount\":1093,\"commentCount\":0,\"image\":{\"@id\":\"https:\\\/\\\/exaudi.org\\\/es\\\/cardenal-arizmendi-otro-pais-con-dios\\\/#primaryimage\"},\"thumbnailUrl\":\"https:\\\/\\\/exaudi.org\\\/wp-content\\\/uploads\\\/2021\\\/10\\\/Paisaje-Cathopic.-Dinax-scaled.jpg\",\"keywords\":[\"Cardenal Felipe Arizmendi\",\"Dios\",\"M\u00e9xico\"],\"articleSection\":[\"Top Ultimas Noticias\",\"\u00daltimas noticias\",\"Voces\"],\"inLanguage\":\"es\",\"potentialAction\":[{\"@type\":\"CommentAction\",\"name\":\"Comment\",\"target\":[\"https:\\\/\\\/exaudi.org\\\/es\\\/cardenal-arizmendi-otro-pais-con-dios\\\/#respond\"]}]},{\"@type\":\"WebPage\",\"@id\":\"https:\\\/\\\/exaudi.org\\\/es\\\/cardenal-arizmendi-otro-pais-con-dios\\\/\",\"url\":\"https:\\\/\\\/exaudi.org\\\/es\\\/cardenal-arizmendi-otro-pais-con-dios\\\/\",\"name\":\"Cardenal Arizmendi: Otro pa\u00eds, con Dios &#8211; Exaudi\",\"isPartOf\":{\"@id\":\"https:\\\/\\\/exaudi.org\\\/#website\"},\"primaryImageOfPage\":{\"@id\":\"https:\\\/\\\/exaudi.org\\\/es\\\/cardenal-arizmendi-otro-pais-con-dios\\\/#primaryimage\"},\"image\":{\"@id\":\"https:\\\/\\\/exaudi.org\\\/es\\\/cardenal-arizmendi-otro-pais-con-dios\\\/#primaryimage\"},\"thumbnailUrl\":\"https:\\\/\\\/exaudi.org\\\/wp-content\\\/uploads\\\/2021\\\/10\\\/Paisaje-Cathopic.-Dinax-scaled.jpg\",\"datePublished\":\"2021-10-27T08:06:24+00:00\",\"dateModified\":\"2021-10-27T12:30:06+00:00\",\"author\":{\"@id\":\"https:\\\/\\\/exaudi.org\\\/#\\\/schema\\\/person\\\/c7d223f87e58f1105d044d8da1439102\"},\"description\":\"El\u00a0cardenal Arizmendi, obispo em\u00e9rito de San Crist\u00f3bal de Las Casas, ofrece su art\u00edculo semanal titulado \u201cOtro pa\u00eds, con Dios\u201d\",\"breadcrumb\":{\"@id\":\"https:\\\/\\\/exaudi.org\\\/es\\\/cardenal-arizmendi-otro-pais-con-dios\\\/#breadcrumb\"},\"inLanguage\":\"es\",\"potentialAction\":[{\"@type\":\"ReadAction\",\"target\":[\"https:\\\/\\\/exaudi.org\\\/es\\\/cardenal-arizmendi-otro-pais-con-dios\\\/\"]}]},{\"@type\":\"ImageObject\",\"inLanguage\":\"es\",\"@id\":\"https:\\\/\\\/exaudi.org\\\/es\\\/cardenal-arizmendi-otro-pais-con-dios\\\/#primaryimage\",\"url\":\"https:\\\/\\\/exaudi.org\\\/wp-content\\\/uploads\\\/2021\\\/10\\\/Paisaje-Cathopic.-Dinax-scaled.jpg\",\"contentUrl\":\"https:\\\/\\\/exaudi.org\\\/wp-content\\\/uploads\\\/2021\\\/10\\\/Paisaje-Cathopic.-Dinax-scaled.jpg\",\"width\":2560,\"height\":2141,\"caption\":\"Paisaje \u00a9 Cathopic. Dinax\"},{\"@type\":\"BreadcrumbList\",\"@id\":\"https:\\\/\\\/exaudi.org\\\/es\\\/cardenal-arizmendi-otro-pais-con-dios\\\/#breadcrumb\",\"itemListElement\":[{\"@type\":\"ListItem\",\"position\":1,\"name\":\"Portada\",\"item\":\"https:\\\/\\\/exaudi.org\\\/es\\\/\"},{\"@type\":\"ListItem\",\"position\":2,\"name\":\"Cardenal Arizmendi: Otro pa\u00eds, con Dios\"}]},{\"@type\":\"WebSite\",\"@id\":\"https:\\\/\\\/exaudi.org\\\/#website\",\"url\":\"https:\\\/\\\/exaudi.org\\\/\",\"name\":\"Exaudi\",\"description\":\"News\",\"potentialAction\":[{\"@type\":\"SearchAction\",\"target\":{\"@type\":\"EntryPoint\",\"urlTemplate\":\"https:\\\/\\\/exaudi.org\\\/?s={search_term_string}\"},\"query-input\":{\"@type\":\"PropertyValueSpecification\",\"valueRequired\":true,\"valueName\":\"search_term_string\"}}],\"inLanguage\":\"es\"},{\"@type\":\"Person\",\"@id\":\"https:\\\/\\\/exaudi.org\\\/#\\\/schema\\\/person\\\/c7d223f87e58f1105d044d8da1439102\",\"name\":\"Cardenal Felipe Arizmendi\",\"image\":{\"@type\":\"ImageObject\",\"inLanguage\":\"es\",\"@id\":\"https:\\\/\\\/secure.gravatar.com\\\/avatar\\\/4ffc5520d896b86d39346168903de33a17ef0f23d16de0ff45062c1ff422ed2f?s=96&d=mm&r=g\",\"url\":\"https:\\\/\\\/secure.gravatar.com\\\/avatar\\\/4ffc5520d896b86d39346168903de33a17ef0f23d16de0ff45062c1ff422ed2f?s=96&d=mm&r=g\",\"contentUrl\":\"https:\\\/\\\/secure.gravatar.com\\\/avatar\\\/4ffc5520d896b86d39346168903de33a17ef0f23d16de0ff45062c1ff422ed2f?s=96&d=mm&r=g\",\"caption\":\"Cardenal Felipe Arizmendi\"},\"description\":\"Nacido en Chiltepec el 1 de mayo de 1940. Estudi\u00f3 Humanidades y Filosof\u00eda en el Seminario de Toluca, de 1952 a 1959. Curs\u00f3 la Teolog\u00eda en la Universidad Pontificia de Salamanca, Espa\u00f1a, de 1959 a 1963, obteniendo la licenciatura en Teolog\u00eda Dogm\u00e1tica. Por su cuenta, se especializ\u00f3 en Liturgia. Fue ordenado sacerdote el 25 de agosto de 1963 en Toluca. Sirvi\u00f3 como Vicario Parroquial en tres parroquias por tres a\u00f1os y medio y fue p\u00e1rroco de una comunidad ind\u00edgena otom\u00ed, de 1967 a 1970. Fue Director Espiritual del Seminario de Toluca por diez a\u00f1os, y Rector del mismo de 1981 a 1991. El 7 de marzo de 1991, fue ordenado obispo de la di\u00f3cesis de Tapachula, donde estuvo hasta el 30 de abril del a\u00f1o 2000. El 1 de mayo del 2000, inici\u00f3 su ministerio episcopal como XLVI obispo de la di\u00f3cesis de San Crist\u00f3bal de las Casas, Chiapas, una de las di\u00f3cesis m\u00e1s antiguas de M\u00e9xico, erigida en 1539; all\u00ed sirvi\u00f3 por casi 18 a\u00f1os. Ha ocupado diversos cargos en la Conferencia del Episcopado Mexicano y en el CELAM. El 3 de noviembre de 2017, el Papa Francisco le acept\u00f3, por edad, su renuncia al servicio episcopal en esta di\u00f3cesis, que entreg\u00f3 a su sucesor el 3 de enero de 2018. Desde entonces, reside en la ciudad de Toluca. Desde 1979, escribe art\u00edculos de actualidad en varios medios religiosos y civiles. Es autor de varias publicaciones.\",\"url\":\"https:\\\/\\\/exaudi.org\\\/es\\\/author\\\/felipearizmendi\\\/\"}]}<\/script>\n<!-- \/ Yoast SEO plugin. -->","yoast_head_json":{"title":"Cardenal Arizmendi: Otro pa\u00eds, con Dios &#8211; Exaudi","description":"El\u00a0cardenal Arizmendi, obispo em\u00e9rito de San Crist\u00f3bal de Las Casas, ofrece su art\u00edculo semanal titulado \u201cOtro pa\u00eds, con Dios\u201d","robots":{"index":"index","follow":"follow","max-snippet":"max-snippet:-1","max-image-preview":"max-image-preview:large","max-video-preview":"max-video-preview:-1"},"canonical":"https:\/\/exaudi.org\/es\/cardenal-arizmendi-otro-pais-con-dios\/","og_locale":"es_ES","og_type":"article","og_title":"Cardenal Arizmendi: Otro pa\u00eds, con Dios &#8211; Exaudi","og_description":"El\u00a0cardenal Arizmendi, obispo em\u00e9rito de San Crist\u00f3bal de Las Casas, ofrece su art\u00edculo semanal titulado \u201cOtro pa\u00eds, con Dios\u201d","og_url":"https:\/\/exaudi.org\/es\/cardenal-arizmendi-otro-pais-con-dios\/","og_site_name":"Exaudi","article_publisher":"https:\/\/www.facebook.com\/ExaudiNews","article_published_time":"2021-10-27T08:06:24+00:00","article_modified_time":"2021-10-27T12:30:06+00:00","og_image":[{"width":2560,"height":2141,"url":"https:\/\/exaudi.org\/wp-content\/uploads\/2021\/10\/Paisaje-Cathopic.-Dinax-scaled.jpg","type":"image\/jpeg"}],"author":"Cardenal Felipe Arizmendi","twitter_card":"summary_large_image","twitter_creator":"@Exaudi_News","twitter_site":"@Exaudi_News","twitter_misc":{"Escrito por":"Cardenal Felipe Arizmendi","Tiempo de lectura":"5 minutos"},"schema":{"@context":"https:\/\/schema.org","@graph":[{"@type":"Article","@id":"https:\/\/exaudi.org\/es\/cardenal-arizmendi-otro-pais-con-dios\/#article","isPartOf":{"@id":"https:\/\/exaudi.org\/es\/cardenal-arizmendi-otro-pais-con-dios\/"},"author":{"name":"Cardenal Felipe Arizmendi","@id":"https:\/\/exaudi.org\/#\/schema\/person\/c7d223f87e58f1105d044d8da1439102"},"headline":"Cardenal Arizmendi: Otro pa\u00eds, con Dios","datePublished":"2021-10-27T08:06:24+00:00","dateModified":"2021-10-27T12:30:06+00:00","mainEntityOfPage":{"@id":"https:\/\/exaudi.org\/es\/cardenal-arizmendi-otro-pais-con-dios\/"},"wordCount":1093,"commentCount":0,"image":{"@id":"https:\/\/exaudi.org\/es\/cardenal-arizmendi-otro-pais-con-dios\/#primaryimage"},"thumbnailUrl":"https:\/\/exaudi.org\/wp-content\/uploads\/2021\/10\/Paisaje-Cathopic.-Dinax-scaled.jpg","keywords":["Cardenal Felipe Arizmendi","Dios","M\u00e9xico"],"articleSection":["Top Ultimas Noticias","\u00daltimas noticias","Voces"],"inLanguage":"es","potentialAction":[{"@type":"CommentAction","name":"Comment","target":["https:\/\/exaudi.org\/es\/cardenal-arizmendi-otro-pais-con-dios\/#respond"]}]},{"@type":"WebPage","@id":"https:\/\/exaudi.org\/es\/cardenal-arizmendi-otro-pais-con-dios\/","url":"https:\/\/exaudi.org\/es\/cardenal-arizmendi-otro-pais-con-dios\/","name":"Cardenal Arizmendi: Otro pa\u00eds, con Dios &#8211; Exaudi","isPartOf":{"@id":"https:\/\/exaudi.org\/#website"},"primaryImageOfPage":{"@id":"https:\/\/exaudi.org\/es\/cardenal-arizmendi-otro-pais-con-dios\/#primaryimage"},"image":{"@id":"https:\/\/exaudi.org\/es\/cardenal-arizmendi-otro-pais-con-dios\/#primaryimage"},"thumbnailUrl":"https:\/\/exaudi.org\/wp-content\/uploads\/2021\/10\/Paisaje-Cathopic.-Dinax-scaled.jpg","datePublished":"2021-10-27T08:06:24+00:00","dateModified":"2021-10-27T12:30:06+00:00","author":{"@id":"https:\/\/exaudi.org\/#\/schema\/person\/c7d223f87e58f1105d044d8da1439102"},"description":"El\u00a0cardenal Arizmendi, obispo em\u00e9rito de San Crist\u00f3bal de Las Casas, ofrece su art\u00edculo semanal titulado \u201cOtro pa\u00eds, con Dios\u201d","breadcrumb":{"@id":"https:\/\/exaudi.org\/es\/cardenal-arizmendi-otro-pais-con-dios\/#breadcrumb"},"inLanguage":"es","potentialAction":[{"@type":"ReadAction","target":["https:\/\/exaudi.org\/es\/cardenal-arizmendi-otro-pais-con-dios\/"]}]},{"@type":"ImageObject","inLanguage":"es","@id":"https:\/\/exaudi.org\/es\/cardenal-arizmendi-otro-pais-con-dios\/#primaryimage","url":"https:\/\/exaudi.org\/wp-content\/uploads\/2021\/10\/Paisaje-Cathopic.-Dinax-scaled.jpg","contentUrl":"https:\/\/exaudi.org\/wp-content\/uploads\/2021\/10\/Paisaje-Cathopic.-Dinax-scaled.jpg","width":2560,"height":2141,"caption":"Paisaje \u00a9 Cathopic. Dinax"},{"@type":"BreadcrumbList","@id":"https:\/\/exaudi.org\/es\/cardenal-arizmendi-otro-pais-con-dios\/#breadcrumb","itemListElement":[{"@type":"ListItem","position":1,"name":"Portada","item":"https:\/\/exaudi.org\/es\/"},{"@type":"ListItem","position":2,"name":"Cardenal Arizmendi: Otro pa\u00eds, con Dios"}]},{"@type":"WebSite","@id":"https:\/\/exaudi.org\/#website","url":"https:\/\/exaudi.org\/","name":"Exaudi","description":"News","potentialAction":[{"@type":"SearchAction","target":{"@type":"EntryPoint","urlTemplate":"https:\/\/exaudi.org\/?s={search_term_string}"},"query-input":{"@type":"PropertyValueSpecification","valueRequired":true,"valueName":"search_term_string"}}],"inLanguage":"es"},{"@type":"Person","@id":"https:\/\/exaudi.org\/#\/schema\/person\/c7d223f87e58f1105d044d8da1439102","name":"Cardenal Felipe Arizmendi","image":{"@type":"ImageObject","inLanguage":"es","@id":"https:\/\/secure.gravatar.com\/avatar\/4ffc5520d896b86d39346168903de33a17ef0f23d16de0ff45062c1ff422ed2f?s=96&d=mm&r=g","url":"https:\/\/secure.gravatar.com\/avatar\/4ffc5520d896b86d39346168903de33a17ef0f23d16de0ff45062c1ff422ed2f?s=96&d=mm&r=g","contentUrl":"https:\/\/secure.gravatar.com\/avatar\/4ffc5520d896b86d39346168903de33a17ef0f23d16de0ff45062c1ff422ed2f?s=96&d=mm&r=g","caption":"Cardenal Felipe Arizmendi"},"description":"Nacido en Chiltepec el 1 de mayo de 1940. Estudi\u00f3 Humanidades y Filosof\u00eda en el Seminario de Toluca, de 1952 a 1959. Curs\u00f3 la Teolog\u00eda en la Universidad Pontificia de Salamanca, Espa\u00f1a, de 1959 a 1963, obteniendo la licenciatura en Teolog\u00eda Dogm\u00e1tica. Por su cuenta, se especializ\u00f3 en Liturgia. Fue ordenado sacerdote el 25 de agosto de 1963 en Toluca. Sirvi\u00f3 como Vicario Parroquial en tres parroquias por tres a\u00f1os y medio y fue p\u00e1rroco de una comunidad ind\u00edgena otom\u00ed, de 1967 a 1970. Fue Director Espiritual del Seminario de Toluca por diez a\u00f1os, y Rector del mismo de 1981 a 1991. El 7 de marzo de 1991, fue ordenado obispo de la di\u00f3cesis de Tapachula, donde estuvo hasta el 30 de abril del a\u00f1o 2000. El 1 de mayo del 2000, inici\u00f3 su ministerio episcopal como XLVI obispo de la di\u00f3cesis de San Crist\u00f3bal de las Casas, Chiapas, una de las di\u00f3cesis m\u00e1s antiguas de M\u00e9xico, erigida en 1539; all\u00ed sirvi\u00f3 por casi 18 a\u00f1os. Ha ocupado diversos cargos en la Conferencia del Episcopado Mexicano y en el CELAM. El 3 de noviembre de 2017, el Papa Francisco le acept\u00f3, por edad, su renuncia al servicio episcopal en esta di\u00f3cesis, que entreg\u00f3 a su sucesor el 3 de enero de 2018. Desde entonces, reside en la ciudad de Toluca. Desde 1979, escribe art\u00edculos de actualidad en varios medios religiosos y civiles. Es autor de varias publicaciones.","url":"https:\/\/exaudi.org\/es\/author\/felipearizmendi\/"}]}},"jetpack_featured_media_url":"https:\/\/exaudi.org\/wp-content\/uploads\/2021\/10\/Paisaje-Cathopic.-Dinax-scaled.jpg","jetpack_shortlink":"https:\/\/wp.me\/pgKjF2-9S1","_links":{"self":[{"href":"https:\/\/exaudi.org\/es\/wp-json\/wp\/v2\/posts\/37945","targetHints":{"allow":["GET"]}}],"collection":[{"href":"https:\/\/exaudi.org\/es\/wp-json\/wp\/v2\/posts"}],"about":[{"href":"https:\/\/exaudi.org\/es\/wp-json\/wp\/v2\/types\/post"}],"author":[{"embeddable":true,"href":"https:\/\/exaudi.org\/es\/wp-json\/wp\/v2\/users\/24"}],"replies":[{"embeddable":true,"href":"https:\/\/exaudi.org\/es\/wp-json\/wp\/v2\/comments?post=37945"}],"version-history":[{"count":0,"href":"https:\/\/exaudi.org\/es\/wp-json\/wp\/v2\/posts\/37945\/revisions"}],"wp:featuredmedia":[{"embeddable":true,"href":"https:\/\/exaudi.org\/es\/wp-json\/wp\/v2\/media\/37946"}],"wp:attachment":[{"href":"https:\/\/exaudi.org\/es\/wp-json\/wp\/v2\/media?parent=37945"}],"wp:term":[{"taxonomy":"category","embeddable":true,"href":"https:\/\/exaudi.org\/es\/wp-json\/wp\/v2\/categories?post=37945"},{"taxonomy":"post_tag","embeddable":true,"href":"https:\/\/exaudi.org\/es\/wp-json\/wp\/v2\/tags?post=37945"}],"curies":[{"name":"wp","href":"https:\/\/api.w.org\/{rel}","templated":true}]}}