{"id":37874,"date":"2021-10-26T14:00:23","date_gmt":"2021-10-26T12:00:23","guid":{"rendered":"https:\/\/exaudi.wpengine.com\/?p=37874"},"modified":"2021-10-27T10:45:25","modified_gmt":"2021-10-27T08:45:25","slug":"el-salvador-organizaciones-de-la-iglesia-en-favor-de-la-ninez","status":"publish","type":"post","link":"https:\/\/exaudi.org\/es\/el-salvador-organizaciones-de-la-iglesia-en-favor-de-la-ninez\/","title":{"rendered":"El Salvador: Organizaciones de la Iglesia en favor de la ni\u00f1ez"},"content":{"rendered":"<p>Organizaciones de la Iglesia en <a href=\"https:\/\/exaudi.wpengine.com\/es\/el-salvador-obispos-beatificacion-martires\/\" target=\"_blank\" rel=\"noopener\">El Salvador<\/a>\u00a0han constituido el cap\u00edtulo nacional del\u00a0Programa Centralidad de la Ni\u00f1ez,\u00a0con la finalidad de impulsar oportunidades y estrategias para la incidencia p\u00fablica en la promoci\u00f3n de entornos protectores y promoci\u00f3n de los derechos de ni\u00f1os, ni\u00f1as y adolescentes.<\/p>\n<p>De acuerdo a una nota de ADN CELAM, sistema informativo del <a href=\"https:\/\/www.celam.org\/\" target=\"_blank\" rel=\"noopener\">Consejo Episcopal Latinoamericano (CELAM)<\/a>, entre las organizaciones promotoras se encuentran la\u00a0Asociaci\u00f3n Federaci\u00f3n de Entidades de Educaci\u00f3n Cat\u00f3lica de El Salvador (FIDEC), Asociaci\u00f3n Fe y Alegr\u00eda, pastoral social C\u00e1ritas, Comisi\u00f3n de Pastoral Juvenil de la arquidi\u00f3cesis de San Salvador, Conferencia de Religiosos y Religiosas (CONFRES) y World Vision.<\/p>\n<p>Las organizaciones estar\u00e1n adscritas a la red latinoamericana y caribe\u00f1a de la Centralidad de la Ni\u00f1ez, que desde hace m\u00e1s de 10 a\u00f1os impulsa CELAM, con el apoyo de socios como World Vision Latinoam\u00e9rica, la Confederaci\u00f3n Latinoamericana de Religiosos (CLAR), Confederaci\u00f3n Interamericana de Educaci\u00f3n Cat\u00f3lica (CIEC), Federaci\u00f3n Internacional Fe y Alegr\u00eda y el Movimiento con la Ni\u00f1ez y la Juventud.<\/p>\n<h4><strong>Equipo de trabajo<\/strong><\/h4>\n<p>En este cap\u00edtulo nacional consolidar\u00e1n procesos de formaci\u00f3n para el personal que trabaja con ni\u00f1ez en los diversos programas eclesiales.<\/p>\n<p>Adem\u00e1s, de acuerdo a la misma fuente, se ha acordado establecer\u00a0un Comit\u00e9 Coordinador y un Equipo Ejecutivo Permanente, que tendr\u00e1n la responsabilidad de supervisar y acompa\u00f1ar las diferentes actividades que el Programa Centralidad de la Ni\u00f1ez desarrolle. Este Comit\u00e9 tambi\u00e9n gestionar\u00e1 los recursos mediante donaciones para su funcionamiento y el desarrollo de actividades, con el acompa\u00f1amiento de los socios continentales.<\/p>\n<p>\u201cLas Organizaciones firmantes de este acuerdo buscamos, por medio de esta iniciativa, articular y consolidar nuestras acciones en favor de los ni\u00f1os, ni\u00f1as v adolescentes de nuestro pa\u00eds\u201d, apuntan sus organizadores.<\/p>\n<p>Todo ello para que \u201ccrezcan y desarrollen todo su potencial f\u00edsico, mental, espiritual, moral y social, en una sociedad libre de todo tipo de violencia, promoviendo que nuestras instituciones y actividades sean lugares seguros y protectores para todos ellos, sin excepci\u00f3n\u201d.<\/p>\n","protected":false},"excerpt":{"rendered":"<p>Creaci\u00f3n del cap\u00edtulo nacional del Programa Centralidad de la Ni\u00f1ez<\/p>\n","protected":false},"author":15,"featured_media":37881,"comment_status":"open","ping_status":"open","sticky":false,"template":"","format":"standard","meta":{"_acf_changed":false,"_crdt_document":"","inline_featured_image":false,"footnotes":""},"categories":[82,86,298],"tags":[605,4672,4673],"class_list":["post-37874","post","type-post","status-publish","format-standard","has-post-thumbnail","hentry","category-educacion","category-iglesia-local","category-ultimas-noticias","tag-el-salvador","tag-ninez","tag-programa-centralidad-de-la-nine"],"acf":[],"yoast_head":"<!-- This site is optimized with the Yoast SEO plugin v27.5 - https:\/\/yoast.com\/product\/yoast-seo-wordpress\/ -->\n<title>El Salvador: Organizaciones de la Iglesia en favor de la ni\u00f1ez &#8211; Exaudi<\/title>\n<meta name=\"description\" content=\"Organizaciones de la Iglesia en El Salvador\u00a0han constituido el cap\u00edtulo nacional del\u00a0Programa Centralidad de la Ni\u00f1ez\" \/>\n<meta name=\"robots\" content=\"index, follow, max-snippet:-1, max-image-preview:large, max-video-preview:-1\" \/>\n<link rel=\"canonical\" href=\"https:\/\/exaudi.org\/es\/el-salvador-organizaciones-de-la-iglesia-en-favor-de-la-ninez\/\" \/>\n<meta property=\"og:locale\" content=\"es_ES\" \/>\n<meta property=\"og:type\" content=\"article\" \/>\n<meta property=\"og:title\" content=\"El Salvador: Organizaciones de la Iglesia en favor de la ni\u00f1ez &#8211; Exaudi\" \/>\n<meta property=\"og:description\" content=\"Organizaciones de la Iglesia en El Salvador\u00a0han constituido el cap\u00edtulo nacional del\u00a0Programa Centralidad de la Ni\u00f1ez\" \/>\n<meta property=\"og:url\" content=\"https:\/\/exaudi.org\/es\/el-salvador-organizaciones-de-la-iglesia-en-favor-de-la-ninez\/\" \/>\n<meta property=\"og:site_name\" content=\"Exaudi\" \/>\n<meta property=\"article:publisher\" content=\"https:\/\/www.facebook.com\/ExaudiNews\" \/>\n<meta property=\"article:author\" content=\"https:\/\/www.facebook.com\/ExaudiNoticias\/\" \/>\n<meta property=\"article:published_time\" content=\"2021-10-26T12:00:23+00:00\" \/>\n<meta property=\"article:modified_time\" content=\"2021-10-27T08:45:25+00:00\" \/>\n<meta property=\"og:image\" content=\"https:\/\/exaudi.org\/wp-content\/uploads\/2021\/10\/Ninos-CELAM.jpg\" \/>\n\t<meta property=\"og:image:width\" content=\"1200\" \/>\n\t<meta property=\"og:image:height\" content=\"673\" \/>\n\t<meta property=\"og:image:type\" content=\"image\/jpeg\" \/>\n<meta name=\"author\" content=\"Exaudi Redacci\u00f3n\" \/>\n<meta name=\"twitter:card\" content=\"summary_large_image\" \/>\n<meta name=\"twitter:creator\" content=\"@Exaudi_noticias\" \/>\n<meta name=\"twitter:site\" content=\"@Exaudi_News\" \/>\n<meta name=\"twitter:label1\" content=\"Escrito por\" \/>\n\t<meta name=\"twitter:data1\" content=\"Exaudi Redacci\u00f3n\" \/>\n\t<meta name=\"twitter:label2\" content=\"Tiempo de lectura\" \/>\n\t<meta name=\"twitter:data2\" content=\"2 minutos\" \/>\n<script type=\"application\/ld+json\" class=\"yoast-schema-graph\">{\"@context\":\"https:\\\/\\\/schema.org\",\"@graph\":[{\"@type\":\"Article\",\"@id\":\"https:\\\/\\\/exaudi.org\\\/es\\\/el-salvador-organizaciones-de-la-iglesia-en-favor-de-la-ninez\\\/#article\",\"isPartOf\":{\"@id\":\"https:\\\/\\\/exaudi.org\\\/es\\\/el-salvador-organizaciones-de-la-iglesia-en-favor-de-la-ninez\\\/\"},\"author\":{\"name\":\"Exaudi Redacci\u00f3n\",\"@id\":\"https:\\\/\\\/exaudi.org\\\/#\\\/schema\\\/person\\\/f5fc8f063065e38742da7afe15f25df7\"},\"headline\":\"El Salvador: Organizaciones de la Iglesia en favor de la ni\u00f1ez\",\"datePublished\":\"2021-10-26T12:00:23+00:00\",\"dateModified\":\"2021-10-27T08:45:25+00:00\",\"mainEntityOfPage\":{\"@id\":\"https:\\\/\\\/exaudi.org\\\/es\\\/el-salvador-organizaciones-de-la-iglesia-en-favor-de-la-ninez\\\/\"},\"wordCount\":376,\"commentCount\":0,\"image\":{\"@id\":\"https:\\\/\\\/exaudi.org\\\/es\\\/el-salvador-organizaciones-de-la-iglesia-en-favor-de-la-ninez\\\/#primaryimage\"},\"thumbnailUrl\":\"https:\\\/\\\/exaudi.org\\\/wp-content\\\/uploads\\\/2021\\\/10\\\/Ninos-CELAM.jpg\",\"keywords\":[\"El Salvador\",\"Ni\u00f1ez\",\"Programa Centralidad de la Ni\u00f1e\"],\"articleSection\":[\"Educaci\u00f3n\",\"Iglesia Local\",\"\u00daltimas noticias\"],\"inLanguage\":\"es\",\"potentialAction\":[{\"@type\":\"CommentAction\",\"name\":\"Comment\",\"target\":[\"https:\\\/\\\/exaudi.org\\\/es\\\/el-salvador-organizaciones-de-la-iglesia-en-favor-de-la-ninez\\\/#respond\"]}]},{\"@type\":\"WebPage\",\"@id\":\"https:\\\/\\\/exaudi.org\\\/es\\\/el-salvador-organizaciones-de-la-iglesia-en-favor-de-la-ninez\\\/\",\"url\":\"https:\\\/\\\/exaudi.org\\\/es\\\/el-salvador-organizaciones-de-la-iglesia-en-favor-de-la-ninez\\\/\",\"name\":\"El Salvador: Organizaciones de la Iglesia en favor de la ni\u00f1ez &#8211; Exaudi\",\"isPartOf\":{\"@id\":\"https:\\\/\\\/exaudi.org\\\/#website\"},\"primaryImageOfPage\":{\"@id\":\"https:\\\/\\\/exaudi.org\\\/es\\\/el-salvador-organizaciones-de-la-iglesia-en-favor-de-la-ninez\\\/#primaryimage\"},\"image\":{\"@id\":\"https:\\\/\\\/exaudi.org\\\/es\\\/el-salvador-organizaciones-de-la-iglesia-en-favor-de-la-ninez\\\/#primaryimage\"},\"thumbnailUrl\":\"https:\\\/\\\/exaudi.org\\\/wp-content\\\/uploads\\\/2021\\\/10\\\/Ninos-CELAM.jpg\",\"datePublished\":\"2021-10-26T12:00:23+00:00\",\"dateModified\":\"2021-10-27T08:45:25+00:00\",\"author\":{\"@id\":\"https:\\\/\\\/exaudi.org\\\/#\\\/schema\\\/person\\\/f5fc8f063065e38742da7afe15f25df7\"},\"description\":\"Organizaciones de la Iglesia en El Salvador\u00a0han constituido el cap\u00edtulo nacional del\u00a0Programa Centralidad de la Ni\u00f1ez\",\"breadcrumb\":{\"@id\":\"https:\\\/\\\/exaudi.org\\\/es\\\/el-salvador-organizaciones-de-la-iglesia-en-favor-de-la-ninez\\\/#breadcrumb\"},\"inLanguage\":\"es\",\"potentialAction\":[{\"@type\":\"ReadAction\",\"target\":[\"https:\\\/\\\/exaudi.org\\\/es\\\/el-salvador-organizaciones-de-la-iglesia-en-favor-de-la-ninez\\\/\"]}]},{\"@type\":\"ImageObject\",\"inLanguage\":\"es\",\"@id\":\"https:\\\/\\\/exaudi.org\\\/es\\\/el-salvador-organizaciones-de-la-iglesia-en-favor-de-la-ninez\\\/#primaryimage\",\"url\":\"https:\\\/\\\/exaudi.org\\\/wp-content\\\/uploads\\\/2021\\\/10\\\/Ninos-CELAM.jpg\",\"contentUrl\":\"https:\\\/\\\/exaudi.org\\\/wp-content\\\/uploads\\\/2021\\\/10\\\/Ninos-CELAM.jpg\",\"width\":1200,\"height\":673,\"caption\":\"Ni\u00f1os \u00a9 CELAM\"},{\"@type\":\"BreadcrumbList\",\"@id\":\"https:\\\/\\\/exaudi.org\\\/es\\\/el-salvador-organizaciones-de-la-iglesia-en-favor-de-la-ninez\\\/#breadcrumb\",\"itemListElement\":[{\"@type\":\"ListItem\",\"position\":1,\"name\":\"Portada\",\"item\":\"https:\\\/\\\/exaudi.org\\\/es\\\/\"},{\"@type\":\"ListItem\",\"position\":2,\"name\":\"El Salvador: Organizaciones de la Iglesia en favor de la ni\u00f1ez\"}]},{\"@type\":\"WebSite\",\"@id\":\"https:\\\/\\\/exaudi.org\\\/#website\",\"url\":\"https:\\\/\\\/exaudi.org\\\/\",\"name\":\"Exaudi\",\"description\":\"News\",\"potentialAction\":[{\"@type\":\"SearchAction\",\"target\":{\"@type\":\"EntryPoint\",\"urlTemplate\":\"https:\\\/\\\/exaudi.org\\\/?s={search_term_string}\"},\"query-input\":{\"@type\":\"PropertyValueSpecification\",\"valueRequired\":true,\"valueName\":\"search_term_string\"}}],\"inLanguage\":\"es\"},{\"@type\":\"Person\",\"@id\":\"https:\\\/\\\/exaudi.org\\\/#\\\/schema\\\/person\\\/f5fc8f063065e38742da7afe15f25df7\",\"name\":\"Exaudi Redacci\u00f3n\",\"image\":{\"@type\":\"ImageObject\",\"inLanguage\":\"es\",\"@id\":\"https:\\\/\\\/secure.gravatar.com\\\/avatar\\\/fe0f6a059fb68d9b3e11bc5850dd4899b1c7492091a3cb6dd9b01b56ad828be2?s=96&d=mm&r=g\",\"url\":\"https:\\\/\\\/secure.gravatar.com\\\/avatar\\\/fe0f6a059fb68d9b3e11bc5850dd4899b1c7492091a3cb6dd9b01b56ad828be2?s=96&d=mm&r=g\",\"contentUrl\":\"https:\\\/\\\/secure.gravatar.com\\\/avatar\\\/fe0f6a059fb68d9b3e11bc5850dd4899b1c7492091a3cb6dd9b01b56ad828be2?s=96&d=mm&r=g\",\"caption\":\"Exaudi Redacci\u00f3n\"},\"description\":\"\u00bfQu\u00e9 es Exaudi News? Exaudi News es un medio de comunicaci\u00f3n cat\u00f3lico internacional que informa, forma y transforma, diariamente en espa\u00f1ol, ingl\u00e9s e italiano. A trav\u00e9s de noticias, art\u00edculos de an\u00e1lisis y transmisiones en directo de los eventos del Papa, Exaudi busca fortalecer la unidad de los cristianos y contribuir a la evangelizaci\u00f3n del mundo, siempre guiados por la doctrina social de la Iglesia. Trabajamos para acercar la verdad y los valores cristianos a cada rinc\u00f3n del planeta. \u00a1Ay\u00fadanos a transformar el mundo con Exaudi! En Exaudi creemos que la evangelizaci\u00f3n y la informaci\u00f3n de calidad pueden cambiar vidas. Para continuar con nuestra misi\u00f3n y expandir nuestro alcance, necesitamos tu ayuda. Adem\u00e1s, buscamos personas comprometidas que deseen unirse a nuestro equipo. Con tu apoyo, lograremos llegar a m\u00e1s personas, difundir el mensaje de Cristo y reforzar la unidad de los cristianos. \u00bfTe unes a nuestra misi\u00f3n? Para m\u00e1s informaci\u00f3n sobre c\u00f3mo colaborar, visita Exaudi.org\\\/es o cont\u00e1ctanos directamente: info@exaudi.org Exaudi: Informa, forma y transforma.\",\"sameAs\":[\"https:\\\/\\\/www.facebook.com\\\/ExaudiNoticias\\\/\",\"https:\\\/\\\/www.instagram.com\\\/exaudi_noticias\\\/\",\"https:\\\/\\\/x.com\\\/Exaudi_noticias\",\"https:\\\/\\\/www.youtube.com\\\/@exaudicatholicnews\"],\"url\":\"https:\\\/\\\/exaudi.org\\\/es\\\/author\\\/redaccionexaudi\\\/\"}]}<\/script>\n<!-- \/ Yoast SEO plugin. -->","yoast_head_json":{"title":"El Salvador: Organizaciones de la Iglesia en favor de la ni\u00f1ez &#8211; Exaudi","description":"Organizaciones de la Iglesia en El Salvador\u00a0han constituido el cap\u00edtulo nacional del\u00a0Programa Centralidad de la Ni\u00f1ez","robots":{"index":"index","follow":"follow","max-snippet":"max-snippet:-1","max-image-preview":"max-image-preview:large","max-video-preview":"max-video-preview:-1"},"canonical":"https:\/\/exaudi.org\/es\/el-salvador-organizaciones-de-la-iglesia-en-favor-de-la-ninez\/","og_locale":"es_ES","og_type":"article","og_title":"El Salvador: Organizaciones de la Iglesia en favor de la ni\u00f1ez &#8211; Exaudi","og_description":"Organizaciones de la Iglesia en El Salvador\u00a0han constituido el cap\u00edtulo nacional del\u00a0Programa Centralidad de la Ni\u00f1ez","og_url":"https:\/\/exaudi.org\/es\/el-salvador-organizaciones-de-la-iglesia-en-favor-de-la-ninez\/","og_site_name":"Exaudi","article_publisher":"https:\/\/www.facebook.com\/ExaudiNews","article_author":"https:\/\/www.facebook.com\/ExaudiNoticias\/","article_published_time":"2021-10-26T12:00:23+00:00","article_modified_time":"2021-10-27T08:45:25+00:00","og_image":[{"width":1200,"height":673,"url":"https:\/\/exaudi.org\/wp-content\/uploads\/2021\/10\/Ninos-CELAM.jpg","type":"image\/jpeg"}],"author":"Exaudi Redacci\u00f3n","twitter_card":"summary_large_image","twitter_creator":"@Exaudi_noticias","twitter_site":"@Exaudi_News","twitter_misc":{"Escrito por":"Exaudi Redacci\u00f3n","Tiempo de lectura":"2 minutos"},"schema":{"@context":"https:\/\/schema.org","@graph":[{"@type":"Article","@id":"https:\/\/exaudi.org\/es\/el-salvador-organizaciones-de-la-iglesia-en-favor-de-la-ninez\/#article","isPartOf":{"@id":"https:\/\/exaudi.org\/es\/el-salvador-organizaciones-de-la-iglesia-en-favor-de-la-ninez\/"},"author":{"name":"Exaudi Redacci\u00f3n","@id":"https:\/\/exaudi.org\/#\/schema\/person\/f5fc8f063065e38742da7afe15f25df7"},"headline":"El Salvador: Organizaciones de la Iglesia en favor de la ni\u00f1ez","datePublished":"2021-10-26T12:00:23+00:00","dateModified":"2021-10-27T08:45:25+00:00","mainEntityOfPage":{"@id":"https:\/\/exaudi.org\/es\/el-salvador-organizaciones-de-la-iglesia-en-favor-de-la-ninez\/"},"wordCount":376,"commentCount":0,"image":{"@id":"https:\/\/exaudi.org\/es\/el-salvador-organizaciones-de-la-iglesia-en-favor-de-la-ninez\/#primaryimage"},"thumbnailUrl":"https:\/\/exaudi.org\/wp-content\/uploads\/2021\/10\/Ninos-CELAM.jpg","keywords":["El Salvador","Ni\u00f1ez","Programa Centralidad de la Ni\u00f1e"],"articleSection":["Educaci\u00f3n","Iglesia Local","\u00daltimas noticias"],"inLanguage":"es","potentialAction":[{"@type":"CommentAction","name":"Comment","target":["https:\/\/exaudi.org\/es\/el-salvador-organizaciones-de-la-iglesia-en-favor-de-la-ninez\/#respond"]}]},{"@type":"WebPage","@id":"https:\/\/exaudi.org\/es\/el-salvador-organizaciones-de-la-iglesia-en-favor-de-la-ninez\/","url":"https:\/\/exaudi.org\/es\/el-salvador-organizaciones-de-la-iglesia-en-favor-de-la-ninez\/","name":"El Salvador: Organizaciones de la Iglesia en favor de la ni\u00f1ez &#8211; Exaudi","isPartOf":{"@id":"https:\/\/exaudi.org\/#website"},"primaryImageOfPage":{"@id":"https:\/\/exaudi.org\/es\/el-salvador-organizaciones-de-la-iglesia-en-favor-de-la-ninez\/#primaryimage"},"image":{"@id":"https:\/\/exaudi.org\/es\/el-salvador-organizaciones-de-la-iglesia-en-favor-de-la-ninez\/#primaryimage"},"thumbnailUrl":"https:\/\/exaudi.org\/wp-content\/uploads\/2021\/10\/Ninos-CELAM.jpg","datePublished":"2021-10-26T12:00:23+00:00","dateModified":"2021-10-27T08:45:25+00:00","author":{"@id":"https:\/\/exaudi.org\/#\/schema\/person\/f5fc8f063065e38742da7afe15f25df7"},"description":"Organizaciones de la Iglesia en El Salvador\u00a0han constituido el cap\u00edtulo nacional del\u00a0Programa Centralidad de la Ni\u00f1ez","breadcrumb":{"@id":"https:\/\/exaudi.org\/es\/el-salvador-organizaciones-de-la-iglesia-en-favor-de-la-ninez\/#breadcrumb"},"inLanguage":"es","potentialAction":[{"@type":"ReadAction","target":["https:\/\/exaudi.org\/es\/el-salvador-organizaciones-de-la-iglesia-en-favor-de-la-ninez\/"]}]},{"@type":"ImageObject","inLanguage":"es","@id":"https:\/\/exaudi.org\/es\/el-salvador-organizaciones-de-la-iglesia-en-favor-de-la-ninez\/#primaryimage","url":"https:\/\/exaudi.org\/wp-content\/uploads\/2021\/10\/Ninos-CELAM.jpg","contentUrl":"https:\/\/exaudi.org\/wp-content\/uploads\/2021\/10\/Ninos-CELAM.jpg","width":1200,"height":673,"caption":"Ni\u00f1os \u00a9 CELAM"},{"@type":"BreadcrumbList","@id":"https:\/\/exaudi.org\/es\/el-salvador-organizaciones-de-la-iglesia-en-favor-de-la-ninez\/#breadcrumb","itemListElement":[{"@type":"ListItem","position":1,"name":"Portada","item":"https:\/\/exaudi.org\/es\/"},{"@type":"ListItem","position":2,"name":"El Salvador: Organizaciones de la Iglesia en favor de la ni\u00f1ez"}]},{"@type":"WebSite","@id":"https:\/\/exaudi.org\/#website","url":"https:\/\/exaudi.org\/","name":"Exaudi","description":"News","potentialAction":[{"@type":"SearchAction","target":{"@type":"EntryPoint","urlTemplate":"https:\/\/exaudi.org\/?s={search_term_string}"},"query-input":{"@type":"PropertyValueSpecification","valueRequired":true,"valueName":"search_term_string"}}],"inLanguage":"es"},{"@type":"Person","@id":"https:\/\/exaudi.org\/#\/schema\/person\/f5fc8f063065e38742da7afe15f25df7","name":"Exaudi Redacci\u00f3n","image":{"@type":"ImageObject","inLanguage":"es","@id":"https:\/\/secure.gravatar.com\/avatar\/fe0f6a059fb68d9b3e11bc5850dd4899b1c7492091a3cb6dd9b01b56ad828be2?s=96&d=mm&r=g","url":"https:\/\/secure.gravatar.com\/avatar\/fe0f6a059fb68d9b3e11bc5850dd4899b1c7492091a3cb6dd9b01b56ad828be2?s=96&d=mm&r=g","contentUrl":"https:\/\/secure.gravatar.com\/avatar\/fe0f6a059fb68d9b3e11bc5850dd4899b1c7492091a3cb6dd9b01b56ad828be2?s=96&d=mm&r=g","caption":"Exaudi Redacci\u00f3n"},"description":"\u00bfQu\u00e9 es Exaudi News? Exaudi News es un medio de comunicaci\u00f3n cat\u00f3lico internacional que informa, forma y transforma, diariamente en espa\u00f1ol, ingl\u00e9s e italiano. A trav\u00e9s de noticias, art\u00edculos de an\u00e1lisis y transmisiones en directo de los eventos del Papa, Exaudi busca fortalecer la unidad de los cristianos y contribuir a la evangelizaci\u00f3n del mundo, siempre guiados por la doctrina social de la Iglesia. Trabajamos para acercar la verdad y los valores cristianos a cada rinc\u00f3n del planeta. \u00a1Ay\u00fadanos a transformar el mundo con Exaudi! En Exaudi creemos que la evangelizaci\u00f3n y la informaci\u00f3n de calidad pueden cambiar vidas. Para continuar con nuestra misi\u00f3n y expandir nuestro alcance, necesitamos tu ayuda. Adem\u00e1s, buscamos personas comprometidas que deseen unirse a nuestro equipo. Con tu apoyo, lograremos llegar a m\u00e1s personas, difundir el mensaje de Cristo y reforzar la unidad de los cristianos. \u00bfTe unes a nuestra misi\u00f3n? Para m\u00e1s informaci\u00f3n sobre c\u00f3mo colaborar, visita Exaudi.org\/es o cont\u00e1ctanos directamente: info@exaudi.org Exaudi: Informa, forma y transforma.","sameAs":["https:\/\/www.facebook.com\/ExaudiNoticias\/","https:\/\/www.instagram.com\/exaudi_noticias\/","https:\/\/x.com\/Exaudi_noticias","https:\/\/www.youtube.com\/@exaudicatholicnews"],"url":"https:\/\/exaudi.org\/es\/author\/redaccionexaudi\/"}]}},"jetpack_featured_media_url":"https:\/\/exaudi.org\/wp-content\/uploads\/2021\/10\/Ninos-CELAM.jpg","jetpack_shortlink":"https:\/\/wp.me\/pgKjF2-9QS","_links":{"self":[{"href":"https:\/\/exaudi.org\/es\/wp-json\/wp\/v2\/posts\/37874","targetHints":{"allow":["GET"]}}],"collection":[{"href":"https:\/\/exaudi.org\/es\/wp-json\/wp\/v2\/posts"}],"about":[{"href":"https:\/\/exaudi.org\/es\/wp-json\/wp\/v2\/types\/post"}],"author":[{"embeddable":true,"href":"https:\/\/exaudi.org\/es\/wp-json\/wp\/v2\/users\/15"}],"replies":[{"embeddable":true,"href":"https:\/\/exaudi.org\/es\/wp-json\/wp\/v2\/comments?post=37874"}],"version-history":[{"count":0,"href":"https:\/\/exaudi.org\/es\/wp-json\/wp\/v2\/posts\/37874\/revisions"}],"wp:featuredmedia":[{"embeddable":true,"href":"https:\/\/exaudi.org\/es\/wp-json\/wp\/v2\/media\/37881"}],"wp:attachment":[{"href":"https:\/\/exaudi.org\/es\/wp-json\/wp\/v2\/media?parent=37874"}],"wp:term":[{"taxonomy":"category","embeddable":true,"href":"https:\/\/exaudi.org\/es\/wp-json\/wp\/v2\/categories?post=37874"},{"taxonomy":"post_tag","embeddable":true,"href":"https:\/\/exaudi.org\/es\/wp-json\/wp\/v2\/tags?post=37874"}],"curies":[{"name":"wp","href":"https:\/\/api.w.org\/{rel}","templated":true}]}}