{"id":37639,"date":"2021-10-25T11:01:11","date_gmt":"2021-10-25T09:01:11","guid":{"rendered":"https:\/\/exaudi.wpengine.com\/?p=37639"},"modified":"2021-10-25T16:56:54","modified_gmt":"2021-10-25T14:56:54","slug":"el-papa-francisco-vicepresidenta-de-colombia","status":"publish","type":"post","link":"https:\/\/exaudi.org\/es\/el-papa-francisco-vicepresidenta-de-colombia\/","title":{"rendered":"El Papa Francisco recibe a vicepresidenta de Colombia"},"content":{"rendered":"<p>El Papa Francisco recibi\u00f3 a Marta Luc\u00eda Ram\u00edrez, vicepresidenta de Colombia, el pasado 23 de octubre en el Vaticano. De acuerdo a una nota de la <a href=\"https:\/\/mlr.vicepresidencia.gov.co\/Paginas\/ml2021.aspx\" target=\"_blank\" rel=\"noopener\">Vicepresidencia del Gobierno de Colombia<\/a>, durante la reuni\u00f3n con el Santo Padre ambos \u201cdialogaron sobre los avances en la implementaci\u00f3n del acuerdo de paz y el di\u00e1logo social, el liderazgo de Colombia en equidad de g\u00e9nero, la protecci\u00f3n a los migrantes y el cuidado del medioambiente\u201d.<\/p>\n<h4><strong>Concordia y paz<\/strong><\/h4>\n<p><img loading=\"lazy\" decoding=\"async\" class=\"size-medium wp-image-37646 alignleft\" src=\"https:\/\/exaudi.wpengine.com\/wp-content\/uploads\/2021\/10\/RIP5536-200x300.jpg\" alt=\"\" width=\"200\" height=\"300\" srcset=\"https:\/\/exaudi.org\/wp-content\/uploads\/2021\/10\/RIP5536-200x300.jpg 200w, https:\/\/exaudi.org\/wp-content\/uploads\/2021\/10\/RIP5536-683x1024.jpg 683w, https:\/\/exaudi.org\/wp-content\/uploads\/2021\/10\/RIP5536-768x1152.jpg 768w, https:\/\/exaudi.org\/wp-content\/uploads\/2021\/10\/RIP5536-1024x1536.jpg 1024w, https:\/\/exaudi.org\/wp-content\/uploads\/2021\/10\/RIP5536-1365x2048.jpg 1365w, https:\/\/exaudi.org\/wp-content\/uploads\/2021\/10\/RIP5536-150x225.jpg 150w, https:\/\/exaudi.org\/wp-content\/uploads\/2021\/10\/RIP5536-300x450.jpg 300w, https:\/\/exaudi.org\/wp-content\/uploads\/2021\/10\/RIP5536-696x1044.jpg 696w, https:\/\/exaudi.org\/wp-content\/uploads\/2021\/10\/RIP5536-1068x1602.jpg 1068w, https:\/\/exaudi.org\/wp-content\/uploads\/2021\/10\/RIP5536-1920x2880.jpg 1920w, https:\/\/exaudi.org\/wp-content\/uploads\/2021\/10\/RIP5536-280x420.jpg 280w, https:\/\/exaudi.org\/wp-content\/uploads\/2021\/10\/RIP5536-scaled.jpg 1707w\" sizes=\"auto, (max-width: 200px) 100vw, 200px\" \/>\u201cHa sido muy importante visitar al Papa Francisco, escucharlo una vez m\u00e1s en su amor por Colombia, en sus oraciones por nuestro pa\u00eds, en su mensaje a los colombianos de concordia, de paz, para que tendamos puentes de entendimiento entre todos nosotros y saquemos adelante a nuestro pa\u00eds con libertad y con democracia\u201d, expres\u00f3 la vicepresidenta y canciller.<\/p>\n<p>La alta funcionaria destac\u00f3 las gestiones adelantadas por el Gobierno del presidente Iv\u00e1n Duque \u201cpara lograr una sociedad m\u00e1s equitativa y justa, en la que exista mayor equidad para la mujer; con base en el di\u00e1logo social y la participaci\u00f3n de sectores tradicionalmente excluidos\u201d.<\/p>\n<p>Asimismo, \u201cse refiri\u00f3 al crecimiento econ\u00f3mico alcanzado en 2021 y 2022, con el que se redujo la pobreza y el desempleo, a pesar del impacto causado por la pandemia del COVID-19 y la migraci\u00f3n masiva proveniente de Venezuela generada por la crisis multidimensional en el vecino pa\u00eds, poblaci\u00f3n que Colombia ha decido acoger con una pol\u00edtica fraterna como el Estatuto Temporal de Protecci\u00f3n para Migrantes Venezolanos, con un enfoque humanista, de Derechos Humanos y solidaridad\u201d.<\/p>\n<h4><strong>Liberaci\u00f3n de la hermana Gloria<\/strong><\/h4>\n<p><img loading=\"lazy\" decoding=\"async\" class=\"size-medium wp-image-37653 alignright\" src=\"https:\/\/exaudi.wpengine.com\/wp-content\/uploads\/2021\/10\/RIP5584-300x200.jpg\" alt=\"\" width=\"300\" height=\"200\" srcset=\"https:\/\/exaudi.org\/wp-content\/uploads\/2021\/10\/RIP5584-300x200.jpg 300w, https:\/\/exaudi.org\/wp-content\/uploads\/2021\/10\/RIP5584-1024x683.jpg 1024w, https:\/\/exaudi.org\/wp-content\/uploads\/2021\/10\/RIP5584-768x512.jpg 768w, https:\/\/exaudi.org\/wp-content\/uploads\/2021\/10\/RIP5584-1536x1024.jpg 1536w, https:\/\/exaudi.org\/wp-content\/uploads\/2021\/10\/RIP5584-2048x1365.jpg 2048w, https:\/\/exaudi.org\/wp-content\/uploads\/2021\/10\/RIP5584-150x100.jpg 150w, https:\/\/exaudi.org\/wp-content\/uploads\/2021\/10\/RIP5584-696x464.jpg 696w, https:\/\/exaudi.org\/wp-content\/uploads\/2021\/10\/RIP5584-1068x712.jpg 1068w, https:\/\/exaudi.org\/wp-content\/uploads\/2021\/10\/RIP5584-1920x1280.jpg 1920w, https:\/\/exaudi.org\/wp-content\/uploads\/2021\/10\/RIP5584-630x420.jpg 630w\" sizes=\"auto, (max-width: 300px) 100vw, 300px\" \/>Ram\u00edrez tambi\u00e9n agradeci\u00f3 \u201clas gestiones y el trabajo realizado por el Vaticano, en conjunto con Italia, Francia y Espa\u00f1a, que permiti\u00f3 la liberaci\u00f3n de la religiosa colombiana, <a href=\"https:\/\/exaudi.wpengine.com\/es\/el-papa-saluda-a-la-hermana-gloria-tras-ser-liberada\/\" target=\"_blank\" rel=\"noopener\">Gloria Cecilia \u00c1lvarez,<\/a> quien fue secuestrada por el grupo terrorista Al-Qaeda y liberada el pasado 9 de octubre, luego de 4 a\u00f1os y 8 meses de secuestro, en Mal\u00ed\u201d.<\/p>\n<p>Con referencia al tema ambiental Marta Luc\u00eda Ram\u00edrez destac\u00f3 que el Papa, \u201cdesde el inicio de su pontificado y con lo expuesto en su Enc\u00edclica Laudato si&#8217; en 2015, asumi\u00f3 un liderazgo frente a la protecci\u00f3n del planeta y el clima como bien com\u00fan, y alert\u00f3 sobre la urgencia en la creaci\u00f3n de pol\u00edticas para reducir contaminantes y desarrollar fuentes de energ\u00edas renovables limpias\u201d.<\/p>\n<p>Finalmente, \u201ctambi\u00e9n se explor\u00f3 la posibilidad de una alianza entre Colombia y el Vaticano para la promoci\u00f3n de pol\u00edticas regionales en contra de la trata de personas y para el empoderamiento de la mujer, as\u00ed como para lograr una mayor equidad de g\u00e9nero\u201d.<\/p>\n<h4><strong><img loading=\"lazy\" decoding=\"async\" class=\"size-medium wp-image-37640 alignleft\" src=\"https:\/\/exaudi.wpengine.com\/wp-content\/uploads\/2021\/10\/MTC0025-300x200.jpg\" alt=\"\" width=\"300\" height=\"200\" srcset=\"https:\/\/exaudi.org\/wp-content\/uploads\/2021\/10\/MTC0025-300x200.jpg 300w, https:\/\/exaudi.org\/wp-content\/uploads\/2021\/10\/MTC0025-1024x683.jpg 1024w, https:\/\/exaudi.org\/wp-content\/uploads\/2021\/10\/MTC0025-768x512.jpg 768w, https:\/\/exaudi.org\/wp-content\/uploads\/2021\/10\/MTC0025-1536x1024.jpg 1536w, https:\/\/exaudi.org\/wp-content\/uploads\/2021\/10\/MTC0025-2048x1365.jpg 2048w, https:\/\/exaudi.org\/wp-content\/uploads\/2021\/10\/MTC0025-150x100.jpg 150w, https:\/\/exaudi.org\/wp-content\/uploads\/2021\/10\/MTC0025-696x464.jpg 696w, https:\/\/exaudi.org\/wp-content\/uploads\/2021\/10\/MTC0025-1068x712.jpg 1068w, https:\/\/exaudi.org\/wp-content\/uploads\/2021\/10\/MTC0025-1920x1280.jpg 1920w, https:\/\/exaudi.org\/wp-content\/uploads\/2021\/10\/MTC0025-630x420.jpg 630w\" sizes=\"auto, (max-width: 300px) 100vw, 300px\" \/>Encuentro con el cardenal Parolin y Mons. Gallagher<\/strong><\/h4>\n<p>De acuerdo al comunicado, antes de su encuentro privado con Francisco, la canciller colombiana mantuvo un encuentro con el cardenal Pietro Parolin, secretario de Estado del Vaticano, y el secretario de Relaciones con los Estados, Mons. Paul Richard Gallagher, \u201ccon quienes abord\u00f3 asuntos estrat\u00e9gicos de la agenda bilateral.\u201d<\/p>\n<p>La mandatario agradeci\u00f3 \u201clos mensajes positivos del Sumo Pont\u00edfice con su llamado al pueblo colombiano a un di\u00e1logo serio y constructivo para encontrar soluciones justas a la crisis social registrada en el pa\u00eds\u201d.<\/p>\n","protected":false},"excerpt":{"rendered":"<p>Marta Luc\u00eda Ram\u00edrez<\/p>\n","protected":false},"author":5,"featured_media":37643,"comment_status":"open","ping_status":"open","sticky":false,"template":"","format":"standard","meta":{"_acf_changed":false,"_crdt_document":"","inline_featured_image":false,"footnotes":""},"categories":[68,298],"tags":[724,158],"class_list":["post-37639","post","type-post","status-publish","format-standard","has-post-thumbnail","hentry","category-leon-xiv","category-ultimas-noticias","tag-colombia","tag-papa-francisco"],"acf":[],"yoast_head":"<!-- This site is optimized with the Yoast SEO plugin v27.5 - https:\/\/yoast.com\/product\/yoast-seo-wordpress\/ -->\n<title>El Papa Francisco recibe a vicepresidenta de Colombia &#8211; Exaudi<\/title>\n<meta name=\"description\" content=\"El Papa Francisco recibi\u00f3 a Marta Luc\u00eda Ram\u00edrez, vicepresidenta de Colombia, el pasado 23 de octubre en el Vaticano\" \/>\n<meta name=\"robots\" content=\"index, follow, max-snippet:-1, max-image-preview:large, max-video-preview:-1\" \/>\n<link rel=\"canonical\" href=\"https:\/\/exaudi.org\/es\/el-papa-francisco-vicepresidenta-de-colombia\/\" \/>\n<meta property=\"og:locale\" content=\"es_ES\" \/>\n<meta property=\"og:type\" content=\"article\" \/>\n<meta property=\"og:title\" content=\"El Papa Francisco recibe a vicepresidenta de Colombia &#8211; Exaudi\" \/>\n<meta property=\"og:description\" content=\"El Papa Francisco recibi\u00f3 a Marta Luc\u00eda Ram\u00edrez, vicepresidenta de Colombia, el pasado 23 de octubre en el Vaticano\" \/>\n<meta property=\"og:url\" content=\"https:\/\/exaudi.org\/es\/el-papa-francisco-vicepresidenta-de-colombia\/\" \/>\n<meta property=\"og:site_name\" content=\"Exaudi\" \/>\n<meta property=\"article:publisher\" content=\"https:\/\/www.facebook.com\/ExaudiNews\" \/>\n<meta property=\"article:published_time\" content=\"2021-10-25T09:01:11+00:00\" \/>\n<meta property=\"article:modified_time\" content=\"2021-10-25T14:56:54+00:00\" \/>\n<meta property=\"og:image\" content=\"https:\/\/exaudi.org\/wp-content\/uploads\/2021\/10\/RIP5542-scaled.jpg\" \/>\n\t<meta property=\"og:image:width\" content=\"2560\" \/>\n\t<meta property=\"og:image:height\" content=\"1707\" \/>\n\t<meta property=\"og:image:type\" content=\"image\/jpeg\" \/>\n<meta name=\"author\" content=\"Larissa I. L\u00f3pez\" \/>\n<meta name=\"twitter:card\" content=\"summary_large_image\" \/>\n<meta name=\"twitter:creator\" content=\"@Exaudi_News\" \/>\n<meta name=\"twitter:site\" content=\"@Exaudi_News\" \/>\n<meta name=\"twitter:label1\" content=\"Escrito por\" \/>\n\t<meta name=\"twitter:data1\" content=\"Larissa I. L\u00f3pez\" \/>\n\t<meta name=\"twitter:label2\" content=\"Tiempo de lectura\" \/>\n\t<meta name=\"twitter:data2\" content=\"3 minutos\" \/>\n<script type=\"application\/ld+json\" class=\"yoast-schema-graph\">{\"@context\":\"https:\\\/\\\/schema.org\",\"@graph\":[{\"@type\":\"Article\",\"@id\":\"https:\\\/\\\/exaudi.org\\\/es\\\/el-papa-francisco-vicepresidenta-de-colombia\\\/#article\",\"isPartOf\":{\"@id\":\"https:\\\/\\\/exaudi.org\\\/es\\\/el-papa-francisco-vicepresidenta-de-colombia\\\/\"},\"author\":{\"name\":\"Larissa I. L\u00f3pez\",\"@id\":\"https:\\\/\\\/exaudi.org\\\/#\\\/schema\\\/person\\\/7d2f77db033c2c0929edfab6dbe8c588\"},\"headline\":\"El Papa Francisco recibe a vicepresidenta de Colombia\",\"datePublished\":\"2021-10-25T09:01:11+00:00\",\"dateModified\":\"2021-10-25T14:56:54+00:00\",\"mainEntityOfPage\":{\"@id\":\"https:\\\/\\\/exaudi.org\\\/es\\\/el-papa-francisco-vicepresidenta-de-colombia\\\/\"},\"wordCount\":552,\"commentCount\":0,\"image\":{\"@id\":\"https:\\\/\\\/exaudi.org\\\/es\\\/el-papa-francisco-vicepresidenta-de-colombia\\\/#primaryimage\"},\"thumbnailUrl\":\"https:\\\/\\\/exaudi.org\\\/wp-content\\\/uploads\\\/2021\\\/10\\\/RIP5542-scaled.jpg\",\"keywords\":[\"Colombia\",\"papa francisco\"],\"articleSection\":[\"Le\u00f3n XIV\",\"\u00daltimas noticias\"],\"inLanguage\":\"es\",\"potentialAction\":[{\"@type\":\"CommentAction\",\"name\":\"Comment\",\"target\":[\"https:\\\/\\\/exaudi.org\\\/es\\\/el-papa-francisco-vicepresidenta-de-colombia\\\/#respond\"]}]},{\"@type\":\"WebPage\",\"@id\":\"https:\\\/\\\/exaudi.org\\\/es\\\/el-papa-francisco-vicepresidenta-de-colombia\\\/\",\"url\":\"https:\\\/\\\/exaudi.org\\\/es\\\/el-papa-francisco-vicepresidenta-de-colombia\\\/\",\"name\":\"El Papa Francisco recibe a vicepresidenta de Colombia &#8211; Exaudi\",\"isPartOf\":{\"@id\":\"https:\\\/\\\/exaudi.org\\\/#website\"},\"primaryImageOfPage\":{\"@id\":\"https:\\\/\\\/exaudi.org\\\/es\\\/el-papa-francisco-vicepresidenta-de-colombia\\\/#primaryimage\"},\"image\":{\"@id\":\"https:\\\/\\\/exaudi.org\\\/es\\\/el-papa-francisco-vicepresidenta-de-colombia\\\/#primaryimage\"},\"thumbnailUrl\":\"https:\\\/\\\/exaudi.org\\\/wp-content\\\/uploads\\\/2021\\\/10\\\/RIP5542-scaled.jpg\",\"datePublished\":\"2021-10-25T09:01:11+00:00\",\"dateModified\":\"2021-10-25T14:56:54+00:00\",\"author\":{\"@id\":\"https:\\\/\\\/exaudi.org\\\/#\\\/schema\\\/person\\\/7d2f77db033c2c0929edfab6dbe8c588\"},\"description\":\"El Papa Francisco recibi\u00f3 a Marta Luc\u00eda Ram\u00edrez, vicepresidenta de Colombia, el pasado 23 de octubre en el Vaticano\",\"breadcrumb\":{\"@id\":\"https:\\\/\\\/exaudi.org\\\/es\\\/el-papa-francisco-vicepresidenta-de-colombia\\\/#breadcrumb\"},\"inLanguage\":\"es\",\"potentialAction\":[{\"@type\":\"ReadAction\",\"target\":[\"https:\\\/\\\/exaudi.org\\\/es\\\/el-papa-francisco-vicepresidenta-de-colombia\\\/\"]}]},{\"@type\":\"ImageObject\",\"inLanguage\":\"es\",\"@id\":\"https:\\\/\\\/exaudi.org\\\/es\\\/el-papa-francisco-vicepresidenta-de-colombia\\\/#primaryimage\",\"url\":\"https:\\\/\\\/exaudi.org\\\/wp-content\\\/uploads\\\/2021\\\/10\\\/RIP5542-scaled.jpg\",\"contentUrl\":\"https:\\\/\\\/exaudi.org\\\/wp-content\\\/uploads\\\/2021\\\/10\\\/RIP5542-scaled.jpg\",\"width\":2560,\"height\":1707,\"caption\":\"El Papa Francisco se re\u00fane con Marta Luc\u00eda Ram\u00edrez, vicepresidenta de Colombia \u00a9 Vatican Media\"},{\"@type\":\"BreadcrumbList\",\"@id\":\"https:\\\/\\\/exaudi.org\\\/es\\\/el-papa-francisco-vicepresidenta-de-colombia\\\/#breadcrumb\",\"itemListElement\":[{\"@type\":\"ListItem\",\"position\":1,\"name\":\"Portada\",\"item\":\"https:\\\/\\\/exaudi.org\\\/es\\\/\"},{\"@type\":\"ListItem\",\"position\":2,\"name\":\"El Papa Francisco recibe a vicepresidenta de Colombia\"}]},{\"@type\":\"WebSite\",\"@id\":\"https:\\\/\\\/exaudi.org\\\/#website\",\"url\":\"https:\\\/\\\/exaudi.org\\\/\",\"name\":\"Exaudi\",\"description\":\"News\",\"potentialAction\":[{\"@type\":\"SearchAction\",\"target\":{\"@type\":\"EntryPoint\",\"urlTemplate\":\"https:\\\/\\\/exaudi.org\\\/?s={search_term_string}\"},\"query-input\":{\"@type\":\"PropertyValueSpecification\",\"valueRequired\":true,\"valueName\":\"search_term_string\"}}],\"inLanguage\":\"es\"},{\"@type\":\"Person\",\"@id\":\"https:\\\/\\\/exaudi.org\\\/#\\\/schema\\\/person\\\/7d2f77db033c2c0929edfab6dbe8c588\",\"name\":\"Larissa I. L\u00f3pez\",\"image\":{\"@type\":\"ImageObject\",\"inLanguage\":\"es\",\"@id\":\"https:\\\/\\\/secure.gravatar.com\\\/avatar\\\/db3ef399ff343d0bb9d25dc5198bc8ece5ac6d621eca79876697a354dabc1e3f?s=96&d=mm&r=g\",\"url\":\"https:\\\/\\\/secure.gravatar.com\\\/avatar\\\/db3ef399ff343d0bb9d25dc5198bc8ece5ac6d621eca79876697a354dabc1e3f?s=96&d=mm&r=g\",\"contentUrl\":\"https:\\\/\\\/secure.gravatar.com\\\/avatar\\\/db3ef399ff343d0bb9d25dc5198bc8ece5ac6d621eca79876697a354dabc1e3f?s=96&d=mm&r=g\",\"caption\":\"Larissa I. L\u00f3pez\"},\"description\":\"Doctora en Comunicaci\u00f3n. Mi trayectoria profesional ha transcurrido entre el \u00e1mbito de la comunicaci\u00f3n y el de la docencia. En los \u00faltimos a\u00f1os, he trabajado como coordinadora y redactora de la edici\u00f3n de ZENIT en espa\u00f1ol. Como profesora, he impartido clases en la universidad y en centros de FP y bachillerato. Cordobesa de nacimiento, tambi\u00e9n he vivido en Sevilla, Madrid y Roma\",\"url\":\"https:\\\/\\\/exaudi.org\\\/es\\\/author\\\/llopezexaudi-org\\\/\"}]}<\/script>\n<!-- \/ Yoast SEO plugin. -->","yoast_head_json":{"title":"El Papa Francisco recibe a vicepresidenta de Colombia &#8211; Exaudi","description":"El Papa Francisco recibi\u00f3 a Marta Luc\u00eda Ram\u00edrez, vicepresidenta de Colombia, el pasado 23 de octubre en el Vaticano","robots":{"index":"index","follow":"follow","max-snippet":"max-snippet:-1","max-image-preview":"max-image-preview:large","max-video-preview":"max-video-preview:-1"},"canonical":"https:\/\/exaudi.org\/es\/el-papa-francisco-vicepresidenta-de-colombia\/","og_locale":"es_ES","og_type":"article","og_title":"El Papa Francisco recibe a vicepresidenta de Colombia &#8211; Exaudi","og_description":"El Papa Francisco recibi\u00f3 a Marta Luc\u00eda Ram\u00edrez, vicepresidenta de Colombia, el pasado 23 de octubre en el Vaticano","og_url":"https:\/\/exaudi.org\/es\/el-papa-francisco-vicepresidenta-de-colombia\/","og_site_name":"Exaudi","article_publisher":"https:\/\/www.facebook.com\/ExaudiNews","article_published_time":"2021-10-25T09:01:11+00:00","article_modified_time":"2021-10-25T14:56:54+00:00","og_image":[{"width":2560,"height":1707,"url":"https:\/\/exaudi.org\/wp-content\/uploads\/2021\/10\/RIP5542-scaled.jpg","type":"image\/jpeg"}],"author":"Larissa I. L\u00f3pez","twitter_card":"summary_large_image","twitter_creator":"@Exaudi_News","twitter_site":"@Exaudi_News","twitter_misc":{"Escrito por":"Larissa I. L\u00f3pez","Tiempo de lectura":"3 minutos"},"schema":{"@context":"https:\/\/schema.org","@graph":[{"@type":"Article","@id":"https:\/\/exaudi.org\/es\/el-papa-francisco-vicepresidenta-de-colombia\/#article","isPartOf":{"@id":"https:\/\/exaudi.org\/es\/el-papa-francisco-vicepresidenta-de-colombia\/"},"author":{"name":"Larissa I. L\u00f3pez","@id":"https:\/\/exaudi.org\/#\/schema\/person\/7d2f77db033c2c0929edfab6dbe8c588"},"headline":"El Papa Francisco recibe a vicepresidenta de Colombia","datePublished":"2021-10-25T09:01:11+00:00","dateModified":"2021-10-25T14:56:54+00:00","mainEntityOfPage":{"@id":"https:\/\/exaudi.org\/es\/el-papa-francisco-vicepresidenta-de-colombia\/"},"wordCount":552,"commentCount":0,"image":{"@id":"https:\/\/exaudi.org\/es\/el-papa-francisco-vicepresidenta-de-colombia\/#primaryimage"},"thumbnailUrl":"https:\/\/exaudi.org\/wp-content\/uploads\/2021\/10\/RIP5542-scaled.jpg","keywords":["Colombia","papa francisco"],"articleSection":["Le\u00f3n XIV","\u00daltimas noticias"],"inLanguage":"es","potentialAction":[{"@type":"CommentAction","name":"Comment","target":["https:\/\/exaudi.org\/es\/el-papa-francisco-vicepresidenta-de-colombia\/#respond"]}]},{"@type":"WebPage","@id":"https:\/\/exaudi.org\/es\/el-papa-francisco-vicepresidenta-de-colombia\/","url":"https:\/\/exaudi.org\/es\/el-papa-francisco-vicepresidenta-de-colombia\/","name":"El Papa Francisco recibe a vicepresidenta de Colombia &#8211; Exaudi","isPartOf":{"@id":"https:\/\/exaudi.org\/#website"},"primaryImageOfPage":{"@id":"https:\/\/exaudi.org\/es\/el-papa-francisco-vicepresidenta-de-colombia\/#primaryimage"},"image":{"@id":"https:\/\/exaudi.org\/es\/el-papa-francisco-vicepresidenta-de-colombia\/#primaryimage"},"thumbnailUrl":"https:\/\/exaudi.org\/wp-content\/uploads\/2021\/10\/RIP5542-scaled.jpg","datePublished":"2021-10-25T09:01:11+00:00","dateModified":"2021-10-25T14:56:54+00:00","author":{"@id":"https:\/\/exaudi.org\/#\/schema\/person\/7d2f77db033c2c0929edfab6dbe8c588"},"description":"El Papa Francisco recibi\u00f3 a Marta Luc\u00eda Ram\u00edrez, vicepresidenta de Colombia, el pasado 23 de octubre en el Vaticano","breadcrumb":{"@id":"https:\/\/exaudi.org\/es\/el-papa-francisco-vicepresidenta-de-colombia\/#breadcrumb"},"inLanguage":"es","potentialAction":[{"@type":"ReadAction","target":["https:\/\/exaudi.org\/es\/el-papa-francisco-vicepresidenta-de-colombia\/"]}]},{"@type":"ImageObject","inLanguage":"es","@id":"https:\/\/exaudi.org\/es\/el-papa-francisco-vicepresidenta-de-colombia\/#primaryimage","url":"https:\/\/exaudi.org\/wp-content\/uploads\/2021\/10\/RIP5542-scaled.jpg","contentUrl":"https:\/\/exaudi.org\/wp-content\/uploads\/2021\/10\/RIP5542-scaled.jpg","width":2560,"height":1707,"caption":"El Papa Francisco se re\u00fane con Marta Luc\u00eda Ram\u00edrez, vicepresidenta de Colombia \u00a9 Vatican Media"},{"@type":"BreadcrumbList","@id":"https:\/\/exaudi.org\/es\/el-papa-francisco-vicepresidenta-de-colombia\/#breadcrumb","itemListElement":[{"@type":"ListItem","position":1,"name":"Portada","item":"https:\/\/exaudi.org\/es\/"},{"@type":"ListItem","position":2,"name":"El Papa Francisco recibe a vicepresidenta de Colombia"}]},{"@type":"WebSite","@id":"https:\/\/exaudi.org\/#website","url":"https:\/\/exaudi.org\/","name":"Exaudi","description":"News","potentialAction":[{"@type":"SearchAction","target":{"@type":"EntryPoint","urlTemplate":"https:\/\/exaudi.org\/?s={search_term_string}"},"query-input":{"@type":"PropertyValueSpecification","valueRequired":true,"valueName":"search_term_string"}}],"inLanguage":"es"},{"@type":"Person","@id":"https:\/\/exaudi.org\/#\/schema\/person\/7d2f77db033c2c0929edfab6dbe8c588","name":"Larissa I. L\u00f3pez","image":{"@type":"ImageObject","inLanguage":"es","@id":"https:\/\/secure.gravatar.com\/avatar\/db3ef399ff343d0bb9d25dc5198bc8ece5ac6d621eca79876697a354dabc1e3f?s=96&d=mm&r=g","url":"https:\/\/secure.gravatar.com\/avatar\/db3ef399ff343d0bb9d25dc5198bc8ece5ac6d621eca79876697a354dabc1e3f?s=96&d=mm&r=g","contentUrl":"https:\/\/secure.gravatar.com\/avatar\/db3ef399ff343d0bb9d25dc5198bc8ece5ac6d621eca79876697a354dabc1e3f?s=96&d=mm&r=g","caption":"Larissa I. L\u00f3pez"},"description":"Doctora en Comunicaci\u00f3n. Mi trayectoria profesional ha transcurrido entre el \u00e1mbito de la comunicaci\u00f3n y el de la docencia. En los \u00faltimos a\u00f1os, he trabajado como coordinadora y redactora de la edici\u00f3n de ZENIT en espa\u00f1ol. Como profesora, he impartido clases en la universidad y en centros de FP y bachillerato. Cordobesa de nacimiento, tambi\u00e9n he vivido en Sevilla, Madrid y Roma","url":"https:\/\/exaudi.org\/es\/author\/llopezexaudi-org\/"}]}},"jetpack_featured_media_url":"https:\/\/exaudi.org\/wp-content\/uploads\/2021\/10\/RIP5542-scaled.jpg","jetpack_shortlink":"https:\/\/wp.me\/pgKjF2-9N5","_links":{"self":[{"href":"https:\/\/exaudi.org\/es\/wp-json\/wp\/v2\/posts\/37639","targetHints":{"allow":["GET"]}}],"collection":[{"href":"https:\/\/exaudi.org\/es\/wp-json\/wp\/v2\/posts"}],"about":[{"href":"https:\/\/exaudi.org\/es\/wp-json\/wp\/v2\/types\/post"}],"author":[{"embeddable":true,"href":"https:\/\/exaudi.org\/es\/wp-json\/wp\/v2\/users\/5"}],"replies":[{"embeddable":true,"href":"https:\/\/exaudi.org\/es\/wp-json\/wp\/v2\/comments?post=37639"}],"version-history":[{"count":0,"href":"https:\/\/exaudi.org\/es\/wp-json\/wp\/v2\/posts\/37639\/revisions"}],"wp:featuredmedia":[{"embeddable":true,"href":"https:\/\/exaudi.org\/es\/wp-json\/wp\/v2\/media\/37643"}],"wp:attachment":[{"href":"https:\/\/exaudi.org\/es\/wp-json\/wp\/v2\/media?parent=37639"}],"wp:term":[{"taxonomy":"category","embeddable":true,"href":"https:\/\/exaudi.org\/es\/wp-json\/wp\/v2\/categories?post=37639"},{"taxonomy":"post_tag","embeddable":true,"href":"https:\/\/exaudi.org\/es\/wp-json\/wp\/v2\/tags?post=37639"}],"curies":[{"name":"wp","href":"https:\/\/api.w.org\/{rel}","templated":true}]}}