{"id":37588,"date":"2021-10-24T15:21:02","date_gmt":"2021-10-24T13:21:02","guid":{"rendered":"https:\/\/exaudi.wpengine.com\/?p=37588"},"modified":"2021-10-25T10:34:35","modified_gmt":"2021-10-25T08:34:35","slug":"papa-elogia-la-oracion-de-bartimeo","status":"publish","type":"post","link":"https:\/\/exaudi.org\/es\/papa-elogia-la-oracion-de-bartimeo\/","title":{"rendered":"El Papa elogia la oraci\u00f3n de Bartimeo"},"content":{"rendered":"<p>A las 12 horas de hoy, domingo, 24 octubre 2021, <a href=\"https:\/\/exaudi.wpengine.com\/es\/que-significa-jornada-mundial-de-las-misiones\/\" target=\"_blank\" rel=\"noopener\">Jornada Mundial de las Misiones<\/a>, el Papa Francisco se asom\u00f3 a la ventana de su estudio en el Palacio Apost\u00f3lico Vaticano para rezar el \u00c1ngelus con los fieles y peregrinos reunidos en la Plaza de San Pedro.<\/p>\n<p>Francisco ha alabado hoy la oraci\u00f3n de Bartimeo, presentada en el <a href=\"https:\/\/www.dominicos.org\/predicacion\/evangelio-del-dia\/hoy\/lecturas\/\" target=\"_blank\" rel=\"noopener\">Evangelio del d\u00eda<\/a>, (Mc 10, 46-52). Bartimeo era un mendigo ciego que se encontr\u00f3 con Jes\u00fas cuando el Se\u00f1or se dirig\u00eda a Jerusal\u00e9n.\u00a0De hecho, fue el \u00faltimo encuentro de este tipo antes de la Pasi\u00f3n.<\/p>\n<p>\u201c\u00a1Bartimeo hab\u00eda perdido la vista, pero no la voz!\u201d, record\u00f3 el Papa. \u201cPorque, cuando oy\u00f3 que Jes\u00fas estaba a punto de pasar, comenz\u00f3 a gritar: &#8216;\u00a1Jes\u00fas, Hijo de David, \u00a1ten misericordia de m\u00ed!&#8217; (V. 47). Y grita y grita\u201d.<\/p>\n<p>\u201cLos disc\u00edpulos y la multitud, molestos por sus gritos, lo reprendieron para que se callara. Pero grita a\u00fan m\u00e1s fuerte: \u201d&#8217;\u00a1Hijo de David, ten misericordia de m\u00ed!\u2019\u201d (V. 48). \u201cJes\u00fas escucha e inmediatamente se detiene. Dios siempre escucha el grito de los pobres y no se molesta en absoluto con la voz de Bartimeo; m\u00e1s bien, se da cuenta de que est\u00e1 llena de fe, una fe que no tiene miedo de insistir, de llamar a la puerta del coraz\u00f3n de Dios, a pesar de no ser comprendida y reprochada. Y aqu\u00ed est\u00e1 la ra\u00edz del milagro. De hecho, Jes\u00fas le dice: \u2018Tu fe te ha salvado&#8217; (v. 52)\u201d.<\/p>\n<p>El Santo Padre se\u00f1al\u00f3 la oraci\u00f3n sencilla, directa y contundente de Bartimeo como un ejemplo para el resto de nosotros. Dej\u00f3 clara su fe y claramente pidi\u00f3 ayuda. \u201cBartimeo no usa muchas palabras\u201d, dijo el Pont\u00edfice: \u201cDice lo esencial y se entrega al amor de Dios que puede hacer que su vida vuelva a florecer haciendo lo humanamente imposible\u201d.<\/p>\n<p>\u201cPor eso no le pide limosna al Se\u00f1or, sino que hace que todo se vea: su ceguera y su sufrimiento, que fue mucho m\u00e1s que no poder ver. Su ceguera fue la punta del iceberg; pero debe haber habido heridas, humillaciones, sue\u00f1os rotos, errores, remordimiento en su coraz\u00f3n. Or\u00f3 con su coraz\u00f3n. \u00bfY nosotros? Cuando pedimos la gracia de Dios, en nuestra oraci\u00f3n, \u00bfincluimos tambi\u00e9n nuestra propia historia, nuestras heridas, nuestras humillaciones, nuestros sue\u00f1os rotos, nuestros errores y nuestros lamentos?\u201d, apunt\u00f3.<\/p>\n<p>A continuaci\u00f3n, siguen las palabras del Papa no oficiales al introducir la oraci\u00f3n mariana, ofrecidas por la\u00a0<a href=\"https:\/\/www.vatican.va\/news_services\/press\/index_sp.htm\" target=\"_blank\" rel=\"noopener\">Oficina de Prensa de la Santa Sede<\/a> y traducida por Exaudi.<\/p>\n<p>***<\/p>\n<h4><strong>Palabras del Papa<\/strong><\/h4>\n<p>\u00a1Queridos hermanos y hermanas, buenos d\u00edas!<\/p>\n<p>El Evangelio de la Liturgia de hoy narra de Jes\u00fas que, saliendo de Jeric\u00f3, devuelve la vista a Bartimeo, un ciego que mendiga a lo largo del camino (cfr\u00a0<em>Mc\u00a0<\/em>10,46-52). Es un encuentro importante, el ultimo antes de la entrada del Se\u00f1or en Jerusal\u00e9n para Pascua. Bartimeo hab\u00eda perdido la vista, pero no la voz. De hecho, cuando siente que Jes\u00fas va a pasar, comienza a gritar: \u201cHijo de David, Jes\u00fas, \u00a1ten compasi\u00f3n de m\u00ed!\u201d (v. 47). Y grita. Grita esto. Los disc\u00edpulos y la multitud molestos por sus gritos trataron de hacerlo callar. Pero \u00e9l gritaba mucho m\u00e1s: \u201c\u00a1Hijo de David, ten compasi\u00f3n de m\u00ed!\u201d (v. 48). Jes\u00fas escucha y se detiene de inmediato. Dios escucha siempre el grito del pobre, y no se molesta en absoluto por la voz de Bartimeo, es m\u00e1s, constata que est\u00e1 llena de fe, una fe que no teme en insistir, en llamar al coraz\u00f3n de Dios, a pesar de las incomprensiones y las reprimendas. Y aqu\u00ed se encuentra la ra\u00edz del milagro. De hecho, Jes\u00fas le dice: \u201cTu fe te ha salvado\u201d (v. 52).<\/p>\n<p>La fe de Bartimeo trasluce de su oraci\u00f3n. No es una oraci\u00f3n t\u00edmida y convencional. Ante todo, llama al Se\u00f1or \u201cHijo de David\u201d: \u00f3sea lo reconoce Mes\u00edas, Rey que viene al mundo. Despu\u00e9s lo llama por su nombre, con confianza: \u201cJes\u00fas\u201d. No tiene miedo de El, no se distancia. Y as\u00ed, desde el coraz\u00f3n, grita a Dios amigo todo su drama: \u201cten compasi\u00f3n de mi\u201d. \u00a1Solo esa oraci\u00f3n \u201cten compasi\u00f3n de m\u00ed!\u201d No le pide una d\u00e1diva como hace con los viandantes. No.\u00a0<em>A Aquel que puede todo, pide todo<\/em>. A la gente pide unos centavos, a Jes\u00fas que puede todo, pide todo. \u201cTen compasi\u00f3n\u00a0<em>de <\/em>m\u00ed, ten compasi\u00f3n de todo aquello que soy\u201d. No pide una gracia, sino que se presenta a s\u00ed mismo: pide misericordia para su persona, para su vida. No es una simple petici\u00f3n, pero es muy bella, porque invoca a la piedad, \u00f3sea a la compasi\u00f3n, a la misericordia de Dios, a su ternura.<\/p>\n<p>Bartimeo no usa muchas palabras. Dice lo esencial y se conf\u00eda en el amor de Dios, que puede hacer volver a florecer su vida cumpliendo aquello que es imposible a los hombres. Por esto no pide al Se\u00f1or una limosna, sino manifiesta todo, su ceguera y su sufrimiento, que iba m\u00e1s all\u00e1 del no poder ver. La ceguera era la punta del\u00a0<em>iceberg<\/em>, pero en su coraz\u00f3n hab\u00eda otras heridas, humillaciones, sue\u00f1os rotos, errores, remordimientos. El rezaba con el coraz\u00f3n. \u00bfY nosotros? Cuando pedimos una gracia a Dios, \u00bftambi\u00e9n colocamos en nuestra oraci\u00f3n nuestra propia historia, las heridas, las humillaciones, los sue\u00f1os rotos, los errores, los remordimientos?<\/p>\n<p>\u201c<em>Hijo de David, Jes\u00fas, \u00a1ten compasi\u00f3n de m\u00ed!<\/em>\u201d. Hoy hagamos nuestra esta oraci\u00f3n. Y pregunt\u00e9monos: \u201c\u00bfC\u00f3mo es mi oraci\u00f3n?\u201d. Cada uno de nosotros se pregunte: \u00bfc\u00f3mo es mi oraci\u00f3n? \u00bfEs valiente, tiene la insistencia buena de aquella de Bartimeo, sabe \u201caferrar\u201d al Se\u00f1or mientras pasa, o se conforma en hacerle un saludo formal de vez en cuando, cuando me acuerdo? Aquellas oraciones tibias que no sirven para nada. Y tambi\u00e9n: \u00bfmi oraci\u00f3n es \u201csustanciosa\u201d, descubre el coraz\u00f3n delante del Se\u00f1or? \u00bfLe presento la historia y los rostros de mi vida? O es an\u00e9mica, superficial, \u00bfhecha de rituales sin afecto y sin coraz\u00f3n? Cuando la fe es viva, la oraci\u00f3n es sentida: no mendiga centavos, no se reduce a las necesidades del momento. A Jes\u00fas, que todo puede, se le pide todo. No se olviden de esto. A Jes\u00fas, que todo puede, se le pide todo, con mi insistencia ante El. El est\u00e1 impaciente en derramar su gracia y su alegr\u00eda en nuestros corazones, pero lamentablemente somos nosotros los que mantenemos las distancias, quiz\u00e1s por timidez, flojera o incredulidad. Muchos de nosotros, cuando rezamos, no creemos que el Se\u00f1or puede hacer el milagro. Me acuerdo de aquella historia -que he visto- de aquel pap\u00e1 al que los m\u00e9dicos hab\u00edan dicho que su hija de nueve a\u00f1os no iba a pasar de la noche; estaba en el hospital. Tom\u00f3 un autob\u00fas y viaj\u00f3 setenta kil\u00f3metros hasta el santuario de la Virgen. Estaba cerrado, y aferrado a las rejas, pas\u00f3 toda la noche rezando: \u00a1Se\u00f1or s\u00e1lvala! \u00a1Se\u00f1or, dale la vida!\u201d. Rezaba a la Virgen, toda la noche gritando a Dios, gritando desde el coraz\u00f3n. Luego, por la ma\u00f1ana, cuando regres\u00f3 al hospital, encontr\u00f3 a su esposa llorando. Y pens\u00f3 \u201cha muerto\u201d. Y la esposa le dice: \u201ces incomprensible, no se entiende, los m\u00e9dicos dicen que es algo extra\u00f1o, parece curada\u201d. El grito de aquel hombre, que ped\u00eda todo, fue escuchado por el Se\u00f1or que le hab\u00eda dado todo. Esto no es un cuento: lo he visto yo, en la otra di\u00f3cesis. \u00bfTenemos esta valent\u00eda en la oraci\u00f3n? Pidamos todo a Aquel que puede darnos todo, como hizo Bartimeo, que es un gran maestro, un gran maestro de oraci\u00f3n.<\/p>\n<p>Que Bartimeo nos sirva como ejemplo con su fe concreta, insistente y valiente. Y que Nuestra Se\u00f1ora, Virgen orante, nos haga dirigirnos a Dios con todo el coraz\u00f3n, con la confianza que El escucha atentamente toda oraci\u00f3n.<\/p>\n","protected":false},"excerpt":{"rendered":"<p>Palabras antes de la oraci\u00f3n mariana<\/p>\n","protected":false},"author":4,"featured_media":37617,"comment_status":"closed","ping_status":"closed","sticky":false,"template":"","format":"standard","meta":{"_acf_changed":false,"_crdt_document":"","inline_featured_image":false,"footnotes":""},"categories":[70],"tags":[4642],"class_list":["post-37588","post","type-post","status-publish","format-standard","has-post-thumbnail","hentry","category-angelus-es","tag-angelus-24-octubre-2021"],"acf":[],"yoast_head":"<!-- This site is optimized with the Yoast SEO plugin v27.4 - https:\/\/yoast.com\/product\/yoast-seo-wordpress\/ -->\n<title>El Papa elogia la oraci\u00f3n de Bartimeo &#8211; Exaudi<\/title>\n<meta name=\"description\" content=\"En el \u00c1ngelus de hoy, el Papa Francisco ha reflexionado sobre el Evangelio del d\u00eda, la oraci\u00f3n del ciego Bartimeo\" \/>\n<meta name=\"robots\" content=\"index, follow, max-snippet:-1, max-image-preview:large, max-video-preview:-1\" \/>\n<link rel=\"canonical\" href=\"https:\/\/exaudi.org\/es\/papa-elogia-la-oracion-de-bartimeo\/\" \/>\n<meta property=\"og:locale\" content=\"es_ES\" \/>\n<meta property=\"og:type\" content=\"article\" \/>\n<meta property=\"og:title\" content=\"El Papa elogia la oraci\u00f3n de Bartimeo &#8211; Exaudi\" \/>\n<meta property=\"og:description\" content=\"En el \u00c1ngelus de hoy, el Papa Francisco ha reflexionado sobre el Evangelio del d\u00eda, la oraci\u00f3n del ciego Bartimeo\" \/>\n<meta property=\"og:url\" content=\"https:\/\/exaudi.org\/es\/papa-elogia-la-oracion-de-bartimeo\/\" \/>\n<meta property=\"og:site_name\" content=\"Exaudi\" \/>\n<meta property=\"article:publisher\" content=\"https:\/\/www.facebook.com\/ExaudiNews\" \/>\n<meta property=\"article:published_time\" content=\"2021-10-24T13:21:02+00:00\" \/>\n<meta property=\"article:modified_time\" content=\"2021-10-25T08:34:35+00:00\" \/>\n<meta property=\"og:image\" content=\"https:\/\/exaudi.org\/wp-content\/uploads\/2021\/10\/vm241021111600_00198-scaled.jpg\" \/>\n\t<meta property=\"og:image:width\" content=\"2560\" \/>\n\t<meta property=\"og:image:height\" content=\"1707\" \/>\n\t<meta property=\"og:image:type\" content=\"image\/jpeg\" \/>\n<meta name=\"author\" content=\"Jim Fair\" \/>\n<meta name=\"twitter:card\" content=\"summary_large_image\" \/>\n<meta name=\"twitter:creator\" content=\"@Exaudi_News\" \/>\n<meta name=\"twitter:site\" content=\"@Exaudi_News\" \/>\n<meta name=\"twitter:label1\" content=\"Escrito por\" \/>\n\t<meta name=\"twitter:data1\" content=\"Jim Fair\" \/>\n\t<meta name=\"twitter:label2\" content=\"Tiempo de lectura\" \/>\n\t<meta name=\"twitter:data2\" content=\"6 minutos\" \/>\n<script type=\"application\/ld+json\" class=\"yoast-schema-graph\">{\"@context\":\"https:\\\/\\\/schema.org\",\"@graph\":[{\"@type\":\"Article\",\"@id\":\"https:\\\/\\\/exaudi.org\\\/es\\\/papa-elogia-la-oracion-de-bartimeo\\\/#article\",\"isPartOf\":{\"@id\":\"https:\\\/\\\/exaudi.org\\\/es\\\/papa-elogia-la-oracion-de-bartimeo\\\/\"},\"author\":{\"name\":\"Jim Fair\",\"@id\":\"https:\\\/\\\/exaudi.org\\\/#\\\/schema\\\/person\\\/010bdf0d65f801cd06f263d9b37ae0f4\"},\"headline\":\"El Papa elogia la oraci\u00f3n de Bartimeo\",\"datePublished\":\"2021-10-24T13:21:02+00:00\",\"dateModified\":\"2021-10-25T08:34:35+00:00\",\"mainEntityOfPage\":{\"@id\":\"https:\\\/\\\/exaudi.org\\\/es\\\/papa-elogia-la-oracion-de-bartimeo\\\/\"},\"wordCount\":1386,\"image\":{\"@id\":\"https:\\\/\\\/exaudi.org\\\/es\\\/papa-elogia-la-oracion-de-bartimeo\\\/#primaryimage\"},\"thumbnailUrl\":\"https:\\\/\\\/exaudi.org\\\/wp-content\\\/uploads\\\/2021\\\/10\\\/vm241021111600_00198-scaled.jpg\",\"keywords\":[\"\u00c1ngelus 24 octubre 2021\"],\"articleSection\":[\"\u00c1ngelus\"],\"inLanguage\":\"es\"},{\"@type\":\"WebPage\",\"@id\":\"https:\\\/\\\/exaudi.org\\\/es\\\/papa-elogia-la-oracion-de-bartimeo\\\/\",\"url\":\"https:\\\/\\\/exaudi.org\\\/es\\\/papa-elogia-la-oracion-de-bartimeo\\\/\",\"name\":\"El Papa elogia la oraci\u00f3n de Bartimeo &#8211; Exaudi\",\"isPartOf\":{\"@id\":\"https:\\\/\\\/exaudi.org\\\/#website\"},\"primaryImageOfPage\":{\"@id\":\"https:\\\/\\\/exaudi.org\\\/es\\\/papa-elogia-la-oracion-de-bartimeo\\\/#primaryimage\"},\"image\":{\"@id\":\"https:\\\/\\\/exaudi.org\\\/es\\\/papa-elogia-la-oracion-de-bartimeo\\\/#primaryimage\"},\"thumbnailUrl\":\"https:\\\/\\\/exaudi.org\\\/wp-content\\\/uploads\\\/2021\\\/10\\\/vm241021111600_00198-scaled.jpg\",\"datePublished\":\"2021-10-24T13:21:02+00:00\",\"dateModified\":\"2021-10-25T08:34:35+00:00\",\"author\":{\"@id\":\"https:\\\/\\\/exaudi.org\\\/#\\\/schema\\\/person\\\/010bdf0d65f801cd06f263d9b37ae0f4\"},\"description\":\"En el \u00c1ngelus de hoy, el Papa Francisco ha reflexionado sobre el Evangelio del d\u00eda, la oraci\u00f3n del ciego Bartimeo\",\"breadcrumb\":{\"@id\":\"https:\\\/\\\/exaudi.org\\\/es\\\/papa-elogia-la-oracion-de-bartimeo\\\/#breadcrumb\"},\"inLanguage\":\"es\",\"potentialAction\":[{\"@type\":\"ReadAction\",\"target\":[\"https:\\\/\\\/exaudi.org\\\/es\\\/papa-elogia-la-oracion-de-bartimeo\\\/\"]}]},{\"@type\":\"ImageObject\",\"inLanguage\":\"es\",\"@id\":\"https:\\\/\\\/exaudi.org\\\/es\\\/papa-elogia-la-oracion-de-bartimeo\\\/#primaryimage\",\"url\":\"https:\\\/\\\/exaudi.org\\\/wp-content\\\/uploads\\\/2021\\\/10\\\/vm241021111600_00198-scaled.jpg\",\"contentUrl\":\"https:\\\/\\\/exaudi.org\\\/wp-content\\\/uploads\\\/2021\\\/10\\\/vm241021111600_00198-scaled.jpg\",\"width\":2560,\"height\":1707,\"caption\":\"\u00c1ngelus, 24 octubre 2021 \u00a9 Vatican Media\"},{\"@type\":\"BreadcrumbList\",\"@id\":\"https:\\\/\\\/exaudi.org\\\/es\\\/papa-elogia-la-oracion-de-bartimeo\\\/#breadcrumb\",\"itemListElement\":[{\"@type\":\"ListItem\",\"position\":1,\"name\":\"Portada\",\"item\":\"https:\\\/\\\/exaudi.org\\\/es\\\/\"},{\"@type\":\"ListItem\",\"position\":2,\"name\":\"El Papa elogia la oraci\u00f3n de Bartimeo\"}]},{\"@type\":\"WebSite\",\"@id\":\"https:\\\/\\\/exaudi.org\\\/#website\",\"url\":\"https:\\\/\\\/exaudi.org\\\/\",\"name\":\"Exaudi\",\"description\":\"News\",\"potentialAction\":[{\"@type\":\"SearchAction\",\"target\":{\"@type\":\"EntryPoint\",\"urlTemplate\":\"https:\\\/\\\/exaudi.org\\\/?s={search_term_string}\"},\"query-input\":{\"@type\":\"PropertyValueSpecification\",\"valueRequired\":true,\"valueName\":\"search_term_string\"}}],\"inLanguage\":\"es\"},{\"@type\":\"Person\",\"@id\":\"https:\\\/\\\/exaudi.org\\\/#\\\/schema\\\/person\\\/010bdf0d65f801cd06f263d9b37ae0f4\",\"name\":\"Jim Fair\",\"image\":{\"@type\":\"ImageObject\",\"inLanguage\":\"es\",\"@id\":\"https:\\\/\\\/secure.gravatar.com\\\/avatar\\\/d9e9a2d31abad3e51c5d8f0279fc9b21b66199b8a85886455445ed562fd46934?s=96&d=mm&r=g\",\"url\":\"https:\\\/\\\/secure.gravatar.com\\\/avatar\\\/d9e9a2d31abad3e51c5d8f0279fc9b21b66199b8a85886455445ed562fd46934?s=96&d=mm&r=g\",\"contentUrl\":\"https:\\\/\\\/secure.gravatar.com\\\/avatar\\\/d9e9a2d31abad3e51c5d8f0279fc9b21b66199b8a85886455445ed562fd46934?s=96&d=mm&r=g\",\"caption\":\"Jim Fair\"},\"description\":\"Jim Fair has spent the past two decades as a communicator for Catholic organizations. He is a convert to the Catholic faith and is grateful to his wife, Charmaine, for her continuing efforts to save his soul. They have a son and daughter, both happily married, and four grandchildren. Before devoting his life full-time to things Catholic, Jim enjoyed a 23-year career in various communications roles for large corporations. Before that, he worked as a newspaper reporter, photographer, and editor. He has served as president of the Chicago Public Relations Forum, chairman of the American Petroleum Institute General Committee on Communications, and a fellow of Greater Leadership Chicago. He was a member of the founding committee of the chemical industry\u2019s Responsible Care Program. Jim is an active member of St. John Vianney Parish in Northlake, Illinois, where he chairs the finance council.\",\"url\":\"https:\\\/\\\/exaudi.org\\\/es\\\/author\\\/jfairexaudi-org\\\/\"}]}<\/script>\n<!-- \/ Yoast SEO plugin. -->","yoast_head_json":{"title":"El Papa elogia la oraci\u00f3n de Bartimeo &#8211; Exaudi","description":"En el \u00c1ngelus de hoy, el Papa Francisco ha reflexionado sobre el Evangelio del d\u00eda, la oraci\u00f3n del ciego Bartimeo","robots":{"index":"index","follow":"follow","max-snippet":"max-snippet:-1","max-image-preview":"max-image-preview:large","max-video-preview":"max-video-preview:-1"},"canonical":"https:\/\/exaudi.org\/es\/papa-elogia-la-oracion-de-bartimeo\/","og_locale":"es_ES","og_type":"article","og_title":"El Papa elogia la oraci\u00f3n de Bartimeo &#8211; Exaudi","og_description":"En el \u00c1ngelus de hoy, el Papa Francisco ha reflexionado sobre el Evangelio del d\u00eda, la oraci\u00f3n del ciego Bartimeo","og_url":"https:\/\/exaudi.org\/es\/papa-elogia-la-oracion-de-bartimeo\/","og_site_name":"Exaudi","article_publisher":"https:\/\/www.facebook.com\/ExaudiNews","article_published_time":"2021-10-24T13:21:02+00:00","article_modified_time":"2021-10-25T08:34:35+00:00","og_image":[{"width":2560,"height":1707,"url":"https:\/\/exaudi.org\/wp-content\/uploads\/2021\/10\/vm241021111600_00198-scaled.jpg","type":"image\/jpeg"}],"author":"Jim Fair","twitter_card":"summary_large_image","twitter_creator":"@Exaudi_News","twitter_site":"@Exaudi_News","twitter_misc":{"Escrito por":"Jim Fair","Tiempo de lectura":"6 minutos"},"schema":{"@context":"https:\/\/schema.org","@graph":[{"@type":"Article","@id":"https:\/\/exaudi.org\/es\/papa-elogia-la-oracion-de-bartimeo\/#article","isPartOf":{"@id":"https:\/\/exaudi.org\/es\/papa-elogia-la-oracion-de-bartimeo\/"},"author":{"name":"Jim Fair","@id":"https:\/\/exaudi.org\/#\/schema\/person\/010bdf0d65f801cd06f263d9b37ae0f4"},"headline":"El Papa elogia la oraci\u00f3n de Bartimeo","datePublished":"2021-10-24T13:21:02+00:00","dateModified":"2021-10-25T08:34:35+00:00","mainEntityOfPage":{"@id":"https:\/\/exaudi.org\/es\/papa-elogia-la-oracion-de-bartimeo\/"},"wordCount":1386,"image":{"@id":"https:\/\/exaudi.org\/es\/papa-elogia-la-oracion-de-bartimeo\/#primaryimage"},"thumbnailUrl":"https:\/\/exaudi.org\/wp-content\/uploads\/2021\/10\/vm241021111600_00198-scaled.jpg","keywords":["\u00c1ngelus 24 octubre 2021"],"articleSection":["\u00c1ngelus"],"inLanguage":"es"},{"@type":"WebPage","@id":"https:\/\/exaudi.org\/es\/papa-elogia-la-oracion-de-bartimeo\/","url":"https:\/\/exaudi.org\/es\/papa-elogia-la-oracion-de-bartimeo\/","name":"El Papa elogia la oraci\u00f3n de Bartimeo &#8211; Exaudi","isPartOf":{"@id":"https:\/\/exaudi.org\/#website"},"primaryImageOfPage":{"@id":"https:\/\/exaudi.org\/es\/papa-elogia-la-oracion-de-bartimeo\/#primaryimage"},"image":{"@id":"https:\/\/exaudi.org\/es\/papa-elogia-la-oracion-de-bartimeo\/#primaryimage"},"thumbnailUrl":"https:\/\/exaudi.org\/wp-content\/uploads\/2021\/10\/vm241021111600_00198-scaled.jpg","datePublished":"2021-10-24T13:21:02+00:00","dateModified":"2021-10-25T08:34:35+00:00","author":{"@id":"https:\/\/exaudi.org\/#\/schema\/person\/010bdf0d65f801cd06f263d9b37ae0f4"},"description":"En el \u00c1ngelus de hoy, el Papa Francisco ha reflexionado sobre el Evangelio del d\u00eda, la oraci\u00f3n del ciego Bartimeo","breadcrumb":{"@id":"https:\/\/exaudi.org\/es\/papa-elogia-la-oracion-de-bartimeo\/#breadcrumb"},"inLanguage":"es","potentialAction":[{"@type":"ReadAction","target":["https:\/\/exaudi.org\/es\/papa-elogia-la-oracion-de-bartimeo\/"]}]},{"@type":"ImageObject","inLanguage":"es","@id":"https:\/\/exaudi.org\/es\/papa-elogia-la-oracion-de-bartimeo\/#primaryimage","url":"https:\/\/exaudi.org\/wp-content\/uploads\/2021\/10\/vm241021111600_00198-scaled.jpg","contentUrl":"https:\/\/exaudi.org\/wp-content\/uploads\/2021\/10\/vm241021111600_00198-scaled.jpg","width":2560,"height":1707,"caption":"\u00c1ngelus, 24 octubre 2021 \u00a9 Vatican Media"},{"@type":"BreadcrumbList","@id":"https:\/\/exaudi.org\/es\/papa-elogia-la-oracion-de-bartimeo\/#breadcrumb","itemListElement":[{"@type":"ListItem","position":1,"name":"Portada","item":"https:\/\/exaudi.org\/es\/"},{"@type":"ListItem","position":2,"name":"El Papa elogia la oraci\u00f3n de Bartimeo"}]},{"@type":"WebSite","@id":"https:\/\/exaudi.org\/#website","url":"https:\/\/exaudi.org\/","name":"Exaudi","description":"News","potentialAction":[{"@type":"SearchAction","target":{"@type":"EntryPoint","urlTemplate":"https:\/\/exaudi.org\/?s={search_term_string}"},"query-input":{"@type":"PropertyValueSpecification","valueRequired":true,"valueName":"search_term_string"}}],"inLanguage":"es"},{"@type":"Person","@id":"https:\/\/exaudi.org\/#\/schema\/person\/010bdf0d65f801cd06f263d9b37ae0f4","name":"Jim Fair","image":{"@type":"ImageObject","inLanguage":"es","@id":"https:\/\/secure.gravatar.com\/avatar\/d9e9a2d31abad3e51c5d8f0279fc9b21b66199b8a85886455445ed562fd46934?s=96&d=mm&r=g","url":"https:\/\/secure.gravatar.com\/avatar\/d9e9a2d31abad3e51c5d8f0279fc9b21b66199b8a85886455445ed562fd46934?s=96&d=mm&r=g","contentUrl":"https:\/\/secure.gravatar.com\/avatar\/d9e9a2d31abad3e51c5d8f0279fc9b21b66199b8a85886455445ed562fd46934?s=96&d=mm&r=g","caption":"Jim Fair"},"description":"Jim Fair has spent the past two decades as a communicator for Catholic organizations. He is a convert to the Catholic faith and is grateful to his wife, Charmaine, for her continuing efforts to save his soul. They have a son and daughter, both happily married, and four grandchildren. Before devoting his life full-time to things Catholic, Jim enjoyed a 23-year career in various communications roles for large corporations. Before that, he worked as a newspaper reporter, photographer, and editor. He has served as president of the Chicago Public Relations Forum, chairman of the American Petroleum Institute General Committee on Communications, and a fellow of Greater Leadership Chicago. He was a member of the founding committee of the chemical industry\u2019s Responsible Care Program. Jim is an active member of St. John Vianney Parish in Northlake, Illinois, where he chairs the finance council.","url":"https:\/\/exaudi.org\/es\/author\/jfairexaudi-org\/"}]}},"jetpack_featured_media_url":"https:\/\/exaudi.org\/wp-content\/uploads\/2021\/10\/vm241021111600_00198-scaled.jpg","jetpack_shortlink":"https:\/\/wp.me\/pgKjF2-9Mg","_links":{"self":[{"href":"https:\/\/exaudi.org\/es\/wp-json\/wp\/v2\/posts\/37588","targetHints":{"allow":["GET"]}}],"collection":[{"href":"https:\/\/exaudi.org\/es\/wp-json\/wp\/v2\/posts"}],"about":[{"href":"https:\/\/exaudi.org\/es\/wp-json\/wp\/v2\/types\/post"}],"author":[{"embeddable":true,"href":"https:\/\/exaudi.org\/es\/wp-json\/wp\/v2\/users\/4"}],"replies":[{"embeddable":true,"href":"https:\/\/exaudi.org\/es\/wp-json\/wp\/v2\/comments?post=37588"}],"version-history":[{"count":0,"href":"https:\/\/exaudi.org\/es\/wp-json\/wp\/v2\/posts\/37588\/revisions"}],"wp:featuredmedia":[{"embeddable":true,"href":"https:\/\/exaudi.org\/es\/wp-json\/wp\/v2\/media\/37617"}],"wp:attachment":[{"href":"https:\/\/exaudi.org\/es\/wp-json\/wp\/v2\/media?parent=37588"}],"wp:term":[{"taxonomy":"category","embeddable":true,"href":"https:\/\/exaudi.org\/es\/wp-json\/wp\/v2\/categories?post=37588"},{"taxonomy":"post_tag","embeddable":true,"href":"https:\/\/exaudi.org\/es\/wp-json\/wp\/v2\/tags?post=37588"}],"curies":[{"name":"wp","href":"https:\/\/api.w.org\/{rel}","templated":true}]}}