{"id":37463,"date":"2021-10-22T12:53:26","date_gmt":"2021-10-22T10:53:26","guid":{"rendered":"https:\/\/exaudi.wpengine.com\/?p=37463"},"modified":"2021-10-24T11:25:29","modified_gmt":"2021-10-24T09:25:29","slug":"el-papa-felicita-a-bartolome-i-queridisimo-hermano-en-cristo","status":"publish","type":"post","link":"https:\/\/exaudi.org\/es\/el-papa-felicita-a-bartolome-i-queridisimo-hermano-en-cristo\/","title":{"rendered":"El Papa felicita a Bartolom\u00e9 I, \u201cquerid\u00edsimo hermano en Cristo\u201d"},"content":{"rendered":"<p>\u201c\u00a1En la feliz ocasi\u00f3n del 30\u00ba aniversario de tu elecci\u00f3n como arzobispo de Constantinopla y patriarca ecum\u00e9nico, te expreso mis mejores deseos: <em>\u03a7\u03c1\u03cc\u03bd\u03b9\u03b1 \u03c0\u03bf\u03bb\u03bb\u03ac! \u00a1Ad multos annos!\u201d, <\/em>dice el Papa Francisco al patriarca Bartolom\u00e9 I, su \u201cquerid\u00edsimo hermano en Cristo\u201d. Con motivo de esta efem\u00e9ride, el Santo Padre ha enviado una carta en la que felicita a Bartolom\u00e9 I.<\/p>\n<p>\u201cCon gratitud a Dios\u201d, Francisco reflexiona en la misiva sobre el \u201cprofundo v\u00ednculo personal\u201d, que mantiene con el el representante ortodoxo \u201cdesde el momento de la inauguraci\u00f3n de mi ministerio papal, cuando me honraste con tu presencia en Roma\u201d. Con el tiempo, relata, \u201ceste v\u00ednculo se ha convertido en una amistad fraterna alimentada en muchos encuentros no s\u00f3lo en Roma, sino tambi\u00e9n en el Fanar, en Jerusal\u00e9n, As\u00eds, El Cairo, Lesbos, Bari y Budapest\u201d.<\/p>\n<p>\u201cComo refleja claramente, una vez m\u00e1s, tu participaci\u00f3n en los<a href=\"https:\/\/exaudi.wpengine.com\/es\/papa-salvaguardar-casa-comun-preservarla-acciones-perversas\/\" target=\"_blank\" rel=\"noopener\"> actos celebrados recientemente en Roma<\/a>, en los que tu presencia ha sido muy apreciada, comparto contigo la comprensi\u00f3n de nuestra com\u00fan responsabilidad pastoral ante los urgentes desaf\u00edos a los que se enfrenta hoy toda la familia humana\u201d, se lee en el texto.<\/p>\n<h4><strong>Camino del di\u00e1logo, en la caridad y en la verdad<\/strong><\/h4>\n<p>En particular, el Papa asegura su aprecio por el compromiso del patriarca ecum\u00e9nico \u201ccon la salvaguardia de la creaci\u00f3n\u201d y su reflexi\u00f3n sobre esta cuesti\u00f3n, \u201cde la que he aprendido y sigo aprendiendo mucho\u201d. \u201cCon el estallido de la pandemia y sus graves repercusiones sanitarias, sociales y econ\u00f3micas que se derivan de ella, tu testimonio y ense\u00f1anzas sobre la necesidad de la conversi\u00f3n espiritual de la humanidad han adquirido una relevancia duradera\u201d, apunta el Pont\u00edfice.<\/p>\n<p>Adem\u00e1s, el Obispos de Roma agradece \u201cla indicaci\u00f3n incesante del camino del di\u00e1logo, en la caridad y en la verdad, como \u00fanica v\u00eda posible para la reconciliaci\u00f3n entre los creyentes en Cristo y para el restablecimiento de su plena comuni\u00f3n\u201d. Y a\u00f1ade: \u201cCon la ayuda de Dios, \u00e9ste es el camino por el que ciertamente seguiremos caminando juntos, pues la cercan\u00eda y la solidaridad entre nuestras Iglesias son una contribuci\u00f3n indispensable a la fraternidad universal y a la justicia social, de las que la humanidad est\u00e1 tan necesitada\u201d.<\/p>\n<p>A continuaci\u00f3n, sigue el texto completo de la Carta del Papa Francisco al patriarca ecum\u00e9nico Bartolome I ofrecido por la <a href=\"https:\/\/www.vatican.va\/news_services\/press\/index_sp.htm\" target=\"_blank\" rel=\"noopener\">Oficina de Prensa de la Santa Sede<\/a>.<\/p>\n<h4>***<\/h4>\n<h4><strong>Carta del Santo Padre<\/strong><\/h4>\n<p>A Su Santidad Bartolom\u00e9<br \/>\nArzobispo de Constantinopla<br \/>\nPatriarca Ecum\u00e9nico<\/p>\n<p>\u201cGracia y paz a vosotros de parte de \u201cAquel que es, que era y que va a venir\u201d (Ap 1,4)<\/p>\n<p>Querid\u00edsimo hermano en Cristo,<\/p>\n<p>\u00a1En la feliz ocasi\u00f3n del 30\u00ba aniversario de tu elecci\u00f3n como arzobispo de Constantinopla y patriarca ecum\u00e9nico, te expreso mis mejores deseos: <em>\u03a7\u03c1\u03cc\u03bd\u03b9\u03b1 \u03c0\u03bf\u03bb\u03bb\u03ac! \u00a1Ad multos annos!<br \/>\n<\/em><br \/>\nMe uno a ti en la acci\u00f3n de gracias al Se\u00f1or por las numerosas bendiciones otorgadas a tu vida y a tu ministerio a lo largo de estos a\u00f1os, y ruego a Dios, de quien proceden todos los dones, que te conceda salud, alegr\u00eda espiritual y gracia abundante para sostener todos los aspectos de tu noble servicio.<\/p>\n<p>Con gratitud a Dios, reflexiono sobre nuestro profundo v\u00ednculo personal, desde el momento de la inauguraci\u00f3n de mi ministerio papal, cuando me honraste con tu presencia en Roma. Con el tiempo, este v\u00ednculo se ha convertido en una amistad fraterna alimentada en muchos encuentros no s\u00f3lo en Roma, sino tambi\u00e9n en el Fanar, en Jerusal\u00e9n, As\u00eds, El Cairo, Lesbos, Bari y Budapest. Como refleja claramente, una vez m\u00e1s, tu participaci\u00f3n en los actos celebrados recientemente en Roma, en los que tu presencia ha sido muy apreciada, comparto contigo la comprensi\u00f3n de nuestra com\u00fan responsabilidad pastoral ante los urgentes desaf\u00edos a los que se enfrenta hoy toda la familia humana.<\/p>\n<p>En particular, te aseguro mi aprecio por tu compromiso con la salvaguardia de la creaci\u00f3n y por tu reflexi\u00f3n sobre esta cuesti\u00f3n, de la que he aprendido y sigo aprendiendo mucho. Con el estallido de la pandemia y sus graves repercusiones sanitarias, sociales y econ\u00f3micas que se derivan de ella, tu testimonio y ense\u00f1anzas sobre la necesidad de la conversi\u00f3n espiritual de la humanidad han adquirido una relevancia duradera.<\/p>\n<p>Adem\u00e1s, te agradezco sinceramente tu indicaci\u00f3n incesante del camino del di\u00e1logo, en la caridad y en la verdad, como \u00fanica v\u00eda posible para la reconciliaci\u00f3n entre los creyentes en Cristo y para el restablecimiento de su plena comuni\u00f3n. Con la ayuda de Dios, \u00e9ste es el camino por el que ciertamente seguiremos caminando juntos, pues la cercan\u00eda y la solidaridad entre nuestras Iglesias son una contribuci\u00f3n indispensable a la fraternidad universal y a la justicia social, de las que la humanidad est\u00e1 tan necesitada.<\/p>\n<p>Con sentimientos de profundo afecto fraterno, intercambio con Su Santidad un santo abrazo en el amor de Cristo el Se\u00f1or.<\/p>\n<p>Roma, desde San Juan de Letr\u00e1n, 22 de octubre de 2021<\/p>\n<p>FRANCISCO<\/p>\n<p><strong>\u00a9 Librer\u00eda Editora Vaticana<\/strong><\/p>\n","protected":false},"excerpt":{"rendered":"<p>30\u00ba aniversario de su elecci\u00f3n como arzobispo de Constantinopla y patriarca ecum\u00e9nico<\/p>\n","protected":false},"author":5,"featured_media":37465,"comment_status":"open","ping_status":"open","sticky":false,"template":"","format":"standard","meta":{"_acf_changed":false,"_crdt_document":"","inline_featured_image":false,"footnotes":""},"categories":[68,298],"tags":[4003,158],"class_list":["post-37463","post","type-post","status-publish","format-standard","has-post-thumbnail","hentry","category-leon-xiv","category-ultimas-noticias","tag-bartolome-i","tag-papa-francisco"],"acf":[],"yoast_head":"<!-- This site is optimized with the Yoast SEO plugin v27.5 - https:\/\/yoast.com\/product\/yoast-seo-wordpress\/ -->\n<title>El Papa felicita a Bartolom\u00e9 I, \u201cquerid\u00edsimo hermano en Cristo\u201d &#8211; Exaudi<\/title>\n<meta name=\"description\" content=\"El Papa el Papa felicita a Bartolom\u00e9 I el 30\u00ba aniversario de su elecci\u00f3n como arzobispo de Constantinopla y patriarca ecum\u00e9nico,\" \/>\n<meta name=\"robots\" content=\"index, follow, max-snippet:-1, max-image-preview:large, max-video-preview:-1\" \/>\n<link rel=\"canonical\" href=\"https:\/\/exaudi.org\/es\/el-papa-felicita-a-bartolome-i-queridisimo-hermano-en-cristo\/\" \/>\n<meta property=\"og:locale\" content=\"es_ES\" \/>\n<meta property=\"og:type\" content=\"article\" \/>\n<meta property=\"og:title\" content=\"El Papa felicita a Bartolom\u00e9 I, \u201cquerid\u00edsimo hermano en Cristo\u201d &#8211; Exaudi\" \/>\n<meta property=\"og:description\" content=\"El Papa el Papa felicita a Bartolom\u00e9 I el 30\u00ba aniversario de su elecci\u00f3n como arzobispo de Constantinopla y patriarca ecum\u00e9nico,\" \/>\n<meta property=\"og:url\" content=\"https:\/\/exaudi.org\/es\/el-papa-felicita-a-bartolome-i-queridisimo-hermano-en-cristo\/\" \/>\n<meta property=\"og:site_name\" content=\"Exaudi\" \/>\n<meta property=\"article:publisher\" content=\"https:\/\/www.facebook.com\/ExaudiNews\" \/>\n<meta property=\"article:published_time\" content=\"2021-10-22T10:53:26+00:00\" \/>\n<meta property=\"article:modified_time\" content=\"2021-10-24T09:25:29+00:00\" \/>\n<meta property=\"og:image\" content=\"https:\/\/exaudi.org\/wp-content\/uploads\/2021\/10\/El-Papa-Francisco-Recibe-A-Bartolome-I-Bari-Italia-\u00a9-Vatican-Media-scaled.jpg\" \/>\n\t<meta property=\"og:image:width\" content=\"2560\" \/>\n\t<meta property=\"og:image:height\" content=\"1707\" \/>\n\t<meta property=\"og:image:type\" content=\"image\/jpeg\" \/>\n<meta name=\"author\" content=\"Larissa I. L\u00f3pez\" \/>\n<meta name=\"twitter:card\" content=\"summary_large_image\" \/>\n<meta name=\"twitter:creator\" content=\"@Exaudi_News\" \/>\n<meta name=\"twitter:site\" content=\"@Exaudi_News\" \/>\n<meta name=\"twitter:label1\" content=\"Escrito por\" \/>\n\t<meta name=\"twitter:data1\" content=\"Larissa I. L\u00f3pez\" \/>\n\t<meta name=\"twitter:label2\" content=\"Tiempo de lectura\" \/>\n\t<meta name=\"twitter:data2\" content=\"4 minutos\" \/>\n<script type=\"application\/ld+json\" class=\"yoast-schema-graph\">{\"@context\":\"https:\\\/\\\/schema.org\",\"@graph\":[{\"@type\":\"Article\",\"@id\":\"https:\\\/\\\/exaudi.org\\\/es\\\/el-papa-felicita-a-bartolome-i-queridisimo-hermano-en-cristo\\\/#article\",\"isPartOf\":{\"@id\":\"https:\\\/\\\/exaudi.org\\\/es\\\/el-papa-felicita-a-bartolome-i-queridisimo-hermano-en-cristo\\\/\"},\"author\":{\"name\":\"Larissa I. L\u00f3pez\",\"@id\":\"https:\\\/\\\/exaudi.org\\\/#\\\/schema\\\/person\\\/7d2f77db033c2c0929edfab6dbe8c588\"},\"headline\":\"El Papa felicita a Bartolom\u00e9 I, \u201cquerid\u00edsimo hermano en Cristo\u201d\",\"datePublished\":\"2021-10-22T10:53:26+00:00\",\"dateModified\":\"2021-10-24T09:25:29+00:00\",\"mainEntityOfPage\":{\"@id\":\"https:\\\/\\\/exaudi.org\\\/es\\\/el-papa-felicita-a-bartolome-i-queridisimo-hermano-en-cristo\\\/\"},\"wordCount\":880,\"commentCount\":0,\"image\":{\"@id\":\"https:\\\/\\\/exaudi.org\\\/es\\\/el-papa-felicita-a-bartolome-i-queridisimo-hermano-en-cristo\\\/#primaryimage\"},\"thumbnailUrl\":\"https:\\\/\\\/exaudi.org\\\/wp-content\\\/uploads\\\/2021\\\/10\\\/El-Papa-Francisco-Recibe-A-Bartolome-I-Bari-Italia-\u00a9-Vatican-Media-scaled.jpg\",\"keywords\":[\"Bartolom\u00e9 I\",\"papa francisco\"],\"articleSection\":[\"Le\u00f3n XIV\",\"\u00daltimas noticias\"],\"inLanguage\":\"es\",\"potentialAction\":[{\"@type\":\"CommentAction\",\"name\":\"Comment\",\"target\":[\"https:\\\/\\\/exaudi.org\\\/es\\\/el-papa-felicita-a-bartolome-i-queridisimo-hermano-en-cristo\\\/#respond\"]}]},{\"@type\":\"WebPage\",\"@id\":\"https:\\\/\\\/exaudi.org\\\/es\\\/el-papa-felicita-a-bartolome-i-queridisimo-hermano-en-cristo\\\/\",\"url\":\"https:\\\/\\\/exaudi.org\\\/es\\\/el-papa-felicita-a-bartolome-i-queridisimo-hermano-en-cristo\\\/\",\"name\":\"El Papa felicita a Bartolom\u00e9 I, \u201cquerid\u00edsimo hermano en Cristo\u201d &#8211; Exaudi\",\"isPartOf\":{\"@id\":\"https:\\\/\\\/exaudi.org\\\/#website\"},\"primaryImageOfPage\":{\"@id\":\"https:\\\/\\\/exaudi.org\\\/es\\\/el-papa-felicita-a-bartolome-i-queridisimo-hermano-en-cristo\\\/#primaryimage\"},\"image\":{\"@id\":\"https:\\\/\\\/exaudi.org\\\/es\\\/el-papa-felicita-a-bartolome-i-queridisimo-hermano-en-cristo\\\/#primaryimage\"},\"thumbnailUrl\":\"https:\\\/\\\/exaudi.org\\\/wp-content\\\/uploads\\\/2021\\\/10\\\/El-Papa-Francisco-Recibe-A-Bartolome-I-Bari-Italia-\u00a9-Vatican-Media-scaled.jpg\",\"datePublished\":\"2021-10-22T10:53:26+00:00\",\"dateModified\":\"2021-10-24T09:25:29+00:00\",\"author\":{\"@id\":\"https:\\\/\\\/exaudi.org\\\/#\\\/schema\\\/person\\\/7d2f77db033c2c0929edfab6dbe8c588\"},\"description\":\"El Papa el Papa felicita a Bartolom\u00e9 I el 30\u00ba aniversario de su elecci\u00f3n como arzobispo de Constantinopla y patriarca ecum\u00e9nico,\",\"breadcrumb\":{\"@id\":\"https:\\\/\\\/exaudi.org\\\/es\\\/el-papa-felicita-a-bartolome-i-queridisimo-hermano-en-cristo\\\/#breadcrumb\"},\"inLanguage\":\"es\",\"potentialAction\":[{\"@type\":\"ReadAction\",\"target\":[\"https:\\\/\\\/exaudi.org\\\/es\\\/el-papa-felicita-a-bartolome-i-queridisimo-hermano-en-cristo\\\/\"]}]},{\"@type\":\"ImageObject\",\"inLanguage\":\"es\",\"@id\":\"https:\\\/\\\/exaudi.org\\\/es\\\/el-papa-felicita-a-bartolome-i-queridisimo-hermano-en-cristo\\\/#primaryimage\",\"url\":\"https:\\\/\\\/exaudi.org\\\/wp-content\\\/uploads\\\/2021\\\/10\\\/El-Papa-Francisco-Recibe-A-Bartolome-I-Bari-Italia-\u00a9-Vatican-Media-scaled.jpg\",\"contentUrl\":\"https:\\\/\\\/exaudi.org\\\/wp-content\\\/uploads\\\/2021\\\/10\\\/El-Papa-Francisco-Recibe-A-Bartolome-I-Bari-Italia-\u00a9-Vatican-Media-scaled.jpg\",\"width\":2560,\"height\":1707,\"caption\":\"El Papa Francisco recibe A Bartolom\u00e9 I Bari, Italia \u00a9 Vatican Media\"},{\"@type\":\"BreadcrumbList\",\"@id\":\"https:\\\/\\\/exaudi.org\\\/es\\\/el-papa-felicita-a-bartolome-i-queridisimo-hermano-en-cristo\\\/#breadcrumb\",\"itemListElement\":[{\"@type\":\"ListItem\",\"position\":1,\"name\":\"Portada\",\"item\":\"https:\\\/\\\/exaudi.org\\\/es\\\/\"},{\"@type\":\"ListItem\",\"position\":2,\"name\":\"El Papa felicita a Bartolom\u00e9 I, \u201cquerid\u00edsimo hermano en Cristo\u201d\"}]},{\"@type\":\"WebSite\",\"@id\":\"https:\\\/\\\/exaudi.org\\\/#website\",\"url\":\"https:\\\/\\\/exaudi.org\\\/\",\"name\":\"Exaudi\",\"description\":\"News\",\"potentialAction\":[{\"@type\":\"SearchAction\",\"target\":{\"@type\":\"EntryPoint\",\"urlTemplate\":\"https:\\\/\\\/exaudi.org\\\/?s={search_term_string}\"},\"query-input\":{\"@type\":\"PropertyValueSpecification\",\"valueRequired\":true,\"valueName\":\"search_term_string\"}}],\"inLanguage\":\"es\"},{\"@type\":\"Person\",\"@id\":\"https:\\\/\\\/exaudi.org\\\/#\\\/schema\\\/person\\\/7d2f77db033c2c0929edfab6dbe8c588\",\"name\":\"Larissa I. L\u00f3pez\",\"image\":{\"@type\":\"ImageObject\",\"inLanguage\":\"es\",\"@id\":\"https:\\\/\\\/secure.gravatar.com\\\/avatar\\\/db3ef399ff343d0bb9d25dc5198bc8ece5ac6d621eca79876697a354dabc1e3f?s=96&d=mm&r=g\",\"url\":\"https:\\\/\\\/secure.gravatar.com\\\/avatar\\\/db3ef399ff343d0bb9d25dc5198bc8ece5ac6d621eca79876697a354dabc1e3f?s=96&d=mm&r=g\",\"contentUrl\":\"https:\\\/\\\/secure.gravatar.com\\\/avatar\\\/db3ef399ff343d0bb9d25dc5198bc8ece5ac6d621eca79876697a354dabc1e3f?s=96&d=mm&r=g\",\"caption\":\"Larissa I. L\u00f3pez\"},\"description\":\"Doctora en Comunicaci\u00f3n. Mi trayectoria profesional ha transcurrido entre el \u00e1mbito de la comunicaci\u00f3n y el de la docencia. En los \u00faltimos a\u00f1os, he trabajado como coordinadora y redactora de la edici\u00f3n de ZENIT en espa\u00f1ol. Como profesora, he impartido clases en la universidad y en centros de FP y bachillerato. Cordobesa de nacimiento, tambi\u00e9n he vivido en Sevilla, Madrid y Roma\",\"url\":\"https:\\\/\\\/exaudi.org\\\/es\\\/author\\\/llopezexaudi-org\\\/\"}]}<\/script>\n<!-- \/ Yoast SEO plugin. -->","yoast_head_json":{"title":"El Papa felicita a Bartolom\u00e9 I, \u201cquerid\u00edsimo hermano en Cristo\u201d &#8211; Exaudi","description":"El Papa el Papa felicita a Bartolom\u00e9 I el 30\u00ba aniversario de su elecci\u00f3n como arzobispo de Constantinopla y patriarca ecum\u00e9nico,","robots":{"index":"index","follow":"follow","max-snippet":"max-snippet:-1","max-image-preview":"max-image-preview:large","max-video-preview":"max-video-preview:-1"},"canonical":"https:\/\/exaudi.org\/es\/el-papa-felicita-a-bartolome-i-queridisimo-hermano-en-cristo\/","og_locale":"es_ES","og_type":"article","og_title":"El Papa felicita a Bartolom\u00e9 I, \u201cquerid\u00edsimo hermano en Cristo\u201d &#8211; Exaudi","og_description":"El Papa el Papa felicita a Bartolom\u00e9 I el 30\u00ba aniversario de su elecci\u00f3n como arzobispo de Constantinopla y patriarca ecum\u00e9nico,","og_url":"https:\/\/exaudi.org\/es\/el-papa-felicita-a-bartolome-i-queridisimo-hermano-en-cristo\/","og_site_name":"Exaudi","article_publisher":"https:\/\/www.facebook.com\/ExaudiNews","article_published_time":"2021-10-22T10:53:26+00:00","article_modified_time":"2021-10-24T09:25:29+00:00","og_image":[{"width":2560,"height":1707,"url":"https:\/\/exaudi.org\/wp-content\/uploads\/2021\/10\/El-Papa-Francisco-Recibe-A-Bartolome-I-Bari-Italia-\u00a9-Vatican-Media-scaled.jpg","type":"image\/jpeg"}],"author":"Larissa I. L\u00f3pez","twitter_card":"summary_large_image","twitter_creator":"@Exaudi_News","twitter_site":"@Exaudi_News","twitter_misc":{"Escrito por":"Larissa I. L\u00f3pez","Tiempo de lectura":"4 minutos"},"schema":{"@context":"https:\/\/schema.org","@graph":[{"@type":"Article","@id":"https:\/\/exaudi.org\/es\/el-papa-felicita-a-bartolome-i-queridisimo-hermano-en-cristo\/#article","isPartOf":{"@id":"https:\/\/exaudi.org\/es\/el-papa-felicita-a-bartolome-i-queridisimo-hermano-en-cristo\/"},"author":{"name":"Larissa I. L\u00f3pez","@id":"https:\/\/exaudi.org\/#\/schema\/person\/7d2f77db033c2c0929edfab6dbe8c588"},"headline":"El Papa felicita a Bartolom\u00e9 I, \u201cquerid\u00edsimo hermano en Cristo\u201d","datePublished":"2021-10-22T10:53:26+00:00","dateModified":"2021-10-24T09:25:29+00:00","mainEntityOfPage":{"@id":"https:\/\/exaudi.org\/es\/el-papa-felicita-a-bartolome-i-queridisimo-hermano-en-cristo\/"},"wordCount":880,"commentCount":0,"image":{"@id":"https:\/\/exaudi.org\/es\/el-papa-felicita-a-bartolome-i-queridisimo-hermano-en-cristo\/#primaryimage"},"thumbnailUrl":"https:\/\/exaudi.org\/wp-content\/uploads\/2021\/10\/El-Papa-Francisco-Recibe-A-Bartolome-I-Bari-Italia-\u00a9-Vatican-Media-scaled.jpg","keywords":["Bartolom\u00e9 I","papa francisco"],"articleSection":["Le\u00f3n XIV","\u00daltimas noticias"],"inLanguage":"es","potentialAction":[{"@type":"CommentAction","name":"Comment","target":["https:\/\/exaudi.org\/es\/el-papa-felicita-a-bartolome-i-queridisimo-hermano-en-cristo\/#respond"]}]},{"@type":"WebPage","@id":"https:\/\/exaudi.org\/es\/el-papa-felicita-a-bartolome-i-queridisimo-hermano-en-cristo\/","url":"https:\/\/exaudi.org\/es\/el-papa-felicita-a-bartolome-i-queridisimo-hermano-en-cristo\/","name":"El Papa felicita a Bartolom\u00e9 I, \u201cquerid\u00edsimo hermano en Cristo\u201d &#8211; Exaudi","isPartOf":{"@id":"https:\/\/exaudi.org\/#website"},"primaryImageOfPage":{"@id":"https:\/\/exaudi.org\/es\/el-papa-felicita-a-bartolome-i-queridisimo-hermano-en-cristo\/#primaryimage"},"image":{"@id":"https:\/\/exaudi.org\/es\/el-papa-felicita-a-bartolome-i-queridisimo-hermano-en-cristo\/#primaryimage"},"thumbnailUrl":"https:\/\/exaudi.org\/wp-content\/uploads\/2021\/10\/El-Papa-Francisco-Recibe-A-Bartolome-I-Bari-Italia-\u00a9-Vatican-Media-scaled.jpg","datePublished":"2021-10-22T10:53:26+00:00","dateModified":"2021-10-24T09:25:29+00:00","author":{"@id":"https:\/\/exaudi.org\/#\/schema\/person\/7d2f77db033c2c0929edfab6dbe8c588"},"description":"El Papa el Papa felicita a Bartolom\u00e9 I el 30\u00ba aniversario de su elecci\u00f3n como arzobispo de Constantinopla y patriarca ecum\u00e9nico,","breadcrumb":{"@id":"https:\/\/exaudi.org\/es\/el-papa-felicita-a-bartolome-i-queridisimo-hermano-en-cristo\/#breadcrumb"},"inLanguage":"es","potentialAction":[{"@type":"ReadAction","target":["https:\/\/exaudi.org\/es\/el-papa-felicita-a-bartolome-i-queridisimo-hermano-en-cristo\/"]}]},{"@type":"ImageObject","inLanguage":"es","@id":"https:\/\/exaudi.org\/es\/el-papa-felicita-a-bartolome-i-queridisimo-hermano-en-cristo\/#primaryimage","url":"https:\/\/exaudi.org\/wp-content\/uploads\/2021\/10\/El-Papa-Francisco-Recibe-A-Bartolome-I-Bari-Italia-\u00a9-Vatican-Media-scaled.jpg","contentUrl":"https:\/\/exaudi.org\/wp-content\/uploads\/2021\/10\/El-Papa-Francisco-Recibe-A-Bartolome-I-Bari-Italia-\u00a9-Vatican-Media-scaled.jpg","width":2560,"height":1707,"caption":"El Papa Francisco recibe A Bartolom\u00e9 I Bari, Italia \u00a9 Vatican Media"},{"@type":"BreadcrumbList","@id":"https:\/\/exaudi.org\/es\/el-papa-felicita-a-bartolome-i-queridisimo-hermano-en-cristo\/#breadcrumb","itemListElement":[{"@type":"ListItem","position":1,"name":"Portada","item":"https:\/\/exaudi.org\/es\/"},{"@type":"ListItem","position":2,"name":"El Papa felicita a Bartolom\u00e9 I, \u201cquerid\u00edsimo hermano en Cristo\u201d"}]},{"@type":"WebSite","@id":"https:\/\/exaudi.org\/#website","url":"https:\/\/exaudi.org\/","name":"Exaudi","description":"News","potentialAction":[{"@type":"SearchAction","target":{"@type":"EntryPoint","urlTemplate":"https:\/\/exaudi.org\/?s={search_term_string}"},"query-input":{"@type":"PropertyValueSpecification","valueRequired":true,"valueName":"search_term_string"}}],"inLanguage":"es"},{"@type":"Person","@id":"https:\/\/exaudi.org\/#\/schema\/person\/7d2f77db033c2c0929edfab6dbe8c588","name":"Larissa I. L\u00f3pez","image":{"@type":"ImageObject","inLanguage":"es","@id":"https:\/\/secure.gravatar.com\/avatar\/db3ef399ff343d0bb9d25dc5198bc8ece5ac6d621eca79876697a354dabc1e3f?s=96&d=mm&r=g","url":"https:\/\/secure.gravatar.com\/avatar\/db3ef399ff343d0bb9d25dc5198bc8ece5ac6d621eca79876697a354dabc1e3f?s=96&d=mm&r=g","contentUrl":"https:\/\/secure.gravatar.com\/avatar\/db3ef399ff343d0bb9d25dc5198bc8ece5ac6d621eca79876697a354dabc1e3f?s=96&d=mm&r=g","caption":"Larissa I. L\u00f3pez"},"description":"Doctora en Comunicaci\u00f3n. Mi trayectoria profesional ha transcurrido entre el \u00e1mbito de la comunicaci\u00f3n y el de la docencia. En los \u00faltimos a\u00f1os, he trabajado como coordinadora y redactora de la edici\u00f3n de ZENIT en espa\u00f1ol. Como profesora, he impartido clases en la universidad y en centros de FP y bachillerato. Cordobesa de nacimiento, tambi\u00e9n he vivido en Sevilla, Madrid y Roma","url":"https:\/\/exaudi.org\/es\/author\/llopezexaudi-org\/"}]}},"jetpack_featured_media_url":"https:\/\/exaudi.org\/wp-content\/uploads\/2021\/10\/El-Papa-Francisco-Recibe-A-Bartolome-I-Bari-Italia-\u00a9-Vatican-Media-scaled.jpg","jetpack_shortlink":"https:\/\/wp.me\/pgKjF2-9Kf","_links":{"self":[{"href":"https:\/\/exaudi.org\/es\/wp-json\/wp\/v2\/posts\/37463","targetHints":{"allow":["GET"]}}],"collection":[{"href":"https:\/\/exaudi.org\/es\/wp-json\/wp\/v2\/posts"}],"about":[{"href":"https:\/\/exaudi.org\/es\/wp-json\/wp\/v2\/types\/post"}],"author":[{"embeddable":true,"href":"https:\/\/exaudi.org\/es\/wp-json\/wp\/v2\/users\/5"}],"replies":[{"embeddable":true,"href":"https:\/\/exaudi.org\/es\/wp-json\/wp\/v2\/comments?post=37463"}],"version-history":[{"count":0,"href":"https:\/\/exaudi.org\/es\/wp-json\/wp\/v2\/posts\/37463\/revisions"}],"wp:featuredmedia":[{"embeddable":true,"href":"https:\/\/exaudi.org\/es\/wp-json\/wp\/v2\/media\/37465"}],"wp:attachment":[{"href":"https:\/\/exaudi.org\/es\/wp-json\/wp\/v2\/media?parent=37463"}],"wp:term":[{"taxonomy":"category","embeddable":true,"href":"https:\/\/exaudi.org\/es\/wp-json\/wp\/v2\/categories?post=37463"},{"taxonomy":"post_tag","embeddable":true,"href":"https:\/\/exaudi.org\/es\/wp-json\/wp\/v2\/tags?post=37463"}],"curies":[{"name":"wp","href":"https:\/\/api.w.org\/{rel}","templated":true}]}}