{"id":37447,"date":"2021-10-22T12:21:06","date_gmt":"2021-10-22T10:21:06","guid":{"rendered":"https:\/\/exaudi.wpengine.com\/?p=37447"},"modified":"2021-10-23T17:18:37","modified_gmt":"2021-10-23T15:18:37","slug":"se-buscan-rebeldes-lo-que-me-da-la-gana","status":"publish","type":"post","link":"https:\/\/exaudi.org\/es\/se-buscan-rebeldes-lo-que-me-da-la-gana\/","title":{"rendered":"Hago lo que me da la gana"},"content":{"rendered":"<p>Desde Exaudi ofrecemos a los lectores el v\u00eddeo semanal del canal de evangelizaci\u00f3n cat\u00f3lico\u00a0<a href=\"https:\/\/exaudi.wpengine.com\/es\/author\/sebuscanrebeldes\/\" target=\"_blank\" rel=\"noopener\">Se buscan Rebeldes<\/a>, en el que <a href=\"https:\/\/www.youtube.com\/watch?v=26zzKNiiPLw\" target=\"_blank\" rel=\"noopener\">M.Olga Mar\u00eda del Redentor, Carmelita Samaritana del Coraz\u00f3n de Jes\u00fas reflexiona<\/a> lo que hay detr\u00e1s de la frase \u201cHago lo que me da la gana\u201d, explica c\u00f3mo escapar de la dictadura del ego\u00edsmo para ser libre viviendo la vida que t\u00fa has decidido vivir.<\/p>\n<p>***<\/p>\n<p>\u00bfEres de los que vas por el mundo diciendo que tu vida es tuya y haces lo que te da la gana? \u00bfDe verdad te crees que es as\u00ed? En este video te ense\u00f1amos la otra cara de esa moneda.<\/p>\n<p>\u00a1Pienso hacer lo que me d\u00e9 la gana! Con frecuencia se escucha decir eso en cualquier sitio, a cualquier persona y en cualquier circunstancia. Y claro\u2026 yo me pregunto de qu\u00e9 va la cosa y si realmente cuando decimos eso hacemos de verdad lo que queremos o solamente lo que nuestro capricho nos dicta, que casi nunca es lo que realmente deseamos, sino lo que nos empuja a hacer una fuerza que a veces emerge de nuestro interior y no es precisamente lo mejor ni m\u00e1s noble de nosotros mismos, y que se llama ego\u00edsmo.<\/p>\n<p>\u00a1Lo que me da la gana! Como si eso fuera la meta m\u00e1s excelsa o el ideal m\u00e1s elevado al que un ser humano puede aspirar. Lo que tengo ganas, lo que me apetece\u2026 no lo m\u00e1s noble y hermoso, ni tampoco lo que me haga crecer m\u00e1s como persona, ni lo que acarree el mayor bien para todos, sino solamente lo que me venga en gana. Si lo pensamos despacio es bastante irracional y poco civilizado. En una sociedad como la nuestra, en que presumimos de racionales y respetuosos con las libertades colectivas e individuales\u2026 imponer lo que a m\u00ed me venga en gana como norma suprema de conducta\u2026 me parece un contrasentido<\/p>\n<p>Hace poco me encontr\u00e9 con una persona que me dec\u00eda que mi vida de religiosa le parec\u00eda tremenda -adem\u00e1s de un desperdicio- y que era una l\u00e1stima que hoy en d\u00eda, cuando todo el mundo hace lo que le da la gana, yo me empe\u00f1e en ser monja y atarme de esta manera. Despu\u00e9s me solt\u00f3 un rollete sobre lo importante que es desinhibirse y liberarse\u2026 un discurso de esos\u2026 estilo \u201cmayo del 68\u201d, que es uno de los enga\u00f1os m\u00e1s grandes que circulan por el planeta Tierra.<\/p>\n<h4><strong>La dictadura del ego\u00edsmo<\/strong><\/h4>\n<p>Escuch\u00e9 pacientemente y despu\u00e9s trat\u00e9 de contestar sin herirla, pero con mucha claridad. Trat\u00e9 de explicarle mi punto de vista y de decirle que soy muy libre viviendo la vida que yo he decidido vivir -aunque a ella le parezca un desperdicio- porque ninguna persona ni ninguna circunstancia me la ha impuesto, sino que yo he optado por ella. Y despu\u00e9s tambi\u00e9n trat\u00e9 de explicarle que cuando una persona pierde el autodominio, pierde autom\u00e1ticamente la libertad, no se libera, sino que se esclaviza. Esa es la verdad.<\/p>\n<p>Cuando uno se lanza a hacer \u201clo que le da la gana\u201d, en realidad no hace lo que le da la gana, sino lo que \u201cla gana\u201d le manda. Y \u201cla gana\u201d es una dictadora sumamente inflexible e insobornable. Y entonces\u2026 esa persona se vuelve un esclavo de \u201cla gana\u201d y no puede hacer otra cosa que obedecerla, y arrastra a la persona adonde muchas veces no querr\u00eda ir, pero ya no es libre\u2026 Ya est\u00e1 colocado -por la gana- bajo el yugo de unos intereses y unas apetencias que le tienen enganchado y bien controlado.<\/p>\n<p>Nos asustamos mucho cuando sale el tema de las adicciones: \u00a1uffff! nos preocupa, nos espeluzna, nos pone en guardia\u2026 Nos aterra ver c\u00f3mo las adicciones destruyen a la persona dej\u00e1ndola sin voluntad, sin capacidad de decidir\u2026 y lo cierto es que eso mismo le sucede a la persona que -de manera habitual- se deja arrastrar por sus apetencias: que se engancha a lo que ella cree que es lo que le da la gana y no se da cuenta c\u00f3mo poco a poco va perdiendo su capacidad de hacer lo contrario de lo que \u201cle da la gana\u201d.<\/p>\n<p>Deje totalmente k.o. a mi interlocutora superprogre y liberal cuando le pregunt\u00e9 con toda intenci\u00f3n, lo reconozco, si -con la misma celeridad con que hace \u201clo que le da la gana\u201d- hace alguna vez \u201clo que no le da la gana\u201d, o si solo es capaz de moverse por apetencias y nunca por decisiones libres. Le expliqu\u00e9 que yo nunca hago lo que me da la gana, sino que procuro tomar decisiones ponderadas y serenas para hacer lo que tengo que hacer en cada momento, lo que considero correcto y acertado, y que a veces tengo la \u201csuerte\u201d de que coincide con \u201clo que me da la gana\u201d, con mis apetencias. Pero muchas otras veces no es precisamente \u201clo que me da la gana\u201d o me apetece, pero a\u00fan as\u00ed y todo\u2026 lo hago si considero que es lo m\u00e1s adecuado y lo mejor. Gracias a Dios a\u00fan no soy adicta a \u201clo que me da la gana\u201d y puedo decidir libremente, porque mi voluntad es m\u00e1s fuerte que mis ganas o apetitos. Vosotros, los que me est\u00e1is viendo, \u00bfc\u00f3mo lo llev\u00e1is?<\/p>\n<p>Si hay algo que nos asemeja a los animales y nos hace inhumanos y nos bestializa\u2026 es movernos por las ganas, por \u201clo que nos pide el cuerpo\u201d como se suele decir. Y todos entendemos que -si a m\u00ed me da la gana de darle un bofet\u00f3n a una persona seg\u00fan pasa por mi lado- evidentemente no puedo ni debo hacerlo, porque si hici\u00e9ramos eso\u2026 \u00a1la jungla ser\u00eda un juego de ni\u00f1os al lado de la que se podr\u00eda liar! Este ejemplo que acabo de poner lo entendemos todos muy bien: no puedes ir por la calle y darle un guantazo al que pasa por tu lado as\u00ed porque s\u00ed\u2026 a la primera de cambio y sobre la marcha; pero no entendemos que en cosas m\u00e1s peque\u00f1as tenemos que actuar igual: no podemos hacer lo que se nos ocurre porque s\u00ed, sin pensar en nadie y atropellando a todo el mundo.<\/p>\n<p>Esa manera de actuar indica que nos anteponemos a nosotros mismos a los dem\u00e1s, y eso significa una estrepitosa victoria de nuestro ego\u00edsmo sobre el amor a los dem\u00e1s \u00a1No podemos permitir que esto suceda! \u00a1\u00a1No!! Lucha sin cuartel a nuestro ego y a \u201clo que nos d\u00e9 la gana\u201d. Nuestro leitmotiv ha de ser \u201cvoy a hacer lo que haga m\u00e1s felices a todos\u201d, lo que sea mejor, lo que nos traiga el mayor bien y arrincone nuestro ego\u00edsmo.<\/p>\n<h4><strong>La aut\u00e9ntica libertad<\/strong><\/h4>\n<p>Aqu\u00ed entramos en el delicado pero fundamental tema de la libertad . Es un terreno apasionante, pero arriesgado\u2026 un tema que cuestiona mucho y que frecuentemente se plantea y se enfoca mal.<\/p>\n<p>Cierto que es vital y si hay algo que yo valoro y por lo que lucho en mi vida es por la libertad aut\u00e9ntica, porque creo que es la base sobre la que se sustenta cualquier principio de dignidad humana. Distingue al ser humano del resto de seres creados y si se limita -o se elimina de alguna manera- la libertad de la persona, eliminamos aquello que la constituye esencialmente y nos quedamos con un ser racional no libre, una especie de \u201canimalito superior\u201d. Esto que acabo de afirmar\u2026 es muy gordo y a m\u00ed me pone los pelos de punta, pero es una triste y frecuente realidad. Lo que nos hace personas, creadas a imagen y semejanza de Dios, es que tenemos inteligencia, voluntad y libertad. s\u00ed, libertad. Y el peligro es disminuir nuestra potencialidad como persona porque somos esclavos, no libres\u2026 Y el reto es ser cada d\u00eda m\u00e1s persona porque somos cada d\u00eda m\u00e1s libres.<\/p>\n<p>Por eso hemos de luchar con valor y coraje contra todo aquello que aliena y limita la libertad de las personas y las robotiza y esclaviza, pero luchar eficazmente, no con slogans absurdos, campa\u00f1as y pancartas en plan reivindicativo. Eso no sirve para nada por una sencilla raz\u00f3n: la libertad verdadera, la que nace y se sustenta en una conciencia recta, s\u00f3lo se puede conquistar desde el interior de la persona . \u00bfY c\u00f3mo? Pues\u2026 lo primero para dar en la diana con cualquier asunto es centrar bien el tiro: nada de fuera -ninguna persona, ideolog\u00eda o circunstancia- pueden quitarme la libertad, eso para empezar.<\/p>\n<p>Desde el exterior podr\u00e1n oprimirme, hacerme da\u00f1o, pisotear los derechos humanos m\u00e1s b\u00e1sicos\u2026 pero nunca nada ni nadie podr\u00e1 penetrar en el santuario \u00edntimo que es mi conciencia, donde se guarda mi capacidad de optar entre el bien y el mal, entre el amor y el odio, el perd\u00f3n y la venganza\u2026 Seamos realistas: si no soy libre es porque no me lo he propuesto y no me lo he tomado en serio. Lo exterior puede influir y dificultarlo, pero no hace imposible mi libertad.<\/p>\n<p>La libertad consiste en ser capaces de decidir y optar sin condicionamientos. Para esto hay que luchar por salvaguardar el propio interior y protegerlo de las m\u00faltiples agresiones externas que atentan contra la libertad de nuestra conciencia. La libertad implica -entre otras cosas- coherencia de vida y\u2026 \u00a1eso s\u00ed que es una planta ex\u00f3tica en la selva social en que nos movemos! Me preocupa mucho el miedo a no atreverse a tener un criterio recto por el \u201cqu\u00e9 dir\u00e1n o al qu\u00e9 pensar\u00e1n de m\u00ed\u201d. Conozco personas que por ser fieles a sus principios son juzgadas negativamente y dejadas de lado cuando intentan salvaguardar su libertad de conciencia y ser coherentes con lo que libremente han decidido en su interior. \u00bfD\u00f3nde est\u00e1 el respeto hacia la libertad del otro que tanto se cacarea?<\/p>\n<p>Hace poco me encontr\u00e9 con una chica que trabaja en el \u00e1mbito de la sanidad y con el tema del aborto no se atrev\u00eda a ejercer su derecho a la objeci\u00f3n de conciencia \u201cpara que no se mosqueara su jefe\u201d. Y despu\u00e9s me dec\u00eda muy angustiada y con l\u00e1grimas en los ojos: \u201ccreo que me estoy convirtiendo en una asesina en serie\u2026\u201d La inst\u00e9 a que fuera fuerte y actuara seg\u00fan lo que su conciencia le estaba dictando y me reconoci\u00f3 que ten\u00eda miedo a la reacci\u00f3n de sus compa\u00f1eros de trabajo, que no era libre.<\/p>\n<p>La libertad no es algo superfluo y externo, sino \u00edntimo. Y supone lucha s\u00ed, pero no en la calle con pancartas ni manifestaciones, sino pelear por conquistarse uno a s\u00ed mismo cada d\u00eda siendo due\u00f1o de sus impulsos, sentimientos y decisiones.<\/p>\n<p>Y ahora\u2026 aterrizo en el punto \u00e1lgido de la cuesti\u00f3n. Como seguidores de Jes\u00fas, tenemos que tomar muchas decisiones en la vida al margen de \u201clo que nos de la gana\u201d. Como dijo Jes\u00fas: \u00abLa verdad os har\u00e1 libres\u00bb (Jn 8, 32).<\/p>\n<p>Creo que ya hemos dejado claro que eso no es criterio. A lo mejor lo que tenemos que hacer es decidir ser libres de verdad, vivir no de lo que me apetece en cada momento, sino vivir para hacer lo que debo en cada momento, vivir para amar a Dios y a los dem\u00e1s, porque me da la gana. La verdadera libertad no es hacer lo que me da la gana de forma superficial, sino ser libre es vivir de amor, entregando la vida, porque me da la gana.<\/p>\n<p>En medio de esta sociedad convulsa, mi coraz\u00f3n ha sido escogido para Dios, para seguir anunciando Su nombre, para ser testigo de Su amor, para extender el reinado de su Coraz\u00f3n por el mundo entero. Esa es mi preocupaci\u00f3n, esa es mi empresa, mi decisi\u00f3n, eso es \u201clo que me da la gana\u201d. En eso me tengo que gastar y desgastar, no en lamentarme ni criticar lo que otros hacen o dejan de hacer. \u00a1No vale camuflarnos detr\u00e1s de los errores de los dem\u00e1s! O echar balones fuera diciendo que este gobierno, que la pandemia, que la sociedad\u2026<\/p>\n<p>Dios me ha hecho reina de mi vida, me ha dado una voluntad libre (capaz para la libertad aunque tengamos que curr\u00e1rnoslas) me ha hecho reina y gobernanta de mi coraz\u00f3n y mi conciencia. \u00bfCu\u00e1l es mi programa de gobierno? \u00bfQu\u00e9 estoy haciendo con \u00e9l? \u00bfReina en mi coraz\u00f3n el Evangelio? \u00bfReina Jes\u00fas, su Voluntad, su Amor? Os dejo esa pregunta en el aire para que cada uno examine su vida y su libertad y -si es necesario- se redireccionen cuanto antes.<\/p>\n<h4><strong>Conclusi\u00f3n<\/strong><\/h4>\n<p>Hazte esta pregunta con paz, sin angustias, pero con mucha sinceridad y honestidad. Es importante detenerse a examinar tu vida delante de Dios y de tu conciencia. Pero cuando lo hagas\u2026 hazlo con mucha paz, sin agobios, porque no debes olvidar que dios te quiere y te quiere feliz.<\/p>\n<p><iframe loading=\"lazy\" title=\"Lo que me da la gana\" width=\"500\" height=\"281\" src=\"https:\/\/www.youtube.com\/embed\/26zzKNiiPLw?feature=oembed\" frameborder=\"0\" allow=\"accelerometer; autoplay; clipboard-write; encrypted-media; gyroscope; picture-in-picture; web-share\" referrerpolicy=\"strict-origin-when-cross-origin\" allowfullscreen><\/iframe><\/p>\n","protected":false},"excerpt":{"rendered":"<p>V\u00eddeo semanal de Se Buscan Rebeldes<\/p>\n","protected":false},"author":73,"featured_media":37460,"comment_status":"closed","ping_status":"closed","sticky":false,"template":"","format":"standard","meta":{"_acf_changed":false,"_crdt_document":"","inline_featured_image":false,"footnotes":""},"categories":[72],"tags":[4625,1542,4364],"class_list":["post-37447","post","type-post","status-publish","format-standard","has-post-thumbnail","hentry","category-analisis","tag-felicidad","tag-libertad","tag-se-buscan-rebeldes"],"acf":[],"yoast_head":"<!-- This site is optimized with the Yoast SEO plugin v27.5 - https:\/\/yoast.com\/product\/yoast-seo-wordpress\/ -->\n<title>Hago lo que me da la gana &#8211; Exaudi<\/title>\n<meta name=\"description\" content=\"&quot;Hago lo que me da la gana&quot;: V\u00eddeo semanal de Se Buscan Rebeldes te explicamos c\u00f3mo ser libre viviendo la vida que t\u00fa has decidido vivir\" \/>\n<meta name=\"robots\" content=\"index, follow, max-snippet:-1, max-image-preview:large, max-video-preview:-1\" \/>\n<link rel=\"canonical\" href=\"https:\/\/exaudi.org\/es\/se-buscan-rebeldes-lo-que-me-da-la-gana\/\" \/>\n<meta property=\"og:locale\" content=\"es_ES\" \/>\n<meta property=\"og:type\" content=\"article\" \/>\n<meta property=\"og:title\" content=\"Hago lo que me da la gana &#8211; Exaudi\" \/>\n<meta property=\"og:description\" content=\"&quot;Hago lo que me da la gana&quot;: V\u00eddeo semanal de Se Buscan Rebeldes te explicamos c\u00f3mo ser libre viviendo la vida que t\u00fa has decidido vivir\" \/>\n<meta property=\"og:url\" content=\"https:\/\/exaudi.org\/es\/se-buscan-rebeldes-lo-que-me-da-la-gana\/\" \/>\n<meta property=\"og:site_name\" content=\"Exaudi\" \/>\n<meta property=\"article:publisher\" content=\"https:\/\/www.facebook.com\/ExaudiNews\" \/>\n<meta property=\"article:author\" content=\"https:\/\/www.facebook.com\/sebuscanrebeldes\/\" \/>\n<meta property=\"article:published_time\" content=\"2021-10-22T10:21:06+00:00\" \/>\n<meta property=\"article:modified_time\" content=\"2021-10-23T15:18:37+00:00\" \/>\n<meta property=\"og:image\" content=\"https:\/\/exaudi.org\/wp-content\/uploads\/2021\/10\/libertad-PobiMenne-scaled.jpeg\" \/>\n\t<meta property=\"og:image:width\" content=\"2560\" \/>\n\t<meta property=\"og:image:height\" content=\"1707\" \/>\n\t<meta property=\"og:image:type\" content=\"image\/jpeg\" \/>\n<meta name=\"author\" content=\"Se Buscan Rebeldes\" \/>\n<meta name=\"twitter:card\" content=\"summary_large_image\" \/>\n<meta name=\"twitter:creator\" content=\"@Exaudi_News\" \/>\n<meta name=\"twitter:site\" content=\"@Exaudi_News\" \/>\n<meta name=\"twitter:label1\" content=\"Escrito por\" \/>\n\t<meta name=\"twitter:data1\" content=\"Se Buscan Rebeldes\" \/>\n\t<meta name=\"twitter:label2\" content=\"Tiempo de lectura\" \/>\n\t<meta name=\"twitter:data2\" content=\"10 minutos\" \/>\n<script type=\"application\/ld+json\" class=\"yoast-schema-graph\">{\"@context\":\"https:\\\/\\\/schema.org\",\"@graph\":[{\"@type\":\"Article\",\"@id\":\"https:\\\/\\\/exaudi.org\\\/es\\\/se-buscan-rebeldes-lo-que-me-da-la-gana\\\/#article\",\"isPartOf\":{\"@id\":\"https:\\\/\\\/exaudi.org\\\/es\\\/se-buscan-rebeldes-lo-que-me-da-la-gana\\\/\"},\"author\":{\"name\":\"Se Buscan Rebeldes\",\"@id\":\"https:\\\/\\\/exaudi.org\\\/#\\\/schema\\\/person\\\/b06a9faebc21255c5a2167f40523341a\"},\"headline\":\"Hago lo que me da la gana\",\"datePublished\":\"2021-10-22T10:21:06+00:00\",\"dateModified\":\"2021-10-23T15:18:37+00:00\",\"mainEntityOfPage\":{\"@id\":\"https:\\\/\\\/exaudi.org\\\/es\\\/se-buscan-rebeldes-lo-que-me-da-la-gana\\\/\"},\"wordCount\":2228,\"image\":{\"@id\":\"https:\\\/\\\/exaudi.org\\\/es\\\/se-buscan-rebeldes-lo-que-me-da-la-gana\\\/#primaryimage\"},\"thumbnailUrl\":\"https:\\\/\\\/exaudi.org\\\/wp-content\\\/uploads\\\/2021\\\/10\\\/libertad-PobiMenne-scaled.jpeg\",\"keywords\":[\"Felicidad\",\"Libertad\",\"Se Buscan Rebeldes\"],\"articleSection\":[\"An\u00e1lisis\"],\"inLanguage\":\"es\"},{\"@type\":\"WebPage\",\"@id\":\"https:\\\/\\\/exaudi.org\\\/es\\\/se-buscan-rebeldes-lo-que-me-da-la-gana\\\/\",\"url\":\"https:\\\/\\\/exaudi.org\\\/es\\\/se-buscan-rebeldes-lo-que-me-da-la-gana\\\/\",\"name\":\"Hago lo que me da la gana &#8211; Exaudi\",\"isPartOf\":{\"@id\":\"https:\\\/\\\/exaudi.org\\\/#website\"},\"primaryImageOfPage\":{\"@id\":\"https:\\\/\\\/exaudi.org\\\/es\\\/se-buscan-rebeldes-lo-que-me-da-la-gana\\\/#primaryimage\"},\"image\":{\"@id\":\"https:\\\/\\\/exaudi.org\\\/es\\\/se-buscan-rebeldes-lo-que-me-da-la-gana\\\/#primaryimage\"},\"thumbnailUrl\":\"https:\\\/\\\/exaudi.org\\\/wp-content\\\/uploads\\\/2021\\\/10\\\/libertad-PobiMenne-scaled.jpeg\",\"datePublished\":\"2021-10-22T10:21:06+00:00\",\"dateModified\":\"2021-10-23T15:18:37+00:00\",\"author\":{\"@id\":\"https:\\\/\\\/exaudi.org\\\/#\\\/schema\\\/person\\\/b06a9faebc21255c5a2167f40523341a\"},\"description\":\"\\\"Hago lo que me da la gana\\\": V\u00eddeo semanal de Se Buscan Rebeldes te explicamos c\u00f3mo ser libre viviendo la vida que t\u00fa has decidido vivir\",\"breadcrumb\":{\"@id\":\"https:\\\/\\\/exaudi.org\\\/es\\\/se-buscan-rebeldes-lo-que-me-da-la-gana\\\/#breadcrumb\"},\"inLanguage\":\"es\",\"potentialAction\":[{\"@type\":\"ReadAction\",\"target\":[\"https:\\\/\\\/exaudi.org\\\/es\\\/se-buscan-rebeldes-lo-que-me-da-la-gana\\\/\"]}]},{\"@type\":\"ImageObject\",\"inLanguage\":\"es\",\"@id\":\"https:\\\/\\\/exaudi.org\\\/es\\\/se-buscan-rebeldes-lo-que-me-da-la-gana\\\/#primaryimage\",\"url\":\"https:\\\/\\\/exaudi.org\\\/wp-content\\\/uploads\\\/2021\\\/10\\\/libertad-PobiMenne-scaled.jpeg\",\"contentUrl\":\"https:\\\/\\\/exaudi.org\\\/wp-content\\\/uploads\\\/2021\\\/10\\\/libertad-PobiMenne-scaled.jpeg\",\"width\":2560,\"height\":1707,\"caption\":\"La libertad \u00a9 Cathopic\"},{\"@type\":\"BreadcrumbList\",\"@id\":\"https:\\\/\\\/exaudi.org\\\/es\\\/se-buscan-rebeldes-lo-que-me-da-la-gana\\\/#breadcrumb\",\"itemListElement\":[{\"@type\":\"ListItem\",\"position\":1,\"name\":\"Portada\",\"item\":\"https:\\\/\\\/exaudi.org\\\/es\\\/\"},{\"@type\":\"ListItem\",\"position\":2,\"name\":\"Hago lo que me da la gana\"}]},{\"@type\":\"WebSite\",\"@id\":\"https:\\\/\\\/exaudi.org\\\/#website\",\"url\":\"https:\\\/\\\/exaudi.org\\\/\",\"name\":\"Exaudi\",\"description\":\"News\",\"potentialAction\":[{\"@type\":\"SearchAction\",\"target\":{\"@type\":\"EntryPoint\",\"urlTemplate\":\"https:\\\/\\\/exaudi.org\\\/?s={search_term_string}\"},\"query-input\":{\"@type\":\"PropertyValueSpecification\",\"valueRequired\":true,\"valueName\":\"search_term_string\"}}],\"inLanguage\":\"es\"},{\"@type\":\"Person\",\"@id\":\"https:\\\/\\\/exaudi.org\\\/#\\\/schema\\\/person\\\/b06a9faebc21255c5a2167f40523341a\",\"name\":\"Se Buscan Rebeldes\",\"image\":{\"@type\":\"ImageObject\",\"inLanguage\":\"es\",\"@id\":\"https:\\\/\\\/secure.gravatar.com\\\/avatar\\\/929b85b2d54ed639396fbba53a4ba8b8eecfc3faea92b7770fa6baa4846cc2ea?s=96&d=mm&r=g\",\"url\":\"https:\\\/\\\/secure.gravatar.com\\\/avatar\\\/929b85b2d54ed639396fbba53a4ba8b8eecfc3faea92b7770fa6baa4846cc2ea?s=96&d=mm&r=g\",\"contentUrl\":\"https:\\\/\\\/secure.gravatar.com\\\/avatar\\\/929b85b2d54ed639396fbba53a4ba8b8eecfc3faea92b7770fa6baa4846cc2ea?s=96&d=mm&r=g\",\"caption\":\"Se Buscan Rebeldes\"},\"description\":\"\u201cSe Buscan Rebeldes\u201d es un canal de evangelizaci\u00f3n cat\u00f3lico que busca saciar la sed que tienes de felicidad y responder a tus preguntas con el poder transformador del amor de Dios revelado en Jesucristo.\",\"sameAs\":[\"https:\\\/\\\/fundacionicomem.es\\\/\",\"https:\\\/\\\/www.facebook.com\\\/sebuscanrebeldes\\\/\",\"https:\\\/\\\/www.instagram.com\\\/fundacionicomem\\\/\",\"@SeBuscanRebeldes\"],\"url\":\"https:\\\/\\\/exaudi.org\\\/es\\\/author\\\/sebuscanrebeldes\\\/\"}]}<\/script>\n<!-- \/ Yoast SEO plugin. -->","yoast_head_json":{"title":"Hago lo que me da la gana &#8211; Exaudi","description":"\"Hago lo que me da la gana\": V\u00eddeo semanal de Se Buscan Rebeldes te explicamos c\u00f3mo ser libre viviendo la vida que t\u00fa has decidido vivir","robots":{"index":"index","follow":"follow","max-snippet":"max-snippet:-1","max-image-preview":"max-image-preview:large","max-video-preview":"max-video-preview:-1"},"canonical":"https:\/\/exaudi.org\/es\/se-buscan-rebeldes-lo-que-me-da-la-gana\/","og_locale":"es_ES","og_type":"article","og_title":"Hago lo que me da la gana &#8211; Exaudi","og_description":"\"Hago lo que me da la gana\": V\u00eddeo semanal de Se Buscan Rebeldes te explicamos c\u00f3mo ser libre viviendo la vida que t\u00fa has decidido vivir","og_url":"https:\/\/exaudi.org\/es\/se-buscan-rebeldes-lo-que-me-da-la-gana\/","og_site_name":"Exaudi","article_publisher":"https:\/\/www.facebook.com\/ExaudiNews","article_author":"https:\/\/www.facebook.com\/sebuscanrebeldes\/","article_published_time":"2021-10-22T10:21:06+00:00","article_modified_time":"2021-10-23T15:18:37+00:00","og_image":[{"width":2560,"height":1707,"url":"https:\/\/exaudi.org\/wp-content\/uploads\/2021\/10\/libertad-PobiMenne-scaled.jpeg","type":"image\/jpeg"}],"author":"Se Buscan Rebeldes","twitter_card":"summary_large_image","twitter_creator":"@Exaudi_News","twitter_site":"@Exaudi_News","twitter_misc":{"Escrito por":"Se Buscan Rebeldes","Tiempo de lectura":"10 minutos"},"schema":{"@context":"https:\/\/schema.org","@graph":[{"@type":"Article","@id":"https:\/\/exaudi.org\/es\/se-buscan-rebeldes-lo-que-me-da-la-gana\/#article","isPartOf":{"@id":"https:\/\/exaudi.org\/es\/se-buscan-rebeldes-lo-que-me-da-la-gana\/"},"author":{"name":"Se Buscan Rebeldes","@id":"https:\/\/exaudi.org\/#\/schema\/person\/b06a9faebc21255c5a2167f40523341a"},"headline":"Hago lo que me da la gana","datePublished":"2021-10-22T10:21:06+00:00","dateModified":"2021-10-23T15:18:37+00:00","mainEntityOfPage":{"@id":"https:\/\/exaudi.org\/es\/se-buscan-rebeldes-lo-que-me-da-la-gana\/"},"wordCount":2228,"image":{"@id":"https:\/\/exaudi.org\/es\/se-buscan-rebeldes-lo-que-me-da-la-gana\/#primaryimage"},"thumbnailUrl":"https:\/\/exaudi.org\/wp-content\/uploads\/2021\/10\/libertad-PobiMenne-scaled.jpeg","keywords":["Felicidad","Libertad","Se Buscan Rebeldes"],"articleSection":["An\u00e1lisis"],"inLanguage":"es"},{"@type":"WebPage","@id":"https:\/\/exaudi.org\/es\/se-buscan-rebeldes-lo-que-me-da-la-gana\/","url":"https:\/\/exaudi.org\/es\/se-buscan-rebeldes-lo-que-me-da-la-gana\/","name":"Hago lo que me da la gana &#8211; Exaudi","isPartOf":{"@id":"https:\/\/exaudi.org\/#website"},"primaryImageOfPage":{"@id":"https:\/\/exaudi.org\/es\/se-buscan-rebeldes-lo-que-me-da-la-gana\/#primaryimage"},"image":{"@id":"https:\/\/exaudi.org\/es\/se-buscan-rebeldes-lo-que-me-da-la-gana\/#primaryimage"},"thumbnailUrl":"https:\/\/exaudi.org\/wp-content\/uploads\/2021\/10\/libertad-PobiMenne-scaled.jpeg","datePublished":"2021-10-22T10:21:06+00:00","dateModified":"2021-10-23T15:18:37+00:00","author":{"@id":"https:\/\/exaudi.org\/#\/schema\/person\/b06a9faebc21255c5a2167f40523341a"},"description":"\"Hago lo que me da la gana\": V\u00eddeo semanal de Se Buscan Rebeldes te explicamos c\u00f3mo ser libre viviendo la vida que t\u00fa has decidido vivir","breadcrumb":{"@id":"https:\/\/exaudi.org\/es\/se-buscan-rebeldes-lo-que-me-da-la-gana\/#breadcrumb"},"inLanguage":"es","potentialAction":[{"@type":"ReadAction","target":["https:\/\/exaudi.org\/es\/se-buscan-rebeldes-lo-que-me-da-la-gana\/"]}]},{"@type":"ImageObject","inLanguage":"es","@id":"https:\/\/exaudi.org\/es\/se-buscan-rebeldes-lo-que-me-da-la-gana\/#primaryimage","url":"https:\/\/exaudi.org\/wp-content\/uploads\/2021\/10\/libertad-PobiMenne-scaled.jpeg","contentUrl":"https:\/\/exaudi.org\/wp-content\/uploads\/2021\/10\/libertad-PobiMenne-scaled.jpeg","width":2560,"height":1707,"caption":"La libertad \u00a9 Cathopic"},{"@type":"BreadcrumbList","@id":"https:\/\/exaudi.org\/es\/se-buscan-rebeldes-lo-que-me-da-la-gana\/#breadcrumb","itemListElement":[{"@type":"ListItem","position":1,"name":"Portada","item":"https:\/\/exaudi.org\/es\/"},{"@type":"ListItem","position":2,"name":"Hago lo que me da la gana"}]},{"@type":"WebSite","@id":"https:\/\/exaudi.org\/#website","url":"https:\/\/exaudi.org\/","name":"Exaudi","description":"News","potentialAction":[{"@type":"SearchAction","target":{"@type":"EntryPoint","urlTemplate":"https:\/\/exaudi.org\/?s={search_term_string}"},"query-input":{"@type":"PropertyValueSpecification","valueRequired":true,"valueName":"search_term_string"}}],"inLanguage":"es"},{"@type":"Person","@id":"https:\/\/exaudi.org\/#\/schema\/person\/b06a9faebc21255c5a2167f40523341a","name":"Se Buscan Rebeldes","image":{"@type":"ImageObject","inLanguage":"es","@id":"https:\/\/secure.gravatar.com\/avatar\/929b85b2d54ed639396fbba53a4ba8b8eecfc3faea92b7770fa6baa4846cc2ea?s=96&d=mm&r=g","url":"https:\/\/secure.gravatar.com\/avatar\/929b85b2d54ed639396fbba53a4ba8b8eecfc3faea92b7770fa6baa4846cc2ea?s=96&d=mm&r=g","contentUrl":"https:\/\/secure.gravatar.com\/avatar\/929b85b2d54ed639396fbba53a4ba8b8eecfc3faea92b7770fa6baa4846cc2ea?s=96&d=mm&r=g","caption":"Se Buscan Rebeldes"},"description":"\u201cSe Buscan Rebeldes\u201d es un canal de evangelizaci\u00f3n cat\u00f3lico que busca saciar la sed que tienes de felicidad y responder a tus preguntas con el poder transformador del amor de Dios revelado en Jesucristo.","sameAs":["https:\/\/fundacionicomem.es\/","https:\/\/www.facebook.com\/sebuscanrebeldes\/","https:\/\/www.instagram.com\/fundacionicomem\/","@SeBuscanRebeldes"],"url":"https:\/\/exaudi.org\/es\/author\/sebuscanrebeldes\/"}]}},"jetpack_featured_media_url":"https:\/\/exaudi.org\/wp-content\/uploads\/2021\/10\/libertad-PobiMenne-scaled.jpeg","jetpack_shortlink":"https:\/\/wp.me\/pgKjF2-9JZ","_links":{"self":[{"href":"https:\/\/exaudi.org\/es\/wp-json\/wp\/v2\/posts\/37447","targetHints":{"allow":["GET"]}}],"collection":[{"href":"https:\/\/exaudi.org\/es\/wp-json\/wp\/v2\/posts"}],"about":[{"href":"https:\/\/exaudi.org\/es\/wp-json\/wp\/v2\/types\/post"}],"author":[{"embeddable":true,"href":"https:\/\/exaudi.org\/es\/wp-json\/wp\/v2\/users\/73"}],"replies":[{"embeddable":true,"href":"https:\/\/exaudi.org\/es\/wp-json\/wp\/v2\/comments?post=37447"}],"version-history":[{"count":0,"href":"https:\/\/exaudi.org\/es\/wp-json\/wp\/v2\/posts\/37447\/revisions"}],"wp:featuredmedia":[{"embeddable":true,"href":"https:\/\/exaudi.org\/es\/wp-json\/wp\/v2\/media\/37460"}],"wp:attachment":[{"href":"https:\/\/exaudi.org\/es\/wp-json\/wp\/v2\/media?parent=37447"}],"wp:term":[{"taxonomy":"category","embeddable":true,"href":"https:\/\/exaudi.org\/es\/wp-json\/wp\/v2\/categories?post=37447"},{"taxonomy":"post_tag","embeddable":true,"href":"https:\/\/exaudi.org\/es\/wp-json\/wp\/v2\/tags?post=37447"}],"curies":[{"name":"wp","href":"https:\/\/api.w.org\/{rel}","templated":true}]}}