{"id":37426,"date":"2021-10-22T10:27:54","date_gmt":"2021-10-22T08:27:54","guid":{"rendered":"https:\/\/exaudi.wpengine.com\/?p=37426"},"modified":"2021-10-24T09:46:36","modified_gmt":"2021-10-24T07:46:36","slug":"nicaragua-obispos-mensaje-elecciones","status":"publish","type":"post","link":"https:\/\/exaudi.org\/es\/nicaragua-obispos-mensaje-elecciones\/","title":{"rendered":"Nicaragua: Mensaje de obispos ante elecciones"},"content":{"rendered":"<p>Los obispos de la <a href=\"https:\/\/www.facebook.com\/CENicaragua\/posts\/5223265601022891\" target=\"_blank\" rel=\"noopener\">Conferencia Episcopal de Nicaragua<\/a> reafirmaron en un mensaje pastoral la falta de condiciones b\u00e1sicas para que se den unas elecciones libres y transparentes el pr\u00f3ximo 7 de noviembre en el pa\u00eds centroamericano.<\/p>\n<h4><strong>Actuar desde el interior y su conciencia<\/strong><\/h4>\n<p>\u201cAnte la situaci\u00f3n que vivimos,\u00a0cada nicarag\u00fcense decida y act\u00fae desde el interior e inviolable dignidad de su conciencia, libremente, para hacer lo que considere m\u00e1s justo y conveniente en este momento para <a href=\"https:\/\/exaudi.wpengine.com\/es\/nicaragua-mensaje-arquidiocesis-managua-elecciones\/\" target=\"_blank\" rel=\"noopener\">Nicaragua<\/a>\u201d, expresan los obispos en un nuevo\u00a0en el mensaje emitido a 17 d\u00edas de las votaciones presidenciales y legislativas.<\/p>\n<p>\u201cLa institucionalidad no es secundaria en un estado democr\u00e1tico, el cual solo es posible en un Estado de Derecho en donde el ejercicio del poder est\u00e1 sujeto a la observancia irrestricta de la ley y se caracteriza por la independencia y separaci\u00f3n de los poderes del Estado\u201d, afirman los prelados.<\/p>\n<h4><strong>Junto a los indefensos<\/strong><\/h4>\n<p>Los obispos agregan que \u201ccomo lo hemos expresado en diversas ocasiones una aut\u00e9ntica democracia es el fruto de la aceptaci\u00f3n convencida de los valores: la dignidad de toda persona, el respeto a los derechos humanos, la b\u00fasqueda del bien com\u00fan como fin y criterio regulador de la vida pol\u00edtica. Si no existe un consenso general sobre estos valores se pierde el significado de la democracia y se compromete su estabilidad\u201d.<\/p>\n<p>Los obispos recuerdan que como Iglesia se encuentran cercanos a las personas enfermas, a los exiliados, \u201ca las familias desintegradas por la migraci\u00f3n forzada, a los desempleados, refugiados exiliados, a los privados de libertad y sus familias\u201d.<\/p>\n<p>Finalmente, los obispos convocan a todos los fieles a \u201cintensificar los momentos de oraci\u00f3n, principalmente los momentos de la visita a Jes\u00fas Sacramentado, el rezo del Santo Rosario, la renovaci\u00f3n a la consagraci\u00f3n al Inmaculado Coraz\u00f3n de Mar\u00eda en los hogares, familias, comunidades y todo acto de piedad que nos acerque a Dios\u201d concluyen.<\/p>\n<h4><strong>Una crisis que se agudiza<\/strong><\/h4>\n<p>Actualmente todos los poderes del Estado en Nicaragua se encuentran controlados por el presidente Ortega, incluyendo el Consejo Supremo Electoral (CSE) que ha cancelado la personer\u00eda jur\u00eddica a tres partidos pol\u00edticos que participar\u00edan en las elecciones:\u00a0el Partido Restauraci\u00f3n Democr\u00e1tica, el\u00a0Partido Ciudadanos por la Libertad y el Partido Conservador (PC).<\/p>\n<p>En el actual proceso electoral, las autoridades nicarag\u00fcenses han arrestado y acusado por presunta \u201ctraici\u00f3n a la patria\u201d a los aspirantes a candidatos a la presidencia por la oposici\u00f3n Cristiana Chamorro, Arturo Cruz, F\u00e9lix Maradiaga, Juan Sebasti\u00e1n Chamorro, Miguel Mora, Medardo Mairena y Noel Vidaurre.<\/p>\n<p>La crisis social y pol\u00edtica de Nicaragua iniciada en abril del 2018, seg\u00fan datos de <a href=\"https:\/\/gieinicaragua.org\/#section00\" target=\"_blank\" rel=\"noopener\">la Comisi\u00f3n Interamericana de Derechos Humanos<\/a>, ha dejado al menos 328 personas asesinadas, centenares de presos pol\u00edticos y m\u00e1s de 100 mil exiliados.<\/p>\n","protected":false},"excerpt":{"rendered":"<p>El pr\u00f3ximo 7 de noviembre<\/p>\n","protected":false},"author":29,"featured_media":37442,"comment_status":"closed","ping_status":"closed","sticky":false,"template":"","format":"standard","meta":{"_acf_changed":false,"_crdt_document":"","inline_featured_image":false,"footnotes":""},"categories":[298],"tags":[1269],"class_list":["post-37426","post","type-post","status-publish","format-standard","has-post-thumbnail","hentry","category-ultimas-noticias","tag-nicaragua"],"acf":[],"yoast_head":"<!-- This site is optimized with the Yoast SEO plugin v27.4 - https:\/\/yoast.com\/product\/yoast-seo-wordpress\/ -->\n<title>Nicaragua: Mensaje de obispos ante elecciones &#8211; Exaudi<\/title>\n<meta name=\"description\" content=\"Nicaragua: Obispos reafirman en un mensaje pastoral la falta de condiciones b\u00e1sicas para que se den unas elecciones libres y transparentes\" \/>\n<meta name=\"robots\" content=\"index, follow, max-snippet:-1, max-image-preview:large, max-video-preview:-1\" \/>\n<link rel=\"canonical\" href=\"https:\/\/exaudi.org\/es\/nicaragua-obispos-mensaje-elecciones\/\" \/>\n<meta property=\"og:locale\" content=\"es_ES\" \/>\n<meta property=\"og:type\" content=\"article\" \/>\n<meta property=\"og:title\" content=\"Nicaragua: Mensaje de obispos ante elecciones &#8211; Exaudi\" \/>\n<meta property=\"og:description\" content=\"Nicaragua: Obispos reafirman en un mensaje pastoral la falta de condiciones b\u00e1sicas para que se den unas elecciones libres y transparentes\" \/>\n<meta property=\"og:url\" content=\"https:\/\/exaudi.org\/es\/nicaragua-obispos-mensaje-elecciones\/\" \/>\n<meta property=\"og:site_name\" content=\"Exaudi\" \/>\n<meta property=\"article:publisher\" content=\"https:\/\/www.facebook.com\/ExaudiNews\" \/>\n<meta property=\"article:published_time\" content=\"2021-10-22T08:27:54+00:00\" \/>\n<meta property=\"article:modified_time\" content=\"2021-10-24T07:46:36+00:00\" \/>\n<meta property=\"og:image\" content=\"https:\/\/exaudi.org\/wp-content\/uploads\/2021\/10\/obispos-nicaragua.jpeg\" \/>\n\t<meta property=\"og:image:width\" content=\"960\" \/>\n\t<meta property=\"og:image:height\" content=\"548\" \/>\n\t<meta property=\"og:image:type\" content=\"image\/jpeg\" \/>\n<meta name=\"author\" content=\"Cristhian Alvarenga\" \/>\n<meta name=\"twitter:card\" content=\"summary_large_image\" \/>\n<meta name=\"twitter:creator\" content=\"@Exaudi_News\" \/>\n<meta name=\"twitter:site\" content=\"@Exaudi_News\" \/>\n<meta name=\"twitter:label1\" content=\"Escrito por\" \/>\n\t<meta name=\"twitter:data1\" content=\"Cristhian Alvarenga\" \/>\n\t<meta name=\"twitter:label2\" content=\"Tiempo de lectura\" \/>\n\t<meta name=\"twitter:data2\" content=\"2 minutos\" \/>\n<script type=\"application\/ld+json\" class=\"yoast-schema-graph\">{\"@context\":\"https:\\\/\\\/schema.org\",\"@graph\":[{\"@type\":\"Article\",\"@id\":\"https:\\\/\\\/exaudi.org\\\/es\\\/nicaragua-obispos-mensaje-elecciones\\\/#article\",\"isPartOf\":{\"@id\":\"https:\\\/\\\/exaudi.org\\\/es\\\/nicaragua-obispos-mensaje-elecciones\\\/\"},\"author\":{\"name\":\"Cristhian Alvarenga\",\"@id\":\"https:\\\/\\\/exaudi.org\\\/#\\\/schema\\\/person\\\/cc0c4abb8e41070fb467c5272d6726d1\"},\"headline\":\"Nicaragua: Mensaje de obispos ante elecciones\",\"datePublished\":\"2021-10-22T08:27:54+00:00\",\"dateModified\":\"2021-10-24T07:46:36+00:00\",\"mainEntityOfPage\":{\"@id\":\"https:\\\/\\\/exaudi.org\\\/es\\\/nicaragua-obispos-mensaje-elecciones\\\/\"},\"wordCount\":489,\"image\":{\"@id\":\"https:\\\/\\\/exaudi.org\\\/es\\\/nicaragua-obispos-mensaje-elecciones\\\/#primaryimage\"},\"thumbnailUrl\":\"https:\\\/\\\/exaudi.org\\\/wp-content\\\/uploads\\\/2021\\\/10\\\/obispos-nicaragua.jpeg\",\"keywords\":[\"Nicaragua\"],\"articleSection\":[\"\u00daltimas noticias\"],\"inLanguage\":\"es\"},{\"@type\":\"WebPage\",\"@id\":\"https:\\\/\\\/exaudi.org\\\/es\\\/nicaragua-obispos-mensaje-elecciones\\\/\",\"url\":\"https:\\\/\\\/exaudi.org\\\/es\\\/nicaragua-obispos-mensaje-elecciones\\\/\",\"name\":\"Nicaragua: Mensaje de obispos ante elecciones &#8211; Exaudi\",\"isPartOf\":{\"@id\":\"https:\\\/\\\/exaudi.org\\\/#website\"},\"primaryImageOfPage\":{\"@id\":\"https:\\\/\\\/exaudi.org\\\/es\\\/nicaragua-obispos-mensaje-elecciones\\\/#primaryimage\"},\"image\":{\"@id\":\"https:\\\/\\\/exaudi.org\\\/es\\\/nicaragua-obispos-mensaje-elecciones\\\/#primaryimage\"},\"thumbnailUrl\":\"https:\\\/\\\/exaudi.org\\\/wp-content\\\/uploads\\\/2021\\\/10\\\/obispos-nicaragua.jpeg\",\"datePublished\":\"2021-10-22T08:27:54+00:00\",\"dateModified\":\"2021-10-24T07:46:36+00:00\",\"author\":{\"@id\":\"https:\\\/\\\/exaudi.org\\\/#\\\/schema\\\/person\\\/cc0c4abb8e41070fb467c5272d6726d1\"},\"description\":\"Nicaragua: Obispos reafirman en un mensaje pastoral la falta de condiciones b\u00e1sicas para que se den unas elecciones libres y transparentes\",\"breadcrumb\":{\"@id\":\"https:\\\/\\\/exaudi.org\\\/es\\\/nicaragua-obispos-mensaje-elecciones\\\/#breadcrumb\"},\"inLanguage\":\"es\",\"potentialAction\":[{\"@type\":\"ReadAction\",\"target\":[\"https:\\\/\\\/exaudi.org\\\/es\\\/nicaragua-obispos-mensaje-elecciones\\\/\"]}]},{\"@type\":\"ImageObject\",\"inLanguage\":\"es\",\"@id\":\"https:\\\/\\\/exaudi.org\\\/es\\\/nicaragua-obispos-mensaje-elecciones\\\/#primaryimage\",\"url\":\"https:\\\/\\\/exaudi.org\\\/wp-content\\\/uploads\\\/2021\\\/10\\\/obispos-nicaragua.jpeg\",\"contentUrl\":\"https:\\\/\\\/exaudi.org\\\/wp-content\\\/uploads\\\/2021\\\/10\\\/obispos-nicaragua.jpeg\",\"width\":960,\"height\":548,\"caption\":\"Obispos de Nicaragua \u00a9 Arquidi\u00f3cesis de Managua\"},{\"@type\":\"BreadcrumbList\",\"@id\":\"https:\\\/\\\/exaudi.org\\\/es\\\/nicaragua-obispos-mensaje-elecciones\\\/#breadcrumb\",\"itemListElement\":[{\"@type\":\"ListItem\",\"position\":1,\"name\":\"Portada\",\"item\":\"https:\\\/\\\/exaudi.org\\\/es\\\/\"},{\"@type\":\"ListItem\",\"position\":2,\"name\":\"Nicaragua: Mensaje de obispos ante elecciones\"}]},{\"@type\":\"WebSite\",\"@id\":\"https:\\\/\\\/exaudi.org\\\/#website\",\"url\":\"https:\\\/\\\/exaudi.org\\\/\",\"name\":\"Exaudi\",\"description\":\"News\",\"potentialAction\":[{\"@type\":\"SearchAction\",\"target\":{\"@type\":\"EntryPoint\",\"urlTemplate\":\"https:\\\/\\\/exaudi.org\\\/?s={search_term_string}\"},\"query-input\":{\"@type\":\"PropertyValueSpecification\",\"valueRequired\":true,\"valueName\":\"search_term_string\"}}],\"inLanguage\":\"es\"},{\"@type\":\"Person\",\"@id\":\"https:\\\/\\\/exaudi.org\\\/#\\\/schema\\\/person\\\/cc0c4abb8e41070fb467c5272d6726d1\",\"name\":\"Cristhian Alvarenga\",\"image\":{\"@type\":\"ImageObject\",\"inLanguage\":\"es\",\"@id\":\"https:\\\/\\\/secure.gravatar.com\\\/avatar\\\/4d1e961ad75d3388e09e7a712fdb4ee1c94d947afa0d5dbfdcbd86a5c99bcb40?s=96&d=mm&r=g\",\"url\":\"https:\\\/\\\/secure.gravatar.com\\\/avatar\\\/4d1e961ad75d3388e09e7a712fdb4ee1c94d947afa0d5dbfdcbd86a5c99bcb40?s=96&d=mm&r=g\",\"contentUrl\":\"https:\\\/\\\/secure.gravatar.com\\\/avatar\\\/4d1e961ad75d3388e09e7a712fdb4ee1c94d947afa0d5dbfdcbd86a5c99bcb40?s=96&d=mm&r=g\",\"caption\":\"Cristhian Alvarenga\"},\"description\":\"Periodista de profesi\u00f3n. Del 2015 al 2020 coordin\u00e9 el \u00e1rea de prensa en la di\u00f3cesis de Le\u00f3n, Nicaragua y fui parte de la comisi\u00f3n de comunicaci\u00f3n diocesana, soy el autor del blog Iglesia en Salida, (https:\\\/\\\/www.facebook.com\\\/IglesiaEnSalidaOrg), un espacio de informaci\u00f3n y comunicaci\u00f3n, orientado a generar reflexi\u00f3n, investigaci\u00f3n e informaci\u00f3n sobre el quehacer pastoral de la Iglesia Cat\u00f3lica en Nicaragua, as\u00ed como promover devociones para fomentar nuestra fe. Me gusta producir podcast y escribir poes\u00eda. La defensa del medio ambiente y de los Derechos Humanos debe de ser siempre un compromiso para aportar a un mundo m\u00e1s humano y justo.\",\"url\":\"https:\\\/\\\/exaudi.org\\\/es\\\/author\\\/cristhianalvarenga\\\/\"}]}<\/script>\n<!-- \/ Yoast SEO plugin. -->","yoast_head_json":{"title":"Nicaragua: Mensaje de obispos ante elecciones &#8211; Exaudi","description":"Nicaragua: Obispos reafirman en un mensaje pastoral la falta de condiciones b\u00e1sicas para que se den unas elecciones libres y transparentes","robots":{"index":"index","follow":"follow","max-snippet":"max-snippet:-1","max-image-preview":"max-image-preview:large","max-video-preview":"max-video-preview:-1"},"canonical":"https:\/\/exaudi.org\/es\/nicaragua-obispos-mensaje-elecciones\/","og_locale":"es_ES","og_type":"article","og_title":"Nicaragua: Mensaje de obispos ante elecciones &#8211; Exaudi","og_description":"Nicaragua: Obispos reafirman en un mensaje pastoral la falta de condiciones b\u00e1sicas para que se den unas elecciones libres y transparentes","og_url":"https:\/\/exaudi.org\/es\/nicaragua-obispos-mensaje-elecciones\/","og_site_name":"Exaudi","article_publisher":"https:\/\/www.facebook.com\/ExaudiNews","article_published_time":"2021-10-22T08:27:54+00:00","article_modified_time":"2021-10-24T07:46:36+00:00","og_image":[{"width":960,"height":548,"url":"https:\/\/exaudi.org\/wp-content\/uploads\/2021\/10\/obispos-nicaragua.jpeg","type":"image\/jpeg"}],"author":"Cristhian Alvarenga","twitter_card":"summary_large_image","twitter_creator":"@Exaudi_News","twitter_site":"@Exaudi_News","twitter_misc":{"Escrito por":"Cristhian Alvarenga","Tiempo de lectura":"2 minutos"},"schema":{"@context":"https:\/\/schema.org","@graph":[{"@type":"Article","@id":"https:\/\/exaudi.org\/es\/nicaragua-obispos-mensaje-elecciones\/#article","isPartOf":{"@id":"https:\/\/exaudi.org\/es\/nicaragua-obispos-mensaje-elecciones\/"},"author":{"name":"Cristhian Alvarenga","@id":"https:\/\/exaudi.org\/#\/schema\/person\/cc0c4abb8e41070fb467c5272d6726d1"},"headline":"Nicaragua: Mensaje de obispos ante elecciones","datePublished":"2021-10-22T08:27:54+00:00","dateModified":"2021-10-24T07:46:36+00:00","mainEntityOfPage":{"@id":"https:\/\/exaudi.org\/es\/nicaragua-obispos-mensaje-elecciones\/"},"wordCount":489,"image":{"@id":"https:\/\/exaudi.org\/es\/nicaragua-obispos-mensaje-elecciones\/#primaryimage"},"thumbnailUrl":"https:\/\/exaudi.org\/wp-content\/uploads\/2021\/10\/obispos-nicaragua.jpeg","keywords":["Nicaragua"],"articleSection":["\u00daltimas noticias"],"inLanguage":"es"},{"@type":"WebPage","@id":"https:\/\/exaudi.org\/es\/nicaragua-obispos-mensaje-elecciones\/","url":"https:\/\/exaudi.org\/es\/nicaragua-obispos-mensaje-elecciones\/","name":"Nicaragua: Mensaje de obispos ante elecciones &#8211; Exaudi","isPartOf":{"@id":"https:\/\/exaudi.org\/#website"},"primaryImageOfPage":{"@id":"https:\/\/exaudi.org\/es\/nicaragua-obispos-mensaje-elecciones\/#primaryimage"},"image":{"@id":"https:\/\/exaudi.org\/es\/nicaragua-obispos-mensaje-elecciones\/#primaryimage"},"thumbnailUrl":"https:\/\/exaudi.org\/wp-content\/uploads\/2021\/10\/obispos-nicaragua.jpeg","datePublished":"2021-10-22T08:27:54+00:00","dateModified":"2021-10-24T07:46:36+00:00","author":{"@id":"https:\/\/exaudi.org\/#\/schema\/person\/cc0c4abb8e41070fb467c5272d6726d1"},"description":"Nicaragua: Obispos reafirman en un mensaje pastoral la falta de condiciones b\u00e1sicas para que se den unas elecciones libres y transparentes","breadcrumb":{"@id":"https:\/\/exaudi.org\/es\/nicaragua-obispos-mensaje-elecciones\/#breadcrumb"},"inLanguage":"es","potentialAction":[{"@type":"ReadAction","target":["https:\/\/exaudi.org\/es\/nicaragua-obispos-mensaje-elecciones\/"]}]},{"@type":"ImageObject","inLanguage":"es","@id":"https:\/\/exaudi.org\/es\/nicaragua-obispos-mensaje-elecciones\/#primaryimage","url":"https:\/\/exaudi.org\/wp-content\/uploads\/2021\/10\/obispos-nicaragua.jpeg","contentUrl":"https:\/\/exaudi.org\/wp-content\/uploads\/2021\/10\/obispos-nicaragua.jpeg","width":960,"height":548,"caption":"Obispos de Nicaragua \u00a9 Arquidi\u00f3cesis de Managua"},{"@type":"BreadcrumbList","@id":"https:\/\/exaudi.org\/es\/nicaragua-obispos-mensaje-elecciones\/#breadcrumb","itemListElement":[{"@type":"ListItem","position":1,"name":"Portada","item":"https:\/\/exaudi.org\/es\/"},{"@type":"ListItem","position":2,"name":"Nicaragua: Mensaje de obispos ante elecciones"}]},{"@type":"WebSite","@id":"https:\/\/exaudi.org\/#website","url":"https:\/\/exaudi.org\/","name":"Exaudi","description":"News","potentialAction":[{"@type":"SearchAction","target":{"@type":"EntryPoint","urlTemplate":"https:\/\/exaudi.org\/?s={search_term_string}"},"query-input":{"@type":"PropertyValueSpecification","valueRequired":true,"valueName":"search_term_string"}}],"inLanguage":"es"},{"@type":"Person","@id":"https:\/\/exaudi.org\/#\/schema\/person\/cc0c4abb8e41070fb467c5272d6726d1","name":"Cristhian Alvarenga","image":{"@type":"ImageObject","inLanguage":"es","@id":"https:\/\/secure.gravatar.com\/avatar\/4d1e961ad75d3388e09e7a712fdb4ee1c94d947afa0d5dbfdcbd86a5c99bcb40?s=96&d=mm&r=g","url":"https:\/\/secure.gravatar.com\/avatar\/4d1e961ad75d3388e09e7a712fdb4ee1c94d947afa0d5dbfdcbd86a5c99bcb40?s=96&d=mm&r=g","contentUrl":"https:\/\/secure.gravatar.com\/avatar\/4d1e961ad75d3388e09e7a712fdb4ee1c94d947afa0d5dbfdcbd86a5c99bcb40?s=96&d=mm&r=g","caption":"Cristhian Alvarenga"},"description":"Periodista de profesi\u00f3n. Del 2015 al 2020 coordin\u00e9 el \u00e1rea de prensa en la di\u00f3cesis de Le\u00f3n, Nicaragua y fui parte de la comisi\u00f3n de comunicaci\u00f3n diocesana, soy el autor del blog Iglesia en Salida, (https:\/\/www.facebook.com\/IglesiaEnSalidaOrg), un espacio de informaci\u00f3n y comunicaci\u00f3n, orientado a generar reflexi\u00f3n, investigaci\u00f3n e informaci\u00f3n sobre el quehacer pastoral de la Iglesia Cat\u00f3lica en Nicaragua, as\u00ed como promover devociones para fomentar nuestra fe. Me gusta producir podcast y escribir poes\u00eda. La defensa del medio ambiente y de los Derechos Humanos debe de ser siempre un compromiso para aportar a un mundo m\u00e1s humano y justo.","url":"https:\/\/exaudi.org\/es\/author\/cristhianalvarenga\/"}]}},"jetpack_featured_media_url":"https:\/\/exaudi.org\/wp-content\/uploads\/2021\/10\/obispos-nicaragua.jpeg","jetpack_shortlink":"https:\/\/wp.me\/pgKjF2-9JE","_links":{"self":[{"href":"https:\/\/exaudi.org\/es\/wp-json\/wp\/v2\/posts\/37426","targetHints":{"allow":["GET"]}}],"collection":[{"href":"https:\/\/exaudi.org\/es\/wp-json\/wp\/v2\/posts"}],"about":[{"href":"https:\/\/exaudi.org\/es\/wp-json\/wp\/v2\/types\/post"}],"author":[{"embeddable":true,"href":"https:\/\/exaudi.org\/es\/wp-json\/wp\/v2\/users\/29"}],"replies":[{"embeddable":true,"href":"https:\/\/exaudi.org\/es\/wp-json\/wp\/v2\/comments?post=37426"}],"version-history":[{"count":0,"href":"https:\/\/exaudi.org\/es\/wp-json\/wp\/v2\/posts\/37426\/revisions"}],"wp:featuredmedia":[{"embeddable":true,"href":"https:\/\/exaudi.org\/es\/wp-json\/wp\/v2\/media\/37442"}],"wp:attachment":[{"href":"https:\/\/exaudi.org\/es\/wp-json\/wp\/v2\/media?parent=37426"}],"wp:term":[{"taxonomy":"category","embeddable":true,"href":"https:\/\/exaudi.org\/es\/wp-json\/wp\/v2\/categories?post=37426"},{"taxonomy":"post_tag","embeddable":true,"href":"https:\/\/exaudi.org\/es\/wp-json\/wp\/v2\/tags?post=37426"}],"curies":[{"name":"wp","href":"https:\/\/api.w.org\/{rel}","templated":true}]}}