{"id":37417,"date":"2021-10-22T08:33:03","date_gmt":"2021-10-22T06:33:03","guid":{"rendered":"https:\/\/exaudi.wpengine.com\/?p=37417"},"modified":"2021-10-22T16:21:53","modified_gmt":"2021-10-22T14:21:53","slug":"familia-un-dia-sobre-amoris-laetitia-en-la-santa-cruz","status":"publish","type":"post","link":"https:\/\/exaudi.org\/es\/familia-un-dia-sobre-amoris-laetitia-en-la-santa-cruz\/","title":{"rendered":"Familia: D\u00eda sobre &#8216;Amoris Laetitia&#8217; en la Santa Cruz"},"content":{"rendered":"<p>En el A\u00f1o \u201cFamilia Amoris Laetitia\u201d. y por el 25 aniversario de la Facultad de Comunicaci\u00f3n de la <a href=\"https:\/\/es.pusc.it\/\" target=\"_blank\" rel=\"noopener\">Univesidad de la Santa Cruz<\/a> en Roma se ha organizado una jornada de estudio con el tema \u201cComunicar la belleza de la familia a partir de las propuestas de la Iglesia italiana\u201d. El evento programado para el viernes 29 de octubre de 2021, a partir de las 10.45 en el Aula Magna Juan Pablo II.<\/p>\n<p>Ser\u00e1 el cardenal Gualtiero Bassetti, arzobispo de Perugia-Citt\u00e0 della Pieve y presidente de la <a href=\"https:\/\/www.chiesacattolica.it\/\" target=\"_blank\" rel=\"noopener\">Conferencia Episcopal Italiana<\/a>, quien inaugurar\u00e1 el acto con un informe sobre La Iglesia y la promoci\u00f3n de la Familia, seguir\u00e1 el saludo del Decano de la Facultad, Daniel Arasa, y con la moderaci\u00f3n de la Dra. Gema Bellido.<\/p>\n<p>La iniciativa se enmarca en los eventos del 25 aniversario de la Facultad de Comunicaci\u00f3n &#8211; fundada en 1996 &#8211; y en el A\u00f1o \u00abFamiglia Amoris Laetitia\u00bb anunciado por el Papa Francisco como camino hacia el X Encuentro Mundial de las Familias que tendr\u00e1 lugar en Roma. el pr\u00f3ximo a\u00f1o de junio.<\/p>\n<p>\u201cEn este a\u00f1o dedicado a la familia, justo cuando estamos celebrando los 25 a\u00f1os de nuestra Facultad, nos pareci\u00f3 oportuno reflexionar sobre el aporte que, como comunicadores, podemos hacer en transmitir la belleza y alegr\u00eda del amor familiar &#8211; dijo Daniel Arasa &#8211; . Creemos que la familia es la piedra angular principal de la sociedad y, como tal, debe ser apoyada y alentada a dar respuestas en un mundo a menudo desesperado. De hecho, como nos recuerda el Papa Francisco tambi\u00e9n en <em>Amoris Laetitia<\/em>, es el amor el que cultiva v\u00ednculos, crea redes de integraci\u00f3n y &#8216;construye un tejido social s\u00f3lido&#8217;. En esta comunicaci\u00f3n juega un papel central\u201d.<\/p>\n<p>Por la tarde, los portavoces de algunas Oficinas de Comunicaci\u00f3n de las Di\u00f3cesis italianas se turnar\u00e1n en una mesa redonda, en representaci\u00f3n de colegas de toda la Pen\u00ednsula. De hecho, intervendr\u00e1n Vincenzo Corrado, director de la Oficina de Comunicaci\u00f3n Social de la CEI, el P. Walter Insero, del Vicariato de Roma, Mariangela Parisi, de la Di\u00f3cesis de Nola, y Stefano Feminis, de la di\u00f3cesis de Mil\u00e1n. El encuentro ser\u00e1 moderado por Giovanni Tridente, Director de Comunicaciones de la Universidad de la Santa Cruz.<\/p>\n<p>Para participar en presencia y en cumplimiento de las normas de seguridad relacionadas con Covid-19 es necesario registrarse en el siguiente enlace:<\/p>\n<p><a href=\"http:\/\/eventi.pusc.it\/iscrizione\/?lan=It&amp;ev=21CSIgds2910\">http:\/\/eventi.pusc.it\/iscrizione\/?lan=It&amp;ev=21CSIgds2910<\/a><\/p>\n<p>En cualquier caso, la jornada se transmitir\u00e1 en los siguientes enlaces:<\/p>\n<p><a href=\"https:\/\/youtu.be\/tdEsUkHaUnc\">https:\/\/youtu.be\/tdEsUkHaUnc<\/a> (sesi\u00f3n matutina con el cardenal Bassetti)<\/p>\n<p><a href=\"https:\/\/youtu.be\/q8RsogYmcQE\">https:\/\/youtu.be\/q8RsogYmcQE<\/a> (sesi\u00f3n vespertina con la mesa redonda)<\/p>\n","protected":false},"excerpt":{"rendered":"<p>El cardenal Bassetti abrir\u00e1 el acto el 29 de octubre<\/p>\n","protected":false},"author":15,"featured_media":37457,"comment_status":"closed","ping_status":"closed","sticky":false,"template":"","format":"standard","meta":{"_acf_changed":false,"_crdt_document":"","inline_featured_image":false,"footnotes":""},"categories":[84,74,298],"tags":[2243,4619,617,440,516,4237],"class_list":["post-37417","post","type-post","status-publish","format-standard","has-post-thumbnail","hentry","category-eventos-internacionales","category-iglesia-y-mundo","category-ultimas-noticias","tag-comunicacion","tag-estudio","tag-familia","tag-iglesia","tag-italia","tag-jornada"],"acf":[],"yoast_head":"<!-- This site is optimized with the Yoast SEO plugin v27.5 - https:\/\/yoast.com\/product\/yoast-seo-wordpress\/ -->\n<title>Familia: D\u00eda sobre &#039;Amoris Laetitia&#039; en la Santa Cruz &#8211; Exaudi<\/title>\n<meta name=\"description\" content=\"Jornada en la Universidad de la Santa Cruz: \u201cComunicar la belleza de la familia a partir de las propuestas de la Iglesia italiana\u201d\" \/>\n<meta name=\"robots\" content=\"index, follow, max-snippet:-1, max-image-preview:large, max-video-preview:-1\" \/>\n<link rel=\"canonical\" href=\"https:\/\/exaudi.org\/es\/familia-un-dia-sobre-amoris-laetitia-en-la-santa-cruz\/\" \/>\n<meta property=\"og:locale\" content=\"es_ES\" \/>\n<meta property=\"og:type\" content=\"article\" \/>\n<meta property=\"og:title\" content=\"Familia: D\u00eda sobre &#039;Amoris Laetitia&#039; en la Santa Cruz &#8211; Exaudi\" \/>\n<meta property=\"og:description\" content=\"Jornada en la Universidad de la Santa Cruz: \u201cComunicar la belleza de la familia a partir de las propuestas de la Iglesia italiana\u201d\" \/>\n<meta property=\"og:url\" content=\"https:\/\/exaudi.org\/es\/familia-un-dia-sobre-amoris-laetitia-en-la-santa-cruz\/\" \/>\n<meta property=\"og:site_name\" content=\"Exaudi\" \/>\n<meta property=\"article:publisher\" content=\"https:\/\/www.facebook.com\/ExaudiNews\" \/>\n<meta property=\"article:author\" content=\"https:\/\/www.facebook.com\/ExaudiNoticias\/\" \/>\n<meta property=\"article:published_time\" content=\"2021-10-22T06:33:03+00:00\" \/>\n<meta property=\"article:modified_time\" content=\"2021-10-22T14:21:53+00:00\" \/>\n<meta property=\"og:image\" content=\"https:\/\/exaudi.org\/wp-content\/uploads\/2021\/10\/cathopic_1539047698365522-scaled.jpg\" \/>\n\t<meta property=\"og:image:width\" content=\"2560\" \/>\n\t<meta property=\"og:image:height\" content=\"1709\" \/>\n\t<meta property=\"og:image:type\" content=\"image\/jpeg\" \/>\n<meta name=\"author\" content=\"Exaudi Redacci\u00f3n\" \/>\n<meta name=\"twitter:card\" content=\"summary_large_image\" \/>\n<meta name=\"twitter:creator\" content=\"@Exaudi_noticias\" \/>\n<meta name=\"twitter:site\" content=\"@Exaudi_News\" \/>\n<meta name=\"twitter:label1\" content=\"Escrito por\" \/>\n\t<meta name=\"twitter:data1\" content=\"Exaudi Redacci\u00f3n\" \/>\n\t<meta name=\"twitter:label2\" content=\"Tiempo de lectura\" \/>\n\t<meta name=\"twitter:data2\" content=\"2 minutos\" \/>\n<script type=\"application\/ld+json\" class=\"yoast-schema-graph\">{\"@context\":\"https:\\\/\\\/schema.org\",\"@graph\":[{\"@type\":\"Article\",\"@id\":\"https:\\\/\\\/exaudi.org\\\/es\\\/familia-un-dia-sobre-amoris-laetitia-en-la-santa-cruz\\\/#article\",\"isPartOf\":{\"@id\":\"https:\\\/\\\/exaudi.org\\\/es\\\/familia-un-dia-sobre-amoris-laetitia-en-la-santa-cruz\\\/\"},\"author\":{\"name\":\"Exaudi Redacci\u00f3n\",\"@id\":\"https:\\\/\\\/exaudi.org\\\/#\\\/schema\\\/person\\\/f5fc8f063065e38742da7afe15f25df7\"},\"headline\":\"Familia: D\u00eda sobre &#8216;Amoris Laetitia&#8217; en la Santa Cruz\",\"datePublished\":\"2021-10-22T06:33:03+00:00\",\"dateModified\":\"2021-10-22T14:21:53+00:00\",\"mainEntityOfPage\":{\"@id\":\"https:\\\/\\\/exaudi.org\\\/es\\\/familia-un-dia-sobre-amoris-laetitia-en-la-santa-cruz\\\/\"},\"wordCount\":463,\"image\":{\"@id\":\"https:\\\/\\\/exaudi.org\\\/es\\\/familia-un-dia-sobre-amoris-laetitia-en-la-santa-cruz\\\/#primaryimage\"},\"thumbnailUrl\":\"https:\\\/\\\/exaudi.org\\\/wp-content\\\/uploads\\\/2021\\\/10\\\/cathopic_1539047698365522-scaled.jpg\",\"keywords\":[\"Comunicaci\u00f3n\",\"estudio\",\"Familia\",\"Iglesia\",\"Italia\",\"Jornada\"],\"articleSection\":[\"Eventos internacionales\",\"Iglesia y Mundo\",\"\u00daltimas noticias\"],\"inLanguage\":\"es\"},{\"@type\":\"WebPage\",\"@id\":\"https:\\\/\\\/exaudi.org\\\/es\\\/familia-un-dia-sobre-amoris-laetitia-en-la-santa-cruz\\\/\",\"url\":\"https:\\\/\\\/exaudi.org\\\/es\\\/familia-un-dia-sobre-amoris-laetitia-en-la-santa-cruz\\\/\",\"name\":\"Familia: D\u00eda sobre 'Amoris Laetitia' en la Santa Cruz &#8211; Exaudi\",\"isPartOf\":{\"@id\":\"https:\\\/\\\/exaudi.org\\\/#website\"},\"primaryImageOfPage\":{\"@id\":\"https:\\\/\\\/exaudi.org\\\/es\\\/familia-un-dia-sobre-amoris-laetitia-en-la-santa-cruz\\\/#primaryimage\"},\"image\":{\"@id\":\"https:\\\/\\\/exaudi.org\\\/es\\\/familia-un-dia-sobre-amoris-laetitia-en-la-santa-cruz\\\/#primaryimage\"},\"thumbnailUrl\":\"https:\\\/\\\/exaudi.org\\\/wp-content\\\/uploads\\\/2021\\\/10\\\/cathopic_1539047698365522-scaled.jpg\",\"datePublished\":\"2021-10-22T06:33:03+00:00\",\"dateModified\":\"2021-10-22T14:21:53+00:00\",\"author\":{\"@id\":\"https:\\\/\\\/exaudi.org\\\/#\\\/schema\\\/person\\\/f5fc8f063065e38742da7afe15f25df7\"},\"description\":\"Jornada en la Universidad de la Santa Cruz: \u201cComunicar la belleza de la familia a partir de las propuestas de la Iglesia italiana\u201d\",\"breadcrumb\":{\"@id\":\"https:\\\/\\\/exaudi.org\\\/es\\\/familia-un-dia-sobre-amoris-laetitia-en-la-santa-cruz\\\/#breadcrumb\"},\"inLanguage\":\"es\",\"potentialAction\":[{\"@type\":\"ReadAction\",\"target\":[\"https:\\\/\\\/exaudi.org\\\/es\\\/familia-un-dia-sobre-amoris-laetitia-en-la-santa-cruz\\\/\"]}]},{\"@type\":\"ImageObject\",\"inLanguage\":\"es\",\"@id\":\"https:\\\/\\\/exaudi.org\\\/es\\\/familia-un-dia-sobre-amoris-laetitia-en-la-santa-cruz\\\/#primaryimage\",\"url\":\"https:\\\/\\\/exaudi.org\\\/wp-content\\\/uploads\\\/2021\\\/10\\\/cathopic_1539047698365522-scaled.jpg\",\"contentUrl\":\"https:\\\/\\\/exaudi.org\\\/wp-content\\\/uploads\\\/2021\\\/10\\\/cathopic_1539047698365522-scaled.jpg\",\"width\":2560,\"height\":1709,\"caption\":\"Familia \u00a9 Cathopic. Il ragazzo\"},{\"@type\":\"BreadcrumbList\",\"@id\":\"https:\\\/\\\/exaudi.org\\\/es\\\/familia-un-dia-sobre-amoris-laetitia-en-la-santa-cruz\\\/#breadcrumb\",\"itemListElement\":[{\"@type\":\"ListItem\",\"position\":1,\"name\":\"Portada\",\"item\":\"https:\\\/\\\/exaudi.org\\\/es\\\/\"},{\"@type\":\"ListItem\",\"position\":2,\"name\":\"Familia: D\u00eda sobre &#8216;Amoris Laetitia&#8217; en la Santa Cruz\"}]},{\"@type\":\"WebSite\",\"@id\":\"https:\\\/\\\/exaudi.org\\\/#website\",\"url\":\"https:\\\/\\\/exaudi.org\\\/\",\"name\":\"Exaudi\",\"description\":\"News\",\"potentialAction\":[{\"@type\":\"SearchAction\",\"target\":{\"@type\":\"EntryPoint\",\"urlTemplate\":\"https:\\\/\\\/exaudi.org\\\/?s={search_term_string}\"},\"query-input\":{\"@type\":\"PropertyValueSpecification\",\"valueRequired\":true,\"valueName\":\"search_term_string\"}}],\"inLanguage\":\"es\"},{\"@type\":\"Person\",\"@id\":\"https:\\\/\\\/exaudi.org\\\/#\\\/schema\\\/person\\\/f5fc8f063065e38742da7afe15f25df7\",\"name\":\"Exaudi Redacci\u00f3n\",\"image\":{\"@type\":\"ImageObject\",\"inLanguage\":\"es\",\"@id\":\"https:\\\/\\\/secure.gravatar.com\\\/avatar\\\/fe0f6a059fb68d9b3e11bc5850dd4899b1c7492091a3cb6dd9b01b56ad828be2?s=96&d=mm&r=g\",\"url\":\"https:\\\/\\\/secure.gravatar.com\\\/avatar\\\/fe0f6a059fb68d9b3e11bc5850dd4899b1c7492091a3cb6dd9b01b56ad828be2?s=96&d=mm&r=g\",\"contentUrl\":\"https:\\\/\\\/secure.gravatar.com\\\/avatar\\\/fe0f6a059fb68d9b3e11bc5850dd4899b1c7492091a3cb6dd9b01b56ad828be2?s=96&d=mm&r=g\",\"caption\":\"Exaudi Redacci\u00f3n\"},\"description\":\"\u00bfQu\u00e9 es Exaudi News? Exaudi News es un medio de comunicaci\u00f3n cat\u00f3lico internacional que informa, forma y transforma, diariamente en espa\u00f1ol, ingl\u00e9s e italiano. A trav\u00e9s de noticias, art\u00edculos de an\u00e1lisis y transmisiones en directo de los eventos del Papa, Exaudi busca fortalecer la unidad de los cristianos y contribuir a la evangelizaci\u00f3n del mundo, siempre guiados por la doctrina social de la Iglesia. Trabajamos para acercar la verdad y los valores cristianos a cada rinc\u00f3n del planeta. \u00a1Ay\u00fadanos a transformar el mundo con Exaudi! En Exaudi creemos que la evangelizaci\u00f3n y la informaci\u00f3n de calidad pueden cambiar vidas. Para continuar con nuestra misi\u00f3n y expandir nuestro alcance, necesitamos tu ayuda. Adem\u00e1s, buscamos personas comprometidas que deseen unirse a nuestro equipo. Con tu apoyo, lograremos llegar a m\u00e1s personas, difundir el mensaje de Cristo y reforzar la unidad de los cristianos. \u00bfTe unes a nuestra misi\u00f3n? Para m\u00e1s informaci\u00f3n sobre c\u00f3mo colaborar, visita Exaudi.org\\\/es o cont\u00e1ctanos directamente: info@exaudi.org Exaudi: Informa, forma y transforma.\",\"sameAs\":[\"https:\\\/\\\/www.facebook.com\\\/ExaudiNoticias\\\/\",\"https:\\\/\\\/www.instagram.com\\\/exaudi_noticias\\\/\",\"https:\\\/\\\/x.com\\\/Exaudi_noticias\",\"https:\\\/\\\/www.youtube.com\\\/@exaudicatholicnews\"],\"url\":\"https:\\\/\\\/exaudi.org\\\/es\\\/author\\\/redaccionexaudi\\\/\"}]}<\/script>\n<!-- \/ Yoast SEO plugin. -->","yoast_head_json":{"title":"Familia: D\u00eda sobre 'Amoris Laetitia' en la Santa Cruz &#8211; Exaudi","description":"Jornada en la Universidad de la Santa Cruz: \u201cComunicar la belleza de la familia a partir de las propuestas de la Iglesia italiana\u201d","robots":{"index":"index","follow":"follow","max-snippet":"max-snippet:-1","max-image-preview":"max-image-preview:large","max-video-preview":"max-video-preview:-1"},"canonical":"https:\/\/exaudi.org\/es\/familia-un-dia-sobre-amoris-laetitia-en-la-santa-cruz\/","og_locale":"es_ES","og_type":"article","og_title":"Familia: D\u00eda sobre 'Amoris Laetitia' en la Santa Cruz &#8211; Exaudi","og_description":"Jornada en la Universidad de la Santa Cruz: \u201cComunicar la belleza de la familia a partir de las propuestas de la Iglesia italiana\u201d","og_url":"https:\/\/exaudi.org\/es\/familia-un-dia-sobre-amoris-laetitia-en-la-santa-cruz\/","og_site_name":"Exaudi","article_publisher":"https:\/\/www.facebook.com\/ExaudiNews","article_author":"https:\/\/www.facebook.com\/ExaudiNoticias\/","article_published_time":"2021-10-22T06:33:03+00:00","article_modified_time":"2021-10-22T14:21:53+00:00","og_image":[{"width":2560,"height":1709,"url":"https:\/\/exaudi.org\/wp-content\/uploads\/2021\/10\/cathopic_1539047698365522-scaled.jpg","type":"image\/jpeg"}],"author":"Exaudi Redacci\u00f3n","twitter_card":"summary_large_image","twitter_creator":"@Exaudi_noticias","twitter_site":"@Exaudi_News","twitter_misc":{"Escrito por":"Exaudi Redacci\u00f3n","Tiempo de lectura":"2 minutos"},"schema":{"@context":"https:\/\/schema.org","@graph":[{"@type":"Article","@id":"https:\/\/exaudi.org\/es\/familia-un-dia-sobre-amoris-laetitia-en-la-santa-cruz\/#article","isPartOf":{"@id":"https:\/\/exaudi.org\/es\/familia-un-dia-sobre-amoris-laetitia-en-la-santa-cruz\/"},"author":{"name":"Exaudi Redacci\u00f3n","@id":"https:\/\/exaudi.org\/#\/schema\/person\/f5fc8f063065e38742da7afe15f25df7"},"headline":"Familia: D\u00eda sobre &#8216;Amoris Laetitia&#8217; en la Santa Cruz","datePublished":"2021-10-22T06:33:03+00:00","dateModified":"2021-10-22T14:21:53+00:00","mainEntityOfPage":{"@id":"https:\/\/exaudi.org\/es\/familia-un-dia-sobre-amoris-laetitia-en-la-santa-cruz\/"},"wordCount":463,"image":{"@id":"https:\/\/exaudi.org\/es\/familia-un-dia-sobre-amoris-laetitia-en-la-santa-cruz\/#primaryimage"},"thumbnailUrl":"https:\/\/exaudi.org\/wp-content\/uploads\/2021\/10\/cathopic_1539047698365522-scaled.jpg","keywords":["Comunicaci\u00f3n","estudio","Familia","Iglesia","Italia","Jornada"],"articleSection":["Eventos internacionales","Iglesia y Mundo","\u00daltimas noticias"],"inLanguage":"es"},{"@type":"WebPage","@id":"https:\/\/exaudi.org\/es\/familia-un-dia-sobre-amoris-laetitia-en-la-santa-cruz\/","url":"https:\/\/exaudi.org\/es\/familia-un-dia-sobre-amoris-laetitia-en-la-santa-cruz\/","name":"Familia: D\u00eda sobre 'Amoris Laetitia' en la Santa Cruz &#8211; Exaudi","isPartOf":{"@id":"https:\/\/exaudi.org\/#website"},"primaryImageOfPage":{"@id":"https:\/\/exaudi.org\/es\/familia-un-dia-sobre-amoris-laetitia-en-la-santa-cruz\/#primaryimage"},"image":{"@id":"https:\/\/exaudi.org\/es\/familia-un-dia-sobre-amoris-laetitia-en-la-santa-cruz\/#primaryimage"},"thumbnailUrl":"https:\/\/exaudi.org\/wp-content\/uploads\/2021\/10\/cathopic_1539047698365522-scaled.jpg","datePublished":"2021-10-22T06:33:03+00:00","dateModified":"2021-10-22T14:21:53+00:00","author":{"@id":"https:\/\/exaudi.org\/#\/schema\/person\/f5fc8f063065e38742da7afe15f25df7"},"description":"Jornada en la Universidad de la Santa Cruz: \u201cComunicar la belleza de la familia a partir de las propuestas de la Iglesia italiana\u201d","breadcrumb":{"@id":"https:\/\/exaudi.org\/es\/familia-un-dia-sobre-amoris-laetitia-en-la-santa-cruz\/#breadcrumb"},"inLanguage":"es","potentialAction":[{"@type":"ReadAction","target":["https:\/\/exaudi.org\/es\/familia-un-dia-sobre-amoris-laetitia-en-la-santa-cruz\/"]}]},{"@type":"ImageObject","inLanguage":"es","@id":"https:\/\/exaudi.org\/es\/familia-un-dia-sobre-amoris-laetitia-en-la-santa-cruz\/#primaryimage","url":"https:\/\/exaudi.org\/wp-content\/uploads\/2021\/10\/cathopic_1539047698365522-scaled.jpg","contentUrl":"https:\/\/exaudi.org\/wp-content\/uploads\/2021\/10\/cathopic_1539047698365522-scaled.jpg","width":2560,"height":1709,"caption":"Familia \u00a9 Cathopic. Il ragazzo"},{"@type":"BreadcrumbList","@id":"https:\/\/exaudi.org\/es\/familia-un-dia-sobre-amoris-laetitia-en-la-santa-cruz\/#breadcrumb","itemListElement":[{"@type":"ListItem","position":1,"name":"Portada","item":"https:\/\/exaudi.org\/es\/"},{"@type":"ListItem","position":2,"name":"Familia: D\u00eda sobre &#8216;Amoris Laetitia&#8217; en la Santa Cruz"}]},{"@type":"WebSite","@id":"https:\/\/exaudi.org\/#website","url":"https:\/\/exaudi.org\/","name":"Exaudi","description":"News","potentialAction":[{"@type":"SearchAction","target":{"@type":"EntryPoint","urlTemplate":"https:\/\/exaudi.org\/?s={search_term_string}"},"query-input":{"@type":"PropertyValueSpecification","valueRequired":true,"valueName":"search_term_string"}}],"inLanguage":"es"},{"@type":"Person","@id":"https:\/\/exaudi.org\/#\/schema\/person\/f5fc8f063065e38742da7afe15f25df7","name":"Exaudi Redacci\u00f3n","image":{"@type":"ImageObject","inLanguage":"es","@id":"https:\/\/secure.gravatar.com\/avatar\/fe0f6a059fb68d9b3e11bc5850dd4899b1c7492091a3cb6dd9b01b56ad828be2?s=96&d=mm&r=g","url":"https:\/\/secure.gravatar.com\/avatar\/fe0f6a059fb68d9b3e11bc5850dd4899b1c7492091a3cb6dd9b01b56ad828be2?s=96&d=mm&r=g","contentUrl":"https:\/\/secure.gravatar.com\/avatar\/fe0f6a059fb68d9b3e11bc5850dd4899b1c7492091a3cb6dd9b01b56ad828be2?s=96&d=mm&r=g","caption":"Exaudi Redacci\u00f3n"},"description":"\u00bfQu\u00e9 es Exaudi News? Exaudi News es un medio de comunicaci\u00f3n cat\u00f3lico internacional que informa, forma y transforma, diariamente en espa\u00f1ol, ingl\u00e9s e italiano. A trav\u00e9s de noticias, art\u00edculos de an\u00e1lisis y transmisiones en directo de los eventos del Papa, Exaudi busca fortalecer la unidad de los cristianos y contribuir a la evangelizaci\u00f3n del mundo, siempre guiados por la doctrina social de la Iglesia. Trabajamos para acercar la verdad y los valores cristianos a cada rinc\u00f3n del planeta. \u00a1Ay\u00fadanos a transformar el mundo con Exaudi! En Exaudi creemos que la evangelizaci\u00f3n y la informaci\u00f3n de calidad pueden cambiar vidas. Para continuar con nuestra misi\u00f3n y expandir nuestro alcance, necesitamos tu ayuda. Adem\u00e1s, buscamos personas comprometidas que deseen unirse a nuestro equipo. Con tu apoyo, lograremos llegar a m\u00e1s personas, difundir el mensaje de Cristo y reforzar la unidad de los cristianos. \u00bfTe unes a nuestra misi\u00f3n? Para m\u00e1s informaci\u00f3n sobre c\u00f3mo colaborar, visita Exaudi.org\/es o cont\u00e1ctanos directamente: info@exaudi.org Exaudi: Informa, forma y transforma.","sameAs":["https:\/\/www.facebook.com\/ExaudiNoticias\/","https:\/\/www.instagram.com\/exaudi_noticias\/","https:\/\/x.com\/Exaudi_noticias","https:\/\/www.youtube.com\/@exaudicatholicnews"],"url":"https:\/\/exaudi.org\/es\/author\/redaccionexaudi\/"}]}},"jetpack_featured_media_url":"https:\/\/exaudi.org\/wp-content\/uploads\/2021\/10\/cathopic_1539047698365522-scaled.jpg","jetpack_shortlink":"https:\/\/wp.me\/pgKjF2-9Jv","_links":{"self":[{"href":"https:\/\/exaudi.org\/es\/wp-json\/wp\/v2\/posts\/37417","targetHints":{"allow":["GET"]}}],"collection":[{"href":"https:\/\/exaudi.org\/es\/wp-json\/wp\/v2\/posts"}],"about":[{"href":"https:\/\/exaudi.org\/es\/wp-json\/wp\/v2\/types\/post"}],"author":[{"embeddable":true,"href":"https:\/\/exaudi.org\/es\/wp-json\/wp\/v2\/users\/15"}],"replies":[{"embeddable":true,"href":"https:\/\/exaudi.org\/es\/wp-json\/wp\/v2\/comments?post=37417"}],"version-history":[{"count":0,"href":"https:\/\/exaudi.org\/es\/wp-json\/wp\/v2\/posts\/37417\/revisions"}],"wp:featuredmedia":[{"embeddable":true,"href":"https:\/\/exaudi.org\/es\/wp-json\/wp\/v2\/media\/37457"}],"wp:attachment":[{"href":"https:\/\/exaudi.org\/es\/wp-json\/wp\/v2\/media?parent=37417"}],"wp:term":[{"taxonomy":"category","embeddable":true,"href":"https:\/\/exaudi.org\/es\/wp-json\/wp\/v2\/categories?post=37417"},{"taxonomy":"post_tag","embeddable":true,"href":"https:\/\/exaudi.org\/es\/wp-json\/wp\/v2\/tags?post=37417"}],"curies":[{"name":"wp","href":"https:\/\/api.w.org\/{rel}","templated":true}]}}