{"id":37344,"date":"2021-10-21T16:08:59","date_gmt":"2021-10-21T14:08:59","guid":{"rendered":"https:\/\/exaudi.wpengine.com\/?p=37344"},"modified":"2021-10-22T11:21:37","modified_gmt":"2021-10-22T09:21:37","slug":"jornada-misiones-2021-papel-insustituible-de-los-misioneros","status":"publish","type":"post","link":"https:\/\/exaudi.org\/es\/jornada-misiones-2021-papel-insustituible-de-los-misioneros\/","title":{"rendered":"Jornada de las Misiones 2021: El papel insustituible de los misioneros"},"content":{"rendered":"<p>Un vers\u00edculo de los Hechos de los Ap\u00f3stoles, \u201cNo podemos callar lo que hemos visto y o\u00eddo\u201d, es el tema elegido para la pr\u00f3xima Jornada Mundial de las Misiones, que se celebrar\u00e1 el domingo 24 de octubre. El evento fue presentado en conferencia de prensa por el cardenal Luis Antonio G. Tagle, prefecto de la Congregaci\u00f3n para la Evangelizaci\u00f3n de los Pueblos, monse\u00f1or Giampietro Dal Toso, presidente de las <a href=\"https:\/\/www.ppoomm.va\/es.html\" target=\"_blank\" rel=\"noopener\">Obras Misionales Pontificias (OMP)<\/a> y secretario adjunto de la Congregaci\u00f3n, y sor Alessandra Dalpozzo, madre general de las Hermanas Franciscanas Siervas de Mar\u00eda. Un encuentro que puso de relieve el papel insustituible de los <a href=\"https:\/\/exaudi.wpengine.com\/es\/estadisticas-de-la-iglesia-catolica-2021\/\" target=\"_blank\" rel=\"noopener\">misioneros<\/a>, portadores de la paz de Cristo en el mundo.<\/p>\n<p>Tras la presentaci\u00f3n de un breve v\u00eddeo que promueve las misiones en el mundo, el cardenal filipino ofreci\u00f3 algunas reflexiones sobre el texto del mensaje del Santo Padre, publicado a finales de enero, a partir del relato del episodio de los Hechos que ve a Pedro y Juan como protagonistas.<\/p>\n<h4><strong>La experiencia de Jes\u00fas<\/strong><\/h4>\n<p>\u201cNo se trata de una historia ideal o rom\u00e1ntica, hay que situarla en el contexto del anuncio de la Palabra y de la persecuci\u00f3n, que contin\u00faa a\u00fan hoy -record\u00f3 Tagle-, el Papa se centr\u00f3 en un tema que es v\u00e1lido para todo el quehacer misionero\u201d. \u00bfCu\u00e1l es el secreto de este celo y esta alegr\u00eda de los ap\u00f3stoles que debemos tener nosotros? El Papa respondi\u00f3 que viene de haber experimentado el amor de Dios en Jes\u00fas, de haber vivido la amistad de Jes\u00fas, de haber visto c\u00f3mo tocaba a los enfermos&#8230;<\/p>\n<p>Hab\u00eda dificultades, pero el don de Jes\u00fas superaba las dificultades que hab\u00eda que soportar. Vieron con sus propios ojos que las cosas pod\u00edan ser diferentes, c\u00f3mo Jes\u00fas hab\u00eda inaugurado una nueva era, un futuro en el que todos ten\u00edan puestas sus esperanzas. La experiencia de Jes\u00fas lleva al estado misionero\u201d. Lo cual, subray\u00f3 el prefecto, \u201ces una expresi\u00f3n de gratitud, no es una carga, no tiene s\u00f3lo una finalidad pragm\u00e1tico-funcional\u201d. Los misioneros \u201cllevan el Evangelio de la compasi\u00f3n y la esperanza\u201d.<\/p>\n<h4><strong>Un regalo para compartir<\/strong><\/h4>\n<p>Tagle tambi\u00e9n record\u00f3 que el Papa dice que \u201cno podemos retener al Se\u00f1or para nosotros, debemos compartirlo\u201d. Cuanto m\u00e1s compartimos la fe, m\u00e1s crece, si la guardamos para nosotros mismos se vuelve d\u00e9bil y si la mantenemos dentro de un grupo peque\u00f1o puede volverse elitista. La misi\u00f3n -concluy\u00f3- se basa siempre espiritualmente en la experiencia de Jes\u00fas que nos hace salir de nosotros mismos para compartirla con todos. Jes\u00fas necesita corazones capaces de expresar la vocaci\u00f3n como una verdadera historia de amor y fidelidad m\u00e1s all\u00e1 del sufrimiento\u201d. Un papel que todos los misioneros est\u00e1n llamados a desempe\u00f1ar.<\/p>\n<p>Monse\u00f1or Dal Toso proyect\u00f3 la Jornada Misionera hacia una serie de aniversarios en el pr\u00f3ximo a\u00f1o vinculados \u201cal mundo misionero: 400 a\u00f1os de la Congregaci\u00f3n, 200 a\u00f1os de la fundaci\u00f3n de la primera obra misionera, la Obra de Propagaci\u00f3n de la Fe, 100 a\u00f1os de la elevaci\u00f3n a rango pontificio de tres de nuestras cuatro obras, 150 a\u00f1os del nacimiento del fundador de la Pontificia Uni\u00f3n Misional\u201d. En este contexto, el 22 de mayo tendr\u00e1 lugar en Lyon la beatificaci\u00f3n de Pauline Jaricot, fundadora de la primera Obra, fallecida en 1862. Monse\u00f1or Dal Toso centr\u00f3 su discurso en esta figura, destacando tres aspectos de la misma.<\/p>\n<h4><strong>Una mujer joven<\/strong><\/h4>\n<p>\u201cEl primero es que es una mujer joven. Estos d\u00edas se habla mucho de la promoci\u00f3n de la mujer en la Iglesia. Una mirada a la historia nos dice que las mujeres han tenido un enorme impacto en la vida de la Iglesia, y este es uno de esos ejemplos que muestran c\u00f3mo la verdadera inspiraci\u00f3n encuentra un lugar en la Iglesia, quiz\u00e1s precisamente porque viene de una mujer\u201d. Una mujer que nunca ha entrado en un convento.<\/p>\n<h4><strong>Una gran misionera<\/strong><\/h4>\n<p>La segunda es que \u201cPauline fue una gran misionera. Me parece importante se\u00f1alar que la clave para entender a esta mujer era su ansiedad misionera. La Obra de la Propagaci\u00f3n de la Fe, y antes sus c\u00edrculos de oraci\u00f3n para la misi\u00f3n, el Rosario Viviente, su intento de construir una f\u00e1brica ideal para satisfacer las necesidades espirituales y promover la dignidad de los trabajadores de la \u00e9poca, todo ello se hizo para evangelizar el entorno franc\u00e9s y apoyar la misi\u00f3n en un periodo de fuerte descristianizaci\u00f3n tras la Revoluci\u00f3n Francesa. Sint\u00e9ticamente, creo que podemos decir, y esto es tambi\u00e9n el coraz\u00f3n de las Obras Misionales Pontificias, que quer\u00edan implicar a la misi\u00f3n en tierras lejanas para evangelizar en tierras vecinas.<\/p>\n<h4><strong>Una semilla que dio sus frutos<\/strong><\/h4>\n<p>Por \u00faltimo, \u201cPauline es una semilla de la que ha brotado un gran \u00e1rbol. Es excepcional no s\u00f3lo por la santidad de su vida, sino por la grandeza de los frutos de su trabajo. Puso en marcha un verdadero movimiento misionero espiritual gracias a la Obra de la Propagaci\u00f3n de la Fe, que tuvo una difusi\u00f3n inmediata y capilar, tambi\u00e9n porque se bas\u00f3 en un sistema sencillo pero ingenioso: grupos de 10 personas, que luego se reunieron en 100 y despu\u00e9s en mil con un responsable en cada nivel.<\/p>\n<p>Un a\u00f1o m\u00e1s tarde, la \u00d3pera fue reconocida por P\u00edo VII y, en 1825, el rey de Francia la tom\u00f3 bajo su protecci\u00f3n con un regalo de 4.000 francos. Si en 1822 recaud\u00f3 22.915 francos, en 1838 ya eran 1.343.000 y dos a\u00f1os m\u00e1s tarde 2,5 millones, el 45% de los cuales se recaudaron fuera de Francia. Seg\u00fan los c\u00e1lculos realizados, esto corresponde al menos a 50 millones de euros actuales\u201d. El ejemplo de Pauline llev\u00f3 al obispo Forbin-Janson a aplicar este modelo a la naciente Obra de la Infancia Misionera. La contribuci\u00f3n de las Sociedades, que naci\u00f3 de esta intuici\u00f3n, fue esencial para la historia de las misiones en los siglos XIX y XX\u201d, dijo monse\u00f1or Dal Toso, \u201cporque involucraron a la base de los fieles cat\u00f3licos y los sensibilizaron con la misi\u00f3n\u201d.<\/p>\n<p>Un \u201cefecto\u201d que a\u00fan hoy perdura: \u201cEn el a\u00f1o en curso, la Sociedad de Propagaci\u00f3n de la Fe apoy\u00f3 a 893 circunscripciones eclesi\u00e1sticas en territorios de misi\u00f3n con una contribuci\u00f3n para gastos corrientes e invirti\u00f3 m\u00e1s de 10 millones de d\u00f3lares en la formaci\u00f3n de catequistas, mientras que la Sociedad de San Pedro Ap\u00f3stol financi\u00f3 la formaci\u00f3n de 76.541 seminaristas en 746 seminarios\u201d.<\/p>\n<h4><strong>Una experiencia concreta<\/strong><\/h4>\n<p>La hermana Alessandra Dalpozzo, por su parte, cont\u00f3 la experiencia de la iniciativa puesta en marcha en Atambua, en la isla de Timor, a petici\u00f3n del obispo en 2010, con dos internados que acogen a numerosas ni\u00f1as \u201ca las que esperamos poder ofrecer pronto un entorno m\u00e1s sano y adecuado para su crecimiento\u201d, una experiencia en la que han florecido nuevas vocaciones.<\/p>\n<p>Con el crecimiento de las actividades y de la comunidad, las monjas tambi\u00e9n han conseguido construir una capilla dedicada a Santa Mar\u00eda de las Nieves, en el centro del pueblo. \u201cEs el lugar de oraci\u00f3n de la comunidad, de algunos pasajes de su vida consagrada, donde se celebran bodas y bautizos, que acoge actividades con las chicas del internado o la preparaci\u00f3n para los sacramentos. Momentos importantes en la vida del pueblo de Atambua. Con el \u00fanico objetivo de llevar la paz, que es el don de Cristo muerto y resucitado por nosotros\u201d.<\/p>\n<h4><strong>Nuevas tecnolog\u00edas para los misioneros<\/strong><\/h4>\n<p>Mons. Dal Toso subray\u00f3 tambi\u00e9n el esfuerzo que est\u00e1n haciendo las direcciones nacionales para trabajar mucho m\u00e1s en el \u00e1mbito digital, como muestra el v\u00eddeo presentado. Adem\u00e1s, durante el confinamiento, se cre\u00f3 un fondo especial para apoyar, por ejemplo, las radios locales, para ayudar a las parroquias en los pa\u00edses de misi\u00f3n, especialmente en \u00c1frica, donde las radios son una herramienta fundamental para los misioneros. Sin embargo, dijo, haci\u00e9ndose eco de Card. Tagle, \u201csigue siendo un medio de comunicaci\u00f3n, que no puede reemplazar el enfoque personal, cara a cara. Ha habido un florecimiento en nuestras iglesias porque ha habido misioneros que se han entregado, y cuando la persona se entrega hay un retorno\u201d.<\/p>\n","protected":false},"excerpt":{"rendered":"<p>Presentaci\u00f3n de la Jornada Mundial de las Misiones 2021<\/p>\n","protected":false},"author":18,"featured_media":37345,"comment_status":"open","ping_status":"open","sticky":false,"template":"","format":"standard","meta":{"_acf_changed":false,"_crdt_document":"","inline_featured_image":false,"footnotes":""},"categories":[298,132],"tags":[2884,215,2632],"class_list":["post-37344","post","type-post","status-publish","format-standard","has-post-thumbnail","hentry","category-ultimas-noticias","category-vaticano-es","tag-cardenal-luis-antonio-g-tagle","tag-jornada-mundial-de-las-misiones","tag-obras-misionales-pontificias-omp"],"acf":[],"yoast_head":"<!-- This site is optimized with the Yoast SEO plugin v27.4 - https:\/\/yoast.com\/product\/yoast-seo-wordpress\/ -->\n<title>Jornada de las Misiones 2021: El papel insustituible de los misioneros &#8211; Exaudi<\/title>\n<meta name=\"description\" content=\"\u201cNo podemos callar lo que hemos visto y o\u00eddo\u201d, es el tema elegido para la Jornada Mundial de las Misiones 2021, celebrada el 24 de octubre.\" \/>\n<meta name=\"robots\" content=\"index, follow, max-snippet:-1, max-image-preview:large, max-video-preview:-1\" \/>\n<link rel=\"canonical\" href=\"https:\/\/exaudi.org\/es\/jornada-misiones-2021-papel-insustituible-de-los-misioneros\/\" \/>\n<meta property=\"og:locale\" content=\"es_ES\" \/>\n<meta property=\"og:type\" content=\"article\" \/>\n<meta property=\"og:title\" content=\"Jornada de las Misiones 2021: El papel insustituible de los misioneros &#8211; Exaudi\" \/>\n<meta property=\"og:description\" content=\"\u201cNo podemos callar lo que hemos visto y o\u00eddo\u201d, es el tema elegido para la Jornada Mundial de las Misiones 2021, celebrada el 24 de octubre.\" \/>\n<meta property=\"og:url\" content=\"https:\/\/exaudi.org\/es\/jornada-misiones-2021-papel-insustituible-de-los-misioneros\/\" \/>\n<meta property=\"og:site_name\" content=\"Exaudi\" \/>\n<meta property=\"article:publisher\" content=\"https:\/\/www.facebook.com\/ExaudiNews\" \/>\n<meta property=\"article:published_time\" content=\"2021-10-21T14:08:59+00:00\" \/>\n<meta property=\"article:modified_time\" content=\"2021-10-22T09:21:37+00:00\" \/>\n<meta property=\"og:image\" content=\"https:\/\/exaudi.org\/wp-content\/uploads\/2021\/10\/Mision-en-Africa.jpeg\" \/>\n\t<meta property=\"og:image:width\" content=\"750\" \/>\n\t<meta property=\"og:image:height\" content=\"421\" \/>\n\t<meta property=\"og:image:type\" content=\"image\/jpeg\" \/>\n<meta name=\"author\" content=\"Andrea Acali\" \/>\n<meta name=\"twitter:card\" content=\"summary_large_image\" \/>\n<meta name=\"twitter:creator\" content=\"@Exaudi_News\" \/>\n<meta name=\"twitter:site\" content=\"@Exaudi_News\" \/>\n<meta name=\"twitter:label1\" content=\"Escrito por\" \/>\n\t<meta name=\"twitter:data1\" content=\"Andrea Acali\" \/>\n\t<meta name=\"twitter:label2\" content=\"Tiempo de lectura\" \/>\n\t<meta name=\"twitter:data2\" content=\"6 minutos\" \/>\n<script type=\"application\/ld+json\" class=\"yoast-schema-graph\">{\"@context\":\"https:\\\/\\\/schema.org\",\"@graph\":[{\"@type\":\"Article\",\"@id\":\"https:\\\/\\\/exaudi.org\\\/es\\\/jornada-misiones-2021-papel-insustituible-de-los-misioneros\\\/#article\",\"isPartOf\":{\"@id\":\"https:\\\/\\\/exaudi.org\\\/es\\\/jornada-misiones-2021-papel-insustituible-de-los-misioneros\\\/\"},\"author\":{\"name\":\"Andrea Acali\",\"@id\":\"https:\\\/\\\/exaudi.org\\\/#\\\/schema\\\/person\\\/127735be832481a6d3c410c5837bb61a\"},\"headline\":\"Jornada de las Misiones 2021: El papel insustituible de los misioneros\",\"datePublished\":\"2021-10-21T14:08:59+00:00\",\"dateModified\":\"2021-10-22T09:21:37+00:00\",\"mainEntityOfPage\":{\"@id\":\"https:\\\/\\\/exaudi.org\\\/es\\\/jornada-misiones-2021-papel-insustituible-de-los-misioneros\\\/\"},\"wordCount\":1436,\"commentCount\":0,\"image\":{\"@id\":\"https:\\\/\\\/exaudi.org\\\/es\\\/jornada-misiones-2021-papel-insustituible-de-los-misioneros\\\/#primaryimage\"},\"thumbnailUrl\":\"https:\\\/\\\/exaudi.org\\\/wp-content\\\/uploads\\\/2021\\\/10\\\/Mision-en-Africa.jpeg\",\"keywords\":[\"Cardenal Luis Antonio G. Tagle\",\"jornada mundial de las misiones\",\"Obras Misionales Pontificias (OMP)\"],\"articleSection\":[\"\u00daltimas noticias\",\"Vaticano\"],\"inLanguage\":\"es\",\"potentialAction\":[{\"@type\":\"CommentAction\",\"name\":\"Comment\",\"target\":[\"https:\\\/\\\/exaudi.org\\\/es\\\/jornada-misiones-2021-papel-insustituible-de-los-misioneros\\\/#respond\"]}]},{\"@type\":\"WebPage\",\"@id\":\"https:\\\/\\\/exaudi.org\\\/es\\\/jornada-misiones-2021-papel-insustituible-de-los-misioneros\\\/\",\"url\":\"https:\\\/\\\/exaudi.org\\\/es\\\/jornada-misiones-2021-papel-insustituible-de-los-misioneros\\\/\",\"name\":\"Jornada de las Misiones 2021: El papel insustituible de los misioneros &#8211; Exaudi\",\"isPartOf\":{\"@id\":\"https:\\\/\\\/exaudi.org\\\/#website\"},\"primaryImageOfPage\":{\"@id\":\"https:\\\/\\\/exaudi.org\\\/es\\\/jornada-misiones-2021-papel-insustituible-de-los-misioneros\\\/#primaryimage\"},\"image\":{\"@id\":\"https:\\\/\\\/exaudi.org\\\/es\\\/jornada-misiones-2021-papel-insustituible-de-los-misioneros\\\/#primaryimage\"},\"thumbnailUrl\":\"https:\\\/\\\/exaudi.org\\\/wp-content\\\/uploads\\\/2021\\\/10\\\/Mision-en-Africa.jpeg\",\"datePublished\":\"2021-10-21T14:08:59+00:00\",\"dateModified\":\"2021-10-22T09:21:37+00:00\",\"author\":{\"@id\":\"https:\\\/\\\/exaudi.org\\\/#\\\/schema\\\/person\\\/127735be832481a6d3c410c5837bb61a\"},\"description\":\"\u201cNo podemos callar lo que hemos visto y o\u00eddo\u201d, es el tema elegido para la Jornada Mundial de las Misiones 2021, celebrada el 24 de octubre.\",\"breadcrumb\":{\"@id\":\"https:\\\/\\\/exaudi.org\\\/es\\\/jornada-misiones-2021-papel-insustituible-de-los-misioneros\\\/#breadcrumb\"},\"inLanguage\":\"es\",\"potentialAction\":[{\"@type\":\"ReadAction\",\"target\":[\"https:\\\/\\\/exaudi.org\\\/es\\\/jornada-misiones-2021-papel-insustituible-de-los-misioneros\\\/\"]}]},{\"@type\":\"ImageObject\",\"inLanguage\":\"es\",\"@id\":\"https:\\\/\\\/exaudi.org\\\/es\\\/jornada-misiones-2021-papel-insustituible-de-los-misioneros\\\/#primaryimage\",\"url\":\"https:\\\/\\\/exaudi.org\\\/wp-content\\\/uploads\\\/2021\\\/10\\\/Mision-en-Africa.jpeg\",\"contentUrl\":\"https:\\\/\\\/exaudi.org\\\/wp-content\\\/uploads\\\/2021\\\/10\\\/Mision-en-Africa.jpeg\",\"width\":750,\"height\":421,\"caption\":\"Misi\u00f3n en \u00c1frica \u00a9 Vatican Media\"},{\"@type\":\"BreadcrumbList\",\"@id\":\"https:\\\/\\\/exaudi.org\\\/es\\\/jornada-misiones-2021-papel-insustituible-de-los-misioneros\\\/#breadcrumb\",\"itemListElement\":[{\"@type\":\"ListItem\",\"position\":1,\"name\":\"Portada\",\"item\":\"https:\\\/\\\/exaudi.org\\\/es\\\/\"},{\"@type\":\"ListItem\",\"position\":2,\"name\":\"Jornada de las Misiones 2021: El papel insustituible de los misioneros\"}]},{\"@type\":\"WebSite\",\"@id\":\"https:\\\/\\\/exaudi.org\\\/#website\",\"url\":\"https:\\\/\\\/exaudi.org\\\/\",\"name\":\"Exaudi\",\"description\":\"News\",\"potentialAction\":[{\"@type\":\"SearchAction\",\"target\":{\"@type\":\"EntryPoint\",\"urlTemplate\":\"https:\\\/\\\/exaudi.org\\\/?s={search_term_string}\"},\"query-input\":{\"@type\":\"PropertyValueSpecification\",\"valueRequired\":true,\"valueName\":\"search_term_string\"}}],\"inLanguage\":\"es\"},{\"@type\":\"Person\",\"@id\":\"https:\\\/\\\/exaudi.org\\\/#\\\/schema\\\/person\\\/127735be832481a6d3c410c5837bb61a\",\"name\":\"Andrea Acali\",\"image\":{\"@type\":\"ImageObject\",\"inLanguage\":\"es\",\"@id\":\"https:\\\/\\\/secure.gravatar.com\\\/avatar\\\/2abf8e528c4f8c571ab456e5ef9ac66b04b987863e3ab3fd9546150699bb9259?s=96&d=mm&r=g\",\"url\":\"https:\\\/\\\/secure.gravatar.com\\\/avatar\\\/2abf8e528c4f8c571ab456e5ef9ac66b04b987863e3ab3fd9546150699bb9259?s=96&d=mm&r=g\",\"contentUrl\":\"https:\\\/\\\/secure.gravatar.com\\\/avatar\\\/2abf8e528c4f8c571ab456e5ef9ac66b04b987863e3ab3fd9546150699bb9259?s=96&d=mm&r=g\",\"caption\":\"Andrea Acali\"},\"description\":\"Andrea Acali es un periodista y comunicador italiano con una larga trayectoria en el \u00e1mbito de la informaci\u00f3n religiosa, social y deportiva. Durante casi treinta a\u00f1os trabaj\u00f3 en el diario Il Tempo como vaticanista y jefe de secci\u00f3n, especializ\u00e1ndose en la cobertura de la actualidad del Vaticano y de la Iglesia cat\u00f3lica. Desde 2016 colabora como periodista web en RomaSette y tambi\u00e9n escribe para el peri\u00f3dico Avvenire. Desde 2019 ejerce como comunicador en la Delegazione della Generalitat de Catalunya in Italia, con sede en Roma, donde combina su experiencia period\u00edstica con la comunicaci\u00f3n institucional\",\"sameAs\":[\"https:\\\/\\\/www.linkedin.com\\\/in\\\/andrea-acali-505567125\\\/?originalSubdomain=it\"],\"url\":\"https:\\\/\\\/exaudi.org\\\/es\\\/author\\\/aacaliexaudi-org\\\/\"}]}<\/script>\n<!-- \/ Yoast SEO plugin. -->","yoast_head_json":{"title":"Jornada de las Misiones 2021: El papel insustituible de los misioneros &#8211; Exaudi","description":"\u201cNo podemos callar lo que hemos visto y o\u00eddo\u201d, es el tema elegido para la Jornada Mundial de las Misiones 2021, celebrada el 24 de octubre.","robots":{"index":"index","follow":"follow","max-snippet":"max-snippet:-1","max-image-preview":"max-image-preview:large","max-video-preview":"max-video-preview:-1"},"canonical":"https:\/\/exaudi.org\/es\/jornada-misiones-2021-papel-insustituible-de-los-misioneros\/","og_locale":"es_ES","og_type":"article","og_title":"Jornada de las Misiones 2021: El papel insustituible de los misioneros &#8211; Exaudi","og_description":"\u201cNo podemos callar lo que hemos visto y o\u00eddo\u201d, es el tema elegido para la Jornada Mundial de las Misiones 2021, celebrada el 24 de octubre.","og_url":"https:\/\/exaudi.org\/es\/jornada-misiones-2021-papel-insustituible-de-los-misioneros\/","og_site_name":"Exaudi","article_publisher":"https:\/\/www.facebook.com\/ExaudiNews","article_published_time":"2021-10-21T14:08:59+00:00","article_modified_time":"2021-10-22T09:21:37+00:00","og_image":[{"width":750,"height":421,"url":"https:\/\/exaudi.org\/wp-content\/uploads\/2021\/10\/Mision-en-Africa.jpeg","type":"image\/jpeg"}],"author":"Andrea Acali","twitter_card":"summary_large_image","twitter_creator":"@Exaudi_News","twitter_site":"@Exaudi_News","twitter_misc":{"Escrito por":"Andrea Acali","Tiempo de lectura":"6 minutos"},"schema":{"@context":"https:\/\/schema.org","@graph":[{"@type":"Article","@id":"https:\/\/exaudi.org\/es\/jornada-misiones-2021-papel-insustituible-de-los-misioneros\/#article","isPartOf":{"@id":"https:\/\/exaudi.org\/es\/jornada-misiones-2021-papel-insustituible-de-los-misioneros\/"},"author":{"name":"Andrea Acali","@id":"https:\/\/exaudi.org\/#\/schema\/person\/127735be832481a6d3c410c5837bb61a"},"headline":"Jornada de las Misiones 2021: El papel insustituible de los misioneros","datePublished":"2021-10-21T14:08:59+00:00","dateModified":"2021-10-22T09:21:37+00:00","mainEntityOfPage":{"@id":"https:\/\/exaudi.org\/es\/jornada-misiones-2021-papel-insustituible-de-los-misioneros\/"},"wordCount":1436,"commentCount":0,"image":{"@id":"https:\/\/exaudi.org\/es\/jornada-misiones-2021-papel-insustituible-de-los-misioneros\/#primaryimage"},"thumbnailUrl":"https:\/\/exaudi.org\/wp-content\/uploads\/2021\/10\/Mision-en-Africa.jpeg","keywords":["Cardenal Luis Antonio G. Tagle","jornada mundial de las misiones","Obras Misionales Pontificias (OMP)"],"articleSection":["\u00daltimas noticias","Vaticano"],"inLanguage":"es","potentialAction":[{"@type":"CommentAction","name":"Comment","target":["https:\/\/exaudi.org\/es\/jornada-misiones-2021-papel-insustituible-de-los-misioneros\/#respond"]}]},{"@type":"WebPage","@id":"https:\/\/exaudi.org\/es\/jornada-misiones-2021-papel-insustituible-de-los-misioneros\/","url":"https:\/\/exaudi.org\/es\/jornada-misiones-2021-papel-insustituible-de-los-misioneros\/","name":"Jornada de las Misiones 2021: El papel insustituible de los misioneros &#8211; Exaudi","isPartOf":{"@id":"https:\/\/exaudi.org\/#website"},"primaryImageOfPage":{"@id":"https:\/\/exaudi.org\/es\/jornada-misiones-2021-papel-insustituible-de-los-misioneros\/#primaryimage"},"image":{"@id":"https:\/\/exaudi.org\/es\/jornada-misiones-2021-papel-insustituible-de-los-misioneros\/#primaryimage"},"thumbnailUrl":"https:\/\/exaudi.org\/wp-content\/uploads\/2021\/10\/Mision-en-Africa.jpeg","datePublished":"2021-10-21T14:08:59+00:00","dateModified":"2021-10-22T09:21:37+00:00","author":{"@id":"https:\/\/exaudi.org\/#\/schema\/person\/127735be832481a6d3c410c5837bb61a"},"description":"\u201cNo podemos callar lo que hemos visto y o\u00eddo\u201d, es el tema elegido para la Jornada Mundial de las Misiones 2021, celebrada el 24 de octubre.","breadcrumb":{"@id":"https:\/\/exaudi.org\/es\/jornada-misiones-2021-papel-insustituible-de-los-misioneros\/#breadcrumb"},"inLanguage":"es","potentialAction":[{"@type":"ReadAction","target":["https:\/\/exaudi.org\/es\/jornada-misiones-2021-papel-insustituible-de-los-misioneros\/"]}]},{"@type":"ImageObject","inLanguage":"es","@id":"https:\/\/exaudi.org\/es\/jornada-misiones-2021-papel-insustituible-de-los-misioneros\/#primaryimage","url":"https:\/\/exaudi.org\/wp-content\/uploads\/2021\/10\/Mision-en-Africa.jpeg","contentUrl":"https:\/\/exaudi.org\/wp-content\/uploads\/2021\/10\/Mision-en-Africa.jpeg","width":750,"height":421,"caption":"Misi\u00f3n en \u00c1frica \u00a9 Vatican Media"},{"@type":"BreadcrumbList","@id":"https:\/\/exaudi.org\/es\/jornada-misiones-2021-papel-insustituible-de-los-misioneros\/#breadcrumb","itemListElement":[{"@type":"ListItem","position":1,"name":"Portada","item":"https:\/\/exaudi.org\/es\/"},{"@type":"ListItem","position":2,"name":"Jornada de las Misiones 2021: El papel insustituible de los misioneros"}]},{"@type":"WebSite","@id":"https:\/\/exaudi.org\/#website","url":"https:\/\/exaudi.org\/","name":"Exaudi","description":"News","potentialAction":[{"@type":"SearchAction","target":{"@type":"EntryPoint","urlTemplate":"https:\/\/exaudi.org\/?s={search_term_string}"},"query-input":{"@type":"PropertyValueSpecification","valueRequired":true,"valueName":"search_term_string"}}],"inLanguage":"es"},{"@type":"Person","@id":"https:\/\/exaudi.org\/#\/schema\/person\/127735be832481a6d3c410c5837bb61a","name":"Andrea Acali","image":{"@type":"ImageObject","inLanguage":"es","@id":"https:\/\/secure.gravatar.com\/avatar\/2abf8e528c4f8c571ab456e5ef9ac66b04b987863e3ab3fd9546150699bb9259?s=96&d=mm&r=g","url":"https:\/\/secure.gravatar.com\/avatar\/2abf8e528c4f8c571ab456e5ef9ac66b04b987863e3ab3fd9546150699bb9259?s=96&d=mm&r=g","contentUrl":"https:\/\/secure.gravatar.com\/avatar\/2abf8e528c4f8c571ab456e5ef9ac66b04b987863e3ab3fd9546150699bb9259?s=96&d=mm&r=g","caption":"Andrea Acali"},"description":"Andrea Acali es un periodista y comunicador italiano con una larga trayectoria en el \u00e1mbito de la informaci\u00f3n religiosa, social y deportiva. Durante casi treinta a\u00f1os trabaj\u00f3 en el diario Il Tempo como vaticanista y jefe de secci\u00f3n, especializ\u00e1ndose en la cobertura de la actualidad del Vaticano y de la Iglesia cat\u00f3lica. Desde 2016 colabora como periodista web en RomaSette y tambi\u00e9n escribe para el peri\u00f3dico Avvenire. Desde 2019 ejerce como comunicador en la Delegazione della Generalitat de Catalunya in Italia, con sede en Roma, donde combina su experiencia period\u00edstica con la comunicaci\u00f3n institucional","sameAs":["https:\/\/www.linkedin.com\/in\/andrea-acali-505567125\/?originalSubdomain=it"],"url":"https:\/\/exaudi.org\/es\/author\/aacaliexaudi-org\/"}]}},"jetpack_featured_media_url":"https:\/\/exaudi.org\/wp-content\/uploads\/2021\/10\/Mision-en-Africa.jpeg","jetpack_shortlink":"https:\/\/wp.me\/pgKjF2-9Ik","_links":{"self":[{"href":"https:\/\/exaudi.org\/es\/wp-json\/wp\/v2\/posts\/37344","targetHints":{"allow":["GET"]}}],"collection":[{"href":"https:\/\/exaudi.org\/es\/wp-json\/wp\/v2\/posts"}],"about":[{"href":"https:\/\/exaudi.org\/es\/wp-json\/wp\/v2\/types\/post"}],"author":[{"embeddable":true,"href":"https:\/\/exaudi.org\/es\/wp-json\/wp\/v2\/users\/18"}],"replies":[{"embeddable":true,"href":"https:\/\/exaudi.org\/es\/wp-json\/wp\/v2\/comments?post=37344"}],"version-history":[{"count":0,"href":"https:\/\/exaudi.org\/es\/wp-json\/wp\/v2\/posts\/37344\/revisions"}],"wp:featuredmedia":[{"embeddable":true,"href":"https:\/\/exaudi.org\/es\/wp-json\/wp\/v2\/media\/37345"}],"wp:attachment":[{"href":"https:\/\/exaudi.org\/es\/wp-json\/wp\/v2\/media?parent=37344"}],"wp:term":[{"taxonomy":"category","embeddable":true,"href":"https:\/\/exaudi.org\/es\/wp-json\/wp\/v2\/categories?post=37344"},{"taxonomy":"post_tag","embeddable":true,"href":"https:\/\/exaudi.org\/es\/wp-json\/wp\/v2\/tags?post=37344"}],"curies":[{"name":"wp","href":"https:\/\/api.w.org\/{rel}","templated":true}]}}