{"id":37254,"date":"2021-10-20T16:21:29","date_gmt":"2021-10-20T14:21:29","guid":{"rendered":"https:\/\/exaudi.wpengine.com\/?p=37254"},"modified":"2021-10-21T14:00:54","modified_gmt":"2021-10-21T12:00:54","slug":"ereccion-canonica-de-la-conferencia-eclesial-de-la-amazonia","status":"publish","type":"post","link":"https:\/\/exaudi.org\/es\/ereccion-canonica-de-la-conferencia-eclesial-de-la-amazonia\/","title":{"rendered":"Erecci\u00f3n can\u00f3nica de la Conferencia Eclesial de la Amazon\u00eda"},"content":{"rendered":"<p>La <a href=\"http:\/\/www.congregazionevescovi.va\/content\/congregazionevescovi\/it.html\">Congregaci\u00f3n para los Obispos<\/a> ha dado a conocer hoy, 20 de octubre de 2021, a trav\u00e9s de una nota, la <a href=\"https:\/\/exaudi.wpengine.com\/es\/papa-erige-conferencia-eclesial-amazonia\/\">erecci\u00f3n de la Conferencia Eclesial de la Amazon\u00eda<\/a>.<\/p>\n<p>\u201cEn la audiencia del 9 de octubre concedida al prefecto de la Congregaci\u00f3n para los Obispos, el Santo Padre erigi\u00f3 can\u00f3nicamente la\u00a0Conferencia Eclesial de la Amazon\u00eda\u00a0como persona jur\u00eddica eclesi\u00e1stica p\u00fablica, d\u00e1ndole la finalidad de promover la acci\u00f3n pastoral com\u00fan de las circunscripciones eclesi\u00e1sticas de la Amazon\u00eda y de incentivar una mayor inculturaci\u00f3n de la fe en dicho territorio\u201d, se lee en el comunicado. Los estatutos del nuevo organismo \u201cser\u00e1n presentados al Santo Padre para la necesaria aprobaci\u00f3n al final de su estudio\u201d, a\u00f1ade<\/p>\n<p>Asimismo, la nota recuerda que la CEAMA se erige siguiendo el Documento final del S\u00ednodo sobre la Amazon\u00eda, n\u00ba 115, que \u201cpropon\u00eda la creaci\u00f3n de un \u2018\u00f3rgano episcopal permanente y representativo para promover la sinodalidad en la regi\u00f3n amaz\u00f3nica\u2019\u201d. De este modo, \u201cdurante una asamblea celebrada del 26 al 29 de junio de 2020, los prelados interesados decidieron solicitar a la Santa Sede la erecci\u00f3n permanente de la\u00a0Conferencia Eclesial de la Amazon\u00eda\u201d.<\/p>\n<p>\u201cBien dispuesto a favorecer esta iniciativa, surgida de la Asamblea Sinodal, el Papa Francisco encarg\u00f3 a la Congregaci\u00f3n para los Obispos que siguiera y acompa\u00f1ara de cerca el proceso, prestando toda la ayuda posible para dar al organismo una fisonom\u00eda adecuada\u201d, precisa el texto.<\/p>\n<p>Por su parte, el <a href=\"https:\/\/prensacelam.org\/\">Consejo Episcopal Latinoamericano (CELAM)<\/a> celebra esta decisi\u00f3n del Santo Padre: \u201cNos llena de alegr\u00eda en un tiempo en el que la Iglesia latinoamericana y caribe\u00f1a acent\u00faa su opci\u00f3n por la sinodalidad, en colegialidad, conversi\u00f3n integral, con voz prof\u00e9tica, mirada integradora e incidencia, articulando e integrando redes, impulsando la descentralizaci\u00f3n, y acogiendo el Magisterio del Papa Francisco\u201d, se lee en el mensaje divulgado por el CELAM el pasado 17 de octubre, coincidiendo con la apertura del proceso sinodal en todas las di\u00f3cesis del mundo.<\/p>\n<h4><strong>El CELAM celebra la noticia<\/strong><\/h4>\n<p>En el comunicado, firmado por Mons. Miguel Cabrejos, presidente del CELAM, y por el secretario general, Mons. Jorge Eduardo Lozano, el organismo episcopal expresar su\u00a0agradecimiento al Papa Francisco \u201cpor su orientaci\u00f3n, cercan\u00eda y acompa\u00f1amiento en la puesta en marcha de los nuevos caminos para la Iglesia y para una ecolog\u00eda integral en la Amazon\u00eda\u201d, que adem\u00e1s es \u201cfruto del proceso desatado por el S\u00ednodo para la Panamazon\u00eda, con una significativa participaci\u00f3n del Pueblo Santo de Dios de esta regi\u00f3n\u201d.<\/p>\n<p>Asimismo, el texto indica que, si bien se espera que la revisi\u00f3n y aprobaci\u00f3n de los Estatutos de la CEAMA contin\u00fae su curso, y que pr\u00f3ximamente se d\u00e9 a conocer el Decreto de su erecci\u00f3n can\u00f3nica por parte de las instancias correspondientes,\u00a0el CELAM ha reafirmado su deseo de apoyar las iniciativas de la Iglesia en la Panamazon\u00eda, a tiempo que ha asegurado su \u201cvoluntad de continuar caminando juntos, como disc\u00edpulos misioneros, para que nuestros pueblos tengan vida en Jesucristo\u201d.<\/p>\n","protected":false},"excerpt":{"rendered":"<p>Nota de la Congregaci\u00f3n para los Obispos<\/p>\n","protected":false},"author":5,"featured_media":37255,"comment_status":"open","ping_status":"open","sticky":false,"template":"","format":"standard","meta":{"_acf_changed":false,"_crdt_document":"","inline_featured_image":false,"footnotes":""},"categories":[298,132],"tags":[1797,4611,158],"class_list":["post-37254","post","type-post","status-publish","format-standard","has-post-thumbnail","hentry","category-ultimas-noticias","category-vaticano-es","tag-conferencia-eclesial-de-la-amazonia-ceama","tag-consejo-del-episcopado-latinoamericano-celam","tag-papa-francisco"],"acf":[],"yoast_head":"<!-- This site is optimized with the Yoast SEO plugin v27.5 - https:\/\/yoast.com\/product\/yoast-seo-wordpress\/ -->\n<title>Erecci\u00f3n can\u00f3nica de la Conferencia Eclesial de la Amazon\u00eda &#8211; Exaudi<\/title>\n<meta name=\"description\" content=\"La Congregaci\u00f3n para los Obispos ha dado a conocer a trav\u00e9s de una nota, la erecci\u00f3n de la Conferencia Eclesial de la Amazon\u00eda.\" \/>\n<meta name=\"robots\" content=\"index, follow, max-snippet:-1, max-image-preview:large, max-video-preview:-1\" \/>\n<link rel=\"canonical\" href=\"https:\/\/exaudi.org\/es\/ereccion-canonica-de-la-conferencia-eclesial-de-la-amazonia\/\" \/>\n<meta property=\"og:locale\" content=\"es_ES\" \/>\n<meta property=\"og:type\" content=\"article\" \/>\n<meta property=\"og:title\" content=\"Erecci\u00f3n can\u00f3nica de la Conferencia Eclesial de la Amazon\u00eda &#8211; Exaudi\" \/>\n<meta property=\"og:description\" content=\"La Congregaci\u00f3n para los Obispos ha dado a conocer a trav\u00e9s de una nota, la erecci\u00f3n de la Conferencia Eclesial de la Amazon\u00eda.\" \/>\n<meta property=\"og:url\" content=\"https:\/\/exaudi.org\/es\/ereccion-canonica-de-la-conferencia-eclesial-de-la-amazonia\/\" \/>\n<meta property=\"og:site_name\" content=\"Exaudi\" \/>\n<meta property=\"article:publisher\" content=\"https:\/\/www.facebook.com\/ExaudiNews\" \/>\n<meta property=\"article:published_time\" content=\"2021-10-20T14:21:29+00:00\" \/>\n<meta property=\"article:modified_time\" content=\"2021-10-21T12:00:54+00:00\" \/>\n<meta property=\"og:image\" content=\"https:\/\/exaudi.org\/wp-content\/uploads\/2021\/10\/Sinodo-de-la-Amazonia.jpeg\" \/>\n\t<meta property=\"og:image:width\" content=\"1500\" \/>\n\t<meta property=\"og:image:height\" content=\"844\" \/>\n\t<meta property=\"og:image:type\" content=\"image\/jpeg\" \/>\n<meta name=\"author\" content=\"Larissa I. L\u00f3pez\" \/>\n<meta name=\"twitter:card\" content=\"summary_large_image\" \/>\n<meta name=\"twitter:creator\" content=\"@Exaudi_News\" \/>\n<meta name=\"twitter:site\" content=\"@Exaudi_News\" \/>\n<meta name=\"twitter:label1\" content=\"Escrito por\" \/>\n\t<meta name=\"twitter:data1\" content=\"Larissa I. L\u00f3pez\" \/>\n\t<meta name=\"twitter:label2\" content=\"Tiempo de lectura\" \/>\n\t<meta name=\"twitter:data2\" content=\"3 minutos\" \/>\n<script type=\"application\/ld+json\" class=\"yoast-schema-graph\">{\"@context\":\"https:\\\/\\\/schema.org\",\"@graph\":[{\"@type\":\"Article\",\"@id\":\"https:\\\/\\\/exaudi.org\\\/es\\\/ereccion-canonica-de-la-conferencia-eclesial-de-la-amazonia\\\/#article\",\"isPartOf\":{\"@id\":\"https:\\\/\\\/exaudi.org\\\/es\\\/ereccion-canonica-de-la-conferencia-eclesial-de-la-amazonia\\\/\"},\"author\":{\"name\":\"Larissa I. L\u00f3pez\",\"@id\":\"https:\\\/\\\/exaudi.org\\\/#\\\/schema\\\/person\\\/7d2f77db033c2c0929edfab6dbe8c588\"},\"headline\":\"Erecci\u00f3n can\u00f3nica de la Conferencia Eclesial de la Amazon\u00eda\",\"datePublished\":\"2021-10-20T14:21:29+00:00\",\"dateModified\":\"2021-10-21T12:00:54+00:00\",\"mainEntityOfPage\":{\"@id\":\"https:\\\/\\\/exaudi.org\\\/es\\\/ereccion-canonica-de-la-conferencia-eclesial-de-la-amazonia\\\/\"},\"wordCount\":544,\"commentCount\":0,\"image\":{\"@id\":\"https:\\\/\\\/exaudi.org\\\/es\\\/ereccion-canonica-de-la-conferencia-eclesial-de-la-amazonia\\\/#primaryimage\"},\"thumbnailUrl\":\"https:\\\/\\\/exaudi.org\\\/wp-content\\\/uploads\\\/2021\\\/10\\\/Sinodo-de-la-Amazonia.jpeg\",\"keywords\":[\"Conferencia Eclesial de la Amazon\u00eda (CEAMA)\",\"Consejo del Episcopado Latinoamericano (CELAM)\",\"papa francisco\"],\"articleSection\":[\"\u00daltimas noticias\",\"Vaticano\"],\"inLanguage\":\"es\",\"potentialAction\":[{\"@type\":\"CommentAction\",\"name\":\"Comment\",\"target\":[\"https:\\\/\\\/exaudi.org\\\/es\\\/ereccion-canonica-de-la-conferencia-eclesial-de-la-amazonia\\\/#respond\"]}]},{\"@type\":\"WebPage\",\"@id\":\"https:\\\/\\\/exaudi.org\\\/es\\\/ereccion-canonica-de-la-conferencia-eclesial-de-la-amazonia\\\/\",\"url\":\"https:\\\/\\\/exaudi.org\\\/es\\\/ereccion-canonica-de-la-conferencia-eclesial-de-la-amazonia\\\/\",\"name\":\"Erecci\u00f3n can\u00f3nica de la Conferencia Eclesial de la Amazon\u00eda &#8211; Exaudi\",\"isPartOf\":{\"@id\":\"https:\\\/\\\/exaudi.org\\\/#website\"},\"primaryImageOfPage\":{\"@id\":\"https:\\\/\\\/exaudi.org\\\/es\\\/ereccion-canonica-de-la-conferencia-eclesial-de-la-amazonia\\\/#primaryimage\"},\"image\":{\"@id\":\"https:\\\/\\\/exaudi.org\\\/es\\\/ereccion-canonica-de-la-conferencia-eclesial-de-la-amazonia\\\/#primaryimage\"},\"thumbnailUrl\":\"https:\\\/\\\/exaudi.org\\\/wp-content\\\/uploads\\\/2021\\\/10\\\/Sinodo-de-la-Amazonia.jpeg\",\"datePublished\":\"2021-10-20T14:21:29+00:00\",\"dateModified\":\"2021-10-21T12:00:54+00:00\",\"author\":{\"@id\":\"https:\\\/\\\/exaudi.org\\\/#\\\/schema\\\/person\\\/7d2f77db033c2c0929edfab6dbe8c588\"},\"description\":\"La Congregaci\u00f3n para los Obispos ha dado a conocer a trav\u00e9s de una nota, la erecci\u00f3n de la Conferencia Eclesial de la Amazon\u00eda.\",\"breadcrumb\":{\"@id\":\"https:\\\/\\\/exaudi.org\\\/es\\\/ereccion-canonica-de-la-conferencia-eclesial-de-la-amazonia\\\/#breadcrumb\"},\"inLanguage\":\"es\",\"potentialAction\":[{\"@type\":\"ReadAction\",\"target\":[\"https:\\\/\\\/exaudi.org\\\/es\\\/ereccion-canonica-de-la-conferencia-eclesial-de-la-amazonia\\\/\"]}]},{\"@type\":\"ImageObject\",\"inLanguage\":\"es\",\"@id\":\"https:\\\/\\\/exaudi.org\\\/es\\\/ereccion-canonica-de-la-conferencia-eclesial-de-la-amazonia\\\/#primaryimage\",\"url\":\"https:\\\/\\\/exaudi.org\\\/wp-content\\\/uploads\\\/2021\\\/10\\\/Sinodo-de-la-Amazonia.jpeg\",\"contentUrl\":\"https:\\\/\\\/exaudi.org\\\/wp-content\\\/uploads\\\/2021\\\/10\\\/Sinodo-de-la-Amazonia.jpeg\",\"width\":1500,\"height\":844,\"caption\":\"S\u00ednodo de la Amazon\u00eda \u00a9 Vatican Media\"},{\"@type\":\"BreadcrumbList\",\"@id\":\"https:\\\/\\\/exaudi.org\\\/es\\\/ereccion-canonica-de-la-conferencia-eclesial-de-la-amazonia\\\/#breadcrumb\",\"itemListElement\":[{\"@type\":\"ListItem\",\"position\":1,\"name\":\"Portada\",\"item\":\"https:\\\/\\\/exaudi.org\\\/es\\\/\"},{\"@type\":\"ListItem\",\"position\":2,\"name\":\"Erecci\u00f3n can\u00f3nica de la Conferencia Eclesial de la Amazon\u00eda\"}]},{\"@type\":\"WebSite\",\"@id\":\"https:\\\/\\\/exaudi.org\\\/#website\",\"url\":\"https:\\\/\\\/exaudi.org\\\/\",\"name\":\"Exaudi\",\"description\":\"News\",\"potentialAction\":[{\"@type\":\"SearchAction\",\"target\":{\"@type\":\"EntryPoint\",\"urlTemplate\":\"https:\\\/\\\/exaudi.org\\\/?s={search_term_string}\"},\"query-input\":{\"@type\":\"PropertyValueSpecification\",\"valueRequired\":true,\"valueName\":\"search_term_string\"}}],\"inLanguage\":\"es\"},{\"@type\":\"Person\",\"@id\":\"https:\\\/\\\/exaudi.org\\\/#\\\/schema\\\/person\\\/7d2f77db033c2c0929edfab6dbe8c588\",\"name\":\"Larissa I. L\u00f3pez\",\"image\":{\"@type\":\"ImageObject\",\"inLanguage\":\"es\",\"@id\":\"https:\\\/\\\/secure.gravatar.com\\\/avatar\\\/db3ef399ff343d0bb9d25dc5198bc8ece5ac6d621eca79876697a354dabc1e3f?s=96&d=mm&r=g\",\"url\":\"https:\\\/\\\/secure.gravatar.com\\\/avatar\\\/db3ef399ff343d0bb9d25dc5198bc8ece5ac6d621eca79876697a354dabc1e3f?s=96&d=mm&r=g\",\"contentUrl\":\"https:\\\/\\\/secure.gravatar.com\\\/avatar\\\/db3ef399ff343d0bb9d25dc5198bc8ece5ac6d621eca79876697a354dabc1e3f?s=96&d=mm&r=g\",\"caption\":\"Larissa I. L\u00f3pez\"},\"description\":\"Doctora en Comunicaci\u00f3n. Mi trayectoria profesional ha transcurrido entre el \u00e1mbito de la comunicaci\u00f3n y el de la docencia. En los \u00faltimos a\u00f1os, he trabajado como coordinadora y redactora de la edici\u00f3n de ZENIT en espa\u00f1ol. Como profesora, he impartido clases en la universidad y en centros de FP y bachillerato. Cordobesa de nacimiento, tambi\u00e9n he vivido en Sevilla, Madrid y Roma\",\"url\":\"https:\\\/\\\/exaudi.org\\\/es\\\/author\\\/llopezexaudi-org\\\/\"}]}<\/script>\n<!-- \/ Yoast SEO plugin. -->","yoast_head_json":{"title":"Erecci\u00f3n can\u00f3nica de la Conferencia Eclesial de la Amazon\u00eda &#8211; Exaudi","description":"La Congregaci\u00f3n para los Obispos ha dado a conocer a trav\u00e9s de una nota, la erecci\u00f3n de la Conferencia Eclesial de la Amazon\u00eda.","robots":{"index":"index","follow":"follow","max-snippet":"max-snippet:-1","max-image-preview":"max-image-preview:large","max-video-preview":"max-video-preview:-1"},"canonical":"https:\/\/exaudi.org\/es\/ereccion-canonica-de-la-conferencia-eclesial-de-la-amazonia\/","og_locale":"es_ES","og_type":"article","og_title":"Erecci\u00f3n can\u00f3nica de la Conferencia Eclesial de la Amazon\u00eda &#8211; Exaudi","og_description":"La Congregaci\u00f3n para los Obispos ha dado a conocer a trav\u00e9s de una nota, la erecci\u00f3n de la Conferencia Eclesial de la Amazon\u00eda.","og_url":"https:\/\/exaudi.org\/es\/ereccion-canonica-de-la-conferencia-eclesial-de-la-amazonia\/","og_site_name":"Exaudi","article_publisher":"https:\/\/www.facebook.com\/ExaudiNews","article_published_time":"2021-10-20T14:21:29+00:00","article_modified_time":"2021-10-21T12:00:54+00:00","og_image":[{"width":1500,"height":844,"url":"https:\/\/exaudi.org\/wp-content\/uploads\/2021\/10\/Sinodo-de-la-Amazonia.jpeg","type":"image\/jpeg"}],"author":"Larissa I. L\u00f3pez","twitter_card":"summary_large_image","twitter_creator":"@Exaudi_News","twitter_site":"@Exaudi_News","twitter_misc":{"Escrito por":"Larissa I. L\u00f3pez","Tiempo de lectura":"3 minutos"},"schema":{"@context":"https:\/\/schema.org","@graph":[{"@type":"Article","@id":"https:\/\/exaudi.org\/es\/ereccion-canonica-de-la-conferencia-eclesial-de-la-amazonia\/#article","isPartOf":{"@id":"https:\/\/exaudi.org\/es\/ereccion-canonica-de-la-conferencia-eclesial-de-la-amazonia\/"},"author":{"name":"Larissa I. L\u00f3pez","@id":"https:\/\/exaudi.org\/#\/schema\/person\/7d2f77db033c2c0929edfab6dbe8c588"},"headline":"Erecci\u00f3n can\u00f3nica de la Conferencia Eclesial de la Amazon\u00eda","datePublished":"2021-10-20T14:21:29+00:00","dateModified":"2021-10-21T12:00:54+00:00","mainEntityOfPage":{"@id":"https:\/\/exaudi.org\/es\/ereccion-canonica-de-la-conferencia-eclesial-de-la-amazonia\/"},"wordCount":544,"commentCount":0,"image":{"@id":"https:\/\/exaudi.org\/es\/ereccion-canonica-de-la-conferencia-eclesial-de-la-amazonia\/#primaryimage"},"thumbnailUrl":"https:\/\/exaudi.org\/wp-content\/uploads\/2021\/10\/Sinodo-de-la-Amazonia.jpeg","keywords":["Conferencia Eclesial de la Amazon\u00eda (CEAMA)","Consejo del Episcopado Latinoamericano (CELAM)","papa francisco"],"articleSection":["\u00daltimas noticias","Vaticano"],"inLanguage":"es","potentialAction":[{"@type":"CommentAction","name":"Comment","target":["https:\/\/exaudi.org\/es\/ereccion-canonica-de-la-conferencia-eclesial-de-la-amazonia\/#respond"]}]},{"@type":"WebPage","@id":"https:\/\/exaudi.org\/es\/ereccion-canonica-de-la-conferencia-eclesial-de-la-amazonia\/","url":"https:\/\/exaudi.org\/es\/ereccion-canonica-de-la-conferencia-eclesial-de-la-amazonia\/","name":"Erecci\u00f3n can\u00f3nica de la Conferencia Eclesial de la Amazon\u00eda &#8211; Exaudi","isPartOf":{"@id":"https:\/\/exaudi.org\/#website"},"primaryImageOfPage":{"@id":"https:\/\/exaudi.org\/es\/ereccion-canonica-de-la-conferencia-eclesial-de-la-amazonia\/#primaryimage"},"image":{"@id":"https:\/\/exaudi.org\/es\/ereccion-canonica-de-la-conferencia-eclesial-de-la-amazonia\/#primaryimage"},"thumbnailUrl":"https:\/\/exaudi.org\/wp-content\/uploads\/2021\/10\/Sinodo-de-la-Amazonia.jpeg","datePublished":"2021-10-20T14:21:29+00:00","dateModified":"2021-10-21T12:00:54+00:00","author":{"@id":"https:\/\/exaudi.org\/#\/schema\/person\/7d2f77db033c2c0929edfab6dbe8c588"},"description":"La Congregaci\u00f3n para los Obispos ha dado a conocer a trav\u00e9s de una nota, la erecci\u00f3n de la Conferencia Eclesial de la Amazon\u00eda.","breadcrumb":{"@id":"https:\/\/exaudi.org\/es\/ereccion-canonica-de-la-conferencia-eclesial-de-la-amazonia\/#breadcrumb"},"inLanguage":"es","potentialAction":[{"@type":"ReadAction","target":["https:\/\/exaudi.org\/es\/ereccion-canonica-de-la-conferencia-eclesial-de-la-amazonia\/"]}]},{"@type":"ImageObject","inLanguage":"es","@id":"https:\/\/exaudi.org\/es\/ereccion-canonica-de-la-conferencia-eclesial-de-la-amazonia\/#primaryimage","url":"https:\/\/exaudi.org\/wp-content\/uploads\/2021\/10\/Sinodo-de-la-Amazonia.jpeg","contentUrl":"https:\/\/exaudi.org\/wp-content\/uploads\/2021\/10\/Sinodo-de-la-Amazonia.jpeg","width":1500,"height":844,"caption":"S\u00ednodo de la Amazon\u00eda \u00a9 Vatican Media"},{"@type":"BreadcrumbList","@id":"https:\/\/exaudi.org\/es\/ereccion-canonica-de-la-conferencia-eclesial-de-la-amazonia\/#breadcrumb","itemListElement":[{"@type":"ListItem","position":1,"name":"Portada","item":"https:\/\/exaudi.org\/es\/"},{"@type":"ListItem","position":2,"name":"Erecci\u00f3n can\u00f3nica de la Conferencia Eclesial de la Amazon\u00eda"}]},{"@type":"WebSite","@id":"https:\/\/exaudi.org\/#website","url":"https:\/\/exaudi.org\/","name":"Exaudi","description":"News","potentialAction":[{"@type":"SearchAction","target":{"@type":"EntryPoint","urlTemplate":"https:\/\/exaudi.org\/?s={search_term_string}"},"query-input":{"@type":"PropertyValueSpecification","valueRequired":true,"valueName":"search_term_string"}}],"inLanguage":"es"},{"@type":"Person","@id":"https:\/\/exaudi.org\/#\/schema\/person\/7d2f77db033c2c0929edfab6dbe8c588","name":"Larissa I. L\u00f3pez","image":{"@type":"ImageObject","inLanguage":"es","@id":"https:\/\/secure.gravatar.com\/avatar\/db3ef399ff343d0bb9d25dc5198bc8ece5ac6d621eca79876697a354dabc1e3f?s=96&d=mm&r=g","url":"https:\/\/secure.gravatar.com\/avatar\/db3ef399ff343d0bb9d25dc5198bc8ece5ac6d621eca79876697a354dabc1e3f?s=96&d=mm&r=g","contentUrl":"https:\/\/secure.gravatar.com\/avatar\/db3ef399ff343d0bb9d25dc5198bc8ece5ac6d621eca79876697a354dabc1e3f?s=96&d=mm&r=g","caption":"Larissa I. L\u00f3pez"},"description":"Doctora en Comunicaci\u00f3n. Mi trayectoria profesional ha transcurrido entre el \u00e1mbito de la comunicaci\u00f3n y el de la docencia. En los \u00faltimos a\u00f1os, he trabajado como coordinadora y redactora de la edici\u00f3n de ZENIT en espa\u00f1ol. Como profesora, he impartido clases en la universidad y en centros de FP y bachillerato. Cordobesa de nacimiento, tambi\u00e9n he vivido en Sevilla, Madrid y Roma","url":"https:\/\/exaudi.org\/es\/author\/llopezexaudi-org\/"}]}},"jetpack_featured_media_url":"https:\/\/exaudi.org\/wp-content\/uploads\/2021\/10\/Sinodo-de-la-Amazonia.jpeg","jetpack_shortlink":"https:\/\/wp.me\/pgKjF2-9GS","_links":{"self":[{"href":"https:\/\/exaudi.org\/es\/wp-json\/wp\/v2\/posts\/37254","targetHints":{"allow":["GET"]}}],"collection":[{"href":"https:\/\/exaudi.org\/es\/wp-json\/wp\/v2\/posts"}],"about":[{"href":"https:\/\/exaudi.org\/es\/wp-json\/wp\/v2\/types\/post"}],"author":[{"embeddable":true,"href":"https:\/\/exaudi.org\/es\/wp-json\/wp\/v2\/users\/5"}],"replies":[{"embeddable":true,"href":"https:\/\/exaudi.org\/es\/wp-json\/wp\/v2\/comments?post=37254"}],"version-history":[{"count":0,"href":"https:\/\/exaudi.org\/es\/wp-json\/wp\/v2\/posts\/37254\/revisions"}],"wp:featuredmedia":[{"embeddable":true,"href":"https:\/\/exaudi.org\/es\/wp-json\/wp\/v2\/media\/37255"}],"wp:attachment":[{"href":"https:\/\/exaudi.org\/es\/wp-json\/wp\/v2\/media?parent=37254"}],"wp:term":[{"taxonomy":"category","embeddable":true,"href":"https:\/\/exaudi.org\/es\/wp-json\/wp\/v2\/categories?post=37254"},{"taxonomy":"post_tag","embeddable":true,"href":"https:\/\/exaudi.org\/es\/wp-json\/wp\/v2\/tags?post=37254"}],"curies":[{"name":"wp","href":"https:\/\/api.w.org\/{rel}","templated":true}]}}