{"id":37189,"date":"2021-10-20T12:18:18","date_gmt":"2021-10-20T10:18:18","guid":{"rendered":"https:\/\/exaudi.wpengine.com\/?p=37189"},"modified":"2021-10-20T16:07:17","modified_gmt":"2021-10-20T14:07:17","slug":"leccion-libertad-ninos","status":"publish","type":"post","link":"https:\/\/exaudi.org\/es\/leccion-libertad-ninos\/","title":{"rendered":"La lecci\u00f3n de libertad de los ni\u00f1os"},"content":{"rendered":"<p>Al comenzar la <a href=\"https:\/\/exaudi.wpengine.com\/es\/el-papa-libertad-servicio-a-los-demas\/\" target=\"_blank\" rel=\"noopener\">audiencia general<\/a> de hoy, 20 de octubre de 2021, Pablo, de 10 a\u00f1os, se ha aproximado al Papa Francisco, quien ha resaltado la libertad, \u201cla valent\u00eda de acercarse al Se\u00f1or, de estar abiertos al Se\u00f1or, de no tener miedo del Se\u00f1or\u201d de los ni\u00f1os.<\/p>\n<p>El Santo Padre invit\u00f3 al chico a sentarse a su lado, ocupando el lugar de Mons. Sapienza, regente de la Casa Pontificia. Los aplausos comenzaron y Pablo se uni\u00f3 a ellos. Luego mir\u00f3 a su alrededor y se levant\u00f3 de nuevo, situ\u00e1ndose frente a Francisco, del que tom\u00f3 ambas manos saltando. Pablo pidi\u00f3 al regente de la Casa Pontificia y al orador en portugu\u00e9s el solideo del Papa, que le hab\u00eda llamado la atenci\u00f3n desde el principio y que finalmente consigui\u00f3. Tras abrazar al Papa, el ni\u00f1o fue acompa\u00f1ado de vuelta a su asiento por su madre, que hab\u00eda subido a buscarlo.<\/p>\n<p><img loading=\"lazy\" decoding=\"async\" class=\"size-medium wp-image-37193 alignleft\" src=\"https:\/\/exaudi.wpengine.com\/wp-content\/uploads\/2021\/10\/cq5dam.web_.800.800-1-4-300x200.jpeg\" alt=\"\" width=\"300\" height=\"200\" srcset=\"https:\/\/exaudi.org\/wp-content\/uploads\/2021\/10\/cq5dam.web_.800.800-1-4-300x200.jpeg 300w, https:\/\/exaudi.org\/wp-content\/uploads\/2021\/10\/cq5dam.web_.800.800-1-4-768x512.jpeg 768w, https:\/\/exaudi.org\/wp-content\/uploads\/2021\/10\/cq5dam.web_.800.800-1-4-150x100.jpeg 150w, https:\/\/exaudi.org\/wp-content\/uploads\/2021\/10\/cq5dam.web_.800.800-1-4-696x464.jpeg 696w, https:\/\/exaudi.org\/wp-content\/uploads\/2021\/10\/cq5dam.web_.800.800-1-4-630x420.jpeg 630w, https:\/\/exaudi.org\/wp-content\/uploads\/2021\/10\/cq5dam.web_.800.800-1-4.jpeg 800w\" sizes=\"auto, (max-width: 300px) 100vw, 300px\" \/><\/p>\n<p>Sobre esta an\u00e9cdota, Francisco coment\u00f3 \u201cme ha venido a la mente lo que Jes\u00fas dec\u00eda sobre la espontaneidad y la libertad de los ni\u00f1os, cuando este ni\u00f1o ha tenido la libertad de acercarse y moverse como si estuviera en su casa&#8230;\u201d. En este sentido, recuerda el Papa, \u201cJes\u00fas nos dice: \u2018Tambi\u00e9n vosotros, si no hac\u00e9is como los ni\u00f1os no entrar\u00e9is en el Reino de los Cielos\u2019. La valent\u00eda de acercarse al Se\u00f1or, de estar abiertos al Se\u00f1or, de no tener miedo del Se\u00f1or: yo doy las gracias a este ni\u00f1o por la lecci\u00f3n que nos ha dado a todos nosotros\u201d.<\/p>\n<p>\u201cY que el Se\u00f1or lo ayude en su limitaci\u00f3n, en su crecimiento porque ha dado este testimonio que le ha venido del coraz\u00f3n. Los ni\u00f1os no tienen un traductor autom\u00e1tico del coraz\u00f3n a la vida: el coraz\u00f3n va adelante\u201d, concluy\u00f3.<\/p>\n<p>El Pont\u00edice ha continuado este mi\u00e9rcoles con el ciclo de catequesis sobre la<a href=\"https:\/\/www.vatican.va\/archive\/ESL0506\/_PYT.HTM\" target=\"_blank\" rel=\"noopener\"> carta a los G\u00e1latas<\/a> del ap\u00f3stol Pablo, centrando su meditaci\u00f3n en el tema: \u201cLa libertad se realiza en la verdad\u201d (cf. Lectura: G\u00e1l 5, 13-14). En ella ha explicado que \u201cla verdadera libertad \u2014la libertad en Cristo\u2014 no busca el propio inter\u00e9s, sino que est\u00e1 guiada por el amor y se expresa en el servicio a los dem\u00e1s. Somos verdaderamente libres cuando amamos y servimos gratuitamente a quienes nos rodean, de modo particular a los pobres\u201d.<\/p>\n","protected":false},"excerpt":{"rendered":"<p>Pablo se acerc\u00f3 espont\u00e1neamente a Francisco durante la audiencia general<\/p>\n","protected":false},"author":5,"featured_media":37196,"comment_status":"open","ping_status":"open","sticky":false,"template":"","format":"standard","meta":{"_acf_changed":false,"_crdt_document":"","inline_featured_image":false,"footnotes":""},"categories":[112],"tags":[179,2419,1542,1196,158],"class_list":["post-37189","post","type-post","status-publish","format-standard","has-post-thumbnail","hentry","category-audiencia-general","tag-audiencia-general","tag-featured","tag-libertad","tag-ninos","tag-papa-francisco"],"acf":[],"yoast_head":"<!-- This site is optimized with the Yoast SEO plugin v27.5 - https:\/\/yoast.com\/product\/yoast-seo-wordpress\/ -->\n<title>La lecci\u00f3n de libertad de los ni\u00f1os &#8211; Exaudi<\/title>\n<meta name=\"description\" content=\"El Papa ha resaltado la libertad, \u201cla valent\u00eda de acercarse al Se\u00f1or, de estar abiertos al Se\u00f1or, de no tener miedo del Se\u00f1or\u201d de los ni\u00f1os\" \/>\n<meta name=\"robots\" content=\"index, follow, max-snippet:-1, max-image-preview:large, max-video-preview:-1\" \/>\n<link rel=\"canonical\" href=\"https:\/\/exaudi.org\/es\/leccion-libertad-ninos\/\" \/>\n<meta property=\"og:locale\" content=\"es_ES\" \/>\n<meta property=\"og:type\" content=\"article\" \/>\n<meta property=\"og:title\" content=\"La lecci\u00f3n de libertad de los ni\u00f1os &#8211; Exaudi\" \/>\n<meta property=\"og:description\" content=\"El Papa ha resaltado la libertad, \u201cla valent\u00eda de acercarse al Se\u00f1or, de estar abiertos al Se\u00f1or, de no tener miedo del Se\u00f1or\u201d de los ni\u00f1os\" \/>\n<meta property=\"og:url\" content=\"https:\/\/exaudi.org\/es\/leccion-libertad-ninos\/\" \/>\n<meta property=\"og:site_name\" content=\"Exaudi\" \/>\n<meta property=\"article:publisher\" content=\"https:\/\/www.facebook.com\/ExaudiNews\" \/>\n<meta property=\"article:published_time\" content=\"2021-10-20T10:18:18+00:00\" \/>\n<meta property=\"article:modified_time\" content=\"2021-10-20T14:07:17+00:00\" \/>\n<meta property=\"og:image\" content=\"https:\/\/exaudi.org\/wp-content\/uploads\/2021\/10\/cq5dam.web_.800.800-2-2.jpeg\" \/>\n\t<meta property=\"og:image:width\" content=\"800\" \/>\n\t<meta property=\"og:image:height\" content=\"533\" \/>\n\t<meta property=\"og:image:type\" content=\"image\/jpeg\" \/>\n<meta name=\"author\" content=\"Larissa I. L\u00f3pez\" \/>\n<meta name=\"twitter:card\" content=\"summary_large_image\" \/>\n<meta name=\"twitter:creator\" content=\"@Exaudi_News\" \/>\n<meta name=\"twitter:site\" content=\"@Exaudi_News\" \/>\n<meta name=\"twitter:label1\" content=\"Escrito por\" \/>\n\t<meta name=\"twitter:data1\" content=\"Larissa I. L\u00f3pez\" \/>\n\t<meta name=\"twitter:label2\" content=\"Tiempo de lectura\" \/>\n\t<meta name=\"twitter:data2\" content=\"2 minutos\" \/>\n<script type=\"application\/ld+json\" class=\"yoast-schema-graph\">{\"@context\":\"https:\\\/\\\/schema.org\",\"@graph\":[{\"@type\":\"Article\",\"@id\":\"https:\\\/\\\/exaudi.org\\\/es\\\/leccion-libertad-ninos\\\/#article\",\"isPartOf\":{\"@id\":\"https:\\\/\\\/exaudi.org\\\/es\\\/leccion-libertad-ninos\\\/\"},\"author\":{\"name\":\"Larissa I. L\u00f3pez\",\"@id\":\"https:\\\/\\\/exaudi.org\\\/#\\\/schema\\\/person\\\/7d2f77db033c2c0929edfab6dbe8c588\"},\"headline\":\"La lecci\u00f3n de libertad de los ni\u00f1os\",\"datePublished\":\"2021-10-20T10:18:18+00:00\",\"dateModified\":\"2021-10-20T14:07:17+00:00\",\"mainEntityOfPage\":{\"@id\":\"https:\\\/\\\/exaudi.org\\\/es\\\/leccion-libertad-ninos\\\/\"},\"wordCount\":427,\"commentCount\":0,\"image\":{\"@id\":\"https:\\\/\\\/exaudi.org\\\/es\\\/leccion-libertad-ninos\\\/#primaryimage\"},\"thumbnailUrl\":\"https:\\\/\\\/exaudi.org\\\/wp-content\\\/uploads\\\/2021\\\/10\\\/cq5dam.web_.800.800-2-2.jpeg\",\"keywords\":[\"audiencia general\",\"Featured\",\"Libertad\",\"Ni\u00f1os\",\"papa francisco\"],\"articleSection\":[\"Audiencia General\"],\"inLanguage\":\"es\",\"potentialAction\":[{\"@type\":\"CommentAction\",\"name\":\"Comment\",\"target\":[\"https:\\\/\\\/exaudi.org\\\/es\\\/leccion-libertad-ninos\\\/#respond\"]}]},{\"@type\":\"WebPage\",\"@id\":\"https:\\\/\\\/exaudi.org\\\/es\\\/leccion-libertad-ninos\\\/\",\"url\":\"https:\\\/\\\/exaudi.org\\\/es\\\/leccion-libertad-ninos\\\/\",\"name\":\"La lecci\u00f3n de libertad de los ni\u00f1os &#8211; Exaudi\",\"isPartOf\":{\"@id\":\"https:\\\/\\\/exaudi.org\\\/#website\"},\"primaryImageOfPage\":{\"@id\":\"https:\\\/\\\/exaudi.org\\\/es\\\/leccion-libertad-ninos\\\/#primaryimage\"},\"image\":{\"@id\":\"https:\\\/\\\/exaudi.org\\\/es\\\/leccion-libertad-ninos\\\/#primaryimage\"},\"thumbnailUrl\":\"https:\\\/\\\/exaudi.org\\\/wp-content\\\/uploads\\\/2021\\\/10\\\/cq5dam.web_.800.800-2-2.jpeg\",\"datePublished\":\"2021-10-20T10:18:18+00:00\",\"dateModified\":\"2021-10-20T14:07:17+00:00\",\"author\":{\"@id\":\"https:\\\/\\\/exaudi.org\\\/#\\\/schema\\\/person\\\/7d2f77db033c2c0929edfab6dbe8c588\"},\"description\":\"El Papa ha resaltado la libertad, \u201cla valent\u00eda de acercarse al Se\u00f1or, de estar abiertos al Se\u00f1or, de no tener miedo del Se\u00f1or\u201d de los ni\u00f1os\",\"breadcrumb\":{\"@id\":\"https:\\\/\\\/exaudi.org\\\/es\\\/leccion-libertad-ninos\\\/#breadcrumb\"},\"inLanguage\":\"es\",\"potentialAction\":[{\"@type\":\"ReadAction\",\"target\":[\"https:\\\/\\\/exaudi.org\\\/es\\\/leccion-libertad-ninos\\\/\"]}]},{\"@type\":\"ImageObject\",\"inLanguage\":\"es\",\"@id\":\"https:\\\/\\\/exaudi.org\\\/es\\\/leccion-libertad-ninos\\\/#primaryimage\",\"url\":\"https:\\\/\\\/exaudi.org\\\/wp-content\\\/uploads\\\/2021\\\/10\\\/cq5dam.web_.800.800-2-2.jpeg\",\"contentUrl\":\"https:\\\/\\\/exaudi.org\\\/wp-content\\\/uploads\\\/2021\\\/10\\\/cq5dam.web_.800.800-2-2.jpeg\",\"width\":800,\"height\":533,\"caption\":\"Audiencia general, 20 octubre 2021 \u00a9 Vatican Media\"},{\"@type\":\"BreadcrumbList\",\"@id\":\"https:\\\/\\\/exaudi.org\\\/es\\\/leccion-libertad-ninos\\\/#breadcrumb\",\"itemListElement\":[{\"@type\":\"ListItem\",\"position\":1,\"name\":\"Portada\",\"item\":\"https:\\\/\\\/exaudi.org\\\/es\\\/\"},{\"@type\":\"ListItem\",\"position\":2,\"name\":\"La lecci\u00f3n de libertad de los ni\u00f1os\"}]},{\"@type\":\"WebSite\",\"@id\":\"https:\\\/\\\/exaudi.org\\\/#website\",\"url\":\"https:\\\/\\\/exaudi.org\\\/\",\"name\":\"Exaudi\",\"description\":\"News\",\"potentialAction\":[{\"@type\":\"SearchAction\",\"target\":{\"@type\":\"EntryPoint\",\"urlTemplate\":\"https:\\\/\\\/exaudi.org\\\/?s={search_term_string}\"},\"query-input\":{\"@type\":\"PropertyValueSpecification\",\"valueRequired\":true,\"valueName\":\"search_term_string\"}}],\"inLanguage\":\"es\"},{\"@type\":\"Person\",\"@id\":\"https:\\\/\\\/exaudi.org\\\/#\\\/schema\\\/person\\\/7d2f77db033c2c0929edfab6dbe8c588\",\"name\":\"Larissa I. L\u00f3pez\",\"image\":{\"@type\":\"ImageObject\",\"inLanguage\":\"es\",\"@id\":\"https:\\\/\\\/secure.gravatar.com\\\/avatar\\\/db3ef399ff343d0bb9d25dc5198bc8ece5ac6d621eca79876697a354dabc1e3f?s=96&d=mm&r=g\",\"url\":\"https:\\\/\\\/secure.gravatar.com\\\/avatar\\\/db3ef399ff343d0bb9d25dc5198bc8ece5ac6d621eca79876697a354dabc1e3f?s=96&d=mm&r=g\",\"contentUrl\":\"https:\\\/\\\/secure.gravatar.com\\\/avatar\\\/db3ef399ff343d0bb9d25dc5198bc8ece5ac6d621eca79876697a354dabc1e3f?s=96&d=mm&r=g\",\"caption\":\"Larissa I. L\u00f3pez\"},\"description\":\"Doctora en Comunicaci\u00f3n. Mi trayectoria profesional ha transcurrido entre el \u00e1mbito de la comunicaci\u00f3n y el de la docencia. En los \u00faltimos a\u00f1os, he trabajado como coordinadora y redactora de la edici\u00f3n de ZENIT en espa\u00f1ol. Como profesora, he impartido clases en la universidad y en centros de FP y bachillerato. Cordobesa de nacimiento, tambi\u00e9n he vivido en Sevilla, Madrid y Roma\",\"url\":\"https:\\\/\\\/exaudi.org\\\/es\\\/author\\\/llopezexaudi-org\\\/\"}]}<\/script>\n<!-- \/ Yoast SEO plugin. -->","yoast_head_json":{"title":"La lecci\u00f3n de libertad de los ni\u00f1os &#8211; Exaudi","description":"El Papa ha resaltado la libertad, \u201cla valent\u00eda de acercarse al Se\u00f1or, de estar abiertos al Se\u00f1or, de no tener miedo del Se\u00f1or\u201d de los ni\u00f1os","robots":{"index":"index","follow":"follow","max-snippet":"max-snippet:-1","max-image-preview":"max-image-preview:large","max-video-preview":"max-video-preview:-1"},"canonical":"https:\/\/exaudi.org\/es\/leccion-libertad-ninos\/","og_locale":"es_ES","og_type":"article","og_title":"La lecci\u00f3n de libertad de los ni\u00f1os &#8211; Exaudi","og_description":"El Papa ha resaltado la libertad, \u201cla valent\u00eda de acercarse al Se\u00f1or, de estar abiertos al Se\u00f1or, de no tener miedo del Se\u00f1or\u201d de los ni\u00f1os","og_url":"https:\/\/exaudi.org\/es\/leccion-libertad-ninos\/","og_site_name":"Exaudi","article_publisher":"https:\/\/www.facebook.com\/ExaudiNews","article_published_time":"2021-10-20T10:18:18+00:00","article_modified_time":"2021-10-20T14:07:17+00:00","og_image":[{"width":800,"height":533,"url":"https:\/\/exaudi.org\/wp-content\/uploads\/2021\/10\/cq5dam.web_.800.800-2-2.jpeg","type":"image\/jpeg"}],"author":"Larissa I. L\u00f3pez","twitter_card":"summary_large_image","twitter_creator":"@Exaudi_News","twitter_site":"@Exaudi_News","twitter_misc":{"Escrito por":"Larissa I. L\u00f3pez","Tiempo de lectura":"2 minutos"},"schema":{"@context":"https:\/\/schema.org","@graph":[{"@type":"Article","@id":"https:\/\/exaudi.org\/es\/leccion-libertad-ninos\/#article","isPartOf":{"@id":"https:\/\/exaudi.org\/es\/leccion-libertad-ninos\/"},"author":{"name":"Larissa I. L\u00f3pez","@id":"https:\/\/exaudi.org\/#\/schema\/person\/7d2f77db033c2c0929edfab6dbe8c588"},"headline":"La lecci\u00f3n de libertad de los ni\u00f1os","datePublished":"2021-10-20T10:18:18+00:00","dateModified":"2021-10-20T14:07:17+00:00","mainEntityOfPage":{"@id":"https:\/\/exaudi.org\/es\/leccion-libertad-ninos\/"},"wordCount":427,"commentCount":0,"image":{"@id":"https:\/\/exaudi.org\/es\/leccion-libertad-ninos\/#primaryimage"},"thumbnailUrl":"https:\/\/exaudi.org\/wp-content\/uploads\/2021\/10\/cq5dam.web_.800.800-2-2.jpeg","keywords":["audiencia general","Featured","Libertad","Ni\u00f1os","papa francisco"],"articleSection":["Audiencia General"],"inLanguage":"es","potentialAction":[{"@type":"CommentAction","name":"Comment","target":["https:\/\/exaudi.org\/es\/leccion-libertad-ninos\/#respond"]}]},{"@type":"WebPage","@id":"https:\/\/exaudi.org\/es\/leccion-libertad-ninos\/","url":"https:\/\/exaudi.org\/es\/leccion-libertad-ninos\/","name":"La lecci\u00f3n de libertad de los ni\u00f1os &#8211; Exaudi","isPartOf":{"@id":"https:\/\/exaudi.org\/#website"},"primaryImageOfPage":{"@id":"https:\/\/exaudi.org\/es\/leccion-libertad-ninos\/#primaryimage"},"image":{"@id":"https:\/\/exaudi.org\/es\/leccion-libertad-ninos\/#primaryimage"},"thumbnailUrl":"https:\/\/exaudi.org\/wp-content\/uploads\/2021\/10\/cq5dam.web_.800.800-2-2.jpeg","datePublished":"2021-10-20T10:18:18+00:00","dateModified":"2021-10-20T14:07:17+00:00","author":{"@id":"https:\/\/exaudi.org\/#\/schema\/person\/7d2f77db033c2c0929edfab6dbe8c588"},"description":"El Papa ha resaltado la libertad, \u201cla valent\u00eda de acercarse al Se\u00f1or, de estar abiertos al Se\u00f1or, de no tener miedo del Se\u00f1or\u201d de los ni\u00f1os","breadcrumb":{"@id":"https:\/\/exaudi.org\/es\/leccion-libertad-ninos\/#breadcrumb"},"inLanguage":"es","potentialAction":[{"@type":"ReadAction","target":["https:\/\/exaudi.org\/es\/leccion-libertad-ninos\/"]}]},{"@type":"ImageObject","inLanguage":"es","@id":"https:\/\/exaudi.org\/es\/leccion-libertad-ninos\/#primaryimage","url":"https:\/\/exaudi.org\/wp-content\/uploads\/2021\/10\/cq5dam.web_.800.800-2-2.jpeg","contentUrl":"https:\/\/exaudi.org\/wp-content\/uploads\/2021\/10\/cq5dam.web_.800.800-2-2.jpeg","width":800,"height":533,"caption":"Audiencia general, 20 octubre 2021 \u00a9 Vatican Media"},{"@type":"BreadcrumbList","@id":"https:\/\/exaudi.org\/es\/leccion-libertad-ninos\/#breadcrumb","itemListElement":[{"@type":"ListItem","position":1,"name":"Portada","item":"https:\/\/exaudi.org\/es\/"},{"@type":"ListItem","position":2,"name":"La lecci\u00f3n de libertad de los ni\u00f1os"}]},{"@type":"WebSite","@id":"https:\/\/exaudi.org\/#website","url":"https:\/\/exaudi.org\/","name":"Exaudi","description":"News","potentialAction":[{"@type":"SearchAction","target":{"@type":"EntryPoint","urlTemplate":"https:\/\/exaudi.org\/?s={search_term_string}"},"query-input":{"@type":"PropertyValueSpecification","valueRequired":true,"valueName":"search_term_string"}}],"inLanguage":"es"},{"@type":"Person","@id":"https:\/\/exaudi.org\/#\/schema\/person\/7d2f77db033c2c0929edfab6dbe8c588","name":"Larissa I. L\u00f3pez","image":{"@type":"ImageObject","inLanguage":"es","@id":"https:\/\/secure.gravatar.com\/avatar\/db3ef399ff343d0bb9d25dc5198bc8ece5ac6d621eca79876697a354dabc1e3f?s=96&d=mm&r=g","url":"https:\/\/secure.gravatar.com\/avatar\/db3ef399ff343d0bb9d25dc5198bc8ece5ac6d621eca79876697a354dabc1e3f?s=96&d=mm&r=g","contentUrl":"https:\/\/secure.gravatar.com\/avatar\/db3ef399ff343d0bb9d25dc5198bc8ece5ac6d621eca79876697a354dabc1e3f?s=96&d=mm&r=g","caption":"Larissa I. L\u00f3pez"},"description":"Doctora en Comunicaci\u00f3n. Mi trayectoria profesional ha transcurrido entre el \u00e1mbito de la comunicaci\u00f3n y el de la docencia. En los \u00faltimos a\u00f1os, he trabajado como coordinadora y redactora de la edici\u00f3n de ZENIT en espa\u00f1ol. Como profesora, he impartido clases en la universidad y en centros de FP y bachillerato. Cordobesa de nacimiento, tambi\u00e9n he vivido en Sevilla, Madrid y Roma","url":"https:\/\/exaudi.org\/es\/author\/llopezexaudi-org\/"}]}},"jetpack_featured_media_url":"https:\/\/exaudi.org\/wp-content\/uploads\/2021\/10\/cq5dam.web_.800.800-2-2.jpeg","jetpack_shortlink":"https:\/\/wp.me\/pgKjF2-9FP","_links":{"self":[{"href":"https:\/\/exaudi.org\/es\/wp-json\/wp\/v2\/posts\/37189","targetHints":{"allow":["GET"]}}],"collection":[{"href":"https:\/\/exaudi.org\/es\/wp-json\/wp\/v2\/posts"}],"about":[{"href":"https:\/\/exaudi.org\/es\/wp-json\/wp\/v2\/types\/post"}],"author":[{"embeddable":true,"href":"https:\/\/exaudi.org\/es\/wp-json\/wp\/v2\/users\/5"}],"replies":[{"embeddable":true,"href":"https:\/\/exaudi.org\/es\/wp-json\/wp\/v2\/comments?post=37189"}],"version-history":[{"count":0,"href":"https:\/\/exaudi.org\/es\/wp-json\/wp\/v2\/posts\/37189\/revisions"}],"wp:featuredmedia":[{"embeddable":true,"href":"https:\/\/exaudi.org\/es\/wp-json\/wp\/v2\/media\/37196"}],"wp:attachment":[{"href":"https:\/\/exaudi.org\/es\/wp-json\/wp\/v2\/media?parent=37189"}],"wp:term":[{"taxonomy":"category","embeddable":true,"href":"https:\/\/exaudi.org\/es\/wp-json\/wp\/v2\/categories?post=37189"},{"taxonomy":"post_tag","embeddable":true,"href":"https:\/\/exaudi.org\/es\/wp-json\/wp\/v2\/tags?post=37189"}],"curies":[{"name":"wp","href":"https:\/\/api.w.org\/{rel}","templated":true}]}}